{"id":212477,"date":"2026-03-03T20:59:51","date_gmt":"2026-03-04T00:59:51","guid":{"rendered":"https:\/\/potenciaradiofonicadominicana.com\/portal\/?p=212477"},"modified":"2026-03-03T20:59:51","modified_gmt":"2026-03-04T00:59:51","slug":"profar-se-enfrenta-a-suspension-de-162-partidos-por-segundo-positivo-a-prueba","status":"publish","type":"post","link":"https:\/\/potenciaradiofonicadominicana.com\/portal\/profar-se-enfrenta-a-suspension-de-162-partidos-por-segundo-positivo-a-prueba\/","title":{"rendered":"Profar se enfrenta a suspensi\u00f3n de 162 partidos por segundo positivo a prueba"},"content":{"rendered":"<p><a href=\"https:\/\/potenciaradiofonicadominicana.com\/portal\/wp-content\/uploads\/2026\/03\/26576807.webp\"><img loading=\"lazy\" decoding=\"async\" class=\"alignnone size-full wp-image-212478\" src=\"https:\/\/potenciaradiofonicadominicana.com\/portal\/wp-content\/uploads\/2026\/03\/26576807.webp\" alt=\"\" width=\"900\" height=\"600\" srcset=\"https:\/\/potenciaradiofonicadominicana.com\/portal\/wp-content\/uploads\/2026\/03\/26576807.webp 900w, https:\/\/potenciaradiofonicadominicana.com\/portal\/wp-content\/uploads\/2026\/03\/26576807-300x200.webp 300w, https:\/\/potenciaradiofonicadominicana.com\/portal\/wp-content\/uploads\/2026\/03\/26576807-768x512.webp 768w\" sizes=\"auto, (max-width: 900px) 100vw, 900px\" \/><\/a><\/p>\n<p>El curazole\u00f1o Jurickson Profar, bateador designado de los Bravos de Atlanta, enfrenta una suspensi\u00f3n de 162 juegos tras dar positivo por una sustancia para mejorar el rendimiento por segunda vez en el \u00faltimo a\u00f1o, report\u00f3 el martes Jeff Passan, de ESPN citando fuentes.<\/p>\n<p>Profar, de 33 a\u00f1os, ser\u00eda el sexto jugador en recibir una suspensi\u00f3n de 162 juegos por uso de sustancias para mejorar el rendimiento desde que Grandes Ligas aument\u00f3 la sanci\u00f3n a una temporada completa para quienes la hayan infringido dos veces en 2014.<\/p>\n<p>El jugador de las antillas menores perder\u00e1 la totalidad de su salario de 15 millones de d\u00f3lares y no podr\u00e1 participar en la postemporada. Profar tampoco podr\u00e1 participar en el pr\u00f3ximo Cl\u00e1sico Mundial de B\u00e9isbol, donde ten\u00eda previsto representar a los Pa\u00edses Bajos, dentro del grupo D con la Rep\u00fablica Dominicana, Israel, Nicaragua y Venezuela.<\/p>\n<p>Seg\u00fan varios informes, Profar tiene la intenci\u00f3n de solicitar al sindicato de jugadores de la MLB que presente una queja ante el \u00e1rbitro independiente Martin F. Scheinman para apelar cualquier sanci\u00f3n.<\/p>\n<p>La temporada 2025 tambi\u00e9n tuvo un comienzo desfavorable con la suspensi\u00f3n de 80 partidos de Profar el 31 de marzo por gonadotropina cori\u00f3nica humana, una hormona que se produce durante el embarazo y que puede estimular la producci\u00f3n de testosterona.<\/p>\n<p>Max Kepler se convierte en el primer pelotero europeo que es suspendido por dopaje en la MLB<br \/>\nBonds no se libra de la sombra del dopaje<br \/>\nLibreta Deportiva<br \/>\nBonds no se libra de la sombra del dopaje<br \/>\nLa MLB acorrala el dopaje con castigo al bolsillo y el disparo de las pruebas<br \/>\nB\u00e9isbol<br \/>\nLa MLB acorrala el dopaje con castigo al bolsillo y el disparo de las pruebas<br \/>\nTras dicha suspensi\u00f3n, Profar declar\u00f3: \u00abDebido a mi profundo amor y respeto por este deporte, jam\u00e1s har\u00eda nada para enga\u00f1arlo a sabiendas\u00bb. En un comunicado, los Bravos manifestaron entonces estar \u00absorprendidos y extremadamente decepcionados\u00bb, pero que \u00abapoyan plenamente el programa y esperan que Jurickson aprenda de esta experiencia\u00bb.<\/p>\n<p>Atlanta firm\u00f3 a Profar con un contrato de tres a\u00f1os y 42 millones de d\u00f3lares el pasado enero, tras su gran temporada con los Padres de San Diego.<br \/>\nSu suspensi\u00f3n se produjo tras el cuarto partido de la temporada y, tras regresar a principios de julio, bate\u00f3 .245\/.353\/.434 con 14 jonrones y 43 carreras impulsadas jugando en el jard\u00edn izquierdo.<\/p>\n<p>Tras una cirug\u00eda de hernia deportiva en la pretemporada, se esperaba que Profar pasara a ser bateador designado y bateara en la parte superior de la alineaci\u00f3n de los Bravos, quiz\u00e1s en el segundo puesto, detr\u00e1s del ex Jugador M\u00e1s Valioso de la Liga Nacional Ronald Acu\u00f1a Jr.<\/p>\n<p>Complicaciones<br \/>\nSi bien Atlanta tiene amplias opciones para completar su alineaci\u00f3n (el eventual regreso del receptor Sean Murphy permitir\u00e1 al actual Novato del A\u00f1o, Drake Baldwin, pasar un tiempo en un rol exclusivamente de bateo), la ausencia de Profar aumenta a\u00fan m\u00e1s la responsabilidad de producir en el primera base Matt Olson, el tercera base Austin Riley, el segunda base Ozzie Albies, el jardinero central Michael Harris II y el agente libre Mike Yastrzemski.<\/p>\n<p>Profar, quien fuera el prospecto n\u00famero uno del b\u00e9isbol, debut\u00f3 a los 19 a\u00f1os con Texas y pas\u00f3 m\u00e1s tiempo en la lista de lesionados que en el campo durante sus primeras cinco temporadas. Tras alternar entre Oakland, San Diego y Colorado, regres\u00f3 a los Padres en 2024 y bate\u00f3 .280\/.380\/.459, estableciendo mejores marcas personales en jonrones (24) y carreras impulsadas (85).<\/p>\n<p>Bajan los fallos<br \/>\nLas suspensiones por sustancias prohibidas a jugadores de Grandes Ligas han disminuido en los \u00faltimos a\u00f1os, con solo dos el a\u00f1o pasado (Profar y el relevista de Filadelfia, Jos\u00e9 Alvarado) y cinco en los \u00faltimos tres a\u00f1os. El jardinero Max Kepler, agente libre, fue suspendido 80 juegos en enero por una infracci\u00f3n que cometi\u00f3 por primera vez.<\/p>\n<p>El \u00faltimo jugador suspendido 162 juegos fue el relevista de Milwaukee, J.C. Mej\u00eda, en septiembre de 2023. Desde entonces, no ha jugado b\u00e9isbol afiliado.<br \/>\nOtros jugadores con 162 partidos de sanci\u00f3n incluyen a Robinson Can\u00f3 (2020), Francis Martes (2020), Marlon Byrd (2016) y Jenrry Mej\u00eda (2015), quien posteriormente dio positivo por tercera vez y sigue siendo el \u00fanico jugador suspendido de por vida por infracciones relacionadas con sustancias prohibidas.<\/p>\n<p>Profar tiene un a\u00f1o y 15 millones de d\u00f3lares restantes en su contrato despu\u00e9s de esta temporada.<\/p>\n","protected":false},"excerpt":{"rendered":"<p>El curazole\u00f1o Jurickson Profar, bateador designado de los Bravos de Atlanta, enfrenta una suspensi\u00f3n de 162 juegos tras dar positivo &#8230;<\/p>\n","protected":false},"author":2,"featured_media":212478,"comment_status":"closed","ping_status":"closed","sticky":false,"template":"","format":"standard","meta":{"footnotes":""},"categories":[28],"tags":[],"class_list":["post-212477","post","type-post","status-publish","format-standard","has-post-thumbnail","hentry","category-deportes"],"yoast_head":"<!-- This site is optimized with the Yoast SEO plugin v24.8.1 - https:\/\/yoast.com\/wordpress\/plugins\/seo\/ -->\n<title>Profar se enfrenta a suspensi\u00f3n de 162 partidos por segundo positivo a prueba - PotenciaRadiofonicaDominicana.com<\/title>\n<meta name=\"robots\" content=\"index, follow, max-snippet:-1, max-image-preview:large, max-video-preview:-1\" \/>\n<link rel=\"canonical\" href=\"https:\/\/potenciaradiofonicadominicana.com\/portal\/profar-se-enfrenta-a-suspension-de-162-partidos-por-segundo-positivo-a-prueba\/\" \/>\n<meta property=\"og:locale\" content=\"es_ES\" \/>\n<meta property=\"og:type\" content=\"article\" \/>\n<meta property=\"og:title\" content=\"Profar se enfrenta a suspensi\u00f3n de 162 partidos por segundo positivo a prueba - PotenciaRadiofonicaDominicana.com\" \/>\n<meta property=\"og:description\" content=\"El curazole\u00f1o Jurickson Profar, bateador designado de los Bravos de Atlanta, enfrenta una suspensi\u00f3n de 162 juegos tras dar positivo ...\" \/>\n<meta property=\"og:url\" content=\"https:\/\/potenciaradiofonicadominicana.com\/portal\/profar-se-enfrenta-a-suspension-de-162-partidos-por-segundo-positivo-a-prueba\/\" \/>\n<meta property=\"og:site_name\" content=\"PotenciaRadiofonicaDominicana.com\" \/>\n<meta property=\"article:publisher\" content=\"https:\/\/web.facebook.com\/PotenciaRadiofonicaD\" \/>\n<meta property=\"article:published_time\" content=\"2026-03-04T00:59:51+00:00\" \/>\n<meta property=\"og:image\" content=\"https:\/\/potenciaradiofonicadominicana.com\/portal\/wp-content\/uploads\/2026\/03\/26576807.webp\" \/>\n\t<meta property=\"og:image:width\" content=\"900\" \/>\n\t<meta property=\"og:image:height\" content=\"600\" \/>\n\t<meta property=\"og:image:type\" content=\"image\/webp\" \/>\n<meta name=\"author\" content=\"Potencia Radiof\u00f3nica Dominicana\" \/>\n<meta name=\"twitter:card\" content=\"summary_large_image\" \/>\n<meta name=\"twitter:label1\" content=\"Escrito por\" \/>\n\t<meta name=\"twitter:data1\" content=\"Potencia Radiof\u00f3nica Dominicana\" \/>\n\t<meta name=\"twitter:label2\" content=\"Tiempo de lectura\" \/>\n\t<meta name=\"twitter:data2\" content=\"4 minutos\" \/>\n<script type=\"application\/ld+json\" class=\"yoast-schema-graph\">{\"@context\":\"https:\/\/schema.org\",\"@graph\":[{\"@type\":\"Article\",\"@id\":\"https:\/\/potenciaradiofonicadominicana.com\/portal\/profar-se-enfrenta-a-suspension-de-162-partidos-por-segundo-positivo-a-prueba\/#article\",\"isPartOf\":{\"@id\":\"https:\/\/potenciaradiofonicadominicana.com\/portal\/profar-se-enfrenta-a-suspension-de-162-partidos-por-segundo-positivo-a-prueba\/\"},\"author\":{\"name\":\"Potencia Radiof\u00f3nica Dominicana\",\"@id\":\"https:\/\/potenciaradiofonicadominicana.com\/portal\/#\/schema\/person\/a5cf1fea13877803ee0573ac18b03490\"},\"headline\":\"Profar se enfrenta a suspensi\u00f3n de 162 partidos por segundo positivo a prueba\",\"datePublished\":\"2026-03-04T00:59:51+00:00\",\"mainEntityOfPage\":{\"@id\":\"https:\/\/potenciaradiofonicadominicana.com\/portal\/profar-se-enfrenta-a-suspension-de-162-partidos-por-segundo-positivo-a-prueba\/\"},\"wordCount\":761,\"publisher\":{\"@id\":\"https:\/\/potenciaradiofonicadominicana.com\/portal\/#organization\"},\"image\":{\"@id\":\"https:\/\/potenciaradiofonicadominicana.com\/portal\/profar-se-enfrenta-a-suspension-de-162-partidos-por-segundo-positivo-a-prueba\/#primaryimage\"},\"thumbnailUrl\":\"https:\/\/potenciaradiofonicadominicana.com\/portal\/wp-content\/uploads\/2026\/03\/26576807.webp\",\"articleSection\":[\"Deportes\"],\"inLanguage\":\"es\"},{\"@type\":\"WebPage\",\"@id\":\"https:\/\/potenciaradiofonicadominicana.com\/portal\/profar-se-enfrenta-a-suspension-de-162-partidos-por-segundo-positivo-a-prueba\/\",\"url\":\"https:\/\/potenciaradiofonicadominicana.com\/portal\/profar-se-enfrenta-a-suspension-de-162-partidos-por-segundo-positivo-a-prueba\/\",\"name\":\"Profar se enfrenta a suspensi\u00f3n de 162 partidos por segundo positivo a prueba - PotenciaRadiofonicaDominicana.com\",\"isPartOf\":{\"@id\":\"https:\/\/potenciaradiofonicadominicana.com\/portal\/#website\"},\"primaryImageOfPage\":{\"@id\":\"https:\/\/potenciaradiofonicadominicana.com\/portal\/profar-se-enfrenta-a-suspension-de-162-partidos-por-segundo-positivo-a-prueba\/#primaryimage\"},\"image\":{\"@id\":\"https:\/\/potenciaradiofonicadominicana.com\/portal\/profar-se-enfrenta-a-suspension-de-162-partidos-por-segundo-positivo-a-prueba\/#primaryimage\"},\"thumbnailUrl\":\"https:\/\/potenciaradiofonicadominicana.com\/portal\/wp-content\/uploads\/2026\/03\/26576807.webp\",\"datePublished\":\"2026-03-04T00:59:51+00:00\",\"breadcrumb\":{\"@id\":\"https:\/\/potenciaradiofonicadominicana.com\/portal\/profar-se-enfrenta-a-suspension-de-162-partidos-por-segundo-positivo-a-prueba\/#breadcrumb\"},\"inLanguage\":\"es\",\"potentialAction\":[{\"@type\":\"ReadAction\",\"target\":[\"https:\/\/potenciaradiofonicadominicana.com\/portal\/profar-se-enfrenta-a-suspension-de-162-partidos-por-segundo-positivo-a-prueba\/\"]}]},{\"@type\":\"ImageObject\",\"inLanguage\":\"es\",\"@id\":\"https:\/\/potenciaradiofonicadominicana.com\/portal\/profar-se-enfrenta-a-suspension-de-162-partidos-por-segundo-positivo-a-prueba\/#primaryimage\",\"url\":\"https:\/\/potenciaradiofonicadominicana.com\/portal\/wp-content\/uploads\/2026\/03\/26576807.webp\",\"contentUrl\":\"https:\/\/potenciaradiofonicadominicana.com\/portal\/wp-content\/uploads\/2026\/03\/26576807.webp\",\"width\":900,\"height\":600},{\"@type\":\"BreadcrumbList\",\"@id\":\"https:\/\/potenciaradiofonicadominicana.com\/portal\/profar-se-enfrenta-a-suspension-de-162-partidos-por-segundo-positivo-a-prueba\/#breadcrumb\",\"itemListElement\":[{\"@type\":\"ListItem\",\"position\":1,\"name\":\"Portada\",\"item\":\"https:\/\/potenciaradiofonicadominicana.com\/portal\/\"},{\"@type\":\"ListItem\",\"position\":2,\"name\":\"Profar se enfrenta a suspensi\u00f3n de 162 partidos por segundo positivo a prueba\"}]},{\"@type\":\"WebSite\",\"@id\":\"https:\/\/potenciaradiofonicadominicana.com\/portal\/#website\",\"url\":\"https:\/\/potenciaradiofonicadominicana.com\/portal\/\",\"name\":\"PotenciaRadiofonicaDominicana.com\",\"description\":\"Peri\u00f3dico Digital\",\"publisher\":{\"@id\":\"https:\/\/potenciaradiofonicadominicana.com\/portal\/#organization\"},\"potentialAction\":[{\"@type\":\"SearchAction\",\"target\":{\"@type\":\"EntryPoint\",\"urlTemplate\":\"https:\/\/potenciaradiofonicadominicana.com\/portal\/?s={search_term_string}\"},\"query-input\":{\"@type\":\"PropertyValueSpecification\",\"valueRequired\":true,\"valueName\":\"search_term_string\"}}],\"inLanguage\":\"es\"},{\"@type\":\"Organization\",\"@id\":\"https:\/\/potenciaradiofonicadominicana.com\/portal\/#organization\",\"name\":\"PotenciaRadiofonicaDominicana.com\",\"url\":\"https:\/\/potenciaradiofonicadominicana.com\/portal\/\",\"logo\":{\"@type\":\"ImageObject\",\"inLanguage\":\"es\",\"@id\":\"https:\/\/potenciaradiofonicadominicana.com\/portal\/#\/schema\/logo\/image\/\",\"url\":\"https:\/\/potenciaradiofonicadominicana.com\/portal\/wp-content\/uploads\/2022\/01\/descarga.png\",\"contentUrl\":\"https:\/\/potenciaradiofonicadominicana.com\/portal\/wp-content\/uploads\/2022\/01\/descarga.png\",\"width\":300,\"height\":100,\"caption\":\"PotenciaRadiofonicaDominicana.com\"},\"image\":{\"@id\":\"https:\/\/potenciaradiofonicadominicana.com\/portal\/#\/schema\/logo\/image\/\"},\"sameAs\":[\"https:\/\/web.facebook.com\/PotenciaRadiofonicaD\"]},{\"@type\":\"Person\",\"@id\":\"https:\/\/potenciaradiofonicadominicana.com\/portal\/#\/schema\/person\/a5cf1fea13877803ee0573ac18b03490\",\"name\":\"Potencia Radiof\u00f3nica Dominicana\",\"image\":{\"@type\":\"ImageObject\",\"inLanguage\":\"es\",\"@id\":\"https:\/\/potenciaradiofonicadominicana.com\/portal\/#\/schema\/person\/image\/\",\"url\":\"https:\/\/secure.gravatar.com\/avatar\/42a55ab9e8ccc656ba34cd791990602a?s=96&d=mm&r=g\",\"contentUrl\":\"https:\/\/secure.gravatar.com\/avatar\/42a55ab9e8ccc656ba34cd791990602a?s=96&d=mm&r=g\",\"caption\":\"Potencia Radiof\u00f3nica Dominicana\"},\"url\":\"https:\/\/potenciaradiofonicadominicana.com\/portal\/author\/johannyalmanzar\/\"}]}<\/script>\n<!-- \/ Yoast SEO plugin. -->","yoast_head_json":{"title":"Profar se enfrenta a suspensi\u00f3n de 162 partidos por segundo positivo a prueba - PotenciaRadiofonicaDominicana.com","robots":{"index":"index","follow":"follow","max-snippet":"max-snippet:-1","max-image-preview":"max-image-preview:large","max-video-preview":"max-video-preview:-1"},"canonical":"https:\/\/potenciaradiofonicadominicana.com\/portal\/profar-se-enfrenta-a-suspension-de-162-partidos-por-segundo-positivo-a-prueba\/","og_locale":"es_ES","og_type":"article","og_title":"Profar se enfrenta a suspensi\u00f3n de 162 partidos por segundo positivo a prueba - PotenciaRadiofonicaDominicana.com","og_description":"El curazole\u00f1o Jurickson Profar, bateador designado de los Bravos de Atlanta, enfrenta una suspensi\u00f3n de 162 juegos tras dar positivo ...","og_url":"https:\/\/potenciaradiofonicadominicana.com\/portal\/profar-se-enfrenta-a-suspension-de-162-partidos-por-segundo-positivo-a-prueba\/","og_site_name":"PotenciaRadiofonicaDominicana.com","article_publisher":"https:\/\/web.facebook.com\/PotenciaRadiofonicaD","article_published_time":"2026-03-04T00:59:51+00:00","og_image":[{"width":900,"height":600,"url":"https:\/\/potenciaradiofonicadominicana.com\/portal\/wp-content\/uploads\/2026\/03\/26576807.webp","type":"image\/webp"}],"author":"Potencia Radiof\u00f3nica Dominicana","twitter_card":"summary_large_image","twitter_misc":{"Escrito por":"Potencia Radiof\u00f3nica Dominicana","Tiempo de lectura":"4 minutos"},"schema":{"@context":"https:\/\/schema.org","@graph":[{"@type":"Article","@id":"https:\/\/potenciaradiofonicadominicana.com\/portal\/profar-se-enfrenta-a-suspension-de-162-partidos-por-segundo-positivo-a-prueba\/#article","isPartOf":{"@id":"https:\/\/potenciaradiofonicadominicana.com\/portal\/profar-se-enfrenta-a-suspension-de-162-partidos-por-segundo-positivo-a-prueba\/"},"author":{"name":"Potencia Radiof\u00f3nica Dominicana","@id":"https:\/\/potenciaradiofonicadominicana.com\/portal\/#\/schema\/person\/a5cf1fea13877803ee0573ac18b03490"},"headline":"Profar se enfrenta a suspensi\u00f3n de 162 partidos por segundo positivo a prueba","datePublished":"2026-03-04T00:59:51+00:00","mainEntityOfPage":{"@id":"https:\/\/potenciaradiofonicadominicana.com\/portal\/profar-se-enfrenta-a-suspension-de-162-partidos-por-segundo-positivo-a-prueba\/"},"wordCount":761,"publisher":{"@id":"https:\/\/potenciaradiofonicadominicana.com\/portal\/#organization"},"image":{"@id":"https:\/\/potenciaradiofonicadominicana.com\/portal\/profar-se-enfrenta-a-suspension-de-162-partidos-por-segundo-positivo-a-prueba\/#primaryimage"},"thumbnailUrl":"https:\/\/potenciaradiofonicadominicana.com\/portal\/wp-content\/uploads\/2026\/03\/26576807.webp","articleSection":["Deportes"],"inLanguage":"es"},{"@type":"WebPage","@id":"https:\/\/potenciaradiofonicadominicana.com\/portal\/profar-se-enfrenta-a-suspension-de-162-partidos-por-segundo-positivo-a-prueba\/","url":"https:\/\/potenciaradiofonicadominicana.com\/portal\/profar-se-enfrenta-a-suspension-de-162-partidos-por-segundo-positivo-a-prueba\/","name":"Profar se enfrenta a suspensi\u00f3n de 162 partidos por segundo positivo a prueba - PotenciaRadiofonicaDominicana.com","isPartOf":{"@id":"https:\/\/potenciaradiofonicadominicana.com\/portal\/#website"},"primaryImageOfPage":{"@id":"https:\/\/potenciaradiofonicadominicana.com\/portal\/profar-se-enfrenta-a-suspension-de-162-partidos-por-segundo-positivo-a-prueba\/#primaryimage"},"image":{"@id":"https:\/\/potenciaradiofonicadominicana.com\/portal\/profar-se-enfrenta-a-suspension-de-162-partidos-por-segundo-positivo-a-prueba\/#primaryimage"},"thumbnailUrl":"https:\/\/potenciaradiofonicadominicana.com\/portal\/wp-content\/uploads\/2026\/03\/26576807.webp","datePublished":"2026-03-04T00:59:51+00:00","breadcrumb":{"@id":"https:\/\/potenciaradiofonicadominicana.com\/portal\/profar-se-enfrenta-a-suspension-de-162-partidos-por-segundo-positivo-a-prueba\/#breadcrumb"},"inLanguage":"es","potentialAction":[{"@type":"ReadAction","target":["https:\/\/potenciaradiofonicadominicana.com\/portal\/profar-se-enfrenta-a-suspension-de-162-partidos-por-segundo-positivo-a-prueba\/"]}]},{"@type":"ImageObject","inLanguage":"es","@id":"https:\/\/potenciaradiofonicadominicana.com\/portal\/profar-se-enfrenta-a-suspension-de-162-partidos-por-segundo-positivo-a-prueba\/#primaryimage","url":"https:\/\/potenciaradiofonicadominicana.com\/portal\/wp-content\/uploads\/2026\/03\/26576807.webp","contentUrl":"https:\/\/potenciaradiofonicadominicana.com\/portal\/wp-content\/uploads\/2026\/03\/26576807.webp","width":900,"height":600},{"@type":"BreadcrumbList","@id":"https:\/\/potenciaradiofonicadominicana.com\/portal\/profar-se-enfrenta-a-suspension-de-162-partidos-por-segundo-positivo-a-prueba\/#breadcrumb","itemListElement":[{"@type":"ListItem","position":1,"name":"Portada","item":"https:\/\/potenciaradiofonicadominicana.com\/portal\/"},{"@type":"ListItem","position":2,"name":"Profar se enfrenta a suspensi\u00f3n de 162 partidos por segundo positivo a prueba"}]},{"@type":"WebSite","@id":"https:\/\/potenciaradiofonicadominicana.com\/portal\/#website","url":"https:\/\/potenciaradiofonicadominicana.com\/portal\/","name":"PotenciaRadiofonicaDominicana.com","description":"Peri\u00f3dico Digital","publisher":{"@id":"https:\/\/potenciaradiofonicadominicana.com\/portal\/#organization"},"potentialAction":[{"@type":"SearchAction","target":{"@type":"EntryPoint","urlTemplate":"https:\/\/potenciaradiofonicadominicana.com\/portal\/?s={search_term_string}"},"query-input":{"@type":"PropertyValueSpecification","valueRequired":true,"valueName":"search_term_string"}}],"inLanguage":"es"},{"@type":"Organization","@id":"https:\/\/potenciaradiofonicadominicana.com\/portal\/#organization","name":"PotenciaRadiofonicaDominicana.com","url":"https:\/\/potenciaradiofonicadominicana.com\/portal\/","logo":{"@type":"ImageObject","inLanguage":"es","@id":"https:\/\/potenciaradiofonicadominicana.com\/portal\/#\/schema\/logo\/image\/","url":"https:\/\/potenciaradiofonicadominicana.com\/portal\/wp-content\/uploads\/2022\/01\/descarga.png","contentUrl":"https:\/\/potenciaradiofonicadominicana.com\/portal\/wp-content\/uploads\/2022\/01\/descarga.png","width":300,"height":100,"caption":"PotenciaRadiofonicaDominicana.com"},"image":{"@id":"https:\/\/potenciaradiofonicadominicana.com\/portal\/#\/schema\/logo\/image\/"},"sameAs":["https:\/\/web.facebook.com\/PotenciaRadiofonicaD"]},{"@type":"Person","@id":"https:\/\/potenciaradiofonicadominicana.com\/portal\/#\/schema\/person\/a5cf1fea13877803ee0573ac18b03490","name":"Potencia Radiof\u00f3nica Dominicana","image":{"@type":"ImageObject","inLanguage":"es","@id":"https:\/\/potenciaradiofonicadominicana.com\/portal\/#\/schema\/person\/image\/","url":"https:\/\/secure.gravatar.com\/avatar\/42a55ab9e8ccc656ba34cd791990602a?s=96&d=mm&r=g","contentUrl":"https:\/\/secure.gravatar.com\/avatar\/42a55ab9e8ccc656ba34cd791990602a?s=96&d=mm&r=g","caption":"Potencia Radiof\u00f3nica Dominicana"},"url":"https:\/\/potenciaradiofonicadominicana.com\/portal\/author\/johannyalmanzar\/"}]}},"_links":{"self":[{"href":"https:\/\/potenciaradiofonicadominicana.com\/portal\/wp-json\/wp\/v2\/posts\/212477","targetHints":{"allow":["GET"]}}],"collection":[{"href":"https:\/\/potenciaradiofonicadominicana.com\/portal\/wp-json\/wp\/v2\/posts"}],"about":[{"href":"https:\/\/potenciaradiofonicadominicana.com\/portal\/wp-json\/wp\/v2\/types\/post"}],"author":[{"embeddable":true,"href":"https:\/\/potenciaradiofonicadominicana.com\/portal\/wp-json\/wp\/v2\/users\/2"}],"replies":[{"embeddable":true,"href":"https:\/\/potenciaradiofonicadominicana.com\/portal\/wp-json\/wp\/v2\/comments?post=212477"}],"version-history":[{"count":1,"href":"https:\/\/potenciaradiofonicadominicana.com\/portal\/wp-json\/wp\/v2\/posts\/212477\/revisions"}],"predecessor-version":[{"id":212479,"href":"https:\/\/potenciaradiofonicadominicana.com\/portal\/wp-json\/wp\/v2\/posts\/212477\/revisions\/212479"}],"wp:featuredmedia":[{"embeddable":true,"href":"https:\/\/potenciaradiofonicadominicana.com\/portal\/wp-json\/wp\/v2\/media\/212478"}],"wp:attachment":[{"href":"https:\/\/potenciaradiofonicadominicana.com\/portal\/wp-json\/wp\/v2\/media?parent=212477"}],"wp:term":[{"taxonomy":"category","embeddable":true,"href":"https:\/\/potenciaradiofonicadominicana.com\/portal\/wp-json\/wp\/v2\/categories?post=212477"},{"taxonomy":"post_tag","embeddable":true,"href":"https:\/\/potenciaradiofonicadominicana.com\/portal\/wp-json\/wp\/v2\/tags?post=212477"}],"curies":[{"name":"wp","href":"https:\/\/api.w.org\/{rel}","templated":true}]}}