{"id":212471,"date":"2026-03-03T20:56:16","date_gmt":"2026-03-04T00:56:16","guid":{"rendered":"https:\/\/potenciaradiofonicadominicana.com\/portal\/?p=212471"},"modified":"2026-03-03T20:56:16","modified_gmt":"2026-03-04T00:56:16","slug":"comisionado-de-mlb-resalta-apoyo-de-presidente-abinader-al-beisbol","status":"publish","type":"post","link":"https:\/\/potenciaradiofonicadominicana.com\/portal\/comisionado-de-mlb-resalta-apoyo-de-presidente-abinader-al-beisbol\/","title":{"rendered":"Comisionado de MLB resalta apoyo de presidente Abinader al b\u00e9isbol"},"content":{"rendered":"<p><a href=\"https:\/\/potenciaradiofonicadominicana.com\/portal\/wp-content\/uploads\/2026\/03\/Presidente-Abinader-se-reune-con-Comisionado-MLB-refuerzan-compromiso-de-apoyo-al-beisbol-en-RD.jpeg\"><img loading=\"lazy\" decoding=\"async\" class=\"alignnone size-full wp-image-212472\" src=\"https:\/\/potenciaradiofonicadominicana.com\/portal\/wp-content\/uploads\/2026\/03\/Presidente-Abinader-se-reune-con-Comisionado-MLB-refuerzan-compromiso-de-apoyo-al-beisbol-en-RD.jpeg\" alt=\"\" width=\"1300\" height=\"764\" srcset=\"https:\/\/potenciaradiofonicadominicana.com\/portal\/wp-content\/uploads\/2026\/03\/Presidente-Abinader-se-reune-con-Comisionado-MLB-refuerzan-compromiso-de-apoyo-al-beisbol-en-RD.jpeg 1300w, https:\/\/potenciaradiofonicadominicana.com\/portal\/wp-content\/uploads\/2026\/03\/Presidente-Abinader-se-reune-con-Comisionado-MLB-refuerzan-compromiso-de-apoyo-al-beisbol-en-RD-300x176.jpeg 300w, https:\/\/potenciaradiofonicadominicana.com\/portal\/wp-content\/uploads\/2026\/03\/Presidente-Abinader-se-reune-con-Comisionado-MLB-refuerzan-compromiso-de-apoyo-al-beisbol-en-RD-1024x602.jpeg 1024w, https:\/\/potenciaradiofonicadominicana.com\/portal\/wp-content\/uploads\/2026\/03\/Presidente-Abinader-se-reune-con-Comisionado-MLB-refuerzan-compromiso-de-apoyo-al-beisbol-en-RD-768x451.jpeg 768w\" sizes=\"auto, (max-width: 1300px) 100vw, 1300px\" \/><\/a><\/p>\n<p>El comisionado de las Grandes Ligas,\u00a0<strong>Rob Manfred<\/strong>, hizo acto de presencia este martes en el\u00a0<strong>Estadio Quisqueya Juan Marichal<\/strong>\u00a0para presenciar el partido de exhibici\u00f3n entre la selecci\u00f3n de la Rep\u00fablica Dominicana y los\u00a0<strong>Detroit Tigers<\/strong>.<\/p>\n<p>Durante su visita, el principal ejecutivo de\u00a0<strong>Major League Baseball<\/strong>\u00a0destac\u00f3 el entusiasmo del p\u00fablico dominicano y reiter\u00f3 el inter\u00e9s de MLB en seguir fortaleciendo su presencia en el pa\u00eds.<\/p>\n<h2 class=\"wp-block-heading\">Apoyo de Luis Abinader<\/h2>\n<p>Asimismo, Manfred elogi\u00f3 el respaldo brindado por el presidente de la Rep\u00fablica,\u00a0<strong>Luis Abinader<\/strong>, en materia de desarrollo y apoyo al b\u00e9isbol.<\/p>\n<p>\u201cNo le podemos pedir m\u00e1s al presidente, nos ha apoyado en todo lo que le hemos solicitado\u201d, afirm\u00f3.<\/p>\n<p>El comisionado tambi\u00e9n inform\u00f3 que la iniciativa de celebrar esta serie de exhibici\u00f3n en suelo dominicano surgi\u00f3 a ra\u00edz de una propuesta del exjugador y actual ejecutivo\u00a0<strong>Nelson Cruz<\/strong>, quien ha sido un impulsor clave para fortalecer los lazos entre MLB y la Rep\u00fablica Dominicana.<\/p>\n<figure class=\"wp-block-image size-large\"><img loading=\"lazy\" decoding=\"async\" class=\"wp-image-1870008\" src=\"https:\/\/eldia.com.do\/wp-content\/uploads\/2026\/03\/08d90003-ef5f-4ad4-99e4-651c17a5ea34-1024x768.jpg\" sizes=\"auto, (max-width: 1024px) 100vw, 1024px\" srcset=\"https:\/\/eldia.com.do\/wp-content\/uploads\/2026\/03\/08d90003-ef5f-4ad4-99e4-651c17a5ea34-1024x768.jpg 1024w, https:\/\/eldia.com.do\/wp-content\/uploads\/2026\/03\/08d90003-ef5f-4ad4-99e4-651c17a5ea34-300x225.jpg 300w, https:\/\/eldia.com.do\/wp-content\/uploads\/2026\/03\/08d90003-ef5f-4ad4-99e4-651c17a5ea34-768x576.jpg 768w, https:\/\/eldia.com.do\/wp-content\/uploads\/2026\/03\/08d90003-ef5f-4ad4-99e4-651c17a5ea34-1536x1152.jpg 1536w, https:\/\/eldia.com.do\/wp-content\/uploads\/2026\/03\/08d90003-ef5f-4ad4-99e4-651c17a5ea34-150x113.jpg 150w, https:\/\/eldia.com.do\/wp-content\/uploads\/2026\/03\/08d90003-ef5f-4ad4-99e4-651c17a5ea34-600x450.jpg 600w, https:\/\/eldia.com.do\/wp-content\/uploads\/2026\/03\/08d90003-ef5f-4ad4-99e4-651c17a5ea34-900x675.jpg 900w, https:\/\/eldia.com.do\/wp-content\/uploads\/2026\/03\/08d90003-ef5f-4ad4-99e4-651c17a5ea34-1200x900.jpg 1200w, https:\/\/eldia.com.do\/wp-content\/uploads\/2026\/03\/08d90003-ef5f-4ad4-99e4-651c17a5ea34.jpg 1600w\" alt=\"\" width=\"1024\" height=\"768\" \/><\/figure>\n<p>La presencia de Manfred en el Quisqueya reafirma la importancia del pa\u00eds en el escenario internacional del b\u00e9isbol y abre la puerta a futuras oportunidades para que la fanaticada local disfrute de eventos oficiales de Grandes Ligas en casa.<\/p>\n<h2 class=\"wp-block-heading\">Nuevo estadio<\/h2>\n<p>Manfred revel\u00f3 que, de contar con un estadio moderno y con las condiciones requeridas por la liga, existir\u00eda mayor facilidad para que la Rep\u00fablica Dominicana pueda albergar partidos oficiales de serie regular, as\u00ed como encuentros del\u00a0<strong>World Baseball Classic<\/strong>\u00a0en futuras ediciones.<\/p>\n<p>\u201cEl b\u00e9isbol es parte esencial de la cultura dominicana. Si se dan las condiciones de infraestructura adecuadas, ser\u00eda m\u00e1s viable traer eventos oficiales de MLB\u201d, expres\u00f3 el comisionado.<\/p>\n","protected":false},"excerpt":{"rendered":"<p>El comisionado de las Grandes Ligas,\u00a0Rob Manfred, hizo acto de presencia este martes en el\u00a0Estadio Quisqueya Juan Marichal\u00a0para presenciar el &#8230;<\/p>\n","protected":false},"author":2,"featured_media":212472,"comment_status":"closed","ping_status":"closed","sticky":false,"template":"","format":"standard","meta":{"footnotes":""},"categories":[28],"tags":[],"class_list":["post-212471","post","type-post","status-publish","format-standard","has-post-thumbnail","hentry","category-deportes"],"yoast_head":"<!-- This site is optimized with the Yoast SEO plugin v24.8.1 - https:\/\/yoast.com\/wordpress\/plugins\/seo\/ -->\n<title>Comisionado de MLB resalta apoyo de presidente Abinader al b\u00e9isbol - PotenciaRadiofonicaDominicana.com<\/title>\n<meta name=\"robots\" content=\"index, follow, max-snippet:-1, max-image-preview:large, max-video-preview:-1\" \/>\n<link rel=\"canonical\" href=\"https:\/\/potenciaradiofonicadominicana.com\/portal\/comisionado-de-mlb-resalta-apoyo-de-presidente-abinader-al-beisbol\/\" \/>\n<meta property=\"og:locale\" content=\"es_ES\" \/>\n<meta property=\"og:type\" content=\"article\" \/>\n<meta property=\"og:title\" content=\"Comisionado de MLB resalta apoyo de presidente Abinader al b\u00e9isbol - PotenciaRadiofonicaDominicana.com\" \/>\n<meta property=\"og:description\" content=\"El comisionado de las Grandes Ligas,\u00a0Rob Manfred, hizo acto de presencia este martes en el\u00a0Estadio Quisqueya Juan Marichal\u00a0para presenciar el ...\" \/>\n<meta property=\"og:url\" content=\"https:\/\/potenciaradiofonicadominicana.com\/portal\/comisionado-de-mlb-resalta-apoyo-de-presidente-abinader-al-beisbol\/\" \/>\n<meta property=\"og:site_name\" content=\"PotenciaRadiofonicaDominicana.com\" \/>\n<meta property=\"article:publisher\" content=\"https:\/\/web.facebook.com\/PotenciaRadiofonicaD\" \/>\n<meta property=\"article:published_time\" content=\"2026-03-04T00:56:16+00:00\" \/>\n<meta property=\"og:image\" content=\"https:\/\/potenciaradiofonicadominicana.com\/portal\/wp-content\/uploads\/2026\/03\/Presidente-Abinader-se-reune-con-Comisionado-MLB-refuerzan-compromiso-de-apoyo-al-beisbol-en-RD.jpeg\" \/>\n\t<meta property=\"og:image:width\" content=\"1300\" \/>\n\t<meta property=\"og:image:height\" content=\"764\" \/>\n\t<meta property=\"og:image:type\" content=\"image\/jpeg\" \/>\n<meta name=\"author\" content=\"Potencia Radiof\u00f3nica Dominicana\" \/>\n<meta name=\"twitter:card\" content=\"summary_large_image\" \/>\n<meta name=\"twitter:label1\" content=\"Escrito por\" \/>\n\t<meta name=\"twitter:data1\" content=\"Potencia Radiof\u00f3nica Dominicana\" \/>\n\t<meta name=\"twitter:label2\" content=\"Tiempo de lectura\" \/>\n\t<meta name=\"twitter:data2\" content=\"2 minutos\" \/>\n<script type=\"application\/ld+json\" class=\"yoast-schema-graph\">{\"@context\":\"https:\/\/schema.org\",\"@graph\":[{\"@type\":\"Article\",\"@id\":\"https:\/\/potenciaradiofonicadominicana.com\/portal\/comisionado-de-mlb-resalta-apoyo-de-presidente-abinader-al-beisbol\/#article\",\"isPartOf\":{\"@id\":\"https:\/\/potenciaradiofonicadominicana.com\/portal\/comisionado-de-mlb-resalta-apoyo-de-presidente-abinader-al-beisbol\/\"},\"author\":{\"name\":\"Potencia Radiof\u00f3nica Dominicana\",\"@id\":\"https:\/\/potenciaradiofonicadominicana.com\/portal\/#\/schema\/person\/a5cf1fea13877803ee0573ac18b03490\"},\"headline\":\"Comisionado de MLB resalta apoyo de presidente Abinader al b\u00e9isbol\",\"datePublished\":\"2026-03-04T00:56:16+00:00\",\"mainEntityOfPage\":{\"@id\":\"https:\/\/potenciaradiofonicadominicana.com\/portal\/comisionado-de-mlb-resalta-apoyo-de-presidente-abinader-al-beisbol\/\"},\"wordCount\":298,\"publisher\":{\"@id\":\"https:\/\/potenciaradiofonicadominicana.com\/portal\/#organization\"},\"image\":{\"@id\":\"https:\/\/potenciaradiofonicadominicana.com\/portal\/comisionado-de-mlb-resalta-apoyo-de-presidente-abinader-al-beisbol\/#primaryimage\"},\"thumbnailUrl\":\"https:\/\/potenciaradiofonicadominicana.com\/portal\/wp-content\/uploads\/2026\/03\/Presidente-Abinader-se-reune-con-Comisionado-MLB-refuerzan-compromiso-de-apoyo-al-beisbol-en-RD.jpeg\",\"articleSection\":[\"Deportes\"],\"inLanguage\":\"es\"},{\"@type\":\"WebPage\",\"@id\":\"https:\/\/potenciaradiofonicadominicana.com\/portal\/comisionado-de-mlb-resalta-apoyo-de-presidente-abinader-al-beisbol\/\",\"url\":\"https:\/\/potenciaradiofonicadominicana.com\/portal\/comisionado-de-mlb-resalta-apoyo-de-presidente-abinader-al-beisbol\/\",\"name\":\"Comisionado de MLB resalta apoyo de presidente Abinader al b\u00e9isbol - PotenciaRadiofonicaDominicana.com\",\"isPartOf\":{\"@id\":\"https:\/\/potenciaradiofonicadominicana.com\/portal\/#website\"},\"primaryImageOfPage\":{\"@id\":\"https:\/\/potenciaradiofonicadominicana.com\/portal\/comisionado-de-mlb-resalta-apoyo-de-presidente-abinader-al-beisbol\/#primaryimage\"},\"image\":{\"@id\":\"https:\/\/potenciaradiofonicadominicana.com\/portal\/comisionado-de-mlb-resalta-apoyo-de-presidente-abinader-al-beisbol\/#primaryimage\"},\"thumbnailUrl\":\"https:\/\/potenciaradiofonicadominicana.com\/portal\/wp-content\/uploads\/2026\/03\/Presidente-Abinader-se-reune-con-Comisionado-MLB-refuerzan-compromiso-de-apoyo-al-beisbol-en-RD.jpeg\",\"datePublished\":\"2026-03-04T00:56:16+00:00\",\"breadcrumb\":{\"@id\":\"https:\/\/potenciaradiofonicadominicana.com\/portal\/comisionado-de-mlb-resalta-apoyo-de-presidente-abinader-al-beisbol\/#breadcrumb\"},\"inLanguage\":\"es\",\"potentialAction\":[{\"@type\":\"ReadAction\",\"target\":[\"https:\/\/potenciaradiofonicadominicana.com\/portal\/comisionado-de-mlb-resalta-apoyo-de-presidente-abinader-al-beisbol\/\"]}]},{\"@type\":\"ImageObject\",\"inLanguage\":\"es\",\"@id\":\"https:\/\/potenciaradiofonicadominicana.com\/portal\/comisionado-de-mlb-resalta-apoyo-de-presidente-abinader-al-beisbol\/#primaryimage\",\"url\":\"https:\/\/potenciaradiofonicadominicana.com\/portal\/wp-content\/uploads\/2026\/03\/Presidente-Abinader-se-reune-con-Comisionado-MLB-refuerzan-compromiso-de-apoyo-al-beisbol-en-RD.jpeg\",\"contentUrl\":\"https:\/\/potenciaradiofonicadominicana.com\/portal\/wp-content\/uploads\/2026\/03\/Presidente-Abinader-se-reune-con-Comisionado-MLB-refuerzan-compromiso-de-apoyo-al-beisbol-en-RD.jpeg\",\"width\":1300,\"height\":764},{\"@type\":\"BreadcrumbList\",\"@id\":\"https:\/\/potenciaradiofonicadominicana.com\/portal\/comisionado-de-mlb-resalta-apoyo-de-presidente-abinader-al-beisbol\/#breadcrumb\",\"itemListElement\":[{\"@type\":\"ListItem\",\"position\":1,\"name\":\"Portada\",\"item\":\"https:\/\/potenciaradiofonicadominicana.com\/portal\/\"},{\"@type\":\"ListItem\",\"position\":2,\"name\":\"Comisionado de MLB resalta apoyo de presidente Abinader al b\u00e9isbol\"}]},{\"@type\":\"WebSite\",\"@id\":\"https:\/\/potenciaradiofonicadominicana.com\/portal\/#website\",\"url\":\"https:\/\/potenciaradiofonicadominicana.com\/portal\/\",\"name\":\"PotenciaRadiofonicaDominicana.com\",\"description\":\"Peri\u00f3dico Digital\",\"publisher\":{\"@id\":\"https:\/\/potenciaradiofonicadominicana.com\/portal\/#organization\"},\"potentialAction\":[{\"@type\":\"SearchAction\",\"target\":{\"@type\":\"EntryPoint\",\"urlTemplate\":\"https:\/\/potenciaradiofonicadominicana.com\/portal\/?s={search_term_string}\"},\"query-input\":{\"@type\":\"PropertyValueSpecification\",\"valueRequired\":true,\"valueName\":\"search_term_string\"}}],\"inLanguage\":\"es\"},{\"@type\":\"Organization\",\"@id\":\"https:\/\/potenciaradiofonicadominicana.com\/portal\/#organization\",\"name\":\"PotenciaRadiofonicaDominicana.com\",\"url\":\"https:\/\/potenciaradiofonicadominicana.com\/portal\/\",\"logo\":{\"@type\":\"ImageObject\",\"inLanguage\":\"es\",\"@id\":\"https:\/\/potenciaradiofonicadominicana.com\/portal\/#\/schema\/logo\/image\/\",\"url\":\"https:\/\/potenciaradiofonicadominicana.com\/portal\/wp-content\/uploads\/2022\/01\/descarga.png\",\"contentUrl\":\"https:\/\/potenciaradiofonicadominicana.com\/portal\/wp-content\/uploads\/2022\/01\/descarga.png\",\"width\":300,\"height\":100,\"caption\":\"PotenciaRadiofonicaDominicana.com\"},\"image\":{\"@id\":\"https:\/\/potenciaradiofonicadominicana.com\/portal\/#\/schema\/logo\/image\/\"},\"sameAs\":[\"https:\/\/web.facebook.com\/PotenciaRadiofonicaD\"]},{\"@type\":\"Person\",\"@id\":\"https:\/\/potenciaradiofonicadominicana.com\/portal\/#\/schema\/person\/a5cf1fea13877803ee0573ac18b03490\",\"name\":\"Potencia Radiof\u00f3nica Dominicana\",\"image\":{\"@type\":\"ImageObject\",\"inLanguage\":\"es\",\"@id\":\"https:\/\/potenciaradiofonicadominicana.com\/portal\/#\/schema\/person\/image\/\",\"url\":\"https:\/\/secure.gravatar.com\/avatar\/42a55ab9e8ccc656ba34cd791990602a?s=96&d=mm&r=g\",\"contentUrl\":\"https:\/\/secure.gravatar.com\/avatar\/42a55ab9e8ccc656ba34cd791990602a?s=96&d=mm&r=g\",\"caption\":\"Potencia Radiof\u00f3nica Dominicana\"},\"url\":\"https:\/\/potenciaradiofonicadominicana.com\/portal\/author\/johannyalmanzar\/\"}]}<\/script>\n<!-- \/ Yoast SEO plugin. -->","yoast_head_json":{"title":"Comisionado de MLB resalta apoyo de presidente Abinader al b\u00e9isbol - PotenciaRadiofonicaDominicana.com","robots":{"index":"index","follow":"follow","max-snippet":"max-snippet:-1","max-image-preview":"max-image-preview:large","max-video-preview":"max-video-preview:-1"},"canonical":"https:\/\/potenciaradiofonicadominicana.com\/portal\/comisionado-de-mlb-resalta-apoyo-de-presidente-abinader-al-beisbol\/","og_locale":"es_ES","og_type":"article","og_title":"Comisionado de MLB resalta apoyo de presidente Abinader al b\u00e9isbol - PotenciaRadiofonicaDominicana.com","og_description":"El comisionado de las Grandes Ligas,\u00a0Rob Manfred, hizo acto de presencia este martes en el\u00a0Estadio Quisqueya Juan Marichal\u00a0para presenciar el ...","og_url":"https:\/\/potenciaradiofonicadominicana.com\/portal\/comisionado-de-mlb-resalta-apoyo-de-presidente-abinader-al-beisbol\/","og_site_name":"PotenciaRadiofonicaDominicana.com","article_publisher":"https:\/\/web.facebook.com\/PotenciaRadiofonicaD","article_published_time":"2026-03-04T00:56:16+00:00","og_image":[{"width":1300,"height":764,"url":"https:\/\/potenciaradiofonicadominicana.com\/portal\/wp-content\/uploads\/2026\/03\/Presidente-Abinader-se-reune-con-Comisionado-MLB-refuerzan-compromiso-de-apoyo-al-beisbol-en-RD.jpeg","type":"image\/jpeg"}],"author":"Potencia Radiof\u00f3nica Dominicana","twitter_card":"summary_large_image","twitter_misc":{"Escrito por":"Potencia Radiof\u00f3nica Dominicana","Tiempo de lectura":"2 minutos"},"schema":{"@context":"https:\/\/schema.org","@graph":[{"@type":"Article","@id":"https:\/\/potenciaradiofonicadominicana.com\/portal\/comisionado-de-mlb-resalta-apoyo-de-presidente-abinader-al-beisbol\/#article","isPartOf":{"@id":"https:\/\/potenciaradiofonicadominicana.com\/portal\/comisionado-de-mlb-resalta-apoyo-de-presidente-abinader-al-beisbol\/"},"author":{"name":"Potencia Radiof\u00f3nica Dominicana","@id":"https:\/\/potenciaradiofonicadominicana.com\/portal\/#\/schema\/person\/a5cf1fea13877803ee0573ac18b03490"},"headline":"Comisionado de MLB resalta apoyo de presidente Abinader al b\u00e9isbol","datePublished":"2026-03-04T00:56:16+00:00","mainEntityOfPage":{"@id":"https:\/\/potenciaradiofonicadominicana.com\/portal\/comisionado-de-mlb-resalta-apoyo-de-presidente-abinader-al-beisbol\/"},"wordCount":298,"publisher":{"@id":"https:\/\/potenciaradiofonicadominicana.com\/portal\/#organization"},"image":{"@id":"https:\/\/potenciaradiofonicadominicana.com\/portal\/comisionado-de-mlb-resalta-apoyo-de-presidente-abinader-al-beisbol\/#primaryimage"},"thumbnailUrl":"https:\/\/potenciaradiofonicadominicana.com\/portal\/wp-content\/uploads\/2026\/03\/Presidente-Abinader-se-reune-con-Comisionado-MLB-refuerzan-compromiso-de-apoyo-al-beisbol-en-RD.jpeg","articleSection":["Deportes"],"inLanguage":"es"},{"@type":"WebPage","@id":"https:\/\/potenciaradiofonicadominicana.com\/portal\/comisionado-de-mlb-resalta-apoyo-de-presidente-abinader-al-beisbol\/","url":"https:\/\/potenciaradiofonicadominicana.com\/portal\/comisionado-de-mlb-resalta-apoyo-de-presidente-abinader-al-beisbol\/","name":"Comisionado de MLB resalta apoyo de presidente Abinader al b\u00e9isbol - PotenciaRadiofonicaDominicana.com","isPartOf":{"@id":"https:\/\/potenciaradiofonicadominicana.com\/portal\/#website"},"primaryImageOfPage":{"@id":"https:\/\/potenciaradiofonicadominicana.com\/portal\/comisionado-de-mlb-resalta-apoyo-de-presidente-abinader-al-beisbol\/#primaryimage"},"image":{"@id":"https:\/\/potenciaradiofonicadominicana.com\/portal\/comisionado-de-mlb-resalta-apoyo-de-presidente-abinader-al-beisbol\/#primaryimage"},"thumbnailUrl":"https:\/\/potenciaradiofonicadominicana.com\/portal\/wp-content\/uploads\/2026\/03\/Presidente-Abinader-se-reune-con-Comisionado-MLB-refuerzan-compromiso-de-apoyo-al-beisbol-en-RD.jpeg","datePublished":"2026-03-04T00:56:16+00:00","breadcrumb":{"@id":"https:\/\/potenciaradiofonicadominicana.com\/portal\/comisionado-de-mlb-resalta-apoyo-de-presidente-abinader-al-beisbol\/#breadcrumb"},"inLanguage":"es","potentialAction":[{"@type":"ReadAction","target":["https:\/\/potenciaradiofonicadominicana.com\/portal\/comisionado-de-mlb-resalta-apoyo-de-presidente-abinader-al-beisbol\/"]}]},{"@type":"ImageObject","inLanguage":"es","@id":"https:\/\/potenciaradiofonicadominicana.com\/portal\/comisionado-de-mlb-resalta-apoyo-de-presidente-abinader-al-beisbol\/#primaryimage","url":"https:\/\/potenciaradiofonicadominicana.com\/portal\/wp-content\/uploads\/2026\/03\/Presidente-Abinader-se-reune-con-Comisionado-MLB-refuerzan-compromiso-de-apoyo-al-beisbol-en-RD.jpeg","contentUrl":"https:\/\/potenciaradiofonicadominicana.com\/portal\/wp-content\/uploads\/2026\/03\/Presidente-Abinader-se-reune-con-Comisionado-MLB-refuerzan-compromiso-de-apoyo-al-beisbol-en-RD.jpeg","width":1300,"height":764},{"@type":"BreadcrumbList","@id":"https:\/\/potenciaradiofonicadominicana.com\/portal\/comisionado-de-mlb-resalta-apoyo-de-presidente-abinader-al-beisbol\/#breadcrumb","itemListElement":[{"@type":"ListItem","position":1,"name":"Portada","item":"https:\/\/potenciaradiofonicadominicana.com\/portal\/"},{"@type":"ListItem","position":2,"name":"Comisionado de MLB resalta apoyo de presidente Abinader al b\u00e9isbol"}]},{"@type":"WebSite","@id":"https:\/\/potenciaradiofonicadominicana.com\/portal\/#website","url":"https:\/\/potenciaradiofonicadominicana.com\/portal\/","name":"PotenciaRadiofonicaDominicana.com","description":"Peri\u00f3dico Digital","publisher":{"@id":"https:\/\/potenciaradiofonicadominicana.com\/portal\/#organization"},"potentialAction":[{"@type":"SearchAction","target":{"@type":"EntryPoint","urlTemplate":"https:\/\/potenciaradiofonicadominicana.com\/portal\/?s={search_term_string}"},"query-input":{"@type":"PropertyValueSpecification","valueRequired":true,"valueName":"search_term_string"}}],"inLanguage":"es"},{"@type":"Organization","@id":"https:\/\/potenciaradiofonicadominicana.com\/portal\/#organization","name":"PotenciaRadiofonicaDominicana.com","url":"https:\/\/potenciaradiofonicadominicana.com\/portal\/","logo":{"@type":"ImageObject","inLanguage":"es","@id":"https:\/\/potenciaradiofonicadominicana.com\/portal\/#\/schema\/logo\/image\/","url":"https:\/\/potenciaradiofonicadominicana.com\/portal\/wp-content\/uploads\/2022\/01\/descarga.png","contentUrl":"https:\/\/potenciaradiofonicadominicana.com\/portal\/wp-content\/uploads\/2022\/01\/descarga.png","width":300,"height":100,"caption":"PotenciaRadiofonicaDominicana.com"},"image":{"@id":"https:\/\/potenciaradiofonicadominicana.com\/portal\/#\/schema\/logo\/image\/"},"sameAs":["https:\/\/web.facebook.com\/PotenciaRadiofonicaD"]},{"@type":"Person","@id":"https:\/\/potenciaradiofonicadominicana.com\/portal\/#\/schema\/person\/a5cf1fea13877803ee0573ac18b03490","name":"Potencia Radiof\u00f3nica Dominicana","image":{"@type":"ImageObject","inLanguage":"es","@id":"https:\/\/potenciaradiofonicadominicana.com\/portal\/#\/schema\/person\/image\/","url":"https:\/\/secure.gravatar.com\/avatar\/42a55ab9e8ccc656ba34cd791990602a?s=96&d=mm&r=g","contentUrl":"https:\/\/secure.gravatar.com\/avatar\/42a55ab9e8ccc656ba34cd791990602a?s=96&d=mm&r=g","caption":"Potencia Radiof\u00f3nica Dominicana"},"url":"https:\/\/potenciaradiofonicadominicana.com\/portal\/author\/johannyalmanzar\/"}]}},"_links":{"self":[{"href":"https:\/\/potenciaradiofonicadominicana.com\/portal\/wp-json\/wp\/v2\/posts\/212471","targetHints":{"allow":["GET"]}}],"collection":[{"href":"https:\/\/potenciaradiofonicadominicana.com\/portal\/wp-json\/wp\/v2\/posts"}],"about":[{"href":"https:\/\/potenciaradiofonicadominicana.com\/portal\/wp-json\/wp\/v2\/types\/post"}],"author":[{"embeddable":true,"href":"https:\/\/potenciaradiofonicadominicana.com\/portal\/wp-json\/wp\/v2\/users\/2"}],"replies":[{"embeddable":true,"href":"https:\/\/potenciaradiofonicadominicana.com\/portal\/wp-json\/wp\/v2\/comments?post=212471"}],"version-history":[{"count":1,"href":"https:\/\/potenciaradiofonicadominicana.com\/portal\/wp-json\/wp\/v2\/posts\/212471\/revisions"}],"predecessor-version":[{"id":212473,"href":"https:\/\/potenciaradiofonicadominicana.com\/portal\/wp-json\/wp\/v2\/posts\/212471\/revisions\/212473"}],"wp:featuredmedia":[{"embeddable":true,"href":"https:\/\/potenciaradiofonicadominicana.com\/portal\/wp-json\/wp\/v2\/media\/212472"}],"wp:attachment":[{"href":"https:\/\/potenciaradiofonicadominicana.com\/portal\/wp-json\/wp\/v2\/media?parent=212471"}],"wp:term":[{"taxonomy":"category","embeddable":true,"href":"https:\/\/potenciaradiofonicadominicana.com\/portal\/wp-json\/wp\/v2\/categories?post=212471"},{"taxonomy":"post_tag","embeddable":true,"href":"https:\/\/potenciaradiofonicadominicana.com\/portal\/wp-json\/wp\/v2\/tags?post=212471"}],"curies":[{"name":"wp","href":"https:\/\/api.w.org\/{rel}","templated":true}]}}