{"id":212315,"date":"2026-03-01T19:32:00","date_gmt":"2026-03-01T23:32:00","guid":{"rendered":"https:\/\/potenciaradiofonicadominicana.com\/portal\/?p=212315"},"modified":"2026-03-01T19:32:00","modified_gmt":"2026-03-01T23:32:00","slug":"el-italiano-bezecchi-gana-gp-de-tailandia-de-motogp-marc-marquez-se-retira","status":"publish","type":"post","link":"https:\/\/potenciaradiofonicadominicana.com\/portal\/el-italiano-bezecchi-gana-gp-de-tailandia-de-motogp-marc-marquez-se-retira\/","title":{"rendered":"El italiano Bezecchi gana GP de Tailandia de MotoGP, Marc M\u00e1rquez se retira"},"content":{"rendered":"<p><a href=\"https:\/\/potenciaradiofonicadominicana.com\/portal\/wp-content\/uploads\/2026\/03\/marc-marquez-ducati-team.jpg\"><img loading=\"lazy\" decoding=\"async\" class=\"alignnone size-full wp-image-212316\" src=\"https:\/\/potenciaradiofonicadominicana.com\/portal\/wp-content\/uploads\/2026\/03\/marc-marquez-ducati-team.jpg\" alt=\"\" width=\"1000\" height=\"667\" srcset=\"https:\/\/potenciaradiofonicadominicana.com\/portal\/wp-content\/uploads\/2026\/03\/marc-marquez-ducati-team.jpg 1000w, https:\/\/potenciaradiofonicadominicana.com\/portal\/wp-content\/uploads\/2026\/03\/marc-marquez-ducati-team-300x200.jpg 300w, https:\/\/potenciaradiofonicadominicana.com\/portal\/wp-content\/uploads\/2026\/03\/marc-marquez-ducati-team-768x512.jpg 768w\" sizes=\"auto, (max-width: 1000px) 100vw, 1000px\" \/><\/a><\/p>\n<p>El piloto italiano Marco Bezzecchi (con Aprilia) domin\u00f3 de principio a fin el Gran Premio de Tailandia de MotoGP y gan\u00f3 la primera carrera de la temporada, mientras que el espa\u00f1ol campe\u00f3n del mundo Marc M\u00e1rquez no pudo acabar por un pinchazo.<\/p>\n<p>Tras Bezzecchi finalizaron los espa\u00f1oles Pedro Acosta (KTM) y Ra\u00fal Fern\u00e1ndez (Aprilia), por lo que las Ducati, que dominaron el campeonato los \u00faltimos a\u00f1os, se quedaron fuera del podio.<\/p>\n<p>La primera Ducati (del equipo VR46) fue la del italiano Fabio Di Giannantonio, en la sexta plaza, mientras que el compa\u00f1ero de Marc M\u00e1rquez en el equipo oficial de la marca italiana, Francesco Bagnaia, doble campe\u00f3n del mundo en 2022 y 2023, apenas fue noveno.<\/p>\n<p>Acosta sale de Tailandia como primer l\u00edder de la clasificaci\u00f3n de MotoGP, gracias a su victoria el s\u00e1bado en la carrera esprint y su segundo puesto este domingo, sumando un total de 32 puntos, con Bezzecchi segundo con 25, luego de que el s\u00e1bado no puntuara al caerse.<\/p>\n<p>\u00abAyer (s\u00e1bado) comet\u00ed un peque\u00f1o error sin grandes consecuencias. Era importante recuperarse hoy. Sab\u00eda que podr\u00eda ir r\u00e1pido si estaba delante. Lo di todo para hacer una buena salida y la moto estuvo perfecta\u00bb, resumi\u00f3 Bezzecchi.<\/p>\n<p>&nbsp;<\/p>\n<p>\u00abNo hay que olvidar c\u00f3mo empezamos aqu\u00ed el a\u00f1o pasado. Hemos hecho dos podios consecutivos y podemos estar contentos\u00bb, declar\u00f3 por su parte Acosta, que 2025 acab\u00f3 19\u00ba la carrera y apenas sum\u00f3 4 puntos en Tailandia gracias al esprint.<\/p>\n<p>Bezzecchi, que ya gan\u00f3 las dos \u00faltimas carreras del a\u00f1o pasado, part\u00eda desde la pole y mantuvo la primera plaza al llegar a la primera curva, mientras que Ra\u00fal Fern\u00e1ndez adelant\u00f3 a Marc M\u00e1rquez para colocarse segundo.<\/p>\n<p>El italiano imprimi\u00f3 un fuerte ritmo en las primeras vueltas y se fue distanciando de sus perseguidores, que luchaban por el podio, con Jorge Mart\u00edn superando a M\u00e1rquez en el cuarto giro para firmar un triplete provisional para Aprilia.<\/p>\n<p>En el ecuador de la carrera, Bezzecchi rodaba tranquilo en primera posici\u00f3n, dos segundos por delante de Fern\u00e1ndez, mientras que por la tercera posici\u00f3n luchaban Mart\u00edn, M\u00e1rquez y el joven Pedro Acosta.<\/p>\n<p>Las posiciones se estabilizaron hasta el tramo final, cuando entr\u00f3 en juego la degradaci\u00f3n de los neum\u00e1ticos.<\/p>\n<p>&#8211; Ca\u00edda de \u00c1lex M\u00e1rquez &#8211;<br \/>\nA falta de cinco vueltas, Marc M\u00e1rquez sufri\u00f3 el pinchazo de su rueda trasera y qued\u00f3 fuera de la carrera y su hermano \u00c1lex se cay\u00f3 un poco despu\u00e9s, confirmando el desastre para Ducati, con los dos primeros clasificados del a\u00f1o pasado sin puntuar en la primera carrera.<\/p>\n<p>\u00abHe tenido mala suerte\u00bb, lament\u00f3 el mayor de los hermanos M\u00e1rquez, quien no obstante destac\u00f3 que est\u00e1 \u00abrecortando la diferencia\u00bb con sus rivales tras reconocer el jueves que ha tenido que cambiar su estilo de pilotaje por la lesi\u00f3n de hombro por la que se oper\u00f3 a finales del a\u00f1o pasado y que le hizo perderse las \u00faltimas carreras.<\/p>\n<p>Nada inquiet\u00f3 en el tramo final a Bezzecchi, que se convirti\u00f3 en el primer piloto de Aprilia en ganar tres carreras consecutivas, por delante de Acosta y de un Fern\u00e1ndez que finalmente releg\u00f3 a Mart\u00edn a la cuarta posici\u00f3n.<\/p>\n<p>Marc M\u00e1rquez regresa en el GP de Arag\u00f3n tras tres meses de baja<br \/>\nFabio Quartararo ejerce de campe\u00f3n; domina primera tanda de entrenamientos<br \/>\nMotor<br \/>\nFabio Quartararo ejerce de campe\u00f3n; domina primera tanda de entrenamientos<br \/>\nEl franc\u00e9s que logr\u00f3 la pole position en el GP de Portugal<br \/>\nMotor<br \/>\nEl franc\u00e9s que logr\u00f3 la &#8216;pole position&#8217; en el GP de Portugal<br \/>\nPese a no subir al podio, el piloto madrile\u00f1o puede estar satisfecho del cuarto puesto, luego de perderse todo el campeonato pasado por una doble operaci\u00f3n que sufri\u00f3 tras caerse en los entrenamientos de pretemporada.<\/p>\n<p>El Mundial de MotoGP tendr\u00e1 su segunda carrera dentro de tres semanas, con el Gran Premio de Brasil.<\/p>\n","protected":false},"excerpt":{"rendered":"<p>El piloto italiano Marco Bezzecchi (con Aprilia) domin\u00f3 de principio a fin el Gran Premio de Tailandia de MotoGP y &#8230;<\/p>\n","protected":false},"author":2,"featured_media":212316,"comment_status":"closed","ping_status":"closed","sticky":false,"template":"","format":"standard","meta":{"footnotes":""},"categories":[28],"tags":[],"class_list":["post-212315","post","type-post","status-publish","format-standard","has-post-thumbnail","hentry","category-deportes"],"yoast_head":"<!-- This site is optimized with the Yoast SEO plugin v24.8.1 - https:\/\/yoast.com\/wordpress\/plugins\/seo\/ -->\n<title>El italiano Bezecchi gana GP de Tailandia de MotoGP, Marc M\u00e1rquez se retira - PotenciaRadiofonicaDominicana.com<\/title>\n<meta name=\"robots\" content=\"index, follow, max-snippet:-1, max-image-preview:large, max-video-preview:-1\" \/>\n<link rel=\"canonical\" href=\"https:\/\/potenciaradiofonicadominicana.com\/portal\/el-italiano-bezecchi-gana-gp-de-tailandia-de-motogp-marc-marquez-se-retira\/\" \/>\n<meta property=\"og:locale\" content=\"es_ES\" \/>\n<meta property=\"og:type\" content=\"article\" \/>\n<meta property=\"og:title\" content=\"El italiano Bezecchi gana GP de Tailandia de MotoGP, Marc M\u00e1rquez se retira - PotenciaRadiofonicaDominicana.com\" \/>\n<meta property=\"og:description\" content=\"El piloto italiano Marco Bezzecchi (con Aprilia) domin\u00f3 de principio a fin el Gran Premio de Tailandia de MotoGP y ...\" \/>\n<meta property=\"og:url\" content=\"https:\/\/potenciaradiofonicadominicana.com\/portal\/el-italiano-bezecchi-gana-gp-de-tailandia-de-motogp-marc-marquez-se-retira\/\" \/>\n<meta property=\"og:site_name\" content=\"PotenciaRadiofonicaDominicana.com\" \/>\n<meta property=\"article:publisher\" content=\"https:\/\/web.facebook.com\/PotenciaRadiofonicaD\" \/>\n<meta property=\"article:published_time\" content=\"2026-03-01T23:32:00+00:00\" \/>\n<meta property=\"og:image\" content=\"https:\/\/potenciaradiofonicadominicana.com\/portal\/wp-content\/uploads\/2026\/03\/marc-marquez-ducati-team.jpg\" \/>\n\t<meta property=\"og:image:width\" content=\"1000\" \/>\n\t<meta property=\"og:image:height\" content=\"667\" \/>\n\t<meta property=\"og:image:type\" content=\"image\/jpeg\" \/>\n<meta name=\"author\" content=\"Potencia Radiof\u00f3nica Dominicana\" \/>\n<meta name=\"twitter:card\" content=\"summary_large_image\" \/>\n<meta name=\"twitter:label1\" content=\"Escrito por\" \/>\n\t<meta name=\"twitter:data1\" content=\"Potencia Radiof\u00f3nica Dominicana\" \/>\n\t<meta name=\"twitter:label2\" content=\"Tiempo de lectura\" \/>\n\t<meta name=\"twitter:data2\" content=\"4 minutos\" \/>\n<script type=\"application\/ld+json\" class=\"yoast-schema-graph\">{\"@context\":\"https:\/\/schema.org\",\"@graph\":[{\"@type\":\"Article\",\"@id\":\"https:\/\/potenciaradiofonicadominicana.com\/portal\/el-italiano-bezecchi-gana-gp-de-tailandia-de-motogp-marc-marquez-se-retira\/#article\",\"isPartOf\":{\"@id\":\"https:\/\/potenciaradiofonicadominicana.com\/portal\/el-italiano-bezecchi-gana-gp-de-tailandia-de-motogp-marc-marquez-se-retira\/\"},\"author\":{\"name\":\"Potencia Radiof\u00f3nica Dominicana\",\"@id\":\"https:\/\/potenciaradiofonicadominicana.com\/portal\/#\/schema\/person\/a5cf1fea13877803ee0573ac18b03490\"},\"headline\":\"El italiano Bezecchi gana GP de Tailandia de MotoGP, Marc M\u00e1rquez se retira\",\"datePublished\":\"2026-03-01T23:32:00+00:00\",\"mainEntityOfPage\":{\"@id\":\"https:\/\/potenciaradiofonicadominicana.com\/portal\/el-italiano-bezecchi-gana-gp-de-tailandia-de-motogp-marc-marquez-se-retira\/\"},\"wordCount\":691,\"publisher\":{\"@id\":\"https:\/\/potenciaradiofonicadominicana.com\/portal\/#organization\"},\"image\":{\"@id\":\"https:\/\/potenciaradiofonicadominicana.com\/portal\/el-italiano-bezecchi-gana-gp-de-tailandia-de-motogp-marc-marquez-se-retira\/#primaryimage\"},\"thumbnailUrl\":\"https:\/\/potenciaradiofonicadominicana.com\/portal\/wp-content\/uploads\/2026\/03\/marc-marquez-ducati-team.jpg\",\"articleSection\":[\"Deportes\"],\"inLanguage\":\"es\"},{\"@type\":\"WebPage\",\"@id\":\"https:\/\/potenciaradiofonicadominicana.com\/portal\/el-italiano-bezecchi-gana-gp-de-tailandia-de-motogp-marc-marquez-se-retira\/\",\"url\":\"https:\/\/potenciaradiofonicadominicana.com\/portal\/el-italiano-bezecchi-gana-gp-de-tailandia-de-motogp-marc-marquez-se-retira\/\",\"name\":\"El italiano Bezecchi gana GP de Tailandia de MotoGP, Marc M\u00e1rquez se retira - PotenciaRadiofonicaDominicana.com\",\"isPartOf\":{\"@id\":\"https:\/\/potenciaradiofonicadominicana.com\/portal\/#website\"},\"primaryImageOfPage\":{\"@id\":\"https:\/\/potenciaradiofonicadominicana.com\/portal\/el-italiano-bezecchi-gana-gp-de-tailandia-de-motogp-marc-marquez-se-retira\/#primaryimage\"},\"image\":{\"@id\":\"https:\/\/potenciaradiofonicadominicana.com\/portal\/el-italiano-bezecchi-gana-gp-de-tailandia-de-motogp-marc-marquez-se-retira\/#primaryimage\"},\"thumbnailUrl\":\"https:\/\/potenciaradiofonicadominicana.com\/portal\/wp-content\/uploads\/2026\/03\/marc-marquez-ducati-team.jpg\",\"datePublished\":\"2026-03-01T23:32:00+00:00\",\"breadcrumb\":{\"@id\":\"https:\/\/potenciaradiofonicadominicana.com\/portal\/el-italiano-bezecchi-gana-gp-de-tailandia-de-motogp-marc-marquez-se-retira\/#breadcrumb\"},\"inLanguage\":\"es\",\"potentialAction\":[{\"@type\":\"ReadAction\",\"target\":[\"https:\/\/potenciaradiofonicadominicana.com\/portal\/el-italiano-bezecchi-gana-gp-de-tailandia-de-motogp-marc-marquez-se-retira\/\"]}]},{\"@type\":\"ImageObject\",\"inLanguage\":\"es\",\"@id\":\"https:\/\/potenciaradiofonicadominicana.com\/portal\/el-italiano-bezecchi-gana-gp-de-tailandia-de-motogp-marc-marquez-se-retira\/#primaryimage\",\"url\":\"https:\/\/potenciaradiofonicadominicana.com\/portal\/wp-content\/uploads\/2026\/03\/marc-marquez-ducati-team.jpg\",\"contentUrl\":\"https:\/\/potenciaradiofonicadominicana.com\/portal\/wp-content\/uploads\/2026\/03\/marc-marquez-ducati-team.jpg\",\"width\":1000,\"height\":667},{\"@type\":\"BreadcrumbList\",\"@id\":\"https:\/\/potenciaradiofonicadominicana.com\/portal\/el-italiano-bezecchi-gana-gp-de-tailandia-de-motogp-marc-marquez-se-retira\/#breadcrumb\",\"itemListElement\":[{\"@type\":\"ListItem\",\"position\":1,\"name\":\"Portada\",\"item\":\"https:\/\/potenciaradiofonicadominicana.com\/portal\/\"},{\"@type\":\"ListItem\",\"position\":2,\"name\":\"El italiano Bezecchi gana GP de Tailandia de MotoGP, Marc M\u00e1rquez se retira\"}]},{\"@type\":\"WebSite\",\"@id\":\"https:\/\/potenciaradiofonicadominicana.com\/portal\/#website\",\"url\":\"https:\/\/potenciaradiofonicadominicana.com\/portal\/\",\"name\":\"PotenciaRadiofonicaDominicana.com\",\"description\":\"Peri\u00f3dico Digital\",\"publisher\":{\"@id\":\"https:\/\/potenciaradiofonicadominicana.com\/portal\/#organization\"},\"potentialAction\":[{\"@type\":\"SearchAction\",\"target\":{\"@type\":\"EntryPoint\",\"urlTemplate\":\"https:\/\/potenciaradiofonicadominicana.com\/portal\/?s={search_term_string}\"},\"query-input\":{\"@type\":\"PropertyValueSpecification\",\"valueRequired\":true,\"valueName\":\"search_term_string\"}}],\"inLanguage\":\"es\"},{\"@type\":\"Organization\",\"@id\":\"https:\/\/potenciaradiofonicadominicana.com\/portal\/#organization\",\"name\":\"PotenciaRadiofonicaDominicana.com\",\"url\":\"https:\/\/potenciaradiofonicadominicana.com\/portal\/\",\"logo\":{\"@type\":\"ImageObject\",\"inLanguage\":\"es\",\"@id\":\"https:\/\/potenciaradiofonicadominicana.com\/portal\/#\/schema\/logo\/image\/\",\"url\":\"https:\/\/potenciaradiofonicadominicana.com\/portal\/wp-content\/uploads\/2022\/01\/descarga.png\",\"contentUrl\":\"https:\/\/potenciaradiofonicadominicana.com\/portal\/wp-content\/uploads\/2022\/01\/descarga.png\",\"width\":300,\"height\":100,\"caption\":\"PotenciaRadiofonicaDominicana.com\"},\"image\":{\"@id\":\"https:\/\/potenciaradiofonicadominicana.com\/portal\/#\/schema\/logo\/image\/\"},\"sameAs\":[\"https:\/\/web.facebook.com\/PotenciaRadiofonicaD\"]},{\"@type\":\"Person\",\"@id\":\"https:\/\/potenciaradiofonicadominicana.com\/portal\/#\/schema\/person\/a5cf1fea13877803ee0573ac18b03490\",\"name\":\"Potencia Radiof\u00f3nica Dominicana\",\"image\":{\"@type\":\"ImageObject\",\"inLanguage\":\"es\",\"@id\":\"https:\/\/potenciaradiofonicadominicana.com\/portal\/#\/schema\/person\/image\/\",\"url\":\"https:\/\/secure.gravatar.com\/avatar\/42a55ab9e8ccc656ba34cd791990602a?s=96&d=mm&r=g\",\"contentUrl\":\"https:\/\/secure.gravatar.com\/avatar\/42a55ab9e8ccc656ba34cd791990602a?s=96&d=mm&r=g\",\"caption\":\"Potencia Radiof\u00f3nica Dominicana\"},\"url\":\"https:\/\/potenciaradiofonicadominicana.com\/portal\/author\/johannyalmanzar\/\"}]}<\/script>\n<!-- \/ Yoast SEO plugin. -->","yoast_head_json":{"title":"El italiano Bezecchi gana GP de Tailandia de MotoGP, Marc M\u00e1rquez se retira - PotenciaRadiofonicaDominicana.com","robots":{"index":"index","follow":"follow","max-snippet":"max-snippet:-1","max-image-preview":"max-image-preview:large","max-video-preview":"max-video-preview:-1"},"canonical":"https:\/\/potenciaradiofonicadominicana.com\/portal\/el-italiano-bezecchi-gana-gp-de-tailandia-de-motogp-marc-marquez-se-retira\/","og_locale":"es_ES","og_type":"article","og_title":"El italiano Bezecchi gana GP de Tailandia de MotoGP, Marc M\u00e1rquez se retira - PotenciaRadiofonicaDominicana.com","og_description":"El piloto italiano Marco Bezzecchi (con Aprilia) domin\u00f3 de principio a fin el Gran Premio de Tailandia de MotoGP y ...","og_url":"https:\/\/potenciaradiofonicadominicana.com\/portal\/el-italiano-bezecchi-gana-gp-de-tailandia-de-motogp-marc-marquez-se-retira\/","og_site_name":"PotenciaRadiofonicaDominicana.com","article_publisher":"https:\/\/web.facebook.com\/PotenciaRadiofonicaD","article_published_time":"2026-03-01T23:32:00+00:00","og_image":[{"width":1000,"height":667,"url":"https:\/\/potenciaradiofonicadominicana.com\/portal\/wp-content\/uploads\/2026\/03\/marc-marquez-ducati-team.jpg","type":"image\/jpeg"}],"author":"Potencia Radiof\u00f3nica Dominicana","twitter_card":"summary_large_image","twitter_misc":{"Escrito por":"Potencia Radiof\u00f3nica Dominicana","Tiempo de lectura":"4 minutos"},"schema":{"@context":"https:\/\/schema.org","@graph":[{"@type":"Article","@id":"https:\/\/potenciaradiofonicadominicana.com\/portal\/el-italiano-bezecchi-gana-gp-de-tailandia-de-motogp-marc-marquez-se-retira\/#article","isPartOf":{"@id":"https:\/\/potenciaradiofonicadominicana.com\/portal\/el-italiano-bezecchi-gana-gp-de-tailandia-de-motogp-marc-marquez-se-retira\/"},"author":{"name":"Potencia Radiof\u00f3nica Dominicana","@id":"https:\/\/potenciaradiofonicadominicana.com\/portal\/#\/schema\/person\/a5cf1fea13877803ee0573ac18b03490"},"headline":"El italiano Bezecchi gana GP de Tailandia de MotoGP, Marc M\u00e1rquez se retira","datePublished":"2026-03-01T23:32:00+00:00","mainEntityOfPage":{"@id":"https:\/\/potenciaradiofonicadominicana.com\/portal\/el-italiano-bezecchi-gana-gp-de-tailandia-de-motogp-marc-marquez-se-retira\/"},"wordCount":691,"publisher":{"@id":"https:\/\/potenciaradiofonicadominicana.com\/portal\/#organization"},"image":{"@id":"https:\/\/potenciaradiofonicadominicana.com\/portal\/el-italiano-bezecchi-gana-gp-de-tailandia-de-motogp-marc-marquez-se-retira\/#primaryimage"},"thumbnailUrl":"https:\/\/potenciaradiofonicadominicana.com\/portal\/wp-content\/uploads\/2026\/03\/marc-marquez-ducati-team.jpg","articleSection":["Deportes"],"inLanguage":"es"},{"@type":"WebPage","@id":"https:\/\/potenciaradiofonicadominicana.com\/portal\/el-italiano-bezecchi-gana-gp-de-tailandia-de-motogp-marc-marquez-se-retira\/","url":"https:\/\/potenciaradiofonicadominicana.com\/portal\/el-italiano-bezecchi-gana-gp-de-tailandia-de-motogp-marc-marquez-se-retira\/","name":"El italiano Bezecchi gana GP de Tailandia de MotoGP, Marc M\u00e1rquez se retira - PotenciaRadiofonicaDominicana.com","isPartOf":{"@id":"https:\/\/potenciaradiofonicadominicana.com\/portal\/#website"},"primaryImageOfPage":{"@id":"https:\/\/potenciaradiofonicadominicana.com\/portal\/el-italiano-bezecchi-gana-gp-de-tailandia-de-motogp-marc-marquez-se-retira\/#primaryimage"},"image":{"@id":"https:\/\/potenciaradiofonicadominicana.com\/portal\/el-italiano-bezecchi-gana-gp-de-tailandia-de-motogp-marc-marquez-se-retira\/#primaryimage"},"thumbnailUrl":"https:\/\/potenciaradiofonicadominicana.com\/portal\/wp-content\/uploads\/2026\/03\/marc-marquez-ducati-team.jpg","datePublished":"2026-03-01T23:32:00+00:00","breadcrumb":{"@id":"https:\/\/potenciaradiofonicadominicana.com\/portal\/el-italiano-bezecchi-gana-gp-de-tailandia-de-motogp-marc-marquez-se-retira\/#breadcrumb"},"inLanguage":"es","potentialAction":[{"@type":"ReadAction","target":["https:\/\/potenciaradiofonicadominicana.com\/portal\/el-italiano-bezecchi-gana-gp-de-tailandia-de-motogp-marc-marquez-se-retira\/"]}]},{"@type":"ImageObject","inLanguage":"es","@id":"https:\/\/potenciaradiofonicadominicana.com\/portal\/el-italiano-bezecchi-gana-gp-de-tailandia-de-motogp-marc-marquez-se-retira\/#primaryimage","url":"https:\/\/potenciaradiofonicadominicana.com\/portal\/wp-content\/uploads\/2026\/03\/marc-marquez-ducati-team.jpg","contentUrl":"https:\/\/potenciaradiofonicadominicana.com\/portal\/wp-content\/uploads\/2026\/03\/marc-marquez-ducati-team.jpg","width":1000,"height":667},{"@type":"BreadcrumbList","@id":"https:\/\/potenciaradiofonicadominicana.com\/portal\/el-italiano-bezecchi-gana-gp-de-tailandia-de-motogp-marc-marquez-se-retira\/#breadcrumb","itemListElement":[{"@type":"ListItem","position":1,"name":"Portada","item":"https:\/\/potenciaradiofonicadominicana.com\/portal\/"},{"@type":"ListItem","position":2,"name":"El italiano Bezecchi gana GP de Tailandia de MotoGP, Marc M\u00e1rquez se retira"}]},{"@type":"WebSite","@id":"https:\/\/potenciaradiofonicadominicana.com\/portal\/#website","url":"https:\/\/potenciaradiofonicadominicana.com\/portal\/","name":"PotenciaRadiofonicaDominicana.com","description":"Peri\u00f3dico Digital","publisher":{"@id":"https:\/\/potenciaradiofonicadominicana.com\/portal\/#organization"},"potentialAction":[{"@type":"SearchAction","target":{"@type":"EntryPoint","urlTemplate":"https:\/\/potenciaradiofonicadominicana.com\/portal\/?s={search_term_string}"},"query-input":{"@type":"PropertyValueSpecification","valueRequired":true,"valueName":"search_term_string"}}],"inLanguage":"es"},{"@type":"Organization","@id":"https:\/\/potenciaradiofonicadominicana.com\/portal\/#organization","name":"PotenciaRadiofonicaDominicana.com","url":"https:\/\/potenciaradiofonicadominicana.com\/portal\/","logo":{"@type":"ImageObject","inLanguage":"es","@id":"https:\/\/potenciaradiofonicadominicana.com\/portal\/#\/schema\/logo\/image\/","url":"https:\/\/potenciaradiofonicadominicana.com\/portal\/wp-content\/uploads\/2022\/01\/descarga.png","contentUrl":"https:\/\/potenciaradiofonicadominicana.com\/portal\/wp-content\/uploads\/2022\/01\/descarga.png","width":300,"height":100,"caption":"PotenciaRadiofonicaDominicana.com"},"image":{"@id":"https:\/\/potenciaradiofonicadominicana.com\/portal\/#\/schema\/logo\/image\/"},"sameAs":["https:\/\/web.facebook.com\/PotenciaRadiofonicaD"]},{"@type":"Person","@id":"https:\/\/potenciaradiofonicadominicana.com\/portal\/#\/schema\/person\/a5cf1fea13877803ee0573ac18b03490","name":"Potencia Radiof\u00f3nica Dominicana","image":{"@type":"ImageObject","inLanguage":"es","@id":"https:\/\/potenciaradiofonicadominicana.com\/portal\/#\/schema\/person\/image\/","url":"https:\/\/secure.gravatar.com\/avatar\/42a55ab9e8ccc656ba34cd791990602a?s=96&d=mm&r=g","contentUrl":"https:\/\/secure.gravatar.com\/avatar\/42a55ab9e8ccc656ba34cd791990602a?s=96&d=mm&r=g","caption":"Potencia Radiof\u00f3nica Dominicana"},"url":"https:\/\/potenciaradiofonicadominicana.com\/portal\/author\/johannyalmanzar\/"}]}},"_links":{"self":[{"href":"https:\/\/potenciaradiofonicadominicana.com\/portal\/wp-json\/wp\/v2\/posts\/212315","targetHints":{"allow":["GET"]}}],"collection":[{"href":"https:\/\/potenciaradiofonicadominicana.com\/portal\/wp-json\/wp\/v2\/posts"}],"about":[{"href":"https:\/\/potenciaradiofonicadominicana.com\/portal\/wp-json\/wp\/v2\/types\/post"}],"author":[{"embeddable":true,"href":"https:\/\/potenciaradiofonicadominicana.com\/portal\/wp-json\/wp\/v2\/users\/2"}],"replies":[{"embeddable":true,"href":"https:\/\/potenciaradiofonicadominicana.com\/portal\/wp-json\/wp\/v2\/comments?post=212315"}],"version-history":[{"count":1,"href":"https:\/\/potenciaradiofonicadominicana.com\/portal\/wp-json\/wp\/v2\/posts\/212315\/revisions"}],"predecessor-version":[{"id":212317,"href":"https:\/\/potenciaradiofonicadominicana.com\/portal\/wp-json\/wp\/v2\/posts\/212315\/revisions\/212317"}],"wp:featuredmedia":[{"embeddable":true,"href":"https:\/\/potenciaradiofonicadominicana.com\/portal\/wp-json\/wp\/v2\/media\/212316"}],"wp:attachment":[{"href":"https:\/\/potenciaradiofonicadominicana.com\/portal\/wp-json\/wp\/v2\/media?parent=212315"}],"wp:term":[{"taxonomy":"category","embeddable":true,"href":"https:\/\/potenciaradiofonicadominicana.com\/portal\/wp-json\/wp\/v2\/categories?post=212315"},{"taxonomy":"post_tag","embeddable":true,"href":"https:\/\/potenciaradiofonicadominicana.com\/portal\/wp-json\/wp\/v2\/tags?post=212315"}],"curies":[{"name":"wp","href":"https:\/\/api.w.org\/{rel}","templated":true}]}}