{"id":212312,"date":"2026-03-01T19:30:09","date_gmt":"2026-03-01T23:30:09","guid":{"rendered":"https:\/\/potenciaradiofonicadominicana.com\/portal\/?p=212312"},"modified":"2026-03-01T19:30:09","modified_gmt":"2026-03-01T23:30:09","slug":"wilmar-paredes-y-team-medellin-campeones-de-la-47-vuelta-ciclistica-independencia-nacional","status":"publish","type":"post","link":"https:\/\/potenciaradiofonicadominicana.com\/portal\/wilmar-paredes-y-team-medellin-campeones-de-la-47-vuelta-ciclistica-independencia-nacional\/","title":{"rendered":"Wilmar Paredes y Team Medell\u00edn campeones de la 47 Vuelta Cicl\u00edstica Independencia Nacional"},"content":{"rendered":"<p><a href=\"https:\/\/potenciaradiofonicadominicana.com\/portal\/wp-content\/uploads\/2026\/03\/WhatsApp-Image-2026-02-26-at-3.07.28-PM.webp\"><img loading=\"lazy\" decoding=\"async\" class=\"alignnone size-full wp-image-212313\" src=\"https:\/\/potenciaradiofonicadominicana.com\/portal\/wp-content\/uploads\/2026\/03\/WhatsApp-Image-2026-02-26-at-3.07.28-PM.webp\" alt=\"\" width=\"1392\" height=\"928\" srcset=\"https:\/\/potenciaradiofonicadominicana.com\/portal\/wp-content\/uploads\/2026\/03\/WhatsApp-Image-2026-02-26-at-3.07.28-PM.webp 1392w, https:\/\/potenciaradiofonicadominicana.com\/portal\/wp-content\/uploads\/2026\/03\/WhatsApp-Image-2026-02-26-at-3.07.28-PM-300x200.webp 300w, https:\/\/potenciaradiofonicadominicana.com\/portal\/wp-content\/uploads\/2026\/03\/WhatsApp-Image-2026-02-26-at-3.07.28-PM-1024x683.webp 1024w, https:\/\/potenciaradiofonicadominicana.com\/portal\/wp-content\/uploads\/2026\/03\/WhatsApp-Image-2026-02-26-at-3.07.28-PM-768x512.webp 768w\" sizes=\"auto, (max-width: 1392px) 100vw, 1392px\" \/><\/a><\/p>\n<p>El colombiano Wilmar Paredes y su equipo, el Team Medell\u00edn, coparon los m\u00e1ximos honores de la 47\u00aa Vuelta Cicl\u00edstica Independencia Nacional, que concluy\u00f3 el domingo con un circuito en el Monumento a los H\u00e9roes de la Restauraci\u00f3n, en esta ciudad.<\/p>\n<p>Paredes ocup\u00f3 el segundo lugar en la sexta etapa para mantener el liderato de la clasificaci\u00f3n individual, con tiempo acumulado de 17 horas, 44 minutos y 40 segundos.<\/p>\n<p>Carlos Roche, del City Bike Miami, gan\u00f3 la etapa final, de 123 kil\u00f3metros, con tiempo de 2:52:45, dos segundos por delante de Paredes y cuatro menos que el pelot\u00f3n de 14 pedalistas que entr\u00f3 a continuaci\u00f3n. Damien Urcel (Team Madra Cycling) complet\u00f3 el podio de la etapa.<\/p>\n<p>En la clasificaci\u00f3n general, Paredes aventaj\u00f3 por 46 segundos a Joseph Ram\u00edrez (Verrazano-Santiago), quien termin\u00f3 segundo, mientras que James Schurman (City Bike Miami) se ubic\u00f3 en el tercer puesto, a 1:17.<\/p>\n<p>En la clasificaci\u00f3n por equipos, el Team Medell\u00edn lider\u00f3 con 53:22:37, seguido por Hino One La Red con 53:26:01. En la tercera posici\u00f3n finaliz\u00f3 el City Bike Miami, con 53:29:29.<\/p>\n<p>El mejor dominicano<br \/>\nDanielky Cede\u00f1o (La Romana) gan\u00f3 el premio al mejor dominicano con tiempo de 17:50:48. Sus compa\u00f1eros del Verrazano-Santiago, Steven Polanco y Alberto Ramos, le siguieron con diferencias de cuatro y cinco segundos, respectivamente.<\/p>\n<p>Otros l\u00edderes<br \/>\nJadi\u00e1n Neaves (Bara Cycling) fue el mejor Sub-23 con 17:54:45, seguido por Roger Marte (Inteja-Imca), con 15:56:02.<\/p>\n<p>Wilmar Paredes tambi\u00e9n domin\u00f3 la clasificaci\u00f3n por puntos (regularidad) con 94 unidades, mientras que las metas volantes quedaron bajo el control de Anderson Aracena, con 21 puntos, seguido de Frankel Rodr\u00edguez, con 11.<\/p>\n<p>Yasid Pira encabez\u00f3 la clasificaci\u00f3n de monta\u00f1a con 33 puntos.<\/p>\n<p>Dominicano Deivy Capell\u00e1n gan\u00f3 la segunda etapa Vuelta Cicl\u00edstica Independencia<br \/>\nWilmar Paredes se acerca al t\u00edtulo de la Vuelta Cicl\u00edstica Independencia; Geran gana quinta etapa<br \/>\nCiclismo<br \/>\nWilmar Paredes se acerca al t\u00edtulo de la Vuelta Cicl\u00edstica Independencia; Geran gana quinta etapa<br \/>\nMeving Gene gana la cuarta etapa y Wilmar Paredes defiende el liderato en la Vuelta Independencia<br \/>\nCiclismo<br \/>\nMeving Gene gana la cuarta etapa y Wilmar Paredes defiende el liderato en la Vuelta Independencia<br \/>\nLa 47\u00aa versi\u00f3n de la Vuelta Cicl\u00edstica Independencia Nacional fue organizada por la Federaci\u00f3n Dominicana de Ciclismo, que preside Jorge Blas D\u00edaz. El ministro administrativo de la Presidencia, Andr\u00e9s Bautista, fungi\u00f3 como presidente del Comit\u00e9 Organizador. El alcalde de Santiago, Ulises Rodr\u00edguez, presenci\u00f3 la competencia y particip\u00f3 en la premiaci\u00f3n.<\/p>\n","protected":false},"excerpt":{"rendered":"<p>El colombiano Wilmar Paredes y su equipo, el Team Medell\u00edn, coparon los m\u00e1ximos honores de la 47\u00aa Vuelta Cicl\u00edstica Independencia &#8230;<\/p>\n","protected":false},"author":2,"featured_media":212313,"comment_status":"closed","ping_status":"closed","sticky":false,"template":"","format":"standard","meta":{"footnotes":""},"categories":[28],"tags":[],"class_list":["post-212312","post","type-post","status-publish","format-standard","has-post-thumbnail","hentry","category-deportes"],"yoast_head":"<!-- This site is optimized with the Yoast SEO plugin v24.8.1 - https:\/\/yoast.com\/wordpress\/plugins\/seo\/ -->\n<title>Wilmar Paredes y Team Medell\u00edn campeones de la 47 Vuelta Cicl\u00edstica Independencia Nacional - PotenciaRadiofonicaDominicana.com<\/title>\n<meta name=\"robots\" content=\"index, follow, max-snippet:-1, max-image-preview:large, max-video-preview:-1\" \/>\n<link rel=\"canonical\" href=\"https:\/\/potenciaradiofonicadominicana.com\/portal\/wilmar-paredes-y-team-medellin-campeones-de-la-47-vuelta-ciclistica-independencia-nacional\/\" \/>\n<meta property=\"og:locale\" content=\"es_ES\" \/>\n<meta property=\"og:type\" content=\"article\" \/>\n<meta property=\"og:title\" content=\"Wilmar Paredes y Team Medell\u00edn campeones de la 47 Vuelta Cicl\u00edstica Independencia Nacional - PotenciaRadiofonicaDominicana.com\" \/>\n<meta property=\"og:description\" content=\"El colombiano Wilmar Paredes y su equipo, el Team Medell\u00edn, coparon los m\u00e1ximos honores de la 47\u00aa Vuelta Cicl\u00edstica Independencia ...\" \/>\n<meta property=\"og:url\" content=\"https:\/\/potenciaradiofonicadominicana.com\/portal\/wilmar-paredes-y-team-medellin-campeones-de-la-47-vuelta-ciclistica-independencia-nacional\/\" \/>\n<meta property=\"og:site_name\" content=\"PotenciaRadiofonicaDominicana.com\" \/>\n<meta property=\"article:publisher\" content=\"https:\/\/web.facebook.com\/PotenciaRadiofonicaD\" \/>\n<meta property=\"article:published_time\" content=\"2026-03-01T23:30:09+00:00\" \/>\n<meta property=\"og:image\" content=\"https:\/\/potenciaradiofonicadominicana.com\/portal\/wp-content\/uploads\/2026\/03\/WhatsApp-Image-2026-02-26-at-3.07.28-PM.webp\" \/>\n\t<meta property=\"og:image:width\" content=\"1392\" \/>\n\t<meta property=\"og:image:height\" content=\"928\" \/>\n\t<meta property=\"og:image:type\" content=\"image\/webp\" \/>\n<meta name=\"author\" content=\"Potencia Radiof\u00f3nica Dominicana\" \/>\n<meta name=\"twitter:card\" content=\"summary_large_image\" \/>\n<meta name=\"twitter:label1\" content=\"Escrito por\" \/>\n\t<meta name=\"twitter:data1\" content=\"Potencia Radiof\u00f3nica Dominicana\" \/>\n\t<meta name=\"twitter:label2\" content=\"Tiempo de lectura\" \/>\n\t<meta name=\"twitter:data2\" content=\"3 minutos\" \/>\n<script type=\"application\/ld+json\" class=\"yoast-schema-graph\">{\"@context\":\"https:\/\/schema.org\",\"@graph\":[{\"@type\":\"Article\",\"@id\":\"https:\/\/potenciaradiofonicadominicana.com\/portal\/wilmar-paredes-y-team-medellin-campeones-de-la-47-vuelta-ciclistica-independencia-nacional\/#article\",\"isPartOf\":{\"@id\":\"https:\/\/potenciaradiofonicadominicana.com\/portal\/wilmar-paredes-y-team-medellin-campeones-de-la-47-vuelta-ciclistica-independencia-nacional\/\"},\"author\":{\"name\":\"Potencia Radiof\u00f3nica Dominicana\",\"@id\":\"https:\/\/potenciaradiofonicadominicana.com\/portal\/#\/schema\/person\/a5cf1fea13877803ee0573ac18b03490\"},\"headline\":\"Wilmar Paredes y Team Medell\u00edn campeones de la 47 Vuelta Cicl\u00edstica Independencia Nacional\",\"datePublished\":\"2026-03-01T23:30:09+00:00\",\"mainEntityOfPage\":{\"@id\":\"https:\/\/potenciaradiofonicadominicana.com\/portal\/wilmar-paredes-y-team-medellin-campeones-de-la-47-vuelta-ciclistica-independencia-nacional\/\"},\"wordCount\":428,\"publisher\":{\"@id\":\"https:\/\/potenciaradiofonicadominicana.com\/portal\/#organization\"},\"image\":{\"@id\":\"https:\/\/potenciaradiofonicadominicana.com\/portal\/wilmar-paredes-y-team-medellin-campeones-de-la-47-vuelta-ciclistica-independencia-nacional\/#primaryimage\"},\"thumbnailUrl\":\"https:\/\/potenciaradiofonicadominicana.com\/portal\/wp-content\/uploads\/2026\/03\/WhatsApp-Image-2026-02-26-at-3.07.28-PM.webp\",\"articleSection\":[\"Deportes\"],\"inLanguage\":\"es\"},{\"@type\":\"WebPage\",\"@id\":\"https:\/\/potenciaradiofonicadominicana.com\/portal\/wilmar-paredes-y-team-medellin-campeones-de-la-47-vuelta-ciclistica-independencia-nacional\/\",\"url\":\"https:\/\/potenciaradiofonicadominicana.com\/portal\/wilmar-paredes-y-team-medellin-campeones-de-la-47-vuelta-ciclistica-independencia-nacional\/\",\"name\":\"Wilmar Paredes y Team Medell\u00edn campeones de la 47 Vuelta Cicl\u00edstica Independencia Nacional - PotenciaRadiofonicaDominicana.com\",\"isPartOf\":{\"@id\":\"https:\/\/potenciaradiofonicadominicana.com\/portal\/#website\"},\"primaryImageOfPage\":{\"@id\":\"https:\/\/potenciaradiofonicadominicana.com\/portal\/wilmar-paredes-y-team-medellin-campeones-de-la-47-vuelta-ciclistica-independencia-nacional\/#primaryimage\"},\"image\":{\"@id\":\"https:\/\/potenciaradiofonicadominicana.com\/portal\/wilmar-paredes-y-team-medellin-campeones-de-la-47-vuelta-ciclistica-independencia-nacional\/#primaryimage\"},\"thumbnailUrl\":\"https:\/\/potenciaradiofonicadominicana.com\/portal\/wp-content\/uploads\/2026\/03\/WhatsApp-Image-2026-02-26-at-3.07.28-PM.webp\",\"datePublished\":\"2026-03-01T23:30:09+00:00\",\"breadcrumb\":{\"@id\":\"https:\/\/potenciaradiofonicadominicana.com\/portal\/wilmar-paredes-y-team-medellin-campeones-de-la-47-vuelta-ciclistica-independencia-nacional\/#breadcrumb\"},\"inLanguage\":\"es\",\"potentialAction\":[{\"@type\":\"ReadAction\",\"target\":[\"https:\/\/potenciaradiofonicadominicana.com\/portal\/wilmar-paredes-y-team-medellin-campeones-de-la-47-vuelta-ciclistica-independencia-nacional\/\"]}]},{\"@type\":\"ImageObject\",\"inLanguage\":\"es\",\"@id\":\"https:\/\/potenciaradiofonicadominicana.com\/portal\/wilmar-paredes-y-team-medellin-campeones-de-la-47-vuelta-ciclistica-independencia-nacional\/#primaryimage\",\"url\":\"https:\/\/potenciaradiofonicadominicana.com\/portal\/wp-content\/uploads\/2026\/03\/WhatsApp-Image-2026-02-26-at-3.07.28-PM.webp\",\"contentUrl\":\"https:\/\/potenciaradiofonicadominicana.com\/portal\/wp-content\/uploads\/2026\/03\/WhatsApp-Image-2026-02-26-at-3.07.28-PM.webp\",\"width\":1392,\"height\":928},{\"@type\":\"BreadcrumbList\",\"@id\":\"https:\/\/potenciaradiofonicadominicana.com\/portal\/wilmar-paredes-y-team-medellin-campeones-de-la-47-vuelta-ciclistica-independencia-nacional\/#breadcrumb\",\"itemListElement\":[{\"@type\":\"ListItem\",\"position\":1,\"name\":\"Portada\",\"item\":\"https:\/\/potenciaradiofonicadominicana.com\/portal\/\"},{\"@type\":\"ListItem\",\"position\":2,\"name\":\"Wilmar Paredes y Team Medell\u00edn campeones de la 47 Vuelta Cicl\u00edstica Independencia Nacional\"}]},{\"@type\":\"WebSite\",\"@id\":\"https:\/\/potenciaradiofonicadominicana.com\/portal\/#website\",\"url\":\"https:\/\/potenciaradiofonicadominicana.com\/portal\/\",\"name\":\"PotenciaRadiofonicaDominicana.com\",\"description\":\"Peri\u00f3dico Digital\",\"publisher\":{\"@id\":\"https:\/\/potenciaradiofonicadominicana.com\/portal\/#organization\"},\"potentialAction\":[{\"@type\":\"SearchAction\",\"target\":{\"@type\":\"EntryPoint\",\"urlTemplate\":\"https:\/\/potenciaradiofonicadominicana.com\/portal\/?s={search_term_string}\"},\"query-input\":{\"@type\":\"PropertyValueSpecification\",\"valueRequired\":true,\"valueName\":\"search_term_string\"}}],\"inLanguage\":\"es\"},{\"@type\":\"Organization\",\"@id\":\"https:\/\/potenciaradiofonicadominicana.com\/portal\/#organization\",\"name\":\"PotenciaRadiofonicaDominicana.com\",\"url\":\"https:\/\/potenciaradiofonicadominicana.com\/portal\/\",\"logo\":{\"@type\":\"ImageObject\",\"inLanguage\":\"es\",\"@id\":\"https:\/\/potenciaradiofonicadominicana.com\/portal\/#\/schema\/logo\/image\/\",\"url\":\"https:\/\/potenciaradiofonicadominicana.com\/portal\/wp-content\/uploads\/2022\/01\/descarga.png\",\"contentUrl\":\"https:\/\/potenciaradiofonicadominicana.com\/portal\/wp-content\/uploads\/2022\/01\/descarga.png\",\"width\":300,\"height\":100,\"caption\":\"PotenciaRadiofonicaDominicana.com\"},\"image\":{\"@id\":\"https:\/\/potenciaradiofonicadominicana.com\/portal\/#\/schema\/logo\/image\/\"},\"sameAs\":[\"https:\/\/web.facebook.com\/PotenciaRadiofonicaD\"]},{\"@type\":\"Person\",\"@id\":\"https:\/\/potenciaradiofonicadominicana.com\/portal\/#\/schema\/person\/a5cf1fea13877803ee0573ac18b03490\",\"name\":\"Potencia Radiof\u00f3nica Dominicana\",\"image\":{\"@type\":\"ImageObject\",\"inLanguage\":\"es\",\"@id\":\"https:\/\/potenciaradiofonicadominicana.com\/portal\/#\/schema\/person\/image\/\",\"url\":\"https:\/\/secure.gravatar.com\/avatar\/42a55ab9e8ccc656ba34cd791990602a?s=96&d=mm&r=g\",\"contentUrl\":\"https:\/\/secure.gravatar.com\/avatar\/42a55ab9e8ccc656ba34cd791990602a?s=96&d=mm&r=g\",\"caption\":\"Potencia Radiof\u00f3nica Dominicana\"},\"url\":\"https:\/\/potenciaradiofonicadominicana.com\/portal\/author\/johannyalmanzar\/\"}]}<\/script>\n<!-- \/ Yoast SEO plugin. -->","yoast_head_json":{"title":"Wilmar Paredes y Team Medell\u00edn campeones de la 47 Vuelta Cicl\u00edstica Independencia Nacional - PotenciaRadiofonicaDominicana.com","robots":{"index":"index","follow":"follow","max-snippet":"max-snippet:-1","max-image-preview":"max-image-preview:large","max-video-preview":"max-video-preview:-1"},"canonical":"https:\/\/potenciaradiofonicadominicana.com\/portal\/wilmar-paredes-y-team-medellin-campeones-de-la-47-vuelta-ciclistica-independencia-nacional\/","og_locale":"es_ES","og_type":"article","og_title":"Wilmar Paredes y Team Medell\u00edn campeones de la 47 Vuelta Cicl\u00edstica Independencia Nacional - PotenciaRadiofonicaDominicana.com","og_description":"El colombiano Wilmar Paredes y su equipo, el Team Medell\u00edn, coparon los m\u00e1ximos honores de la 47\u00aa Vuelta Cicl\u00edstica Independencia ...","og_url":"https:\/\/potenciaradiofonicadominicana.com\/portal\/wilmar-paredes-y-team-medellin-campeones-de-la-47-vuelta-ciclistica-independencia-nacional\/","og_site_name":"PotenciaRadiofonicaDominicana.com","article_publisher":"https:\/\/web.facebook.com\/PotenciaRadiofonicaD","article_published_time":"2026-03-01T23:30:09+00:00","og_image":[{"width":1392,"height":928,"url":"https:\/\/potenciaradiofonicadominicana.com\/portal\/wp-content\/uploads\/2026\/03\/WhatsApp-Image-2026-02-26-at-3.07.28-PM.webp","type":"image\/webp"}],"author":"Potencia Radiof\u00f3nica Dominicana","twitter_card":"summary_large_image","twitter_misc":{"Escrito por":"Potencia Radiof\u00f3nica Dominicana","Tiempo de lectura":"3 minutos"},"schema":{"@context":"https:\/\/schema.org","@graph":[{"@type":"Article","@id":"https:\/\/potenciaradiofonicadominicana.com\/portal\/wilmar-paredes-y-team-medellin-campeones-de-la-47-vuelta-ciclistica-independencia-nacional\/#article","isPartOf":{"@id":"https:\/\/potenciaradiofonicadominicana.com\/portal\/wilmar-paredes-y-team-medellin-campeones-de-la-47-vuelta-ciclistica-independencia-nacional\/"},"author":{"name":"Potencia Radiof\u00f3nica Dominicana","@id":"https:\/\/potenciaradiofonicadominicana.com\/portal\/#\/schema\/person\/a5cf1fea13877803ee0573ac18b03490"},"headline":"Wilmar Paredes y Team Medell\u00edn campeones de la 47 Vuelta Cicl\u00edstica Independencia Nacional","datePublished":"2026-03-01T23:30:09+00:00","mainEntityOfPage":{"@id":"https:\/\/potenciaradiofonicadominicana.com\/portal\/wilmar-paredes-y-team-medellin-campeones-de-la-47-vuelta-ciclistica-independencia-nacional\/"},"wordCount":428,"publisher":{"@id":"https:\/\/potenciaradiofonicadominicana.com\/portal\/#organization"},"image":{"@id":"https:\/\/potenciaradiofonicadominicana.com\/portal\/wilmar-paredes-y-team-medellin-campeones-de-la-47-vuelta-ciclistica-independencia-nacional\/#primaryimage"},"thumbnailUrl":"https:\/\/potenciaradiofonicadominicana.com\/portal\/wp-content\/uploads\/2026\/03\/WhatsApp-Image-2026-02-26-at-3.07.28-PM.webp","articleSection":["Deportes"],"inLanguage":"es"},{"@type":"WebPage","@id":"https:\/\/potenciaradiofonicadominicana.com\/portal\/wilmar-paredes-y-team-medellin-campeones-de-la-47-vuelta-ciclistica-independencia-nacional\/","url":"https:\/\/potenciaradiofonicadominicana.com\/portal\/wilmar-paredes-y-team-medellin-campeones-de-la-47-vuelta-ciclistica-independencia-nacional\/","name":"Wilmar Paredes y Team Medell\u00edn campeones de la 47 Vuelta Cicl\u00edstica Independencia Nacional - PotenciaRadiofonicaDominicana.com","isPartOf":{"@id":"https:\/\/potenciaradiofonicadominicana.com\/portal\/#website"},"primaryImageOfPage":{"@id":"https:\/\/potenciaradiofonicadominicana.com\/portal\/wilmar-paredes-y-team-medellin-campeones-de-la-47-vuelta-ciclistica-independencia-nacional\/#primaryimage"},"image":{"@id":"https:\/\/potenciaradiofonicadominicana.com\/portal\/wilmar-paredes-y-team-medellin-campeones-de-la-47-vuelta-ciclistica-independencia-nacional\/#primaryimage"},"thumbnailUrl":"https:\/\/potenciaradiofonicadominicana.com\/portal\/wp-content\/uploads\/2026\/03\/WhatsApp-Image-2026-02-26-at-3.07.28-PM.webp","datePublished":"2026-03-01T23:30:09+00:00","breadcrumb":{"@id":"https:\/\/potenciaradiofonicadominicana.com\/portal\/wilmar-paredes-y-team-medellin-campeones-de-la-47-vuelta-ciclistica-independencia-nacional\/#breadcrumb"},"inLanguage":"es","potentialAction":[{"@type":"ReadAction","target":["https:\/\/potenciaradiofonicadominicana.com\/portal\/wilmar-paredes-y-team-medellin-campeones-de-la-47-vuelta-ciclistica-independencia-nacional\/"]}]},{"@type":"ImageObject","inLanguage":"es","@id":"https:\/\/potenciaradiofonicadominicana.com\/portal\/wilmar-paredes-y-team-medellin-campeones-de-la-47-vuelta-ciclistica-independencia-nacional\/#primaryimage","url":"https:\/\/potenciaradiofonicadominicana.com\/portal\/wp-content\/uploads\/2026\/03\/WhatsApp-Image-2026-02-26-at-3.07.28-PM.webp","contentUrl":"https:\/\/potenciaradiofonicadominicana.com\/portal\/wp-content\/uploads\/2026\/03\/WhatsApp-Image-2026-02-26-at-3.07.28-PM.webp","width":1392,"height":928},{"@type":"BreadcrumbList","@id":"https:\/\/potenciaradiofonicadominicana.com\/portal\/wilmar-paredes-y-team-medellin-campeones-de-la-47-vuelta-ciclistica-independencia-nacional\/#breadcrumb","itemListElement":[{"@type":"ListItem","position":1,"name":"Portada","item":"https:\/\/potenciaradiofonicadominicana.com\/portal\/"},{"@type":"ListItem","position":2,"name":"Wilmar Paredes y Team Medell\u00edn campeones de la 47 Vuelta Cicl\u00edstica Independencia Nacional"}]},{"@type":"WebSite","@id":"https:\/\/potenciaradiofonicadominicana.com\/portal\/#website","url":"https:\/\/potenciaradiofonicadominicana.com\/portal\/","name":"PotenciaRadiofonicaDominicana.com","description":"Peri\u00f3dico Digital","publisher":{"@id":"https:\/\/potenciaradiofonicadominicana.com\/portal\/#organization"},"potentialAction":[{"@type":"SearchAction","target":{"@type":"EntryPoint","urlTemplate":"https:\/\/potenciaradiofonicadominicana.com\/portal\/?s={search_term_string}"},"query-input":{"@type":"PropertyValueSpecification","valueRequired":true,"valueName":"search_term_string"}}],"inLanguage":"es"},{"@type":"Organization","@id":"https:\/\/potenciaradiofonicadominicana.com\/portal\/#organization","name":"PotenciaRadiofonicaDominicana.com","url":"https:\/\/potenciaradiofonicadominicana.com\/portal\/","logo":{"@type":"ImageObject","inLanguage":"es","@id":"https:\/\/potenciaradiofonicadominicana.com\/portal\/#\/schema\/logo\/image\/","url":"https:\/\/potenciaradiofonicadominicana.com\/portal\/wp-content\/uploads\/2022\/01\/descarga.png","contentUrl":"https:\/\/potenciaradiofonicadominicana.com\/portal\/wp-content\/uploads\/2022\/01\/descarga.png","width":300,"height":100,"caption":"PotenciaRadiofonicaDominicana.com"},"image":{"@id":"https:\/\/potenciaradiofonicadominicana.com\/portal\/#\/schema\/logo\/image\/"},"sameAs":["https:\/\/web.facebook.com\/PotenciaRadiofonicaD"]},{"@type":"Person","@id":"https:\/\/potenciaradiofonicadominicana.com\/portal\/#\/schema\/person\/a5cf1fea13877803ee0573ac18b03490","name":"Potencia Radiof\u00f3nica Dominicana","image":{"@type":"ImageObject","inLanguage":"es","@id":"https:\/\/potenciaradiofonicadominicana.com\/portal\/#\/schema\/person\/image\/","url":"https:\/\/secure.gravatar.com\/avatar\/42a55ab9e8ccc656ba34cd791990602a?s=96&d=mm&r=g","contentUrl":"https:\/\/secure.gravatar.com\/avatar\/42a55ab9e8ccc656ba34cd791990602a?s=96&d=mm&r=g","caption":"Potencia Radiof\u00f3nica Dominicana"},"url":"https:\/\/potenciaradiofonicadominicana.com\/portal\/author\/johannyalmanzar\/"}]}},"_links":{"self":[{"href":"https:\/\/potenciaradiofonicadominicana.com\/portal\/wp-json\/wp\/v2\/posts\/212312","targetHints":{"allow":["GET"]}}],"collection":[{"href":"https:\/\/potenciaradiofonicadominicana.com\/portal\/wp-json\/wp\/v2\/posts"}],"about":[{"href":"https:\/\/potenciaradiofonicadominicana.com\/portal\/wp-json\/wp\/v2\/types\/post"}],"author":[{"embeddable":true,"href":"https:\/\/potenciaradiofonicadominicana.com\/portal\/wp-json\/wp\/v2\/users\/2"}],"replies":[{"embeddable":true,"href":"https:\/\/potenciaradiofonicadominicana.com\/portal\/wp-json\/wp\/v2\/comments?post=212312"}],"version-history":[{"count":1,"href":"https:\/\/potenciaradiofonicadominicana.com\/portal\/wp-json\/wp\/v2\/posts\/212312\/revisions"}],"predecessor-version":[{"id":212314,"href":"https:\/\/potenciaradiofonicadominicana.com\/portal\/wp-json\/wp\/v2\/posts\/212312\/revisions\/212314"}],"wp:featuredmedia":[{"embeddable":true,"href":"https:\/\/potenciaradiofonicadominicana.com\/portal\/wp-json\/wp\/v2\/media\/212313"}],"wp:attachment":[{"href":"https:\/\/potenciaradiofonicadominicana.com\/portal\/wp-json\/wp\/v2\/media?parent=212312"}],"wp:term":[{"taxonomy":"category","embeddable":true,"href":"https:\/\/potenciaradiofonicadominicana.com\/portal\/wp-json\/wp\/v2\/categories?post=212312"},{"taxonomy":"post_tag","embeddable":true,"href":"https:\/\/potenciaradiofonicadominicana.com\/portal\/wp-json\/wp\/v2\/tags?post=212312"}],"curies":[{"name":"wp","href":"https:\/\/api.w.org\/{rel}","templated":true}]}}