{"id":212287,"date":"2026-03-01T19:13:35","date_gmt":"2026-03-01T23:13:35","guid":{"rendered":"https:\/\/potenciaradiofonicadominicana.com\/portal\/?p=212287"},"modified":"2026-03-01T19:13:35","modified_gmt":"2026-03-01T23:13:35","slug":"presidente-abinader-envia-mensaje-a-los-jugadores-dominicanos","status":"publish","type":"post","link":"https:\/\/potenciaradiofonicadominicana.com\/portal\/presidente-abinader-envia-mensaje-a-los-jugadores-dominicanos\/","title":{"rendered":"Presidente Abinader env\u00eda mensaje a los jugadores dominicanos"},"content":{"rendered":"<p><a href=\"https:\/\/potenciaradiofonicadominicana.com\/portal\/wp-content\/uploads\/2026\/03\/IMG-20260301-WA0025.webp\"><img loading=\"lazy\" decoding=\"async\" class=\"alignnone size-full wp-image-212288\" src=\"https:\/\/potenciaradiofonicadominicana.com\/portal\/wp-content\/uploads\/2026\/03\/IMG-20260301-WA0025.webp\" alt=\"\" width=\"1306\" height=\"900\" srcset=\"https:\/\/potenciaradiofonicadominicana.com\/portal\/wp-content\/uploads\/2026\/03\/IMG-20260301-WA0025.webp 1306w, https:\/\/potenciaradiofonicadominicana.com\/portal\/wp-content\/uploads\/2026\/03\/IMG-20260301-WA0025-300x207.webp 300w, https:\/\/potenciaradiofonicadominicana.com\/portal\/wp-content\/uploads\/2026\/03\/IMG-20260301-WA0025-1024x706.webp 1024w, https:\/\/potenciaradiofonicadominicana.com\/portal\/wp-content\/uploads\/2026\/03\/IMG-20260301-WA0025-768x529.webp 768w\" sizes=\"auto, (max-width: 1306px) 100vw, 1306px\" \/><\/a><\/p>\n<p>El presidente de la Rep\u00fablica Dominicana Luis Abinader se tom\u00f3 un momento de su agenda dominical para enviarle un mensaje de apoyo al equipo dominicano v\u00eda la cuenta oficial del conjunto por la red social Instagram.<\/p>\n<p>En el post de @_losdominicanos mostraba a los peloteros llegando al LoanDeport Park en Miami para su primera sesi\u00f3n de entrenamientos.<\/p>\n<div class=\"banner-contenido\">\n<div class=\"panorama_ads\"><\/div>\n<\/div>\n<figure class=\"wp-block-image size-large\"><img loading=\"lazy\" decoding=\"async\" class=\"wp-image-1278150\" src=\"https:\/\/i0.wp.com\/panorama.com.do\/wp-content\/uploads\/2026\/03\/Screenshot_20260301_130808_com_instagram_android_MediaExternalUrlHandlerActivity_edit_257408776293628.jpg?resize=640%2C226&amp;ssl=1\" sizes=\"auto, (max-width: 640px) 100vw, 640px\" srcset=\"https:\/\/i0.wp.com\/panorama.com.do\/wp-content\/uploads\/2026\/03\/Screenshot_20260301_130808_com_instagram_android_MediaExternalUrlHandlerActivity_edit_257408776293628.jpg?resize=1024%2C361&amp;ssl=1 1024w, https:\/\/i0.wp.com\/panorama.com.do\/wp-content\/uploads\/2026\/03\/Screenshot_20260301_130808_com_instagram_android_MediaExternalUrlHandlerActivity_edit_257408776293628.jpg?resize=300%2C106&amp;ssl=1 300w, https:\/\/i0.wp.com\/panorama.com.do\/wp-content\/uploads\/2026\/03\/Screenshot_20260301_130808_com_instagram_android_MediaExternalUrlHandlerActivity_edit_257408776293628.jpg?resize=768%2C271&amp;ssl=1 768w, https:\/\/i0.wp.com\/panorama.com.do\/wp-content\/uploads\/2026\/03\/Screenshot_20260301_130808_com_instagram_android_MediaExternalUrlHandlerActivity_edit_257408776293628.jpg?resize=150%2C53&amp;ssl=1 150w, https:\/\/i0.wp.com\/panorama.com.do\/wp-content\/uploads\/2026\/03\/Screenshot_20260301_130808_com_instagram_android_MediaExternalUrlHandlerActivity_edit_257408776293628.jpg?w=1198&amp;ssl=1 1198w\" alt=\"\" width=\"640\" height=\"226\" data-recalc-dims=\"1\" \/><\/figure>\n<p>El Presidente Abinader escribi\u00f3:<\/p>\n<p><strong>\u00a1Dominicano y ya! Todo el pueblo dominicano est\u00e1 con ustedes. #PlatanoPower<\/strong><\/p>\n<p>El mensaje del Primer Mandatario gener\u00f3 comentarios a favor y por la misma l\u00ednea de aliento y respaldo.<\/p>\n<figure class=\"wp-block-image size-large\"><img loading=\"lazy\" decoding=\"async\" class=\"wp-image-1278149\" src=\"https:\/\/i0.wp.com\/panorama.com.do\/wp-content\/uploads\/2026\/03\/Screenshot_20260301_130459_com_instagram_android_MediaExternalUrlHandlerActivity.jpg?resize=546%2C1024&amp;ssl=1\" sizes=\"auto, (max-width: 546px) 100vw, 546px\" srcset=\"https:\/\/i0.wp.com\/panorama.com.do\/wp-content\/uploads\/2026\/03\/Screenshot_20260301_130459_com_instagram_android_MediaExternalUrlHandlerActivity.jpg?resize=546%2C1024&amp;ssl=1 546w, https:\/\/i0.wp.com\/panorama.com.do\/wp-content\/uploads\/2026\/03\/Screenshot_20260301_130459_com_instagram_android_MediaExternalUrlHandlerActivity.jpg?resize=160%2C300&amp;ssl=1 160w, https:\/\/i0.wp.com\/panorama.com.do\/wp-content\/uploads\/2026\/03\/Screenshot_20260301_130459_com_instagram_android_MediaExternalUrlHandlerActivity.jpg?resize=768%2C1441&amp;ssl=1 768w, https:\/\/i0.wp.com\/panorama.com.do\/wp-content\/uploads\/2026\/03\/Screenshot_20260301_130459_com_instagram_android_MediaExternalUrlHandlerActivity.jpg?resize=819%2C1536&amp;ssl=1 819w, https:\/\/i0.wp.com\/panorama.com.do\/wp-content\/uploads\/2026\/03\/Screenshot_20260301_130459_com_instagram_android_MediaExternalUrlHandlerActivity.jpg?resize=1092%2C2048&amp;ssl=1 1092w, https:\/\/i0.wp.com\/panorama.com.do\/wp-content\/uploads\/2026\/03\/Screenshot_20260301_130459_com_instagram_android_MediaExternalUrlHandlerActivity.jpg?resize=150%2C281&amp;ssl=1 150w, https:\/\/i0.wp.com\/panorama.com.do\/wp-content\/uploads\/2026\/03\/Screenshot_20260301_130459_com_instagram_android_MediaExternalUrlHandlerActivity.jpg?w=1200&amp;ssl=1 1200w\" alt=\"\" width=\"546\" height=\"1024\" data-recalc-dims=\"1\" \/><\/figure>\n<p><strong>Los \u00abMe Gusta\u00bb no se hicieron esperar<\/strong>, y el post presidencial es ya el m\u00e1s popular y visto en las reacciones del v\u00eddeo de los jugadores dominicanos en su cuenta oficial @_losdominicanos<\/p>\n<p><strong>JUEGOS EN RD<\/strong>\u00a0<strong>PARA TODOS<\/strong><\/p>\n<p>La transmisi\u00f3n se realizar\u00e1 a trav\u00e9s de\u00a0<strong>VTV Canal 32, Panorama FM 96.9 y el peri\u00f3dico Panorama<\/strong>, medios que integran el Grupo de Medios Panorama, con la participaci\u00f3n como aliados de Teleantillas Canal 10, Coral Canal 39, Expreso 89.1 FM, con cobertura en el Cibao, y Ban\u00ed FM 97.5, para la regi\u00f3n Sur, garantizando una transmisi\u00f3n amplia y simult\u00e1nea en todo el territorio nacional.<\/p>\n<p><strong>Los encuentros est\u00e1n programados para los d\u00edas 3 (7:30 pm) y 4 de marzo (3:00 pm) de 2026,<\/strong>\u00a0en el estadio Quisqueya Juan Marichal, y marcar\u00e1n un hecho sin precedentes en la historia del b\u00e9isbol dominicano: ser\u00e1 la primera vez que la Selecci\u00f3n Nacional reciba en el pa\u00eds a un club de las Grandes Ligas para partidos de exhibici\u00f3n.<\/p>\n","protected":false},"excerpt":{"rendered":"<p>El presidente de la Rep\u00fablica Dominicana Luis Abinader se tom\u00f3 un momento de su agenda dominical para enviarle un mensaje &#8230;<\/p>\n","protected":false},"author":2,"featured_media":212288,"comment_status":"closed","ping_status":"closed","sticky":false,"template":"","format":"standard","meta":{"footnotes":""},"categories":[28],"tags":[],"class_list":["post-212287","post","type-post","status-publish","format-standard","has-post-thumbnail","hentry","category-deportes"],"yoast_head":"<!-- This site is optimized with the Yoast SEO plugin v24.8.1 - https:\/\/yoast.com\/wordpress\/plugins\/seo\/ -->\n<title>Presidente Abinader env\u00eda mensaje a los jugadores dominicanos - PotenciaRadiofonicaDominicana.com<\/title>\n<meta name=\"robots\" content=\"index, follow, max-snippet:-1, max-image-preview:large, max-video-preview:-1\" \/>\n<link rel=\"canonical\" href=\"https:\/\/potenciaradiofonicadominicana.com\/portal\/presidente-abinader-envia-mensaje-a-los-jugadores-dominicanos\/\" \/>\n<meta property=\"og:locale\" content=\"es_ES\" \/>\n<meta property=\"og:type\" content=\"article\" \/>\n<meta property=\"og:title\" content=\"Presidente Abinader env\u00eda mensaje a los jugadores dominicanos - PotenciaRadiofonicaDominicana.com\" \/>\n<meta property=\"og:description\" content=\"El presidente de la Rep\u00fablica Dominicana Luis Abinader se tom\u00f3 un momento de su agenda dominical para enviarle un mensaje ...\" \/>\n<meta property=\"og:url\" content=\"https:\/\/potenciaradiofonicadominicana.com\/portal\/presidente-abinader-envia-mensaje-a-los-jugadores-dominicanos\/\" \/>\n<meta property=\"og:site_name\" content=\"PotenciaRadiofonicaDominicana.com\" \/>\n<meta property=\"article:publisher\" content=\"https:\/\/web.facebook.com\/PotenciaRadiofonicaD\" \/>\n<meta property=\"article:published_time\" content=\"2026-03-01T23:13:35+00:00\" \/>\n<meta property=\"og:image\" content=\"https:\/\/potenciaradiofonicadominicana.com\/portal\/wp-content\/uploads\/2026\/03\/IMG-20260301-WA0025.webp\" \/>\n\t<meta property=\"og:image:width\" content=\"1306\" \/>\n\t<meta property=\"og:image:height\" content=\"900\" \/>\n\t<meta property=\"og:image:type\" content=\"image\/webp\" \/>\n<meta name=\"author\" content=\"Potencia Radiof\u00f3nica Dominicana\" \/>\n<meta name=\"twitter:card\" content=\"summary_large_image\" \/>\n<meta name=\"twitter:label1\" content=\"Escrito por\" \/>\n\t<meta name=\"twitter:data1\" content=\"Potencia Radiof\u00f3nica Dominicana\" \/>\n\t<meta name=\"twitter:label2\" content=\"Tiempo de lectura\" \/>\n\t<meta name=\"twitter:data2\" content=\"2 minutos\" \/>\n<script type=\"application\/ld+json\" class=\"yoast-schema-graph\">{\"@context\":\"https:\/\/schema.org\",\"@graph\":[{\"@type\":\"Article\",\"@id\":\"https:\/\/potenciaradiofonicadominicana.com\/portal\/presidente-abinader-envia-mensaje-a-los-jugadores-dominicanos\/#article\",\"isPartOf\":{\"@id\":\"https:\/\/potenciaradiofonicadominicana.com\/portal\/presidente-abinader-envia-mensaje-a-los-jugadores-dominicanos\/\"},\"author\":{\"name\":\"Potencia Radiof\u00f3nica Dominicana\",\"@id\":\"https:\/\/potenciaradiofonicadominicana.com\/portal\/#\/schema\/person\/a5cf1fea13877803ee0573ac18b03490\"},\"headline\":\"Presidente Abinader env\u00eda mensaje a los jugadores dominicanos\",\"datePublished\":\"2026-03-01T23:13:35+00:00\",\"mainEntityOfPage\":{\"@id\":\"https:\/\/potenciaradiofonicadominicana.com\/portal\/presidente-abinader-envia-mensaje-a-los-jugadores-dominicanos\/\"},\"wordCount\":268,\"publisher\":{\"@id\":\"https:\/\/potenciaradiofonicadominicana.com\/portal\/#organization\"},\"image\":{\"@id\":\"https:\/\/potenciaradiofonicadominicana.com\/portal\/presidente-abinader-envia-mensaje-a-los-jugadores-dominicanos\/#primaryimage\"},\"thumbnailUrl\":\"https:\/\/potenciaradiofonicadominicana.com\/portal\/wp-content\/uploads\/2026\/03\/IMG-20260301-WA0025.webp\",\"articleSection\":[\"Deportes\"],\"inLanguage\":\"es\"},{\"@type\":\"WebPage\",\"@id\":\"https:\/\/potenciaradiofonicadominicana.com\/portal\/presidente-abinader-envia-mensaje-a-los-jugadores-dominicanos\/\",\"url\":\"https:\/\/potenciaradiofonicadominicana.com\/portal\/presidente-abinader-envia-mensaje-a-los-jugadores-dominicanos\/\",\"name\":\"Presidente Abinader env\u00eda mensaje a los jugadores dominicanos - PotenciaRadiofonicaDominicana.com\",\"isPartOf\":{\"@id\":\"https:\/\/potenciaradiofonicadominicana.com\/portal\/#website\"},\"primaryImageOfPage\":{\"@id\":\"https:\/\/potenciaradiofonicadominicana.com\/portal\/presidente-abinader-envia-mensaje-a-los-jugadores-dominicanos\/#primaryimage\"},\"image\":{\"@id\":\"https:\/\/potenciaradiofonicadominicana.com\/portal\/presidente-abinader-envia-mensaje-a-los-jugadores-dominicanos\/#primaryimage\"},\"thumbnailUrl\":\"https:\/\/potenciaradiofonicadominicana.com\/portal\/wp-content\/uploads\/2026\/03\/IMG-20260301-WA0025.webp\",\"datePublished\":\"2026-03-01T23:13:35+00:00\",\"breadcrumb\":{\"@id\":\"https:\/\/potenciaradiofonicadominicana.com\/portal\/presidente-abinader-envia-mensaje-a-los-jugadores-dominicanos\/#breadcrumb\"},\"inLanguage\":\"es\",\"potentialAction\":[{\"@type\":\"ReadAction\",\"target\":[\"https:\/\/potenciaradiofonicadominicana.com\/portal\/presidente-abinader-envia-mensaje-a-los-jugadores-dominicanos\/\"]}]},{\"@type\":\"ImageObject\",\"inLanguage\":\"es\",\"@id\":\"https:\/\/potenciaradiofonicadominicana.com\/portal\/presidente-abinader-envia-mensaje-a-los-jugadores-dominicanos\/#primaryimage\",\"url\":\"https:\/\/potenciaradiofonicadominicana.com\/portal\/wp-content\/uploads\/2026\/03\/IMG-20260301-WA0025.webp\",\"contentUrl\":\"https:\/\/potenciaradiofonicadominicana.com\/portal\/wp-content\/uploads\/2026\/03\/IMG-20260301-WA0025.webp\",\"width\":1306,\"height\":900},{\"@type\":\"BreadcrumbList\",\"@id\":\"https:\/\/potenciaradiofonicadominicana.com\/portal\/presidente-abinader-envia-mensaje-a-los-jugadores-dominicanos\/#breadcrumb\",\"itemListElement\":[{\"@type\":\"ListItem\",\"position\":1,\"name\":\"Portada\",\"item\":\"https:\/\/potenciaradiofonicadominicana.com\/portal\/\"},{\"@type\":\"ListItem\",\"position\":2,\"name\":\"Presidente Abinader env\u00eda mensaje a los jugadores dominicanos\"}]},{\"@type\":\"WebSite\",\"@id\":\"https:\/\/potenciaradiofonicadominicana.com\/portal\/#website\",\"url\":\"https:\/\/potenciaradiofonicadominicana.com\/portal\/\",\"name\":\"PotenciaRadiofonicaDominicana.com\",\"description\":\"Peri\u00f3dico Digital\",\"publisher\":{\"@id\":\"https:\/\/potenciaradiofonicadominicana.com\/portal\/#organization\"},\"potentialAction\":[{\"@type\":\"SearchAction\",\"target\":{\"@type\":\"EntryPoint\",\"urlTemplate\":\"https:\/\/potenciaradiofonicadominicana.com\/portal\/?s={search_term_string}\"},\"query-input\":{\"@type\":\"PropertyValueSpecification\",\"valueRequired\":true,\"valueName\":\"search_term_string\"}}],\"inLanguage\":\"es\"},{\"@type\":\"Organization\",\"@id\":\"https:\/\/potenciaradiofonicadominicana.com\/portal\/#organization\",\"name\":\"PotenciaRadiofonicaDominicana.com\",\"url\":\"https:\/\/potenciaradiofonicadominicana.com\/portal\/\",\"logo\":{\"@type\":\"ImageObject\",\"inLanguage\":\"es\",\"@id\":\"https:\/\/potenciaradiofonicadominicana.com\/portal\/#\/schema\/logo\/image\/\",\"url\":\"https:\/\/potenciaradiofonicadominicana.com\/portal\/wp-content\/uploads\/2022\/01\/descarga.png\",\"contentUrl\":\"https:\/\/potenciaradiofonicadominicana.com\/portal\/wp-content\/uploads\/2022\/01\/descarga.png\",\"width\":300,\"height\":100,\"caption\":\"PotenciaRadiofonicaDominicana.com\"},\"image\":{\"@id\":\"https:\/\/potenciaradiofonicadominicana.com\/portal\/#\/schema\/logo\/image\/\"},\"sameAs\":[\"https:\/\/web.facebook.com\/PotenciaRadiofonicaD\"]},{\"@type\":\"Person\",\"@id\":\"https:\/\/potenciaradiofonicadominicana.com\/portal\/#\/schema\/person\/a5cf1fea13877803ee0573ac18b03490\",\"name\":\"Potencia Radiof\u00f3nica Dominicana\",\"image\":{\"@type\":\"ImageObject\",\"inLanguage\":\"es\",\"@id\":\"https:\/\/potenciaradiofonicadominicana.com\/portal\/#\/schema\/person\/image\/\",\"url\":\"https:\/\/secure.gravatar.com\/avatar\/42a55ab9e8ccc656ba34cd791990602a?s=96&d=mm&r=g\",\"contentUrl\":\"https:\/\/secure.gravatar.com\/avatar\/42a55ab9e8ccc656ba34cd791990602a?s=96&d=mm&r=g\",\"caption\":\"Potencia Radiof\u00f3nica Dominicana\"},\"url\":\"https:\/\/potenciaradiofonicadominicana.com\/portal\/author\/johannyalmanzar\/\"}]}<\/script>\n<!-- \/ Yoast SEO plugin. -->","yoast_head_json":{"title":"Presidente Abinader env\u00eda mensaje a los jugadores dominicanos - PotenciaRadiofonicaDominicana.com","robots":{"index":"index","follow":"follow","max-snippet":"max-snippet:-1","max-image-preview":"max-image-preview:large","max-video-preview":"max-video-preview:-1"},"canonical":"https:\/\/potenciaradiofonicadominicana.com\/portal\/presidente-abinader-envia-mensaje-a-los-jugadores-dominicanos\/","og_locale":"es_ES","og_type":"article","og_title":"Presidente Abinader env\u00eda mensaje a los jugadores dominicanos - PotenciaRadiofonicaDominicana.com","og_description":"El presidente de la Rep\u00fablica Dominicana Luis Abinader se tom\u00f3 un momento de su agenda dominical para enviarle un mensaje ...","og_url":"https:\/\/potenciaradiofonicadominicana.com\/portal\/presidente-abinader-envia-mensaje-a-los-jugadores-dominicanos\/","og_site_name":"PotenciaRadiofonicaDominicana.com","article_publisher":"https:\/\/web.facebook.com\/PotenciaRadiofonicaD","article_published_time":"2026-03-01T23:13:35+00:00","og_image":[{"width":1306,"height":900,"url":"https:\/\/potenciaradiofonicadominicana.com\/portal\/wp-content\/uploads\/2026\/03\/IMG-20260301-WA0025.webp","type":"image\/webp"}],"author":"Potencia Radiof\u00f3nica Dominicana","twitter_card":"summary_large_image","twitter_misc":{"Escrito por":"Potencia Radiof\u00f3nica Dominicana","Tiempo de lectura":"2 minutos"},"schema":{"@context":"https:\/\/schema.org","@graph":[{"@type":"Article","@id":"https:\/\/potenciaradiofonicadominicana.com\/portal\/presidente-abinader-envia-mensaje-a-los-jugadores-dominicanos\/#article","isPartOf":{"@id":"https:\/\/potenciaradiofonicadominicana.com\/portal\/presidente-abinader-envia-mensaje-a-los-jugadores-dominicanos\/"},"author":{"name":"Potencia Radiof\u00f3nica Dominicana","@id":"https:\/\/potenciaradiofonicadominicana.com\/portal\/#\/schema\/person\/a5cf1fea13877803ee0573ac18b03490"},"headline":"Presidente Abinader env\u00eda mensaje a los jugadores dominicanos","datePublished":"2026-03-01T23:13:35+00:00","mainEntityOfPage":{"@id":"https:\/\/potenciaradiofonicadominicana.com\/portal\/presidente-abinader-envia-mensaje-a-los-jugadores-dominicanos\/"},"wordCount":268,"publisher":{"@id":"https:\/\/potenciaradiofonicadominicana.com\/portal\/#organization"},"image":{"@id":"https:\/\/potenciaradiofonicadominicana.com\/portal\/presidente-abinader-envia-mensaje-a-los-jugadores-dominicanos\/#primaryimage"},"thumbnailUrl":"https:\/\/potenciaradiofonicadominicana.com\/portal\/wp-content\/uploads\/2026\/03\/IMG-20260301-WA0025.webp","articleSection":["Deportes"],"inLanguage":"es"},{"@type":"WebPage","@id":"https:\/\/potenciaradiofonicadominicana.com\/portal\/presidente-abinader-envia-mensaje-a-los-jugadores-dominicanos\/","url":"https:\/\/potenciaradiofonicadominicana.com\/portal\/presidente-abinader-envia-mensaje-a-los-jugadores-dominicanos\/","name":"Presidente Abinader env\u00eda mensaje a los jugadores dominicanos - PotenciaRadiofonicaDominicana.com","isPartOf":{"@id":"https:\/\/potenciaradiofonicadominicana.com\/portal\/#website"},"primaryImageOfPage":{"@id":"https:\/\/potenciaradiofonicadominicana.com\/portal\/presidente-abinader-envia-mensaje-a-los-jugadores-dominicanos\/#primaryimage"},"image":{"@id":"https:\/\/potenciaradiofonicadominicana.com\/portal\/presidente-abinader-envia-mensaje-a-los-jugadores-dominicanos\/#primaryimage"},"thumbnailUrl":"https:\/\/potenciaradiofonicadominicana.com\/portal\/wp-content\/uploads\/2026\/03\/IMG-20260301-WA0025.webp","datePublished":"2026-03-01T23:13:35+00:00","breadcrumb":{"@id":"https:\/\/potenciaradiofonicadominicana.com\/portal\/presidente-abinader-envia-mensaje-a-los-jugadores-dominicanos\/#breadcrumb"},"inLanguage":"es","potentialAction":[{"@type":"ReadAction","target":["https:\/\/potenciaradiofonicadominicana.com\/portal\/presidente-abinader-envia-mensaje-a-los-jugadores-dominicanos\/"]}]},{"@type":"ImageObject","inLanguage":"es","@id":"https:\/\/potenciaradiofonicadominicana.com\/portal\/presidente-abinader-envia-mensaje-a-los-jugadores-dominicanos\/#primaryimage","url":"https:\/\/potenciaradiofonicadominicana.com\/portal\/wp-content\/uploads\/2026\/03\/IMG-20260301-WA0025.webp","contentUrl":"https:\/\/potenciaradiofonicadominicana.com\/portal\/wp-content\/uploads\/2026\/03\/IMG-20260301-WA0025.webp","width":1306,"height":900},{"@type":"BreadcrumbList","@id":"https:\/\/potenciaradiofonicadominicana.com\/portal\/presidente-abinader-envia-mensaje-a-los-jugadores-dominicanos\/#breadcrumb","itemListElement":[{"@type":"ListItem","position":1,"name":"Portada","item":"https:\/\/potenciaradiofonicadominicana.com\/portal\/"},{"@type":"ListItem","position":2,"name":"Presidente Abinader env\u00eda mensaje a los jugadores dominicanos"}]},{"@type":"WebSite","@id":"https:\/\/potenciaradiofonicadominicana.com\/portal\/#website","url":"https:\/\/potenciaradiofonicadominicana.com\/portal\/","name":"PotenciaRadiofonicaDominicana.com","description":"Peri\u00f3dico Digital","publisher":{"@id":"https:\/\/potenciaradiofonicadominicana.com\/portal\/#organization"},"potentialAction":[{"@type":"SearchAction","target":{"@type":"EntryPoint","urlTemplate":"https:\/\/potenciaradiofonicadominicana.com\/portal\/?s={search_term_string}"},"query-input":{"@type":"PropertyValueSpecification","valueRequired":true,"valueName":"search_term_string"}}],"inLanguage":"es"},{"@type":"Organization","@id":"https:\/\/potenciaradiofonicadominicana.com\/portal\/#organization","name":"PotenciaRadiofonicaDominicana.com","url":"https:\/\/potenciaradiofonicadominicana.com\/portal\/","logo":{"@type":"ImageObject","inLanguage":"es","@id":"https:\/\/potenciaradiofonicadominicana.com\/portal\/#\/schema\/logo\/image\/","url":"https:\/\/potenciaradiofonicadominicana.com\/portal\/wp-content\/uploads\/2022\/01\/descarga.png","contentUrl":"https:\/\/potenciaradiofonicadominicana.com\/portal\/wp-content\/uploads\/2022\/01\/descarga.png","width":300,"height":100,"caption":"PotenciaRadiofonicaDominicana.com"},"image":{"@id":"https:\/\/potenciaradiofonicadominicana.com\/portal\/#\/schema\/logo\/image\/"},"sameAs":["https:\/\/web.facebook.com\/PotenciaRadiofonicaD"]},{"@type":"Person","@id":"https:\/\/potenciaradiofonicadominicana.com\/portal\/#\/schema\/person\/a5cf1fea13877803ee0573ac18b03490","name":"Potencia Radiof\u00f3nica Dominicana","image":{"@type":"ImageObject","inLanguage":"es","@id":"https:\/\/potenciaradiofonicadominicana.com\/portal\/#\/schema\/person\/image\/","url":"https:\/\/secure.gravatar.com\/avatar\/42a55ab9e8ccc656ba34cd791990602a?s=96&d=mm&r=g","contentUrl":"https:\/\/secure.gravatar.com\/avatar\/42a55ab9e8ccc656ba34cd791990602a?s=96&d=mm&r=g","caption":"Potencia Radiof\u00f3nica Dominicana"},"url":"https:\/\/potenciaradiofonicadominicana.com\/portal\/author\/johannyalmanzar\/"}]}},"_links":{"self":[{"href":"https:\/\/potenciaradiofonicadominicana.com\/portal\/wp-json\/wp\/v2\/posts\/212287","targetHints":{"allow":["GET"]}}],"collection":[{"href":"https:\/\/potenciaradiofonicadominicana.com\/portal\/wp-json\/wp\/v2\/posts"}],"about":[{"href":"https:\/\/potenciaradiofonicadominicana.com\/portal\/wp-json\/wp\/v2\/types\/post"}],"author":[{"embeddable":true,"href":"https:\/\/potenciaradiofonicadominicana.com\/portal\/wp-json\/wp\/v2\/users\/2"}],"replies":[{"embeddable":true,"href":"https:\/\/potenciaradiofonicadominicana.com\/portal\/wp-json\/wp\/v2\/comments?post=212287"}],"version-history":[{"count":1,"href":"https:\/\/potenciaradiofonicadominicana.com\/portal\/wp-json\/wp\/v2\/posts\/212287\/revisions"}],"predecessor-version":[{"id":212289,"href":"https:\/\/potenciaradiofonicadominicana.com\/portal\/wp-json\/wp\/v2\/posts\/212287\/revisions\/212289"}],"wp:featuredmedia":[{"embeddable":true,"href":"https:\/\/potenciaradiofonicadominicana.com\/portal\/wp-json\/wp\/v2\/media\/212288"}],"wp:attachment":[{"href":"https:\/\/potenciaradiofonicadominicana.com\/portal\/wp-json\/wp\/v2\/media?parent=212287"}],"wp:term":[{"taxonomy":"category","embeddable":true,"href":"https:\/\/potenciaradiofonicadominicana.com\/portal\/wp-json\/wp\/v2\/categories?post=212287"},{"taxonomy":"post_tag","embeddable":true,"href":"https:\/\/potenciaradiofonicadominicana.com\/portal\/wp-json\/wp\/v2\/tags?post=212287"}],"curies":[{"name":"wp","href":"https:\/\/api.w.org\/{rel}","templated":true}]}}