{"id":212148,"date":"2026-02-24T21:53:05","date_gmt":"2026-02-25T01:53:05","guid":{"rendered":"https:\/\/potenciaradiofonicadominicana.com\/portal\/?p=212148"},"modified":"2026-02-24T21:53:05","modified_gmt":"2026-02-25T01:53:05","slug":"pujols-define-la-rotacion-abridora-para-el-clasico-mundial-de-beisbol","status":"publish","type":"post","link":"https:\/\/potenciaradiofonicadominicana.com\/portal\/pujols-define-la-rotacion-abridora-para-el-clasico-mundial-de-beisbol\/","title":{"rendered":"Pujols define la rotaci\u00f3n abridora para el Cl\u00e1sico Mundial de B\u00e9isbol"},"content":{"rendered":"<p><a href=\"https:\/\/potenciaradiofonicadominicana.com\/portal\/wp-content\/uploads\/2026\/02\/albert-pujols-define-la-rotacion-para-el-clasico-mundial-de-beisbol-e50489d2-focus-0.08-0.66-1200-675.jpg\"><img loading=\"lazy\" decoding=\"async\" class=\"alignnone size-full wp-image-212149\" src=\"https:\/\/potenciaradiofonicadominicana.com\/portal\/wp-content\/uploads\/2026\/02\/albert-pujols-define-la-rotacion-para-el-clasico-mundial-de-beisbol-e50489d2-focus-0.08-0.66-1200-675.jpg\" alt=\"\" width=\"1200\" height=\"675\" srcset=\"https:\/\/potenciaradiofonicadominicana.com\/portal\/wp-content\/uploads\/2026\/02\/albert-pujols-define-la-rotacion-para-el-clasico-mundial-de-beisbol-e50489d2-focus-0.08-0.66-1200-675.jpg 1200w, https:\/\/potenciaradiofonicadominicana.com\/portal\/wp-content\/uploads\/2026\/02\/albert-pujols-define-la-rotacion-para-el-clasico-mundial-de-beisbol-e50489d2-focus-0.08-0.66-1200-675-300x169.jpg 300w, https:\/\/potenciaradiofonicadominicana.com\/portal\/wp-content\/uploads\/2026\/02\/albert-pujols-define-la-rotacion-para-el-clasico-mundial-de-beisbol-e50489d2-focus-0.08-0.66-1200-675-1024x576.jpg 1024w, https:\/\/potenciaradiofonicadominicana.com\/portal\/wp-content\/uploads\/2026\/02\/albert-pujols-define-la-rotacion-para-el-clasico-mundial-de-beisbol-e50489d2-focus-0.08-0.66-1200-675-768x432.jpg 768w\" sizes=\"auto, (max-width: 1200px) 100vw, 1200px\" \/><\/a><\/p>\n<p>Albert Pujols, el m\u00e1nager de la selecci\u00f3n de la Rep\u00fablica Dominicana, ha despejado finalmente las dudas sobre el plan de ataque del conjunto quisqueyano para la fase de grupos del Cl\u00e1sico Mundial de B\u00e9isbol 2026.<\/p>\n<p>Durante su intervenci\u00f3n en el programa radial Ma\u00f1ana Deportiva este martes, la leyenda del b\u00e9isbol revel\u00f3 la rotaci\u00f3n oficial de abridores que buscar\u00e1 devolverle la corona al pa\u00eds en el evento que se celebrar\u00e1 en Miami.<\/p>\n<p>Cristopher S\u00e1nchez abrir\u00e1 ante Nicaragua, Luis Severino seguir\u00e1 frente a Pa\u00edses Bajos, Brayan Bello frente a Israel y Sandy Alc\u00e1ntara ante Venezuela.<\/p>\n<p>Con un enfoque centrado en la estrategia y reconociendo que no existen rivales peque\u00f1os en un torneo corto, Pujols present\u00f3 a los cuatro brazos encargados de liderar la primera ronda en el loanDepot Park.<\/p>\n<p>La hoja de ruta<br \/>\nLa rotaci\u00f3n dominicana iniciar\u00e1 su camino con el zurdo Cristopher S\u00e1nchez, quien subir\u00e1 a la lomita para el Juego Inaugural el pr\u00f3ximo 6 de marzo frente a Nicaragua. S\u00e1nchez, estelar de los Filis de Filadelfia, viene de una temporada 2025 dominante donde registr\u00f3 una efectividad de 2.50 y lider\u00f3 el WAR entre los abridores de la Liga Nacional.<\/p>\n<p>La rotaci\u00f3n de Estados Unidos mete miedo y Paul Skenes tiene responsabilidad<br \/>\nPara Miguel Tejada, el Cl\u00e1sico Mundial de B\u00e9isbol se gana desde el mont\u00edculo<br \/>\nB\u00e9isbol<br \/>\nPara Miguel Tejada, el Cl\u00e1sico Mundial de B\u00e9isbol se gana desde el mont\u00edculo<br \/>\nLuis Severino se prepara para brillar con Rep\u00fablica Dominicana en el Cl\u00e1sico Mundial de B\u00e9isbol<br \/>\nB\u00e9isbol<br \/>\nLuis Severino se prepara para brillar con Rep\u00fablica Dominicana en el Cl\u00e1sico Mundial de B\u00e9isbol<br \/>\nPara el segundo compromiso el 8 de marzo, la responsabilidad recaer\u00e1 sobre el veterano Luis Severino, quien tendr\u00e1 el desaf\u00edo de enfrentar a la siempre peligrosa escuadra de los Pa\u00edses Bajos. Pujols apuesta por la experiencia de Severino para manejar un partido que hist\u00f3ricamente ha sido complicado para los dominicanos.<\/p>\n<p>El lunes 9 de marzo, el joven talento de los Medias Rojas de Boston, Brayan Bello, ser\u00e1 el encargado de abrir frente a Israel. Bello ha sido destacado por Pujols como un lanzador que sigue encontrando su mejor forma en las Grandes Ligas y que tiene el arsenal necesario para silenciar a la escuadra israel\u00ed.<\/p>\n<p>El cierre de la fase de grupos ser\u00e1 una \u00abfinal adelantada\u00bb. El as de los Marlins de Miami y ganador del Cy Young, Sandy Alc\u00e1ntara, se medir\u00e1 ante Venezuela el 11 de marzo. Este duelo es, sin duda, el m\u00e1s esperado del Grupo D, y Alc\u00e1ntara buscar\u00e1 su revancha personal en su propia casa en Florida.<\/p>\n<p>Estrategia y disciplina como pilares<br \/>\n\u00abEsto es un torneo corto y tienes que jugar con estrategia&#8230; Ninguno de estos equipos son d\u00e9biles, tienes que tratarlos como si fueran de los mejores\u00bb, expres\u00f3 Pujols durante la entrevista.<\/p>\n<p>El dirigente enfatiz\u00f3 que la disciplina y el aprendizaje de ediciones anteriores han sido clave para la preparaci\u00f3n de este a\u00f1o.<br \/>\nCon un roster que incluye nombres como Juan Soto, Vladimir Guerrero Jr. y Manny Machado, el equipo dominicano parte como uno de los grandes favoritos, pero la rotaci\u00f3n de abridores ser\u00e1 el term\u00f3metro real del \u00e9xito del combinado.<\/p>\n","protected":false},"excerpt":{"rendered":"<p>Albert Pujols, el m\u00e1nager de la selecci\u00f3n de la Rep\u00fablica Dominicana, ha despejado finalmente las dudas sobre el plan de &#8230;<\/p>\n","protected":false},"author":2,"featured_media":212149,"comment_status":"closed","ping_status":"closed","sticky":false,"template":"","format":"standard","meta":{"footnotes":""},"categories":[28],"tags":[],"class_list":["post-212148","post","type-post","status-publish","format-standard","has-post-thumbnail","hentry","category-deportes"],"yoast_head":"<!-- This site is optimized with the Yoast SEO plugin v24.8.1 - https:\/\/yoast.com\/wordpress\/plugins\/seo\/ -->\n<title>Pujols define la rotaci\u00f3n abridora para el Cl\u00e1sico Mundial de B\u00e9isbol - PotenciaRadiofonicaDominicana.com<\/title>\n<meta name=\"robots\" content=\"index, follow, max-snippet:-1, max-image-preview:large, max-video-preview:-1\" \/>\n<link rel=\"canonical\" href=\"https:\/\/potenciaradiofonicadominicana.com\/portal\/pujols-define-la-rotacion-abridora-para-el-clasico-mundial-de-beisbol\/\" \/>\n<meta property=\"og:locale\" content=\"es_ES\" \/>\n<meta property=\"og:type\" content=\"article\" \/>\n<meta property=\"og:title\" content=\"Pujols define la rotaci\u00f3n abridora para el Cl\u00e1sico Mundial de B\u00e9isbol - PotenciaRadiofonicaDominicana.com\" \/>\n<meta property=\"og:description\" content=\"Albert Pujols, el m\u00e1nager de la selecci\u00f3n de la Rep\u00fablica Dominicana, ha despejado finalmente las dudas sobre el plan de ...\" \/>\n<meta property=\"og:url\" content=\"https:\/\/potenciaradiofonicadominicana.com\/portal\/pujols-define-la-rotacion-abridora-para-el-clasico-mundial-de-beisbol\/\" \/>\n<meta property=\"og:site_name\" content=\"PotenciaRadiofonicaDominicana.com\" \/>\n<meta property=\"article:publisher\" content=\"https:\/\/web.facebook.com\/PotenciaRadiofonicaD\" \/>\n<meta property=\"article:published_time\" content=\"2026-02-25T01:53:05+00:00\" \/>\n<meta property=\"og:image\" content=\"https:\/\/potenciaradiofonicadominicana.com\/portal\/wp-content\/uploads\/2026\/02\/albert-pujols-define-la-rotacion-para-el-clasico-mundial-de-beisbol-e50489d2-focus-0.08-0.66-1200-675.jpg\" \/>\n\t<meta property=\"og:image:width\" content=\"1200\" \/>\n\t<meta property=\"og:image:height\" content=\"675\" \/>\n\t<meta property=\"og:image:type\" content=\"image\/jpeg\" \/>\n<meta name=\"author\" content=\"Potencia Radiof\u00f3nica Dominicana\" \/>\n<meta name=\"twitter:card\" content=\"summary_large_image\" \/>\n<meta name=\"twitter:label1\" content=\"Escrito por\" \/>\n\t<meta name=\"twitter:data1\" content=\"Potencia Radiof\u00f3nica Dominicana\" \/>\n\t<meta name=\"twitter:label2\" content=\"Tiempo de lectura\" \/>\n\t<meta name=\"twitter:data2\" content=\"3 minutos\" \/>\n<script type=\"application\/ld+json\" class=\"yoast-schema-graph\">{\"@context\":\"https:\/\/schema.org\",\"@graph\":[{\"@type\":\"Article\",\"@id\":\"https:\/\/potenciaradiofonicadominicana.com\/portal\/pujols-define-la-rotacion-abridora-para-el-clasico-mundial-de-beisbol\/#article\",\"isPartOf\":{\"@id\":\"https:\/\/potenciaradiofonicadominicana.com\/portal\/pujols-define-la-rotacion-abridora-para-el-clasico-mundial-de-beisbol\/\"},\"author\":{\"name\":\"Potencia Radiof\u00f3nica Dominicana\",\"@id\":\"https:\/\/potenciaradiofonicadominicana.com\/portal\/#\/schema\/person\/a5cf1fea13877803ee0573ac18b03490\"},\"headline\":\"Pujols define la rotaci\u00f3n abridora para el Cl\u00e1sico Mundial de B\u00e9isbol\",\"datePublished\":\"2026-02-25T01:53:05+00:00\",\"mainEntityOfPage\":{\"@id\":\"https:\/\/potenciaradiofonicadominicana.com\/portal\/pujols-define-la-rotacion-abridora-para-el-clasico-mundial-de-beisbol\/\"},\"wordCount\":566,\"publisher\":{\"@id\":\"https:\/\/potenciaradiofonicadominicana.com\/portal\/#organization\"},\"image\":{\"@id\":\"https:\/\/potenciaradiofonicadominicana.com\/portal\/pujols-define-la-rotacion-abridora-para-el-clasico-mundial-de-beisbol\/#primaryimage\"},\"thumbnailUrl\":\"https:\/\/potenciaradiofonicadominicana.com\/portal\/wp-content\/uploads\/2026\/02\/albert-pujols-define-la-rotacion-para-el-clasico-mundial-de-beisbol-e50489d2-focus-0.08-0.66-1200-675.jpg\",\"articleSection\":[\"Deportes\"],\"inLanguage\":\"es\"},{\"@type\":\"WebPage\",\"@id\":\"https:\/\/potenciaradiofonicadominicana.com\/portal\/pujols-define-la-rotacion-abridora-para-el-clasico-mundial-de-beisbol\/\",\"url\":\"https:\/\/potenciaradiofonicadominicana.com\/portal\/pujols-define-la-rotacion-abridora-para-el-clasico-mundial-de-beisbol\/\",\"name\":\"Pujols define la rotaci\u00f3n abridora para el Cl\u00e1sico Mundial de B\u00e9isbol - PotenciaRadiofonicaDominicana.com\",\"isPartOf\":{\"@id\":\"https:\/\/potenciaradiofonicadominicana.com\/portal\/#website\"},\"primaryImageOfPage\":{\"@id\":\"https:\/\/potenciaradiofonicadominicana.com\/portal\/pujols-define-la-rotacion-abridora-para-el-clasico-mundial-de-beisbol\/#primaryimage\"},\"image\":{\"@id\":\"https:\/\/potenciaradiofonicadominicana.com\/portal\/pujols-define-la-rotacion-abridora-para-el-clasico-mundial-de-beisbol\/#primaryimage\"},\"thumbnailUrl\":\"https:\/\/potenciaradiofonicadominicana.com\/portal\/wp-content\/uploads\/2026\/02\/albert-pujols-define-la-rotacion-para-el-clasico-mundial-de-beisbol-e50489d2-focus-0.08-0.66-1200-675.jpg\",\"datePublished\":\"2026-02-25T01:53:05+00:00\",\"breadcrumb\":{\"@id\":\"https:\/\/potenciaradiofonicadominicana.com\/portal\/pujols-define-la-rotacion-abridora-para-el-clasico-mundial-de-beisbol\/#breadcrumb\"},\"inLanguage\":\"es\",\"potentialAction\":[{\"@type\":\"ReadAction\",\"target\":[\"https:\/\/potenciaradiofonicadominicana.com\/portal\/pujols-define-la-rotacion-abridora-para-el-clasico-mundial-de-beisbol\/\"]}]},{\"@type\":\"ImageObject\",\"inLanguage\":\"es\",\"@id\":\"https:\/\/potenciaradiofonicadominicana.com\/portal\/pujols-define-la-rotacion-abridora-para-el-clasico-mundial-de-beisbol\/#primaryimage\",\"url\":\"https:\/\/potenciaradiofonicadominicana.com\/portal\/wp-content\/uploads\/2026\/02\/albert-pujols-define-la-rotacion-para-el-clasico-mundial-de-beisbol-e50489d2-focus-0.08-0.66-1200-675.jpg\",\"contentUrl\":\"https:\/\/potenciaradiofonicadominicana.com\/portal\/wp-content\/uploads\/2026\/02\/albert-pujols-define-la-rotacion-para-el-clasico-mundial-de-beisbol-e50489d2-focus-0.08-0.66-1200-675.jpg\",\"width\":1200,\"height\":675},{\"@type\":\"BreadcrumbList\",\"@id\":\"https:\/\/potenciaradiofonicadominicana.com\/portal\/pujols-define-la-rotacion-abridora-para-el-clasico-mundial-de-beisbol\/#breadcrumb\",\"itemListElement\":[{\"@type\":\"ListItem\",\"position\":1,\"name\":\"Portada\",\"item\":\"https:\/\/potenciaradiofonicadominicana.com\/portal\/\"},{\"@type\":\"ListItem\",\"position\":2,\"name\":\"Pujols define la rotaci\u00f3n abridora para el Cl\u00e1sico Mundial de B\u00e9isbol\"}]},{\"@type\":\"WebSite\",\"@id\":\"https:\/\/potenciaradiofonicadominicana.com\/portal\/#website\",\"url\":\"https:\/\/potenciaradiofonicadominicana.com\/portal\/\",\"name\":\"PotenciaRadiofonicaDominicana.com\",\"description\":\"Peri\u00f3dico Digital\",\"publisher\":{\"@id\":\"https:\/\/potenciaradiofonicadominicana.com\/portal\/#organization\"},\"potentialAction\":[{\"@type\":\"SearchAction\",\"target\":{\"@type\":\"EntryPoint\",\"urlTemplate\":\"https:\/\/potenciaradiofonicadominicana.com\/portal\/?s={search_term_string}\"},\"query-input\":{\"@type\":\"PropertyValueSpecification\",\"valueRequired\":true,\"valueName\":\"search_term_string\"}}],\"inLanguage\":\"es\"},{\"@type\":\"Organization\",\"@id\":\"https:\/\/potenciaradiofonicadominicana.com\/portal\/#organization\",\"name\":\"PotenciaRadiofonicaDominicana.com\",\"url\":\"https:\/\/potenciaradiofonicadominicana.com\/portal\/\",\"logo\":{\"@type\":\"ImageObject\",\"inLanguage\":\"es\",\"@id\":\"https:\/\/potenciaradiofonicadominicana.com\/portal\/#\/schema\/logo\/image\/\",\"url\":\"https:\/\/potenciaradiofonicadominicana.com\/portal\/wp-content\/uploads\/2022\/01\/descarga.png\",\"contentUrl\":\"https:\/\/potenciaradiofonicadominicana.com\/portal\/wp-content\/uploads\/2022\/01\/descarga.png\",\"width\":300,\"height\":100,\"caption\":\"PotenciaRadiofonicaDominicana.com\"},\"image\":{\"@id\":\"https:\/\/potenciaradiofonicadominicana.com\/portal\/#\/schema\/logo\/image\/\"},\"sameAs\":[\"https:\/\/web.facebook.com\/PotenciaRadiofonicaD\"]},{\"@type\":\"Person\",\"@id\":\"https:\/\/potenciaradiofonicadominicana.com\/portal\/#\/schema\/person\/a5cf1fea13877803ee0573ac18b03490\",\"name\":\"Potencia Radiof\u00f3nica Dominicana\",\"image\":{\"@type\":\"ImageObject\",\"inLanguage\":\"es\",\"@id\":\"https:\/\/potenciaradiofonicadominicana.com\/portal\/#\/schema\/person\/image\/\",\"url\":\"https:\/\/secure.gravatar.com\/avatar\/42a55ab9e8ccc656ba34cd791990602a?s=96&d=mm&r=g\",\"contentUrl\":\"https:\/\/secure.gravatar.com\/avatar\/42a55ab9e8ccc656ba34cd791990602a?s=96&d=mm&r=g\",\"caption\":\"Potencia Radiof\u00f3nica Dominicana\"},\"url\":\"https:\/\/potenciaradiofonicadominicana.com\/portal\/author\/johannyalmanzar\/\"}]}<\/script>\n<!-- \/ Yoast SEO plugin. -->","yoast_head_json":{"title":"Pujols define la rotaci\u00f3n abridora para el Cl\u00e1sico Mundial de B\u00e9isbol - PotenciaRadiofonicaDominicana.com","robots":{"index":"index","follow":"follow","max-snippet":"max-snippet:-1","max-image-preview":"max-image-preview:large","max-video-preview":"max-video-preview:-1"},"canonical":"https:\/\/potenciaradiofonicadominicana.com\/portal\/pujols-define-la-rotacion-abridora-para-el-clasico-mundial-de-beisbol\/","og_locale":"es_ES","og_type":"article","og_title":"Pujols define la rotaci\u00f3n abridora para el Cl\u00e1sico Mundial de B\u00e9isbol - PotenciaRadiofonicaDominicana.com","og_description":"Albert Pujols, el m\u00e1nager de la selecci\u00f3n de la Rep\u00fablica Dominicana, ha despejado finalmente las dudas sobre el plan de ...","og_url":"https:\/\/potenciaradiofonicadominicana.com\/portal\/pujols-define-la-rotacion-abridora-para-el-clasico-mundial-de-beisbol\/","og_site_name":"PotenciaRadiofonicaDominicana.com","article_publisher":"https:\/\/web.facebook.com\/PotenciaRadiofonicaD","article_published_time":"2026-02-25T01:53:05+00:00","og_image":[{"width":1200,"height":675,"url":"https:\/\/potenciaradiofonicadominicana.com\/portal\/wp-content\/uploads\/2026\/02\/albert-pujols-define-la-rotacion-para-el-clasico-mundial-de-beisbol-e50489d2-focus-0.08-0.66-1200-675.jpg","type":"image\/jpeg"}],"author":"Potencia Radiof\u00f3nica Dominicana","twitter_card":"summary_large_image","twitter_misc":{"Escrito por":"Potencia Radiof\u00f3nica Dominicana","Tiempo de lectura":"3 minutos"},"schema":{"@context":"https:\/\/schema.org","@graph":[{"@type":"Article","@id":"https:\/\/potenciaradiofonicadominicana.com\/portal\/pujols-define-la-rotacion-abridora-para-el-clasico-mundial-de-beisbol\/#article","isPartOf":{"@id":"https:\/\/potenciaradiofonicadominicana.com\/portal\/pujols-define-la-rotacion-abridora-para-el-clasico-mundial-de-beisbol\/"},"author":{"name":"Potencia Radiof\u00f3nica Dominicana","@id":"https:\/\/potenciaradiofonicadominicana.com\/portal\/#\/schema\/person\/a5cf1fea13877803ee0573ac18b03490"},"headline":"Pujols define la rotaci\u00f3n abridora para el Cl\u00e1sico Mundial de B\u00e9isbol","datePublished":"2026-02-25T01:53:05+00:00","mainEntityOfPage":{"@id":"https:\/\/potenciaradiofonicadominicana.com\/portal\/pujols-define-la-rotacion-abridora-para-el-clasico-mundial-de-beisbol\/"},"wordCount":566,"publisher":{"@id":"https:\/\/potenciaradiofonicadominicana.com\/portal\/#organization"},"image":{"@id":"https:\/\/potenciaradiofonicadominicana.com\/portal\/pujols-define-la-rotacion-abridora-para-el-clasico-mundial-de-beisbol\/#primaryimage"},"thumbnailUrl":"https:\/\/potenciaradiofonicadominicana.com\/portal\/wp-content\/uploads\/2026\/02\/albert-pujols-define-la-rotacion-para-el-clasico-mundial-de-beisbol-e50489d2-focus-0.08-0.66-1200-675.jpg","articleSection":["Deportes"],"inLanguage":"es"},{"@type":"WebPage","@id":"https:\/\/potenciaradiofonicadominicana.com\/portal\/pujols-define-la-rotacion-abridora-para-el-clasico-mundial-de-beisbol\/","url":"https:\/\/potenciaradiofonicadominicana.com\/portal\/pujols-define-la-rotacion-abridora-para-el-clasico-mundial-de-beisbol\/","name":"Pujols define la rotaci\u00f3n abridora para el Cl\u00e1sico Mundial de B\u00e9isbol - PotenciaRadiofonicaDominicana.com","isPartOf":{"@id":"https:\/\/potenciaradiofonicadominicana.com\/portal\/#website"},"primaryImageOfPage":{"@id":"https:\/\/potenciaradiofonicadominicana.com\/portal\/pujols-define-la-rotacion-abridora-para-el-clasico-mundial-de-beisbol\/#primaryimage"},"image":{"@id":"https:\/\/potenciaradiofonicadominicana.com\/portal\/pujols-define-la-rotacion-abridora-para-el-clasico-mundial-de-beisbol\/#primaryimage"},"thumbnailUrl":"https:\/\/potenciaradiofonicadominicana.com\/portal\/wp-content\/uploads\/2026\/02\/albert-pujols-define-la-rotacion-para-el-clasico-mundial-de-beisbol-e50489d2-focus-0.08-0.66-1200-675.jpg","datePublished":"2026-02-25T01:53:05+00:00","breadcrumb":{"@id":"https:\/\/potenciaradiofonicadominicana.com\/portal\/pujols-define-la-rotacion-abridora-para-el-clasico-mundial-de-beisbol\/#breadcrumb"},"inLanguage":"es","potentialAction":[{"@type":"ReadAction","target":["https:\/\/potenciaradiofonicadominicana.com\/portal\/pujols-define-la-rotacion-abridora-para-el-clasico-mundial-de-beisbol\/"]}]},{"@type":"ImageObject","inLanguage":"es","@id":"https:\/\/potenciaradiofonicadominicana.com\/portal\/pujols-define-la-rotacion-abridora-para-el-clasico-mundial-de-beisbol\/#primaryimage","url":"https:\/\/potenciaradiofonicadominicana.com\/portal\/wp-content\/uploads\/2026\/02\/albert-pujols-define-la-rotacion-para-el-clasico-mundial-de-beisbol-e50489d2-focus-0.08-0.66-1200-675.jpg","contentUrl":"https:\/\/potenciaradiofonicadominicana.com\/portal\/wp-content\/uploads\/2026\/02\/albert-pujols-define-la-rotacion-para-el-clasico-mundial-de-beisbol-e50489d2-focus-0.08-0.66-1200-675.jpg","width":1200,"height":675},{"@type":"BreadcrumbList","@id":"https:\/\/potenciaradiofonicadominicana.com\/portal\/pujols-define-la-rotacion-abridora-para-el-clasico-mundial-de-beisbol\/#breadcrumb","itemListElement":[{"@type":"ListItem","position":1,"name":"Portada","item":"https:\/\/potenciaradiofonicadominicana.com\/portal\/"},{"@type":"ListItem","position":2,"name":"Pujols define la rotaci\u00f3n abridora para el Cl\u00e1sico Mundial de B\u00e9isbol"}]},{"@type":"WebSite","@id":"https:\/\/potenciaradiofonicadominicana.com\/portal\/#website","url":"https:\/\/potenciaradiofonicadominicana.com\/portal\/","name":"PotenciaRadiofonicaDominicana.com","description":"Peri\u00f3dico Digital","publisher":{"@id":"https:\/\/potenciaradiofonicadominicana.com\/portal\/#organization"},"potentialAction":[{"@type":"SearchAction","target":{"@type":"EntryPoint","urlTemplate":"https:\/\/potenciaradiofonicadominicana.com\/portal\/?s={search_term_string}"},"query-input":{"@type":"PropertyValueSpecification","valueRequired":true,"valueName":"search_term_string"}}],"inLanguage":"es"},{"@type":"Organization","@id":"https:\/\/potenciaradiofonicadominicana.com\/portal\/#organization","name":"PotenciaRadiofonicaDominicana.com","url":"https:\/\/potenciaradiofonicadominicana.com\/portal\/","logo":{"@type":"ImageObject","inLanguage":"es","@id":"https:\/\/potenciaradiofonicadominicana.com\/portal\/#\/schema\/logo\/image\/","url":"https:\/\/potenciaradiofonicadominicana.com\/portal\/wp-content\/uploads\/2022\/01\/descarga.png","contentUrl":"https:\/\/potenciaradiofonicadominicana.com\/portal\/wp-content\/uploads\/2022\/01\/descarga.png","width":300,"height":100,"caption":"PotenciaRadiofonicaDominicana.com"},"image":{"@id":"https:\/\/potenciaradiofonicadominicana.com\/portal\/#\/schema\/logo\/image\/"},"sameAs":["https:\/\/web.facebook.com\/PotenciaRadiofonicaD"]},{"@type":"Person","@id":"https:\/\/potenciaradiofonicadominicana.com\/portal\/#\/schema\/person\/a5cf1fea13877803ee0573ac18b03490","name":"Potencia Radiof\u00f3nica Dominicana","image":{"@type":"ImageObject","inLanguage":"es","@id":"https:\/\/potenciaradiofonicadominicana.com\/portal\/#\/schema\/person\/image\/","url":"https:\/\/secure.gravatar.com\/avatar\/42a55ab9e8ccc656ba34cd791990602a?s=96&d=mm&r=g","contentUrl":"https:\/\/secure.gravatar.com\/avatar\/42a55ab9e8ccc656ba34cd791990602a?s=96&d=mm&r=g","caption":"Potencia Radiof\u00f3nica Dominicana"},"url":"https:\/\/potenciaradiofonicadominicana.com\/portal\/author\/johannyalmanzar\/"}]}},"_links":{"self":[{"href":"https:\/\/potenciaradiofonicadominicana.com\/portal\/wp-json\/wp\/v2\/posts\/212148","targetHints":{"allow":["GET"]}}],"collection":[{"href":"https:\/\/potenciaradiofonicadominicana.com\/portal\/wp-json\/wp\/v2\/posts"}],"about":[{"href":"https:\/\/potenciaradiofonicadominicana.com\/portal\/wp-json\/wp\/v2\/types\/post"}],"author":[{"embeddable":true,"href":"https:\/\/potenciaradiofonicadominicana.com\/portal\/wp-json\/wp\/v2\/users\/2"}],"replies":[{"embeddable":true,"href":"https:\/\/potenciaradiofonicadominicana.com\/portal\/wp-json\/wp\/v2\/comments?post=212148"}],"version-history":[{"count":1,"href":"https:\/\/potenciaradiofonicadominicana.com\/portal\/wp-json\/wp\/v2\/posts\/212148\/revisions"}],"predecessor-version":[{"id":212150,"href":"https:\/\/potenciaradiofonicadominicana.com\/portal\/wp-json\/wp\/v2\/posts\/212148\/revisions\/212150"}],"wp:featuredmedia":[{"embeddable":true,"href":"https:\/\/potenciaradiofonicadominicana.com\/portal\/wp-json\/wp\/v2\/media\/212149"}],"wp:attachment":[{"href":"https:\/\/potenciaradiofonicadominicana.com\/portal\/wp-json\/wp\/v2\/media?parent=212148"}],"wp:term":[{"taxonomy":"category","embeddable":true,"href":"https:\/\/potenciaradiofonicadominicana.com\/portal\/wp-json\/wp\/v2\/categories?post=212148"},{"taxonomy":"post_tag","embeddable":true,"href":"https:\/\/potenciaradiofonicadominicana.com\/portal\/wp-json\/wp\/v2\/tags?post=212148"}],"curies":[{"name":"wp","href":"https:\/\/api.w.org\/{rel}","templated":true}]}}