{"id":212142,"date":"2026-02-24T21:49:51","date_gmt":"2026-02-25T01:49:51","guid":{"rendered":"https:\/\/potenciaradiofonicadominicana.com\/portal\/?p=212142"},"modified":"2026-02-24T21:49:51","modified_gmt":"2026-02-25T01:49:51","slug":"tarik-skubal-tendra-una-sola-apertura-en-el-clasico-mundial-de-beisbol","status":"publish","type":"post","link":"https:\/\/potenciaradiofonicadominicana.com\/portal\/tarik-skubal-tendra-una-sola-apertura-en-el-clasico-mundial-de-beisbol\/","title":{"rendered":"Tarik Skubal tendr\u00e1 una sola apertura en el Cl\u00e1sico Mundial de Beisbol"},"content":{"rendered":"<p><a href=\"https:\/\/potenciaradiofonicadominicana.com\/portal\/wp-content\/uploads\/2026\/02\/images_ImagnImages_mmsport_tigers_baseball_report_01k9v7c42fk801bndq8p-1024x576-1.webp\"><img loading=\"lazy\" decoding=\"async\" class=\"alignnone size-full wp-image-212143\" src=\"https:\/\/potenciaradiofonicadominicana.com\/portal\/wp-content\/uploads\/2026\/02\/images_ImagnImages_mmsport_tigers_baseball_report_01k9v7c42fk801bndq8p-1024x576-1.webp\" alt=\"\" width=\"1024\" height=\"576\" srcset=\"https:\/\/potenciaradiofonicadominicana.com\/portal\/wp-content\/uploads\/2026\/02\/images_ImagnImages_mmsport_tigers_baseball_report_01k9v7c42fk801bndq8p-1024x576-1.webp 1024w, https:\/\/potenciaradiofonicadominicana.com\/portal\/wp-content\/uploads\/2026\/02\/images_ImagnImages_mmsport_tigers_baseball_report_01k9v7c42fk801bndq8p-1024x576-1-300x169.webp 300w, https:\/\/potenciaradiofonicadominicana.com\/portal\/wp-content\/uploads\/2026\/02\/images_ImagnImages_mmsport_tigers_baseball_report_01k9v7c42fk801bndq8p-1024x576-1-768x432.webp 768w\" sizes=\"auto, (max-width: 1024px) 100vw, 1024px\" \/><\/a><\/p>\n<p class=\"paragraph\">El as de los Tigres de Detroit,\u00a0<b>Tarik Skubal<\/b>, planea hacer solo una apertura para Estados Unidos en el\u00a0<b>Cl\u00e1sico Mundial de B\u00e9isbol<\/b>, independientemente de cu\u00e1nto avance el equipo estadounidense.<\/p>\n<p class=\"paragraph\">El dos veces ganador del\u00a0<b>Premio Cy Young<\/b>\u00a0de la Liga Americana quiere mantener su rutina regular de entrenamiento de primavera y prepararse para el d\u00eda inaugural, principalmente con los Tigres.<\/p>\n<p class=\"paragraph\">\u00abLa raz\u00f3n por la que no lo anunci\u00e9 (antes) fue que quer\u00eda mantener el impulso en el Cl\u00e1sico Mundial de B\u00e9isbol, pero solo har\u00e9 una apertura y luego me quedar\u00e9 para algunos juegos\u00bb, dijo Skubal a los periodistas el lunes en Florida. \u00abNo he decidido qu\u00e9 juegos ver\u00e9. Si llegan a la final, creo que intentar\u00e9 presionar para ir a verlos y estar con los chicos. Pero s\u00ed, solo har\u00e9 una apertura y volver\u00e9 a la normalidad\u00bb.<\/p>\n<p class=\"paragraph\">Skubal hizo su primera apertura en la Liga de la Toronja el lunes, ponchando a cuatro en dos entradas en blanco con dos hits en la derrota de Detroit por 3-0 ante los Mellizos de Minnesota. Se espera que lance nuevamente para los Tigres el domingo contra los Azulejos de Toronto y luego abra para los EE. UU. a fines de la pr\u00f3xima semana durante el juego de grupos del\u00a0<b>Cl\u00e1sico Mundial de B\u00e9isbol<\/b>\u00a0en Houston.<\/p>\n<p class=\"paragraph\">Skubal, quien podr\u00eda convertirse en agente libre en oto\u00f1o, est\u00e1 programado para abrir el primer partido de la temporada de Detroit el 26 de marzo en San Diego. El lanzador zurdo de 29 a\u00f1os gan\u00f3 su audiencia de arbitraje salarial con los Tigres este mes y recibir\u00e1 $32 millones esta temporada en lugar de la oferta de $19 millones del equipo.<\/p>\n","protected":false},"excerpt":{"rendered":"<p>El as de los Tigres de Detroit,\u00a0Tarik Skubal, planea hacer solo una apertura para Estados Unidos en el\u00a0Cl\u00e1sico Mundial de &#8230;<\/p>\n","protected":false},"author":2,"featured_media":212143,"comment_status":"closed","ping_status":"closed","sticky":false,"template":"","format":"standard","meta":{"footnotes":""},"categories":[28],"tags":[],"class_list":["post-212142","post","type-post","status-publish","format-standard","has-post-thumbnail","hentry","category-deportes"],"yoast_head":"<!-- This site is optimized with the Yoast SEO plugin v24.8.1 - https:\/\/yoast.com\/wordpress\/plugins\/seo\/ -->\n<title>Tarik Skubal tendr\u00e1 una sola apertura en el Cl\u00e1sico Mundial de Beisbol - PotenciaRadiofonicaDominicana.com<\/title>\n<meta name=\"robots\" content=\"index, follow, max-snippet:-1, max-image-preview:large, max-video-preview:-1\" \/>\n<link rel=\"canonical\" href=\"https:\/\/potenciaradiofonicadominicana.com\/portal\/tarik-skubal-tendra-una-sola-apertura-en-el-clasico-mundial-de-beisbol\/\" \/>\n<meta property=\"og:locale\" content=\"es_ES\" \/>\n<meta property=\"og:type\" content=\"article\" \/>\n<meta property=\"og:title\" content=\"Tarik Skubal tendr\u00e1 una sola apertura en el Cl\u00e1sico Mundial de Beisbol - PotenciaRadiofonicaDominicana.com\" \/>\n<meta property=\"og:description\" content=\"El as de los Tigres de Detroit,\u00a0Tarik Skubal, planea hacer solo una apertura para Estados Unidos en el\u00a0Cl\u00e1sico Mundial de ...\" \/>\n<meta property=\"og:url\" content=\"https:\/\/potenciaradiofonicadominicana.com\/portal\/tarik-skubal-tendra-una-sola-apertura-en-el-clasico-mundial-de-beisbol\/\" \/>\n<meta property=\"og:site_name\" content=\"PotenciaRadiofonicaDominicana.com\" \/>\n<meta property=\"article:publisher\" content=\"https:\/\/web.facebook.com\/PotenciaRadiofonicaD\" \/>\n<meta property=\"article:published_time\" content=\"2026-02-25T01:49:51+00:00\" \/>\n<meta property=\"og:image\" content=\"https:\/\/potenciaradiofonicadominicana.com\/portal\/wp-content\/uploads\/2026\/02\/images_ImagnImages_mmsport_tigers_baseball_report_01k9v7c42fk801bndq8p-1024x576-1.webp\" \/>\n\t<meta property=\"og:image:width\" content=\"1024\" \/>\n\t<meta property=\"og:image:height\" content=\"576\" \/>\n\t<meta property=\"og:image:type\" content=\"image\/webp\" \/>\n<meta name=\"author\" content=\"Potencia Radiof\u00f3nica Dominicana\" \/>\n<meta name=\"twitter:card\" content=\"summary_large_image\" \/>\n<meta name=\"twitter:label1\" content=\"Escrito por\" \/>\n\t<meta name=\"twitter:data1\" content=\"Potencia Radiof\u00f3nica Dominicana\" \/>\n\t<meta name=\"twitter:label2\" content=\"Tiempo de lectura\" \/>\n\t<meta name=\"twitter:data2\" content=\"2 minutos\" \/>\n<script type=\"application\/ld+json\" class=\"yoast-schema-graph\">{\"@context\":\"https:\/\/schema.org\",\"@graph\":[{\"@type\":\"Article\",\"@id\":\"https:\/\/potenciaradiofonicadominicana.com\/portal\/tarik-skubal-tendra-una-sola-apertura-en-el-clasico-mundial-de-beisbol\/#article\",\"isPartOf\":{\"@id\":\"https:\/\/potenciaradiofonicadominicana.com\/portal\/tarik-skubal-tendra-una-sola-apertura-en-el-clasico-mundial-de-beisbol\/\"},\"author\":{\"name\":\"Potencia Radiof\u00f3nica Dominicana\",\"@id\":\"https:\/\/potenciaradiofonicadominicana.com\/portal\/#\/schema\/person\/a5cf1fea13877803ee0573ac18b03490\"},\"headline\":\"Tarik Skubal tendr\u00e1 una sola apertura en el Cl\u00e1sico Mundial de Beisbol\",\"datePublished\":\"2026-02-25T01:49:51+00:00\",\"mainEntityOfPage\":{\"@id\":\"https:\/\/potenciaradiofonicadominicana.com\/portal\/tarik-skubal-tendra-una-sola-apertura-en-el-clasico-mundial-de-beisbol\/\"},\"wordCount\":298,\"publisher\":{\"@id\":\"https:\/\/potenciaradiofonicadominicana.com\/portal\/#organization\"},\"image\":{\"@id\":\"https:\/\/potenciaradiofonicadominicana.com\/portal\/tarik-skubal-tendra-una-sola-apertura-en-el-clasico-mundial-de-beisbol\/#primaryimage\"},\"thumbnailUrl\":\"https:\/\/potenciaradiofonicadominicana.com\/portal\/wp-content\/uploads\/2026\/02\/images_ImagnImages_mmsport_tigers_baseball_report_01k9v7c42fk801bndq8p-1024x576-1.webp\",\"articleSection\":[\"Deportes\"],\"inLanguage\":\"es\"},{\"@type\":\"WebPage\",\"@id\":\"https:\/\/potenciaradiofonicadominicana.com\/portal\/tarik-skubal-tendra-una-sola-apertura-en-el-clasico-mundial-de-beisbol\/\",\"url\":\"https:\/\/potenciaradiofonicadominicana.com\/portal\/tarik-skubal-tendra-una-sola-apertura-en-el-clasico-mundial-de-beisbol\/\",\"name\":\"Tarik Skubal tendr\u00e1 una sola apertura en el Cl\u00e1sico Mundial de Beisbol - PotenciaRadiofonicaDominicana.com\",\"isPartOf\":{\"@id\":\"https:\/\/potenciaradiofonicadominicana.com\/portal\/#website\"},\"primaryImageOfPage\":{\"@id\":\"https:\/\/potenciaradiofonicadominicana.com\/portal\/tarik-skubal-tendra-una-sola-apertura-en-el-clasico-mundial-de-beisbol\/#primaryimage\"},\"image\":{\"@id\":\"https:\/\/potenciaradiofonicadominicana.com\/portal\/tarik-skubal-tendra-una-sola-apertura-en-el-clasico-mundial-de-beisbol\/#primaryimage\"},\"thumbnailUrl\":\"https:\/\/potenciaradiofonicadominicana.com\/portal\/wp-content\/uploads\/2026\/02\/images_ImagnImages_mmsport_tigers_baseball_report_01k9v7c42fk801bndq8p-1024x576-1.webp\",\"datePublished\":\"2026-02-25T01:49:51+00:00\",\"breadcrumb\":{\"@id\":\"https:\/\/potenciaradiofonicadominicana.com\/portal\/tarik-skubal-tendra-una-sola-apertura-en-el-clasico-mundial-de-beisbol\/#breadcrumb\"},\"inLanguage\":\"es\",\"potentialAction\":[{\"@type\":\"ReadAction\",\"target\":[\"https:\/\/potenciaradiofonicadominicana.com\/portal\/tarik-skubal-tendra-una-sola-apertura-en-el-clasico-mundial-de-beisbol\/\"]}]},{\"@type\":\"ImageObject\",\"inLanguage\":\"es\",\"@id\":\"https:\/\/potenciaradiofonicadominicana.com\/portal\/tarik-skubal-tendra-una-sola-apertura-en-el-clasico-mundial-de-beisbol\/#primaryimage\",\"url\":\"https:\/\/potenciaradiofonicadominicana.com\/portal\/wp-content\/uploads\/2026\/02\/images_ImagnImages_mmsport_tigers_baseball_report_01k9v7c42fk801bndq8p-1024x576-1.webp\",\"contentUrl\":\"https:\/\/potenciaradiofonicadominicana.com\/portal\/wp-content\/uploads\/2026\/02\/images_ImagnImages_mmsport_tigers_baseball_report_01k9v7c42fk801bndq8p-1024x576-1.webp\",\"width\":1024,\"height\":576},{\"@type\":\"BreadcrumbList\",\"@id\":\"https:\/\/potenciaradiofonicadominicana.com\/portal\/tarik-skubal-tendra-una-sola-apertura-en-el-clasico-mundial-de-beisbol\/#breadcrumb\",\"itemListElement\":[{\"@type\":\"ListItem\",\"position\":1,\"name\":\"Portada\",\"item\":\"https:\/\/potenciaradiofonicadominicana.com\/portal\/\"},{\"@type\":\"ListItem\",\"position\":2,\"name\":\"Tarik Skubal tendr\u00e1 una sola apertura en el Cl\u00e1sico Mundial de Beisbol\"}]},{\"@type\":\"WebSite\",\"@id\":\"https:\/\/potenciaradiofonicadominicana.com\/portal\/#website\",\"url\":\"https:\/\/potenciaradiofonicadominicana.com\/portal\/\",\"name\":\"PotenciaRadiofonicaDominicana.com\",\"description\":\"Peri\u00f3dico Digital\",\"publisher\":{\"@id\":\"https:\/\/potenciaradiofonicadominicana.com\/portal\/#organization\"},\"potentialAction\":[{\"@type\":\"SearchAction\",\"target\":{\"@type\":\"EntryPoint\",\"urlTemplate\":\"https:\/\/potenciaradiofonicadominicana.com\/portal\/?s={search_term_string}\"},\"query-input\":{\"@type\":\"PropertyValueSpecification\",\"valueRequired\":true,\"valueName\":\"search_term_string\"}}],\"inLanguage\":\"es\"},{\"@type\":\"Organization\",\"@id\":\"https:\/\/potenciaradiofonicadominicana.com\/portal\/#organization\",\"name\":\"PotenciaRadiofonicaDominicana.com\",\"url\":\"https:\/\/potenciaradiofonicadominicana.com\/portal\/\",\"logo\":{\"@type\":\"ImageObject\",\"inLanguage\":\"es\",\"@id\":\"https:\/\/potenciaradiofonicadominicana.com\/portal\/#\/schema\/logo\/image\/\",\"url\":\"https:\/\/potenciaradiofonicadominicana.com\/portal\/wp-content\/uploads\/2022\/01\/descarga.png\",\"contentUrl\":\"https:\/\/potenciaradiofonicadominicana.com\/portal\/wp-content\/uploads\/2022\/01\/descarga.png\",\"width\":300,\"height\":100,\"caption\":\"PotenciaRadiofonicaDominicana.com\"},\"image\":{\"@id\":\"https:\/\/potenciaradiofonicadominicana.com\/portal\/#\/schema\/logo\/image\/\"},\"sameAs\":[\"https:\/\/web.facebook.com\/PotenciaRadiofonicaD\"]},{\"@type\":\"Person\",\"@id\":\"https:\/\/potenciaradiofonicadominicana.com\/portal\/#\/schema\/person\/a5cf1fea13877803ee0573ac18b03490\",\"name\":\"Potencia Radiof\u00f3nica Dominicana\",\"image\":{\"@type\":\"ImageObject\",\"inLanguage\":\"es\",\"@id\":\"https:\/\/potenciaradiofonicadominicana.com\/portal\/#\/schema\/person\/image\/\",\"url\":\"https:\/\/secure.gravatar.com\/avatar\/42a55ab9e8ccc656ba34cd791990602a?s=96&d=mm&r=g\",\"contentUrl\":\"https:\/\/secure.gravatar.com\/avatar\/42a55ab9e8ccc656ba34cd791990602a?s=96&d=mm&r=g\",\"caption\":\"Potencia Radiof\u00f3nica Dominicana\"},\"url\":\"https:\/\/potenciaradiofonicadominicana.com\/portal\/author\/johannyalmanzar\/\"}]}<\/script>\n<!-- \/ Yoast SEO plugin. -->","yoast_head_json":{"title":"Tarik Skubal tendr\u00e1 una sola apertura en el Cl\u00e1sico Mundial de Beisbol - PotenciaRadiofonicaDominicana.com","robots":{"index":"index","follow":"follow","max-snippet":"max-snippet:-1","max-image-preview":"max-image-preview:large","max-video-preview":"max-video-preview:-1"},"canonical":"https:\/\/potenciaradiofonicadominicana.com\/portal\/tarik-skubal-tendra-una-sola-apertura-en-el-clasico-mundial-de-beisbol\/","og_locale":"es_ES","og_type":"article","og_title":"Tarik Skubal tendr\u00e1 una sola apertura en el Cl\u00e1sico Mundial de Beisbol - PotenciaRadiofonicaDominicana.com","og_description":"El as de los Tigres de Detroit,\u00a0Tarik Skubal, planea hacer solo una apertura para Estados Unidos en el\u00a0Cl\u00e1sico Mundial de ...","og_url":"https:\/\/potenciaradiofonicadominicana.com\/portal\/tarik-skubal-tendra-una-sola-apertura-en-el-clasico-mundial-de-beisbol\/","og_site_name":"PotenciaRadiofonicaDominicana.com","article_publisher":"https:\/\/web.facebook.com\/PotenciaRadiofonicaD","article_published_time":"2026-02-25T01:49:51+00:00","og_image":[{"width":1024,"height":576,"url":"https:\/\/potenciaradiofonicadominicana.com\/portal\/wp-content\/uploads\/2026\/02\/images_ImagnImages_mmsport_tigers_baseball_report_01k9v7c42fk801bndq8p-1024x576-1.webp","type":"image\/webp"}],"author":"Potencia Radiof\u00f3nica Dominicana","twitter_card":"summary_large_image","twitter_misc":{"Escrito por":"Potencia Radiof\u00f3nica Dominicana","Tiempo de lectura":"2 minutos"},"schema":{"@context":"https:\/\/schema.org","@graph":[{"@type":"Article","@id":"https:\/\/potenciaradiofonicadominicana.com\/portal\/tarik-skubal-tendra-una-sola-apertura-en-el-clasico-mundial-de-beisbol\/#article","isPartOf":{"@id":"https:\/\/potenciaradiofonicadominicana.com\/portal\/tarik-skubal-tendra-una-sola-apertura-en-el-clasico-mundial-de-beisbol\/"},"author":{"name":"Potencia Radiof\u00f3nica Dominicana","@id":"https:\/\/potenciaradiofonicadominicana.com\/portal\/#\/schema\/person\/a5cf1fea13877803ee0573ac18b03490"},"headline":"Tarik Skubal tendr\u00e1 una sola apertura en el Cl\u00e1sico Mundial de Beisbol","datePublished":"2026-02-25T01:49:51+00:00","mainEntityOfPage":{"@id":"https:\/\/potenciaradiofonicadominicana.com\/portal\/tarik-skubal-tendra-una-sola-apertura-en-el-clasico-mundial-de-beisbol\/"},"wordCount":298,"publisher":{"@id":"https:\/\/potenciaradiofonicadominicana.com\/portal\/#organization"},"image":{"@id":"https:\/\/potenciaradiofonicadominicana.com\/portal\/tarik-skubal-tendra-una-sola-apertura-en-el-clasico-mundial-de-beisbol\/#primaryimage"},"thumbnailUrl":"https:\/\/potenciaradiofonicadominicana.com\/portal\/wp-content\/uploads\/2026\/02\/images_ImagnImages_mmsport_tigers_baseball_report_01k9v7c42fk801bndq8p-1024x576-1.webp","articleSection":["Deportes"],"inLanguage":"es"},{"@type":"WebPage","@id":"https:\/\/potenciaradiofonicadominicana.com\/portal\/tarik-skubal-tendra-una-sola-apertura-en-el-clasico-mundial-de-beisbol\/","url":"https:\/\/potenciaradiofonicadominicana.com\/portal\/tarik-skubal-tendra-una-sola-apertura-en-el-clasico-mundial-de-beisbol\/","name":"Tarik Skubal tendr\u00e1 una sola apertura en el Cl\u00e1sico Mundial de Beisbol - PotenciaRadiofonicaDominicana.com","isPartOf":{"@id":"https:\/\/potenciaradiofonicadominicana.com\/portal\/#website"},"primaryImageOfPage":{"@id":"https:\/\/potenciaradiofonicadominicana.com\/portal\/tarik-skubal-tendra-una-sola-apertura-en-el-clasico-mundial-de-beisbol\/#primaryimage"},"image":{"@id":"https:\/\/potenciaradiofonicadominicana.com\/portal\/tarik-skubal-tendra-una-sola-apertura-en-el-clasico-mundial-de-beisbol\/#primaryimage"},"thumbnailUrl":"https:\/\/potenciaradiofonicadominicana.com\/portal\/wp-content\/uploads\/2026\/02\/images_ImagnImages_mmsport_tigers_baseball_report_01k9v7c42fk801bndq8p-1024x576-1.webp","datePublished":"2026-02-25T01:49:51+00:00","breadcrumb":{"@id":"https:\/\/potenciaradiofonicadominicana.com\/portal\/tarik-skubal-tendra-una-sola-apertura-en-el-clasico-mundial-de-beisbol\/#breadcrumb"},"inLanguage":"es","potentialAction":[{"@type":"ReadAction","target":["https:\/\/potenciaradiofonicadominicana.com\/portal\/tarik-skubal-tendra-una-sola-apertura-en-el-clasico-mundial-de-beisbol\/"]}]},{"@type":"ImageObject","inLanguage":"es","@id":"https:\/\/potenciaradiofonicadominicana.com\/portal\/tarik-skubal-tendra-una-sola-apertura-en-el-clasico-mundial-de-beisbol\/#primaryimage","url":"https:\/\/potenciaradiofonicadominicana.com\/portal\/wp-content\/uploads\/2026\/02\/images_ImagnImages_mmsport_tigers_baseball_report_01k9v7c42fk801bndq8p-1024x576-1.webp","contentUrl":"https:\/\/potenciaradiofonicadominicana.com\/portal\/wp-content\/uploads\/2026\/02\/images_ImagnImages_mmsport_tigers_baseball_report_01k9v7c42fk801bndq8p-1024x576-1.webp","width":1024,"height":576},{"@type":"BreadcrumbList","@id":"https:\/\/potenciaradiofonicadominicana.com\/portal\/tarik-skubal-tendra-una-sola-apertura-en-el-clasico-mundial-de-beisbol\/#breadcrumb","itemListElement":[{"@type":"ListItem","position":1,"name":"Portada","item":"https:\/\/potenciaradiofonicadominicana.com\/portal\/"},{"@type":"ListItem","position":2,"name":"Tarik Skubal tendr\u00e1 una sola apertura en el Cl\u00e1sico Mundial de Beisbol"}]},{"@type":"WebSite","@id":"https:\/\/potenciaradiofonicadominicana.com\/portal\/#website","url":"https:\/\/potenciaradiofonicadominicana.com\/portal\/","name":"PotenciaRadiofonicaDominicana.com","description":"Peri\u00f3dico Digital","publisher":{"@id":"https:\/\/potenciaradiofonicadominicana.com\/portal\/#organization"},"potentialAction":[{"@type":"SearchAction","target":{"@type":"EntryPoint","urlTemplate":"https:\/\/potenciaradiofonicadominicana.com\/portal\/?s={search_term_string}"},"query-input":{"@type":"PropertyValueSpecification","valueRequired":true,"valueName":"search_term_string"}}],"inLanguage":"es"},{"@type":"Organization","@id":"https:\/\/potenciaradiofonicadominicana.com\/portal\/#organization","name":"PotenciaRadiofonicaDominicana.com","url":"https:\/\/potenciaradiofonicadominicana.com\/portal\/","logo":{"@type":"ImageObject","inLanguage":"es","@id":"https:\/\/potenciaradiofonicadominicana.com\/portal\/#\/schema\/logo\/image\/","url":"https:\/\/potenciaradiofonicadominicana.com\/portal\/wp-content\/uploads\/2022\/01\/descarga.png","contentUrl":"https:\/\/potenciaradiofonicadominicana.com\/portal\/wp-content\/uploads\/2022\/01\/descarga.png","width":300,"height":100,"caption":"PotenciaRadiofonicaDominicana.com"},"image":{"@id":"https:\/\/potenciaradiofonicadominicana.com\/portal\/#\/schema\/logo\/image\/"},"sameAs":["https:\/\/web.facebook.com\/PotenciaRadiofonicaD"]},{"@type":"Person","@id":"https:\/\/potenciaradiofonicadominicana.com\/portal\/#\/schema\/person\/a5cf1fea13877803ee0573ac18b03490","name":"Potencia Radiof\u00f3nica Dominicana","image":{"@type":"ImageObject","inLanguage":"es","@id":"https:\/\/potenciaradiofonicadominicana.com\/portal\/#\/schema\/person\/image\/","url":"https:\/\/secure.gravatar.com\/avatar\/42a55ab9e8ccc656ba34cd791990602a?s=96&d=mm&r=g","contentUrl":"https:\/\/secure.gravatar.com\/avatar\/42a55ab9e8ccc656ba34cd791990602a?s=96&d=mm&r=g","caption":"Potencia Radiof\u00f3nica Dominicana"},"url":"https:\/\/potenciaradiofonicadominicana.com\/portal\/author\/johannyalmanzar\/"}]}},"_links":{"self":[{"href":"https:\/\/potenciaradiofonicadominicana.com\/portal\/wp-json\/wp\/v2\/posts\/212142","targetHints":{"allow":["GET"]}}],"collection":[{"href":"https:\/\/potenciaradiofonicadominicana.com\/portal\/wp-json\/wp\/v2\/posts"}],"about":[{"href":"https:\/\/potenciaradiofonicadominicana.com\/portal\/wp-json\/wp\/v2\/types\/post"}],"author":[{"embeddable":true,"href":"https:\/\/potenciaradiofonicadominicana.com\/portal\/wp-json\/wp\/v2\/users\/2"}],"replies":[{"embeddable":true,"href":"https:\/\/potenciaradiofonicadominicana.com\/portal\/wp-json\/wp\/v2\/comments?post=212142"}],"version-history":[{"count":1,"href":"https:\/\/potenciaradiofonicadominicana.com\/portal\/wp-json\/wp\/v2\/posts\/212142\/revisions"}],"predecessor-version":[{"id":212144,"href":"https:\/\/potenciaradiofonicadominicana.com\/portal\/wp-json\/wp\/v2\/posts\/212142\/revisions\/212144"}],"wp:featuredmedia":[{"embeddable":true,"href":"https:\/\/potenciaradiofonicadominicana.com\/portal\/wp-json\/wp\/v2\/media\/212143"}],"wp:attachment":[{"href":"https:\/\/potenciaradiofonicadominicana.com\/portal\/wp-json\/wp\/v2\/media?parent=212142"}],"wp:term":[{"taxonomy":"category","embeddable":true,"href":"https:\/\/potenciaradiofonicadominicana.com\/portal\/wp-json\/wp\/v2\/categories?post=212142"},{"taxonomy":"post_tag","embeddable":true,"href":"https:\/\/potenciaradiofonicadominicana.com\/portal\/wp-json\/wp\/v2\/tags?post=212142"}],"curies":[{"name":"wp","href":"https:\/\/api.w.org\/{rel}","templated":true}]}}