{"id":212136,"date":"2026-02-24T21:47:45","date_gmt":"2026-02-25T01:47:45","guid":{"rendered":"https:\/\/potenciaradiofonicadominicana.com\/portal\/?p=212136"},"modified":"2026-02-24T21:47:45","modified_gmt":"2026-02-25T01:47:45","slug":"kevin-durant-tiene-la-intencion-de-jugar-con-usa-en-olimpiadas-2028","status":"publish","type":"post","link":"https:\/\/potenciaradiofonicadominicana.com\/portal\/kevin-durant-tiene-la-intencion-de-jugar-con-usa-en-olimpiadas-2028\/","title":{"rendered":"Kevin Durant tiene la intenci\u00f3n de jugar con USA en Olimpiadas 2028"},"content":{"rendered":"<p><a href=\"https:\/\/potenciaradiofonicadominicana.com\/portal\/wp-content\/uploads\/2026\/02\/a_-_2025-12-20t232451_090.jpg_759710130.webp\"><img loading=\"lazy\" decoding=\"async\" class=\"alignnone size-full wp-image-212137\" src=\"https:\/\/potenciaradiofonicadominicana.com\/portal\/wp-content\/uploads\/2026\/02\/a_-_2025-12-20t232451_090.jpg_759710130.webp\" alt=\"\" width=\"1200\" height=\"600\" srcset=\"https:\/\/potenciaradiofonicadominicana.com\/portal\/wp-content\/uploads\/2026\/02\/a_-_2025-12-20t232451_090.jpg_759710130.webp 1200w, https:\/\/potenciaradiofonicadominicana.com\/portal\/wp-content\/uploads\/2026\/02\/a_-_2025-12-20t232451_090.jpg_759710130-300x150.webp 300w, https:\/\/potenciaradiofonicadominicana.com\/portal\/wp-content\/uploads\/2026\/02\/a_-_2025-12-20t232451_090.jpg_759710130-1024x512.webp 1024w, https:\/\/potenciaradiofonicadominicana.com\/portal\/wp-content\/uploads\/2026\/02\/a_-_2025-12-20t232451_090.jpg_759710130-768x384.webp 768w\" sizes=\"auto, (max-width: 1200px) 100vw, 1200px\" \/><\/a><\/p>\n<p>Kevin Durant no ha decidido dar por terminada su carrera internacional.<\/p>\n<p><strong>La estrella de los Houston Rockets revel\u00f3 que espera representar a Estados Unidos en los Juegos Ol\u00edmpicos por quinta vez cuando Los \u00c1ngeles albergue los Juegos de Verano de 2028.<\/strong><\/p>\n<p>\u00abClaro que s\u00ed, quiero jugar\u00bb, declar\u00f3 Durant recientemente a Vincent Goodwill de ESPN. \u00abMe encantar\u00eda, pero tengo que mantenerme en mi mejor nivel.<\/p>\n<p><strong>\u00abNo lo espero; quiero rendir en la cancha y hacer que (el director ejecutivo del Team USA, Grant Hill) y quienquiera que tome las decisiones quieran incluirme en el equipo\u2026 no solo por mi experiencia. Quiero seguir demostrando que puedo ayudar al equipo a ganar\u00bb. Hoy, s\u00ed, siento que voy a poner mi nombre en esa lista.<\/strong><\/p>\n<p>Durant, de 37 a\u00f1os, probablemente ser\u00e1 uno de los jugadores de mayor edad, si no el mayor, del Equipo de EE. UU. dentro de dos a\u00f1os. Sin embargo, el cuatro veces medallista de oro ol\u00edmpico a\u00fan est\u00e1 forjando s\u00f3lidas bases para su posible inclusi\u00f3n en su 18.\u00aa temporada en la NBA. El 16 veces All-Star es el m\u00e1ximo anotador de Houston con 26,1 puntos por partido en 52 partidos.<\/p>\n<p><strong>Tambi\u00e9n est\u00e1 cerca de registrar una tercera temporada de 50-40-90, con porcentajes de tiro de 50,6\/40,4\/88,1, y ocupa el segundo lugar entre todos los jugadores de 30 a\u00f1os o m\u00e1s con 1909 minutos totales esta temporada, cortes\u00eda de Stathead.<\/strong><\/p>\n","protected":false},"excerpt":{"rendered":"<p>Kevin Durant no ha decidido dar por terminada su carrera internacional. La estrella de los Houston Rockets revel\u00f3 que espera &#8230;<\/p>\n","protected":false},"author":2,"featured_media":212137,"comment_status":"closed","ping_status":"closed","sticky":false,"template":"","format":"standard","meta":{"footnotes":""},"categories":[28],"tags":[],"class_list":["post-212136","post","type-post","status-publish","format-standard","has-post-thumbnail","hentry","category-deportes"],"yoast_head":"<!-- This site is optimized with the Yoast SEO plugin v24.8.1 - https:\/\/yoast.com\/wordpress\/plugins\/seo\/ -->\n<title>Kevin Durant tiene la intenci\u00f3n de jugar con USA en Olimpiadas 2028 - PotenciaRadiofonicaDominicana.com<\/title>\n<meta name=\"robots\" content=\"index, follow, max-snippet:-1, max-image-preview:large, max-video-preview:-1\" \/>\n<link rel=\"canonical\" href=\"https:\/\/potenciaradiofonicadominicana.com\/portal\/kevin-durant-tiene-la-intencion-de-jugar-con-usa-en-olimpiadas-2028\/\" \/>\n<meta property=\"og:locale\" content=\"es_ES\" \/>\n<meta property=\"og:type\" content=\"article\" \/>\n<meta property=\"og:title\" content=\"Kevin Durant tiene la intenci\u00f3n de jugar con USA en Olimpiadas 2028 - PotenciaRadiofonicaDominicana.com\" \/>\n<meta property=\"og:description\" content=\"Kevin Durant no ha decidido dar por terminada su carrera internacional. La estrella de los Houston Rockets revel\u00f3 que espera ...\" \/>\n<meta property=\"og:url\" content=\"https:\/\/potenciaradiofonicadominicana.com\/portal\/kevin-durant-tiene-la-intencion-de-jugar-con-usa-en-olimpiadas-2028\/\" \/>\n<meta property=\"og:site_name\" content=\"PotenciaRadiofonicaDominicana.com\" \/>\n<meta property=\"article:publisher\" content=\"https:\/\/web.facebook.com\/PotenciaRadiofonicaD\" \/>\n<meta property=\"article:published_time\" content=\"2026-02-25T01:47:45+00:00\" \/>\n<meta property=\"og:image\" content=\"https:\/\/potenciaradiofonicadominicana.com\/portal\/wp-content\/uploads\/2026\/02\/a_-_2025-12-20t232451_090.jpg_759710130.webp\" \/>\n\t<meta property=\"og:image:width\" content=\"1200\" \/>\n\t<meta property=\"og:image:height\" content=\"600\" \/>\n\t<meta property=\"og:image:type\" content=\"image\/webp\" \/>\n<meta name=\"author\" content=\"Potencia Radiof\u00f3nica Dominicana\" \/>\n<meta name=\"twitter:card\" content=\"summary_large_image\" \/>\n<meta name=\"twitter:label1\" content=\"Escrito por\" \/>\n\t<meta name=\"twitter:data1\" content=\"Potencia Radiof\u00f3nica Dominicana\" \/>\n\t<meta name=\"twitter:label2\" content=\"Tiempo de lectura\" \/>\n\t<meta name=\"twitter:data2\" content=\"2 minutos\" \/>\n<script type=\"application\/ld+json\" class=\"yoast-schema-graph\">{\"@context\":\"https:\/\/schema.org\",\"@graph\":[{\"@type\":\"Article\",\"@id\":\"https:\/\/potenciaradiofonicadominicana.com\/portal\/kevin-durant-tiene-la-intencion-de-jugar-con-usa-en-olimpiadas-2028\/#article\",\"isPartOf\":{\"@id\":\"https:\/\/potenciaradiofonicadominicana.com\/portal\/kevin-durant-tiene-la-intencion-de-jugar-con-usa-en-olimpiadas-2028\/\"},\"author\":{\"name\":\"Potencia Radiof\u00f3nica Dominicana\",\"@id\":\"https:\/\/potenciaradiofonicadominicana.com\/portal\/#\/schema\/person\/a5cf1fea13877803ee0573ac18b03490\"},\"headline\":\"Kevin Durant tiene la intenci\u00f3n de jugar con USA en Olimpiadas 2028\",\"datePublished\":\"2026-02-25T01:47:45+00:00\",\"mainEntityOfPage\":{\"@id\":\"https:\/\/potenciaradiofonicadominicana.com\/portal\/kevin-durant-tiene-la-intencion-de-jugar-con-usa-en-olimpiadas-2028\/\"},\"wordCount\":246,\"publisher\":{\"@id\":\"https:\/\/potenciaradiofonicadominicana.com\/portal\/#organization\"},\"image\":{\"@id\":\"https:\/\/potenciaradiofonicadominicana.com\/portal\/kevin-durant-tiene-la-intencion-de-jugar-con-usa-en-olimpiadas-2028\/#primaryimage\"},\"thumbnailUrl\":\"https:\/\/potenciaradiofonicadominicana.com\/portal\/wp-content\/uploads\/2026\/02\/a_-_2025-12-20t232451_090.jpg_759710130.webp\",\"articleSection\":[\"Deportes\"],\"inLanguage\":\"es\"},{\"@type\":\"WebPage\",\"@id\":\"https:\/\/potenciaradiofonicadominicana.com\/portal\/kevin-durant-tiene-la-intencion-de-jugar-con-usa-en-olimpiadas-2028\/\",\"url\":\"https:\/\/potenciaradiofonicadominicana.com\/portal\/kevin-durant-tiene-la-intencion-de-jugar-con-usa-en-olimpiadas-2028\/\",\"name\":\"Kevin Durant tiene la intenci\u00f3n de jugar con USA en Olimpiadas 2028 - PotenciaRadiofonicaDominicana.com\",\"isPartOf\":{\"@id\":\"https:\/\/potenciaradiofonicadominicana.com\/portal\/#website\"},\"primaryImageOfPage\":{\"@id\":\"https:\/\/potenciaradiofonicadominicana.com\/portal\/kevin-durant-tiene-la-intencion-de-jugar-con-usa-en-olimpiadas-2028\/#primaryimage\"},\"image\":{\"@id\":\"https:\/\/potenciaradiofonicadominicana.com\/portal\/kevin-durant-tiene-la-intencion-de-jugar-con-usa-en-olimpiadas-2028\/#primaryimage\"},\"thumbnailUrl\":\"https:\/\/potenciaradiofonicadominicana.com\/portal\/wp-content\/uploads\/2026\/02\/a_-_2025-12-20t232451_090.jpg_759710130.webp\",\"datePublished\":\"2026-02-25T01:47:45+00:00\",\"breadcrumb\":{\"@id\":\"https:\/\/potenciaradiofonicadominicana.com\/portal\/kevin-durant-tiene-la-intencion-de-jugar-con-usa-en-olimpiadas-2028\/#breadcrumb\"},\"inLanguage\":\"es\",\"potentialAction\":[{\"@type\":\"ReadAction\",\"target\":[\"https:\/\/potenciaradiofonicadominicana.com\/portal\/kevin-durant-tiene-la-intencion-de-jugar-con-usa-en-olimpiadas-2028\/\"]}]},{\"@type\":\"ImageObject\",\"inLanguage\":\"es\",\"@id\":\"https:\/\/potenciaradiofonicadominicana.com\/portal\/kevin-durant-tiene-la-intencion-de-jugar-con-usa-en-olimpiadas-2028\/#primaryimage\",\"url\":\"https:\/\/potenciaradiofonicadominicana.com\/portal\/wp-content\/uploads\/2026\/02\/a_-_2025-12-20t232451_090.jpg_759710130.webp\",\"contentUrl\":\"https:\/\/potenciaradiofonicadominicana.com\/portal\/wp-content\/uploads\/2026\/02\/a_-_2025-12-20t232451_090.jpg_759710130.webp\",\"width\":1200,\"height\":600},{\"@type\":\"BreadcrumbList\",\"@id\":\"https:\/\/potenciaradiofonicadominicana.com\/portal\/kevin-durant-tiene-la-intencion-de-jugar-con-usa-en-olimpiadas-2028\/#breadcrumb\",\"itemListElement\":[{\"@type\":\"ListItem\",\"position\":1,\"name\":\"Portada\",\"item\":\"https:\/\/potenciaradiofonicadominicana.com\/portal\/\"},{\"@type\":\"ListItem\",\"position\":2,\"name\":\"Kevin Durant tiene la intenci\u00f3n de jugar con USA en Olimpiadas 2028\"}]},{\"@type\":\"WebSite\",\"@id\":\"https:\/\/potenciaradiofonicadominicana.com\/portal\/#website\",\"url\":\"https:\/\/potenciaradiofonicadominicana.com\/portal\/\",\"name\":\"PotenciaRadiofonicaDominicana.com\",\"description\":\"Peri\u00f3dico Digital\",\"publisher\":{\"@id\":\"https:\/\/potenciaradiofonicadominicana.com\/portal\/#organization\"},\"potentialAction\":[{\"@type\":\"SearchAction\",\"target\":{\"@type\":\"EntryPoint\",\"urlTemplate\":\"https:\/\/potenciaradiofonicadominicana.com\/portal\/?s={search_term_string}\"},\"query-input\":{\"@type\":\"PropertyValueSpecification\",\"valueRequired\":true,\"valueName\":\"search_term_string\"}}],\"inLanguage\":\"es\"},{\"@type\":\"Organization\",\"@id\":\"https:\/\/potenciaradiofonicadominicana.com\/portal\/#organization\",\"name\":\"PotenciaRadiofonicaDominicana.com\",\"url\":\"https:\/\/potenciaradiofonicadominicana.com\/portal\/\",\"logo\":{\"@type\":\"ImageObject\",\"inLanguage\":\"es\",\"@id\":\"https:\/\/potenciaradiofonicadominicana.com\/portal\/#\/schema\/logo\/image\/\",\"url\":\"https:\/\/potenciaradiofonicadominicana.com\/portal\/wp-content\/uploads\/2022\/01\/descarga.png\",\"contentUrl\":\"https:\/\/potenciaradiofonicadominicana.com\/portal\/wp-content\/uploads\/2022\/01\/descarga.png\",\"width\":300,\"height\":100,\"caption\":\"PotenciaRadiofonicaDominicana.com\"},\"image\":{\"@id\":\"https:\/\/potenciaradiofonicadominicana.com\/portal\/#\/schema\/logo\/image\/\"},\"sameAs\":[\"https:\/\/web.facebook.com\/PotenciaRadiofonicaD\"]},{\"@type\":\"Person\",\"@id\":\"https:\/\/potenciaradiofonicadominicana.com\/portal\/#\/schema\/person\/a5cf1fea13877803ee0573ac18b03490\",\"name\":\"Potencia Radiof\u00f3nica Dominicana\",\"image\":{\"@type\":\"ImageObject\",\"inLanguage\":\"es\",\"@id\":\"https:\/\/potenciaradiofonicadominicana.com\/portal\/#\/schema\/person\/image\/\",\"url\":\"https:\/\/secure.gravatar.com\/avatar\/42a55ab9e8ccc656ba34cd791990602a?s=96&d=mm&r=g\",\"contentUrl\":\"https:\/\/secure.gravatar.com\/avatar\/42a55ab9e8ccc656ba34cd791990602a?s=96&d=mm&r=g\",\"caption\":\"Potencia Radiof\u00f3nica Dominicana\"},\"url\":\"https:\/\/potenciaradiofonicadominicana.com\/portal\/author\/johannyalmanzar\/\"}]}<\/script>\n<!-- \/ Yoast SEO plugin. -->","yoast_head_json":{"title":"Kevin Durant tiene la intenci\u00f3n de jugar con USA en Olimpiadas 2028 - PotenciaRadiofonicaDominicana.com","robots":{"index":"index","follow":"follow","max-snippet":"max-snippet:-1","max-image-preview":"max-image-preview:large","max-video-preview":"max-video-preview:-1"},"canonical":"https:\/\/potenciaradiofonicadominicana.com\/portal\/kevin-durant-tiene-la-intencion-de-jugar-con-usa-en-olimpiadas-2028\/","og_locale":"es_ES","og_type":"article","og_title":"Kevin Durant tiene la intenci\u00f3n de jugar con USA en Olimpiadas 2028 - PotenciaRadiofonicaDominicana.com","og_description":"Kevin Durant no ha decidido dar por terminada su carrera internacional. La estrella de los Houston Rockets revel\u00f3 que espera ...","og_url":"https:\/\/potenciaradiofonicadominicana.com\/portal\/kevin-durant-tiene-la-intencion-de-jugar-con-usa-en-olimpiadas-2028\/","og_site_name":"PotenciaRadiofonicaDominicana.com","article_publisher":"https:\/\/web.facebook.com\/PotenciaRadiofonicaD","article_published_time":"2026-02-25T01:47:45+00:00","og_image":[{"width":1200,"height":600,"url":"https:\/\/potenciaradiofonicadominicana.com\/portal\/wp-content\/uploads\/2026\/02\/a_-_2025-12-20t232451_090.jpg_759710130.webp","type":"image\/webp"}],"author":"Potencia Radiof\u00f3nica Dominicana","twitter_card":"summary_large_image","twitter_misc":{"Escrito por":"Potencia Radiof\u00f3nica Dominicana","Tiempo de lectura":"2 minutos"},"schema":{"@context":"https:\/\/schema.org","@graph":[{"@type":"Article","@id":"https:\/\/potenciaradiofonicadominicana.com\/portal\/kevin-durant-tiene-la-intencion-de-jugar-con-usa-en-olimpiadas-2028\/#article","isPartOf":{"@id":"https:\/\/potenciaradiofonicadominicana.com\/portal\/kevin-durant-tiene-la-intencion-de-jugar-con-usa-en-olimpiadas-2028\/"},"author":{"name":"Potencia Radiof\u00f3nica Dominicana","@id":"https:\/\/potenciaradiofonicadominicana.com\/portal\/#\/schema\/person\/a5cf1fea13877803ee0573ac18b03490"},"headline":"Kevin Durant tiene la intenci\u00f3n de jugar con USA en Olimpiadas 2028","datePublished":"2026-02-25T01:47:45+00:00","mainEntityOfPage":{"@id":"https:\/\/potenciaradiofonicadominicana.com\/portal\/kevin-durant-tiene-la-intencion-de-jugar-con-usa-en-olimpiadas-2028\/"},"wordCount":246,"publisher":{"@id":"https:\/\/potenciaradiofonicadominicana.com\/portal\/#organization"},"image":{"@id":"https:\/\/potenciaradiofonicadominicana.com\/portal\/kevin-durant-tiene-la-intencion-de-jugar-con-usa-en-olimpiadas-2028\/#primaryimage"},"thumbnailUrl":"https:\/\/potenciaradiofonicadominicana.com\/portal\/wp-content\/uploads\/2026\/02\/a_-_2025-12-20t232451_090.jpg_759710130.webp","articleSection":["Deportes"],"inLanguage":"es"},{"@type":"WebPage","@id":"https:\/\/potenciaradiofonicadominicana.com\/portal\/kevin-durant-tiene-la-intencion-de-jugar-con-usa-en-olimpiadas-2028\/","url":"https:\/\/potenciaradiofonicadominicana.com\/portal\/kevin-durant-tiene-la-intencion-de-jugar-con-usa-en-olimpiadas-2028\/","name":"Kevin Durant tiene la intenci\u00f3n de jugar con USA en Olimpiadas 2028 - PotenciaRadiofonicaDominicana.com","isPartOf":{"@id":"https:\/\/potenciaradiofonicadominicana.com\/portal\/#website"},"primaryImageOfPage":{"@id":"https:\/\/potenciaradiofonicadominicana.com\/portal\/kevin-durant-tiene-la-intencion-de-jugar-con-usa-en-olimpiadas-2028\/#primaryimage"},"image":{"@id":"https:\/\/potenciaradiofonicadominicana.com\/portal\/kevin-durant-tiene-la-intencion-de-jugar-con-usa-en-olimpiadas-2028\/#primaryimage"},"thumbnailUrl":"https:\/\/potenciaradiofonicadominicana.com\/portal\/wp-content\/uploads\/2026\/02\/a_-_2025-12-20t232451_090.jpg_759710130.webp","datePublished":"2026-02-25T01:47:45+00:00","breadcrumb":{"@id":"https:\/\/potenciaradiofonicadominicana.com\/portal\/kevin-durant-tiene-la-intencion-de-jugar-con-usa-en-olimpiadas-2028\/#breadcrumb"},"inLanguage":"es","potentialAction":[{"@type":"ReadAction","target":["https:\/\/potenciaradiofonicadominicana.com\/portal\/kevin-durant-tiene-la-intencion-de-jugar-con-usa-en-olimpiadas-2028\/"]}]},{"@type":"ImageObject","inLanguage":"es","@id":"https:\/\/potenciaradiofonicadominicana.com\/portal\/kevin-durant-tiene-la-intencion-de-jugar-con-usa-en-olimpiadas-2028\/#primaryimage","url":"https:\/\/potenciaradiofonicadominicana.com\/portal\/wp-content\/uploads\/2026\/02\/a_-_2025-12-20t232451_090.jpg_759710130.webp","contentUrl":"https:\/\/potenciaradiofonicadominicana.com\/portal\/wp-content\/uploads\/2026\/02\/a_-_2025-12-20t232451_090.jpg_759710130.webp","width":1200,"height":600},{"@type":"BreadcrumbList","@id":"https:\/\/potenciaradiofonicadominicana.com\/portal\/kevin-durant-tiene-la-intencion-de-jugar-con-usa-en-olimpiadas-2028\/#breadcrumb","itemListElement":[{"@type":"ListItem","position":1,"name":"Portada","item":"https:\/\/potenciaradiofonicadominicana.com\/portal\/"},{"@type":"ListItem","position":2,"name":"Kevin Durant tiene la intenci\u00f3n de jugar con USA en Olimpiadas 2028"}]},{"@type":"WebSite","@id":"https:\/\/potenciaradiofonicadominicana.com\/portal\/#website","url":"https:\/\/potenciaradiofonicadominicana.com\/portal\/","name":"PotenciaRadiofonicaDominicana.com","description":"Peri\u00f3dico Digital","publisher":{"@id":"https:\/\/potenciaradiofonicadominicana.com\/portal\/#organization"},"potentialAction":[{"@type":"SearchAction","target":{"@type":"EntryPoint","urlTemplate":"https:\/\/potenciaradiofonicadominicana.com\/portal\/?s={search_term_string}"},"query-input":{"@type":"PropertyValueSpecification","valueRequired":true,"valueName":"search_term_string"}}],"inLanguage":"es"},{"@type":"Organization","@id":"https:\/\/potenciaradiofonicadominicana.com\/portal\/#organization","name":"PotenciaRadiofonicaDominicana.com","url":"https:\/\/potenciaradiofonicadominicana.com\/portal\/","logo":{"@type":"ImageObject","inLanguage":"es","@id":"https:\/\/potenciaradiofonicadominicana.com\/portal\/#\/schema\/logo\/image\/","url":"https:\/\/potenciaradiofonicadominicana.com\/portal\/wp-content\/uploads\/2022\/01\/descarga.png","contentUrl":"https:\/\/potenciaradiofonicadominicana.com\/portal\/wp-content\/uploads\/2022\/01\/descarga.png","width":300,"height":100,"caption":"PotenciaRadiofonicaDominicana.com"},"image":{"@id":"https:\/\/potenciaradiofonicadominicana.com\/portal\/#\/schema\/logo\/image\/"},"sameAs":["https:\/\/web.facebook.com\/PotenciaRadiofonicaD"]},{"@type":"Person","@id":"https:\/\/potenciaradiofonicadominicana.com\/portal\/#\/schema\/person\/a5cf1fea13877803ee0573ac18b03490","name":"Potencia Radiof\u00f3nica Dominicana","image":{"@type":"ImageObject","inLanguage":"es","@id":"https:\/\/potenciaradiofonicadominicana.com\/portal\/#\/schema\/person\/image\/","url":"https:\/\/secure.gravatar.com\/avatar\/42a55ab9e8ccc656ba34cd791990602a?s=96&d=mm&r=g","contentUrl":"https:\/\/secure.gravatar.com\/avatar\/42a55ab9e8ccc656ba34cd791990602a?s=96&d=mm&r=g","caption":"Potencia Radiof\u00f3nica Dominicana"},"url":"https:\/\/potenciaradiofonicadominicana.com\/portal\/author\/johannyalmanzar\/"}]}},"_links":{"self":[{"href":"https:\/\/potenciaradiofonicadominicana.com\/portal\/wp-json\/wp\/v2\/posts\/212136","targetHints":{"allow":["GET"]}}],"collection":[{"href":"https:\/\/potenciaradiofonicadominicana.com\/portal\/wp-json\/wp\/v2\/posts"}],"about":[{"href":"https:\/\/potenciaradiofonicadominicana.com\/portal\/wp-json\/wp\/v2\/types\/post"}],"author":[{"embeddable":true,"href":"https:\/\/potenciaradiofonicadominicana.com\/portal\/wp-json\/wp\/v2\/users\/2"}],"replies":[{"embeddable":true,"href":"https:\/\/potenciaradiofonicadominicana.com\/portal\/wp-json\/wp\/v2\/comments?post=212136"}],"version-history":[{"count":1,"href":"https:\/\/potenciaradiofonicadominicana.com\/portal\/wp-json\/wp\/v2\/posts\/212136\/revisions"}],"predecessor-version":[{"id":212138,"href":"https:\/\/potenciaradiofonicadominicana.com\/portal\/wp-json\/wp\/v2\/posts\/212136\/revisions\/212138"}],"wp:featuredmedia":[{"embeddable":true,"href":"https:\/\/potenciaradiofonicadominicana.com\/portal\/wp-json\/wp\/v2\/media\/212137"}],"wp:attachment":[{"href":"https:\/\/potenciaradiofonicadominicana.com\/portal\/wp-json\/wp\/v2\/media?parent=212136"}],"wp:term":[{"taxonomy":"category","embeddable":true,"href":"https:\/\/potenciaradiofonicadominicana.com\/portal\/wp-json\/wp\/v2\/categories?post=212136"},{"taxonomy":"post_tag","embeddable":true,"href":"https:\/\/potenciaradiofonicadominicana.com\/portal\/wp-json\/wp\/v2\/tags?post=212136"}],"curies":[{"name":"wp","href":"https:\/\/api.w.org\/{rel}","templated":true}]}}