{"id":212133,"date":"2026-02-24T21:46:53","date_gmt":"2026-02-25T01:46:53","guid":{"rendered":"https:\/\/potenciaradiofonicadominicana.com\/portal\/?p=212133"},"modified":"2026-02-24T21:46:53","modified_gmt":"2026-02-25T01:46:53","slug":"edwin-encarnacion-pide-apoyar-equipo-de-republica-dominicana-sin-dudarlo","status":"publish","type":"post","link":"https:\/\/potenciaradiofonicadominicana.com\/portal\/edwin-encarnacion-pide-apoyar-equipo-de-republica-dominicana-sin-dudarlo\/","title":{"rendered":"Edwin Encarnaci\u00f3n pide apoyar equipo de Rep\u00fablica Dominicana sin dudarlo"},"content":{"rendered":"<p><a href=\"https:\/\/potenciaradiofonicadominicana.com\/portal\/wp-content\/uploads\/2026\/02\/edwin-encarnacion-1.webp\"><img loading=\"lazy\" decoding=\"async\" class=\"alignnone size-full wp-image-212134\" src=\"https:\/\/potenciaradiofonicadominicana.com\/portal\/wp-content\/uploads\/2026\/02\/edwin-encarnacion-1.webp\" alt=\"\" width=\"640\" height=\"360\" srcset=\"https:\/\/potenciaradiofonicadominicana.com\/portal\/wp-content\/uploads\/2026\/02\/edwin-encarnacion-1.webp 640w, https:\/\/potenciaradiofonicadominicana.com\/portal\/wp-content\/uploads\/2026\/02\/edwin-encarnacion-1-300x169.webp 300w\" sizes=\"auto, (max-width: 640px) 100vw, 640px\" \/><\/a><\/p>\n<p>El otrora estelar dominicano de las Grandes Ligas, Edwin Encarnaci\u00f3n, conversa sobre el Cl\u00e1sico Mundial 2026, y tienen una idea de lo que podr\u00eda suceder alrededor del equipo de la Rep\u00fablica Dominicana.<\/p>\n<p><strong>El combinado quisqueyano se re\u00fane completo por primera vez este 28 de febrero, dos d\u00edas previo a su viaje a su patria para efectuar dos juegos de exhibici\u00f3n con los Tigres de Detroit en el Estadio Quisqueya Juan Marichal.<\/strong><\/p>\n<p>Con los \u00e1nimos por el cielo, y el optimismo en su m\u00e1xima expresi\u00f3n, Encarnaci\u00f3n conf\u00eda en un resultado satisfactorio.<\/p>\n<p><strong>Edwin Encarnaci\u00f3n es miembro del equipo operacional de b\u00e9isbol de Cl\u00e1sico Mundial de B\u00e9isbol.<\/strong><\/p>\n<p><strong>TEMA #1:<\/strong>\u00a0Edwin, el Cl\u00e1sico, est\u00e1 a la vuelta de la esquina, el gran d\u00eda llega, se public\u00f3 el roster lleno de talentos\u2026 \u00bfCu\u00e1l es tu valoraci\u00f3n sobre esos j\u00f3venes que se integran a este evento?<\/p>\n<p><strong>EDWIN ENCARNACI\u00d3N:<\/strong>\u00a0De verdad contento de cada uno de los muchachos que est\u00e1n en el roster, creo que est\u00e1 cada uno de ellos motivado de representar nuestra bandera, nuestros colores, poner nuestra bandera en alto y de verdad desearles toda la suerte del mundo a esos muchachos, sobre todo que tengan salud para que logren un torneo excelente\u2026<\/p>\n<p>\u2026Hay algo que nadie puede quitar de tu historia y es haber ganado invicto el Cl\u00e1sico Mundial de B\u00e9isbol del 2013, la primera vez que suced\u00eda.<\/p>\n<p><strong>TEMA #2:<\/strong>\u00a0Si tuvieras la oportunidad de dar la primera palabra el 6 de marzo cuando el equipo vaya al terreno de juego, \u00bfqu\u00e9 consejo t\u00fa le dar\u00edas sobre lo que ya t\u00fa viviste en el 2013?<\/p>\n<p><strong>EDWIN ENCARNACI\u00d3N:<\/strong>\u00a0Bueno, yo creo que lo m\u00e1s importante es primero agarrarnos de Dios, poner a Dios adelante sobre todas las cosas y segundo, yo creo que el ego, el ego de cada uno de nosotros, como nosotros lo hicimos esa vez, se qued\u00f3 atr\u00e1s\u2026<\/p>\n<p>\u2026Aqu\u00ed se trata de representar la bandera, como lo dije, de representar los colores de nuestra patria y contento y motivado cada uno de nosotros como lo hicimos, con orgullo a defender los colores patrios de nuestro pa\u00eds.<\/p>\n<p><strong>TEMA #3:<\/strong>\u00a0Un nombre que nadie esperaba, el del receptor Austin Wells en el equipo dominicano, es sorpresa para ti tambi\u00e9n la integraci\u00f3n de \u00e9l, \u00bfcu\u00e1l es tu valoraci\u00f3n sobre ese jugador?<\/p>\n<p><strong>EDWIN ENCARNACI\u00d3N:<\/strong>\u00a0No, no es sorpresa, es un muchacho que le interes\u00f3 siempre participar para la Rep\u00fablica Dominicana, se abri\u00f3 la puerta y lo coment\u00f3 a todos que, si estaba la oportunidad, \u00e9l ten\u00eda el deseo de representar a la bandera nuestra, porque tiene ra\u00edces dominicanas, es parte de su madre y se siente orgulloso de representar nuestra bandera, as\u00ed que no me sorprendo porque de verdad la motivaci\u00f3n vino de \u00e9l mismo y as\u00ed se asumi\u00f3.<\/p>\n<p><strong>TEMA #4:\u00a0<\/strong>Edwin, un mensaje a todos los fan\u00e1ticos que se van a dar cita primero el 3 y el 4 de marzo a ver el juego de exhibici\u00f3n aqu\u00ed con Tigres de Detroit y a los que viajar\u00e1n a Miami a darle seguimiento al equipo, \u00bfcu\u00e1l es el mensaje tuyo para ellos?<\/p>\n<p><strong>EDWIN ENCARNACI\u00d3N:<\/strong>\u00a0que sigan apoyando la selecci\u00f3n, ya el roster est\u00e1, ya todo el mundo sabe, aqu\u00ed vamos a apoyar a nuestro equipo, a nuestros rosters, a nuestros muchachos, ya hay que dejar todos esos comentarios negativos que han venido surgiendo, que si va fulano, que si no va fulano, ya lo que est\u00e1n, est\u00e1n y vamos a apoyar nuestra selecci\u00f3n, s\u00e9 que ya el estadio est\u00e1 lleno de capacidad, los dos juegos que tenemos aqu\u00ed, apoyar a los muchachos, brindarles ese apoyo, ese amor que ellos necesitan y que lo disfruten, que esto no se sabe si vuelva a pasar o cu\u00e1ndo vuelva a pasar, as\u00ed que vamos todos a Miami, apoyar la selecci\u00f3n de nuestro pa\u00eds y a dar el 100% como fan\u00e1tico, porque ya yo me considero fan\u00e1tico tambi\u00e9n de mi equipo, de mi selecci\u00f3n, de mi pa\u00eds y quiero tambi\u00e9n que ganemos, as\u00ed que vamos a apoyarlo y vamos todos para Miami. \u00a1Dominicano y Ya!<\/p>\n","protected":false},"excerpt":{"rendered":"<p>El otrora estelar dominicano de las Grandes Ligas, Edwin Encarnaci\u00f3n, conversa sobre el Cl\u00e1sico Mundial 2026, y tienen una idea &#8230;<\/p>\n","protected":false},"author":2,"featured_media":212134,"comment_status":"closed","ping_status":"closed","sticky":false,"template":"","format":"standard","meta":{"footnotes":""},"categories":[28],"tags":[],"class_list":["post-212133","post","type-post","status-publish","format-standard","has-post-thumbnail","hentry","category-deportes"],"yoast_head":"<!-- This site is optimized with the Yoast SEO plugin v24.8.1 - https:\/\/yoast.com\/wordpress\/plugins\/seo\/ -->\n<title>Edwin Encarnaci\u00f3n pide apoyar equipo de Rep\u00fablica Dominicana sin dudarlo - PotenciaRadiofonicaDominicana.com<\/title>\n<meta name=\"robots\" content=\"index, follow, max-snippet:-1, max-image-preview:large, max-video-preview:-1\" \/>\n<link rel=\"canonical\" href=\"https:\/\/potenciaradiofonicadominicana.com\/portal\/edwin-encarnacion-pide-apoyar-equipo-de-republica-dominicana-sin-dudarlo\/\" \/>\n<meta property=\"og:locale\" content=\"es_ES\" \/>\n<meta property=\"og:type\" content=\"article\" \/>\n<meta property=\"og:title\" content=\"Edwin Encarnaci\u00f3n pide apoyar equipo de Rep\u00fablica Dominicana sin dudarlo - PotenciaRadiofonicaDominicana.com\" \/>\n<meta property=\"og:description\" content=\"El otrora estelar dominicano de las Grandes Ligas, Edwin Encarnaci\u00f3n, conversa sobre el Cl\u00e1sico Mundial 2026, y tienen una idea ...\" \/>\n<meta property=\"og:url\" content=\"https:\/\/potenciaradiofonicadominicana.com\/portal\/edwin-encarnacion-pide-apoyar-equipo-de-republica-dominicana-sin-dudarlo\/\" \/>\n<meta property=\"og:site_name\" content=\"PotenciaRadiofonicaDominicana.com\" \/>\n<meta property=\"article:publisher\" content=\"https:\/\/web.facebook.com\/PotenciaRadiofonicaD\" \/>\n<meta property=\"article:published_time\" content=\"2026-02-25T01:46:53+00:00\" \/>\n<meta property=\"og:image\" content=\"https:\/\/potenciaradiofonicadominicana.com\/portal\/wp-content\/uploads\/2026\/02\/edwin-encarnacion-1.webp\" \/>\n\t<meta property=\"og:image:width\" content=\"640\" \/>\n\t<meta property=\"og:image:height\" content=\"360\" \/>\n\t<meta property=\"og:image:type\" content=\"image\/webp\" \/>\n<meta name=\"author\" content=\"Potencia Radiof\u00f3nica Dominicana\" \/>\n<meta name=\"twitter:card\" content=\"summary_large_image\" \/>\n<meta name=\"twitter:label1\" content=\"Escrito por\" \/>\n\t<meta name=\"twitter:data1\" content=\"Potencia Radiof\u00f3nica Dominicana\" \/>\n\t<meta name=\"twitter:label2\" content=\"Tiempo de lectura\" \/>\n\t<meta name=\"twitter:data2\" content=\"4 minutos\" \/>\n<script type=\"application\/ld+json\" class=\"yoast-schema-graph\">{\"@context\":\"https:\/\/schema.org\",\"@graph\":[{\"@type\":\"Article\",\"@id\":\"https:\/\/potenciaradiofonicadominicana.com\/portal\/edwin-encarnacion-pide-apoyar-equipo-de-republica-dominicana-sin-dudarlo\/#article\",\"isPartOf\":{\"@id\":\"https:\/\/potenciaradiofonicadominicana.com\/portal\/edwin-encarnacion-pide-apoyar-equipo-de-republica-dominicana-sin-dudarlo\/\"},\"author\":{\"name\":\"Potencia Radiof\u00f3nica Dominicana\",\"@id\":\"https:\/\/potenciaradiofonicadominicana.com\/portal\/#\/schema\/person\/a5cf1fea13877803ee0573ac18b03490\"},\"headline\":\"Edwin Encarnaci\u00f3n pide apoyar equipo de Rep\u00fablica Dominicana sin dudarlo\",\"datePublished\":\"2026-02-25T01:46:53+00:00\",\"mainEntityOfPage\":{\"@id\":\"https:\/\/potenciaradiofonicadominicana.com\/portal\/edwin-encarnacion-pide-apoyar-equipo-de-republica-dominicana-sin-dudarlo\/\"},\"wordCount\":722,\"publisher\":{\"@id\":\"https:\/\/potenciaradiofonicadominicana.com\/portal\/#organization\"},\"image\":{\"@id\":\"https:\/\/potenciaradiofonicadominicana.com\/portal\/edwin-encarnacion-pide-apoyar-equipo-de-republica-dominicana-sin-dudarlo\/#primaryimage\"},\"thumbnailUrl\":\"https:\/\/potenciaradiofonicadominicana.com\/portal\/wp-content\/uploads\/2026\/02\/edwin-encarnacion-1.webp\",\"articleSection\":[\"Deportes\"],\"inLanguage\":\"es\"},{\"@type\":\"WebPage\",\"@id\":\"https:\/\/potenciaradiofonicadominicana.com\/portal\/edwin-encarnacion-pide-apoyar-equipo-de-republica-dominicana-sin-dudarlo\/\",\"url\":\"https:\/\/potenciaradiofonicadominicana.com\/portal\/edwin-encarnacion-pide-apoyar-equipo-de-republica-dominicana-sin-dudarlo\/\",\"name\":\"Edwin Encarnaci\u00f3n pide apoyar equipo de Rep\u00fablica Dominicana sin dudarlo - PotenciaRadiofonicaDominicana.com\",\"isPartOf\":{\"@id\":\"https:\/\/potenciaradiofonicadominicana.com\/portal\/#website\"},\"primaryImageOfPage\":{\"@id\":\"https:\/\/potenciaradiofonicadominicana.com\/portal\/edwin-encarnacion-pide-apoyar-equipo-de-republica-dominicana-sin-dudarlo\/#primaryimage\"},\"image\":{\"@id\":\"https:\/\/potenciaradiofonicadominicana.com\/portal\/edwin-encarnacion-pide-apoyar-equipo-de-republica-dominicana-sin-dudarlo\/#primaryimage\"},\"thumbnailUrl\":\"https:\/\/potenciaradiofonicadominicana.com\/portal\/wp-content\/uploads\/2026\/02\/edwin-encarnacion-1.webp\",\"datePublished\":\"2026-02-25T01:46:53+00:00\",\"breadcrumb\":{\"@id\":\"https:\/\/potenciaradiofonicadominicana.com\/portal\/edwin-encarnacion-pide-apoyar-equipo-de-republica-dominicana-sin-dudarlo\/#breadcrumb\"},\"inLanguage\":\"es\",\"potentialAction\":[{\"@type\":\"ReadAction\",\"target\":[\"https:\/\/potenciaradiofonicadominicana.com\/portal\/edwin-encarnacion-pide-apoyar-equipo-de-republica-dominicana-sin-dudarlo\/\"]}]},{\"@type\":\"ImageObject\",\"inLanguage\":\"es\",\"@id\":\"https:\/\/potenciaradiofonicadominicana.com\/portal\/edwin-encarnacion-pide-apoyar-equipo-de-republica-dominicana-sin-dudarlo\/#primaryimage\",\"url\":\"https:\/\/potenciaradiofonicadominicana.com\/portal\/wp-content\/uploads\/2026\/02\/edwin-encarnacion-1.webp\",\"contentUrl\":\"https:\/\/potenciaradiofonicadominicana.com\/portal\/wp-content\/uploads\/2026\/02\/edwin-encarnacion-1.webp\",\"width\":640,\"height\":360},{\"@type\":\"BreadcrumbList\",\"@id\":\"https:\/\/potenciaradiofonicadominicana.com\/portal\/edwin-encarnacion-pide-apoyar-equipo-de-republica-dominicana-sin-dudarlo\/#breadcrumb\",\"itemListElement\":[{\"@type\":\"ListItem\",\"position\":1,\"name\":\"Portada\",\"item\":\"https:\/\/potenciaradiofonicadominicana.com\/portal\/\"},{\"@type\":\"ListItem\",\"position\":2,\"name\":\"Edwin Encarnaci\u00f3n pide apoyar equipo de Rep\u00fablica Dominicana sin dudarlo\"}]},{\"@type\":\"WebSite\",\"@id\":\"https:\/\/potenciaradiofonicadominicana.com\/portal\/#website\",\"url\":\"https:\/\/potenciaradiofonicadominicana.com\/portal\/\",\"name\":\"PotenciaRadiofonicaDominicana.com\",\"description\":\"Peri\u00f3dico Digital\",\"publisher\":{\"@id\":\"https:\/\/potenciaradiofonicadominicana.com\/portal\/#organization\"},\"potentialAction\":[{\"@type\":\"SearchAction\",\"target\":{\"@type\":\"EntryPoint\",\"urlTemplate\":\"https:\/\/potenciaradiofonicadominicana.com\/portal\/?s={search_term_string}\"},\"query-input\":{\"@type\":\"PropertyValueSpecification\",\"valueRequired\":true,\"valueName\":\"search_term_string\"}}],\"inLanguage\":\"es\"},{\"@type\":\"Organization\",\"@id\":\"https:\/\/potenciaradiofonicadominicana.com\/portal\/#organization\",\"name\":\"PotenciaRadiofonicaDominicana.com\",\"url\":\"https:\/\/potenciaradiofonicadominicana.com\/portal\/\",\"logo\":{\"@type\":\"ImageObject\",\"inLanguage\":\"es\",\"@id\":\"https:\/\/potenciaradiofonicadominicana.com\/portal\/#\/schema\/logo\/image\/\",\"url\":\"https:\/\/potenciaradiofonicadominicana.com\/portal\/wp-content\/uploads\/2022\/01\/descarga.png\",\"contentUrl\":\"https:\/\/potenciaradiofonicadominicana.com\/portal\/wp-content\/uploads\/2022\/01\/descarga.png\",\"width\":300,\"height\":100,\"caption\":\"PotenciaRadiofonicaDominicana.com\"},\"image\":{\"@id\":\"https:\/\/potenciaradiofonicadominicana.com\/portal\/#\/schema\/logo\/image\/\"},\"sameAs\":[\"https:\/\/web.facebook.com\/PotenciaRadiofonicaD\"]},{\"@type\":\"Person\",\"@id\":\"https:\/\/potenciaradiofonicadominicana.com\/portal\/#\/schema\/person\/a5cf1fea13877803ee0573ac18b03490\",\"name\":\"Potencia Radiof\u00f3nica Dominicana\",\"image\":{\"@type\":\"ImageObject\",\"inLanguage\":\"es\",\"@id\":\"https:\/\/potenciaradiofonicadominicana.com\/portal\/#\/schema\/person\/image\/\",\"url\":\"https:\/\/secure.gravatar.com\/avatar\/42a55ab9e8ccc656ba34cd791990602a?s=96&d=mm&r=g\",\"contentUrl\":\"https:\/\/secure.gravatar.com\/avatar\/42a55ab9e8ccc656ba34cd791990602a?s=96&d=mm&r=g\",\"caption\":\"Potencia Radiof\u00f3nica Dominicana\"},\"url\":\"https:\/\/potenciaradiofonicadominicana.com\/portal\/author\/johannyalmanzar\/\"}]}<\/script>\n<!-- \/ Yoast SEO plugin. -->","yoast_head_json":{"title":"Edwin Encarnaci\u00f3n pide apoyar equipo de Rep\u00fablica Dominicana sin dudarlo - PotenciaRadiofonicaDominicana.com","robots":{"index":"index","follow":"follow","max-snippet":"max-snippet:-1","max-image-preview":"max-image-preview:large","max-video-preview":"max-video-preview:-1"},"canonical":"https:\/\/potenciaradiofonicadominicana.com\/portal\/edwin-encarnacion-pide-apoyar-equipo-de-republica-dominicana-sin-dudarlo\/","og_locale":"es_ES","og_type":"article","og_title":"Edwin Encarnaci\u00f3n pide apoyar equipo de Rep\u00fablica Dominicana sin dudarlo - PotenciaRadiofonicaDominicana.com","og_description":"El otrora estelar dominicano de las Grandes Ligas, Edwin Encarnaci\u00f3n, conversa sobre el Cl\u00e1sico Mundial 2026, y tienen una idea ...","og_url":"https:\/\/potenciaradiofonicadominicana.com\/portal\/edwin-encarnacion-pide-apoyar-equipo-de-republica-dominicana-sin-dudarlo\/","og_site_name":"PotenciaRadiofonicaDominicana.com","article_publisher":"https:\/\/web.facebook.com\/PotenciaRadiofonicaD","article_published_time":"2026-02-25T01:46:53+00:00","og_image":[{"width":640,"height":360,"url":"https:\/\/potenciaradiofonicadominicana.com\/portal\/wp-content\/uploads\/2026\/02\/edwin-encarnacion-1.webp","type":"image\/webp"}],"author":"Potencia Radiof\u00f3nica Dominicana","twitter_card":"summary_large_image","twitter_misc":{"Escrito por":"Potencia Radiof\u00f3nica Dominicana","Tiempo de lectura":"4 minutos"},"schema":{"@context":"https:\/\/schema.org","@graph":[{"@type":"Article","@id":"https:\/\/potenciaradiofonicadominicana.com\/portal\/edwin-encarnacion-pide-apoyar-equipo-de-republica-dominicana-sin-dudarlo\/#article","isPartOf":{"@id":"https:\/\/potenciaradiofonicadominicana.com\/portal\/edwin-encarnacion-pide-apoyar-equipo-de-republica-dominicana-sin-dudarlo\/"},"author":{"name":"Potencia Radiof\u00f3nica Dominicana","@id":"https:\/\/potenciaradiofonicadominicana.com\/portal\/#\/schema\/person\/a5cf1fea13877803ee0573ac18b03490"},"headline":"Edwin Encarnaci\u00f3n pide apoyar equipo de Rep\u00fablica Dominicana sin dudarlo","datePublished":"2026-02-25T01:46:53+00:00","mainEntityOfPage":{"@id":"https:\/\/potenciaradiofonicadominicana.com\/portal\/edwin-encarnacion-pide-apoyar-equipo-de-republica-dominicana-sin-dudarlo\/"},"wordCount":722,"publisher":{"@id":"https:\/\/potenciaradiofonicadominicana.com\/portal\/#organization"},"image":{"@id":"https:\/\/potenciaradiofonicadominicana.com\/portal\/edwin-encarnacion-pide-apoyar-equipo-de-republica-dominicana-sin-dudarlo\/#primaryimage"},"thumbnailUrl":"https:\/\/potenciaradiofonicadominicana.com\/portal\/wp-content\/uploads\/2026\/02\/edwin-encarnacion-1.webp","articleSection":["Deportes"],"inLanguage":"es"},{"@type":"WebPage","@id":"https:\/\/potenciaradiofonicadominicana.com\/portal\/edwin-encarnacion-pide-apoyar-equipo-de-republica-dominicana-sin-dudarlo\/","url":"https:\/\/potenciaradiofonicadominicana.com\/portal\/edwin-encarnacion-pide-apoyar-equipo-de-republica-dominicana-sin-dudarlo\/","name":"Edwin Encarnaci\u00f3n pide apoyar equipo de Rep\u00fablica Dominicana sin dudarlo - PotenciaRadiofonicaDominicana.com","isPartOf":{"@id":"https:\/\/potenciaradiofonicadominicana.com\/portal\/#website"},"primaryImageOfPage":{"@id":"https:\/\/potenciaradiofonicadominicana.com\/portal\/edwin-encarnacion-pide-apoyar-equipo-de-republica-dominicana-sin-dudarlo\/#primaryimage"},"image":{"@id":"https:\/\/potenciaradiofonicadominicana.com\/portal\/edwin-encarnacion-pide-apoyar-equipo-de-republica-dominicana-sin-dudarlo\/#primaryimage"},"thumbnailUrl":"https:\/\/potenciaradiofonicadominicana.com\/portal\/wp-content\/uploads\/2026\/02\/edwin-encarnacion-1.webp","datePublished":"2026-02-25T01:46:53+00:00","breadcrumb":{"@id":"https:\/\/potenciaradiofonicadominicana.com\/portal\/edwin-encarnacion-pide-apoyar-equipo-de-republica-dominicana-sin-dudarlo\/#breadcrumb"},"inLanguage":"es","potentialAction":[{"@type":"ReadAction","target":["https:\/\/potenciaradiofonicadominicana.com\/portal\/edwin-encarnacion-pide-apoyar-equipo-de-republica-dominicana-sin-dudarlo\/"]}]},{"@type":"ImageObject","inLanguage":"es","@id":"https:\/\/potenciaradiofonicadominicana.com\/portal\/edwin-encarnacion-pide-apoyar-equipo-de-republica-dominicana-sin-dudarlo\/#primaryimage","url":"https:\/\/potenciaradiofonicadominicana.com\/portal\/wp-content\/uploads\/2026\/02\/edwin-encarnacion-1.webp","contentUrl":"https:\/\/potenciaradiofonicadominicana.com\/portal\/wp-content\/uploads\/2026\/02\/edwin-encarnacion-1.webp","width":640,"height":360},{"@type":"BreadcrumbList","@id":"https:\/\/potenciaradiofonicadominicana.com\/portal\/edwin-encarnacion-pide-apoyar-equipo-de-republica-dominicana-sin-dudarlo\/#breadcrumb","itemListElement":[{"@type":"ListItem","position":1,"name":"Portada","item":"https:\/\/potenciaradiofonicadominicana.com\/portal\/"},{"@type":"ListItem","position":2,"name":"Edwin Encarnaci\u00f3n pide apoyar equipo de Rep\u00fablica Dominicana sin dudarlo"}]},{"@type":"WebSite","@id":"https:\/\/potenciaradiofonicadominicana.com\/portal\/#website","url":"https:\/\/potenciaradiofonicadominicana.com\/portal\/","name":"PotenciaRadiofonicaDominicana.com","description":"Peri\u00f3dico Digital","publisher":{"@id":"https:\/\/potenciaradiofonicadominicana.com\/portal\/#organization"},"potentialAction":[{"@type":"SearchAction","target":{"@type":"EntryPoint","urlTemplate":"https:\/\/potenciaradiofonicadominicana.com\/portal\/?s={search_term_string}"},"query-input":{"@type":"PropertyValueSpecification","valueRequired":true,"valueName":"search_term_string"}}],"inLanguage":"es"},{"@type":"Organization","@id":"https:\/\/potenciaradiofonicadominicana.com\/portal\/#organization","name":"PotenciaRadiofonicaDominicana.com","url":"https:\/\/potenciaradiofonicadominicana.com\/portal\/","logo":{"@type":"ImageObject","inLanguage":"es","@id":"https:\/\/potenciaradiofonicadominicana.com\/portal\/#\/schema\/logo\/image\/","url":"https:\/\/potenciaradiofonicadominicana.com\/portal\/wp-content\/uploads\/2022\/01\/descarga.png","contentUrl":"https:\/\/potenciaradiofonicadominicana.com\/portal\/wp-content\/uploads\/2022\/01\/descarga.png","width":300,"height":100,"caption":"PotenciaRadiofonicaDominicana.com"},"image":{"@id":"https:\/\/potenciaradiofonicadominicana.com\/portal\/#\/schema\/logo\/image\/"},"sameAs":["https:\/\/web.facebook.com\/PotenciaRadiofonicaD"]},{"@type":"Person","@id":"https:\/\/potenciaradiofonicadominicana.com\/portal\/#\/schema\/person\/a5cf1fea13877803ee0573ac18b03490","name":"Potencia Radiof\u00f3nica Dominicana","image":{"@type":"ImageObject","inLanguage":"es","@id":"https:\/\/potenciaradiofonicadominicana.com\/portal\/#\/schema\/person\/image\/","url":"https:\/\/secure.gravatar.com\/avatar\/42a55ab9e8ccc656ba34cd791990602a?s=96&d=mm&r=g","contentUrl":"https:\/\/secure.gravatar.com\/avatar\/42a55ab9e8ccc656ba34cd791990602a?s=96&d=mm&r=g","caption":"Potencia Radiof\u00f3nica Dominicana"},"url":"https:\/\/potenciaradiofonicadominicana.com\/portal\/author\/johannyalmanzar\/"}]}},"_links":{"self":[{"href":"https:\/\/potenciaradiofonicadominicana.com\/portal\/wp-json\/wp\/v2\/posts\/212133","targetHints":{"allow":["GET"]}}],"collection":[{"href":"https:\/\/potenciaradiofonicadominicana.com\/portal\/wp-json\/wp\/v2\/posts"}],"about":[{"href":"https:\/\/potenciaradiofonicadominicana.com\/portal\/wp-json\/wp\/v2\/types\/post"}],"author":[{"embeddable":true,"href":"https:\/\/potenciaradiofonicadominicana.com\/portal\/wp-json\/wp\/v2\/users\/2"}],"replies":[{"embeddable":true,"href":"https:\/\/potenciaradiofonicadominicana.com\/portal\/wp-json\/wp\/v2\/comments?post=212133"}],"version-history":[{"count":1,"href":"https:\/\/potenciaradiofonicadominicana.com\/portal\/wp-json\/wp\/v2\/posts\/212133\/revisions"}],"predecessor-version":[{"id":212135,"href":"https:\/\/potenciaradiofonicadominicana.com\/portal\/wp-json\/wp\/v2\/posts\/212133\/revisions\/212135"}],"wp:featuredmedia":[{"embeddable":true,"href":"https:\/\/potenciaradiofonicadominicana.com\/portal\/wp-json\/wp\/v2\/media\/212134"}],"wp:attachment":[{"href":"https:\/\/potenciaradiofonicadominicana.com\/portal\/wp-json\/wp\/v2\/media?parent=212133"}],"wp:term":[{"taxonomy":"category","embeddable":true,"href":"https:\/\/potenciaradiofonicadominicana.com\/portal\/wp-json\/wp\/v2\/categories?post=212133"},{"taxonomy":"post_tag","embeddable":true,"href":"https:\/\/potenciaradiofonicadominicana.com\/portal\/wp-json\/wp\/v2\/tags?post=212133"}],"curies":[{"name":"wp","href":"https:\/\/api.w.org\/{rel}","templated":true}]}}