{"id":212130,"date":"2026-02-24T21:44:06","date_gmt":"2026-02-25T01:44:06","guid":{"rendered":"https:\/\/potenciaradiofonicadominicana.com\/portal\/?p=212130"},"modified":"2026-02-24T21:44:06","modified_gmt":"2026-02-25T01:44:06","slug":"eloy-jimenez-en-plena-forma-se-convierte-en-la-estrella-inicial-del-campamento-de-los-blue-jays","status":"publish","type":"post","link":"https:\/\/potenciaradiofonicadominicana.com\/portal\/eloy-jimenez-en-plena-forma-se-convierte-en-la-estrella-inicial-del-campamento-de-los-blue-jays\/","title":{"rendered":"Eloy Jim\u00e9nez, en plena forma, se convierte en la estrella inicial del campamento de los Blue Jays"},"content":{"rendered":"<p><a href=\"https:\/\/potenciaradiofonicadominicana.com\/portal\/wp-content\/uploads\/2026\/02\/ss_20260222_195230855_3395727.jpg\"><img loading=\"lazy\" decoding=\"async\" class=\"alignnone size-full wp-image-212131\" src=\"https:\/\/potenciaradiofonicadominicana.com\/portal\/wp-content\/uploads\/2026\/02\/ss_20260222_195230855_3395727.jpg\" alt=\"\" width=\"1920\" height=\"1080\" srcset=\"https:\/\/potenciaradiofonicadominicana.com\/portal\/wp-content\/uploads\/2026\/02\/ss_20260222_195230855_3395727.jpg 1920w, https:\/\/potenciaradiofonicadominicana.com\/portal\/wp-content\/uploads\/2026\/02\/ss_20260222_195230855_3395727-300x169.jpg 300w, https:\/\/potenciaradiofonicadominicana.com\/portal\/wp-content\/uploads\/2026\/02\/ss_20260222_195230855_3395727-1024x576.jpg 1024w, https:\/\/potenciaradiofonicadominicana.com\/portal\/wp-content\/uploads\/2026\/02\/ss_20260222_195230855_3395727-768x432.jpg 768w, https:\/\/potenciaradiofonicadominicana.com\/portal\/wp-content\/uploads\/2026\/02\/ss_20260222_195230855_3395727-1536x864.jpg 1536w\" sizes=\"auto, (max-width: 1920px) 100vw, 1920px\" \/><\/a><\/p>\n<p>Apenas llevamos unos d\u00edas en el calendario de la Liga de la Toronja de 2026, pero el toletero de 29 a\u00f1os ya est\u00e1 llamando la atenci\u00f3n en el campamento de Toronto esta primavera. Ha sido un impresionante comienzo en el plato, aunque en solo dos juegos, ya que se ha ido de 5-3 con un par de extrabases en ese lapso, conectando ya su primer jonr\u00f3n de la primavera.<\/p>\n<p>Como siempre, las advertencias habituales de los entrenamientos de primavera aplican aqu\u00ed, especialmente para alguien como Jim\u00e9nez, quien asiste al campamento como invitado fuera del roster y pas\u00f3 toda la temporada pasada en las menores. Todav\u00eda le queda un largo camino por recorrer hasta el D\u00eda Inaugural, que est\u00e1 a poco m\u00e1s de un mes.<\/p>\n<p>Al mismo tiempo, Jim\u00e9nez aporta un gran potencial de poder al campamento de los Blue Jays, dado su historial como bateador de 30 jonrones con los Chicago White Sox. Desde entonces, ha estado buscando esa actuaci\u00f3n revelaci\u00f3n de 2019, luchando por replicarla principalmente debido a su salud, o a la falta de ella.<\/p>\n<p>Sin embargo, existe la posibilidad de que esta vez sea diferente para el bateador diestro.<\/p>\n<p>A\u00fan es muy temprano. Pero hasta ahora, el proceso y los resultados de Jim\u00e9nez han reflejado fielmente los de sus inicios, incluso con esta min\u00fascula muestra, ya que ha mostrado destellos de su nivel de Bate de Plata de 2020, un \u00e9xito que lo ha puesto en el radar de la organizaci\u00f3n como un jugador en la cuerda floja que compite por uno de los \u00faltimos puestos en la plantilla de 26 jugadores.<\/p>\n<p>Poder arrancar con buen pie esta primavera debe ser gratificante para Jim\u00e9nez, quien ha soportado cinco campa\u00f1as consecutivas plagadas de lesiones, incluyendo un par de estancias en la lista de lesionados en 2025, desde que gan\u00f3 su \u00fanico Bate de Plata de la temporada de 2020 acortada por la COVID.<\/p>\n<p>Ha sido el caballo que ha intentado atrapar esa elusiva zanahoria durante los \u00faltimos a\u00f1os, y ahora podr\u00eda finalmente estar a tiro de nuevo. Antes de firmar un contrato de ligas menores con los Blue Jays en septiembre pasado, Jim\u00e9nez pas\u00f3 brevemente por los Orioles de Baltimore (segunda mitad de 2024) y los Rays de Tampa Bay (primera mitad de 2025), sin lograr establecerse en ninguno de los dos equipos. Y no hab\u00eda garant\u00edas de que recibiera otra oportunidad con Toronto, tras solo conectar tres hits en 18 turnos al bate durante sus seis juegos en Triple-A Buffalo al final de la temporada pasada.<\/p>\n<p>Tras convertirse en agente libre la temporada baja pasada, Jim\u00e9nez regres\u00f3 con fuerza a los Blue Jays gracias a su slugging de .426 y 12 extrabases, incluyendo cinco jonrones, en 36 juegos durante la temporada 2025-26 de la liga invernal dominicana, ganando el premio al Jugador M\u00e1s Valioso (MVP) en la ronda de todos contra todos.<\/p>\n<p>La directiva de Toronto se mantuvo en contacto con el equipo de Jim\u00e9nez durante todo el invierno, creyendo que podr\u00eda valer la pena apostar por \u00e9l en 2026, y se convencieron tras observar su renovado \u00e9xito, firm\u00e1ndolo con otro contrato de ligas menores el mes pasado.<\/p>\n<p>Esta decisi\u00f3n ya est\u00e1 dando sus frutos para la organizaci\u00f3n, considerando que lleg\u00f3 en una \u00abforma f\u00edsica tremenda\u00bb y se ha visto m\u00e1s saludable que en muchos a\u00f1os, declar\u00f3 el m\u00e1nager John Schneider antes de la derrota del lunes por 4-3 en el partido de exhibici\u00f3n contra los Mets de Nueva York, seg\u00fan inform\u00f3 Arden Zwelling de Sportsnet.<\/p>\n<p>Schneider tambi\u00e9n se ha mostrado satisfecho con la mec\u00e1nica de bateo de Jim\u00e9nez esta primavera, compar\u00e1ndola m\u00e1s con sus primeros d\u00edas con los White Sox que con las versiones de \u00e9l mismo, frecuentemente lesionado, de las \u00faltimas temporadas.<\/p>\n<p>Estos comentarios sin duda coincidieron con los alentadores resultados del debut del veterano jardinero en la Liga de la Toronja el s\u00e1bado, que incluy\u00f3 una actuaci\u00f3n de varios extrabases contra los Boston Red Sox.<\/p>\n<p>Los dos hits de Jim\u00e9nez impactaron con fuerza contra su barril, superando cada uno una velocidad de salida de 95 mph. El primero casi super\u00f3 la r\u00e9plica del Monstruo Verde en el jard\u00edn izquierdo del JetBlue Park, lo que result\u00f3 en un doble de 104.8 mph ante una recta alta de Brayan Bello, quien no es el mejor abridor en una rotaci\u00f3n de los Medias Rojas que incluye al as Garrett Crochet, Sonny Gray y Ranger Su\u00e1rez, pero aun as\u00ed impresion\u00f3 con una efectividad de 3.35, la mejor de su carrera, en 2025.<\/p>\n<p>Ese doble de 398 pies de Jim\u00e9nez, quien conect\u00f3 un jonr\u00f3n ante un cambio colgado en su \u00faltimo turno al bate contra los Medias Rojas, es especialmente notable porque recorri\u00f3 la mayor distancia de cualquier bola bateada que bate\u00f3 durante los \u00faltimos cinco meses de su temporada de 2025. Despu\u00e9s de conectar un par de jonrones de m\u00e1s de 400 pies en abril pasado, ninguna bola bateada super\u00f3 los 390 pies durante el resto de la temporada. Por supuesto, se requerir\u00e1 una muestra m\u00e1s grande antes de que la expectaci\u00f3n por Eloy Jim\u00e9nez comience a cobrar impulso. Pero estos son pasos en la direcci\u00f3n correcta, especialmente desde el punto de vista de la calidad del contacto, para alguien cuyo curr\u00edculum incluye una producci\u00f3n de da\u00f1o de \u00e9lite (\u00edndice de golpes fuertes del percentil 90 o superior en tres de cuatro temporadas clasificatorias de la MLB).<\/p>\n<p>Cuando est\u00e1 sano, el perfil de bateo de Jim\u00e9nez tambi\u00e9n presenta una velocidad de bateo casi de \u00e9lite, que se demostr\u00f3 de forma m\u00e1s prominente en 2023 con su clasificaci\u00f3n en el percentil 88 (75.2 mph). M\u00faltiples lesiones le impidieron replicar esa lectura durante la temporada siguiente, y si bien Baseball Savant no proporciona velocidades de bate promedio para juegos de ligas menores o entrenamientos de primavera, la prueba visual y los escasos datos subyacentes que poseemos de esta primavera sugieren que esta es la vez que Jim\u00e9nez ha estado m\u00e1s cerca de recuperar su m\u00e1ximo potencial en pocos a\u00f1os.<\/p>\n<p>Si logra seguir desarrollando esto, podr\u00eda aumentar la presi\u00f3n sobre otros candidatos a la burbuja del roster en el campamento de entrenamiento, e incluso obligar a una decisi\u00f3n dif\u00edcil con Nathan Lukes, quien, como jardinero zurdo con una opci\u00f3n restante en un equipo bloqueado por otros jardineros zurdos, podr\u00eda potencialmente perder ante Jim\u00e9nez, quien se adapta mejor y batea a la derecha.<\/p>\n<p>\u00bfD\u00f3nde jugar\u00eda Jim\u00e9nez si ese escenario se concreta?<\/p>\n<p>En su carrera, el toletero dominicano ha presentado mejores divisiones inversas que las tradicionales (mejor producci\u00f3n contra lanzadores diestros que contra zurdos), registrando un wRC+ de 116 (promedio de la liga de 100) contra diestros. Tambi\u00e9n podr\u00eda haber v\u00edas para ganar turnos al bate contra zurdos, considerando que brill\u00f3 en oportunidades limitadas en 2022, con promedio de bateo de .300\/.370\/.471 y un wRC+ de 139 en 81 apariciones al plato.<\/p>\n<p>Los Blue Jays planean utilizar a Jim\u00e9nez en las esquinas de los jardines y como bateador designado al principio del campamento, seg\u00fan revel\u00f3 Schneider. Pero tambi\u00e9n seguir\u00e1 ganando experiencia en primera base una vez que Vladimir Guerrero Jr. parta al Cl\u00e1sico Mundial de B\u00e9isbol despu\u00e9s de esta semana, donde solo ha jugado 45 entradas, todas en las menores y la temporada pasada en Triple-A.<\/p>\n<p>Si Jim\u00e9nez llegara a formar parte del plantel del D\u00eda Inaugural de Toronto, el objetivo principal ser\u00eda que aportara poder adicional en lugar del lesionado Anthony Santander, similar al papel de Jes\u00fas S\u00e1nchez. Dado lo bien que esta franquicia maximiz\u00f3 los enfrentamientos de alineaciones la temporada pasada, la inclusi\u00f3n de Jim\u00e9nez podr\u00eda ayudar a mejorar la alineaci\u00f3n m\u00e1s que la de Luke en 2026.<\/p>\n","protected":false},"excerpt":{"rendered":"<p>Apenas llevamos unos d\u00edas en el calendario de la Liga de la Toronja de 2026, pero el toletero de 29 &#8230;<\/p>\n","protected":false},"author":2,"featured_media":212131,"comment_status":"closed","ping_status":"closed","sticky":false,"template":"","format":"standard","meta":{"footnotes":""},"categories":[28],"tags":[],"class_list":["post-212130","post","type-post","status-publish","format-standard","has-post-thumbnail","hentry","category-deportes"],"yoast_head":"<!-- This site is optimized with the Yoast SEO plugin v24.8.1 - https:\/\/yoast.com\/wordpress\/plugins\/seo\/ -->\n<title>Eloy Jim\u00e9nez, en plena forma, se convierte en la estrella inicial del campamento de los Blue Jays - PotenciaRadiofonicaDominicana.com<\/title>\n<meta name=\"robots\" content=\"index, follow, max-snippet:-1, max-image-preview:large, max-video-preview:-1\" \/>\n<link rel=\"canonical\" href=\"https:\/\/potenciaradiofonicadominicana.com\/portal\/eloy-jimenez-en-plena-forma-se-convierte-en-la-estrella-inicial-del-campamento-de-los-blue-jays\/\" \/>\n<meta property=\"og:locale\" content=\"es_ES\" \/>\n<meta property=\"og:type\" content=\"article\" \/>\n<meta property=\"og:title\" content=\"Eloy Jim\u00e9nez, en plena forma, se convierte en la estrella inicial del campamento de los Blue Jays - PotenciaRadiofonicaDominicana.com\" \/>\n<meta property=\"og:description\" content=\"Apenas llevamos unos d\u00edas en el calendario de la Liga de la Toronja de 2026, pero el toletero de 29 ...\" \/>\n<meta property=\"og:url\" content=\"https:\/\/potenciaradiofonicadominicana.com\/portal\/eloy-jimenez-en-plena-forma-se-convierte-en-la-estrella-inicial-del-campamento-de-los-blue-jays\/\" \/>\n<meta property=\"og:site_name\" content=\"PotenciaRadiofonicaDominicana.com\" \/>\n<meta property=\"article:publisher\" content=\"https:\/\/web.facebook.com\/PotenciaRadiofonicaD\" \/>\n<meta property=\"article:published_time\" content=\"2026-02-25T01:44:06+00:00\" \/>\n<meta property=\"og:image\" content=\"https:\/\/potenciaradiofonicadominicana.com\/portal\/wp-content\/uploads\/2026\/02\/ss_20260222_195230855_3395727.jpg\" \/>\n\t<meta property=\"og:image:width\" content=\"1920\" \/>\n\t<meta property=\"og:image:height\" content=\"1080\" \/>\n\t<meta property=\"og:image:type\" content=\"image\/jpeg\" \/>\n<meta name=\"author\" content=\"Potencia Radiof\u00f3nica Dominicana\" \/>\n<meta name=\"twitter:card\" content=\"summary_large_image\" \/>\n<meta name=\"twitter:label1\" content=\"Escrito por\" \/>\n\t<meta name=\"twitter:data1\" content=\"Potencia Radiof\u00f3nica Dominicana\" \/>\n\t<meta name=\"twitter:label2\" content=\"Tiempo de lectura\" \/>\n\t<meta name=\"twitter:data2\" content=\"7 minutos\" \/>\n<script type=\"application\/ld+json\" class=\"yoast-schema-graph\">{\"@context\":\"https:\/\/schema.org\",\"@graph\":[{\"@type\":\"Article\",\"@id\":\"https:\/\/potenciaradiofonicadominicana.com\/portal\/eloy-jimenez-en-plena-forma-se-convierte-en-la-estrella-inicial-del-campamento-de-los-blue-jays\/#article\",\"isPartOf\":{\"@id\":\"https:\/\/potenciaradiofonicadominicana.com\/portal\/eloy-jimenez-en-plena-forma-se-convierte-en-la-estrella-inicial-del-campamento-de-los-blue-jays\/\"},\"author\":{\"name\":\"Potencia Radiof\u00f3nica Dominicana\",\"@id\":\"https:\/\/potenciaradiofonicadominicana.com\/portal\/#\/schema\/person\/a5cf1fea13877803ee0573ac18b03490\"},\"headline\":\"Eloy Jim\u00e9nez, en plena forma, se convierte en la estrella inicial del campamento de los Blue Jays\",\"datePublished\":\"2026-02-25T01:44:06+00:00\",\"mainEntityOfPage\":{\"@id\":\"https:\/\/potenciaradiofonicadominicana.com\/portal\/eloy-jimenez-en-plena-forma-se-convierte-en-la-estrella-inicial-del-campamento-de-los-blue-jays\/\"},\"wordCount\":1338,\"publisher\":{\"@id\":\"https:\/\/potenciaradiofonicadominicana.com\/portal\/#organization\"},\"image\":{\"@id\":\"https:\/\/potenciaradiofonicadominicana.com\/portal\/eloy-jimenez-en-plena-forma-se-convierte-en-la-estrella-inicial-del-campamento-de-los-blue-jays\/#primaryimage\"},\"thumbnailUrl\":\"https:\/\/potenciaradiofonicadominicana.com\/portal\/wp-content\/uploads\/2026\/02\/ss_20260222_195230855_3395727.jpg\",\"articleSection\":[\"Deportes\"],\"inLanguage\":\"es\"},{\"@type\":\"WebPage\",\"@id\":\"https:\/\/potenciaradiofonicadominicana.com\/portal\/eloy-jimenez-en-plena-forma-se-convierte-en-la-estrella-inicial-del-campamento-de-los-blue-jays\/\",\"url\":\"https:\/\/potenciaradiofonicadominicana.com\/portal\/eloy-jimenez-en-plena-forma-se-convierte-en-la-estrella-inicial-del-campamento-de-los-blue-jays\/\",\"name\":\"Eloy Jim\u00e9nez, en plena forma, se convierte en la estrella inicial del campamento de los Blue Jays - PotenciaRadiofonicaDominicana.com\",\"isPartOf\":{\"@id\":\"https:\/\/potenciaradiofonicadominicana.com\/portal\/#website\"},\"primaryImageOfPage\":{\"@id\":\"https:\/\/potenciaradiofonicadominicana.com\/portal\/eloy-jimenez-en-plena-forma-se-convierte-en-la-estrella-inicial-del-campamento-de-los-blue-jays\/#primaryimage\"},\"image\":{\"@id\":\"https:\/\/potenciaradiofonicadominicana.com\/portal\/eloy-jimenez-en-plena-forma-se-convierte-en-la-estrella-inicial-del-campamento-de-los-blue-jays\/#primaryimage\"},\"thumbnailUrl\":\"https:\/\/potenciaradiofonicadominicana.com\/portal\/wp-content\/uploads\/2026\/02\/ss_20260222_195230855_3395727.jpg\",\"datePublished\":\"2026-02-25T01:44:06+00:00\",\"breadcrumb\":{\"@id\":\"https:\/\/potenciaradiofonicadominicana.com\/portal\/eloy-jimenez-en-plena-forma-se-convierte-en-la-estrella-inicial-del-campamento-de-los-blue-jays\/#breadcrumb\"},\"inLanguage\":\"es\",\"potentialAction\":[{\"@type\":\"ReadAction\",\"target\":[\"https:\/\/potenciaradiofonicadominicana.com\/portal\/eloy-jimenez-en-plena-forma-se-convierte-en-la-estrella-inicial-del-campamento-de-los-blue-jays\/\"]}]},{\"@type\":\"ImageObject\",\"inLanguage\":\"es\",\"@id\":\"https:\/\/potenciaradiofonicadominicana.com\/portal\/eloy-jimenez-en-plena-forma-se-convierte-en-la-estrella-inicial-del-campamento-de-los-blue-jays\/#primaryimage\",\"url\":\"https:\/\/potenciaradiofonicadominicana.com\/portal\/wp-content\/uploads\/2026\/02\/ss_20260222_195230855_3395727.jpg\",\"contentUrl\":\"https:\/\/potenciaradiofonicadominicana.com\/portal\/wp-content\/uploads\/2026\/02\/ss_20260222_195230855_3395727.jpg\",\"width\":1920,\"height\":1080},{\"@type\":\"BreadcrumbList\",\"@id\":\"https:\/\/potenciaradiofonicadominicana.com\/portal\/eloy-jimenez-en-plena-forma-se-convierte-en-la-estrella-inicial-del-campamento-de-los-blue-jays\/#breadcrumb\",\"itemListElement\":[{\"@type\":\"ListItem\",\"position\":1,\"name\":\"Portada\",\"item\":\"https:\/\/potenciaradiofonicadominicana.com\/portal\/\"},{\"@type\":\"ListItem\",\"position\":2,\"name\":\"Eloy Jim\u00e9nez, en plena forma, se convierte en la estrella inicial del campamento de los Blue Jays\"}]},{\"@type\":\"WebSite\",\"@id\":\"https:\/\/potenciaradiofonicadominicana.com\/portal\/#website\",\"url\":\"https:\/\/potenciaradiofonicadominicana.com\/portal\/\",\"name\":\"PotenciaRadiofonicaDominicana.com\",\"description\":\"Peri\u00f3dico Digital\",\"publisher\":{\"@id\":\"https:\/\/potenciaradiofonicadominicana.com\/portal\/#organization\"},\"potentialAction\":[{\"@type\":\"SearchAction\",\"target\":{\"@type\":\"EntryPoint\",\"urlTemplate\":\"https:\/\/potenciaradiofonicadominicana.com\/portal\/?s={search_term_string}\"},\"query-input\":{\"@type\":\"PropertyValueSpecification\",\"valueRequired\":true,\"valueName\":\"search_term_string\"}}],\"inLanguage\":\"es\"},{\"@type\":\"Organization\",\"@id\":\"https:\/\/potenciaradiofonicadominicana.com\/portal\/#organization\",\"name\":\"PotenciaRadiofonicaDominicana.com\",\"url\":\"https:\/\/potenciaradiofonicadominicana.com\/portal\/\",\"logo\":{\"@type\":\"ImageObject\",\"inLanguage\":\"es\",\"@id\":\"https:\/\/potenciaradiofonicadominicana.com\/portal\/#\/schema\/logo\/image\/\",\"url\":\"https:\/\/potenciaradiofonicadominicana.com\/portal\/wp-content\/uploads\/2022\/01\/descarga.png\",\"contentUrl\":\"https:\/\/potenciaradiofonicadominicana.com\/portal\/wp-content\/uploads\/2022\/01\/descarga.png\",\"width\":300,\"height\":100,\"caption\":\"PotenciaRadiofonicaDominicana.com\"},\"image\":{\"@id\":\"https:\/\/potenciaradiofonicadominicana.com\/portal\/#\/schema\/logo\/image\/\"},\"sameAs\":[\"https:\/\/web.facebook.com\/PotenciaRadiofonicaD\"]},{\"@type\":\"Person\",\"@id\":\"https:\/\/potenciaradiofonicadominicana.com\/portal\/#\/schema\/person\/a5cf1fea13877803ee0573ac18b03490\",\"name\":\"Potencia Radiof\u00f3nica Dominicana\",\"image\":{\"@type\":\"ImageObject\",\"inLanguage\":\"es\",\"@id\":\"https:\/\/potenciaradiofonicadominicana.com\/portal\/#\/schema\/person\/image\/\",\"url\":\"https:\/\/secure.gravatar.com\/avatar\/42a55ab9e8ccc656ba34cd791990602a?s=96&d=mm&r=g\",\"contentUrl\":\"https:\/\/secure.gravatar.com\/avatar\/42a55ab9e8ccc656ba34cd791990602a?s=96&d=mm&r=g\",\"caption\":\"Potencia Radiof\u00f3nica Dominicana\"},\"url\":\"https:\/\/potenciaradiofonicadominicana.com\/portal\/author\/johannyalmanzar\/\"}]}<\/script>\n<!-- \/ Yoast SEO plugin. -->","yoast_head_json":{"title":"Eloy Jim\u00e9nez, en plena forma, se convierte en la estrella inicial del campamento de los Blue Jays - PotenciaRadiofonicaDominicana.com","robots":{"index":"index","follow":"follow","max-snippet":"max-snippet:-1","max-image-preview":"max-image-preview:large","max-video-preview":"max-video-preview:-1"},"canonical":"https:\/\/potenciaradiofonicadominicana.com\/portal\/eloy-jimenez-en-plena-forma-se-convierte-en-la-estrella-inicial-del-campamento-de-los-blue-jays\/","og_locale":"es_ES","og_type":"article","og_title":"Eloy Jim\u00e9nez, en plena forma, se convierte en la estrella inicial del campamento de los Blue Jays - PotenciaRadiofonicaDominicana.com","og_description":"Apenas llevamos unos d\u00edas en el calendario de la Liga de la Toronja de 2026, pero el toletero de 29 ...","og_url":"https:\/\/potenciaradiofonicadominicana.com\/portal\/eloy-jimenez-en-plena-forma-se-convierte-en-la-estrella-inicial-del-campamento-de-los-blue-jays\/","og_site_name":"PotenciaRadiofonicaDominicana.com","article_publisher":"https:\/\/web.facebook.com\/PotenciaRadiofonicaD","article_published_time":"2026-02-25T01:44:06+00:00","og_image":[{"width":1920,"height":1080,"url":"https:\/\/potenciaradiofonicadominicana.com\/portal\/wp-content\/uploads\/2026\/02\/ss_20260222_195230855_3395727.jpg","type":"image\/jpeg"}],"author":"Potencia Radiof\u00f3nica Dominicana","twitter_card":"summary_large_image","twitter_misc":{"Escrito por":"Potencia Radiof\u00f3nica Dominicana","Tiempo de lectura":"7 minutos"},"schema":{"@context":"https:\/\/schema.org","@graph":[{"@type":"Article","@id":"https:\/\/potenciaradiofonicadominicana.com\/portal\/eloy-jimenez-en-plena-forma-se-convierte-en-la-estrella-inicial-del-campamento-de-los-blue-jays\/#article","isPartOf":{"@id":"https:\/\/potenciaradiofonicadominicana.com\/portal\/eloy-jimenez-en-plena-forma-se-convierte-en-la-estrella-inicial-del-campamento-de-los-blue-jays\/"},"author":{"name":"Potencia Radiof\u00f3nica Dominicana","@id":"https:\/\/potenciaradiofonicadominicana.com\/portal\/#\/schema\/person\/a5cf1fea13877803ee0573ac18b03490"},"headline":"Eloy Jim\u00e9nez, en plena forma, se convierte en la estrella inicial del campamento de los Blue Jays","datePublished":"2026-02-25T01:44:06+00:00","mainEntityOfPage":{"@id":"https:\/\/potenciaradiofonicadominicana.com\/portal\/eloy-jimenez-en-plena-forma-se-convierte-en-la-estrella-inicial-del-campamento-de-los-blue-jays\/"},"wordCount":1338,"publisher":{"@id":"https:\/\/potenciaradiofonicadominicana.com\/portal\/#organization"},"image":{"@id":"https:\/\/potenciaradiofonicadominicana.com\/portal\/eloy-jimenez-en-plena-forma-se-convierte-en-la-estrella-inicial-del-campamento-de-los-blue-jays\/#primaryimage"},"thumbnailUrl":"https:\/\/potenciaradiofonicadominicana.com\/portal\/wp-content\/uploads\/2026\/02\/ss_20260222_195230855_3395727.jpg","articleSection":["Deportes"],"inLanguage":"es"},{"@type":"WebPage","@id":"https:\/\/potenciaradiofonicadominicana.com\/portal\/eloy-jimenez-en-plena-forma-se-convierte-en-la-estrella-inicial-del-campamento-de-los-blue-jays\/","url":"https:\/\/potenciaradiofonicadominicana.com\/portal\/eloy-jimenez-en-plena-forma-se-convierte-en-la-estrella-inicial-del-campamento-de-los-blue-jays\/","name":"Eloy Jim\u00e9nez, en plena forma, se convierte en la estrella inicial del campamento de los Blue Jays - PotenciaRadiofonicaDominicana.com","isPartOf":{"@id":"https:\/\/potenciaradiofonicadominicana.com\/portal\/#website"},"primaryImageOfPage":{"@id":"https:\/\/potenciaradiofonicadominicana.com\/portal\/eloy-jimenez-en-plena-forma-se-convierte-en-la-estrella-inicial-del-campamento-de-los-blue-jays\/#primaryimage"},"image":{"@id":"https:\/\/potenciaradiofonicadominicana.com\/portal\/eloy-jimenez-en-plena-forma-se-convierte-en-la-estrella-inicial-del-campamento-de-los-blue-jays\/#primaryimage"},"thumbnailUrl":"https:\/\/potenciaradiofonicadominicana.com\/portal\/wp-content\/uploads\/2026\/02\/ss_20260222_195230855_3395727.jpg","datePublished":"2026-02-25T01:44:06+00:00","breadcrumb":{"@id":"https:\/\/potenciaradiofonicadominicana.com\/portal\/eloy-jimenez-en-plena-forma-se-convierte-en-la-estrella-inicial-del-campamento-de-los-blue-jays\/#breadcrumb"},"inLanguage":"es","potentialAction":[{"@type":"ReadAction","target":["https:\/\/potenciaradiofonicadominicana.com\/portal\/eloy-jimenez-en-plena-forma-se-convierte-en-la-estrella-inicial-del-campamento-de-los-blue-jays\/"]}]},{"@type":"ImageObject","inLanguage":"es","@id":"https:\/\/potenciaradiofonicadominicana.com\/portal\/eloy-jimenez-en-plena-forma-se-convierte-en-la-estrella-inicial-del-campamento-de-los-blue-jays\/#primaryimage","url":"https:\/\/potenciaradiofonicadominicana.com\/portal\/wp-content\/uploads\/2026\/02\/ss_20260222_195230855_3395727.jpg","contentUrl":"https:\/\/potenciaradiofonicadominicana.com\/portal\/wp-content\/uploads\/2026\/02\/ss_20260222_195230855_3395727.jpg","width":1920,"height":1080},{"@type":"BreadcrumbList","@id":"https:\/\/potenciaradiofonicadominicana.com\/portal\/eloy-jimenez-en-plena-forma-se-convierte-en-la-estrella-inicial-del-campamento-de-los-blue-jays\/#breadcrumb","itemListElement":[{"@type":"ListItem","position":1,"name":"Portada","item":"https:\/\/potenciaradiofonicadominicana.com\/portal\/"},{"@type":"ListItem","position":2,"name":"Eloy Jim\u00e9nez, en plena forma, se convierte en la estrella inicial del campamento de los Blue Jays"}]},{"@type":"WebSite","@id":"https:\/\/potenciaradiofonicadominicana.com\/portal\/#website","url":"https:\/\/potenciaradiofonicadominicana.com\/portal\/","name":"PotenciaRadiofonicaDominicana.com","description":"Peri\u00f3dico Digital","publisher":{"@id":"https:\/\/potenciaradiofonicadominicana.com\/portal\/#organization"},"potentialAction":[{"@type":"SearchAction","target":{"@type":"EntryPoint","urlTemplate":"https:\/\/potenciaradiofonicadominicana.com\/portal\/?s={search_term_string}"},"query-input":{"@type":"PropertyValueSpecification","valueRequired":true,"valueName":"search_term_string"}}],"inLanguage":"es"},{"@type":"Organization","@id":"https:\/\/potenciaradiofonicadominicana.com\/portal\/#organization","name":"PotenciaRadiofonicaDominicana.com","url":"https:\/\/potenciaradiofonicadominicana.com\/portal\/","logo":{"@type":"ImageObject","inLanguage":"es","@id":"https:\/\/potenciaradiofonicadominicana.com\/portal\/#\/schema\/logo\/image\/","url":"https:\/\/potenciaradiofonicadominicana.com\/portal\/wp-content\/uploads\/2022\/01\/descarga.png","contentUrl":"https:\/\/potenciaradiofonicadominicana.com\/portal\/wp-content\/uploads\/2022\/01\/descarga.png","width":300,"height":100,"caption":"PotenciaRadiofonicaDominicana.com"},"image":{"@id":"https:\/\/potenciaradiofonicadominicana.com\/portal\/#\/schema\/logo\/image\/"},"sameAs":["https:\/\/web.facebook.com\/PotenciaRadiofonicaD"]},{"@type":"Person","@id":"https:\/\/potenciaradiofonicadominicana.com\/portal\/#\/schema\/person\/a5cf1fea13877803ee0573ac18b03490","name":"Potencia Radiof\u00f3nica Dominicana","image":{"@type":"ImageObject","inLanguage":"es","@id":"https:\/\/potenciaradiofonicadominicana.com\/portal\/#\/schema\/person\/image\/","url":"https:\/\/secure.gravatar.com\/avatar\/42a55ab9e8ccc656ba34cd791990602a?s=96&d=mm&r=g","contentUrl":"https:\/\/secure.gravatar.com\/avatar\/42a55ab9e8ccc656ba34cd791990602a?s=96&d=mm&r=g","caption":"Potencia Radiof\u00f3nica Dominicana"},"url":"https:\/\/potenciaradiofonicadominicana.com\/portal\/author\/johannyalmanzar\/"}]}},"_links":{"self":[{"href":"https:\/\/potenciaradiofonicadominicana.com\/portal\/wp-json\/wp\/v2\/posts\/212130","targetHints":{"allow":["GET"]}}],"collection":[{"href":"https:\/\/potenciaradiofonicadominicana.com\/portal\/wp-json\/wp\/v2\/posts"}],"about":[{"href":"https:\/\/potenciaradiofonicadominicana.com\/portal\/wp-json\/wp\/v2\/types\/post"}],"author":[{"embeddable":true,"href":"https:\/\/potenciaradiofonicadominicana.com\/portal\/wp-json\/wp\/v2\/users\/2"}],"replies":[{"embeddable":true,"href":"https:\/\/potenciaradiofonicadominicana.com\/portal\/wp-json\/wp\/v2\/comments?post=212130"}],"version-history":[{"count":1,"href":"https:\/\/potenciaradiofonicadominicana.com\/portal\/wp-json\/wp\/v2\/posts\/212130\/revisions"}],"predecessor-version":[{"id":212132,"href":"https:\/\/potenciaradiofonicadominicana.com\/portal\/wp-json\/wp\/v2\/posts\/212130\/revisions\/212132"}],"wp:featuredmedia":[{"embeddable":true,"href":"https:\/\/potenciaradiofonicadominicana.com\/portal\/wp-json\/wp\/v2\/media\/212131"}],"wp:attachment":[{"href":"https:\/\/potenciaradiofonicadominicana.com\/portal\/wp-json\/wp\/v2\/media?parent=212130"}],"wp:term":[{"taxonomy":"category","embeddable":true,"href":"https:\/\/potenciaradiofonicadominicana.com\/portal\/wp-json\/wp\/v2\/categories?post=212130"},{"taxonomy":"post_tag","embeddable":true,"href":"https:\/\/potenciaradiofonicadominicana.com\/portal\/wp-json\/wp\/v2\/tags?post=212130"}],"curies":[{"name":"wp","href":"https:\/\/api.w.org\/{rel}","templated":true}]}}