{"id":212124,"date":"2026-02-24T21:41:47","date_gmt":"2026-02-25T01:41:47","guid":{"rendered":"https:\/\/potenciaradiofonicadominicana.com\/portal\/?p=212124"},"modified":"2026-02-24T21:41:47","modified_gmt":"2026-02-25T01:41:47","slug":"samuel-basallo-es-favorito-para-ganar-el-premio-al-novato-del-ano-de-la-liga-americana","status":"publish","type":"post","link":"https:\/\/potenciaradiofonicadominicana.com\/portal\/samuel-basallo-es-favorito-para-ganar-el-premio-al-novato-del-ano-de-la-liga-americana\/","title":{"rendered":"Samuel Basallo es favorito para ganar el premio al Novato del A\u00f1o de la Liga Americana"},"content":{"rendered":"<p><a href=\"https:\/\/potenciaradiofonicadominicana.com\/portal\/wp-content\/uploads\/2026\/02\/68a8a67b869a0.r_d.512-329-0.jpeg\"><img loading=\"lazy\" decoding=\"async\" class=\"alignnone size-full wp-image-212125\" src=\"https:\/\/potenciaradiofonicadominicana.com\/portal\/wp-content\/uploads\/2026\/02\/68a8a67b869a0.r_d.512-329-0.jpeg\" alt=\"\" width=\"1200\" height=\"675\" srcset=\"https:\/\/potenciaradiofonicadominicana.com\/portal\/wp-content\/uploads\/2026\/02\/68a8a67b869a0.r_d.512-329-0.jpeg 1200w, https:\/\/potenciaradiofonicadominicana.com\/portal\/wp-content\/uploads\/2026\/02\/68a8a67b869a0.r_d.512-329-0-300x169.jpeg 300w, https:\/\/potenciaradiofonicadominicana.com\/portal\/wp-content\/uploads\/2026\/02\/68a8a67b869a0.r_d.512-329-0-1024x576.jpeg 1024w, https:\/\/potenciaradiofonicadominicana.com\/portal\/wp-content\/uploads\/2026\/02\/68a8a67b869a0.r_d.512-329-0-768x432.jpeg 768w\" sizes=\"auto, (max-width: 1200px) 100vw, 1200px\" \/><\/a><\/p>\n<p>El dominicano Samuel Basallo, de Baltimore, es se\u00f1alado como el favorito para ganar el premio del Novato del A\u00f1o de la Liga Americana de la temporada 2026, en las predicciones anuales de Sportsnaut.<\/p>\n<p>Destacan que aunque Basallo ciertamente tuvo dificultades en su primera prueba contra el pitcheo de las Grandes Ligas, registrando un promedio de bateo de .165 y un OPS de .559 en 109 turnos al bate. Sin embargo, solo ten\u00eda 20 a\u00f1os y puede ser muy dif\u00edcil para los jugadores j\u00f3venes adaptarse a la competencia y, al mismo tiempo, aprender a trabajar como receptor de un nuevo cuerpo de lanzadores.<\/p>\n<p>Basallo ahora estar\u00e1 mucho m\u00e1s familiarizado con los lanzadores de Baltimore y su historial como bateador en las menores rivaliza con el de algunos de los mejores prospectos del b\u00e9isbol de los \u00faltimos a\u00f1os. Con la protecci\u00f3n en la alineaci\u00f3n de jugadores como Gunnar Henderson, Pete Alonso y Taylor Ward, Basallo lucir\u00e1 mucho mejor como bateador en 2026.<\/p>\n<p>Cuando combinas eso con el resurgimiento de los Orioles y su valor agregado como receptor, se llevar\u00e1 a casa los honores de Novato del A\u00f1o de la Liga Americana.<\/p>\n<p>Otras predicciones para la temporada 2026 tienen a Konnor Griffin, de Pittsburgh, para ser el Novato del A\u00f1o en la Liga Nacional.<\/p>\n<p>Los Jugadores M\u00e1s Valioso ser\u00e1n Bobby Witt Jr, de Kansas City, y Shohei Ohtani, de los Dodgers.<br \/>\nLos M\u00e1nagers del A\u00f1o: Craig Albernaz, de Baltimore, y Walt Weiss, de Atlanta. Los Cy Youngs: Garrett Crochet, de Boston, y Paul Skenes, de Pittsburgh. Relevistas del A\u00f1o: Cade Smith, de Cleveland, y Edwin D\u00edaz, de los Dodgers.<\/p>\n","protected":false},"excerpt":{"rendered":"<p>El dominicano Samuel Basallo, de Baltimore, es se\u00f1alado como el favorito para ganar el premio del Novato del A\u00f1o de &#8230;<\/p>\n","protected":false},"author":2,"featured_media":212125,"comment_status":"closed","ping_status":"closed","sticky":false,"template":"","format":"standard","meta":{"footnotes":""},"categories":[28],"tags":[],"class_list":["post-212124","post","type-post","status-publish","format-standard","has-post-thumbnail","hentry","category-deportes"],"yoast_head":"<!-- This site is optimized with the Yoast SEO plugin v24.8.1 - https:\/\/yoast.com\/wordpress\/plugins\/seo\/ -->\n<title>Samuel Basallo es favorito para ganar el premio al Novato del A\u00f1o de la Liga Americana - PotenciaRadiofonicaDominicana.com<\/title>\n<meta name=\"robots\" content=\"index, follow, max-snippet:-1, max-image-preview:large, max-video-preview:-1\" \/>\n<link rel=\"canonical\" href=\"https:\/\/potenciaradiofonicadominicana.com\/portal\/samuel-basallo-es-favorito-para-ganar-el-premio-al-novato-del-ano-de-la-liga-americana\/\" \/>\n<meta property=\"og:locale\" content=\"es_ES\" \/>\n<meta property=\"og:type\" content=\"article\" \/>\n<meta property=\"og:title\" content=\"Samuel Basallo es favorito para ganar el premio al Novato del A\u00f1o de la Liga Americana - PotenciaRadiofonicaDominicana.com\" \/>\n<meta property=\"og:description\" content=\"El dominicano Samuel Basallo, de Baltimore, es se\u00f1alado como el favorito para ganar el premio del Novato del A\u00f1o de ...\" \/>\n<meta property=\"og:url\" content=\"https:\/\/potenciaradiofonicadominicana.com\/portal\/samuel-basallo-es-favorito-para-ganar-el-premio-al-novato-del-ano-de-la-liga-americana\/\" \/>\n<meta property=\"og:site_name\" content=\"PotenciaRadiofonicaDominicana.com\" \/>\n<meta property=\"article:publisher\" content=\"https:\/\/web.facebook.com\/PotenciaRadiofonicaD\" \/>\n<meta property=\"article:published_time\" content=\"2026-02-25T01:41:47+00:00\" \/>\n<meta property=\"og:image\" content=\"https:\/\/potenciaradiofonicadominicana.com\/portal\/wp-content\/uploads\/2026\/02\/68a8a67b869a0.r_d.512-329-0.jpeg\" \/>\n\t<meta property=\"og:image:width\" content=\"1200\" \/>\n\t<meta property=\"og:image:height\" content=\"675\" \/>\n\t<meta property=\"og:image:type\" content=\"image\/jpeg\" \/>\n<meta name=\"author\" content=\"Potencia Radiof\u00f3nica Dominicana\" \/>\n<meta name=\"twitter:card\" content=\"summary_large_image\" \/>\n<meta name=\"twitter:label1\" content=\"Escrito por\" \/>\n\t<meta name=\"twitter:data1\" content=\"Potencia Radiof\u00f3nica Dominicana\" \/>\n\t<meta name=\"twitter:label2\" content=\"Tiempo de lectura\" \/>\n\t<meta name=\"twitter:data2\" content=\"2 minutos\" \/>\n<script type=\"application\/ld+json\" class=\"yoast-schema-graph\">{\"@context\":\"https:\/\/schema.org\",\"@graph\":[{\"@type\":\"Article\",\"@id\":\"https:\/\/potenciaradiofonicadominicana.com\/portal\/samuel-basallo-es-favorito-para-ganar-el-premio-al-novato-del-ano-de-la-liga-americana\/#article\",\"isPartOf\":{\"@id\":\"https:\/\/potenciaradiofonicadominicana.com\/portal\/samuel-basallo-es-favorito-para-ganar-el-premio-al-novato-del-ano-de-la-liga-americana\/\"},\"author\":{\"name\":\"Potencia Radiof\u00f3nica Dominicana\",\"@id\":\"https:\/\/potenciaradiofonicadominicana.com\/portal\/#\/schema\/person\/a5cf1fea13877803ee0573ac18b03490\"},\"headline\":\"Samuel Basallo es favorito para ganar el premio al Novato del A\u00f1o de la Liga Americana\",\"datePublished\":\"2026-02-25T01:41:47+00:00\",\"mainEntityOfPage\":{\"@id\":\"https:\/\/potenciaradiofonicadominicana.com\/portal\/samuel-basallo-es-favorito-para-ganar-el-premio-al-novato-del-ano-de-la-liga-americana\/\"},\"wordCount\":295,\"publisher\":{\"@id\":\"https:\/\/potenciaradiofonicadominicana.com\/portal\/#organization\"},\"image\":{\"@id\":\"https:\/\/potenciaradiofonicadominicana.com\/portal\/samuel-basallo-es-favorito-para-ganar-el-premio-al-novato-del-ano-de-la-liga-americana\/#primaryimage\"},\"thumbnailUrl\":\"https:\/\/potenciaradiofonicadominicana.com\/portal\/wp-content\/uploads\/2026\/02\/68a8a67b869a0.r_d.512-329-0.jpeg\",\"articleSection\":[\"Deportes\"],\"inLanguage\":\"es\"},{\"@type\":\"WebPage\",\"@id\":\"https:\/\/potenciaradiofonicadominicana.com\/portal\/samuel-basallo-es-favorito-para-ganar-el-premio-al-novato-del-ano-de-la-liga-americana\/\",\"url\":\"https:\/\/potenciaradiofonicadominicana.com\/portal\/samuel-basallo-es-favorito-para-ganar-el-premio-al-novato-del-ano-de-la-liga-americana\/\",\"name\":\"Samuel Basallo es favorito para ganar el premio al Novato del A\u00f1o de la Liga Americana - PotenciaRadiofonicaDominicana.com\",\"isPartOf\":{\"@id\":\"https:\/\/potenciaradiofonicadominicana.com\/portal\/#website\"},\"primaryImageOfPage\":{\"@id\":\"https:\/\/potenciaradiofonicadominicana.com\/portal\/samuel-basallo-es-favorito-para-ganar-el-premio-al-novato-del-ano-de-la-liga-americana\/#primaryimage\"},\"image\":{\"@id\":\"https:\/\/potenciaradiofonicadominicana.com\/portal\/samuel-basallo-es-favorito-para-ganar-el-premio-al-novato-del-ano-de-la-liga-americana\/#primaryimage\"},\"thumbnailUrl\":\"https:\/\/potenciaradiofonicadominicana.com\/portal\/wp-content\/uploads\/2026\/02\/68a8a67b869a0.r_d.512-329-0.jpeg\",\"datePublished\":\"2026-02-25T01:41:47+00:00\",\"breadcrumb\":{\"@id\":\"https:\/\/potenciaradiofonicadominicana.com\/portal\/samuel-basallo-es-favorito-para-ganar-el-premio-al-novato-del-ano-de-la-liga-americana\/#breadcrumb\"},\"inLanguage\":\"es\",\"potentialAction\":[{\"@type\":\"ReadAction\",\"target\":[\"https:\/\/potenciaradiofonicadominicana.com\/portal\/samuel-basallo-es-favorito-para-ganar-el-premio-al-novato-del-ano-de-la-liga-americana\/\"]}]},{\"@type\":\"ImageObject\",\"inLanguage\":\"es\",\"@id\":\"https:\/\/potenciaradiofonicadominicana.com\/portal\/samuel-basallo-es-favorito-para-ganar-el-premio-al-novato-del-ano-de-la-liga-americana\/#primaryimage\",\"url\":\"https:\/\/potenciaradiofonicadominicana.com\/portal\/wp-content\/uploads\/2026\/02\/68a8a67b869a0.r_d.512-329-0.jpeg\",\"contentUrl\":\"https:\/\/potenciaradiofonicadominicana.com\/portal\/wp-content\/uploads\/2026\/02\/68a8a67b869a0.r_d.512-329-0.jpeg\",\"width\":1200,\"height\":675},{\"@type\":\"BreadcrumbList\",\"@id\":\"https:\/\/potenciaradiofonicadominicana.com\/portal\/samuel-basallo-es-favorito-para-ganar-el-premio-al-novato-del-ano-de-la-liga-americana\/#breadcrumb\",\"itemListElement\":[{\"@type\":\"ListItem\",\"position\":1,\"name\":\"Portada\",\"item\":\"https:\/\/potenciaradiofonicadominicana.com\/portal\/\"},{\"@type\":\"ListItem\",\"position\":2,\"name\":\"Samuel Basallo es favorito para ganar el premio al Novato del A\u00f1o de la Liga Americana\"}]},{\"@type\":\"WebSite\",\"@id\":\"https:\/\/potenciaradiofonicadominicana.com\/portal\/#website\",\"url\":\"https:\/\/potenciaradiofonicadominicana.com\/portal\/\",\"name\":\"PotenciaRadiofonicaDominicana.com\",\"description\":\"Peri\u00f3dico Digital\",\"publisher\":{\"@id\":\"https:\/\/potenciaradiofonicadominicana.com\/portal\/#organization\"},\"potentialAction\":[{\"@type\":\"SearchAction\",\"target\":{\"@type\":\"EntryPoint\",\"urlTemplate\":\"https:\/\/potenciaradiofonicadominicana.com\/portal\/?s={search_term_string}\"},\"query-input\":{\"@type\":\"PropertyValueSpecification\",\"valueRequired\":true,\"valueName\":\"search_term_string\"}}],\"inLanguage\":\"es\"},{\"@type\":\"Organization\",\"@id\":\"https:\/\/potenciaradiofonicadominicana.com\/portal\/#organization\",\"name\":\"PotenciaRadiofonicaDominicana.com\",\"url\":\"https:\/\/potenciaradiofonicadominicana.com\/portal\/\",\"logo\":{\"@type\":\"ImageObject\",\"inLanguage\":\"es\",\"@id\":\"https:\/\/potenciaradiofonicadominicana.com\/portal\/#\/schema\/logo\/image\/\",\"url\":\"https:\/\/potenciaradiofonicadominicana.com\/portal\/wp-content\/uploads\/2022\/01\/descarga.png\",\"contentUrl\":\"https:\/\/potenciaradiofonicadominicana.com\/portal\/wp-content\/uploads\/2022\/01\/descarga.png\",\"width\":300,\"height\":100,\"caption\":\"PotenciaRadiofonicaDominicana.com\"},\"image\":{\"@id\":\"https:\/\/potenciaradiofonicadominicana.com\/portal\/#\/schema\/logo\/image\/\"},\"sameAs\":[\"https:\/\/web.facebook.com\/PotenciaRadiofonicaD\"]},{\"@type\":\"Person\",\"@id\":\"https:\/\/potenciaradiofonicadominicana.com\/portal\/#\/schema\/person\/a5cf1fea13877803ee0573ac18b03490\",\"name\":\"Potencia Radiof\u00f3nica Dominicana\",\"image\":{\"@type\":\"ImageObject\",\"inLanguage\":\"es\",\"@id\":\"https:\/\/potenciaradiofonicadominicana.com\/portal\/#\/schema\/person\/image\/\",\"url\":\"https:\/\/secure.gravatar.com\/avatar\/42a55ab9e8ccc656ba34cd791990602a?s=96&d=mm&r=g\",\"contentUrl\":\"https:\/\/secure.gravatar.com\/avatar\/42a55ab9e8ccc656ba34cd791990602a?s=96&d=mm&r=g\",\"caption\":\"Potencia Radiof\u00f3nica Dominicana\"},\"url\":\"https:\/\/potenciaradiofonicadominicana.com\/portal\/author\/johannyalmanzar\/\"}]}<\/script>\n<!-- \/ Yoast SEO plugin. -->","yoast_head_json":{"title":"Samuel Basallo es favorito para ganar el premio al Novato del A\u00f1o de la Liga Americana - PotenciaRadiofonicaDominicana.com","robots":{"index":"index","follow":"follow","max-snippet":"max-snippet:-1","max-image-preview":"max-image-preview:large","max-video-preview":"max-video-preview:-1"},"canonical":"https:\/\/potenciaradiofonicadominicana.com\/portal\/samuel-basallo-es-favorito-para-ganar-el-premio-al-novato-del-ano-de-la-liga-americana\/","og_locale":"es_ES","og_type":"article","og_title":"Samuel Basallo es favorito para ganar el premio al Novato del A\u00f1o de la Liga Americana - PotenciaRadiofonicaDominicana.com","og_description":"El dominicano Samuel Basallo, de Baltimore, es se\u00f1alado como el favorito para ganar el premio del Novato del A\u00f1o de ...","og_url":"https:\/\/potenciaradiofonicadominicana.com\/portal\/samuel-basallo-es-favorito-para-ganar-el-premio-al-novato-del-ano-de-la-liga-americana\/","og_site_name":"PotenciaRadiofonicaDominicana.com","article_publisher":"https:\/\/web.facebook.com\/PotenciaRadiofonicaD","article_published_time":"2026-02-25T01:41:47+00:00","og_image":[{"width":1200,"height":675,"url":"https:\/\/potenciaradiofonicadominicana.com\/portal\/wp-content\/uploads\/2026\/02\/68a8a67b869a0.r_d.512-329-0.jpeg","type":"image\/jpeg"}],"author":"Potencia Radiof\u00f3nica Dominicana","twitter_card":"summary_large_image","twitter_misc":{"Escrito por":"Potencia Radiof\u00f3nica Dominicana","Tiempo de lectura":"2 minutos"},"schema":{"@context":"https:\/\/schema.org","@graph":[{"@type":"Article","@id":"https:\/\/potenciaradiofonicadominicana.com\/portal\/samuel-basallo-es-favorito-para-ganar-el-premio-al-novato-del-ano-de-la-liga-americana\/#article","isPartOf":{"@id":"https:\/\/potenciaradiofonicadominicana.com\/portal\/samuel-basallo-es-favorito-para-ganar-el-premio-al-novato-del-ano-de-la-liga-americana\/"},"author":{"name":"Potencia Radiof\u00f3nica Dominicana","@id":"https:\/\/potenciaradiofonicadominicana.com\/portal\/#\/schema\/person\/a5cf1fea13877803ee0573ac18b03490"},"headline":"Samuel Basallo es favorito para ganar el premio al Novato del A\u00f1o de la Liga Americana","datePublished":"2026-02-25T01:41:47+00:00","mainEntityOfPage":{"@id":"https:\/\/potenciaradiofonicadominicana.com\/portal\/samuel-basallo-es-favorito-para-ganar-el-premio-al-novato-del-ano-de-la-liga-americana\/"},"wordCount":295,"publisher":{"@id":"https:\/\/potenciaradiofonicadominicana.com\/portal\/#organization"},"image":{"@id":"https:\/\/potenciaradiofonicadominicana.com\/portal\/samuel-basallo-es-favorito-para-ganar-el-premio-al-novato-del-ano-de-la-liga-americana\/#primaryimage"},"thumbnailUrl":"https:\/\/potenciaradiofonicadominicana.com\/portal\/wp-content\/uploads\/2026\/02\/68a8a67b869a0.r_d.512-329-0.jpeg","articleSection":["Deportes"],"inLanguage":"es"},{"@type":"WebPage","@id":"https:\/\/potenciaradiofonicadominicana.com\/portal\/samuel-basallo-es-favorito-para-ganar-el-premio-al-novato-del-ano-de-la-liga-americana\/","url":"https:\/\/potenciaradiofonicadominicana.com\/portal\/samuel-basallo-es-favorito-para-ganar-el-premio-al-novato-del-ano-de-la-liga-americana\/","name":"Samuel Basallo es favorito para ganar el premio al Novato del A\u00f1o de la Liga Americana - PotenciaRadiofonicaDominicana.com","isPartOf":{"@id":"https:\/\/potenciaradiofonicadominicana.com\/portal\/#website"},"primaryImageOfPage":{"@id":"https:\/\/potenciaradiofonicadominicana.com\/portal\/samuel-basallo-es-favorito-para-ganar-el-premio-al-novato-del-ano-de-la-liga-americana\/#primaryimage"},"image":{"@id":"https:\/\/potenciaradiofonicadominicana.com\/portal\/samuel-basallo-es-favorito-para-ganar-el-premio-al-novato-del-ano-de-la-liga-americana\/#primaryimage"},"thumbnailUrl":"https:\/\/potenciaradiofonicadominicana.com\/portal\/wp-content\/uploads\/2026\/02\/68a8a67b869a0.r_d.512-329-0.jpeg","datePublished":"2026-02-25T01:41:47+00:00","breadcrumb":{"@id":"https:\/\/potenciaradiofonicadominicana.com\/portal\/samuel-basallo-es-favorito-para-ganar-el-premio-al-novato-del-ano-de-la-liga-americana\/#breadcrumb"},"inLanguage":"es","potentialAction":[{"@type":"ReadAction","target":["https:\/\/potenciaradiofonicadominicana.com\/portal\/samuel-basallo-es-favorito-para-ganar-el-premio-al-novato-del-ano-de-la-liga-americana\/"]}]},{"@type":"ImageObject","inLanguage":"es","@id":"https:\/\/potenciaradiofonicadominicana.com\/portal\/samuel-basallo-es-favorito-para-ganar-el-premio-al-novato-del-ano-de-la-liga-americana\/#primaryimage","url":"https:\/\/potenciaradiofonicadominicana.com\/portal\/wp-content\/uploads\/2026\/02\/68a8a67b869a0.r_d.512-329-0.jpeg","contentUrl":"https:\/\/potenciaradiofonicadominicana.com\/portal\/wp-content\/uploads\/2026\/02\/68a8a67b869a0.r_d.512-329-0.jpeg","width":1200,"height":675},{"@type":"BreadcrumbList","@id":"https:\/\/potenciaradiofonicadominicana.com\/portal\/samuel-basallo-es-favorito-para-ganar-el-premio-al-novato-del-ano-de-la-liga-americana\/#breadcrumb","itemListElement":[{"@type":"ListItem","position":1,"name":"Portada","item":"https:\/\/potenciaradiofonicadominicana.com\/portal\/"},{"@type":"ListItem","position":2,"name":"Samuel Basallo es favorito para ganar el premio al Novato del A\u00f1o de la Liga Americana"}]},{"@type":"WebSite","@id":"https:\/\/potenciaradiofonicadominicana.com\/portal\/#website","url":"https:\/\/potenciaradiofonicadominicana.com\/portal\/","name":"PotenciaRadiofonicaDominicana.com","description":"Peri\u00f3dico Digital","publisher":{"@id":"https:\/\/potenciaradiofonicadominicana.com\/portal\/#organization"},"potentialAction":[{"@type":"SearchAction","target":{"@type":"EntryPoint","urlTemplate":"https:\/\/potenciaradiofonicadominicana.com\/portal\/?s={search_term_string}"},"query-input":{"@type":"PropertyValueSpecification","valueRequired":true,"valueName":"search_term_string"}}],"inLanguage":"es"},{"@type":"Organization","@id":"https:\/\/potenciaradiofonicadominicana.com\/portal\/#organization","name":"PotenciaRadiofonicaDominicana.com","url":"https:\/\/potenciaradiofonicadominicana.com\/portal\/","logo":{"@type":"ImageObject","inLanguage":"es","@id":"https:\/\/potenciaradiofonicadominicana.com\/portal\/#\/schema\/logo\/image\/","url":"https:\/\/potenciaradiofonicadominicana.com\/portal\/wp-content\/uploads\/2022\/01\/descarga.png","contentUrl":"https:\/\/potenciaradiofonicadominicana.com\/portal\/wp-content\/uploads\/2022\/01\/descarga.png","width":300,"height":100,"caption":"PotenciaRadiofonicaDominicana.com"},"image":{"@id":"https:\/\/potenciaradiofonicadominicana.com\/portal\/#\/schema\/logo\/image\/"},"sameAs":["https:\/\/web.facebook.com\/PotenciaRadiofonicaD"]},{"@type":"Person","@id":"https:\/\/potenciaradiofonicadominicana.com\/portal\/#\/schema\/person\/a5cf1fea13877803ee0573ac18b03490","name":"Potencia Radiof\u00f3nica Dominicana","image":{"@type":"ImageObject","inLanguage":"es","@id":"https:\/\/potenciaradiofonicadominicana.com\/portal\/#\/schema\/person\/image\/","url":"https:\/\/secure.gravatar.com\/avatar\/42a55ab9e8ccc656ba34cd791990602a?s=96&d=mm&r=g","contentUrl":"https:\/\/secure.gravatar.com\/avatar\/42a55ab9e8ccc656ba34cd791990602a?s=96&d=mm&r=g","caption":"Potencia Radiof\u00f3nica Dominicana"},"url":"https:\/\/potenciaradiofonicadominicana.com\/portal\/author\/johannyalmanzar\/"}]}},"_links":{"self":[{"href":"https:\/\/potenciaradiofonicadominicana.com\/portal\/wp-json\/wp\/v2\/posts\/212124","targetHints":{"allow":["GET"]}}],"collection":[{"href":"https:\/\/potenciaradiofonicadominicana.com\/portal\/wp-json\/wp\/v2\/posts"}],"about":[{"href":"https:\/\/potenciaradiofonicadominicana.com\/portal\/wp-json\/wp\/v2\/types\/post"}],"author":[{"embeddable":true,"href":"https:\/\/potenciaradiofonicadominicana.com\/portal\/wp-json\/wp\/v2\/users\/2"}],"replies":[{"embeddable":true,"href":"https:\/\/potenciaradiofonicadominicana.com\/portal\/wp-json\/wp\/v2\/comments?post=212124"}],"version-history":[{"count":1,"href":"https:\/\/potenciaradiofonicadominicana.com\/portal\/wp-json\/wp\/v2\/posts\/212124\/revisions"}],"predecessor-version":[{"id":212126,"href":"https:\/\/potenciaradiofonicadominicana.com\/portal\/wp-json\/wp\/v2\/posts\/212124\/revisions\/212126"}],"wp:featuredmedia":[{"embeddable":true,"href":"https:\/\/potenciaradiofonicadominicana.com\/portal\/wp-json\/wp\/v2\/media\/212125"}],"wp:attachment":[{"href":"https:\/\/potenciaradiofonicadominicana.com\/portal\/wp-json\/wp\/v2\/media?parent=212124"}],"wp:term":[{"taxonomy":"category","embeddable":true,"href":"https:\/\/potenciaradiofonicadominicana.com\/portal\/wp-json\/wp\/v2\/categories?post=212124"},{"taxonomy":"post_tag","embeddable":true,"href":"https:\/\/potenciaradiofonicadominicana.com\/portal\/wp-json\/wp\/v2\/tags?post=212124"}],"curies":[{"name":"wp","href":"https:\/\/api.w.org\/{rel}","templated":true}]}}