{"id":211954,"date":"2026-02-22T19:28:36","date_gmt":"2026-02-22T23:28:36","guid":{"rendered":"https:\/\/potenciaradiofonicadominicana.com\/portal\/?p=211954"},"modified":"2026-02-22T19:28:36","modified_gmt":"2026-02-22T23:28:36","slug":"abogados-de-wander-franco-lograron-aplazar-inicio-de-nuevo-juicio","status":"publish","type":"post","link":"https:\/\/potenciaradiofonicadominicana.com\/portal\/abogados-de-wander-franco-lograron-aplazar-inicio-de-nuevo-juicio\/","title":{"rendered":"Abogados de Wander Franco lograron aplazar inicio de nuevo juicio"},"content":{"rendered":"<p><a href=\"https:\/\/potenciaradiofonicadominicana.com\/portal\/wp-content\/uploads\/2026\/02\/2025-12-09T163A103A42Z-90611013.webp\"><img loading=\"lazy\" decoding=\"async\" class=\"alignnone size-full wp-image-211955\" src=\"https:\/\/potenciaradiofonicadominicana.com\/portal\/wp-content\/uploads\/2026\/02\/2025-12-09T163A103A42Z-90611013.webp\" alt=\"\" width=\"1200\" height=\"675\" srcset=\"https:\/\/potenciaradiofonicadominicana.com\/portal\/wp-content\/uploads\/2026\/02\/2025-12-09T163A103A42Z-90611013.webp 1200w, https:\/\/potenciaradiofonicadominicana.com\/portal\/wp-content\/uploads\/2026\/02\/2025-12-09T163A103A42Z-90611013-300x169.webp 300w, https:\/\/potenciaradiofonicadominicana.com\/portal\/wp-content\/uploads\/2026\/02\/2025-12-09T163A103A42Z-90611013-1024x576.webp 1024w, https:\/\/potenciaradiofonicadominicana.com\/portal\/wp-content\/uploads\/2026\/02\/2025-12-09T163A103A42Z-90611013-768x432.webp 768w\" sizes=\"auto, (max-width: 1200px) 100vw, 1200px\" \/><\/a><\/p>\n<p>El Tribunal Colegiado del distrito judicial de Puerto Plata aplaz\u00f3 este viernes la audiencia de inicio del nuevo juicio de fondo contra el pasado pelotero de Grandes Ligas, Wander Franco, debido a la falta de citaci\u00f3n de algunos testigos.<\/p>\n<p><strong>El procurador fiscal de la Fiscal\u00eda de Puerto Plata, Jos\u00e9 Mart\u00ednez, explic\u00f3 que la suspensi\u00f3n obedeci\u00f3 a que no se hab\u00edan completado los tr\u00e1mites de convocatoria, ya que las direcciones suministradas no eran precisas.<\/strong><\/p>\n<div class=\"banner-contenido\">\n<div class=\"panorama_ads\">\n<div id=\"gpt-ad-4794565657241-panorama\" class=\"\" data-google-query-id=\"CNHf9u-f7pIDFaqc0QQd2wUDVA\">\n<div id=\"google_ads_iframe_\/23079448330\/panorama_300x250_inread_0__container__\"><\/div>\n<\/div>\n<\/div>\n<\/div>\n<p>\u00abPara cumplir con el debido proceso y garantizar que todas las partes est\u00e9n debidamente notificadas, el Tribunal, a pedimento de uno de los imputados, aplaz\u00f3 la audiencia para una pr\u00f3xima fecha\u00bb, indic\u00f3 el fiscal.<\/p>\n<p><strong>La nueva fecha es para los d\u00edas 30 y 31 de marzo y el 1 de abril, fechas fijadas de manera consecutiva con el objetivo de iniciar y tratar de concluir el juicio.<\/strong><\/p>\n<p>Mart\u00ednez se\u00f1al\u00f3 que el Ministerio P\u00fablico espera que esos tres d\u00edas sean suficientes, aunque no descart\u00f3 que el tribunal pueda fijar una nueva fecha si el proceso lo requiere.<\/p>\n<p><strong>La abogada Irina Ventura, integrante de la defensa t\u00e9cnica de Wander Franco, sostuvo que el juicio oral a\u00fan no ha iniciado formalmente, ya que no se dio apertura a la recepci\u00f3n de pruebas ni a la lectura de la acusaci\u00f3n y los alegatos iniciales, actos que marcan el comienzo del debate.<\/strong><\/p>\n<p>\u00abUna de las partes solicit\u00f3 la suspensi\u00f3n de la audiencia para fines de citaci\u00f3n de sus testigos. No se present\u00f3 la lectura de imputaciones ni los alegatos de apertura, por lo que el juicio no inici\u00f3\u00bb, precis\u00f3.<\/p>\n<p><strong>El nuevo juicio contra el pelotero de Grandes Ligas surge luego de que un tribunal de alzada anulara la sentencia de primera instancia que lo hab\u00eda condenado a dos a\u00f1os de prisi\u00f3n suspendida.<\/strong><\/p>\n<p>La decisi\u00f3n fue adoptada por la Corte de Apelaci\u00f3n de la C\u00e1mara Penal del distrito judicial de Puerto Plata, que orden\u00f3 la celebraci\u00f3n de un nuevo proceso tras acoger los recursos interpuestos por las partes contra la sentencia emitida el 27 de junio por el Tribunal Colegiado de esa jurisdicci\u00f3n.<\/p>\n<p><strong>El tribunal de alzada, integrado por los jueces Onasis Pelegr\u00edn, Xiomara Tineo y Juan Suardi, dispuso reiniciar el conocimiento del caso desde la etapa de juicio, para que nuevos magistrados valoren nuevamente las pruebas y apliquen el derecho correspondiente.<\/strong><\/p>\n<div class=\"banner-contenido\">\n<div class=\"panorama_ads\"><\/div>\n<\/div>\n<p>En el nuevo proceso tambi\u00e9n participar\u00e1 Martha Vanessa Chavalier, madre de la v\u00edctima, cuya condena de 10 a\u00f1os de prisi\u00f3n fue igualmente anulada. En la sentencia original hab\u00eda sido declarada culpable de explotaci\u00f3n sexual comercial y lavado de activos.<\/p>\n<p><strong>En cuanto a la conformaci\u00f3n del tribunal, el nuevo juicio ser\u00e1 conocido por los jueces Jos\u00e9 Antonio N\u00fa\u00f1ez, quien funge como presidente; Yenny Mart\u00ednez y Plaine Ruiz.<\/strong><\/p>\n<p>Durante la audiencia tambi\u00e9n se produjo la inhibici\u00f3n de la magistrada Francesca Tejada, quien advirti\u00f3 que hab\u00eda participado en una etapa previa del proceso cuando el caso se conoc\u00eda en el tribunal de Ni\u00f1os, Ni\u00f1as y Adolescentes (NNA), incluyendo una decisi\u00f3n relacionada con la entrega de la menor a su madre.<\/p>\n<p><strong>No obstante, esta situaci\u00f3n no afect\u00f3 el desarrollo de la jornada, ya que fue sustituida de inmediato por otra jueza suplente.<\/strong><\/p>\n","protected":false},"excerpt":{"rendered":"<p>El Tribunal Colegiado del distrito judicial de Puerto Plata aplaz\u00f3 este viernes la audiencia de inicio del nuevo juicio de &#8230;<\/p>\n","protected":false},"author":2,"featured_media":211955,"comment_status":"closed","ping_status":"closed","sticky":false,"template":"","format":"standard","meta":{"footnotes":""},"categories":[28],"tags":[],"class_list":["post-211954","post","type-post","status-publish","format-standard","has-post-thumbnail","hentry","category-deportes"],"yoast_head":"<!-- This site is optimized with the Yoast SEO plugin v24.8.1 - https:\/\/yoast.com\/wordpress\/plugins\/seo\/ -->\n<title>Abogados de Wander Franco lograron aplazar inicio de nuevo juicio - PotenciaRadiofonicaDominicana.com<\/title>\n<meta name=\"robots\" content=\"index, follow, max-snippet:-1, max-image-preview:large, max-video-preview:-1\" \/>\n<link rel=\"canonical\" href=\"https:\/\/potenciaradiofonicadominicana.com\/portal\/abogados-de-wander-franco-lograron-aplazar-inicio-de-nuevo-juicio\/\" \/>\n<meta property=\"og:locale\" content=\"es_ES\" \/>\n<meta property=\"og:type\" content=\"article\" \/>\n<meta property=\"og:title\" content=\"Abogados de Wander Franco lograron aplazar inicio de nuevo juicio - PotenciaRadiofonicaDominicana.com\" \/>\n<meta property=\"og:description\" content=\"El Tribunal Colegiado del distrito judicial de Puerto Plata aplaz\u00f3 este viernes la audiencia de inicio del nuevo juicio de ...\" \/>\n<meta property=\"og:url\" content=\"https:\/\/potenciaradiofonicadominicana.com\/portal\/abogados-de-wander-franco-lograron-aplazar-inicio-de-nuevo-juicio\/\" \/>\n<meta property=\"og:site_name\" content=\"PotenciaRadiofonicaDominicana.com\" \/>\n<meta property=\"article:publisher\" content=\"https:\/\/web.facebook.com\/PotenciaRadiofonicaD\" \/>\n<meta property=\"article:published_time\" content=\"2026-02-22T23:28:36+00:00\" \/>\n<meta property=\"og:image\" content=\"https:\/\/potenciaradiofonicadominicana.com\/portal\/wp-content\/uploads\/2026\/02\/2025-12-09T163A103A42Z-90611013.webp\" \/>\n\t<meta property=\"og:image:width\" content=\"1200\" \/>\n\t<meta property=\"og:image:height\" content=\"675\" \/>\n\t<meta property=\"og:image:type\" content=\"image\/webp\" \/>\n<meta name=\"author\" content=\"Potencia Radiof\u00f3nica Dominicana\" \/>\n<meta name=\"twitter:card\" content=\"summary_large_image\" \/>\n<meta name=\"twitter:label1\" content=\"Escrito por\" \/>\n\t<meta name=\"twitter:data1\" content=\"Potencia Radiof\u00f3nica Dominicana\" \/>\n\t<meta name=\"twitter:label2\" content=\"Tiempo de lectura\" \/>\n\t<meta name=\"twitter:data2\" content=\"3 minutos\" \/>\n<script type=\"application\/ld+json\" class=\"yoast-schema-graph\">{\"@context\":\"https:\/\/schema.org\",\"@graph\":[{\"@type\":\"Article\",\"@id\":\"https:\/\/potenciaradiofonicadominicana.com\/portal\/abogados-de-wander-franco-lograron-aplazar-inicio-de-nuevo-juicio\/#article\",\"isPartOf\":{\"@id\":\"https:\/\/potenciaradiofonicadominicana.com\/portal\/abogados-de-wander-franco-lograron-aplazar-inicio-de-nuevo-juicio\/\"},\"author\":{\"name\":\"Potencia Radiof\u00f3nica Dominicana\",\"@id\":\"https:\/\/potenciaradiofonicadominicana.com\/portal\/#\/schema\/person\/a5cf1fea13877803ee0573ac18b03490\"},\"headline\":\"Abogados de Wander Franco lograron aplazar inicio de nuevo juicio\",\"datePublished\":\"2026-02-22T23:28:36+00:00\",\"mainEntityOfPage\":{\"@id\":\"https:\/\/potenciaradiofonicadominicana.com\/portal\/abogados-de-wander-franco-lograron-aplazar-inicio-de-nuevo-juicio\/\"},\"wordCount\":567,\"publisher\":{\"@id\":\"https:\/\/potenciaradiofonicadominicana.com\/portal\/#organization\"},\"image\":{\"@id\":\"https:\/\/potenciaradiofonicadominicana.com\/portal\/abogados-de-wander-franco-lograron-aplazar-inicio-de-nuevo-juicio\/#primaryimage\"},\"thumbnailUrl\":\"https:\/\/potenciaradiofonicadominicana.com\/portal\/wp-content\/uploads\/2026\/02\/2025-12-09T163A103A42Z-90611013.webp\",\"articleSection\":[\"Deportes\"],\"inLanguage\":\"es\"},{\"@type\":\"WebPage\",\"@id\":\"https:\/\/potenciaradiofonicadominicana.com\/portal\/abogados-de-wander-franco-lograron-aplazar-inicio-de-nuevo-juicio\/\",\"url\":\"https:\/\/potenciaradiofonicadominicana.com\/portal\/abogados-de-wander-franco-lograron-aplazar-inicio-de-nuevo-juicio\/\",\"name\":\"Abogados de Wander Franco lograron aplazar inicio de nuevo juicio - PotenciaRadiofonicaDominicana.com\",\"isPartOf\":{\"@id\":\"https:\/\/potenciaradiofonicadominicana.com\/portal\/#website\"},\"primaryImageOfPage\":{\"@id\":\"https:\/\/potenciaradiofonicadominicana.com\/portal\/abogados-de-wander-franco-lograron-aplazar-inicio-de-nuevo-juicio\/#primaryimage\"},\"image\":{\"@id\":\"https:\/\/potenciaradiofonicadominicana.com\/portal\/abogados-de-wander-franco-lograron-aplazar-inicio-de-nuevo-juicio\/#primaryimage\"},\"thumbnailUrl\":\"https:\/\/potenciaradiofonicadominicana.com\/portal\/wp-content\/uploads\/2026\/02\/2025-12-09T163A103A42Z-90611013.webp\",\"datePublished\":\"2026-02-22T23:28:36+00:00\",\"breadcrumb\":{\"@id\":\"https:\/\/potenciaradiofonicadominicana.com\/portal\/abogados-de-wander-franco-lograron-aplazar-inicio-de-nuevo-juicio\/#breadcrumb\"},\"inLanguage\":\"es\",\"potentialAction\":[{\"@type\":\"ReadAction\",\"target\":[\"https:\/\/potenciaradiofonicadominicana.com\/portal\/abogados-de-wander-franco-lograron-aplazar-inicio-de-nuevo-juicio\/\"]}]},{\"@type\":\"ImageObject\",\"inLanguage\":\"es\",\"@id\":\"https:\/\/potenciaradiofonicadominicana.com\/portal\/abogados-de-wander-franco-lograron-aplazar-inicio-de-nuevo-juicio\/#primaryimage\",\"url\":\"https:\/\/potenciaradiofonicadominicana.com\/portal\/wp-content\/uploads\/2026\/02\/2025-12-09T163A103A42Z-90611013.webp\",\"contentUrl\":\"https:\/\/potenciaradiofonicadominicana.com\/portal\/wp-content\/uploads\/2026\/02\/2025-12-09T163A103A42Z-90611013.webp\",\"width\":1200,\"height\":675},{\"@type\":\"BreadcrumbList\",\"@id\":\"https:\/\/potenciaradiofonicadominicana.com\/portal\/abogados-de-wander-franco-lograron-aplazar-inicio-de-nuevo-juicio\/#breadcrumb\",\"itemListElement\":[{\"@type\":\"ListItem\",\"position\":1,\"name\":\"Portada\",\"item\":\"https:\/\/potenciaradiofonicadominicana.com\/portal\/\"},{\"@type\":\"ListItem\",\"position\":2,\"name\":\"Abogados de Wander Franco lograron aplazar inicio de nuevo juicio\"}]},{\"@type\":\"WebSite\",\"@id\":\"https:\/\/potenciaradiofonicadominicana.com\/portal\/#website\",\"url\":\"https:\/\/potenciaradiofonicadominicana.com\/portal\/\",\"name\":\"PotenciaRadiofonicaDominicana.com\",\"description\":\"Peri\u00f3dico Digital\",\"publisher\":{\"@id\":\"https:\/\/potenciaradiofonicadominicana.com\/portal\/#organization\"},\"potentialAction\":[{\"@type\":\"SearchAction\",\"target\":{\"@type\":\"EntryPoint\",\"urlTemplate\":\"https:\/\/potenciaradiofonicadominicana.com\/portal\/?s={search_term_string}\"},\"query-input\":{\"@type\":\"PropertyValueSpecification\",\"valueRequired\":true,\"valueName\":\"search_term_string\"}}],\"inLanguage\":\"es\"},{\"@type\":\"Organization\",\"@id\":\"https:\/\/potenciaradiofonicadominicana.com\/portal\/#organization\",\"name\":\"PotenciaRadiofonicaDominicana.com\",\"url\":\"https:\/\/potenciaradiofonicadominicana.com\/portal\/\",\"logo\":{\"@type\":\"ImageObject\",\"inLanguage\":\"es\",\"@id\":\"https:\/\/potenciaradiofonicadominicana.com\/portal\/#\/schema\/logo\/image\/\",\"url\":\"https:\/\/potenciaradiofonicadominicana.com\/portal\/wp-content\/uploads\/2022\/01\/descarga.png\",\"contentUrl\":\"https:\/\/potenciaradiofonicadominicana.com\/portal\/wp-content\/uploads\/2022\/01\/descarga.png\",\"width\":300,\"height\":100,\"caption\":\"PotenciaRadiofonicaDominicana.com\"},\"image\":{\"@id\":\"https:\/\/potenciaradiofonicadominicana.com\/portal\/#\/schema\/logo\/image\/\"},\"sameAs\":[\"https:\/\/web.facebook.com\/PotenciaRadiofonicaD\"]},{\"@type\":\"Person\",\"@id\":\"https:\/\/potenciaradiofonicadominicana.com\/portal\/#\/schema\/person\/a5cf1fea13877803ee0573ac18b03490\",\"name\":\"Potencia Radiof\u00f3nica Dominicana\",\"image\":{\"@type\":\"ImageObject\",\"inLanguage\":\"es\",\"@id\":\"https:\/\/potenciaradiofonicadominicana.com\/portal\/#\/schema\/person\/image\/\",\"url\":\"https:\/\/secure.gravatar.com\/avatar\/42a55ab9e8ccc656ba34cd791990602a?s=96&d=mm&r=g\",\"contentUrl\":\"https:\/\/secure.gravatar.com\/avatar\/42a55ab9e8ccc656ba34cd791990602a?s=96&d=mm&r=g\",\"caption\":\"Potencia Radiof\u00f3nica Dominicana\"},\"url\":\"https:\/\/potenciaradiofonicadominicana.com\/portal\/author\/johannyalmanzar\/\"}]}<\/script>\n<!-- \/ Yoast SEO plugin. -->","yoast_head_json":{"title":"Abogados de Wander Franco lograron aplazar inicio de nuevo juicio - PotenciaRadiofonicaDominicana.com","robots":{"index":"index","follow":"follow","max-snippet":"max-snippet:-1","max-image-preview":"max-image-preview:large","max-video-preview":"max-video-preview:-1"},"canonical":"https:\/\/potenciaradiofonicadominicana.com\/portal\/abogados-de-wander-franco-lograron-aplazar-inicio-de-nuevo-juicio\/","og_locale":"es_ES","og_type":"article","og_title":"Abogados de Wander Franco lograron aplazar inicio de nuevo juicio - PotenciaRadiofonicaDominicana.com","og_description":"El Tribunal Colegiado del distrito judicial de Puerto Plata aplaz\u00f3 este viernes la audiencia de inicio del nuevo juicio de ...","og_url":"https:\/\/potenciaradiofonicadominicana.com\/portal\/abogados-de-wander-franco-lograron-aplazar-inicio-de-nuevo-juicio\/","og_site_name":"PotenciaRadiofonicaDominicana.com","article_publisher":"https:\/\/web.facebook.com\/PotenciaRadiofonicaD","article_published_time":"2026-02-22T23:28:36+00:00","og_image":[{"width":1200,"height":675,"url":"https:\/\/potenciaradiofonicadominicana.com\/portal\/wp-content\/uploads\/2026\/02\/2025-12-09T163A103A42Z-90611013.webp","type":"image\/webp"}],"author":"Potencia Radiof\u00f3nica Dominicana","twitter_card":"summary_large_image","twitter_misc":{"Escrito por":"Potencia Radiof\u00f3nica Dominicana","Tiempo de lectura":"3 minutos"},"schema":{"@context":"https:\/\/schema.org","@graph":[{"@type":"Article","@id":"https:\/\/potenciaradiofonicadominicana.com\/portal\/abogados-de-wander-franco-lograron-aplazar-inicio-de-nuevo-juicio\/#article","isPartOf":{"@id":"https:\/\/potenciaradiofonicadominicana.com\/portal\/abogados-de-wander-franco-lograron-aplazar-inicio-de-nuevo-juicio\/"},"author":{"name":"Potencia Radiof\u00f3nica Dominicana","@id":"https:\/\/potenciaradiofonicadominicana.com\/portal\/#\/schema\/person\/a5cf1fea13877803ee0573ac18b03490"},"headline":"Abogados de Wander Franco lograron aplazar inicio de nuevo juicio","datePublished":"2026-02-22T23:28:36+00:00","mainEntityOfPage":{"@id":"https:\/\/potenciaradiofonicadominicana.com\/portal\/abogados-de-wander-franco-lograron-aplazar-inicio-de-nuevo-juicio\/"},"wordCount":567,"publisher":{"@id":"https:\/\/potenciaradiofonicadominicana.com\/portal\/#organization"},"image":{"@id":"https:\/\/potenciaradiofonicadominicana.com\/portal\/abogados-de-wander-franco-lograron-aplazar-inicio-de-nuevo-juicio\/#primaryimage"},"thumbnailUrl":"https:\/\/potenciaradiofonicadominicana.com\/portal\/wp-content\/uploads\/2026\/02\/2025-12-09T163A103A42Z-90611013.webp","articleSection":["Deportes"],"inLanguage":"es"},{"@type":"WebPage","@id":"https:\/\/potenciaradiofonicadominicana.com\/portal\/abogados-de-wander-franco-lograron-aplazar-inicio-de-nuevo-juicio\/","url":"https:\/\/potenciaradiofonicadominicana.com\/portal\/abogados-de-wander-franco-lograron-aplazar-inicio-de-nuevo-juicio\/","name":"Abogados de Wander Franco lograron aplazar inicio de nuevo juicio - PotenciaRadiofonicaDominicana.com","isPartOf":{"@id":"https:\/\/potenciaradiofonicadominicana.com\/portal\/#website"},"primaryImageOfPage":{"@id":"https:\/\/potenciaradiofonicadominicana.com\/portal\/abogados-de-wander-franco-lograron-aplazar-inicio-de-nuevo-juicio\/#primaryimage"},"image":{"@id":"https:\/\/potenciaradiofonicadominicana.com\/portal\/abogados-de-wander-franco-lograron-aplazar-inicio-de-nuevo-juicio\/#primaryimage"},"thumbnailUrl":"https:\/\/potenciaradiofonicadominicana.com\/portal\/wp-content\/uploads\/2026\/02\/2025-12-09T163A103A42Z-90611013.webp","datePublished":"2026-02-22T23:28:36+00:00","breadcrumb":{"@id":"https:\/\/potenciaradiofonicadominicana.com\/portal\/abogados-de-wander-franco-lograron-aplazar-inicio-de-nuevo-juicio\/#breadcrumb"},"inLanguage":"es","potentialAction":[{"@type":"ReadAction","target":["https:\/\/potenciaradiofonicadominicana.com\/portal\/abogados-de-wander-franco-lograron-aplazar-inicio-de-nuevo-juicio\/"]}]},{"@type":"ImageObject","inLanguage":"es","@id":"https:\/\/potenciaradiofonicadominicana.com\/portal\/abogados-de-wander-franco-lograron-aplazar-inicio-de-nuevo-juicio\/#primaryimage","url":"https:\/\/potenciaradiofonicadominicana.com\/portal\/wp-content\/uploads\/2026\/02\/2025-12-09T163A103A42Z-90611013.webp","contentUrl":"https:\/\/potenciaradiofonicadominicana.com\/portal\/wp-content\/uploads\/2026\/02\/2025-12-09T163A103A42Z-90611013.webp","width":1200,"height":675},{"@type":"BreadcrumbList","@id":"https:\/\/potenciaradiofonicadominicana.com\/portal\/abogados-de-wander-franco-lograron-aplazar-inicio-de-nuevo-juicio\/#breadcrumb","itemListElement":[{"@type":"ListItem","position":1,"name":"Portada","item":"https:\/\/potenciaradiofonicadominicana.com\/portal\/"},{"@type":"ListItem","position":2,"name":"Abogados de Wander Franco lograron aplazar inicio de nuevo juicio"}]},{"@type":"WebSite","@id":"https:\/\/potenciaradiofonicadominicana.com\/portal\/#website","url":"https:\/\/potenciaradiofonicadominicana.com\/portal\/","name":"PotenciaRadiofonicaDominicana.com","description":"Peri\u00f3dico Digital","publisher":{"@id":"https:\/\/potenciaradiofonicadominicana.com\/portal\/#organization"},"potentialAction":[{"@type":"SearchAction","target":{"@type":"EntryPoint","urlTemplate":"https:\/\/potenciaradiofonicadominicana.com\/portal\/?s={search_term_string}"},"query-input":{"@type":"PropertyValueSpecification","valueRequired":true,"valueName":"search_term_string"}}],"inLanguage":"es"},{"@type":"Organization","@id":"https:\/\/potenciaradiofonicadominicana.com\/portal\/#organization","name":"PotenciaRadiofonicaDominicana.com","url":"https:\/\/potenciaradiofonicadominicana.com\/portal\/","logo":{"@type":"ImageObject","inLanguage":"es","@id":"https:\/\/potenciaradiofonicadominicana.com\/portal\/#\/schema\/logo\/image\/","url":"https:\/\/potenciaradiofonicadominicana.com\/portal\/wp-content\/uploads\/2022\/01\/descarga.png","contentUrl":"https:\/\/potenciaradiofonicadominicana.com\/portal\/wp-content\/uploads\/2022\/01\/descarga.png","width":300,"height":100,"caption":"PotenciaRadiofonicaDominicana.com"},"image":{"@id":"https:\/\/potenciaradiofonicadominicana.com\/portal\/#\/schema\/logo\/image\/"},"sameAs":["https:\/\/web.facebook.com\/PotenciaRadiofonicaD"]},{"@type":"Person","@id":"https:\/\/potenciaradiofonicadominicana.com\/portal\/#\/schema\/person\/a5cf1fea13877803ee0573ac18b03490","name":"Potencia Radiof\u00f3nica Dominicana","image":{"@type":"ImageObject","inLanguage":"es","@id":"https:\/\/potenciaradiofonicadominicana.com\/portal\/#\/schema\/person\/image\/","url":"https:\/\/secure.gravatar.com\/avatar\/42a55ab9e8ccc656ba34cd791990602a?s=96&d=mm&r=g","contentUrl":"https:\/\/secure.gravatar.com\/avatar\/42a55ab9e8ccc656ba34cd791990602a?s=96&d=mm&r=g","caption":"Potencia Radiof\u00f3nica Dominicana"},"url":"https:\/\/potenciaradiofonicadominicana.com\/portal\/author\/johannyalmanzar\/"}]}},"_links":{"self":[{"href":"https:\/\/potenciaradiofonicadominicana.com\/portal\/wp-json\/wp\/v2\/posts\/211954","targetHints":{"allow":["GET"]}}],"collection":[{"href":"https:\/\/potenciaradiofonicadominicana.com\/portal\/wp-json\/wp\/v2\/posts"}],"about":[{"href":"https:\/\/potenciaradiofonicadominicana.com\/portal\/wp-json\/wp\/v2\/types\/post"}],"author":[{"embeddable":true,"href":"https:\/\/potenciaradiofonicadominicana.com\/portal\/wp-json\/wp\/v2\/users\/2"}],"replies":[{"embeddable":true,"href":"https:\/\/potenciaradiofonicadominicana.com\/portal\/wp-json\/wp\/v2\/comments?post=211954"}],"version-history":[{"count":1,"href":"https:\/\/potenciaradiofonicadominicana.com\/portal\/wp-json\/wp\/v2\/posts\/211954\/revisions"}],"predecessor-version":[{"id":211956,"href":"https:\/\/potenciaradiofonicadominicana.com\/portal\/wp-json\/wp\/v2\/posts\/211954\/revisions\/211956"}],"wp:featuredmedia":[{"embeddable":true,"href":"https:\/\/potenciaradiofonicadominicana.com\/portal\/wp-json\/wp\/v2\/media\/211955"}],"wp:attachment":[{"href":"https:\/\/potenciaradiofonicadominicana.com\/portal\/wp-json\/wp\/v2\/media?parent=211954"}],"wp:term":[{"taxonomy":"category","embeddable":true,"href":"https:\/\/potenciaradiofonicadominicana.com\/portal\/wp-json\/wp\/v2\/categories?post=211954"},{"taxonomy":"post_tag","embeddable":true,"href":"https:\/\/potenciaradiofonicadominicana.com\/portal\/wp-json\/wp\/v2\/tags?post=211954"}],"curies":[{"name":"wp","href":"https:\/\/api.w.org\/{rel}","templated":true}]}}