{"id":211951,"date":"2026-02-22T19:26:57","date_gmt":"2026-02-22T23:26:57","guid":{"rendered":"https:\/\/potenciaradiofonicadominicana.com\/portal\/?p=211951"},"modified":"2026-02-22T19:26:57","modified_gmt":"2026-02-22T23:26:57","slug":"carlos-alcaraz-conquista-a-lo-grande-el-atp-de-doha-tras-aplastar-a-fils","status":"publish","type":"post","link":"https:\/\/potenciaradiofonicadominicana.com\/portal\/carlos-alcaraz-conquista-a-lo-grande-el-atp-de-doha-tras-aplastar-a-fils\/","title":{"rendered":"Carlos Alcaraz conquista a lo grande el ATP de Doha tras aplastar a Fils"},"content":{"rendered":"<p><a href=\"https:\/\/potenciaradiofonicadominicana.com\/portal\/wp-content\/uploads\/2026\/02\/carlos-alcaraz-emir-doha.jpg\"><img loading=\"lazy\" decoding=\"async\" class=\"alignnone size-full wp-image-211952\" src=\"https:\/\/potenciaradiofonicadominicana.com\/portal\/wp-content\/uploads\/2026\/02\/carlos-alcaraz-emir-doha.jpg\" alt=\"\" width=\"1200\" height=\"675\" srcset=\"https:\/\/potenciaradiofonicadominicana.com\/portal\/wp-content\/uploads\/2026\/02\/carlos-alcaraz-emir-doha.jpg 1200w, https:\/\/potenciaradiofonicadominicana.com\/portal\/wp-content\/uploads\/2026\/02\/carlos-alcaraz-emir-doha-300x169.jpg 300w, https:\/\/potenciaradiofonicadominicana.com\/portal\/wp-content\/uploads\/2026\/02\/carlos-alcaraz-emir-doha-1024x576.jpg 1024w, https:\/\/potenciaradiofonicadominicana.com\/portal\/wp-content\/uploads\/2026\/02\/carlos-alcaraz-emir-doha-768x432.jpg 768w\" sizes=\"auto, (max-width: 1200px) 100vw, 1200px\" \/><\/a><\/p>\n<p>El tenista n\u00famero 1 del mundo, Carlos Alcaraz, cumpli\u00f3 los pron\u00f3sticos y derrot\u00f3 con una aplastante superioridad al franc\u00e9s Arthur Fils este s\u00e1bado en la final del ATP 500 de Doha (6-2, 6-1) en 50 minutos.<\/p>\n<p>El murciano de 22 a\u00f1os a\u00f1ade este t\u00edtulo en Catar al Abierto de Australia conquistado en Melbourne hace unas semanas.<\/p>\n<p>Alcaraz, que s\u00f3lo ha cedido un set en sus cinco partidos en Doha, suma 12 victorias en otros tantos partidos esta temporada.<\/p>\n<p>Para el siete veces campe\u00f3n de Grand Slam fue el 26\u00ba t\u00edtulo de su carrera, el 9\u00ba ATP 500.<\/p>\n<p>Marcando el ritmo de los intercambios, soltando misiles con su saque (86% de puntos ganados con el primer servicio) y s\u00f3lido al resto, Alcaraz cerr\u00f3 el partido con un ataque desde el fondo de la pista escalofriante.<\/p>\n<p>&nbsp;<\/p>\n<p>Reacciones y contexto del rival Arthur Fils<br \/>\n\u00abDespu\u00e9s de cada torneo, tenemos que fijar nuevos objetivos. Estoy muy contento y orgulloso con todo lo hecho junto a mi equipo dentro y fuera de la pista\u00bb, celebr\u00f3 Alcaraz, que cuenta ahora con una ventaja de 3.200 puntos sobre el italiano Jannik Sinner al frente de la clasificaci\u00f3n mundial.<\/p>\n<p>Para Fils, n\u00famero 40 del ranking, que disputaba su tercer torneo despu\u00e9s de una larga ausencia por lesi\u00f3n, el n\u00famero uno del mundo espa\u00f1ol supuso un obst\u00e1culo insalvable al final de una gran semana en la que logr\u00f3 triunfos sobre los cabezas de serie como Jakub Mensik y Jiri Lehecka.<\/p>\n<p>Carlos Alcaraz y Jannik Sinner ya est\u00e1n en cuartos del Abierto de Catar<br \/>\nEl franc\u00e9s Arthur Fils sorprende a Mensik y se medir\u00e1 con Carlos Alcaraz en la final<br \/>\nTenis<br \/>\nEl franc\u00e9s Arthur Fils sorprende a Mensik y se medir\u00e1 con Carlos Alcaraz en la final<br \/>\nCarlos Alcaraz sigue invicto y alcanza la final del Abierto de Doha<br \/>\nTenis<br \/>\nCarlos Alcaraz sigue invicto y alcanza la final del Abierto de Doha<br \/>\nAcompa\u00f1ado por su nuevo entrenador Goran Ivanisevic, antiguo t\u00e9cnico de Novak Djokovic, Fils rindi\u00f3 homenaje a su rival, absolutamente intratable: \u00abHa sido una broma hoy\u00bb, exclam\u00f3. \u00abLo siento mucho por esta final, que ha sido muy corta\u00bb, a\u00f1adi\u00f3 dirigi\u00e9ndose al p\u00fablico.<\/p>\n","protected":false},"excerpt":{"rendered":"<p>El tenista n\u00famero 1 del mundo, Carlos Alcaraz, cumpli\u00f3 los pron\u00f3sticos y derrot\u00f3 con una aplastante superioridad al franc\u00e9s Arthur &#8230;<\/p>\n","protected":false},"author":2,"featured_media":211952,"comment_status":"closed","ping_status":"closed","sticky":false,"template":"","format":"standard","meta":{"footnotes":""},"categories":[28],"tags":[],"class_list":["post-211951","post","type-post","status-publish","format-standard","has-post-thumbnail","hentry","category-deportes"],"yoast_head":"<!-- This site is optimized with the Yoast SEO plugin v24.8.1 - https:\/\/yoast.com\/wordpress\/plugins\/seo\/ -->\n<title>Carlos Alcaraz conquista a lo grande el ATP de Doha tras aplastar a Fils - PotenciaRadiofonicaDominicana.com<\/title>\n<meta name=\"robots\" content=\"index, follow, max-snippet:-1, max-image-preview:large, max-video-preview:-1\" \/>\n<link rel=\"canonical\" href=\"https:\/\/potenciaradiofonicadominicana.com\/portal\/carlos-alcaraz-conquista-a-lo-grande-el-atp-de-doha-tras-aplastar-a-fils\/\" \/>\n<meta property=\"og:locale\" content=\"es_ES\" \/>\n<meta property=\"og:type\" content=\"article\" \/>\n<meta property=\"og:title\" content=\"Carlos Alcaraz conquista a lo grande el ATP de Doha tras aplastar a Fils - PotenciaRadiofonicaDominicana.com\" \/>\n<meta property=\"og:description\" content=\"El tenista n\u00famero 1 del mundo, Carlos Alcaraz, cumpli\u00f3 los pron\u00f3sticos y derrot\u00f3 con una aplastante superioridad al franc\u00e9s Arthur ...\" \/>\n<meta property=\"og:url\" content=\"https:\/\/potenciaradiofonicadominicana.com\/portal\/carlos-alcaraz-conquista-a-lo-grande-el-atp-de-doha-tras-aplastar-a-fils\/\" \/>\n<meta property=\"og:site_name\" content=\"PotenciaRadiofonicaDominicana.com\" \/>\n<meta property=\"article:publisher\" content=\"https:\/\/web.facebook.com\/PotenciaRadiofonicaD\" \/>\n<meta property=\"article:published_time\" content=\"2026-02-22T23:26:57+00:00\" \/>\n<meta property=\"og:image\" content=\"https:\/\/potenciaradiofonicadominicana.com\/portal\/wp-content\/uploads\/2026\/02\/carlos-alcaraz-emir-doha.jpg\" \/>\n\t<meta property=\"og:image:width\" content=\"1200\" \/>\n\t<meta property=\"og:image:height\" content=\"675\" \/>\n\t<meta property=\"og:image:type\" content=\"image\/jpeg\" \/>\n<meta name=\"author\" content=\"Potencia Radiof\u00f3nica Dominicana\" \/>\n<meta name=\"twitter:card\" content=\"summary_large_image\" \/>\n<meta name=\"twitter:label1\" content=\"Escrito por\" \/>\n\t<meta name=\"twitter:data1\" content=\"Potencia Radiof\u00f3nica Dominicana\" \/>\n\t<meta name=\"twitter:label2\" content=\"Tiempo de lectura\" \/>\n\t<meta name=\"twitter:data2\" content=\"3 minutos\" \/>\n<script type=\"application\/ld+json\" class=\"yoast-schema-graph\">{\"@context\":\"https:\/\/schema.org\",\"@graph\":[{\"@type\":\"Article\",\"@id\":\"https:\/\/potenciaradiofonicadominicana.com\/portal\/carlos-alcaraz-conquista-a-lo-grande-el-atp-de-doha-tras-aplastar-a-fils\/#article\",\"isPartOf\":{\"@id\":\"https:\/\/potenciaradiofonicadominicana.com\/portal\/carlos-alcaraz-conquista-a-lo-grande-el-atp-de-doha-tras-aplastar-a-fils\/\"},\"author\":{\"name\":\"Potencia Radiof\u00f3nica Dominicana\",\"@id\":\"https:\/\/potenciaradiofonicadominicana.com\/portal\/#\/schema\/person\/a5cf1fea13877803ee0573ac18b03490\"},\"headline\":\"Carlos Alcaraz conquista a lo grande el ATP de Doha tras aplastar a Fils\",\"datePublished\":\"2026-02-22T23:26:57+00:00\",\"mainEntityOfPage\":{\"@id\":\"https:\/\/potenciaradiofonicadominicana.com\/portal\/carlos-alcaraz-conquista-a-lo-grande-el-atp-de-doha-tras-aplastar-a-fils\/\"},\"wordCount\":384,\"publisher\":{\"@id\":\"https:\/\/potenciaradiofonicadominicana.com\/portal\/#organization\"},\"image\":{\"@id\":\"https:\/\/potenciaradiofonicadominicana.com\/portal\/carlos-alcaraz-conquista-a-lo-grande-el-atp-de-doha-tras-aplastar-a-fils\/#primaryimage\"},\"thumbnailUrl\":\"https:\/\/potenciaradiofonicadominicana.com\/portal\/wp-content\/uploads\/2026\/02\/carlos-alcaraz-emir-doha.jpg\",\"articleSection\":[\"Deportes\"],\"inLanguage\":\"es\"},{\"@type\":\"WebPage\",\"@id\":\"https:\/\/potenciaradiofonicadominicana.com\/portal\/carlos-alcaraz-conquista-a-lo-grande-el-atp-de-doha-tras-aplastar-a-fils\/\",\"url\":\"https:\/\/potenciaradiofonicadominicana.com\/portal\/carlos-alcaraz-conquista-a-lo-grande-el-atp-de-doha-tras-aplastar-a-fils\/\",\"name\":\"Carlos Alcaraz conquista a lo grande el ATP de Doha tras aplastar a Fils - PotenciaRadiofonicaDominicana.com\",\"isPartOf\":{\"@id\":\"https:\/\/potenciaradiofonicadominicana.com\/portal\/#website\"},\"primaryImageOfPage\":{\"@id\":\"https:\/\/potenciaradiofonicadominicana.com\/portal\/carlos-alcaraz-conquista-a-lo-grande-el-atp-de-doha-tras-aplastar-a-fils\/#primaryimage\"},\"image\":{\"@id\":\"https:\/\/potenciaradiofonicadominicana.com\/portal\/carlos-alcaraz-conquista-a-lo-grande-el-atp-de-doha-tras-aplastar-a-fils\/#primaryimage\"},\"thumbnailUrl\":\"https:\/\/potenciaradiofonicadominicana.com\/portal\/wp-content\/uploads\/2026\/02\/carlos-alcaraz-emir-doha.jpg\",\"datePublished\":\"2026-02-22T23:26:57+00:00\",\"breadcrumb\":{\"@id\":\"https:\/\/potenciaradiofonicadominicana.com\/portal\/carlos-alcaraz-conquista-a-lo-grande-el-atp-de-doha-tras-aplastar-a-fils\/#breadcrumb\"},\"inLanguage\":\"es\",\"potentialAction\":[{\"@type\":\"ReadAction\",\"target\":[\"https:\/\/potenciaradiofonicadominicana.com\/portal\/carlos-alcaraz-conquista-a-lo-grande-el-atp-de-doha-tras-aplastar-a-fils\/\"]}]},{\"@type\":\"ImageObject\",\"inLanguage\":\"es\",\"@id\":\"https:\/\/potenciaradiofonicadominicana.com\/portal\/carlos-alcaraz-conquista-a-lo-grande-el-atp-de-doha-tras-aplastar-a-fils\/#primaryimage\",\"url\":\"https:\/\/potenciaradiofonicadominicana.com\/portal\/wp-content\/uploads\/2026\/02\/carlos-alcaraz-emir-doha.jpg\",\"contentUrl\":\"https:\/\/potenciaradiofonicadominicana.com\/portal\/wp-content\/uploads\/2026\/02\/carlos-alcaraz-emir-doha.jpg\",\"width\":1200,\"height\":675},{\"@type\":\"BreadcrumbList\",\"@id\":\"https:\/\/potenciaradiofonicadominicana.com\/portal\/carlos-alcaraz-conquista-a-lo-grande-el-atp-de-doha-tras-aplastar-a-fils\/#breadcrumb\",\"itemListElement\":[{\"@type\":\"ListItem\",\"position\":1,\"name\":\"Portada\",\"item\":\"https:\/\/potenciaradiofonicadominicana.com\/portal\/\"},{\"@type\":\"ListItem\",\"position\":2,\"name\":\"Carlos Alcaraz conquista a lo grande el ATP de Doha tras aplastar a Fils\"}]},{\"@type\":\"WebSite\",\"@id\":\"https:\/\/potenciaradiofonicadominicana.com\/portal\/#website\",\"url\":\"https:\/\/potenciaradiofonicadominicana.com\/portal\/\",\"name\":\"PotenciaRadiofonicaDominicana.com\",\"description\":\"Peri\u00f3dico Digital\",\"publisher\":{\"@id\":\"https:\/\/potenciaradiofonicadominicana.com\/portal\/#organization\"},\"potentialAction\":[{\"@type\":\"SearchAction\",\"target\":{\"@type\":\"EntryPoint\",\"urlTemplate\":\"https:\/\/potenciaradiofonicadominicana.com\/portal\/?s={search_term_string}\"},\"query-input\":{\"@type\":\"PropertyValueSpecification\",\"valueRequired\":true,\"valueName\":\"search_term_string\"}}],\"inLanguage\":\"es\"},{\"@type\":\"Organization\",\"@id\":\"https:\/\/potenciaradiofonicadominicana.com\/portal\/#organization\",\"name\":\"PotenciaRadiofonicaDominicana.com\",\"url\":\"https:\/\/potenciaradiofonicadominicana.com\/portal\/\",\"logo\":{\"@type\":\"ImageObject\",\"inLanguage\":\"es\",\"@id\":\"https:\/\/potenciaradiofonicadominicana.com\/portal\/#\/schema\/logo\/image\/\",\"url\":\"https:\/\/potenciaradiofonicadominicana.com\/portal\/wp-content\/uploads\/2022\/01\/descarga.png\",\"contentUrl\":\"https:\/\/potenciaradiofonicadominicana.com\/portal\/wp-content\/uploads\/2022\/01\/descarga.png\",\"width\":300,\"height\":100,\"caption\":\"PotenciaRadiofonicaDominicana.com\"},\"image\":{\"@id\":\"https:\/\/potenciaradiofonicadominicana.com\/portal\/#\/schema\/logo\/image\/\"},\"sameAs\":[\"https:\/\/web.facebook.com\/PotenciaRadiofonicaD\"]},{\"@type\":\"Person\",\"@id\":\"https:\/\/potenciaradiofonicadominicana.com\/portal\/#\/schema\/person\/a5cf1fea13877803ee0573ac18b03490\",\"name\":\"Potencia Radiof\u00f3nica Dominicana\",\"image\":{\"@type\":\"ImageObject\",\"inLanguage\":\"es\",\"@id\":\"https:\/\/potenciaradiofonicadominicana.com\/portal\/#\/schema\/person\/image\/\",\"url\":\"https:\/\/secure.gravatar.com\/avatar\/42a55ab9e8ccc656ba34cd791990602a?s=96&d=mm&r=g\",\"contentUrl\":\"https:\/\/secure.gravatar.com\/avatar\/42a55ab9e8ccc656ba34cd791990602a?s=96&d=mm&r=g\",\"caption\":\"Potencia Radiof\u00f3nica Dominicana\"},\"url\":\"https:\/\/potenciaradiofonicadominicana.com\/portal\/author\/johannyalmanzar\/\"}]}<\/script>\n<!-- \/ Yoast SEO plugin. -->","yoast_head_json":{"title":"Carlos Alcaraz conquista a lo grande el ATP de Doha tras aplastar a Fils - PotenciaRadiofonicaDominicana.com","robots":{"index":"index","follow":"follow","max-snippet":"max-snippet:-1","max-image-preview":"max-image-preview:large","max-video-preview":"max-video-preview:-1"},"canonical":"https:\/\/potenciaradiofonicadominicana.com\/portal\/carlos-alcaraz-conquista-a-lo-grande-el-atp-de-doha-tras-aplastar-a-fils\/","og_locale":"es_ES","og_type":"article","og_title":"Carlos Alcaraz conquista a lo grande el ATP de Doha tras aplastar a Fils - PotenciaRadiofonicaDominicana.com","og_description":"El tenista n\u00famero 1 del mundo, Carlos Alcaraz, cumpli\u00f3 los pron\u00f3sticos y derrot\u00f3 con una aplastante superioridad al franc\u00e9s Arthur ...","og_url":"https:\/\/potenciaradiofonicadominicana.com\/portal\/carlos-alcaraz-conquista-a-lo-grande-el-atp-de-doha-tras-aplastar-a-fils\/","og_site_name":"PotenciaRadiofonicaDominicana.com","article_publisher":"https:\/\/web.facebook.com\/PotenciaRadiofonicaD","article_published_time":"2026-02-22T23:26:57+00:00","og_image":[{"width":1200,"height":675,"url":"https:\/\/potenciaradiofonicadominicana.com\/portal\/wp-content\/uploads\/2026\/02\/carlos-alcaraz-emir-doha.jpg","type":"image\/jpeg"}],"author":"Potencia Radiof\u00f3nica Dominicana","twitter_card":"summary_large_image","twitter_misc":{"Escrito por":"Potencia Radiof\u00f3nica Dominicana","Tiempo de lectura":"3 minutos"},"schema":{"@context":"https:\/\/schema.org","@graph":[{"@type":"Article","@id":"https:\/\/potenciaradiofonicadominicana.com\/portal\/carlos-alcaraz-conquista-a-lo-grande-el-atp-de-doha-tras-aplastar-a-fils\/#article","isPartOf":{"@id":"https:\/\/potenciaradiofonicadominicana.com\/portal\/carlos-alcaraz-conquista-a-lo-grande-el-atp-de-doha-tras-aplastar-a-fils\/"},"author":{"name":"Potencia Radiof\u00f3nica Dominicana","@id":"https:\/\/potenciaradiofonicadominicana.com\/portal\/#\/schema\/person\/a5cf1fea13877803ee0573ac18b03490"},"headline":"Carlos Alcaraz conquista a lo grande el ATP de Doha tras aplastar a Fils","datePublished":"2026-02-22T23:26:57+00:00","mainEntityOfPage":{"@id":"https:\/\/potenciaradiofonicadominicana.com\/portal\/carlos-alcaraz-conquista-a-lo-grande-el-atp-de-doha-tras-aplastar-a-fils\/"},"wordCount":384,"publisher":{"@id":"https:\/\/potenciaradiofonicadominicana.com\/portal\/#organization"},"image":{"@id":"https:\/\/potenciaradiofonicadominicana.com\/portal\/carlos-alcaraz-conquista-a-lo-grande-el-atp-de-doha-tras-aplastar-a-fils\/#primaryimage"},"thumbnailUrl":"https:\/\/potenciaradiofonicadominicana.com\/portal\/wp-content\/uploads\/2026\/02\/carlos-alcaraz-emir-doha.jpg","articleSection":["Deportes"],"inLanguage":"es"},{"@type":"WebPage","@id":"https:\/\/potenciaradiofonicadominicana.com\/portal\/carlos-alcaraz-conquista-a-lo-grande-el-atp-de-doha-tras-aplastar-a-fils\/","url":"https:\/\/potenciaradiofonicadominicana.com\/portal\/carlos-alcaraz-conquista-a-lo-grande-el-atp-de-doha-tras-aplastar-a-fils\/","name":"Carlos Alcaraz conquista a lo grande el ATP de Doha tras aplastar a Fils - PotenciaRadiofonicaDominicana.com","isPartOf":{"@id":"https:\/\/potenciaradiofonicadominicana.com\/portal\/#website"},"primaryImageOfPage":{"@id":"https:\/\/potenciaradiofonicadominicana.com\/portal\/carlos-alcaraz-conquista-a-lo-grande-el-atp-de-doha-tras-aplastar-a-fils\/#primaryimage"},"image":{"@id":"https:\/\/potenciaradiofonicadominicana.com\/portal\/carlos-alcaraz-conquista-a-lo-grande-el-atp-de-doha-tras-aplastar-a-fils\/#primaryimage"},"thumbnailUrl":"https:\/\/potenciaradiofonicadominicana.com\/portal\/wp-content\/uploads\/2026\/02\/carlos-alcaraz-emir-doha.jpg","datePublished":"2026-02-22T23:26:57+00:00","breadcrumb":{"@id":"https:\/\/potenciaradiofonicadominicana.com\/portal\/carlos-alcaraz-conquista-a-lo-grande-el-atp-de-doha-tras-aplastar-a-fils\/#breadcrumb"},"inLanguage":"es","potentialAction":[{"@type":"ReadAction","target":["https:\/\/potenciaradiofonicadominicana.com\/portal\/carlos-alcaraz-conquista-a-lo-grande-el-atp-de-doha-tras-aplastar-a-fils\/"]}]},{"@type":"ImageObject","inLanguage":"es","@id":"https:\/\/potenciaradiofonicadominicana.com\/portal\/carlos-alcaraz-conquista-a-lo-grande-el-atp-de-doha-tras-aplastar-a-fils\/#primaryimage","url":"https:\/\/potenciaradiofonicadominicana.com\/portal\/wp-content\/uploads\/2026\/02\/carlos-alcaraz-emir-doha.jpg","contentUrl":"https:\/\/potenciaradiofonicadominicana.com\/portal\/wp-content\/uploads\/2026\/02\/carlos-alcaraz-emir-doha.jpg","width":1200,"height":675},{"@type":"BreadcrumbList","@id":"https:\/\/potenciaradiofonicadominicana.com\/portal\/carlos-alcaraz-conquista-a-lo-grande-el-atp-de-doha-tras-aplastar-a-fils\/#breadcrumb","itemListElement":[{"@type":"ListItem","position":1,"name":"Portada","item":"https:\/\/potenciaradiofonicadominicana.com\/portal\/"},{"@type":"ListItem","position":2,"name":"Carlos Alcaraz conquista a lo grande el ATP de Doha tras aplastar a Fils"}]},{"@type":"WebSite","@id":"https:\/\/potenciaradiofonicadominicana.com\/portal\/#website","url":"https:\/\/potenciaradiofonicadominicana.com\/portal\/","name":"PotenciaRadiofonicaDominicana.com","description":"Peri\u00f3dico Digital","publisher":{"@id":"https:\/\/potenciaradiofonicadominicana.com\/portal\/#organization"},"potentialAction":[{"@type":"SearchAction","target":{"@type":"EntryPoint","urlTemplate":"https:\/\/potenciaradiofonicadominicana.com\/portal\/?s={search_term_string}"},"query-input":{"@type":"PropertyValueSpecification","valueRequired":true,"valueName":"search_term_string"}}],"inLanguage":"es"},{"@type":"Organization","@id":"https:\/\/potenciaradiofonicadominicana.com\/portal\/#organization","name":"PotenciaRadiofonicaDominicana.com","url":"https:\/\/potenciaradiofonicadominicana.com\/portal\/","logo":{"@type":"ImageObject","inLanguage":"es","@id":"https:\/\/potenciaradiofonicadominicana.com\/portal\/#\/schema\/logo\/image\/","url":"https:\/\/potenciaradiofonicadominicana.com\/portal\/wp-content\/uploads\/2022\/01\/descarga.png","contentUrl":"https:\/\/potenciaradiofonicadominicana.com\/portal\/wp-content\/uploads\/2022\/01\/descarga.png","width":300,"height":100,"caption":"PotenciaRadiofonicaDominicana.com"},"image":{"@id":"https:\/\/potenciaradiofonicadominicana.com\/portal\/#\/schema\/logo\/image\/"},"sameAs":["https:\/\/web.facebook.com\/PotenciaRadiofonicaD"]},{"@type":"Person","@id":"https:\/\/potenciaradiofonicadominicana.com\/portal\/#\/schema\/person\/a5cf1fea13877803ee0573ac18b03490","name":"Potencia Radiof\u00f3nica Dominicana","image":{"@type":"ImageObject","inLanguage":"es","@id":"https:\/\/potenciaradiofonicadominicana.com\/portal\/#\/schema\/person\/image\/","url":"https:\/\/secure.gravatar.com\/avatar\/42a55ab9e8ccc656ba34cd791990602a?s=96&d=mm&r=g","contentUrl":"https:\/\/secure.gravatar.com\/avatar\/42a55ab9e8ccc656ba34cd791990602a?s=96&d=mm&r=g","caption":"Potencia Radiof\u00f3nica Dominicana"},"url":"https:\/\/potenciaradiofonicadominicana.com\/portal\/author\/johannyalmanzar\/"}]}},"_links":{"self":[{"href":"https:\/\/potenciaradiofonicadominicana.com\/portal\/wp-json\/wp\/v2\/posts\/211951","targetHints":{"allow":["GET"]}}],"collection":[{"href":"https:\/\/potenciaradiofonicadominicana.com\/portal\/wp-json\/wp\/v2\/posts"}],"about":[{"href":"https:\/\/potenciaradiofonicadominicana.com\/portal\/wp-json\/wp\/v2\/types\/post"}],"author":[{"embeddable":true,"href":"https:\/\/potenciaradiofonicadominicana.com\/portal\/wp-json\/wp\/v2\/users\/2"}],"replies":[{"embeddable":true,"href":"https:\/\/potenciaradiofonicadominicana.com\/portal\/wp-json\/wp\/v2\/comments?post=211951"}],"version-history":[{"count":1,"href":"https:\/\/potenciaradiofonicadominicana.com\/portal\/wp-json\/wp\/v2\/posts\/211951\/revisions"}],"predecessor-version":[{"id":211953,"href":"https:\/\/potenciaradiofonicadominicana.com\/portal\/wp-json\/wp\/v2\/posts\/211951\/revisions\/211953"}],"wp:featuredmedia":[{"embeddable":true,"href":"https:\/\/potenciaradiofonicadominicana.com\/portal\/wp-json\/wp\/v2\/media\/211952"}],"wp:attachment":[{"href":"https:\/\/potenciaradiofonicadominicana.com\/portal\/wp-json\/wp\/v2\/media?parent=211951"}],"wp:term":[{"taxonomy":"category","embeddable":true,"href":"https:\/\/potenciaradiofonicadominicana.com\/portal\/wp-json\/wp\/v2\/categories?post=211951"},{"taxonomy":"post_tag","embeddable":true,"href":"https:\/\/potenciaradiofonicadominicana.com\/portal\/wp-json\/wp\/v2\/tags?post=211951"}],"curies":[{"name":"wp","href":"https:\/\/api.w.org\/{rel}","templated":true}]}}