{"id":211948,"date":"2026-02-22T19:24:22","date_gmt":"2026-02-22T23:24:22","guid":{"rendered":"https:\/\/potenciaradiofonicadominicana.com\/portal\/?p=211948"},"modified":"2026-02-22T19:24:22","modified_gmt":"2026-02-22T23:24:22","slug":"al-horford-ha-dejado-abiertas-las-puertas-para-un-posible-regreso-con-los-celtics-antes-de-finalizar-su-exitosa-carrera-en-la-nba","status":"publish","type":"post","link":"https:\/\/potenciaradiofonicadominicana.com\/portal\/al-horford-ha-dejado-abiertas-las-puertas-para-un-posible-regreso-con-los-celtics-antes-de-finalizar-su-exitosa-carrera-en-la-nba\/","title":{"rendered":"Al Horford ha dejado abiertas las puertas para un posible regreso con los Celtics, antes de finalizar su exitosa carrera en la NBA"},"content":{"rendered":"<p><a href=\"https:\/\/potenciaradiofonicadominicana.com\/portal\/wp-content\/uploads\/2026\/02\/jue2-al-horford.jpg\"><img loading=\"lazy\" decoding=\"async\" class=\"size-full wp-image-211949\" src=\"https:\/\/potenciaradiofonicadominicana.com\/portal\/wp-content\/uploads\/2026\/02\/jue2-al-horford.jpg\" alt=\"\" width=\"1200\" height=\"675\" srcset=\"https:\/\/potenciaradiofonicadominicana.com\/portal\/wp-content\/uploads\/2026\/02\/jue2-al-horford.jpg 1200w, https:\/\/potenciaradiofonicadominicana.com\/portal\/wp-content\/uploads\/2026\/02\/jue2-al-horford-300x169.jpg 300w, https:\/\/potenciaradiofonicadominicana.com\/portal\/wp-content\/uploads\/2026\/02\/jue2-al-horford-1024x576.jpg 1024w, https:\/\/potenciaradiofonicadominicana.com\/portal\/wp-content\/uploads\/2026\/02\/jue2-al-horford-768x432.jpg 768w\" sizes=\"auto, (max-width: 1200px) 100vw, 1200px\" \/><\/a><\/p>\n<p>&nbsp;<\/p>\n<p><strong>Al Horford<\/strong>\u00a0ya ha estado aqu\u00ed antes. Dej\u00f3 los\u00a0<strong>Celtics<\/strong>\u00a0para irse a\u00a0<strong>Filadelfia<\/strong>\u00a0en 2019, as\u00ed que enfrentarse a sus antiguos compa\u00f1eros con el uniforme de un rival no es nada nuevo.<\/p>\n<p>Pero estos son chicos con los que ha ganado un campeonato, lo que hizo que significara un poco m\u00e1s. Se notaba por c\u00f3mo le trataron todos despu\u00e9s del partido y la sonrisa que puso en su cara durante todo el partido.<\/p>\n<p><strong>Horford\u00a0<\/strong>es demasiado profesional para hablar con entusiasmo de todo esto, pero reconoci\u00f3 lo surrealista del momento.<\/p>\n<p><em>\u00abDefinitivamente es una sensaci\u00f3n extra\u00f1a pasar por eso\u00bb, dijo el dominicano en un reporte de\u00a0<strong>https:\/\/www.si.com\/nba\/celtics bajo autor\u00eda de\u00a0<\/strong>John Karalis<strong>,\u00a0<\/strong>tras perder contra los Celtics la pasada semana.<\/em><\/p>\n<p>\u00abFue agradable ver a muchos de los chicos \u2026 Hablar con los entrenadores y el cuerpo t\u00e9cnico y esa parte. Pero cuando el partido empez\u00f3, todo fue negocio y tratar de dar lo mejor de nosotros all\u00ed\u201d, expres\u00f3 en nativo de Puerto Plata.<\/p>\n<p>Su peso para los Celtics<\/p>\n<p><em><strong>Horford<\/strong>\u00a0ha significado mucho para todos estos\u00a0<strong>Celtics<\/strong>.\u00a0<strong>Jayson Tatum\u00a0<\/strong>ha llamado a\u00a0<strong>Horford\u00a0<\/strong>el mejor compa\u00f1ero de equipo que ha tenido en varias ocasiones. Todos los que hablan de \u00e9l lo hacen en t\u00e9rminos elogiosos, incluido Joe Mazzulla, que tras el partido fue visto buscando a Horford y a su hijo Ean, d\u00e1ndoles largos abrazos a ambos.<\/em><\/p>\n<p>\u00ab[Estoy] simplemente agradecido de haber podido entrenarle\u00bb, dijo Mazzulla. \u00abObviamente, para m\u00ed, es un miembro del Sal\u00f3n de la Fama y fue uno de los que cuando consegu\u00ed el puesto me apoyaba. Y creo que eso dice mucho sobre qui\u00e9n es como veterano. \u2026 Al final del d\u00eda, saludas a \u00e9l, a su mujer y a sus hijos, y simplemente est\u00e1s agradecido por la relaci\u00f3n que ten\u00e9is de ahora en adelante.\u00bb<\/p>\n<p>Se supone que parte de la raz\u00f3n por la que Horford dej\u00f3 Boston fue la oportunidad de ganar otro campeonato en alg\u00fan lugar mientras Tatum se recuperaba de su rotura del tend\u00f3n de Aquiles. Entre eso y una oferta de contrato que Boston no pudo igualar, se presume que Horford buscaba un buen encajar en un equipo que pudiera hacer una carrera profunda.<\/p>\n<p>Cuando se le pregunt\u00f3 al respecto, Horford fue vago sobre su verdadera raz\u00f3n para irse.<\/p>\n<p><strong><em>\u00abEs algo m\u00e1s profundo que solo el tema del baloncesto\u00bb, dijo antes del partido,\u00a0a trav\u00e9s de CLNS<\/em><\/strong><strong><em>. \u00abEs algo que en alg\u00fan momento compartir\u00e9 con la gente. Pero para m\u00ed, sent\u00ed que era el momento de ir a otro sitio.\u00bb<\/em><\/strong><\/p>\n<p>Por ahora, est\u00e1 en el Estado Dorado, que tambi\u00e9n ha enfrentado sus propios problemas. Steph Curry est\u00e1 de baja por dolor de rodilla y se perder\u00e1 al menos otros 10 d\u00edas. Jimmy Butler se perdi\u00f3 para el resto de la temporada por una rotura del ligamento cruzado anterior, y el drama de Jonathan Kuminga hizo que la situaci\u00f3n fuera inc\u00f3moda hasta la fecha l\u00edmite de traspasos. Horford est\u00e1 intentando ayudar a su equipo a superar estos tiempos dif\u00edciles y, posiblemente, si tienen suerte con las lesiones de Curry y el reci\u00e9n fichado Kristaps Porzingis, lograr una carrera en los playoffs.<\/p>\n<p>Eso es lo que est\u00e1 pensando ahora mismo. Tiene una opci\u00f3n de jugador de 5,9 millones de d\u00f3lares la pr\u00f3xima temporada, lo que significa que podr\u00e1 volver a salir al mercado si quiere. Y est\u00e1 abierto a una reuni\u00f3n m\u00e1s en Boston.<\/p>\n<p><em>\u00abSiempre lo dejo abierto\u00bb, dijo Horford. \u00abSer\u00eda un privilegio hacerlo, pero obviamente solo intento centrarme en terminar este a\u00f1o.\u00bb<\/em><\/p>\n","protected":false},"excerpt":{"rendered":"<p>&nbsp; Al Horford\u00a0ya ha estado aqu\u00ed antes. Dej\u00f3 los\u00a0Celtics\u00a0para irse a\u00a0Filadelfia\u00a0en 2019, as\u00ed que enfrentarse a sus antiguos compa\u00f1eros con &#8230;<\/p>\n","protected":false},"author":2,"featured_media":211949,"comment_status":"closed","ping_status":"closed","sticky":false,"template":"","format":"standard","meta":{"footnotes":""},"categories":[28],"tags":[],"class_list":["post-211948","post","type-post","status-publish","format-standard","has-post-thumbnail","hentry","category-deportes"],"yoast_head":"<!-- This site is optimized with the Yoast SEO plugin v24.8.1 - https:\/\/yoast.com\/wordpress\/plugins\/seo\/ -->\n<title>Al Horford ha dejado abiertas las puertas para un posible regreso con los Celtics, antes de finalizar su exitosa carrera en la NBA - PotenciaRadiofonicaDominicana.com<\/title>\n<meta name=\"robots\" content=\"index, follow, max-snippet:-1, max-image-preview:large, max-video-preview:-1\" \/>\n<link rel=\"canonical\" href=\"https:\/\/potenciaradiofonicadominicana.com\/portal\/al-horford-ha-dejado-abiertas-las-puertas-para-un-posible-regreso-con-los-celtics-antes-de-finalizar-su-exitosa-carrera-en-la-nba\/\" \/>\n<meta property=\"og:locale\" content=\"es_ES\" \/>\n<meta property=\"og:type\" content=\"article\" \/>\n<meta property=\"og:title\" content=\"Al Horford ha dejado abiertas las puertas para un posible regreso con los Celtics, antes de finalizar su exitosa carrera en la NBA - PotenciaRadiofonicaDominicana.com\" \/>\n<meta property=\"og:description\" content=\"&nbsp; Al Horford\u00a0ya ha estado aqu\u00ed antes. Dej\u00f3 los\u00a0Celtics\u00a0para irse a\u00a0Filadelfia\u00a0en 2019, as\u00ed que enfrentarse a sus antiguos compa\u00f1eros con ...\" \/>\n<meta property=\"og:url\" content=\"https:\/\/potenciaradiofonicadominicana.com\/portal\/al-horford-ha-dejado-abiertas-las-puertas-para-un-posible-regreso-con-los-celtics-antes-de-finalizar-su-exitosa-carrera-en-la-nba\/\" \/>\n<meta property=\"og:site_name\" content=\"PotenciaRadiofonicaDominicana.com\" \/>\n<meta property=\"article:publisher\" content=\"https:\/\/web.facebook.com\/PotenciaRadiofonicaD\" \/>\n<meta property=\"article:published_time\" content=\"2026-02-22T23:24:22+00:00\" \/>\n<meta property=\"og:image\" content=\"https:\/\/potenciaradiofonicadominicana.com\/portal\/wp-content\/uploads\/2026\/02\/jue2-al-horford.jpg\" \/>\n\t<meta property=\"og:image:width\" content=\"1200\" \/>\n\t<meta property=\"og:image:height\" content=\"675\" \/>\n\t<meta property=\"og:image:type\" content=\"image\/jpeg\" \/>\n<meta name=\"author\" content=\"Potencia Radiof\u00f3nica Dominicana\" \/>\n<meta name=\"twitter:card\" content=\"summary_large_image\" \/>\n<meta name=\"twitter:label1\" content=\"Escrito por\" \/>\n\t<meta name=\"twitter:data1\" content=\"Potencia Radiof\u00f3nica Dominicana\" \/>\n\t<meta name=\"twitter:label2\" content=\"Tiempo de lectura\" \/>\n\t<meta name=\"twitter:data2\" content=\"4 minutos\" \/>\n<script type=\"application\/ld+json\" class=\"yoast-schema-graph\">{\"@context\":\"https:\/\/schema.org\",\"@graph\":[{\"@type\":\"Article\",\"@id\":\"https:\/\/potenciaradiofonicadominicana.com\/portal\/al-horford-ha-dejado-abiertas-las-puertas-para-un-posible-regreso-con-los-celtics-antes-de-finalizar-su-exitosa-carrera-en-la-nba\/#article\",\"isPartOf\":{\"@id\":\"https:\/\/potenciaradiofonicadominicana.com\/portal\/al-horford-ha-dejado-abiertas-las-puertas-para-un-posible-regreso-con-los-celtics-antes-de-finalizar-su-exitosa-carrera-en-la-nba\/\"},\"author\":{\"name\":\"Potencia Radiof\u00f3nica Dominicana\",\"@id\":\"https:\/\/potenciaradiofonicadominicana.com\/portal\/#\/schema\/person\/a5cf1fea13877803ee0573ac18b03490\"},\"headline\":\"Al Horford ha dejado abiertas las puertas para un posible regreso con los Celtics, antes de finalizar su exitosa carrera en la NBA\",\"datePublished\":\"2026-02-22T23:24:22+00:00\",\"mainEntityOfPage\":{\"@id\":\"https:\/\/potenciaradiofonicadominicana.com\/portal\/al-horford-ha-dejado-abiertas-las-puertas-para-un-posible-regreso-con-los-celtics-antes-de-finalizar-su-exitosa-carrera-en-la-nba\/\"},\"wordCount\":639,\"publisher\":{\"@id\":\"https:\/\/potenciaradiofonicadominicana.com\/portal\/#organization\"},\"image\":{\"@id\":\"https:\/\/potenciaradiofonicadominicana.com\/portal\/al-horford-ha-dejado-abiertas-las-puertas-para-un-posible-regreso-con-los-celtics-antes-de-finalizar-su-exitosa-carrera-en-la-nba\/#primaryimage\"},\"thumbnailUrl\":\"https:\/\/potenciaradiofonicadominicana.com\/portal\/wp-content\/uploads\/2026\/02\/jue2-al-horford.jpg\",\"articleSection\":[\"Deportes\"],\"inLanguage\":\"es\"},{\"@type\":\"WebPage\",\"@id\":\"https:\/\/potenciaradiofonicadominicana.com\/portal\/al-horford-ha-dejado-abiertas-las-puertas-para-un-posible-regreso-con-los-celtics-antes-de-finalizar-su-exitosa-carrera-en-la-nba\/\",\"url\":\"https:\/\/potenciaradiofonicadominicana.com\/portal\/al-horford-ha-dejado-abiertas-las-puertas-para-un-posible-regreso-con-los-celtics-antes-de-finalizar-su-exitosa-carrera-en-la-nba\/\",\"name\":\"Al Horford ha dejado abiertas las puertas para un posible regreso con los Celtics, antes de finalizar su exitosa carrera en la NBA - PotenciaRadiofonicaDominicana.com\",\"isPartOf\":{\"@id\":\"https:\/\/potenciaradiofonicadominicana.com\/portal\/#website\"},\"primaryImageOfPage\":{\"@id\":\"https:\/\/potenciaradiofonicadominicana.com\/portal\/al-horford-ha-dejado-abiertas-las-puertas-para-un-posible-regreso-con-los-celtics-antes-de-finalizar-su-exitosa-carrera-en-la-nba\/#primaryimage\"},\"image\":{\"@id\":\"https:\/\/potenciaradiofonicadominicana.com\/portal\/al-horford-ha-dejado-abiertas-las-puertas-para-un-posible-regreso-con-los-celtics-antes-de-finalizar-su-exitosa-carrera-en-la-nba\/#primaryimage\"},\"thumbnailUrl\":\"https:\/\/potenciaradiofonicadominicana.com\/portal\/wp-content\/uploads\/2026\/02\/jue2-al-horford.jpg\",\"datePublished\":\"2026-02-22T23:24:22+00:00\",\"breadcrumb\":{\"@id\":\"https:\/\/potenciaradiofonicadominicana.com\/portal\/al-horford-ha-dejado-abiertas-las-puertas-para-un-posible-regreso-con-los-celtics-antes-de-finalizar-su-exitosa-carrera-en-la-nba\/#breadcrumb\"},\"inLanguage\":\"es\",\"potentialAction\":[{\"@type\":\"ReadAction\",\"target\":[\"https:\/\/potenciaradiofonicadominicana.com\/portal\/al-horford-ha-dejado-abiertas-las-puertas-para-un-posible-regreso-con-los-celtics-antes-de-finalizar-su-exitosa-carrera-en-la-nba\/\"]}]},{\"@type\":\"ImageObject\",\"inLanguage\":\"es\",\"@id\":\"https:\/\/potenciaradiofonicadominicana.com\/portal\/al-horford-ha-dejado-abiertas-las-puertas-para-un-posible-regreso-con-los-celtics-antes-de-finalizar-su-exitosa-carrera-en-la-nba\/#primaryimage\",\"url\":\"https:\/\/potenciaradiofonicadominicana.com\/portal\/wp-content\/uploads\/2026\/02\/jue2-al-horford.jpg\",\"contentUrl\":\"https:\/\/potenciaradiofonicadominicana.com\/portal\/wp-content\/uploads\/2026\/02\/jue2-al-horford.jpg\",\"width\":1200,\"height\":675,\"caption\":\"Apr 25, 2025; Orlando, Florida, USA; Boston Celtics center Al Horford (42) warms up before game three of first round for the 2024 NBA Playoffs against the Orlando Magic at Kia Center. Mandatory Credit: Mike Watters-Imagn Images\"},{\"@type\":\"BreadcrumbList\",\"@id\":\"https:\/\/potenciaradiofonicadominicana.com\/portal\/al-horford-ha-dejado-abiertas-las-puertas-para-un-posible-regreso-con-los-celtics-antes-de-finalizar-su-exitosa-carrera-en-la-nba\/#breadcrumb\",\"itemListElement\":[{\"@type\":\"ListItem\",\"position\":1,\"name\":\"Portada\",\"item\":\"https:\/\/potenciaradiofonicadominicana.com\/portal\/\"},{\"@type\":\"ListItem\",\"position\":2,\"name\":\"Al Horford ha dejado abiertas las puertas para un posible regreso con los Celtics, antes de finalizar su exitosa carrera en la NBA\"}]},{\"@type\":\"WebSite\",\"@id\":\"https:\/\/potenciaradiofonicadominicana.com\/portal\/#website\",\"url\":\"https:\/\/potenciaradiofonicadominicana.com\/portal\/\",\"name\":\"PotenciaRadiofonicaDominicana.com\",\"description\":\"Peri\u00f3dico Digital\",\"publisher\":{\"@id\":\"https:\/\/potenciaradiofonicadominicana.com\/portal\/#organization\"},\"potentialAction\":[{\"@type\":\"SearchAction\",\"target\":{\"@type\":\"EntryPoint\",\"urlTemplate\":\"https:\/\/potenciaradiofonicadominicana.com\/portal\/?s={search_term_string}\"},\"query-input\":{\"@type\":\"PropertyValueSpecification\",\"valueRequired\":true,\"valueName\":\"search_term_string\"}}],\"inLanguage\":\"es\"},{\"@type\":\"Organization\",\"@id\":\"https:\/\/potenciaradiofonicadominicana.com\/portal\/#organization\",\"name\":\"PotenciaRadiofonicaDominicana.com\",\"url\":\"https:\/\/potenciaradiofonicadominicana.com\/portal\/\",\"logo\":{\"@type\":\"ImageObject\",\"inLanguage\":\"es\",\"@id\":\"https:\/\/potenciaradiofonicadominicana.com\/portal\/#\/schema\/logo\/image\/\",\"url\":\"https:\/\/potenciaradiofonicadominicana.com\/portal\/wp-content\/uploads\/2022\/01\/descarga.png\",\"contentUrl\":\"https:\/\/potenciaradiofonicadominicana.com\/portal\/wp-content\/uploads\/2022\/01\/descarga.png\",\"width\":300,\"height\":100,\"caption\":\"PotenciaRadiofonicaDominicana.com\"},\"image\":{\"@id\":\"https:\/\/potenciaradiofonicadominicana.com\/portal\/#\/schema\/logo\/image\/\"},\"sameAs\":[\"https:\/\/web.facebook.com\/PotenciaRadiofonicaD\"]},{\"@type\":\"Person\",\"@id\":\"https:\/\/potenciaradiofonicadominicana.com\/portal\/#\/schema\/person\/a5cf1fea13877803ee0573ac18b03490\",\"name\":\"Potencia Radiof\u00f3nica Dominicana\",\"image\":{\"@type\":\"ImageObject\",\"inLanguage\":\"es\",\"@id\":\"https:\/\/potenciaradiofonicadominicana.com\/portal\/#\/schema\/person\/image\/\",\"url\":\"https:\/\/secure.gravatar.com\/avatar\/42a55ab9e8ccc656ba34cd791990602a?s=96&d=mm&r=g\",\"contentUrl\":\"https:\/\/secure.gravatar.com\/avatar\/42a55ab9e8ccc656ba34cd791990602a?s=96&d=mm&r=g\",\"caption\":\"Potencia Radiof\u00f3nica Dominicana\"},\"url\":\"https:\/\/potenciaradiofonicadominicana.com\/portal\/author\/johannyalmanzar\/\"}]}<\/script>\n<!-- \/ Yoast SEO plugin. -->","yoast_head_json":{"title":"Al Horford ha dejado abiertas las puertas para un posible regreso con los Celtics, antes de finalizar su exitosa carrera en la NBA - PotenciaRadiofonicaDominicana.com","robots":{"index":"index","follow":"follow","max-snippet":"max-snippet:-1","max-image-preview":"max-image-preview:large","max-video-preview":"max-video-preview:-1"},"canonical":"https:\/\/potenciaradiofonicadominicana.com\/portal\/al-horford-ha-dejado-abiertas-las-puertas-para-un-posible-regreso-con-los-celtics-antes-de-finalizar-su-exitosa-carrera-en-la-nba\/","og_locale":"es_ES","og_type":"article","og_title":"Al Horford ha dejado abiertas las puertas para un posible regreso con los Celtics, antes de finalizar su exitosa carrera en la NBA - PotenciaRadiofonicaDominicana.com","og_description":"&nbsp; Al Horford\u00a0ya ha estado aqu\u00ed antes. Dej\u00f3 los\u00a0Celtics\u00a0para irse a\u00a0Filadelfia\u00a0en 2019, as\u00ed que enfrentarse a sus antiguos compa\u00f1eros con ...","og_url":"https:\/\/potenciaradiofonicadominicana.com\/portal\/al-horford-ha-dejado-abiertas-las-puertas-para-un-posible-regreso-con-los-celtics-antes-de-finalizar-su-exitosa-carrera-en-la-nba\/","og_site_name":"PotenciaRadiofonicaDominicana.com","article_publisher":"https:\/\/web.facebook.com\/PotenciaRadiofonicaD","article_published_time":"2026-02-22T23:24:22+00:00","og_image":[{"width":1200,"height":675,"url":"https:\/\/potenciaradiofonicadominicana.com\/portal\/wp-content\/uploads\/2026\/02\/jue2-al-horford.jpg","type":"image\/jpeg"}],"author":"Potencia Radiof\u00f3nica Dominicana","twitter_card":"summary_large_image","twitter_misc":{"Escrito por":"Potencia Radiof\u00f3nica Dominicana","Tiempo de lectura":"4 minutos"},"schema":{"@context":"https:\/\/schema.org","@graph":[{"@type":"Article","@id":"https:\/\/potenciaradiofonicadominicana.com\/portal\/al-horford-ha-dejado-abiertas-las-puertas-para-un-posible-regreso-con-los-celtics-antes-de-finalizar-su-exitosa-carrera-en-la-nba\/#article","isPartOf":{"@id":"https:\/\/potenciaradiofonicadominicana.com\/portal\/al-horford-ha-dejado-abiertas-las-puertas-para-un-posible-regreso-con-los-celtics-antes-de-finalizar-su-exitosa-carrera-en-la-nba\/"},"author":{"name":"Potencia Radiof\u00f3nica Dominicana","@id":"https:\/\/potenciaradiofonicadominicana.com\/portal\/#\/schema\/person\/a5cf1fea13877803ee0573ac18b03490"},"headline":"Al Horford ha dejado abiertas las puertas para un posible regreso con los Celtics, antes de finalizar su exitosa carrera en la NBA","datePublished":"2026-02-22T23:24:22+00:00","mainEntityOfPage":{"@id":"https:\/\/potenciaradiofonicadominicana.com\/portal\/al-horford-ha-dejado-abiertas-las-puertas-para-un-posible-regreso-con-los-celtics-antes-de-finalizar-su-exitosa-carrera-en-la-nba\/"},"wordCount":639,"publisher":{"@id":"https:\/\/potenciaradiofonicadominicana.com\/portal\/#organization"},"image":{"@id":"https:\/\/potenciaradiofonicadominicana.com\/portal\/al-horford-ha-dejado-abiertas-las-puertas-para-un-posible-regreso-con-los-celtics-antes-de-finalizar-su-exitosa-carrera-en-la-nba\/#primaryimage"},"thumbnailUrl":"https:\/\/potenciaradiofonicadominicana.com\/portal\/wp-content\/uploads\/2026\/02\/jue2-al-horford.jpg","articleSection":["Deportes"],"inLanguage":"es"},{"@type":"WebPage","@id":"https:\/\/potenciaradiofonicadominicana.com\/portal\/al-horford-ha-dejado-abiertas-las-puertas-para-un-posible-regreso-con-los-celtics-antes-de-finalizar-su-exitosa-carrera-en-la-nba\/","url":"https:\/\/potenciaradiofonicadominicana.com\/portal\/al-horford-ha-dejado-abiertas-las-puertas-para-un-posible-regreso-con-los-celtics-antes-de-finalizar-su-exitosa-carrera-en-la-nba\/","name":"Al Horford ha dejado abiertas las puertas para un posible regreso con los Celtics, antes de finalizar su exitosa carrera en la NBA - PotenciaRadiofonicaDominicana.com","isPartOf":{"@id":"https:\/\/potenciaradiofonicadominicana.com\/portal\/#website"},"primaryImageOfPage":{"@id":"https:\/\/potenciaradiofonicadominicana.com\/portal\/al-horford-ha-dejado-abiertas-las-puertas-para-un-posible-regreso-con-los-celtics-antes-de-finalizar-su-exitosa-carrera-en-la-nba\/#primaryimage"},"image":{"@id":"https:\/\/potenciaradiofonicadominicana.com\/portal\/al-horford-ha-dejado-abiertas-las-puertas-para-un-posible-regreso-con-los-celtics-antes-de-finalizar-su-exitosa-carrera-en-la-nba\/#primaryimage"},"thumbnailUrl":"https:\/\/potenciaradiofonicadominicana.com\/portal\/wp-content\/uploads\/2026\/02\/jue2-al-horford.jpg","datePublished":"2026-02-22T23:24:22+00:00","breadcrumb":{"@id":"https:\/\/potenciaradiofonicadominicana.com\/portal\/al-horford-ha-dejado-abiertas-las-puertas-para-un-posible-regreso-con-los-celtics-antes-de-finalizar-su-exitosa-carrera-en-la-nba\/#breadcrumb"},"inLanguage":"es","potentialAction":[{"@type":"ReadAction","target":["https:\/\/potenciaradiofonicadominicana.com\/portal\/al-horford-ha-dejado-abiertas-las-puertas-para-un-posible-regreso-con-los-celtics-antes-de-finalizar-su-exitosa-carrera-en-la-nba\/"]}]},{"@type":"ImageObject","inLanguage":"es","@id":"https:\/\/potenciaradiofonicadominicana.com\/portal\/al-horford-ha-dejado-abiertas-las-puertas-para-un-posible-regreso-con-los-celtics-antes-de-finalizar-su-exitosa-carrera-en-la-nba\/#primaryimage","url":"https:\/\/potenciaradiofonicadominicana.com\/portal\/wp-content\/uploads\/2026\/02\/jue2-al-horford.jpg","contentUrl":"https:\/\/potenciaradiofonicadominicana.com\/portal\/wp-content\/uploads\/2026\/02\/jue2-al-horford.jpg","width":1200,"height":675,"caption":"Apr 25, 2025; Orlando, Florida, USA; Boston Celtics center Al Horford (42) warms up before game three of first round for the 2024 NBA Playoffs against the Orlando Magic at Kia Center. Mandatory Credit: Mike Watters-Imagn Images"},{"@type":"BreadcrumbList","@id":"https:\/\/potenciaradiofonicadominicana.com\/portal\/al-horford-ha-dejado-abiertas-las-puertas-para-un-posible-regreso-con-los-celtics-antes-de-finalizar-su-exitosa-carrera-en-la-nba\/#breadcrumb","itemListElement":[{"@type":"ListItem","position":1,"name":"Portada","item":"https:\/\/potenciaradiofonicadominicana.com\/portal\/"},{"@type":"ListItem","position":2,"name":"Al Horford ha dejado abiertas las puertas para un posible regreso con los Celtics, antes de finalizar su exitosa carrera en la NBA"}]},{"@type":"WebSite","@id":"https:\/\/potenciaradiofonicadominicana.com\/portal\/#website","url":"https:\/\/potenciaradiofonicadominicana.com\/portal\/","name":"PotenciaRadiofonicaDominicana.com","description":"Peri\u00f3dico Digital","publisher":{"@id":"https:\/\/potenciaradiofonicadominicana.com\/portal\/#organization"},"potentialAction":[{"@type":"SearchAction","target":{"@type":"EntryPoint","urlTemplate":"https:\/\/potenciaradiofonicadominicana.com\/portal\/?s={search_term_string}"},"query-input":{"@type":"PropertyValueSpecification","valueRequired":true,"valueName":"search_term_string"}}],"inLanguage":"es"},{"@type":"Organization","@id":"https:\/\/potenciaradiofonicadominicana.com\/portal\/#organization","name":"PotenciaRadiofonicaDominicana.com","url":"https:\/\/potenciaradiofonicadominicana.com\/portal\/","logo":{"@type":"ImageObject","inLanguage":"es","@id":"https:\/\/potenciaradiofonicadominicana.com\/portal\/#\/schema\/logo\/image\/","url":"https:\/\/potenciaradiofonicadominicana.com\/portal\/wp-content\/uploads\/2022\/01\/descarga.png","contentUrl":"https:\/\/potenciaradiofonicadominicana.com\/portal\/wp-content\/uploads\/2022\/01\/descarga.png","width":300,"height":100,"caption":"PotenciaRadiofonicaDominicana.com"},"image":{"@id":"https:\/\/potenciaradiofonicadominicana.com\/portal\/#\/schema\/logo\/image\/"},"sameAs":["https:\/\/web.facebook.com\/PotenciaRadiofonicaD"]},{"@type":"Person","@id":"https:\/\/potenciaradiofonicadominicana.com\/portal\/#\/schema\/person\/a5cf1fea13877803ee0573ac18b03490","name":"Potencia Radiof\u00f3nica Dominicana","image":{"@type":"ImageObject","inLanguage":"es","@id":"https:\/\/potenciaradiofonicadominicana.com\/portal\/#\/schema\/person\/image\/","url":"https:\/\/secure.gravatar.com\/avatar\/42a55ab9e8ccc656ba34cd791990602a?s=96&d=mm&r=g","contentUrl":"https:\/\/secure.gravatar.com\/avatar\/42a55ab9e8ccc656ba34cd791990602a?s=96&d=mm&r=g","caption":"Potencia Radiof\u00f3nica Dominicana"},"url":"https:\/\/potenciaradiofonicadominicana.com\/portal\/author\/johannyalmanzar\/"}]}},"_links":{"self":[{"href":"https:\/\/potenciaradiofonicadominicana.com\/portal\/wp-json\/wp\/v2\/posts\/211948","targetHints":{"allow":["GET"]}}],"collection":[{"href":"https:\/\/potenciaradiofonicadominicana.com\/portal\/wp-json\/wp\/v2\/posts"}],"about":[{"href":"https:\/\/potenciaradiofonicadominicana.com\/portal\/wp-json\/wp\/v2\/types\/post"}],"author":[{"embeddable":true,"href":"https:\/\/potenciaradiofonicadominicana.com\/portal\/wp-json\/wp\/v2\/users\/2"}],"replies":[{"embeddable":true,"href":"https:\/\/potenciaradiofonicadominicana.com\/portal\/wp-json\/wp\/v2\/comments?post=211948"}],"version-history":[{"count":1,"href":"https:\/\/potenciaradiofonicadominicana.com\/portal\/wp-json\/wp\/v2\/posts\/211948\/revisions"}],"predecessor-version":[{"id":211950,"href":"https:\/\/potenciaradiofonicadominicana.com\/portal\/wp-json\/wp\/v2\/posts\/211948\/revisions\/211950"}],"wp:featuredmedia":[{"embeddable":true,"href":"https:\/\/potenciaradiofonicadominicana.com\/portal\/wp-json\/wp\/v2\/media\/211949"}],"wp:attachment":[{"href":"https:\/\/potenciaradiofonicadominicana.com\/portal\/wp-json\/wp\/v2\/media?parent=211948"}],"wp:term":[{"taxonomy":"category","embeddable":true,"href":"https:\/\/potenciaradiofonicadominicana.com\/portal\/wp-json\/wp\/v2\/categories?post=211948"},{"taxonomy":"post_tag","embeddable":true,"href":"https:\/\/potenciaradiofonicadominicana.com\/portal\/wp-json\/wp\/v2\/tags?post=211948"}],"curies":[{"name":"wp","href":"https:\/\/api.w.org\/{rel}","templated":true}]}}