{"id":211944,"date":"2026-02-22T19:22:04","date_gmt":"2026-02-22T23:22:04","guid":{"rendered":"https:\/\/potenciaradiofonicadominicana.com\/portal\/?p=211944"},"modified":"2026-02-22T19:22:04","modified_gmt":"2026-02-22T23:22:04","slug":"fedombal-anuncia-listado-de-24-baloncestistas-para-la-clasificatoria-del-mundial","status":"publish","type":"post","link":"https:\/\/potenciaradiofonicadominicana.com\/portal\/fedombal-anuncia-listado-de-24-baloncestistas-para-la-clasificatoria-del-mundial\/","title":{"rendered":"Fedombal anuncia listado de 24 baloncestistas para la Clasificatoria del Mundial"},"content":{"rendered":"<p><a href=\"https:\/\/potenciaradiofonicadominicana.com\/portal\/wp-content\/uploads\/2026\/02\/WhatsApp-Image-2026-02-17-at-3.53.33-PM.jpeg\"><img loading=\"lazy\" decoding=\"async\" class=\"alignnone size-full wp-image-211945\" src=\"https:\/\/potenciaradiofonicadominicana.com\/portal\/wp-content\/uploads\/2026\/02\/WhatsApp-Image-2026-02-17-at-3.53.33-PM.jpeg\" alt=\"\" width=\"1600\" height=\"980\" srcset=\"https:\/\/potenciaradiofonicadominicana.com\/portal\/wp-content\/uploads\/2026\/02\/WhatsApp-Image-2026-02-17-at-3.53.33-PM.jpeg 1600w, https:\/\/potenciaradiofonicadominicana.com\/portal\/wp-content\/uploads\/2026\/02\/WhatsApp-Image-2026-02-17-at-3.53.33-PM-300x184.jpeg 300w, https:\/\/potenciaradiofonicadominicana.com\/portal\/wp-content\/uploads\/2026\/02\/WhatsApp-Image-2026-02-17-at-3.53.33-PM-1024x627.jpeg 1024w, https:\/\/potenciaradiofonicadominicana.com\/portal\/wp-content\/uploads\/2026\/02\/WhatsApp-Image-2026-02-17-at-3.53.33-PM-768x470.jpeg 768w, https:\/\/potenciaradiofonicadominicana.com\/portal\/wp-content\/uploads\/2026\/02\/WhatsApp-Image-2026-02-17-at-3.53.33-PM-1536x941.jpeg 1536w, https:\/\/potenciaradiofonicadominicana.com\/portal\/wp-content\/uploads\/2026\/02\/WhatsApp-Image-2026-02-17-at-3.53.33-PM-165x100.jpeg 165w\" sizes=\"auto, (max-width: 1600px) 100vw, 1600px\" \/><\/a><\/p>\n<p>La Federaci\u00f3n Dominicana de Baloncesto (Fedombal) anunci\u00f3 este martes el listado de los 24 jugadores disponibles, de los cuales doce formar\u00e1n la plantilla oficial que afrontar\u00e1 un compromiso contra Estados Unidos y otro contra Nicaragua en la Segunda Ventana Clasificatoria para la Copa Mundial de Baloncesto de Catar 2027.<\/p>\n<p>En la lista que envi\u00f3 el presidente de la Fedombal, Rafael Uribe, a la Federaci\u00f3n Internacional de Baloncesto (FIBA), figuran Andr\u00e9s Feliz, Jean Montero, el ex NBA Chris Duarte, \u00c1ngel Luis Delgado, LJ Figueroa, Luis D. Montero, Omar Silverio, \u00c1ngel N\u00fa\u00f1ez y Juan Guerrero.<\/p>\n<p>Adem\u00e1s de, Joel Soriano, Anderson Garc\u00eda, Lester Qui\u00f1ones, Richard Bautista, Jonathan Bello, Gelvis Solano, Jonathan Ara\u00fajo, Justin Minaya, Luis Santos, Jhery Matos, Juan Miguel Suero, Rey Abad, Marques Townes, Jassel P\u00e9rez y Michael Torres, inform\u00f3 la Fedombal.<\/p>\n<p>De dicha lista, saldr\u00e1n los doce jugadores de la plantilla oficial que se enfrentar\u00e1 a Estados Unidos (2-0), el 26 de este mes, y a Nicaragua (0-2), el 1 de marzo, en la continuaci\u00f3n de la ronda de clasificaci\u00f3n del Grupo A.<\/p>\n<p>El encuentro contra Estados Unidos tendr\u00e1 lugar en la Arena Frontwave, en la ciudad Oceanside, del condado de San Diego, en el Estado de California.<\/p>\n<p>Mientras, el partido frente a Nicaragua del primero de marzo se realizar\u00e1 en el polideportivo Alexis Arg\u00fcello, en Managua.<\/p>\n<p>De clasificarse para la Copa Mundial de Baloncesto de Catar 2027, ser\u00eda la quinta vez que el combinado dominicano participara en la cita mundial\u00edstica, despu\u00e9s de: Filipinas 1978, Espa\u00f1a 2014, China 2019 e Indonesia, Jap\u00f3n y Filipinas 2023.<\/p>\n<p>Estas ventanas clasificatorias para la Copa Mundial de Baloncesto de Catar 2027, en las que participan 16 pa\u00edses americanos, disponen de siete plazas.<\/p>\n<p>Con los norteamericanos, los dominicanos tendr\u00e1n un partido en la Tercera Ventana, previsto para el viernes 3 de julio del 2026, el cual se har\u00e1, en el que se espera listo para la fecha, Palacio de los Deportes Virgilio Travieso Soto, en Santo Domingo.<\/p>\n<p>El grupo B lo conforman Canad\u00e1 y Jamaica, ambos con 2-0, Puerto Rico y Bahamas con 0-2; en el C est\u00e1n Brasil (2-0), Colombia (1-0), Chile (0-2) y Venezuela (0-1); y en el grupo D, Argentina y Uruguay registran marca de 2-0, Panam\u00e1 y Cuba con foja de 0-2.<\/p>\n<p>&nbsp;<\/p>\n","protected":false},"excerpt":{"rendered":"<p>La Federaci\u00f3n Dominicana de Baloncesto (Fedombal) anunci\u00f3 este martes el listado de los 24 jugadores disponibles, de los cuales doce &#8230;<\/p>\n","protected":false},"author":2,"featured_media":211945,"comment_status":"closed","ping_status":"closed","sticky":false,"template":"","format":"standard","meta":{"footnotes":""},"categories":[28],"tags":[],"class_list":["post-211944","post","type-post","status-publish","format-standard","has-post-thumbnail","hentry","category-deportes"],"yoast_head":"<!-- This site is optimized with the Yoast SEO plugin v24.8.1 - https:\/\/yoast.com\/wordpress\/plugins\/seo\/ -->\n<title>Fedombal anuncia listado de 24 baloncestistas para la Clasificatoria del Mundial - PotenciaRadiofonicaDominicana.com<\/title>\n<meta name=\"robots\" content=\"index, follow, max-snippet:-1, max-image-preview:large, max-video-preview:-1\" \/>\n<link rel=\"canonical\" href=\"https:\/\/potenciaradiofonicadominicana.com\/portal\/fedombal-anuncia-listado-de-24-baloncestistas-para-la-clasificatoria-del-mundial\/\" \/>\n<meta property=\"og:locale\" content=\"es_ES\" \/>\n<meta property=\"og:type\" content=\"article\" \/>\n<meta property=\"og:title\" content=\"Fedombal anuncia listado de 24 baloncestistas para la Clasificatoria del Mundial - PotenciaRadiofonicaDominicana.com\" \/>\n<meta property=\"og:description\" content=\"La Federaci\u00f3n Dominicana de Baloncesto (Fedombal) anunci\u00f3 este martes el listado de los 24 jugadores disponibles, de los cuales doce ...\" \/>\n<meta property=\"og:url\" content=\"https:\/\/potenciaradiofonicadominicana.com\/portal\/fedombal-anuncia-listado-de-24-baloncestistas-para-la-clasificatoria-del-mundial\/\" \/>\n<meta property=\"og:site_name\" content=\"PotenciaRadiofonicaDominicana.com\" \/>\n<meta property=\"article:publisher\" content=\"https:\/\/web.facebook.com\/PotenciaRadiofonicaD\" \/>\n<meta property=\"article:published_time\" content=\"2026-02-22T23:22:04+00:00\" \/>\n<meta property=\"og:image\" content=\"https:\/\/potenciaradiofonicadominicana.com\/portal\/wp-content\/uploads\/2026\/02\/WhatsApp-Image-2026-02-17-at-3.53.33-PM.jpeg\" \/>\n\t<meta property=\"og:image:width\" content=\"1600\" \/>\n\t<meta property=\"og:image:height\" content=\"980\" \/>\n\t<meta property=\"og:image:type\" content=\"image\/jpeg\" \/>\n<meta name=\"author\" content=\"Potencia Radiof\u00f3nica Dominicana\" \/>\n<meta name=\"twitter:card\" content=\"summary_large_image\" \/>\n<meta name=\"twitter:label1\" content=\"Escrito por\" \/>\n\t<meta name=\"twitter:data1\" content=\"Potencia Radiof\u00f3nica Dominicana\" \/>\n\t<meta name=\"twitter:label2\" content=\"Tiempo de lectura\" \/>\n\t<meta name=\"twitter:data2\" content=\"3 minutos\" \/>\n<script type=\"application\/ld+json\" class=\"yoast-schema-graph\">{\"@context\":\"https:\/\/schema.org\",\"@graph\":[{\"@type\":\"Article\",\"@id\":\"https:\/\/potenciaradiofonicadominicana.com\/portal\/fedombal-anuncia-listado-de-24-baloncestistas-para-la-clasificatoria-del-mundial\/#article\",\"isPartOf\":{\"@id\":\"https:\/\/potenciaradiofonicadominicana.com\/portal\/fedombal-anuncia-listado-de-24-baloncestistas-para-la-clasificatoria-del-mundial\/\"},\"author\":{\"name\":\"Potencia Radiof\u00f3nica Dominicana\",\"@id\":\"https:\/\/potenciaradiofonicadominicana.com\/portal\/#\/schema\/person\/a5cf1fea13877803ee0573ac18b03490\"},\"headline\":\"Fedombal anuncia listado de 24 baloncestistas para la Clasificatoria del Mundial\",\"datePublished\":\"2026-02-22T23:22:04+00:00\",\"mainEntityOfPage\":{\"@id\":\"https:\/\/potenciaradiofonicadominicana.com\/portal\/fedombal-anuncia-listado-de-24-baloncestistas-para-la-clasificatoria-del-mundial\/\"},\"wordCount\":390,\"publisher\":{\"@id\":\"https:\/\/potenciaradiofonicadominicana.com\/portal\/#organization\"},\"image\":{\"@id\":\"https:\/\/potenciaradiofonicadominicana.com\/portal\/fedombal-anuncia-listado-de-24-baloncestistas-para-la-clasificatoria-del-mundial\/#primaryimage\"},\"thumbnailUrl\":\"https:\/\/potenciaradiofonicadominicana.com\/portal\/wp-content\/uploads\/2026\/02\/WhatsApp-Image-2026-02-17-at-3.53.33-PM.jpeg\",\"articleSection\":[\"Deportes\"],\"inLanguage\":\"es\"},{\"@type\":\"WebPage\",\"@id\":\"https:\/\/potenciaradiofonicadominicana.com\/portal\/fedombal-anuncia-listado-de-24-baloncestistas-para-la-clasificatoria-del-mundial\/\",\"url\":\"https:\/\/potenciaradiofonicadominicana.com\/portal\/fedombal-anuncia-listado-de-24-baloncestistas-para-la-clasificatoria-del-mundial\/\",\"name\":\"Fedombal anuncia listado de 24 baloncestistas para la Clasificatoria del Mundial - PotenciaRadiofonicaDominicana.com\",\"isPartOf\":{\"@id\":\"https:\/\/potenciaradiofonicadominicana.com\/portal\/#website\"},\"primaryImageOfPage\":{\"@id\":\"https:\/\/potenciaradiofonicadominicana.com\/portal\/fedombal-anuncia-listado-de-24-baloncestistas-para-la-clasificatoria-del-mundial\/#primaryimage\"},\"image\":{\"@id\":\"https:\/\/potenciaradiofonicadominicana.com\/portal\/fedombal-anuncia-listado-de-24-baloncestistas-para-la-clasificatoria-del-mundial\/#primaryimage\"},\"thumbnailUrl\":\"https:\/\/potenciaradiofonicadominicana.com\/portal\/wp-content\/uploads\/2026\/02\/WhatsApp-Image-2026-02-17-at-3.53.33-PM.jpeg\",\"datePublished\":\"2026-02-22T23:22:04+00:00\",\"breadcrumb\":{\"@id\":\"https:\/\/potenciaradiofonicadominicana.com\/portal\/fedombal-anuncia-listado-de-24-baloncestistas-para-la-clasificatoria-del-mundial\/#breadcrumb\"},\"inLanguage\":\"es\",\"potentialAction\":[{\"@type\":\"ReadAction\",\"target\":[\"https:\/\/potenciaradiofonicadominicana.com\/portal\/fedombal-anuncia-listado-de-24-baloncestistas-para-la-clasificatoria-del-mundial\/\"]}]},{\"@type\":\"ImageObject\",\"inLanguage\":\"es\",\"@id\":\"https:\/\/potenciaradiofonicadominicana.com\/portal\/fedombal-anuncia-listado-de-24-baloncestistas-para-la-clasificatoria-del-mundial\/#primaryimage\",\"url\":\"https:\/\/potenciaradiofonicadominicana.com\/portal\/wp-content\/uploads\/2026\/02\/WhatsApp-Image-2026-02-17-at-3.53.33-PM.jpeg\",\"contentUrl\":\"https:\/\/potenciaradiofonicadominicana.com\/portal\/wp-content\/uploads\/2026\/02\/WhatsApp-Image-2026-02-17-at-3.53.33-PM.jpeg\",\"width\":1600,\"height\":980},{\"@type\":\"BreadcrumbList\",\"@id\":\"https:\/\/potenciaradiofonicadominicana.com\/portal\/fedombal-anuncia-listado-de-24-baloncestistas-para-la-clasificatoria-del-mundial\/#breadcrumb\",\"itemListElement\":[{\"@type\":\"ListItem\",\"position\":1,\"name\":\"Portada\",\"item\":\"https:\/\/potenciaradiofonicadominicana.com\/portal\/\"},{\"@type\":\"ListItem\",\"position\":2,\"name\":\"Fedombal anuncia listado de 24 baloncestistas para la Clasificatoria del Mundial\"}]},{\"@type\":\"WebSite\",\"@id\":\"https:\/\/potenciaradiofonicadominicana.com\/portal\/#website\",\"url\":\"https:\/\/potenciaradiofonicadominicana.com\/portal\/\",\"name\":\"PotenciaRadiofonicaDominicana.com\",\"description\":\"Peri\u00f3dico Digital\",\"publisher\":{\"@id\":\"https:\/\/potenciaradiofonicadominicana.com\/portal\/#organization\"},\"potentialAction\":[{\"@type\":\"SearchAction\",\"target\":{\"@type\":\"EntryPoint\",\"urlTemplate\":\"https:\/\/potenciaradiofonicadominicana.com\/portal\/?s={search_term_string}\"},\"query-input\":{\"@type\":\"PropertyValueSpecification\",\"valueRequired\":true,\"valueName\":\"search_term_string\"}}],\"inLanguage\":\"es\"},{\"@type\":\"Organization\",\"@id\":\"https:\/\/potenciaradiofonicadominicana.com\/portal\/#organization\",\"name\":\"PotenciaRadiofonicaDominicana.com\",\"url\":\"https:\/\/potenciaradiofonicadominicana.com\/portal\/\",\"logo\":{\"@type\":\"ImageObject\",\"inLanguage\":\"es\",\"@id\":\"https:\/\/potenciaradiofonicadominicana.com\/portal\/#\/schema\/logo\/image\/\",\"url\":\"https:\/\/potenciaradiofonicadominicana.com\/portal\/wp-content\/uploads\/2022\/01\/descarga.png\",\"contentUrl\":\"https:\/\/potenciaradiofonicadominicana.com\/portal\/wp-content\/uploads\/2022\/01\/descarga.png\",\"width\":300,\"height\":100,\"caption\":\"PotenciaRadiofonicaDominicana.com\"},\"image\":{\"@id\":\"https:\/\/potenciaradiofonicadominicana.com\/portal\/#\/schema\/logo\/image\/\"},\"sameAs\":[\"https:\/\/web.facebook.com\/PotenciaRadiofonicaD\"]},{\"@type\":\"Person\",\"@id\":\"https:\/\/potenciaradiofonicadominicana.com\/portal\/#\/schema\/person\/a5cf1fea13877803ee0573ac18b03490\",\"name\":\"Potencia Radiof\u00f3nica Dominicana\",\"image\":{\"@type\":\"ImageObject\",\"inLanguage\":\"es\",\"@id\":\"https:\/\/potenciaradiofonicadominicana.com\/portal\/#\/schema\/person\/image\/\",\"url\":\"https:\/\/secure.gravatar.com\/avatar\/42a55ab9e8ccc656ba34cd791990602a?s=96&d=mm&r=g\",\"contentUrl\":\"https:\/\/secure.gravatar.com\/avatar\/42a55ab9e8ccc656ba34cd791990602a?s=96&d=mm&r=g\",\"caption\":\"Potencia Radiof\u00f3nica Dominicana\"},\"url\":\"https:\/\/potenciaradiofonicadominicana.com\/portal\/author\/johannyalmanzar\/\"}]}<\/script>\n<!-- \/ Yoast SEO plugin. -->","yoast_head_json":{"title":"Fedombal anuncia listado de 24 baloncestistas para la Clasificatoria del Mundial - PotenciaRadiofonicaDominicana.com","robots":{"index":"index","follow":"follow","max-snippet":"max-snippet:-1","max-image-preview":"max-image-preview:large","max-video-preview":"max-video-preview:-1"},"canonical":"https:\/\/potenciaradiofonicadominicana.com\/portal\/fedombal-anuncia-listado-de-24-baloncestistas-para-la-clasificatoria-del-mundial\/","og_locale":"es_ES","og_type":"article","og_title":"Fedombal anuncia listado de 24 baloncestistas para la Clasificatoria del Mundial - PotenciaRadiofonicaDominicana.com","og_description":"La Federaci\u00f3n Dominicana de Baloncesto (Fedombal) anunci\u00f3 este martes el listado de los 24 jugadores disponibles, de los cuales doce ...","og_url":"https:\/\/potenciaradiofonicadominicana.com\/portal\/fedombal-anuncia-listado-de-24-baloncestistas-para-la-clasificatoria-del-mundial\/","og_site_name":"PotenciaRadiofonicaDominicana.com","article_publisher":"https:\/\/web.facebook.com\/PotenciaRadiofonicaD","article_published_time":"2026-02-22T23:22:04+00:00","og_image":[{"width":1600,"height":980,"url":"https:\/\/potenciaradiofonicadominicana.com\/portal\/wp-content\/uploads\/2026\/02\/WhatsApp-Image-2026-02-17-at-3.53.33-PM.jpeg","type":"image\/jpeg"}],"author":"Potencia Radiof\u00f3nica Dominicana","twitter_card":"summary_large_image","twitter_misc":{"Escrito por":"Potencia Radiof\u00f3nica Dominicana","Tiempo de lectura":"3 minutos"},"schema":{"@context":"https:\/\/schema.org","@graph":[{"@type":"Article","@id":"https:\/\/potenciaradiofonicadominicana.com\/portal\/fedombal-anuncia-listado-de-24-baloncestistas-para-la-clasificatoria-del-mundial\/#article","isPartOf":{"@id":"https:\/\/potenciaradiofonicadominicana.com\/portal\/fedombal-anuncia-listado-de-24-baloncestistas-para-la-clasificatoria-del-mundial\/"},"author":{"name":"Potencia Radiof\u00f3nica Dominicana","@id":"https:\/\/potenciaradiofonicadominicana.com\/portal\/#\/schema\/person\/a5cf1fea13877803ee0573ac18b03490"},"headline":"Fedombal anuncia listado de 24 baloncestistas para la Clasificatoria del Mundial","datePublished":"2026-02-22T23:22:04+00:00","mainEntityOfPage":{"@id":"https:\/\/potenciaradiofonicadominicana.com\/portal\/fedombal-anuncia-listado-de-24-baloncestistas-para-la-clasificatoria-del-mundial\/"},"wordCount":390,"publisher":{"@id":"https:\/\/potenciaradiofonicadominicana.com\/portal\/#organization"},"image":{"@id":"https:\/\/potenciaradiofonicadominicana.com\/portal\/fedombal-anuncia-listado-de-24-baloncestistas-para-la-clasificatoria-del-mundial\/#primaryimage"},"thumbnailUrl":"https:\/\/potenciaradiofonicadominicana.com\/portal\/wp-content\/uploads\/2026\/02\/WhatsApp-Image-2026-02-17-at-3.53.33-PM.jpeg","articleSection":["Deportes"],"inLanguage":"es"},{"@type":"WebPage","@id":"https:\/\/potenciaradiofonicadominicana.com\/portal\/fedombal-anuncia-listado-de-24-baloncestistas-para-la-clasificatoria-del-mundial\/","url":"https:\/\/potenciaradiofonicadominicana.com\/portal\/fedombal-anuncia-listado-de-24-baloncestistas-para-la-clasificatoria-del-mundial\/","name":"Fedombal anuncia listado de 24 baloncestistas para la Clasificatoria del Mundial - PotenciaRadiofonicaDominicana.com","isPartOf":{"@id":"https:\/\/potenciaradiofonicadominicana.com\/portal\/#website"},"primaryImageOfPage":{"@id":"https:\/\/potenciaradiofonicadominicana.com\/portal\/fedombal-anuncia-listado-de-24-baloncestistas-para-la-clasificatoria-del-mundial\/#primaryimage"},"image":{"@id":"https:\/\/potenciaradiofonicadominicana.com\/portal\/fedombal-anuncia-listado-de-24-baloncestistas-para-la-clasificatoria-del-mundial\/#primaryimage"},"thumbnailUrl":"https:\/\/potenciaradiofonicadominicana.com\/portal\/wp-content\/uploads\/2026\/02\/WhatsApp-Image-2026-02-17-at-3.53.33-PM.jpeg","datePublished":"2026-02-22T23:22:04+00:00","breadcrumb":{"@id":"https:\/\/potenciaradiofonicadominicana.com\/portal\/fedombal-anuncia-listado-de-24-baloncestistas-para-la-clasificatoria-del-mundial\/#breadcrumb"},"inLanguage":"es","potentialAction":[{"@type":"ReadAction","target":["https:\/\/potenciaradiofonicadominicana.com\/portal\/fedombal-anuncia-listado-de-24-baloncestistas-para-la-clasificatoria-del-mundial\/"]}]},{"@type":"ImageObject","inLanguage":"es","@id":"https:\/\/potenciaradiofonicadominicana.com\/portal\/fedombal-anuncia-listado-de-24-baloncestistas-para-la-clasificatoria-del-mundial\/#primaryimage","url":"https:\/\/potenciaradiofonicadominicana.com\/portal\/wp-content\/uploads\/2026\/02\/WhatsApp-Image-2026-02-17-at-3.53.33-PM.jpeg","contentUrl":"https:\/\/potenciaradiofonicadominicana.com\/portal\/wp-content\/uploads\/2026\/02\/WhatsApp-Image-2026-02-17-at-3.53.33-PM.jpeg","width":1600,"height":980},{"@type":"BreadcrumbList","@id":"https:\/\/potenciaradiofonicadominicana.com\/portal\/fedombal-anuncia-listado-de-24-baloncestistas-para-la-clasificatoria-del-mundial\/#breadcrumb","itemListElement":[{"@type":"ListItem","position":1,"name":"Portada","item":"https:\/\/potenciaradiofonicadominicana.com\/portal\/"},{"@type":"ListItem","position":2,"name":"Fedombal anuncia listado de 24 baloncestistas para la Clasificatoria del Mundial"}]},{"@type":"WebSite","@id":"https:\/\/potenciaradiofonicadominicana.com\/portal\/#website","url":"https:\/\/potenciaradiofonicadominicana.com\/portal\/","name":"PotenciaRadiofonicaDominicana.com","description":"Peri\u00f3dico Digital","publisher":{"@id":"https:\/\/potenciaradiofonicadominicana.com\/portal\/#organization"},"potentialAction":[{"@type":"SearchAction","target":{"@type":"EntryPoint","urlTemplate":"https:\/\/potenciaradiofonicadominicana.com\/portal\/?s={search_term_string}"},"query-input":{"@type":"PropertyValueSpecification","valueRequired":true,"valueName":"search_term_string"}}],"inLanguage":"es"},{"@type":"Organization","@id":"https:\/\/potenciaradiofonicadominicana.com\/portal\/#organization","name":"PotenciaRadiofonicaDominicana.com","url":"https:\/\/potenciaradiofonicadominicana.com\/portal\/","logo":{"@type":"ImageObject","inLanguage":"es","@id":"https:\/\/potenciaradiofonicadominicana.com\/portal\/#\/schema\/logo\/image\/","url":"https:\/\/potenciaradiofonicadominicana.com\/portal\/wp-content\/uploads\/2022\/01\/descarga.png","contentUrl":"https:\/\/potenciaradiofonicadominicana.com\/portal\/wp-content\/uploads\/2022\/01\/descarga.png","width":300,"height":100,"caption":"PotenciaRadiofonicaDominicana.com"},"image":{"@id":"https:\/\/potenciaradiofonicadominicana.com\/portal\/#\/schema\/logo\/image\/"},"sameAs":["https:\/\/web.facebook.com\/PotenciaRadiofonicaD"]},{"@type":"Person","@id":"https:\/\/potenciaradiofonicadominicana.com\/portal\/#\/schema\/person\/a5cf1fea13877803ee0573ac18b03490","name":"Potencia Radiof\u00f3nica Dominicana","image":{"@type":"ImageObject","inLanguage":"es","@id":"https:\/\/potenciaradiofonicadominicana.com\/portal\/#\/schema\/person\/image\/","url":"https:\/\/secure.gravatar.com\/avatar\/42a55ab9e8ccc656ba34cd791990602a?s=96&d=mm&r=g","contentUrl":"https:\/\/secure.gravatar.com\/avatar\/42a55ab9e8ccc656ba34cd791990602a?s=96&d=mm&r=g","caption":"Potencia Radiof\u00f3nica Dominicana"},"url":"https:\/\/potenciaradiofonicadominicana.com\/portal\/author\/johannyalmanzar\/"}]}},"_links":{"self":[{"href":"https:\/\/potenciaradiofonicadominicana.com\/portal\/wp-json\/wp\/v2\/posts\/211944","targetHints":{"allow":["GET"]}}],"collection":[{"href":"https:\/\/potenciaradiofonicadominicana.com\/portal\/wp-json\/wp\/v2\/posts"}],"about":[{"href":"https:\/\/potenciaradiofonicadominicana.com\/portal\/wp-json\/wp\/v2\/types\/post"}],"author":[{"embeddable":true,"href":"https:\/\/potenciaradiofonicadominicana.com\/portal\/wp-json\/wp\/v2\/users\/2"}],"replies":[{"embeddable":true,"href":"https:\/\/potenciaradiofonicadominicana.com\/portal\/wp-json\/wp\/v2\/comments?post=211944"}],"version-history":[{"count":1,"href":"https:\/\/potenciaradiofonicadominicana.com\/portal\/wp-json\/wp\/v2\/posts\/211944\/revisions"}],"predecessor-version":[{"id":211946,"href":"https:\/\/potenciaradiofonicadominicana.com\/portal\/wp-json\/wp\/v2\/posts\/211944\/revisions\/211946"}],"wp:featuredmedia":[{"embeddable":true,"href":"https:\/\/potenciaradiofonicadominicana.com\/portal\/wp-json\/wp\/v2\/media\/211945"}],"wp:attachment":[{"href":"https:\/\/potenciaradiofonicadominicana.com\/portal\/wp-json\/wp\/v2\/media?parent=211944"}],"wp:term":[{"taxonomy":"category","embeddable":true,"href":"https:\/\/potenciaradiofonicadominicana.com\/portal\/wp-json\/wp\/v2\/categories?post=211944"},{"taxonomy":"post_tag","embeddable":true,"href":"https:\/\/potenciaradiofonicadominicana.com\/portal\/wp-json\/wp\/v2\/tags?post=211944"}],"curies":[{"name":"wp","href":"https:\/\/api.w.org\/{rel}","templated":true}]}}