{"id":211938,"date":"2026-02-22T19:18:58","date_gmt":"2026-02-22T23:18:58","guid":{"rendered":"https:\/\/potenciaradiofonicadominicana.com\/portal\/?p=211938"},"modified":"2026-02-22T19:23:12","modified_gmt":"2026-02-22T23:23:12","slug":"rocio-crooke-espiritu-santo","status":"publish","type":"post","link":"https:\/\/potenciaradiofonicadominicana.com\/portal\/rocio-crooke-espiritu-santo\/","title":{"rendered":"Ketel Marte trabaj\u00f3 para ganar el primer Guante de Oro de su carrera"},"content":{"rendered":"<p><a href=\"https:\/\/potenciaradiofonicadominicana.com\/portal\/wp-content\/uploads\/2026\/02\/1718302176496.jpg\"><img loading=\"lazy\" decoding=\"async\" class=\"alignnone size-full wp-image-211939\" src=\"https:\/\/potenciaradiofonicadominicana.com\/portal\/wp-content\/uploads\/2026\/02\/1718302176496.jpg\" alt=\"\" width=\"1500\" height=\"1000\" srcset=\"https:\/\/potenciaradiofonicadominicana.com\/portal\/wp-content\/uploads\/2026\/02\/1718302176496.jpg 1500w, https:\/\/potenciaradiofonicadominicana.com\/portal\/wp-content\/uploads\/2026\/02\/1718302176496-300x200.jpg 300w, https:\/\/potenciaradiofonicadominicana.com\/portal\/wp-content\/uploads\/2026\/02\/1718302176496-1024x683.jpg 1024w, https:\/\/potenciaradiofonicadominicana.com\/portal\/wp-content\/uploads\/2026\/02\/1718302176496-768x512.jpg 768w\" sizes=\"auto, (max-width: 1500px) 100vw, 1500px\" \/><\/a><\/p>\n<p>El dominicano Ketel Marte, de Arizona, es considerado el mejor segunda base de Grandes Ligas, sin embargo, nunca ha ganado un Guante de Oro.<\/p>\n<p>Marte ha obtenido dos Bates de Plata consecutivos en la intermedia en 2024 y 2025 y ahora se enfoca en el Guante de Oro, asegurando que trabajo bastante en la temporada muerta para lograr ese objetivo. \u201cHe estado trabajando en mi defensa. Necesito un Guante de Oro\u201d, dijo Marte. \u201cNolan Arenado me va a ayudar a ganar el Guante de Oro, y vamos a ser mejores con Nolan en la cancha. Nuestro cuadro interior va a ser mejor, sin duda\u201d.<\/p>\n<p>Arenado tiene 10 de ellos, por lo que es un mentor cualificado para cualquier defensor del cuadro interior.<br \/>\nMarte ha estado cerca en el pasado, especialmente en 2024, cuando fue finalista con 10 carreras salvadas por la defensa y ocho outs por encima del promedio. Brice Turang de Milwaukee lo gan\u00f3 ese a\u00f1o.<br \/>\nLas m\u00e9tricas de Marte cayeron el a\u00f1o pasado a una DRS y una OAA, ya que la defensa del cuadro interior en general dio un paso atr\u00e1s. Los D-backs esperan que un entrenamiento m\u00e1s intenso esta primavera d\u00e9 sus frutos cuando los juegos cuenten.<\/p>\n<p>Tras una pretemporada en la que Marte estuvo en el centro de los rumores de intercambio en las Grandes Ligas, los Diamondbacks cerraron la puerta a cualquier acuerdo que implicara la permanencia de Marte en Arizona.<\/p>\n<p>Marte, se reuni\u00f3 con el gerente general Mike Hazen en una cena antes de los entrenamientos de primavera para asegurarse de que estuvieran en sinton\u00eda.<\/p>\n<p>El m\u00e1nager Torey Lovullo le declar\u00f3 recientemente a Bickley &amp; Marotta, de Arizona Sports, que Marte estaba \u00abun poco afectado\u00bb por las negociaciones del intercambio, pero el segunda base siente que est\u00e1 en una excelente posici\u00f3n al regresar al campamento para su d\u00e9cimo a\u00f1o en el Valle.<\/p>\n<p>\u201cFue una temporada baja dif\u00edcil, pero me alegra estar aqu\u00ed con mis compa\u00f1eros. Me quieren y yo los quiero\u201d, dijo Marte, a trav\u00e9s del int\u00e9rprete de espa\u00f1ol Alex Arpiza.<\/p>\n<p>Al reunirse con Hazen, Marte agreg\u00f3: \u201cMe sent\u00ed bien al recibir esa invitaci\u00f3n y poder aclarar las cosas. Hab\u00eda algunas noticias, cosas que no pude controlar y con las que no estaba muy contento, pero fue bueno poder aclarar las cosas en esa cena\u201d.<\/p>\n<p>Hazen dijo que se disculp\u00f3 no por hacer su trabajo, sino porque la presencia de Marte en el campo era tan p\u00fablica.<\/p>\n<p>Marte se present\u00f3 temprano al campamento y recibi\u00f3 el primer turno al bate de la Liga de Cactus para los D-backs el viernes. Se prepara para jugar con la Rep\u00fablica Dominicana en el Cl\u00e1sico Mundial de B\u00e9isbol, por lo que tendr\u00e1 que abandonar el campamento el pr\u00f3ximo fin de semana.<\/p>\n<p>Su hijo, Keyden, ha estado por todo el campo haciendo jugadas con los jugadores de Grandes Ligas, algo que Marte, seg\u00fan \u00e9l, \u201clleva en la sangre\u201d.<\/p>\n<p>Lovullo afirm\u00f3 que Marte ha estado bien despu\u00e9s de que \u00abtodo se descontrolara\u00bb una vez que se abri\u00f3 la caja de Pandora y se supo que era alcanzable.<\/p>\n<p>El socio gerente general Ken Kendrick declar\u00f3 a Burns &amp; Gambo, de Arizona Sports, que el club ten\u00eda la obligaci\u00f3n de escuchar las ofertas, pero sostuvo que era muy probable que Marte regresara.<\/p>\n<p>\u00abEs un gigante amable, as\u00ed que debemos asegurarnos de seguir cultivando esta relaci\u00f3n con \u00e9l y de que se d\u00e9 cuenta de lo importante que es para esta organizaci\u00f3n, esta comunidad, esta ciudad y este estado\u00bb, dijo Lovullo.<\/p>\n<p>En cuanto a la bien documentada controversia sobre la ausencia de tiempo de juego la temporada pasada, una situaci\u00f3n por la que Kendrick dijo que Marte actu\u00f3 \u00abcon menos madurez de la que hubiera deseado\u00bb, se ha descrito como una experiencia de aprendizaje. Marte se disculp\u00f3 por la ausencia de tiempo cerca del receso del Juego de las Estrellas, y el club quer\u00eda seguir adelante.<\/p>\n<p>El campocorto Geraldo Perdomo dijo que intent\u00f3 apagar un \u00abgran incendio\u00bb en el vestuario cuando surgieron informes de que Marte hab\u00eda causado problemas en la organizaci\u00f3n, interrumpiendo una conferencia de prensa de Lovullo posterior al partido para defender a Marte ante los medios.<\/p>\n<p>\u00abEs una experiencia de aprendizaje\u00bb, declar\u00f3 Perdomo a Bickley &amp; Marotta. \u00abComo dije, probablemente no hayamos visto algo as\u00ed antes, pero seguimos adelante y \u00e9l est\u00e1 feliz ahora mismo\u2026 En ese momento, simplemente quise dejar todo de lado porque est\u00e1bamos jugando un b\u00e9isbol realmente bueno. Generan un gran incendio en el vestuario\u2026 No es nada personal. Es solo que vinimos aqu\u00ed a ganar\u00bb.<\/p>\n<p>Hazen coment\u00f3 que en el vestuario ocurren muchas cosas que nunca se revelan, y que una parte fundamental del trabajo del m\u00e1nager es gestionar ese ambiente. No se mencion\u00f3 ning\u00fan cambio espec\u00edfico.<\/p>\n<p>\u00abHay un proceso de toma de decisiones, y eso es importante, pero preparar a estos chicos para jugar juntos durante 183 d\u00edas seguidos\u2026 todo eso forma parte del trabajo del m\u00e1nager\u00bb, dijo Hazen. \u00abHay mucho en juego para nosotros, y (Marte) es un gran jugador de b\u00e9isbol y tenemos la suerte de tener grandes jugadores en este equipo\u00bb.<\/p>\n","protected":false},"excerpt":{"rendered":"<p>El dominicano Ketel Marte, de Arizona, es considerado el mejor segunda base de Grandes Ligas, sin embargo, nunca ha ganado &#8230;<\/p>\n","protected":false},"author":2,"featured_media":211939,"comment_status":"closed","ping_status":"closed","sticky":false,"template":"","format":"standard","meta":{"footnotes":""},"categories":[28],"tags":[],"class_list":["post-211938","post","type-post","status-publish","format-standard","has-post-thumbnail","hentry","category-deportes"],"yoast_head":"<!-- This site is optimized with the Yoast SEO plugin v24.8.1 - https:\/\/yoast.com\/wordpress\/plugins\/seo\/ -->\n<title>Ketel Marte trabaj\u00f3 para ganar el primer Guante de Oro de su carrera - PotenciaRadiofonicaDominicana.com<\/title>\n<meta name=\"robots\" content=\"index, follow, max-snippet:-1, max-image-preview:large, max-video-preview:-1\" \/>\n<link rel=\"canonical\" href=\"https:\/\/potenciaradiofonicadominicana.com\/portal\/rocio-crooke-espiritu-santo\/\" \/>\n<meta property=\"og:locale\" content=\"es_ES\" \/>\n<meta property=\"og:type\" content=\"article\" \/>\n<meta property=\"og:title\" content=\"Ketel Marte trabaj\u00f3 para ganar el primer Guante de Oro de su carrera - PotenciaRadiofonicaDominicana.com\" \/>\n<meta property=\"og:description\" content=\"El dominicano Ketel Marte, de Arizona, es considerado el mejor segunda base de Grandes Ligas, sin embargo, nunca ha ganado ...\" \/>\n<meta property=\"og:url\" content=\"https:\/\/potenciaradiofonicadominicana.com\/portal\/rocio-crooke-espiritu-santo\/\" \/>\n<meta property=\"og:site_name\" content=\"PotenciaRadiofonicaDominicana.com\" \/>\n<meta property=\"article:publisher\" content=\"https:\/\/web.facebook.com\/PotenciaRadiofonicaD\" \/>\n<meta property=\"article:published_time\" content=\"2026-02-22T23:18:58+00:00\" \/>\n<meta property=\"article:modified_time\" content=\"2026-02-22T23:23:12+00:00\" \/>\n<meta property=\"og:image\" content=\"https:\/\/potenciaradiofonicadominicana.com\/portal\/wp-content\/uploads\/2026\/02\/1718302176496.jpg\" \/>\n\t<meta property=\"og:image:width\" content=\"1500\" \/>\n\t<meta property=\"og:image:height\" content=\"1000\" \/>\n\t<meta property=\"og:image:type\" content=\"image\/jpeg\" \/>\n<meta name=\"author\" content=\"Potencia Radiof\u00f3nica Dominicana\" \/>\n<meta name=\"twitter:card\" content=\"summary_large_image\" \/>\n<meta name=\"twitter:label1\" content=\"Escrito por\" \/>\n\t<meta name=\"twitter:data1\" content=\"Potencia Radiof\u00f3nica Dominicana\" \/>\n\t<meta name=\"twitter:label2\" content=\"Tiempo de lectura\" \/>\n\t<meta name=\"twitter:data2\" content=\"5 minutos\" \/>\n<script type=\"application\/ld+json\" class=\"yoast-schema-graph\">{\"@context\":\"https:\/\/schema.org\",\"@graph\":[{\"@type\":\"Article\",\"@id\":\"https:\/\/potenciaradiofonicadominicana.com\/portal\/rocio-crooke-espiritu-santo\/#article\",\"isPartOf\":{\"@id\":\"https:\/\/potenciaradiofonicadominicana.com\/portal\/rocio-crooke-espiritu-santo\/\"},\"author\":{\"name\":\"Potencia Radiof\u00f3nica Dominicana\",\"@id\":\"https:\/\/potenciaradiofonicadominicana.com\/portal\/#\/schema\/person\/a5cf1fea13877803ee0573ac18b03490\"},\"headline\":\"Ketel Marte trabaj\u00f3 para ganar el primer Guante de Oro de su carrera\",\"datePublished\":\"2026-02-22T23:18:58+00:00\",\"dateModified\":\"2026-02-22T23:23:12+00:00\",\"mainEntityOfPage\":{\"@id\":\"https:\/\/potenciaradiofonicadominicana.com\/portal\/rocio-crooke-espiritu-santo\/\"},\"wordCount\":887,\"publisher\":{\"@id\":\"https:\/\/potenciaradiofonicadominicana.com\/portal\/#organization\"},\"image\":{\"@id\":\"https:\/\/potenciaradiofonicadominicana.com\/portal\/rocio-crooke-espiritu-santo\/#primaryimage\"},\"thumbnailUrl\":\"https:\/\/potenciaradiofonicadominicana.com\/portal\/wp-content\/uploads\/2026\/02\/1718302176496.jpg\",\"articleSection\":[\"Deportes\"],\"inLanguage\":\"es\"},{\"@type\":\"WebPage\",\"@id\":\"https:\/\/potenciaradiofonicadominicana.com\/portal\/rocio-crooke-espiritu-santo\/\",\"url\":\"https:\/\/potenciaradiofonicadominicana.com\/portal\/rocio-crooke-espiritu-santo\/\",\"name\":\"Ketel Marte trabaj\u00f3 para ganar el primer Guante de Oro de su carrera - PotenciaRadiofonicaDominicana.com\",\"isPartOf\":{\"@id\":\"https:\/\/potenciaradiofonicadominicana.com\/portal\/#website\"},\"primaryImageOfPage\":{\"@id\":\"https:\/\/potenciaradiofonicadominicana.com\/portal\/rocio-crooke-espiritu-santo\/#primaryimage\"},\"image\":{\"@id\":\"https:\/\/potenciaradiofonicadominicana.com\/portal\/rocio-crooke-espiritu-santo\/#primaryimage\"},\"thumbnailUrl\":\"https:\/\/potenciaradiofonicadominicana.com\/portal\/wp-content\/uploads\/2026\/02\/1718302176496.jpg\",\"datePublished\":\"2026-02-22T23:18:58+00:00\",\"dateModified\":\"2026-02-22T23:23:12+00:00\",\"breadcrumb\":{\"@id\":\"https:\/\/potenciaradiofonicadominicana.com\/portal\/rocio-crooke-espiritu-santo\/#breadcrumb\"},\"inLanguage\":\"es\",\"potentialAction\":[{\"@type\":\"ReadAction\",\"target\":[\"https:\/\/potenciaradiofonicadominicana.com\/portal\/rocio-crooke-espiritu-santo\/\"]}]},{\"@type\":\"ImageObject\",\"inLanguage\":\"es\",\"@id\":\"https:\/\/potenciaradiofonicadominicana.com\/portal\/rocio-crooke-espiritu-santo\/#primaryimage\",\"url\":\"https:\/\/potenciaradiofonicadominicana.com\/portal\/wp-content\/uploads\/2026\/02\/1718302176496.jpg\",\"contentUrl\":\"https:\/\/potenciaradiofonicadominicana.com\/portal\/wp-content\/uploads\/2026\/02\/1718302176496.jpg\",\"width\":1500,\"height\":1000},{\"@type\":\"BreadcrumbList\",\"@id\":\"https:\/\/potenciaradiofonicadominicana.com\/portal\/rocio-crooke-espiritu-santo\/#breadcrumb\",\"itemListElement\":[{\"@type\":\"ListItem\",\"position\":1,\"name\":\"Portada\",\"item\":\"https:\/\/potenciaradiofonicadominicana.com\/portal\/\"},{\"@type\":\"ListItem\",\"position\":2,\"name\":\"Ketel Marte trabaj\u00f3 para ganar el primer Guante de Oro de su carrera\"}]},{\"@type\":\"WebSite\",\"@id\":\"https:\/\/potenciaradiofonicadominicana.com\/portal\/#website\",\"url\":\"https:\/\/potenciaradiofonicadominicana.com\/portal\/\",\"name\":\"PotenciaRadiofonicaDominicana.com\",\"description\":\"Peri\u00f3dico Digital\",\"publisher\":{\"@id\":\"https:\/\/potenciaradiofonicadominicana.com\/portal\/#organization\"},\"potentialAction\":[{\"@type\":\"SearchAction\",\"target\":{\"@type\":\"EntryPoint\",\"urlTemplate\":\"https:\/\/potenciaradiofonicadominicana.com\/portal\/?s={search_term_string}\"},\"query-input\":{\"@type\":\"PropertyValueSpecification\",\"valueRequired\":true,\"valueName\":\"search_term_string\"}}],\"inLanguage\":\"es\"},{\"@type\":\"Organization\",\"@id\":\"https:\/\/potenciaradiofonicadominicana.com\/portal\/#organization\",\"name\":\"PotenciaRadiofonicaDominicana.com\",\"url\":\"https:\/\/potenciaradiofonicadominicana.com\/portal\/\",\"logo\":{\"@type\":\"ImageObject\",\"inLanguage\":\"es\",\"@id\":\"https:\/\/potenciaradiofonicadominicana.com\/portal\/#\/schema\/logo\/image\/\",\"url\":\"https:\/\/potenciaradiofonicadominicana.com\/portal\/wp-content\/uploads\/2022\/01\/descarga.png\",\"contentUrl\":\"https:\/\/potenciaradiofonicadominicana.com\/portal\/wp-content\/uploads\/2022\/01\/descarga.png\",\"width\":300,\"height\":100,\"caption\":\"PotenciaRadiofonicaDominicana.com\"},\"image\":{\"@id\":\"https:\/\/potenciaradiofonicadominicana.com\/portal\/#\/schema\/logo\/image\/\"},\"sameAs\":[\"https:\/\/web.facebook.com\/PotenciaRadiofonicaD\"]},{\"@type\":\"Person\",\"@id\":\"https:\/\/potenciaradiofonicadominicana.com\/portal\/#\/schema\/person\/a5cf1fea13877803ee0573ac18b03490\",\"name\":\"Potencia Radiof\u00f3nica Dominicana\",\"image\":{\"@type\":\"ImageObject\",\"inLanguage\":\"es\",\"@id\":\"https:\/\/potenciaradiofonicadominicana.com\/portal\/#\/schema\/person\/image\/\",\"url\":\"https:\/\/secure.gravatar.com\/avatar\/42a55ab9e8ccc656ba34cd791990602a?s=96&d=mm&r=g\",\"contentUrl\":\"https:\/\/secure.gravatar.com\/avatar\/42a55ab9e8ccc656ba34cd791990602a?s=96&d=mm&r=g\",\"caption\":\"Potencia Radiof\u00f3nica Dominicana\"},\"url\":\"https:\/\/potenciaradiofonicadominicana.com\/portal\/author\/johannyalmanzar\/\"}]}<\/script>\n<!-- \/ Yoast SEO plugin. -->","yoast_head_json":{"title":"Ketel Marte trabaj\u00f3 para ganar el primer Guante de Oro de su carrera - PotenciaRadiofonicaDominicana.com","robots":{"index":"index","follow":"follow","max-snippet":"max-snippet:-1","max-image-preview":"max-image-preview:large","max-video-preview":"max-video-preview:-1"},"canonical":"https:\/\/potenciaradiofonicadominicana.com\/portal\/rocio-crooke-espiritu-santo\/","og_locale":"es_ES","og_type":"article","og_title":"Ketel Marte trabaj\u00f3 para ganar el primer Guante de Oro de su carrera - PotenciaRadiofonicaDominicana.com","og_description":"El dominicano Ketel Marte, de Arizona, es considerado el mejor segunda base de Grandes Ligas, sin embargo, nunca ha ganado ...","og_url":"https:\/\/potenciaradiofonicadominicana.com\/portal\/rocio-crooke-espiritu-santo\/","og_site_name":"PotenciaRadiofonicaDominicana.com","article_publisher":"https:\/\/web.facebook.com\/PotenciaRadiofonicaD","article_published_time":"2026-02-22T23:18:58+00:00","article_modified_time":"2026-02-22T23:23:12+00:00","og_image":[{"width":1500,"height":1000,"url":"https:\/\/potenciaradiofonicadominicana.com\/portal\/wp-content\/uploads\/2026\/02\/1718302176496.jpg","type":"image\/jpeg"}],"author":"Potencia Radiof\u00f3nica Dominicana","twitter_card":"summary_large_image","twitter_misc":{"Escrito por":"Potencia Radiof\u00f3nica Dominicana","Tiempo de lectura":"5 minutos"},"schema":{"@context":"https:\/\/schema.org","@graph":[{"@type":"Article","@id":"https:\/\/potenciaradiofonicadominicana.com\/portal\/rocio-crooke-espiritu-santo\/#article","isPartOf":{"@id":"https:\/\/potenciaradiofonicadominicana.com\/portal\/rocio-crooke-espiritu-santo\/"},"author":{"name":"Potencia Radiof\u00f3nica Dominicana","@id":"https:\/\/potenciaradiofonicadominicana.com\/portal\/#\/schema\/person\/a5cf1fea13877803ee0573ac18b03490"},"headline":"Ketel Marte trabaj\u00f3 para ganar el primer Guante de Oro de su carrera","datePublished":"2026-02-22T23:18:58+00:00","dateModified":"2026-02-22T23:23:12+00:00","mainEntityOfPage":{"@id":"https:\/\/potenciaradiofonicadominicana.com\/portal\/rocio-crooke-espiritu-santo\/"},"wordCount":887,"publisher":{"@id":"https:\/\/potenciaradiofonicadominicana.com\/portal\/#organization"},"image":{"@id":"https:\/\/potenciaradiofonicadominicana.com\/portal\/rocio-crooke-espiritu-santo\/#primaryimage"},"thumbnailUrl":"https:\/\/potenciaradiofonicadominicana.com\/portal\/wp-content\/uploads\/2026\/02\/1718302176496.jpg","articleSection":["Deportes"],"inLanguage":"es"},{"@type":"WebPage","@id":"https:\/\/potenciaradiofonicadominicana.com\/portal\/rocio-crooke-espiritu-santo\/","url":"https:\/\/potenciaradiofonicadominicana.com\/portal\/rocio-crooke-espiritu-santo\/","name":"Ketel Marte trabaj\u00f3 para ganar el primer Guante de Oro de su carrera - PotenciaRadiofonicaDominicana.com","isPartOf":{"@id":"https:\/\/potenciaradiofonicadominicana.com\/portal\/#website"},"primaryImageOfPage":{"@id":"https:\/\/potenciaradiofonicadominicana.com\/portal\/rocio-crooke-espiritu-santo\/#primaryimage"},"image":{"@id":"https:\/\/potenciaradiofonicadominicana.com\/portal\/rocio-crooke-espiritu-santo\/#primaryimage"},"thumbnailUrl":"https:\/\/potenciaradiofonicadominicana.com\/portal\/wp-content\/uploads\/2026\/02\/1718302176496.jpg","datePublished":"2026-02-22T23:18:58+00:00","dateModified":"2026-02-22T23:23:12+00:00","breadcrumb":{"@id":"https:\/\/potenciaradiofonicadominicana.com\/portal\/rocio-crooke-espiritu-santo\/#breadcrumb"},"inLanguage":"es","potentialAction":[{"@type":"ReadAction","target":["https:\/\/potenciaradiofonicadominicana.com\/portal\/rocio-crooke-espiritu-santo\/"]}]},{"@type":"ImageObject","inLanguage":"es","@id":"https:\/\/potenciaradiofonicadominicana.com\/portal\/rocio-crooke-espiritu-santo\/#primaryimage","url":"https:\/\/potenciaradiofonicadominicana.com\/portal\/wp-content\/uploads\/2026\/02\/1718302176496.jpg","contentUrl":"https:\/\/potenciaradiofonicadominicana.com\/portal\/wp-content\/uploads\/2026\/02\/1718302176496.jpg","width":1500,"height":1000},{"@type":"BreadcrumbList","@id":"https:\/\/potenciaradiofonicadominicana.com\/portal\/rocio-crooke-espiritu-santo\/#breadcrumb","itemListElement":[{"@type":"ListItem","position":1,"name":"Portada","item":"https:\/\/potenciaradiofonicadominicana.com\/portal\/"},{"@type":"ListItem","position":2,"name":"Ketel Marte trabaj\u00f3 para ganar el primer Guante de Oro de su carrera"}]},{"@type":"WebSite","@id":"https:\/\/potenciaradiofonicadominicana.com\/portal\/#website","url":"https:\/\/potenciaradiofonicadominicana.com\/portal\/","name":"PotenciaRadiofonicaDominicana.com","description":"Peri\u00f3dico Digital","publisher":{"@id":"https:\/\/potenciaradiofonicadominicana.com\/portal\/#organization"},"potentialAction":[{"@type":"SearchAction","target":{"@type":"EntryPoint","urlTemplate":"https:\/\/potenciaradiofonicadominicana.com\/portal\/?s={search_term_string}"},"query-input":{"@type":"PropertyValueSpecification","valueRequired":true,"valueName":"search_term_string"}}],"inLanguage":"es"},{"@type":"Organization","@id":"https:\/\/potenciaradiofonicadominicana.com\/portal\/#organization","name":"PotenciaRadiofonicaDominicana.com","url":"https:\/\/potenciaradiofonicadominicana.com\/portal\/","logo":{"@type":"ImageObject","inLanguage":"es","@id":"https:\/\/potenciaradiofonicadominicana.com\/portal\/#\/schema\/logo\/image\/","url":"https:\/\/potenciaradiofonicadominicana.com\/portal\/wp-content\/uploads\/2022\/01\/descarga.png","contentUrl":"https:\/\/potenciaradiofonicadominicana.com\/portal\/wp-content\/uploads\/2022\/01\/descarga.png","width":300,"height":100,"caption":"PotenciaRadiofonicaDominicana.com"},"image":{"@id":"https:\/\/potenciaradiofonicadominicana.com\/portal\/#\/schema\/logo\/image\/"},"sameAs":["https:\/\/web.facebook.com\/PotenciaRadiofonicaD"]},{"@type":"Person","@id":"https:\/\/potenciaradiofonicadominicana.com\/portal\/#\/schema\/person\/a5cf1fea13877803ee0573ac18b03490","name":"Potencia Radiof\u00f3nica Dominicana","image":{"@type":"ImageObject","inLanguage":"es","@id":"https:\/\/potenciaradiofonicadominicana.com\/portal\/#\/schema\/person\/image\/","url":"https:\/\/secure.gravatar.com\/avatar\/42a55ab9e8ccc656ba34cd791990602a?s=96&d=mm&r=g","contentUrl":"https:\/\/secure.gravatar.com\/avatar\/42a55ab9e8ccc656ba34cd791990602a?s=96&d=mm&r=g","caption":"Potencia Radiof\u00f3nica Dominicana"},"url":"https:\/\/potenciaradiofonicadominicana.com\/portal\/author\/johannyalmanzar\/"}]}},"_links":{"self":[{"href":"https:\/\/potenciaradiofonicadominicana.com\/portal\/wp-json\/wp\/v2\/posts\/211938","targetHints":{"allow":["GET"]}}],"collection":[{"href":"https:\/\/potenciaradiofonicadominicana.com\/portal\/wp-json\/wp\/v2\/posts"}],"about":[{"href":"https:\/\/potenciaradiofonicadominicana.com\/portal\/wp-json\/wp\/v2\/types\/post"}],"author":[{"embeddable":true,"href":"https:\/\/potenciaradiofonicadominicana.com\/portal\/wp-json\/wp\/v2\/users\/2"}],"replies":[{"embeddable":true,"href":"https:\/\/potenciaradiofonicadominicana.com\/portal\/wp-json\/wp\/v2\/comments?post=211938"}],"version-history":[{"count":2,"href":"https:\/\/potenciaradiofonicadominicana.com\/portal\/wp-json\/wp\/v2\/posts\/211938\/revisions"}],"predecessor-version":[{"id":211947,"href":"https:\/\/potenciaradiofonicadominicana.com\/portal\/wp-json\/wp\/v2\/posts\/211938\/revisions\/211947"}],"wp:featuredmedia":[{"embeddable":true,"href":"https:\/\/potenciaradiofonicadominicana.com\/portal\/wp-json\/wp\/v2\/media\/211939"}],"wp:attachment":[{"href":"https:\/\/potenciaradiofonicadominicana.com\/portal\/wp-json\/wp\/v2\/media?parent=211938"}],"wp:term":[{"taxonomy":"category","embeddable":true,"href":"https:\/\/potenciaradiofonicadominicana.com\/portal\/wp-json\/wp\/v2\/categories?post=211938"},{"taxonomy":"post_tag","embeddable":true,"href":"https:\/\/potenciaradiofonicadominicana.com\/portal\/wp-json\/wp\/v2\/tags?post=211938"}],"curies":[{"name":"wp","href":"https:\/\/api.w.org\/{rel}","templated":true}]}}