{"id":211935,"date":"2026-02-22T19:16:30","date_gmt":"2026-02-22T23:16:30","guid":{"rendered":"https:\/\/potenciaradiofonicadominicana.com\/portal\/?p=211935"},"modified":"2026-02-22T19:16:30","modified_gmt":"2026-02-22T23:16:30","slug":"softbol-dominicano-debuta-con-victoria-en-panam-xiii","status":"publish","type":"post","link":"https:\/\/potenciaradiofonicadominicana.com\/portal\/softbol-dominicano-debuta-con-victoria-en-panam-xiii\/","title":{"rendered":"Softbol dominicano debuta con victoria en Panam XIII"},"content":{"rendered":"<p><a href=\"https:\/\/potenciaradiofonicadominicana.com\/portal\/wp-content\/uploads\/2026\/02\/YAN-CARLOS-GONZALEZ-EL-PINTO.webp\"><img loading=\"lazy\" decoding=\"async\" class=\"alignnone size-full wp-image-211936\" src=\"https:\/\/potenciaradiofonicadominicana.com\/portal\/wp-content\/uploads\/2026\/02\/YAN-CARLOS-GONZALEZ-EL-PINTO.webp\" alt=\"\" width=\"1025\" height=\"1046\" srcset=\"https:\/\/potenciaradiofonicadominicana.com\/portal\/wp-content\/uploads\/2026\/02\/YAN-CARLOS-GONZALEZ-EL-PINTO.webp 1025w, https:\/\/potenciaradiofonicadominicana.com\/portal\/wp-content\/uploads\/2026\/02\/YAN-CARLOS-GONZALEZ-EL-PINTO-294x300.webp 294w, https:\/\/potenciaradiofonicadominicana.com\/portal\/wp-content\/uploads\/2026\/02\/YAN-CARLOS-GONZALEZ-EL-PINTO-1003x1024.webp 1003w, https:\/\/potenciaradiofonicadominicana.com\/portal\/wp-content\/uploads\/2026\/02\/YAN-CARLOS-GONZALEZ-EL-PINTO-768x784.webp 768w, https:\/\/potenciaradiofonicadominicana.com\/portal\/wp-content\/uploads\/2026\/02\/YAN-CARLOS-GONZALEZ-EL-PINTO-306x312.webp 306w\" sizes=\"auto, (max-width: 1025px) 100vw, 1025px\" \/><\/a><\/p>\n<p>La selecci\u00f3n masculina de Rep\u00fablica Dominicana inici\u00f3 con paso firme su participaci\u00f3n en el\u00a0XIII Campeonato Panamericano de Softbol Masculino de Mayores, al imponerse con autoridad\u00a09-0\u00a0sobre Guatemala, en un duelo celebrado este s\u00e1bado en el estadio Jos\u00e9 Gabriel Am\u00edn Manzur, en Monter\u00eda, Colombia.<\/p>\n<p>El abridor Yan Carlos \u201cEl Pinto\u201d Gonz\u00e1lez y Joni Javier Suriel se combinaron para ofrecer una actuaci\u00f3n dominante desde la lomita, limitando a la ofensiva guatemalteca a un solo imparable durante cinco entradas completas. Gonz\u00e1lez, quien se llev\u00f3 la victoria, lanz\u00f3 tres entradas sin permitir libertades, colgando siete ponches y tolerando solo una base por bolas, antes de ceder al relevista Suriel.<\/p>\n<p>La ofensiva dominicana se mostr\u00f3 explosiva desde el primer episodio, cuando fabric\u00f3 dos carreras que encendieron el ataque. El conjunto nacional mantuvo el ritmo con anotaciones en las siguientes entradas: una en la segunda, dos en la tercera y cuatro en la cuarta, suficiente para decretar el nocaut ante el elenco guatemalteco.<\/p>\n<p>Los dominicanos conectaron\u00a014 imparables, mientras que los centroamericanos solo consiguieron uno en la figura de\u00a0Gerardo Dacaret, ante los env\u00edos de Suriel. El lanzador guatemalteco\u00a0Gian Ferrari V\u00e9liz\u00a0carg\u00f3 con la derrota, tras permitir ocho hits y cinco carreras limpias en 2.1 episodios.<\/p>\n<p>La ofensiva quisqueyana tuvo varios protagonistas destacados.\u00a0Luis Hiciano\u00a0conect\u00f3 de 4-2 con un doble y dos anotadas;\u00a0Jendry Torres\u00a0tambi\u00e9n bate\u00f3 de 4-2 con una impulsada.\u00a0Juan Arias\u00a0(3-2),\u00a0Yoel De Mota\u00a0(3-1) y\u00a0Fernando G\u00f3mez\u00a0(3-2) aportaron hits clave, con Arias y De Mota produciendo una carrera cada uno, y G\u00f3mez remolcando tres.<\/p>\n<p>Con este triunfo, Rep\u00fablica Dominicana suma sus primeros tres puntos en el\u00a0Grupo C, que tambi\u00e9n integran Estados Unidos y M\u00e9xico, en un torneo que re\u00fane a 13 selecciones de la regi\u00f3n y que sirve como clasificatorio para eventos internacionales, incluidos los\u00a0Juegos Centroamericanos y del Caribe Santo Domingo 2026, los\u00a0Juegos Panamericanos Lima 2027\u00a0y la\u00a0Copa Mundial de Softbol 2027.<\/p>\n<p>El equipo quisqueyano volver\u00e1 a la acci\u00f3n ma\u00f1ana enfrent\u00e1ndose a M\u00e9xico, en su segundo desaf\u00edo de la fase inicial, en el Grupo-C, donde tambi\u00e9n est\u00e1 el conjunto de los Estados Unidos.<\/p>\n<p>En el Grupo A\u00a0figuran\u00a0Argentina, Cuba, Panam\u00e1, Aruba y Puerto Rico y el\u00a0Grupo B est\u00e1n\u00a0Colombia, Venezuela, Canad\u00e1 y Per\u00fa.<\/p>\n","protected":false},"excerpt":{"rendered":"<p>La selecci\u00f3n masculina de Rep\u00fablica Dominicana inici\u00f3 con paso firme su participaci\u00f3n en el\u00a0XIII Campeonato Panamericano de Softbol Masculino de &#8230;<\/p>\n","protected":false},"author":2,"featured_media":211936,"comment_status":"closed","ping_status":"closed","sticky":false,"template":"","format":"standard","meta":{"footnotes":""},"categories":[28],"tags":[],"class_list":["post-211935","post","type-post","status-publish","format-standard","has-post-thumbnail","hentry","category-deportes"],"yoast_head":"<!-- This site is optimized with the Yoast SEO plugin v24.8.1 - https:\/\/yoast.com\/wordpress\/plugins\/seo\/ -->\n<title>Softbol dominicano debuta con victoria en Panam XIII - PotenciaRadiofonicaDominicana.com<\/title>\n<meta name=\"robots\" content=\"index, follow, max-snippet:-1, max-image-preview:large, max-video-preview:-1\" \/>\n<link rel=\"canonical\" href=\"https:\/\/potenciaradiofonicadominicana.com\/portal\/softbol-dominicano-debuta-con-victoria-en-panam-xiii\/\" \/>\n<meta property=\"og:locale\" content=\"es_ES\" \/>\n<meta property=\"og:type\" content=\"article\" \/>\n<meta property=\"og:title\" content=\"Softbol dominicano debuta con victoria en Panam XIII - PotenciaRadiofonicaDominicana.com\" \/>\n<meta property=\"og:description\" content=\"La selecci\u00f3n masculina de Rep\u00fablica Dominicana inici\u00f3 con paso firme su participaci\u00f3n en el\u00a0XIII Campeonato Panamericano de Softbol Masculino de ...\" \/>\n<meta property=\"og:url\" content=\"https:\/\/potenciaradiofonicadominicana.com\/portal\/softbol-dominicano-debuta-con-victoria-en-panam-xiii\/\" \/>\n<meta property=\"og:site_name\" content=\"PotenciaRadiofonicaDominicana.com\" \/>\n<meta property=\"article:publisher\" content=\"https:\/\/web.facebook.com\/PotenciaRadiofonicaD\" \/>\n<meta property=\"article:published_time\" content=\"2026-02-22T23:16:30+00:00\" \/>\n<meta property=\"og:image\" content=\"https:\/\/potenciaradiofonicadominicana.com\/portal\/wp-content\/uploads\/2026\/02\/YAN-CARLOS-GONZALEZ-EL-PINTO.webp\" \/>\n\t<meta property=\"og:image:width\" content=\"1025\" \/>\n\t<meta property=\"og:image:height\" content=\"1046\" \/>\n\t<meta property=\"og:image:type\" content=\"image\/webp\" \/>\n<meta name=\"author\" content=\"Potencia Radiof\u00f3nica Dominicana\" \/>\n<meta name=\"twitter:card\" content=\"summary_large_image\" \/>\n<meta name=\"twitter:label1\" content=\"Escrito por\" \/>\n\t<meta name=\"twitter:data1\" content=\"Potencia Radiof\u00f3nica Dominicana\" \/>\n\t<meta name=\"twitter:label2\" content=\"Tiempo de lectura\" \/>\n\t<meta name=\"twitter:data2\" content=\"3 minutos\" \/>\n<script type=\"application\/ld+json\" class=\"yoast-schema-graph\">{\"@context\":\"https:\/\/schema.org\",\"@graph\":[{\"@type\":\"Article\",\"@id\":\"https:\/\/potenciaradiofonicadominicana.com\/portal\/softbol-dominicano-debuta-con-victoria-en-panam-xiii\/#article\",\"isPartOf\":{\"@id\":\"https:\/\/potenciaradiofonicadominicana.com\/portal\/softbol-dominicano-debuta-con-victoria-en-panam-xiii\/\"},\"author\":{\"name\":\"Potencia Radiof\u00f3nica Dominicana\",\"@id\":\"https:\/\/potenciaradiofonicadominicana.com\/portal\/#\/schema\/person\/a5cf1fea13877803ee0573ac18b03490\"},\"headline\":\"Softbol dominicano debuta con victoria en Panam XIII\",\"datePublished\":\"2026-02-22T23:16:30+00:00\",\"mainEntityOfPage\":{\"@id\":\"https:\/\/potenciaradiofonicadominicana.com\/portal\/softbol-dominicano-debuta-con-victoria-en-panam-xiii\/\"},\"wordCount\":401,\"publisher\":{\"@id\":\"https:\/\/potenciaradiofonicadominicana.com\/portal\/#organization\"},\"image\":{\"@id\":\"https:\/\/potenciaradiofonicadominicana.com\/portal\/softbol-dominicano-debuta-con-victoria-en-panam-xiii\/#primaryimage\"},\"thumbnailUrl\":\"https:\/\/potenciaradiofonicadominicana.com\/portal\/wp-content\/uploads\/2026\/02\/YAN-CARLOS-GONZALEZ-EL-PINTO.webp\",\"articleSection\":[\"Deportes\"],\"inLanguage\":\"es\"},{\"@type\":\"WebPage\",\"@id\":\"https:\/\/potenciaradiofonicadominicana.com\/portal\/softbol-dominicano-debuta-con-victoria-en-panam-xiii\/\",\"url\":\"https:\/\/potenciaradiofonicadominicana.com\/portal\/softbol-dominicano-debuta-con-victoria-en-panam-xiii\/\",\"name\":\"Softbol dominicano debuta con victoria en Panam XIII - PotenciaRadiofonicaDominicana.com\",\"isPartOf\":{\"@id\":\"https:\/\/potenciaradiofonicadominicana.com\/portal\/#website\"},\"primaryImageOfPage\":{\"@id\":\"https:\/\/potenciaradiofonicadominicana.com\/portal\/softbol-dominicano-debuta-con-victoria-en-panam-xiii\/#primaryimage\"},\"image\":{\"@id\":\"https:\/\/potenciaradiofonicadominicana.com\/portal\/softbol-dominicano-debuta-con-victoria-en-panam-xiii\/#primaryimage\"},\"thumbnailUrl\":\"https:\/\/potenciaradiofonicadominicana.com\/portal\/wp-content\/uploads\/2026\/02\/YAN-CARLOS-GONZALEZ-EL-PINTO.webp\",\"datePublished\":\"2026-02-22T23:16:30+00:00\",\"breadcrumb\":{\"@id\":\"https:\/\/potenciaradiofonicadominicana.com\/portal\/softbol-dominicano-debuta-con-victoria-en-panam-xiii\/#breadcrumb\"},\"inLanguage\":\"es\",\"potentialAction\":[{\"@type\":\"ReadAction\",\"target\":[\"https:\/\/potenciaradiofonicadominicana.com\/portal\/softbol-dominicano-debuta-con-victoria-en-panam-xiii\/\"]}]},{\"@type\":\"ImageObject\",\"inLanguage\":\"es\",\"@id\":\"https:\/\/potenciaradiofonicadominicana.com\/portal\/softbol-dominicano-debuta-con-victoria-en-panam-xiii\/#primaryimage\",\"url\":\"https:\/\/potenciaradiofonicadominicana.com\/portal\/wp-content\/uploads\/2026\/02\/YAN-CARLOS-GONZALEZ-EL-PINTO.webp\",\"contentUrl\":\"https:\/\/potenciaradiofonicadominicana.com\/portal\/wp-content\/uploads\/2026\/02\/YAN-CARLOS-GONZALEZ-EL-PINTO.webp\",\"width\":1025,\"height\":1046},{\"@type\":\"BreadcrumbList\",\"@id\":\"https:\/\/potenciaradiofonicadominicana.com\/portal\/softbol-dominicano-debuta-con-victoria-en-panam-xiii\/#breadcrumb\",\"itemListElement\":[{\"@type\":\"ListItem\",\"position\":1,\"name\":\"Portada\",\"item\":\"https:\/\/potenciaradiofonicadominicana.com\/portal\/\"},{\"@type\":\"ListItem\",\"position\":2,\"name\":\"Softbol dominicano debuta con victoria en Panam XIII\"}]},{\"@type\":\"WebSite\",\"@id\":\"https:\/\/potenciaradiofonicadominicana.com\/portal\/#website\",\"url\":\"https:\/\/potenciaradiofonicadominicana.com\/portal\/\",\"name\":\"PotenciaRadiofonicaDominicana.com\",\"description\":\"Peri\u00f3dico Digital\",\"publisher\":{\"@id\":\"https:\/\/potenciaradiofonicadominicana.com\/portal\/#organization\"},\"potentialAction\":[{\"@type\":\"SearchAction\",\"target\":{\"@type\":\"EntryPoint\",\"urlTemplate\":\"https:\/\/potenciaradiofonicadominicana.com\/portal\/?s={search_term_string}\"},\"query-input\":{\"@type\":\"PropertyValueSpecification\",\"valueRequired\":true,\"valueName\":\"search_term_string\"}}],\"inLanguage\":\"es\"},{\"@type\":\"Organization\",\"@id\":\"https:\/\/potenciaradiofonicadominicana.com\/portal\/#organization\",\"name\":\"PotenciaRadiofonicaDominicana.com\",\"url\":\"https:\/\/potenciaradiofonicadominicana.com\/portal\/\",\"logo\":{\"@type\":\"ImageObject\",\"inLanguage\":\"es\",\"@id\":\"https:\/\/potenciaradiofonicadominicana.com\/portal\/#\/schema\/logo\/image\/\",\"url\":\"https:\/\/potenciaradiofonicadominicana.com\/portal\/wp-content\/uploads\/2022\/01\/descarga.png\",\"contentUrl\":\"https:\/\/potenciaradiofonicadominicana.com\/portal\/wp-content\/uploads\/2022\/01\/descarga.png\",\"width\":300,\"height\":100,\"caption\":\"PotenciaRadiofonicaDominicana.com\"},\"image\":{\"@id\":\"https:\/\/potenciaradiofonicadominicana.com\/portal\/#\/schema\/logo\/image\/\"},\"sameAs\":[\"https:\/\/web.facebook.com\/PotenciaRadiofonicaD\"]},{\"@type\":\"Person\",\"@id\":\"https:\/\/potenciaradiofonicadominicana.com\/portal\/#\/schema\/person\/a5cf1fea13877803ee0573ac18b03490\",\"name\":\"Potencia Radiof\u00f3nica Dominicana\",\"image\":{\"@type\":\"ImageObject\",\"inLanguage\":\"es\",\"@id\":\"https:\/\/potenciaradiofonicadominicana.com\/portal\/#\/schema\/person\/image\/\",\"url\":\"https:\/\/secure.gravatar.com\/avatar\/42a55ab9e8ccc656ba34cd791990602a?s=96&d=mm&r=g\",\"contentUrl\":\"https:\/\/secure.gravatar.com\/avatar\/42a55ab9e8ccc656ba34cd791990602a?s=96&d=mm&r=g\",\"caption\":\"Potencia Radiof\u00f3nica Dominicana\"},\"url\":\"https:\/\/potenciaradiofonicadominicana.com\/portal\/author\/johannyalmanzar\/\"}]}<\/script>\n<!-- \/ Yoast SEO plugin. -->","yoast_head_json":{"title":"Softbol dominicano debuta con victoria en Panam XIII - PotenciaRadiofonicaDominicana.com","robots":{"index":"index","follow":"follow","max-snippet":"max-snippet:-1","max-image-preview":"max-image-preview:large","max-video-preview":"max-video-preview:-1"},"canonical":"https:\/\/potenciaradiofonicadominicana.com\/portal\/softbol-dominicano-debuta-con-victoria-en-panam-xiii\/","og_locale":"es_ES","og_type":"article","og_title":"Softbol dominicano debuta con victoria en Panam XIII - PotenciaRadiofonicaDominicana.com","og_description":"La selecci\u00f3n masculina de Rep\u00fablica Dominicana inici\u00f3 con paso firme su participaci\u00f3n en el\u00a0XIII Campeonato Panamericano de Softbol Masculino de ...","og_url":"https:\/\/potenciaradiofonicadominicana.com\/portal\/softbol-dominicano-debuta-con-victoria-en-panam-xiii\/","og_site_name":"PotenciaRadiofonicaDominicana.com","article_publisher":"https:\/\/web.facebook.com\/PotenciaRadiofonicaD","article_published_time":"2026-02-22T23:16:30+00:00","og_image":[{"width":1025,"height":1046,"url":"https:\/\/potenciaradiofonicadominicana.com\/portal\/wp-content\/uploads\/2026\/02\/YAN-CARLOS-GONZALEZ-EL-PINTO.webp","type":"image\/webp"}],"author":"Potencia Radiof\u00f3nica Dominicana","twitter_card":"summary_large_image","twitter_misc":{"Escrito por":"Potencia Radiof\u00f3nica Dominicana","Tiempo de lectura":"3 minutos"},"schema":{"@context":"https:\/\/schema.org","@graph":[{"@type":"Article","@id":"https:\/\/potenciaradiofonicadominicana.com\/portal\/softbol-dominicano-debuta-con-victoria-en-panam-xiii\/#article","isPartOf":{"@id":"https:\/\/potenciaradiofonicadominicana.com\/portal\/softbol-dominicano-debuta-con-victoria-en-panam-xiii\/"},"author":{"name":"Potencia Radiof\u00f3nica Dominicana","@id":"https:\/\/potenciaradiofonicadominicana.com\/portal\/#\/schema\/person\/a5cf1fea13877803ee0573ac18b03490"},"headline":"Softbol dominicano debuta con victoria en Panam XIII","datePublished":"2026-02-22T23:16:30+00:00","mainEntityOfPage":{"@id":"https:\/\/potenciaradiofonicadominicana.com\/portal\/softbol-dominicano-debuta-con-victoria-en-panam-xiii\/"},"wordCount":401,"publisher":{"@id":"https:\/\/potenciaradiofonicadominicana.com\/portal\/#organization"},"image":{"@id":"https:\/\/potenciaradiofonicadominicana.com\/portal\/softbol-dominicano-debuta-con-victoria-en-panam-xiii\/#primaryimage"},"thumbnailUrl":"https:\/\/potenciaradiofonicadominicana.com\/portal\/wp-content\/uploads\/2026\/02\/YAN-CARLOS-GONZALEZ-EL-PINTO.webp","articleSection":["Deportes"],"inLanguage":"es"},{"@type":"WebPage","@id":"https:\/\/potenciaradiofonicadominicana.com\/portal\/softbol-dominicano-debuta-con-victoria-en-panam-xiii\/","url":"https:\/\/potenciaradiofonicadominicana.com\/portal\/softbol-dominicano-debuta-con-victoria-en-panam-xiii\/","name":"Softbol dominicano debuta con victoria en Panam XIII - PotenciaRadiofonicaDominicana.com","isPartOf":{"@id":"https:\/\/potenciaradiofonicadominicana.com\/portal\/#website"},"primaryImageOfPage":{"@id":"https:\/\/potenciaradiofonicadominicana.com\/portal\/softbol-dominicano-debuta-con-victoria-en-panam-xiii\/#primaryimage"},"image":{"@id":"https:\/\/potenciaradiofonicadominicana.com\/portal\/softbol-dominicano-debuta-con-victoria-en-panam-xiii\/#primaryimage"},"thumbnailUrl":"https:\/\/potenciaradiofonicadominicana.com\/portal\/wp-content\/uploads\/2026\/02\/YAN-CARLOS-GONZALEZ-EL-PINTO.webp","datePublished":"2026-02-22T23:16:30+00:00","breadcrumb":{"@id":"https:\/\/potenciaradiofonicadominicana.com\/portal\/softbol-dominicano-debuta-con-victoria-en-panam-xiii\/#breadcrumb"},"inLanguage":"es","potentialAction":[{"@type":"ReadAction","target":["https:\/\/potenciaradiofonicadominicana.com\/portal\/softbol-dominicano-debuta-con-victoria-en-panam-xiii\/"]}]},{"@type":"ImageObject","inLanguage":"es","@id":"https:\/\/potenciaradiofonicadominicana.com\/portal\/softbol-dominicano-debuta-con-victoria-en-panam-xiii\/#primaryimage","url":"https:\/\/potenciaradiofonicadominicana.com\/portal\/wp-content\/uploads\/2026\/02\/YAN-CARLOS-GONZALEZ-EL-PINTO.webp","contentUrl":"https:\/\/potenciaradiofonicadominicana.com\/portal\/wp-content\/uploads\/2026\/02\/YAN-CARLOS-GONZALEZ-EL-PINTO.webp","width":1025,"height":1046},{"@type":"BreadcrumbList","@id":"https:\/\/potenciaradiofonicadominicana.com\/portal\/softbol-dominicano-debuta-con-victoria-en-panam-xiii\/#breadcrumb","itemListElement":[{"@type":"ListItem","position":1,"name":"Portada","item":"https:\/\/potenciaradiofonicadominicana.com\/portal\/"},{"@type":"ListItem","position":2,"name":"Softbol dominicano debuta con victoria en Panam XIII"}]},{"@type":"WebSite","@id":"https:\/\/potenciaradiofonicadominicana.com\/portal\/#website","url":"https:\/\/potenciaradiofonicadominicana.com\/portal\/","name":"PotenciaRadiofonicaDominicana.com","description":"Peri\u00f3dico Digital","publisher":{"@id":"https:\/\/potenciaradiofonicadominicana.com\/portal\/#organization"},"potentialAction":[{"@type":"SearchAction","target":{"@type":"EntryPoint","urlTemplate":"https:\/\/potenciaradiofonicadominicana.com\/portal\/?s={search_term_string}"},"query-input":{"@type":"PropertyValueSpecification","valueRequired":true,"valueName":"search_term_string"}}],"inLanguage":"es"},{"@type":"Organization","@id":"https:\/\/potenciaradiofonicadominicana.com\/portal\/#organization","name":"PotenciaRadiofonicaDominicana.com","url":"https:\/\/potenciaradiofonicadominicana.com\/portal\/","logo":{"@type":"ImageObject","inLanguage":"es","@id":"https:\/\/potenciaradiofonicadominicana.com\/portal\/#\/schema\/logo\/image\/","url":"https:\/\/potenciaradiofonicadominicana.com\/portal\/wp-content\/uploads\/2022\/01\/descarga.png","contentUrl":"https:\/\/potenciaradiofonicadominicana.com\/portal\/wp-content\/uploads\/2022\/01\/descarga.png","width":300,"height":100,"caption":"PotenciaRadiofonicaDominicana.com"},"image":{"@id":"https:\/\/potenciaradiofonicadominicana.com\/portal\/#\/schema\/logo\/image\/"},"sameAs":["https:\/\/web.facebook.com\/PotenciaRadiofonicaD"]},{"@type":"Person","@id":"https:\/\/potenciaradiofonicadominicana.com\/portal\/#\/schema\/person\/a5cf1fea13877803ee0573ac18b03490","name":"Potencia Radiof\u00f3nica Dominicana","image":{"@type":"ImageObject","inLanguage":"es","@id":"https:\/\/potenciaradiofonicadominicana.com\/portal\/#\/schema\/person\/image\/","url":"https:\/\/secure.gravatar.com\/avatar\/42a55ab9e8ccc656ba34cd791990602a?s=96&d=mm&r=g","contentUrl":"https:\/\/secure.gravatar.com\/avatar\/42a55ab9e8ccc656ba34cd791990602a?s=96&d=mm&r=g","caption":"Potencia Radiof\u00f3nica Dominicana"},"url":"https:\/\/potenciaradiofonicadominicana.com\/portal\/author\/johannyalmanzar\/"}]}},"_links":{"self":[{"href":"https:\/\/potenciaradiofonicadominicana.com\/portal\/wp-json\/wp\/v2\/posts\/211935","targetHints":{"allow":["GET"]}}],"collection":[{"href":"https:\/\/potenciaradiofonicadominicana.com\/portal\/wp-json\/wp\/v2\/posts"}],"about":[{"href":"https:\/\/potenciaradiofonicadominicana.com\/portal\/wp-json\/wp\/v2\/types\/post"}],"author":[{"embeddable":true,"href":"https:\/\/potenciaradiofonicadominicana.com\/portal\/wp-json\/wp\/v2\/users\/2"}],"replies":[{"embeddable":true,"href":"https:\/\/potenciaradiofonicadominicana.com\/portal\/wp-json\/wp\/v2\/comments?post=211935"}],"version-history":[{"count":1,"href":"https:\/\/potenciaradiofonicadominicana.com\/portal\/wp-json\/wp\/v2\/posts\/211935\/revisions"}],"predecessor-version":[{"id":211937,"href":"https:\/\/potenciaradiofonicadominicana.com\/portal\/wp-json\/wp\/v2\/posts\/211935\/revisions\/211937"}],"wp:featuredmedia":[{"embeddable":true,"href":"https:\/\/potenciaradiofonicadominicana.com\/portal\/wp-json\/wp\/v2\/media\/211936"}],"wp:attachment":[{"href":"https:\/\/potenciaradiofonicadominicana.com\/portal\/wp-json\/wp\/v2\/media?parent=211935"}],"wp:term":[{"taxonomy":"category","embeddable":true,"href":"https:\/\/potenciaradiofonicadominicana.com\/portal\/wp-json\/wp\/v2\/categories?post=211935"},{"taxonomy":"post_tag","embeddable":true,"href":"https:\/\/potenciaradiofonicadominicana.com\/portal\/wp-json\/wp\/v2\/tags?post=211935"}],"curies":[{"name":"wp","href":"https:\/\/api.w.org\/{rel}","templated":true}]}}