{"id":211790,"date":"2026-02-17T00:18:39","date_gmt":"2026-02-17T04:18:39","guid":{"rendered":"https:\/\/potenciaradiofonicadominicana.com\/portal\/?p=211790"},"modified":"2026-02-17T00:18:39","modified_gmt":"2026-02-17T04:18:39","slug":"santo-cielo-la-reaccion-de-un-prospecto-elite-de-los-mets-al-ver-por-primera-vez-a-juan-soto","status":"publish","type":"post","link":"https:\/\/potenciaradiofonicadominicana.com\/portal\/santo-cielo-la-reaccion-de-un-prospecto-elite-de-los-mets-al-ver-por-primera-vez-a-juan-soto\/","title":{"rendered":"\u00a1santo cielo!: la reacci\u00f3n de un prospecto \u00e9lite de los Mets al ver por primera vez a Juan Soto"},"content":{"rendered":"<p><a href=\"https:\/\/potenciaradiofonicadominicana.com\/portal\/wp-content\/uploads\/2026\/02\/afp202507122224828738v3highres2025mlballstarweekfuturesgame-335662ee-focus-0.06-0.73-896-504.jpg\"><img loading=\"lazy\" decoding=\"async\" class=\"alignnone size-full wp-image-211792\" src=\"https:\/\/potenciaradiofonicadominicana.com\/portal\/wp-content\/uploads\/2026\/02\/afp202507122224828738v3highres2025mlballstarweekfuturesgame-335662ee-focus-0.06-0.73-896-504.jpg\" alt=\"\" width=\"895\" height=\"504\" srcset=\"https:\/\/potenciaradiofonicadominicana.com\/portal\/wp-content\/uploads\/2026\/02\/afp202507122224828738v3highres2025mlballstarweekfuturesgame-335662ee-focus-0.06-0.73-896-504.jpg 895w, https:\/\/potenciaradiofonicadominicana.com\/portal\/wp-content\/uploads\/2026\/02\/afp202507122224828738v3highres2025mlballstarweekfuturesgame-335662ee-focus-0.06-0.73-896-504-300x169.jpg 300w, https:\/\/potenciaradiofonicadominicana.com\/portal\/wp-content\/uploads\/2026\/02\/afp202507122224828738v3highres2025mlballstarweekfuturesgame-335662ee-focus-0.06-0.73-896-504-768x432.jpg 768w\" sizes=\"auto, (max-width: 895px) 100vw, 895px\" \/><\/a><\/p>\n<p>Aunque sab\u00eda que tarde o temprano ocurrir\u00eda,\u00a0Carson Benge\u00a0no estaba completamente listo para ese\u00a0instante.<\/p>\n<p>\u00abCuando vi a Soto\u00bb, cont\u00f3 sobre el momento,\u00a0\u00abdije: \u00b4\u00a1Santo cielo!\u00b4 \u00ab.<\/p>\n<p>El\u00a0prospecto n\u00famero 2\u00a0de los\u00a0New York Mets\u00a0vivi\u00f3 su\u00a0primera impresi\u00f3n\u00a0al encontrarse frente a\u00a0Juan Soto, y la reacci\u00f3n fue tan espont\u00e1nea como reveladora.<\/p>\n<p>M\u00e1s sorprendente a\u00fan result\u00f3 lo que vino despu\u00e9s: el\u00a0fin de semana\u00a0pasado, Soto se le acerc\u00f3 para\u00a0presentarse personalmente\u00a0y, tras una breve charla, le dej\u00f3 una\u00a0puerta abierta. Que le preguntara si alguna vez necesitaba algo.<\/p>\n<figure class=\"inline-block\">\n<div class=\"expand-img-placeholder\"><img loading=\"lazy\" decoding=\"async\" src=\"https:\/\/resources.diariolibre.com\/images\/expand.svg\" alt=\"Expandir imagen\" width=\"20\" height=\"20\" \/><\/div>\n<picture><img decoding=\"async\" class=\"mx-auto\" src=\"https:\/\/resources.diariolibre.com\/images\/2026\/02\/16\/new-york-mets-juan-soto-98667701-017d50bb.jpg\" alt=\"[object HTMLTextAreaElement]\" width=\"auto\" height=\"350\" \/><\/picture><figcaption>Juan Soto\u00a0<\/figcaption><\/figure>\n<p>\u00abSin duda,\u00a0significa mucho\u00a0para m\u00ed\u00bb, afirm\u00f3 Benge. \u00abVer a muchos de estos chicos crecer y\u00a0compartir el vestuario\u00a0con ellos es genial. Pero tambi\u00e9n entiendo que ser\u00e9 su compa\u00f1ero y jugar\u00e9 contra ellos; hay una\u00a0peque\u00f1a l\u00ednea que tengo que olvidar\u00bb.<\/p>\n<p>Durante el\u00a0fin de semana, sin que nadie se lo pidiera, Soto devolvi\u00f3 el gesto con elogios. Lo defini\u00f3 como un \u00abgran prospecto\u00bb.<\/p>\n<p>\u00abLo que he o\u00eddo es que es un\u00a0gran atleta\u00bb, dijo Soto. \u00abPuede jugar tanto en el\u00a0jard\u00edn central\u00a0como en el derecho. En cuanto a bateo, no he o\u00eddo mucho de \u00e9l. Lo conoc\u00ed hoy. Veremos c\u00f3mo le va en los\u00a0entrenamientos de primavera, pero solo he o\u00eddo hablar bien de \u00e9l. As\u00ed que estoy muy emocionado por ver qu\u00e9 aporta al equipo\u00bb.<\/p>\n<p>\u00cddolo desde peque\u00f1o<\/p>\n<p>Aunque Soto no es precisamente un veterano, Benge, de 23 a\u00f1os, apenas era un adolescente cuando el dominicano irrumpi\u00f3 en las Grandes Ligas hace ocho temporadas.\u00a0M\u00e1s joven\u00a0todav\u00eda era durante los primeros a\u00f1os de la carrera de\u00a0Francisco Lindor.<\/p>\n<p>Ya hab\u00eda tenido un anticipo de lo que significa compartir espacio con figuras de ese calibre. Tras\u00a0firmar, visit\u00f3 el\u00a0Citi Field\u00a0y conoci\u00f3 a varios integrantes del club grande, incluido Lindor. Pero una cosa es saludar y otra muy distinta es asumir que ahora son colegas.<\/p>\n<p>\u00abSon seres humanos, igual que yo\u00bb, reflexion\u00f3 Benge. \u00abAs\u00ed que\u00a0intento tomarlo\u00a0como tal\u00bb.<\/p>\n<p>En el\u00a0campamento, sin embargo, la\u00a0jerarqu\u00eda se aplana. All\u00ed es\u00a0uno m\u00e1s.<\/p>\n<p>A comienzos de esta primavera, los Mets anunciaron que Soto se mover\u00eda al jard\u00edn izquierdo, dejando potencialmente libre el derecho, una\u00a0ventana que podr\u00eda abrirse\u00a0para Benge. Competir\u00e1 con Tyrone Taylor, Brett Baty y otros por, al menos, una parte de la titularidad. Desde las oficinas han sido claros: tendr\u00e1 una oportunidad real de ganarla.<\/p>\n<p>Argumentos no le faltan. La\u00a0temporada pasada, repartida en tres niveles de ligas menores,\u00a0bate\u00f3 .281\/.385\/.472, con\u00a015 cuadrangulares\u00a0y 22 bases robadas, adem\u00e1s de una defensa s\u00f3lida tanto en el central como en el derecho. Fue la selecci\u00f3n de primera ronda de los Mets en el draft de 2024.<\/p>\n<p>Pero m\u00e1s all\u00e1 de los n\u00fameros y de la pelea por un puesto, el\u00a0instante\u00a0que marc\u00f3 su primavera ya ocurri\u00f3. Fue ese\u00a0primer vistazo a Soto, ese \u00ab\u00a1Santo cielo!\u00bb que delat\u00f3 que, aun en igualdad de condiciones, todav\u00eda hay\u00a0momentos que imponen.<\/p>\n","protected":false},"excerpt":{"rendered":"<p>Aunque sab\u00eda que tarde o temprano ocurrir\u00eda,\u00a0Carson Benge\u00a0no estaba completamente listo para ese\u00a0instante. \u00abCuando vi a Soto\u00bb, cont\u00f3 sobre el &#8230;<\/p>\n","protected":false},"author":2,"featured_media":211792,"comment_status":"closed","ping_status":"closed","sticky":false,"template":"","format":"standard","meta":{"footnotes":""},"categories":[28],"tags":[],"class_list":["post-211790","post","type-post","status-publish","format-standard","has-post-thumbnail","hentry","category-deportes"],"yoast_head":"<!-- This site is optimized with the Yoast SEO plugin v24.8.1 - https:\/\/yoast.com\/wordpress\/plugins\/seo\/ -->\n<title>\u00a1santo cielo!: la reacci\u00f3n de un prospecto \u00e9lite de los Mets al ver por primera vez a Juan Soto - PotenciaRadiofonicaDominicana.com<\/title>\n<meta name=\"robots\" content=\"index, follow, max-snippet:-1, max-image-preview:large, max-video-preview:-1\" \/>\n<link rel=\"canonical\" href=\"https:\/\/potenciaradiofonicadominicana.com\/portal\/santo-cielo-la-reaccion-de-un-prospecto-elite-de-los-mets-al-ver-por-primera-vez-a-juan-soto\/\" \/>\n<meta property=\"og:locale\" content=\"es_ES\" \/>\n<meta property=\"og:type\" content=\"article\" \/>\n<meta property=\"og:title\" content=\"\u00a1santo cielo!: la reacci\u00f3n de un prospecto \u00e9lite de los Mets al ver por primera vez a Juan Soto - PotenciaRadiofonicaDominicana.com\" \/>\n<meta property=\"og:description\" content=\"Aunque sab\u00eda que tarde o temprano ocurrir\u00eda,\u00a0Carson Benge\u00a0no estaba completamente listo para ese\u00a0instante. \u00abCuando vi a Soto\u00bb, cont\u00f3 sobre el ...\" \/>\n<meta property=\"og:url\" content=\"https:\/\/potenciaradiofonicadominicana.com\/portal\/santo-cielo-la-reaccion-de-un-prospecto-elite-de-los-mets-al-ver-por-primera-vez-a-juan-soto\/\" \/>\n<meta property=\"og:site_name\" content=\"PotenciaRadiofonicaDominicana.com\" \/>\n<meta property=\"article:publisher\" content=\"https:\/\/web.facebook.com\/PotenciaRadiofonicaD\" \/>\n<meta property=\"article:published_time\" content=\"2026-02-17T04:18:39+00:00\" \/>\n<meta property=\"og:image\" content=\"https:\/\/potenciaradiofonicadominicana.com\/portal\/wp-content\/uploads\/2026\/02\/afp202507122224828738v3highres2025mlballstarweekfuturesgame-335662ee-focus-0.06-0.73-896-504.jpg\" \/>\n\t<meta property=\"og:image:width\" content=\"895\" \/>\n\t<meta property=\"og:image:height\" content=\"504\" \/>\n\t<meta property=\"og:image:type\" content=\"image\/jpeg\" \/>\n<meta name=\"author\" content=\"Potencia Radiof\u00f3nica Dominicana\" \/>\n<meta name=\"twitter:card\" content=\"summary_large_image\" \/>\n<meta name=\"twitter:label1\" content=\"Escrito por\" \/>\n\t<meta name=\"twitter:data1\" content=\"Potencia Radiof\u00f3nica Dominicana\" \/>\n\t<meta name=\"twitter:label2\" content=\"Tiempo de lectura\" \/>\n\t<meta name=\"twitter:data2\" content=\"4 minutos\" \/>\n<script type=\"application\/ld+json\" class=\"yoast-schema-graph\">{\"@context\":\"https:\/\/schema.org\",\"@graph\":[{\"@type\":\"Article\",\"@id\":\"https:\/\/potenciaradiofonicadominicana.com\/portal\/santo-cielo-la-reaccion-de-un-prospecto-elite-de-los-mets-al-ver-por-primera-vez-a-juan-soto\/#article\",\"isPartOf\":{\"@id\":\"https:\/\/potenciaradiofonicadominicana.com\/portal\/santo-cielo-la-reaccion-de-un-prospecto-elite-de-los-mets-al-ver-por-primera-vez-a-juan-soto\/\"},\"author\":{\"name\":\"Potencia Radiof\u00f3nica Dominicana\",\"@id\":\"https:\/\/potenciaradiofonicadominicana.com\/portal\/#\/schema\/person\/a5cf1fea13877803ee0573ac18b03490\"},\"headline\":\"\u00a1santo cielo!: la reacci\u00f3n de un prospecto \u00e9lite de los Mets al ver por primera vez a Juan Soto\",\"datePublished\":\"2026-02-17T04:18:39+00:00\",\"mainEntityOfPage\":{\"@id\":\"https:\/\/potenciaradiofonicadominicana.com\/portal\/santo-cielo-la-reaccion-de-un-prospecto-elite-de-los-mets-al-ver-por-primera-vez-a-juan-soto\/\"},\"wordCount\":537,\"publisher\":{\"@id\":\"https:\/\/potenciaradiofonicadominicana.com\/portal\/#organization\"},\"image\":{\"@id\":\"https:\/\/potenciaradiofonicadominicana.com\/portal\/santo-cielo-la-reaccion-de-un-prospecto-elite-de-los-mets-al-ver-por-primera-vez-a-juan-soto\/#primaryimage\"},\"thumbnailUrl\":\"https:\/\/potenciaradiofonicadominicana.com\/portal\/wp-content\/uploads\/2026\/02\/afp202507122224828738v3highres2025mlballstarweekfuturesgame-335662ee-focus-0.06-0.73-896-504.jpg\",\"articleSection\":[\"Deportes\"],\"inLanguage\":\"es\"},{\"@type\":\"WebPage\",\"@id\":\"https:\/\/potenciaradiofonicadominicana.com\/portal\/santo-cielo-la-reaccion-de-un-prospecto-elite-de-los-mets-al-ver-por-primera-vez-a-juan-soto\/\",\"url\":\"https:\/\/potenciaradiofonicadominicana.com\/portal\/santo-cielo-la-reaccion-de-un-prospecto-elite-de-los-mets-al-ver-por-primera-vez-a-juan-soto\/\",\"name\":\"\u00a1santo cielo!: la reacci\u00f3n de un prospecto \u00e9lite de los Mets al ver por primera vez a Juan Soto - PotenciaRadiofonicaDominicana.com\",\"isPartOf\":{\"@id\":\"https:\/\/potenciaradiofonicadominicana.com\/portal\/#website\"},\"primaryImageOfPage\":{\"@id\":\"https:\/\/potenciaradiofonicadominicana.com\/portal\/santo-cielo-la-reaccion-de-un-prospecto-elite-de-los-mets-al-ver-por-primera-vez-a-juan-soto\/#primaryimage\"},\"image\":{\"@id\":\"https:\/\/potenciaradiofonicadominicana.com\/portal\/santo-cielo-la-reaccion-de-un-prospecto-elite-de-los-mets-al-ver-por-primera-vez-a-juan-soto\/#primaryimage\"},\"thumbnailUrl\":\"https:\/\/potenciaradiofonicadominicana.com\/portal\/wp-content\/uploads\/2026\/02\/afp202507122224828738v3highres2025mlballstarweekfuturesgame-335662ee-focus-0.06-0.73-896-504.jpg\",\"datePublished\":\"2026-02-17T04:18:39+00:00\",\"breadcrumb\":{\"@id\":\"https:\/\/potenciaradiofonicadominicana.com\/portal\/santo-cielo-la-reaccion-de-un-prospecto-elite-de-los-mets-al-ver-por-primera-vez-a-juan-soto\/#breadcrumb\"},\"inLanguage\":\"es\",\"potentialAction\":[{\"@type\":\"ReadAction\",\"target\":[\"https:\/\/potenciaradiofonicadominicana.com\/portal\/santo-cielo-la-reaccion-de-un-prospecto-elite-de-los-mets-al-ver-por-primera-vez-a-juan-soto\/\"]}]},{\"@type\":\"ImageObject\",\"inLanguage\":\"es\",\"@id\":\"https:\/\/potenciaradiofonicadominicana.com\/portal\/santo-cielo-la-reaccion-de-un-prospecto-elite-de-los-mets-al-ver-por-primera-vez-a-juan-soto\/#primaryimage\",\"url\":\"https:\/\/potenciaradiofonicadominicana.com\/portal\/wp-content\/uploads\/2026\/02\/afp202507122224828738v3highres2025mlballstarweekfuturesgame-335662ee-focus-0.06-0.73-896-504.jpg\",\"contentUrl\":\"https:\/\/potenciaradiofonicadominicana.com\/portal\/wp-content\/uploads\/2026\/02\/afp202507122224828738v3highres2025mlballstarweekfuturesgame-335662ee-focus-0.06-0.73-896-504.jpg\",\"width\":895,\"height\":504},{\"@type\":\"BreadcrumbList\",\"@id\":\"https:\/\/potenciaradiofonicadominicana.com\/portal\/santo-cielo-la-reaccion-de-un-prospecto-elite-de-los-mets-al-ver-por-primera-vez-a-juan-soto\/#breadcrumb\",\"itemListElement\":[{\"@type\":\"ListItem\",\"position\":1,\"name\":\"Portada\",\"item\":\"https:\/\/potenciaradiofonicadominicana.com\/portal\/\"},{\"@type\":\"ListItem\",\"position\":2,\"name\":\"\u00a1santo cielo!: la reacci\u00f3n de un prospecto \u00e9lite de los Mets al ver por primera vez a Juan Soto\"}]},{\"@type\":\"WebSite\",\"@id\":\"https:\/\/potenciaradiofonicadominicana.com\/portal\/#website\",\"url\":\"https:\/\/potenciaradiofonicadominicana.com\/portal\/\",\"name\":\"PotenciaRadiofonicaDominicana.com\",\"description\":\"Peri\u00f3dico Digital\",\"publisher\":{\"@id\":\"https:\/\/potenciaradiofonicadominicana.com\/portal\/#organization\"},\"potentialAction\":[{\"@type\":\"SearchAction\",\"target\":{\"@type\":\"EntryPoint\",\"urlTemplate\":\"https:\/\/potenciaradiofonicadominicana.com\/portal\/?s={search_term_string}\"},\"query-input\":{\"@type\":\"PropertyValueSpecification\",\"valueRequired\":true,\"valueName\":\"search_term_string\"}}],\"inLanguage\":\"es\"},{\"@type\":\"Organization\",\"@id\":\"https:\/\/potenciaradiofonicadominicana.com\/portal\/#organization\",\"name\":\"PotenciaRadiofonicaDominicana.com\",\"url\":\"https:\/\/potenciaradiofonicadominicana.com\/portal\/\",\"logo\":{\"@type\":\"ImageObject\",\"inLanguage\":\"es\",\"@id\":\"https:\/\/potenciaradiofonicadominicana.com\/portal\/#\/schema\/logo\/image\/\",\"url\":\"https:\/\/potenciaradiofonicadominicana.com\/portal\/wp-content\/uploads\/2022\/01\/descarga.png\",\"contentUrl\":\"https:\/\/potenciaradiofonicadominicana.com\/portal\/wp-content\/uploads\/2022\/01\/descarga.png\",\"width\":300,\"height\":100,\"caption\":\"PotenciaRadiofonicaDominicana.com\"},\"image\":{\"@id\":\"https:\/\/potenciaradiofonicadominicana.com\/portal\/#\/schema\/logo\/image\/\"},\"sameAs\":[\"https:\/\/web.facebook.com\/PotenciaRadiofonicaD\"]},{\"@type\":\"Person\",\"@id\":\"https:\/\/potenciaradiofonicadominicana.com\/portal\/#\/schema\/person\/a5cf1fea13877803ee0573ac18b03490\",\"name\":\"Potencia Radiof\u00f3nica Dominicana\",\"image\":{\"@type\":\"ImageObject\",\"inLanguage\":\"es\",\"@id\":\"https:\/\/potenciaradiofonicadominicana.com\/portal\/#\/schema\/person\/image\/\",\"url\":\"https:\/\/secure.gravatar.com\/avatar\/42a55ab9e8ccc656ba34cd791990602a?s=96&d=mm&r=g\",\"contentUrl\":\"https:\/\/secure.gravatar.com\/avatar\/42a55ab9e8ccc656ba34cd791990602a?s=96&d=mm&r=g\",\"caption\":\"Potencia Radiof\u00f3nica Dominicana\"},\"url\":\"https:\/\/potenciaradiofonicadominicana.com\/portal\/author\/johannyalmanzar\/\"}]}<\/script>\n<!-- \/ Yoast SEO plugin. -->","yoast_head_json":{"title":"\u00a1santo cielo!: la reacci\u00f3n de un prospecto \u00e9lite de los Mets al ver por primera vez a Juan Soto - PotenciaRadiofonicaDominicana.com","robots":{"index":"index","follow":"follow","max-snippet":"max-snippet:-1","max-image-preview":"max-image-preview:large","max-video-preview":"max-video-preview:-1"},"canonical":"https:\/\/potenciaradiofonicadominicana.com\/portal\/santo-cielo-la-reaccion-de-un-prospecto-elite-de-los-mets-al-ver-por-primera-vez-a-juan-soto\/","og_locale":"es_ES","og_type":"article","og_title":"\u00a1santo cielo!: la reacci\u00f3n de un prospecto \u00e9lite de los Mets al ver por primera vez a Juan Soto - PotenciaRadiofonicaDominicana.com","og_description":"Aunque sab\u00eda que tarde o temprano ocurrir\u00eda,\u00a0Carson Benge\u00a0no estaba completamente listo para ese\u00a0instante. \u00abCuando vi a Soto\u00bb, cont\u00f3 sobre el ...","og_url":"https:\/\/potenciaradiofonicadominicana.com\/portal\/santo-cielo-la-reaccion-de-un-prospecto-elite-de-los-mets-al-ver-por-primera-vez-a-juan-soto\/","og_site_name":"PotenciaRadiofonicaDominicana.com","article_publisher":"https:\/\/web.facebook.com\/PotenciaRadiofonicaD","article_published_time":"2026-02-17T04:18:39+00:00","og_image":[{"width":895,"height":504,"url":"https:\/\/potenciaradiofonicadominicana.com\/portal\/wp-content\/uploads\/2026\/02\/afp202507122224828738v3highres2025mlballstarweekfuturesgame-335662ee-focus-0.06-0.73-896-504.jpg","type":"image\/jpeg"}],"author":"Potencia Radiof\u00f3nica Dominicana","twitter_card":"summary_large_image","twitter_misc":{"Escrito por":"Potencia Radiof\u00f3nica Dominicana","Tiempo de lectura":"4 minutos"},"schema":{"@context":"https:\/\/schema.org","@graph":[{"@type":"Article","@id":"https:\/\/potenciaradiofonicadominicana.com\/portal\/santo-cielo-la-reaccion-de-un-prospecto-elite-de-los-mets-al-ver-por-primera-vez-a-juan-soto\/#article","isPartOf":{"@id":"https:\/\/potenciaradiofonicadominicana.com\/portal\/santo-cielo-la-reaccion-de-un-prospecto-elite-de-los-mets-al-ver-por-primera-vez-a-juan-soto\/"},"author":{"name":"Potencia Radiof\u00f3nica Dominicana","@id":"https:\/\/potenciaradiofonicadominicana.com\/portal\/#\/schema\/person\/a5cf1fea13877803ee0573ac18b03490"},"headline":"\u00a1santo cielo!: la reacci\u00f3n de un prospecto \u00e9lite de los Mets al ver por primera vez a Juan Soto","datePublished":"2026-02-17T04:18:39+00:00","mainEntityOfPage":{"@id":"https:\/\/potenciaradiofonicadominicana.com\/portal\/santo-cielo-la-reaccion-de-un-prospecto-elite-de-los-mets-al-ver-por-primera-vez-a-juan-soto\/"},"wordCount":537,"publisher":{"@id":"https:\/\/potenciaradiofonicadominicana.com\/portal\/#organization"},"image":{"@id":"https:\/\/potenciaradiofonicadominicana.com\/portal\/santo-cielo-la-reaccion-de-un-prospecto-elite-de-los-mets-al-ver-por-primera-vez-a-juan-soto\/#primaryimage"},"thumbnailUrl":"https:\/\/potenciaradiofonicadominicana.com\/portal\/wp-content\/uploads\/2026\/02\/afp202507122224828738v3highres2025mlballstarweekfuturesgame-335662ee-focus-0.06-0.73-896-504.jpg","articleSection":["Deportes"],"inLanguage":"es"},{"@type":"WebPage","@id":"https:\/\/potenciaradiofonicadominicana.com\/portal\/santo-cielo-la-reaccion-de-un-prospecto-elite-de-los-mets-al-ver-por-primera-vez-a-juan-soto\/","url":"https:\/\/potenciaradiofonicadominicana.com\/portal\/santo-cielo-la-reaccion-de-un-prospecto-elite-de-los-mets-al-ver-por-primera-vez-a-juan-soto\/","name":"\u00a1santo cielo!: la reacci\u00f3n de un prospecto \u00e9lite de los Mets al ver por primera vez a Juan Soto - PotenciaRadiofonicaDominicana.com","isPartOf":{"@id":"https:\/\/potenciaradiofonicadominicana.com\/portal\/#website"},"primaryImageOfPage":{"@id":"https:\/\/potenciaradiofonicadominicana.com\/portal\/santo-cielo-la-reaccion-de-un-prospecto-elite-de-los-mets-al-ver-por-primera-vez-a-juan-soto\/#primaryimage"},"image":{"@id":"https:\/\/potenciaradiofonicadominicana.com\/portal\/santo-cielo-la-reaccion-de-un-prospecto-elite-de-los-mets-al-ver-por-primera-vez-a-juan-soto\/#primaryimage"},"thumbnailUrl":"https:\/\/potenciaradiofonicadominicana.com\/portal\/wp-content\/uploads\/2026\/02\/afp202507122224828738v3highres2025mlballstarweekfuturesgame-335662ee-focus-0.06-0.73-896-504.jpg","datePublished":"2026-02-17T04:18:39+00:00","breadcrumb":{"@id":"https:\/\/potenciaradiofonicadominicana.com\/portal\/santo-cielo-la-reaccion-de-un-prospecto-elite-de-los-mets-al-ver-por-primera-vez-a-juan-soto\/#breadcrumb"},"inLanguage":"es","potentialAction":[{"@type":"ReadAction","target":["https:\/\/potenciaradiofonicadominicana.com\/portal\/santo-cielo-la-reaccion-de-un-prospecto-elite-de-los-mets-al-ver-por-primera-vez-a-juan-soto\/"]}]},{"@type":"ImageObject","inLanguage":"es","@id":"https:\/\/potenciaradiofonicadominicana.com\/portal\/santo-cielo-la-reaccion-de-un-prospecto-elite-de-los-mets-al-ver-por-primera-vez-a-juan-soto\/#primaryimage","url":"https:\/\/potenciaradiofonicadominicana.com\/portal\/wp-content\/uploads\/2026\/02\/afp202507122224828738v3highres2025mlballstarweekfuturesgame-335662ee-focus-0.06-0.73-896-504.jpg","contentUrl":"https:\/\/potenciaradiofonicadominicana.com\/portal\/wp-content\/uploads\/2026\/02\/afp202507122224828738v3highres2025mlballstarweekfuturesgame-335662ee-focus-0.06-0.73-896-504.jpg","width":895,"height":504},{"@type":"BreadcrumbList","@id":"https:\/\/potenciaradiofonicadominicana.com\/portal\/santo-cielo-la-reaccion-de-un-prospecto-elite-de-los-mets-al-ver-por-primera-vez-a-juan-soto\/#breadcrumb","itemListElement":[{"@type":"ListItem","position":1,"name":"Portada","item":"https:\/\/potenciaradiofonicadominicana.com\/portal\/"},{"@type":"ListItem","position":2,"name":"\u00a1santo cielo!: la reacci\u00f3n de un prospecto \u00e9lite de los Mets al ver por primera vez a Juan Soto"}]},{"@type":"WebSite","@id":"https:\/\/potenciaradiofonicadominicana.com\/portal\/#website","url":"https:\/\/potenciaradiofonicadominicana.com\/portal\/","name":"PotenciaRadiofonicaDominicana.com","description":"Peri\u00f3dico Digital","publisher":{"@id":"https:\/\/potenciaradiofonicadominicana.com\/portal\/#organization"},"potentialAction":[{"@type":"SearchAction","target":{"@type":"EntryPoint","urlTemplate":"https:\/\/potenciaradiofonicadominicana.com\/portal\/?s={search_term_string}"},"query-input":{"@type":"PropertyValueSpecification","valueRequired":true,"valueName":"search_term_string"}}],"inLanguage":"es"},{"@type":"Organization","@id":"https:\/\/potenciaradiofonicadominicana.com\/portal\/#organization","name":"PotenciaRadiofonicaDominicana.com","url":"https:\/\/potenciaradiofonicadominicana.com\/portal\/","logo":{"@type":"ImageObject","inLanguage":"es","@id":"https:\/\/potenciaradiofonicadominicana.com\/portal\/#\/schema\/logo\/image\/","url":"https:\/\/potenciaradiofonicadominicana.com\/portal\/wp-content\/uploads\/2022\/01\/descarga.png","contentUrl":"https:\/\/potenciaradiofonicadominicana.com\/portal\/wp-content\/uploads\/2022\/01\/descarga.png","width":300,"height":100,"caption":"PotenciaRadiofonicaDominicana.com"},"image":{"@id":"https:\/\/potenciaradiofonicadominicana.com\/portal\/#\/schema\/logo\/image\/"},"sameAs":["https:\/\/web.facebook.com\/PotenciaRadiofonicaD"]},{"@type":"Person","@id":"https:\/\/potenciaradiofonicadominicana.com\/portal\/#\/schema\/person\/a5cf1fea13877803ee0573ac18b03490","name":"Potencia Radiof\u00f3nica Dominicana","image":{"@type":"ImageObject","inLanguage":"es","@id":"https:\/\/potenciaradiofonicadominicana.com\/portal\/#\/schema\/person\/image\/","url":"https:\/\/secure.gravatar.com\/avatar\/42a55ab9e8ccc656ba34cd791990602a?s=96&d=mm&r=g","contentUrl":"https:\/\/secure.gravatar.com\/avatar\/42a55ab9e8ccc656ba34cd791990602a?s=96&d=mm&r=g","caption":"Potencia Radiof\u00f3nica Dominicana"},"url":"https:\/\/potenciaradiofonicadominicana.com\/portal\/author\/johannyalmanzar\/"}]}},"_links":{"self":[{"href":"https:\/\/potenciaradiofonicadominicana.com\/portal\/wp-json\/wp\/v2\/posts\/211790","targetHints":{"allow":["GET"]}}],"collection":[{"href":"https:\/\/potenciaradiofonicadominicana.com\/portal\/wp-json\/wp\/v2\/posts"}],"about":[{"href":"https:\/\/potenciaradiofonicadominicana.com\/portal\/wp-json\/wp\/v2\/types\/post"}],"author":[{"embeddable":true,"href":"https:\/\/potenciaradiofonicadominicana.com\/portal\/wp-json\/wp\/v2\/users\/2"}],"replies":[{"embeddable":true,"href":"https:\/\/potenciaradiofonicadominicana.com\/portal\/wp-json\/wp\/v2\/comments?post=211790"}],"version-history":[{"count":1,"href":"https:\/\/potenciaradiofonicadominicana.com\/portal\/wp-json\/wp\/v2\/posts\/211790\/revisions"}],"predecessor-version":[{"id":211795,"href":"https:\/\/potenciaradiofonicadominicana.com\/portal\/wp-json\/wp\/v2\/posts\/211790\/revisions\/211795"}],"wp:featuredmedia":[{"embeddable":true,"href":"https:\/\/potenciaradiofonicadominicana.com\/portal\/wp-json\/wp\/v2\/media\/211792"}],"wp:attachment":[{"href":"https:\/\/potenciaradiofonicadominicana.com\/portal\/wp-json\/wp\/v2\/media?parent=211790"}],"wp:term":[{"taxonomy":"category","embeddable":true,"href":"https:\/\/potenciaradiofonicadominicana.com\/portal\/wp-json\/wp\/v2\/categories?post=211790"},{"taxonomy":"post_tag","embeddable":true,"href":"https:\/\/potenciaradiofonicadominicana.com\/portal\/wp-json\/wp\/v2\/tags?post=211790"}],"curies":[{"name":"wp","href":"https:\/\/api.w.org\/{rel}","templated":true}]}}