{"id":211753,"date":"2026-02-17T00:07:31","date_gmt":"2026-02-17T04:07:31","guid":{"rendered":"https:\/\/potenciaradiofonicadominicana.com\/portal\/?p=211753"},"modified":"2026-02-17T00:07:31","modified_gmt":"2026-02-17T04:07:31","slug":"vladimir-guerrero-jr-el-feliz-rostro-de-una-nueva-era-en-toronto","status":"publish","type":"post","link":"https:\/\/potenciaradiofonicadominicana.com\/portal\/vladimir-guerrero-jr-el-feliz-rostro-de-una-nueva-era-en-toronto\/","title":{"rendered":"Vladimir Guerrero Jr., el feliz rostro de una nueva era en Toronto"},"content":{"rendered":"<p><a href=\"https:\/\/potenciaradiofonicadominicana.com\/portal\/wp-content\/uploads\/2026\/02\/mlb-vladimir-guerrero-jr-el-rostro-de-una-nueva-era-en-toronto-2ee6d359-focus-min0.06-0.59-896-504.jpg\"><img loading=\"lazy\" decoding=\"async\" class=\"alignnone size-full wp-image-211754\" src=\"https:\/\/potenciaradiofonicadominicana.com\/portal\/wp-content\/uploads\/2026\/02\/mlb-vladimir-guerrero-jr-el-rostro-de-una-nueva-era-en-toronto-2ee6d359-focus-min0.06-0.59-896-504.jpg\" alt=\"\" width=\"896\" height=\"504\" srcset=\"https:\/\/potenciaradiofonicadominicana.com\/portal\/wp-content\/uploads\/2026\/02\/mlb-vladimir-guerrero-jr-el-rostro-de-una-nueva-era-en-toronto-2ee6d359-focus-min0.06-0.59-896-504.jpg 896w, https:\/\/potenciaradiofonicadominicana.com\/portal\/wp-content\/uploads\/2026\/02\/mlb-vladimir-guerrero-jr-el-rostro-de-una-nueva-era-en-toronto-2ee6d359-focus-min0.06-0.59-896-504-300x169.jpg 300w, https:\/\/potenciaradiofonicadominicana.com\/portal\/wp-content\/uploads\/2026\/02\/mlb-vladimir-guerrero-jr-el-rostro-de-una-nueva-era-en-toronto-2ee6d359-focus-min0.06-0.59-896-504-768x432.jpg 768w\" sizes=\"auto, (max-width: 896px) 100vw, 896px\" \/><\/a><\/p>\n<p>La\u00a0sonrisa\u00a0de Vladimir\u00a0Guerrero\u00a0Jr. al presentarse a los\u00a0entrenamientos primaverales\u00a0no fue un gesto casual. Refleja el momento que vive la principal figura de los Azulejos de\u00a0Toronto:\u00a0estabilidad contractual, madurez deportiva y una responsabilidad que ya no admite matices.<\/p>\n<p>Tras una campa\u00f1a en la que\u00a0Toronto\u00a0conquist\u00f3 el\u00a0bander\u00edn de la Liga Americana\u00a0y llev\u00f3 al l\u00edmite a los Dodgers de Los \u00c1ngeles en una\u00a0Serie Mundial\u00a0decidida en siete juegos, el inicialista dominicano encara el\u00a02026\u00a0como el eje principal del proyecto canadiense.<\/p>\n<p>La\u00a0organizaci\u00f3n\u00a0blind\u00f3 su futuro con una\u00a0extensi\u00f3n de largo plazo que, m\u00e1s que asegurar cifras, consolida un mensaje inequ\u00edvoco: Vladdy Jr. es la cara de la franquicia.<\/p>\n<p>Durante la temporada regular,\u00a0Guerrero\u00a0Jr. registr\u00f3 una l\u00ednea ofensiva de .292\/.381\/.467, con\u00a023 cuadrangulares\u00a0y\u00a084 remolques. N\u00fameros que, para algunos, quiz\u00e1s no justifican por s\u00ed solos una extensi\u00f3n de 14 a\u00f1os y 500 millones de d\u00f3lares, pero su impacto dentro y fuera del terreno termin\u00f3 de consolidar su\u00a0estatus\u00a0como l\u00edder indiscutible del club.<\/p>\n<p>El desempe\u00f1o del dominicano alcanz\u00f3 otra dimensi\u00f3n en octubre.\u00a0Guerrero\u00a0Jr. tuvo una\u00a0postemporada\u00a0de ensue\u00f1o: se alz\u00f3 con el premio de\u00a0Jugador M\u00e1s Valioso\u00a0en la\u00a0Serie de Campeonato\u00a0de la Liga Americana y cerr\u00f3 la fase decisiva con una l\u00ednea ofensiva de .397\/.505\/.795, ocho cuadrangulares, 18 anotadas y 15 remolques en 18 partidos, adem\u00e1s de cinco dobles.<\/p>\n<p>\u00abAdquirimos\u00a0nuevos jugadores, grandes jugadores. Creo que esto va a ser m\u00e1s divertido\u00bb, coment\u00f3\u00a0Guerrero. Toronto adquiri\u00f3 en la agencia libre a Dylan Cease y a Cody Ponce, y el jardinero Jes\u00fas S\u00e1nchez en un cambio desde los Astros de Houston.<\/p>\n<p>\u00abEn realidad estoy m\u00e1s contento que el a\u00f1o pasado. Por alguna raz\u00f3n, estoy m\u00e1s contento y me siento muy bien. Tengo\u00a0buenos presentimientos\u00a0sobre este a\u00f1o y s\u00e9 que somos capaces de hacer muchas cosas buenas\u00bb, agreg\u00f3 Guerrero Jr.<\/p>\n<p>Impacto y liderazgo de Vladimir Guerrero Jr. en Toronto<\/p>\n<p>No se trata \u00fanicamente de su\u00a0producci\u00f3n ofensiva, sino del\u00a0peso simb\u00f3lico\u00a0que ha adquirido dentro del clubhouse y ante la afici\u00f3n canadiense. Su evoluci\u00f3n ha sido visible tanto en el terreno como en su rol de\u00a0referente interno, una transici\u00f3n natural para un jugador que creci\u00f3 bajo los reflectores de las\u00a0Grandes Ligas.<\/p>\n<p>El nuevo contexto presenta, sin embargo, un matiz emocional y estrat\u00e9gico. Por primera vez,\u00a0Guerrero\u00a0Jr. afronta un\u00a0spring training\u00a0sin\u00a0Bo Bichette, su compa\u00f1ero inseparable durante a\u00f1os y ahora integrante de los\u00a0Mets de Nueva York.<\/p>\n<p>La\u00a0salida del campocorto\u00a0no solo altera la\u00a0din\u00e1mica deportiva, sino que marca el cierre de una\u00a0etapa generacional\u00a0en\u00a0Toronto. Para\u00a0Guerrero\u00a0Jr., implica asumir a\u00fan m\u00e1s\u00a0protagonismo\u00a0en la construcci\u00f3n de la\u00a0identidad competitiva\u00a0del equipo.<\/p>\n<p>\u00abSiempre ser\u00e9 el mismo, no importa si \u00e9l est\u00e1 aqu\u00ed o no. Obviamente es un poco dif\u00edcil; fueron 10 a\u00f1os juntos, pero entiendo el negocio. \u00c9l vel\u00f3 por su familia y, gracias a Dios, consigui\u00f3 el\u00a0contrato\u00a0que andaba buscando\u00bb, expres\u00f3\u00a0Guerrero\u00a0Jr. sobre la partida de Bichette.<\/p>\n<p>Desde el cuerpo t\u00e9cnico, la lectura es clara. El dirigente\u00a0John Schneider\u00a0ha subrayado que el\u00a0liderazgo\u00a0del conjunto recae en el dominicano, una afirmaci\u00f3n respaldada por su impacto en la\u00a0postemporada\u00a0anterior. Pero el mensaje del club apunta en otra direcci\u00f3n igualmente relevante: el \u00e9xito de 2025 no otorga derechos adquiridos.<\/p>\n<p>Perspectivas y desaf\u00edos para los Azulejos en 2026<\/p>\n<p>Toronto\u00a0no llega a\u00a02026\u00a0con la\u00a0mentalidad\u00a0de defender conquistas pasadas, sino con la urgencia de completar la\u00a0tarea pendiente.<\/p>\n<p>\u00abNo estamos defendiendo nada\u00bb, dijo\u00a0Schneider. \u00abNo estamos defendiendo el Este de la Liga Americana. No estamos defendiendo la Liga Americana. Estamos atacando el\u00a02026\u00a0como lo hicimos en el 2025. Estamos tratando de\u00a0ganar la divisi\u00f3n. Estamos tratando de ganar la\u00a0Serie Mundial\u00bb.<\/p>\n<p>Esa perspectiva redefine la\u00a0presi\u00f3n\u00a0alrededor de\u00a0Guerrero\u00a0Jr. En un roster que ha sufrido ajustes importantes, su\u00a0consistencia ofensiva\u00a0y su presencia como\u00a0catalizador an\u00edmico\u00a0ser\u00e1n determinantes.<\/p>\n<p>Ya no es solo el\u00a0bateador temible\u00a0ni la\u00a0estrella medi\u00e1tica; es el jugador llamado a sostener la ambici\u00f3n colectiva y a encarnar la\u00a0cultura ganadora\u00a0que la franquicia intenta consolidar.<\/p>\n","protected":false},"excerpt":{"rendered":"<p>La\u00a0sonrisa\u00a0de Vladimir\u00a0Guerrero\u00a0Jr. al presentarse a los\u00a0entrenamientos primaverales\u00a0no fue un gesto casual. Refleja el momento que vive la principal figura de &#8230;<\/p>\n","protected":false},"author":2,"featured_media":211754,"comment_status":"closed","ping_status":"closed","sticky":false,"template":"","format":"standard","meta":{"footnotes":""},"categories":[28],"tags":[],"class_list":["post-211753","post","type-post","status-publish","format-standard","has-post-thumbnail","hentry","category-deportes"],"yoast_head":"<!-- This site is optimized with the Yoast SEO plugin v24.8.1 - https:\/\/yoast.com\/wordpress\/plugins\/seo\/ -->\n<title>Vladimir Guerrero Jr., el feliz rostro de una nueva era en Toronto - PotenciaRadiofonicaDominicana.com<\/title>\n<meta name=\"robots\" content=\"index, follow, max-snippet:-1, max-image-preview:large, max-video-preview:-1\" \/>\n<link rel=\"canonical\" href=\"https:\/\/potenciaradiofonicadominicana.com\/portal\/vladimir-guerrero-jr-el-feliz-rostro-de-una-nueva-era-en-toronto\/\" \/>\n<meta property=\"og:locale\" content=\"es_ES\" \/>\n<meta property=\"og:type\" content=\"article\" \/>\n<meta property=\"og:title\" content=\"Vladimir Guerrero Jr., el feliz rostro de una nueva era en Toronto - PotenciaRadiofonicaDominicana.com\" \/>\n<meta property=\"og:description\" content=\"La\u00a0sonrisa\u00a0de Vladimir\u00a0Guerrero\u00a0Jr. al presentarse a los\u00a0entrenamientos primaverales\u00a0no fue un gesto casual. Refleja el momento que vive la principal figura de ...\" \/>\n<meta property=\"og:url\" content=\"https:\/\/potenciaradiofonicadominicana.com\/portal\/vladimir-guerrero-jr-el-feliz-rostro-de-una-nueva-era-en-toronto\/\" \/>\n<meta property=\"og:site_name\" content=\"PotenciaRadiofonicaDominicana.com\" \/>\n<meta property=\"article:publisher\" content=\"https:\/\/web.facebook.com\/PotenciaRadiofonicaD\" \/>\n<meta property=\"article:published_time\" content=\"2026-02-17T04:07:31+00:00\" \/>\n<meta property=\"og:image\" content=\"https:\/\/potenciaradiofonicadominicana.com\/portal\/wp-content\/uploads\/2026\/02\/mlb-vladimir-guerrero-jr-el-rostro-de-una-nueva-era-en-toronto-2ee6d359-focus-min0.06-0.59-896-504.jpg\" \/>\n\t<meta property=\"og:image:width\" content=\"896\" \/>\n\t<meta property=\"og:image:height\" content=\"504\" \/>\n\t<meta property=\"og:image:type\" content=\"image\/jpeg\" \/>\n<meta name=\"author\" content=\"Potencia Radiof\u00f3nica Dominicana\" \/>\n<meta name=\"twitter:card\" content=\"summary_large_image\" \/>\n<meta name=\"twitter:label1\" content=\"Escrito por\" \/>\n\t<meta name=\"twitter:data1\" content=\"Potencia Radiof\u00f3nica Dominicana\" \/>\n\t<meta name=\"twitter:label2\" content=\"Tiempo de lectura\" \/>\n\t<meta name=\"twitter:data2\" content=\"4 minutos\" \/>\n<script type=\"application\/ld+json\" class=\"yoast-schema-graph\">{\"@context\":\"https:\/\/schema.org\",\"@graph\":[{\"@type\":\"Article\",\"@id\":\"https:\/\/potenciaradiofonicadominicana.com\/portal\/vladimir-guerrero-jr-el-feliz-rostro-de-una-nueva-era-en-toronto\/#article\",\"isPartOf\":{\"@id\":\"https:\/\/potenciaradiofonicadominicana.com\/portal\/vladimir-guerrero-jr-el-feliz-rostro-de-una-nueva-era-en-toronto\/\"},\"author\":{\"name\":\"Potencia Radiof\u00f3nica Dominicana\",\"@id\":\"https:\/\/potenciaradiofonicadominicana.com\/portal\/#\/schema\/person\/a5cf1fea13877803ee0573ac18b03490\"},\"headline\":\"Vladimir Guerrero Jr., el feliz rostro de una nueva era en Toronto\",\"datePublished\":\"2026-02-17T04:07:31+00:00\",\"mainEntityOfPage\":{\"@id\":\"https:\/\/potenciaradiofonicadominicana.com\/portal\/vladimir-guerrero-jr-el-feliz-rostro-de-una-nueva-era-en-toronto\/\"},\"wordCount\":728,\"publisher\":{\"@id\":\"https:\/\/potenciaradiofonicadominicana.com\/portal\/#organization\"},\"image\":{\"@id\":\"https:\/\/potenciaradiofonicadominicana.com\/portal\/vladimir-guerrero-jr-el-feliz-rostro-de-una-nueva-era-en-toronto\/#primaryimage\"},\"thumbnailUrl\":\"https:\/\/potenciaradiofonicadominicana.com\/portal\/wp-content\/uploads\/2026\/02\/mlb-vladimir-guerrero-jr-el-rostro-de-una-nueva-era-en-toronto-2ee6d359-focus-min0.06-0.59-896-504.jpg\",\"articleSection\":[\"Deportes\"],\"inLanguage\":\"es\"},{\"@type\":\"WebPage\",\"@id\":\"https:\/\/potenciaradiofonicadominicana.com\/portal\/vladimir-guerrero-jr-el-feliz-rostro-de-una-nueva-era-en-toronto\/\",\"url\":\"https:\/\/potenciaradiofonicadominicana.com\/portal\/vladimir-guerrero-jr-el-feliz-rostro-de-una-nueva-era-en-toronto\/\",\"name\":\"Vladimir Guerrero Jr., el feliz rostro de una nueva era en Toronto - PotenciaRadiofonicaDominicana.com\",\"isPartOf\":{\"@id\":\"https:\/\/potenciaradiofonicadominicana.com\/portal\/#website\"},\"primaryImageOfPage\":{\"@id\":\"https:\/\/potenciaradiofonicadominicana.com\/portal\/vladimir-guerrero-jr-el-feliz-rostro-de-una-nueva-era-en-toronto\/#primaryimage\"},\"image\":{\"@id\":\"https:\/\/potenciaradiofonicadominicana.com\/portal\/vladimir-guerrero-jr-el-feliz-rostro-de-una-nueva-era-en-toronto\/#primaryimage\"},\"thumbnailUrl\":\"https:\/\/potenciaradiofonicadominicana.com\/portal\/wp-content\/uploads\/2026\/02\/mlb-vladimir-guerrero-jr-el-rostro-de-una-nueva-era-en-toronto-2ee6d359-focus-min0.06-0.59-896-504.jpg\",\"datePublished\":\"2026-02-17T04:07:31+00:00\",\"breadcrumb\":{\"@id\":\"https:\/\/potenciaradiofonicadominicana.com\/portal\/vladimir-guerrero-jr-el-feliz-rostro-de-una-nueva-era-en-toronto\/#breadcrumb\"},\"inLanguage\":\"es\",\"potentialAction\":[{\"@type\":\"ReadAction\",\"target\":[\"https:\/\/potenciaradiofonicadominicana.com\/portal\/vladimir-guerrero-jr-el-feliz-rostro-de-una-nueva-era-en-toronto\/\"]}]},{\"@type\":\"ImageObject\",\"inLanguage\":\"es\",\"@id\":\"https:\/\/potenciaradiofonicadominicana.com\/portal\/vladimir-guerrero-jr-el-feliz-rostro-de-una-nueva-era-en-toronto\/#primaryimage\",\"url\":\"https:\/\/potenciaradiofonicadominicana.com\/portal\/wp-content\/uploads\/2026\/02\/mlb-vladimir-guerrero-jr-el-rostro-de-una-nueva-era-en-toronto-2ee6d359-focus-min0.06-0.59-896-504.jpg\",\"contentUrl\":\"https:\/\/potenciaradiofonicadominicana.com\/portal\/wp-content\/uploads\/2026\/02\/mlb-vladimir-guerrero-jr-el-rostro-de-una-nueva-era-en-toronto-2ee6d359-focus-min0.06-0.59-896-504.jpg\",\"width\":896,\"height\":504},{\"@type\":\"BreadcrumbList\",\"@id\":\"https:\/\/potenciaradiofonicadominicana.com\/portal\/vladimir-guerrero-jr-el-feliz-rostro-de-una-nueva-era-en-toronto\/#breadcrumb\",\"itemListElement\":[{\"@type\":\"ListItem\",\"position\":1,\"name\":\"Portada\",\"item\":\"https:\/\/potenciaradiofonicadominicana.com\/portal\/\"},{\"@type\":\"ListItem\",\"position\":2,\"name\":\"Vladimir Guerrero Jr., el feliz rostro de una nueva era en Toronto\"}]},{\"@type\":\"WebSite\",\"@id\":\"https:\/\/potenciaradiofonicadominicana.com\/portal\/#website\",\"url\":\"https:\/\/potenciaradiofonicadominicana.com\/portal\/\",\"name\":\"PotenciaRadiofonicaDominicana.com\",\"description\":\"Peri\u00f3dico Digital\",\"publisher\":{\"@id\":\"https:\/\/potenciaradiofonicadominicana.com\/portal\/#organization\"},\"potentialAction\":[{\"@type\":\"SearchAction\",\"target\":{\"@type\":\"EntryPoint\",\"urlTemplate\":\"https:\/\/potenciaradiofonicadominicana.com\/portal\/?s={search_term_string}\"},\"query-input\":{\"@type\":\"PropertyValueSpecification\",\"valueRequired\":true,\"valueName\":\"search_term_string\"}}],\"inLanguage\":\"es\"},{\"@type\":\"Organization\",\"@id\":\"https:\/\/potenciaradiofonicadominicana.com\/portal\/#organization\",\"name\":\"PotenciaRadiofonicaDominicana.com\",\"url\":\"https:\/\/potenciaradiofonicadominicana.com\/portal\/\",\"logo\":{\"@type\":\"ImageObject\",\"inLanguage\":\"es\",\"@id\":\"https:\/\/potenciaradiofonicadominicana.com\/portal\/#\/schema\/logo\/image\/\",\"url\":\"https:\/\/potenciaradiofonicadominicana.com\/portal\/wp-content\/uploads\/2022\/01\/descarga.png\",\"contentUrl\":\"https:\/\/potenciaradiofonicadominicana.com\/portal\/wp-content\/uploads\/2022\/01\/descarga.png\",\"width\":300,\"height\":100,\"caption\":\"PotenciaRadiofonicaDominicana.com\"},\"image\":{\"@id\":\"https:\/\/potenciaradiofonicadominicana.com\/portal\/#\/schema\/logo\/image\/\"},\"sameAs\":[\"https:\/\/web.facebook.com\/PotenciaRadiofonicaD\"]},{\"@type\":\"Person\",\"@id\":\"https:\/\/potenciaradiofonicadominicana.com\/portal\/#\/schema\/person\/a5cf1fea13877803ee0573ac18b03490\",\"name\":\"Potencia Radiof\u00f3nica Dominicana\",\"image\":{\"@type\":\"ImageObject\",\"inLanguage\":\"es\",\"@id\":\"https:\/\/potenciaradiofonicadominicana.com\/portal\/#\/schema\/person\/image\/\",\"url\":\"https:\/\/secure.gravatar.com\/avatar\/42a55ab9e8ccc656ba34cd791990602a?s=96&d=mm&r=g\",\"contentUrl\":\"https:\/\/secure.gravatar.com\/avatar\/42a55ab9e8ccc656ba34cd791990602a?s=96&d=mm&r=g\",\"caption\":\"Potencia Radiof\u00f3nica Dominicana\"},\"url\":\"https:\/\/potenciaradiofonicadominicana.com\/portal\/author\/johannyalmanzar\/\"}]}<\/script>\n<!-- \/ Yoast SEO plugin. -->","yoast_head_json":{"title":"Vladimir Guerrero Jr., el feliz rostro de una nueva era en Toronto - PotenciaRadiofonicaDominicana.com","robots":{"index":"index","follow":"follow","max-snippet":"max-snippet:-1","max-image-preview":"max-image-preview:large","max-video-preview":"max-video-preview:-1"},"canonical":"https:\/\/potenciaradiofonicadominicana.com\/portal\/vladimir-guerrero-jr-el-feliz-rostro-de-una-nueva-era-en-toronto\/","og_locale":"es_ES","og_type":"article","og_title":"Vladimir Guerrero Jr., el feliz rostro de una nueva era en Toronto - PotenciaRadiofonicaDominicana.com","og_description":"La\u00a0sonrisa\u00a0de Vladimir\u00a0Guerrero\u00a0Jr. al presentarse a los\u00a0entrenamientos primaverales\u00a0no fue un gesto casual. Refleja el momento que vive la principal figura de ...","og_url":"https:\/\/potenciaradiofonicadominicana.com\/portal\/vladimir-guerrero-jr-el-feliz-rostro-de-una-nueva-era-en-toronto\/","og_site_name":"PotenciaRadiofonicaDominicana.com","article_publisher":"https:\/\/web.facebook.com\/PotenciaRadiofonicaD","article_published_time":"2026-02-17T04:07:31+00:00","og_image":[{"width":896,"height":504,"url":"https:\/\/potenciaradiofonicadominicana.com\/portal\/wp-content\/uploads\/2026\/02\/mlb-vladimir-guerrero-jr-el-rostro-de-una-nueva-era-en-toronto-2ee6d359-focus-min0.06-0.59-896-504.jpg","type":"image\/jpeg"}],"author":"Potencia Radiof\u00f3nica Dominicana","twitter_card":"summary_large_image","twitter_misc":{"Escrito por":"Potencia Radiof\u00f3nica Dominicana","Tiempo de lectura":"4 minutos"},"schema":{"@context":"https:\/\/schema.org","@graph":[{"@type":"Article","@id":"https:\/\/potenciaradiofonicadominicana.com\/portal\/vladimir-guerrero-jr-el-feliz-rostro-de-una-nueva-era-en-toronto\/#article","isPartOf":{"@id":"https:\/\/potenciaradiofonicadominicana.com\/portal\/vladimir-guerrero-jr-el-feliz-rostro-de-una-nueva-era-en-toronto\/"},"author":{"name":"Potencia Radiof\u00f3nica Dominicana","@id":"https:\/\/potenciaradiofonicadominicana.com\/portal\/#\/schema\/person\/a5cf1fea13877803ee0573ac18b03490"},"headline":"Vladimir Guerrero Jr., el feliz rostro de una nueva era en Toronto","datePublished":"2026-02-17T04:07:31+00:00","mainEntityOfPage":{"@id":"https:\/\/potenciaradiofonicadominicana.com\/portal\/vladimir-guerrero-jr-el-feliz-rostro-de-una-nueva-era-en-toronto\/"},"wordCount":728,"publisher":{"@id":"https:\/\/potenciaradiofonicadominicana.com\/portal\/#organization"},"image":{"@id":"https:\/\/potenciaradiofonicadominicana.com\/portal\/vladimir-guerrero-jr-el-feliz-rostro-de-una-nueva-era-en-toronto\/#primaryimage"},"thumbnailUrl":"https:\/\/potenciaradiofonicadominicana.com\/portal\/wp-content\/uploads\/2026\/02\/mlb-vladimir-guerrero-jr-el-rostro-de-una-nueva-era-en-toronto-2ee6d359-focus-min0.06-0.59-896-504.jpg","articleSection":["Deportes"],"inLanguage":"es"},{"@type":"WebPage","@id":"https:\/\/potenciaradiofonicadominicana.com\/portal\/vladimir-guerrero-jr-el-feliz-rostro-de-una-nueva-era-en-toronto\/","url":"https:\/\/potenciaradiofonicadominicana.com\/portal\/vladimir-guerrero-jr-el-feliz-rostro-de-una-nueva-era-en-toronto\/","name":"Vladimir Guerrero Jr., el feliz rostro de una nueva era en Toronto - PotenciaRadiofonicaDominicana.com","isPartOf":{"@id":"https:\/\/potenciaradiofonicadominicana.com\/portal\/#website"},"primaryImageOfPage":{"@id":"https:\/\/potenciaradiofonicadominicana.com\/portal\/vladimir-guerrero-jr-el-feliz-rostro-de-una-nueva-era-en-toronto\/#primaryimage"},"image":{"@id":"https:\/\/potenciaradiofonicadominicana.com\/portal\/vladimir-guerrero-jr-el-feliz-rostro-de-una-nueva-era-en-toronto\/#primaryimage"},"thumbnailUrl":"https:\/\/potenciaradiofonicadominicana.com\/portal\/wp-content\/uploads\/2026\/02\/mlb-vladimir-guerrero-jr-el-rostro-de-una-nueva-era-en-toronto-2ee6d359-focus-min0.06-0.59-896-504.jpg","datePublished":"2026-02-17T04:07:31+00:00","breadcrumb":{"@id":"https:\/\/potenciaradiofonicadominicana.com\/portal\/vladimir-guerrero-jr-el-feliz-rostro-de-una-nueva-era-en-toronto\/#breadcrumb"},"inLanguage":"es","potentialAction":[{"@type":"ReadAction","target":["https:\/\/potenciaradiofonicadominicana.com\/portal\/vladimir-guerrero-jr-el-feliz-rostro-de-una-nueva-era-en-toronto\/"]}]},{"@type":"ImageObject","inLanguage":"es","@id":"https:\/\/potenciaradiofonicadominicana.com\/portal\/vladimir-guerrero-jr-el-feliz-rostro-de-una-nueva-era-en-toronto\/#primaryimage","url":"https:\/\/potenciaradiofonicadominicana.com\/portal\/wp-content\/uploads\/2026\/02\/mlb-vladimir-guerrero-jr-el-rostro-de-una-nueva-era-en-toronto-2ee6d359-focus-min0.06-0.59-896-504.jpg","contentUrl":"https:\/\/potenciaradiofonicadominicana.com\/portal\/wp-content\/uploads\/2026\/02\/mlb-vladimir-guerrero-jr-el-rostro-de-una-nueva-era-en-toronto-2ee6d359-focus-min0.06-0.59-896-504.jpg","width":896,"height":504},{"@type":"BreadcrumbList","@id":"https:\/\/potenciaradiofonicadominicana.com\/portal\/vladimir-guerrero-jr-el-feliz-rostro-de-una-nueva-era-en-toronto\/#breadcrumb","itemListElement":[{"@type":"ListItem","position":1,"name":"Portada","item":"https:\/\/potenciaradiofonicadominicana.com\/portal\/"},{"@type":"ListItem","position":2,"name":"Vladimir Guerrero Jr., el feliz rostro de una nueva era en Toronto"}]},{"@type":"WebSite","@id":"https:\/\/potenciaradiofonicadominicana.com\/portal\/#website","url":"https:\/\/potenciaradiofonicadominicana.com\/portal\/","name":"PotenciaRadiofonicaDominicana.com","description":"Peri\u00f3dico Digital","publisher":{"@id":"https:\/\/potenciaradiofonicadominicana.com\/portal\/#organization"},"potentialAction":[{"@type":"SearchAction","target":{"@type":"EntryPoint","urlTemplate":"https:\/\/potenciaradiofonicadominicana.com\/portal\/?s={search_term_string}"},"query-input":{"@type":"PropertyValueSpecification","valueRequired":true,"valueName":"search_term_string"}}],"inLanguage":"es"},{"@type":"Organization","@id":"https:\/\/potenciaradiofonicadominicana.com\/portal\/#organization","name":"PotenciaRadiofonicaDominicana.com","url":"https:\/\/potenciaradiofonicadominicana.com\/portal\/","logo":{"@type":"ImageObject","inLanguage":"es","@id":"https:\/\/potenciaradiofonicadominicana.com\/portal\/#\/schema\/logo\/image\/","url":"https:\/\/potenciaradiofonicadominicana.com\/portal\/wp-content\/uploads\/2022\/01\/descarga.png","contentUrl":"https:\/\/potenciaradiofonicadominicana.com\/portal\/wp-content\/uploads\/2022\/01\/descarga.png","width":300,"height":100,"caption":"PotenciaRadiofonicaDominicana.com"},"image":{"@id":"https:\/\/potenciaradiofonicadominicana.com\/portal\/#\/schema\/logo\/image\/"},"sameAs":["https:\/\/web.facebook.com\/PotenciaRadiofonicaD"]},{"@type":"Person","@id":"https:\/\/potenciaradiofonicadominicana.com\/portal\/#\/schema\/person\/a5cf1fea13877803ee0573ac18b03490","name":"Potencia Radiof\u00f3nica Dominicana","image":{"@type":"ImageObject","inLanguage":"es","@id":"https:\/\/potenciaradiofonicadominicana.com\/portal\/#\/schema\/person\/image\/","url":"https:\/\/secure.gravatar.com\/avatar\/42a55ab9e8ccc656ba34cd791990602a?s=96&d=mm&r=g","contentUrl":"https:\/\/secure.gravatar.com\/avatar\/42a55ab9e8ccc656ba34cd791990602a?s=96&d=mm&r=g","caption":"Potencia Radiof\u00f3nica Dominicana"},"url":"https:\/\/potenciaradiofonicadominicana.com\/portal\/author\/johannyalmanzar\/"}]}},"_links":{"self":[{"href":"https:\/\/potenciaradiofonicadominicana.com\/portal\/wp-json\/wp\/v2\/posts\/211753","targetHints":{"allow":["GET"]}}],"collection":[{"href":"https:\/\/potenciaradiofonicadominicana.com\/portal\/wp-json\/wp\/v2\/posts"}],"about":[{"href":"https:\/\/potenciaradiofonicadominicana.com\/portal\/wp-json\/wp\/v2\/types\/post"}],"author":[{"embeddable":true,"href":"https:\/\/potenciaradiofonicadominicana.com\/portal\/wp-json\/wp\/v2\/users\/2"}],"replies":[{"embeddable":true,"href":"https:\/\/potenciaradiofonicadominicana.com\/portal\/wp-json\/wp\/v2\/comments?post=211753"}],"version-history":[{"count":1,"href":"https:\/\/potenciaradiofonicadominicana.com\/portal\/wp-json\/wp\/v2\/posts\/211753\/revisions"}],"predecessor-version":[{"id":211761,"href":"https:\/\/potenciaradiofonicadominicana.com\/portal\/wp-json\/wp\/v2\/posts\/211753\/revisions\/211761"}],"wp:featuredmedia":[{"embeddable":true,"href":"https:\/\/potenciaradiofonicadominicana.com\/portal\/wp-json\/wp\/v2\/media\/211754"}],"wp:attachment":[{"href":"https:\/\/potenciaradiofonicadominicana.com\/portal\/wp-json\/wp\/v2\/media?parent=211753"}],"wp:term":[{"taxonomy":"category","embeddable":true,"href":"https:\/\/potenciaradiofonicadominicana.com\/portal\/wp-json\/wp\/v2\/categories?post=211753"},{"taxonomy":"post_tag","embeddable":true,"href":"https:\/\/potenciaradiofonicadominicana.com\/portal\/wp-json\/wp\/v2\/tags?post=211753"}],"curies":[{"name":"wp","href":"https:\/\/api.w.org\/{rel}","templated":true}]}}