{"id":211716,"date":"2026-02-17T00:02:32","date_gmt":"2026-02-17T04:02:32","guid":{"rendered":"https:\/\/potenciaradiofonicadominicana.com\/portal\/?p=211716"},"modified":"2026-02-17T00:02:32","modified_gmt":"2026-02-17T04:02:32","slug":"inician-juegos-escolares-miguel-infante-en-la-romana","status":"publish","type":"post","link":"https:\/\/potenciaradiofonicadominicana.com\/portal\/inician-juegos-escolares-miguel-infante-en-la-romana\/","title":{"rendered":"Inician Juegos Escolares Miguel Infante en La Romana"},"content":{"rendered":"<p><a href=\"https:\/\/potenciaradiofonicadominicana.com\/portal\/wp-content\/uploads\/2026\/02\/inefi-inician-los-juegos-escolares-miguel-infante-en-la-romana-3393d464-focus-min0.02-0.28-896-504.jpg\"><img loading=\"lazy\" decoding=\"async\" class=\"alignnone size-full wp-image-211744\" src=\"https:\/\/potenciaradiofonicadominicana.com\/portal\/wp-content\/uploads\/2026\/02\/inefi-inician-los-juegos-escolares-miguel-infante-en-la-romana-3393d464-focus-min0.02-0.28-896-504.jpg\" alt=\"\" width=\"896\" height=\"504\" srcset=\"https:\/\/potenciaradiofonicadominicana.com\/portal\/wp-content\/uploads\/2026\/02\/inefi-inician-los-juegos-escolares-miguel-infante-en-la-romana-3393d464-focus-min0.02-0.28-896-504.jpg 896w, https:\/\/potenciaradiofonicadominicana.com\/portal\/wp-content\/uploads\/2026\/02\/inefi-inician-los-juegos-escolares-miguel-infante-en-la-romana-3393d464-focus-min0.02-0.28-896-504-300x169.jpg 300w, https:\/\/potenciaradiofonicadominicana.com\/portal\/wp-content\/uploads\/2026\/02\/inefi-inician-los-juegos-escolares-miguel-infante-en-la-romana-3393d464-focus-min0.02-0.28-896-504-768x432.jpg 768w\" sizes=\"auto, (max-width: 896px) 100vw, 896px\" \/><\/a><\/p>\n<p>En el marco del\u00a0Mes de la Patria\u00a0y en un ambiente cargado de entusiasmo, civismo y esp\u00edritu deportivo, la\u00a0Regional de Educaci\u00f3n 05\u00a0de La Romana, en coordinaci\u00f3n con el Instituto Nacional de Educaci\u00f3n F\u00edsica (Inefi), dej\u00f3 formalmente inaugurados los\u00a0Juegos Escolares Miguel Infante, con la participaci\u00f3n de autoridades provinciales, directores de centros educativos, docentes, padres y cientos de estudiantes atletas.<\/p>\n<p>El\u00a0acto de apertura, celebrado en el polideportivo del\u00a0Centro Educativo Inmaculada Coraz\u00f3n\u00a0\u2014instituci\u00f3n cat\u00f3lica con m\u00e1s de cincuenta a\u00f1os formando generaciones en el este del pa\u00eds\u2014 reuni\u00f3 a veinte centros educativos y\u00a0m\u00e1s de quinientos estudiantes, quienes desfilaron al ritmo de marchas patri\u00f3ticas, resaltando los valores de identidad nacional, disciplina y sana competencia.<\/p>\n<p>Los juegos est\u00e1n dedicados al\u00a0profesor Miguel Infante, destacado\u00a0educador f\u00edsico romanense que dedic\u00f3 su vida a la formaci\u00f3n integral de ni\u00f1os y j\u00f3venes a trav\u00e9s del deporte.<\/p>\n<p>Sus hijos y su viuda estuvieron presentes en la\u00a0ceremonia\u00a0y agradecieron a las autoridades el\u00a0reconocimiento al legado\u00a0de quien sembr\u00f3 valores y pasi\u00f3n por la educaci\u00f3n f\u00edsica en m\u00faltiples generaciones.<\/p>\n<p>Compromiso institucional con el deporte escolar<\/p>\n<p>El\u00a0director ejecutivo\u00a0del\u00a0Inefi,\u00a0Alberto Rodr\u00edguez, destac\u00f3 la importancia de seguir fortaleciendo el deporte escolar como herramienta de transformaci\u00f3n social.<\/p>\n<p>\u00abPara nosotros es un gran\u00a0compromiso\u00a0auspiciar y respaldar este tipo de iniciativas que impactan directamente a nuestra juventud. Desde el\u00a0Inefi, siguiendo las directrices del\u00a0presidente Luis Abinader, continuamos trabajando para que cada estudiante del pa\u00eds tenga acceso a instalaciones dignas, competencias organizadas y entrenadores capacitados\u00bb, expres\u00f3 Rodr\u00edguez.<\/p>\n<p>\u00abEstos juegos representan una oportunidad para\u00a0descubrir talentos, pero sobre todo para fortalecer la formaci\u00f3n integral de nuestros j\u00f3venes\u00bb, agreg\u00f3.<\/p>\n","protected":false},"excerpt":{"rendered":"<p>En el marco del\u00a0Mes de la Patria\u00a0y en un ambiente cargado de entusiasmo, civismo y esp\u00edritu deportivo, la\u00a0Regional de Educaci\u00f3n &#8230;<\/p>\n","protected":false},"author":2,"featured_media":211744,"comment_status":"closed","ping_status":"closed","sticky":false,"template":"","format":"standard","meta":{"footnotes":""},"categories":[28],"tags":[],"class_list":["post-211716","post","type-post","status-publish","format-standard","has-post-thumbnail","hentry","category-deportes"],"yoast_head":"<!-- This site is optimized with the Yoast SEO plugin v24.8.1 - https:\/\/yoast.com\/wordpress\/plugins\/seo\/ -->\n<title>Inician Juegos Escolares Miguel Infante en La Romana - PotenciaRadiofonicaDominicana.com<\/title>\n<meta name=\"robots\" content=\"index, follow, max-snippet:-1, max-image-preview:large, max-video-preview:-1\" \/>\n<link rel=\"canonical\" href=\"https:\/\/potenciaradiofonicadominicana.com\/portal\/inician-juegos-escolares-miguel-infante-en-la-romana\/\" \/>\n<meta property=\"og:locale\" content=\"es_ES\" \/>\n<meta property=\"og:type\" content=\"article\" \/>\n<meta property=\"og:title\" content=\"Inician Juegos Escolares Miguel Infante en La Romana - PotenciaRadiofonicaDominicana.com\" \/>\n<meta property=\"og:description\" content=\"En el marco del\u00a0Mes de la Patria\u00a0y en un ambiente cargado de entusiasmo, civismo y esp\u00edritu deportivo, la\u00a0Regional de Educaci\u00f3n ...\" \/>\n<meta property=\"og:url\" content=\"https:\/\/potenciaradiofonicadominicana.com\/portal\/inician-juegos-escolares-miguel-infante-en-la-romana\/\" \/>\n<meta property=\"og:site_name\" content=\"PotenciaRadiofonicaDominicana.com\" \/>\n<meta property=\"article:publisher\" content=\"https:\/\/web.facebook.com\/PotenciaRadiofonicaD\" \/>\n<meta property=\"article:published_time\" content=\"2026-02-17T04:02:32+00:00\" \/>\n<meta property=\"og:image\" content=\"https:\/\/potenciaradiofonicadominicana.com\/portal\/wp-content\/uploads\/2026\/02\/inefi-inician-los-juegos-escolares-miguel-infante-en-la-romana-3393d464-focus-min0.02-0.28-896-504.jpg\" \/>\n\t<meta property=\"og:image:width\" content=\"896\" \/>\n\t<meta property=\"og:image:height\" content=\"504\" \/>\n\t<meta property=\"og:image:type\" content=\"image\/jpeg\" \/>\n<meta name=\"author\" content=\"Potencia Radiof\u00f3nica Dominicana\" \/>\n<meta name=\"twitter:card\" content=\"summary_large_image\" \/>\n<meta name=\"twitter:label1\" content=\"Escrito por\" \/>\n\t<meta name=\"twitter:data1\" content=\"Potencia Radiof\u00f3nica Dominicana\" \/>\n\t<meta name=\"twitter:label2\" content=\"Tiempo de lectura\" \/>\n\t<meta name=\"twitter:data2\" content=\"2 minutos\" \/>\n<script type=\"application\/ld+json\" class=\"yoast-schema-graph\">{\"@context\":\"https:\/\/schema.org\",\"@graph\":[{\"@type\":\"Article\",\"@id\":\"https:\/\/potenciaradiofonicadominicana.com\/portal\/inician-juegos-escolares-miguel-infante-en-la-romana\/#article\",\"isPartOf\":{\"@id\":\"https:\/\/potenciaradiofonicadominicana.com\/portal\/inician-juegos-escolares-miguel-infante-en-la-romana\/\"},\"author\":{\"name\":\"Potencia Radiof\u00f3nica Dominicana\",\"@id\":\"https:\/\/potenciaradiofonicadominicana.com\/portal\/#\/schema\/person\/a5cf1fea13877803ee0573ac18b03490\"},\"headline\":\"Inician Juegos Escolares Miguel Infante en La Romana\",\"datePublished\":\"2026-02-17T04:02:32+00:00\",\"mainEntityOfPage\":{\"@id\":\"https:\/\/potenciaradiofonicadominicana.com\/portal\/inician-juegos-escolares-miguel-infante-en-la-romana\/\"},\"wordCount\":309,\"publisher\":{\"@id\":\"https:\/\/potenciaradiofonicadominicana.com\/portal\/#organization\"},\"image\":{\"@id\":\"https:\/\/potenciaradiofonicadominicana.com\/portal\/inician-juegos-escolares-miguel-infante-en-la-romana\/#primaryimage\"},\"thumbnailUrl\":\"https:\/\/potenciaradiofonicadominicana.com\/portal\/wp-content\/uploads\/2026\/02\/inefi-inician-los-juegos-escolares-miguel-infante-en-la-romana-3393d464-focus-min0.02-0.28-896-504.jpg\",\"articleSection\":[\"Deportes\"],\"inLanguage\":\"es\"},{\"@type\":\"WebPage\",\"@id\":\"https:\/\/potenciaradiofonicadominicana.com\/portal\/inician-juegos-escolares-miguel-infante-en-la-romana\/\",\"url\":\"https:\/\/potenciaradiofonicadominicana.com\/portal\/inician-juegos-escolares-miguel-infante-en-la-romana\/\",\"name\":\"Inician Juegos Escolares Miguel Infante en La Romana - PotenciaRadiofonicaDominicana.com\",\"isPartOf\":{\"@id\":\"https:\/\/potenciaradiofonicadominicana.com\/portal\/#website\"},\"primaryImageOfPage\":{\"@id\":\"https:\/\/potenciaradiofonicadominicana.com\/portal\/inician-juegos-escolares-miguel-infante-en-la-romana\/#primaryimage\"},\"image\":{\"@id\":\"https:\/\/potenciaradiofonicadominicana.com\/portal\/inician-juegos-escolares-miguel-infante-en-la-romana\/#primaryimage\"},\"thumbnailUrl\":\"https:\/\/potenciaradiofonicadominicana.com\/portal\/wp-content\/uploads\/2026\/02\/inefi-inician-los-juegos-escolares-miguel-infante-en-la-romana-3393d464-focus-min0.02-0.28-896-504.jpg\",\"datePublished\":\"2026-02-17T04:02:32+00:00\",\"breadcrumb\":{\"@id\":\"https:\/\/potenciaradiofonicadominicana.com\/portal\/inician-juegos-escolares-miguel-infante-en-la-romana\/#breadcrumb\"},\"inLanguage\":\"es\",\"potentialAction\":[{\"@type\":\"ReadAction\",\"target\":[\"https:\/\/potenciaradiofonicadominicana.com\/portal\/inician-juegos-escolares-miguel-infante-en-la-romana\/\"]}]},{\"@type\":\"ImageObject\",\"inLanguage\":\"es\",\"@id\":\"https:\/\/potenciaradiofonicadominicana.com\/portal\/inician-juegos-escolares-miguel-infante-en-la-romana\/#primaryimage\",\"url\":\"https:\/\/potenciaradiofonicadominicana.com\/portal\/wp-content\/uploads\/2026\/02\/inefi-inician-los-juegos-escolares-miguel-infante-en-la-romana-3393d464-focus-min0.02-0.28-896-504.jpg\",\"contentUrl\":\"https:\/\/potenciaradiofonicadominicana.com\/portal\/wp-content\/uploads\/2026\/02\/inefi-inician-los-juegos-escolares-miguel-infante-en-la-romana-3393d464-focus-min0.02-0.28-896-504.jpg\",\"width\":896,\"height\":504},{\"@type\":\"BreadcrumbList\",\"@id\":\"https:\/\/potenciaradiofonicadominicana.com\/portal\/inician-juegos-escolares-miguel-infante-en-la-romana\/#breadcrumb\",\"itemListElement\":[{\"@type\":\"ListItem\",\"position\":1,\"name\":\"Portada\",\"item\":\"https:\/\/potenciaradiofonicadominicana.com\/portal\/\"},{\"@type\":\"ListItem\",\"position\":2,\"name\":\"Inician Juegos Escolares Miguel Infante en La Romana\"}]},{\"@type\":\"WebSite\",\"@id\":\"https:\/\/potenciaradiofonicadominicana.com\/portal\/#website\",\"url\":\"https:\/\/potenciaradiofonicadominicana.com\/portal\/\",\"name\":\"PotenciaRadiofonicaDominicana.com\",\"description\":\"Peri\u00f3dico Digital\",\"publisher\":{\"@id\":\"https:\/\/potenciaradiofonicadominicana.com\/portal\/#organization\"},\"potentialAction\":[{\"@type\":\"SearchAction\",\"target\":{\"@type\":\"EntryPoint\",\"urlTemplate\":\"https:\/\/potenciaradiofonicadominicana.com\/portal\/?s={search_term_string}\"},\"query-input\":{\"@type\":\"PropertyValueSpecification\",\"valueRequired\":true,\"valueName\":\"search_term_string\"}}],\"inLanguage\":\"es\"},{\"@type\":\"Organization\",\"@id\":\"https:\/\/potenciaradiofonicadominicana.com\/portal\/#organization\",\"name\":\"PotenciaRadiofonicaDominicana.com\",\"url\":\"https:\/\/potenciaradiofonicadominicana.com\/portal\/\",\"logo\":{\"@type\":\"ImageObject\",\"inLanguage\":\"es\",\"@id\":\"https:\/\/potenciaradiofonicadominicana.com\/portal\/#\/schema\/logo\/image\/\",\"url\":\"https:\/\/potenciaradiofonicadominicana.com\/portal\/wp-content\/uploads\/2022\/01\/descarga.png\",\"contentUrl\":\"https:\/\/potenciaradiofonicadominicana.com\/portal\/wp-content\/uploads\/2022\/01\/descarga.png\",\"width\":300,\"height\":100,\"caption\":\"PotenciaRadiofonicaDominicana.com\"},\"image\":{\"@id\":\"https:\/\/potenciaradiofonicadominicana.com\/portal\/#\/schema\/logo\/image\/\"},\"sameAs\":[\"https:\/\/web.facebook.com\/PotenciaRadiofonicaD\"]},{\"@type\":\"Person\",\"@id\":\"https:\/\/potenciaradiofonicadominicana.com\/portal\/#\/schema\/person\/a5cf1fea13877803ee0573ac18b03490\",\"name\":\"Potencia Radiof\u00f3nica Dominicana\",\"image\":{\"@type\":\"ImageObject\",\"inLanguage\":\"es\",\"@id\":\"https:\/\/potenciaradiofonicadominicana.com\/portal\/#\/schema\/person\/image\/\",\"url\":\"https:\/\/secure.gravatar.com\/avatar\/42a55ab9e8ccc656ba34cd791990602a?s=96&d=mm&r=g\",\"contentUrl\":\"https:\/\/secure.gravatar.com\/avatar\/42a55ab9e8ccc656ba34cd791990602a?s=96&d=mm&r=g\",\"caption\":\"Potencia Radiof\u00f3nica Dominicana\"},\"url\":\"https:\/\/potenciaradiofonicadominicana.com\/portal\/author\/johannyalmanzar\/\"}]}<\/script>\n<!-- \/ Yoast SEO plugin. -->","yoast_head_json":{"title":"Inician Juegos Escolares Miguel Infante en La Romana - PotenciaRadiofonicaDominicana.com","robots":{"index":"index","follow":"follow","max-snippet":"max-snippet:-1","max-image-preview":"max-image-preview:large","max-video-preview":"max-video-preview:-1"},"canonical":"https:\/\/potenciaradiofonicadominicana.com\/portal\/inician-juegos-escolares-miguel-infante-en-la-romana\/","og_locale":"es_ES","og_type":"article","og_title":"Inician Juegos Escolares Miguel Infante en La Romana - PotenciaRadiofonicaDominicana.com","og_description":"En el marco del\u00a0Mes de la Patria\u00a0y en un ambiente cargado de entusiasmo, civismo y esp\u00edritu deportivo, la\u00a0Regional de Educaci\u00f3n ...","og_url":"https:\/\/potenciaradiofonicadominicana.com\/portal\/inician-juegos-escolares-miguel-infante-en-la-romana\/","og_site_name":"PotenciaRadiofonicaDominicana.com","article_publisher":"https:\/\/web.facebook.com\/PotenciaRadiofonicaD","article_published_time":"2026-02-17T04:02:32+00:00","og_image":[{"width":896,"height":504,"url":"https:\/\/potenciaradiofonicadominicana.com\/portal\/wp-content\/uploads\/2026\/02\/inefi-inician-los-juegos-escolares-miguel-infante-en-la-romana-3393d464-focus-min0.02-0.28-896-504.jpg","type":"image\/jpeg"}],"author":"Potencia Radiof\u00f3nica Dominicana","twitter_card":"summary_large_image","twitter_misc":{"Escrito por":"Potencia Radiof\u00f3nica Dominicana","Tiempo de lectura":"2 minutos"},"schema":{"@context":"https:\/\/schema.org","@graph":[{"@type":"Article","@id":"https:\/\/potenciaradiofonicadominicana.com\/portal\/inician-juegos-escolares-miguel-infante-en-la-romana\/#article","isPartOf":{"@id":"https:\/\/potenciaradiofonicadominicana.com\/portal\/inician-juegos-escolares-miguel-infante-en-la-romana\/"},"author":{"name":"Potencia Radiof\u00f3nica Dominicana","@id":"https:\/\/potenciaradiofonicadominicana.com\/portal\/#\/schema\/person\/a5cf1fea13877803ee0573ac18b03490"},"headline":"Inician Juegos Escolares Miguel Infante en La Romana","datePublished":"2026-02-17T04:02:32+00:00","mainEntityOfPage":{"@id":"https:\/\/potenciaradiofonicadominicana.com\/portal\/inician-juegos-escolares-miguel-infante-en-la-romana\/"},"wordCount":309,"publisher":{"@id":"https:\/\/potenciaradiofonicadominicana.com\/portal\/#organization"},"image":{"@id":"https:\/\/potenciaradiofonicadominicana.com\/portal\/inician-juegos-escolares-miguel-infante-en-la-romana\/#primaryimage"},"thumbnailUrl":"https:\/\/potenciaradiofonicadominicana.com\/portal\/wp-content\/uploads\/2026\/02\/inefi-inician-los-juegos-escolares-miguel-infante-en-la-romana-3393d464-focus-min0.02-0.28-896-504.jpg","articleSection":["Deportes"],"inLanguage":"es"},{"@type":"WebPage","@id":"https:\/\/potenciaradiofonicadominicana.com\/portal\/inician-juegos-escolares-miguel-infante-en-la-romana\/","url":"https:\/\/potenciaradiofonicadominicana.com\/portal\/inician-juegos-escolares-miguel-infante-en-la-romana\/","name":"Inician Juegos Escolares Miguel Infante en La Romana - PotenciaRadiofonicaDominicana.com","isPartOf":{"@id":"https:\/\/potenciaradiofonicadominicana.com\/portal\/#website"},"primaryImageOfPage":{"@id":"https:\/\/potenciaradiofonicadominicana.com\/portal\/inician-juegos-escolares-miguel-infante-en-la-romana\/#primaryimage"},"image":{"@id":"https:\/\/potenciaradiofonicadominicana.com\/portal\/inician-juegos-escolares-miguel-infante-en-la-romana\/#primaryimage"},"thumbnailUrl":"https:\/\/potenciaradiofonicadominicana.com\/portal\/wp-content\/uploads\/2026\/02\/inefi-inician-los-juegos-escolares-miguel-infante-en-la-romana-3393d464-focus-min0.02-0.28-896-504.jpg","datePublished":"2026-02-17T04:02:32+00:00","breadcrumb":{"@id":"https:\/\/potenciaradiofonicadominicana.com\/portal\/inician-juegos-escolares-miguel-infante-en-la-romana\/#breadcrumb"},"inLanguage":"es","potentialAction":[{"@type":"ReadAction","target":["https:\/\/potenciaradiofonicadominicana.com\/portal\/inician-juegos-escolares-miguel-infante-en-la-romana\/"]}]},{"@type":"ImageObject","inLanguage":"es","@id":"https:\/\/potenciaradiofonicadominicana.com\/portal\/inician-juegos-escolares-miguel-infante-en-la-romana\/#primaryimage","url":"https:\/\/potenciaradiofonicadominicana.com\/portal\/wp-content\/uploads\/2026\/02\/inefi-inician-los-juegos-escolares-miguel-infante-en-la-romana-3393d464-focus-min0.02-0.28-896-504.jpg","contentUrl":"https:\/\/potenciaradiofonicadominicana.com\/portal\/wp-content\/uploads\/2026\/02\/inefi-inician-los-juegos-escolares-miguel-infante-en-la-romana-3393d464-focus-min0.02-0.28-896-504.jpg","width":896,"height":504},{"@type":"BreadcrumbList","@id":"https:\/\/potenciaradiofonicadominicana.com\/portal\/inician-juegos-escolares-miguel-infante-en-la-romana\/#breadcrumb","itemListElement":[{"@type":"ListItem","position":1,"name":"Portada","item":"https:\/\/potenciaradiofonicadominicana.com\/portal\/"},{"@type":"ListItem","position":2,"name":"Inician Juegos Escolares Miguel Infante en La Romana"}]},{"@type":"WebSite","@id":"https:\/\/potenciaradiofonicadominicana.com\/portal\/#website","url":"https:\/\/potenciaradiofonicadominicana.com\/portal\/","name":"PotenciaRadiofonicaDominicana.com","description":"Peri\u00f3dico Digital","publisher":{"@id":"https:\/\/potenciaradiofonicadominicana.com\/portal\/#organization"},"potentialAction":[{"@type":"SearchAction","target":{"@type":"EntryPoint","urlTemplate":"https:\/\/potenciaradiofonicadominicana.com\/portal\/?s={search_term_string}"},"query-input":{"@type":"PropertyValueSpecification","valueRequired":true,"valueName":"search_term_string"}}],"inLanguage":"es"},{"@type":"Organization","@id":"https:\/\/potenciaradiofonicadominicana.com\/portal\/#organization","name":"PotenciaRadiofonicaDominicana.com","url":"https:\/\/potenciaradiofonicadominicana.com\/portal\/","logo":{"@type":"ImageObject","inLanguage":"es","@id":"https:\/\/potenciaradiofonicadominicana.com\/portal\/#\/schema\/logo\/image\/","url":"https:\/\/potenciaradiofonicadominicana.com\/portal\/wp-content\/uploads\/2022\/01\/descarga.png","contentUrl":"https:\/\/potenciaradiofonicadominicana.com\/portal\/wp-content\/uploads\/2022\/01\/descarga.png","width":300,"height":100,"caption":"PotenciaRadiofonicaDominicana.com"},"image":{"@id":"https:\/\/potenciaradiofonicadominicana.com\/portal\/#\/schema\/logo\/image\/"},"sameAs":["https:\/\/web.facebook.com\/PotenciaRadiofonicaD"]},{"@type":"Person","@id":"https:\/\/potenciaradiofonicadominicana.com\/portal\/#\/schema\/person\/a5cf1fea13877803ee0573ac18b03490","name":"Potencia Radiof\u00f3nica Dominicana","image":{"@type":"ImageObject","inLanguage":"es","@id":"https:\/\/potenciaradiofonicadominicana.com\/portal\/#\/schema\/person\/image\/","url":"https:\/\/secure.gravatar.com\/avatar\/42a55ab9e8ccc656ba34cd791990602a?s=96&d=mm&r=g","contentUrl":"https:\/\/secure.gravatar.com\/avatar\/42a55ab9e8ccc656ba34cd791990602a?s=96&d=mm&r=g","caption":"Potencia Radiof\u00f3nica Dominicana"},"url":"https:\/\/potenciaradiofonicadominicana.com\/portal\/author\/johannyalmanzar\/"}]}},"_links":{"self":[{"href":"https:\/\/potenciaradiofonicadominicana.com\/portal\/wp-json\/wp\/v2\/posts\/211716","targetHints":{"allow":["GET"]}}],"collection":[{"href":"https:\/\/potenciaradiofonicadominicana.com\/portal\/wp-json\/wp\/v2\/posts"}],"about":[{"href":"https:\/\/potenciaradiofonicadominicana.com\/portal\/wp-json\/wp\/v2\/types\/post"}],"author":[{"embeddable":true,"href":"https:\/\/potenciaradiofonicadominicana.com\/portal\/wp-json\/wp\/v2\/users\/2"}],"replies":[{"embeddable":true,"href":"https:\/\/potenciaradiofonicadominicana.com\/portal\/wp-json\/wp\/v2\/comments?post=211716"}],"version-history":[{"count":1,"href":"https:\/\/potenciaradiofonicadominicana.com\/portal\/wp-json\/wp\/v2\/posts\/211716\/revisions"}],"predecessor-version":[{"id":211749,"href":"https:\/\/potenciaradiofonicadominicana.com\/portal\/wp-json\/wp\/v2\/posts\/211716\/revisions\/211749"}],"wp:featuredmedia":[{"embeddable":true,"href":"https:\/\/potenciaradiofonicadominicana.com\/portal\/wp-json\/wp\/v2\/media\/211744"}],"wp:attachment":[{"href":"https:\/\/potenciaradiofonicadominicana.com\/portal\/wp-json\/wp\/v2\/media?parent=211716"}],"wp:term":[{"taxonomy":"category","embeddable":true,"href":"https:\/\/potenciaradiofonicadominicana.com\/portal\/wp-json\/wp\/v2\/categories?post=211716"},{"taxonomy":"post_tag","embeddable":true,"href":"https:\/\/potenciaradiofonicadominicana.com\/portal\/wp-json\/wp\/v2\/tags?post=211716"}],"curies":[{"name":"wp","href":"https:\/\/api.w.org\/{rel}","templated":true}]}}