{"id":211713,"date":"2026-02-16T23:41:29","date_gmt":"2026-02-17T03:41:29","guid":{"rendered":"https:\/\/potenciaradiofonicadominicana.com\/portal\/?p=211713"},"modified":"2026-02-16T23:41:29","modified_gmt":"2026-02-17T03:41:29","slug":"federaciones-deportivas-reiteran-compromiso-con-exito-juegos-centroamericanos-santo-domingo-2026","status":"publish","type":"post","link":"https:\/\/potenciaradiofonicadominicana.com\/portal\/federaciones-deportivas-reiteran-compromiso-con-exito-juegos-centroamericanos-santo-domingo-2026\/","title":{"rendered":"Federaciones deportivas reiteran compromiso con \u00e9xito Juegos Centroamericanos Santo Domingo 2026"},"content":{"rendered":"<p><a href=\"https:\/\/potenciaradiofonicadominicana.com\/portal\/wp-content\/uploads\/2026\/02\/federaciones-deportivas-reiteran-compromiso-con-exito-jcc-sd-2026-683f2be7-focus-0.04-0.36-896-504.jpg\"><img loading=\"lazy\" decoding=\"async\" class=\"alignnone size-full wp-image-211714\" src=\"https:\/\/potenciaradiofonicadominicana.com\/portal\/wp-content\/uploads\/2026\/02\/federaciones-deportivas-reiteran-compromiso-con-exito-jcc-sd-2026-683f2be7-focus-0.04-0.36-896-504.jpg\" alt=\"\" width=\"896\" height=\"504\" srcset=\"https:\/\/potenciaradiofonicadominicana.com\/portal\/wp-content\/uploads\/2026\/02\/federaciones-deportivas-reiteran-compromiso-con-exito-jcc-sd-2026-683f2be7-focus-0.04-0.36-896-504.jpg 896w, https:\/\/potenciaradiofonicadominicana.com\/portal\/wp-content\/uploads\/2026\/02\/federaciones-deportivas-reiteran-compromiso-con-exito-jcc-sd-2026-683f2be7-focus-0.04-0.36-896-504-300x169.jpg 300w, https:\/\/potenciaradiofonicadominicana.com\/portal\/wp-content\/uploads\/2026\/02\/federaciones-deportivas-reiteran-compromiso-con-exito-jcc-sd-2026-683f2be7-focus-0.04-0.36-896-504-768x432.jpg 768w\" sizes=\"auto, (max-width: 896px) 100vw, 896px\" \/><\/a><\/p>\n<p>Las\u00a0federaciones deportivas\u00a0nacionales ratificaron su firme e inquebrantable compromiso con el \u00e9xito de los\u00a0XXV Juegos Deportivos Centroamericanos y del Caribe Santo Domingo 2026.<\/p>\n<p>\u00bfQu\u00e9 papel juegan las federaciones deportivas en los Juegos\u00a0Santo Domingo 2026?<\/p>\n<p>Alrededor de\u00a020 organizaciones\u00a0afiliadas al\u00a0Comit\u00e9 Ol\u00edmpico Dominicano\u00a0(COD) precisaron que su dirigencia\u00a0trabaja sin descanso\u00a0y con tes\u00f3n para colaborar con la adecuada celebraci\u00f3n de la competencia multidisciplinaria, tanto en el montaje como en los aspectos t\u00e9cnicos, organizativos y competitivos.<\/p>\n<p>Durante un encuentro con los medios de comunicaci\u00f3n celebrado este lunes en el\u00a0Sebel\u00e9n Bowling Center, el bloque de federaciones asegur\u00f3 que colabora a tiempo completo con el Comit\u00e9 Organizador, presidido por el periodista\u00a0Jos\u00e9 P. Monegro, en todo lo relativo al evento, que se celebrar\u00e1 del 24 de julio al 8 de agosto en esta ciudad.<\/p>\n<p>A trav\u00e9s de los presidentes de las federaciones de\u00a0boliche y boxeo,\u00a0Francis Soto\u00a0y\u00a0Rub\u00e9n Garc\u00eda, respectivamente, la dirigencia federativa afirm\u00f3 que su \u00fanica misi\u00f3n es que la\u00a0Rep\u00fablica Dominicana\u00a0salga airosa del reto que tiene por delante, organizando y celebrando unos Juegos a la altura de las circunstancias.<\/p>\n<p>\u00abEs deber nuestro, y una obligaci\u00f3n como dirigentes al frente de\u00a0federaciones nacionales, ayudar a garantizar unos Juegos exitosos y al nivel de los grandes compromisos asumidos hist\u00f3ricamente por la\u00a0Rep\u00fablica Dominicana\u00bb, expresaron los voceros.<\/p>\n<p>Respaldo institucional y preparaci\u00f3n para la competencia<\/p>\n<p>Adem\u00e1s de\u00a0boliche y boxeo, firman el documento las federaciones de\u00a0levantamiento de pesas, judo, atletismo, karate, voleibol, ecuestre, nataci\u00f3n, lucha ol\u00edmpica y gimnasia, entre otras.<\/p>\n<p>En el documento, las federaciones resaltaron el esfuerzo sostenido del\u00a0Ministerio de Deportes, encabezado por\u00a0Kelvin Cruz, destacando la entrega oportuna de los recursos destinados a la preparaci\u00f3n de las distintas disciplinas que conformar\u00e1n la delegaci\u00f3n anfitriona.<\/p>\n<p>\u00abEste respaldo ha sido y seguir\u00e1 siendo fundamental para fortalecer los procesos de\u00a0entrenamiento y preparaci\u00f3n\u00a0de\u00a0atletas y entrenadores, elementos clave para elevar el nivel competitivo del pa\u00eds de cara a los Juegos\u00bb, se\u00f1alaron.<\/p>\n<p>Asimismo, subrayaron que las\u00a0federaciones deportivas\u00a0nacionales, junto a sus atletas, entrenadores y personal t\u00e9cnico, constituyen uno de los principales soportes del\u00a0movimiento deportivo dominicano, cuyo rol ha sido determinante en pasados eventos internacionales celebrados en el pa\u00eds.<\/p>\n<p>Tambi\u00e9n ponderaron el papel de la\u00a0dirigencia deportiva, desde los\u00a0presidentes de federaciones\u00a0hasta los titulares de asociaciones, como parte esencial del\u00a0engranaje institucional.<\/p>\n","protected":false},"excerpt":{"rendered":"<p>Las\u00a0federaciones deportivas\u00a0nacionales ratificaron su firme e inquebrantable compromiso con el \u00e9xito de los\u00a0XXV Juegos Deportivos Centroamericanos y del Caribe Santo &#8230;<\/p>\n","protected":false},"author":2,"featured_media":211714,"comment_status":"closed","ping_status":"closed","sticky":false,"template":"","format":"standard","meta":{"footnotes":""},"categories":[28],"tags":[],"class_list":["post-211713","post","type-post","status-publish","format-standard","has-post-thumbnail","hentry","category-deportes"],"yoast_head":"<!-- This site is optimized with the Yoast SEO plugin v24.8.1 - https:\/\/yoast.com\/wordpress\/plugins\/seo\/ -->\n<title>Federaciones deportivas reiteran compromiso con \u00e9xito Juegos Centroamericanos Santo Domingo 2026 - PotenciaRadiofonicaDominicana.com<\/title>\n<meta name=\"robots\" content=\"index, follow, max-snippet:-1, max-image-preview:large, max-video-preview:-1\" \/>\n<link rel=\"canonical\" href=\"https:\/\/potenciaradiofonicadominicana.com\/portal\/federaciones-deportivas-reiteran-compromiso-con-exito-juegos-centroamericanos-santo-domingo-2026\/\" \/>\n<meta property=\"og:locale\" content=\"es_ES\" \/>\n<meta property=\"og:type\" content=\"article\" \/>\n<meta property=\"og:title\" content=\"Federaciones deportivas reiteran compromiso con \u00e9xito Juegos Centroamericanos Santo Domingo 2026 - PotenciaRadiofonicaDominicana.com\" \/>\n<meta property=\"og:description\" content=\"Las\u00a0federaciones deportivas\u00a0nacionales ratificaron su firme e inquebrantable compromiso con el \u00e9xito de los\u00a0XXV Juegos Deportivos Centroamericanos y del Caribe Santo ...\" \/>\n<meta property=\"og:url\" content=\"https:\/\/potenciaradiofonicadominicana.com\/portal\/federaciones-deportivas-reiteran-compromiso-con-exito-juegos-centroamericanos-santo-domingo-2026\/\" \/>\n<meta property=\"og:site_name\" content=\"PotenciaRadiofonicaDominicana.com\" \/>\n<meta property=\"article:publisher\" content=\"https:\/\/web.facebook.com\/PotenciaRadiofonicaD\" \/>\n<meta property=\"article:published_time\" content=\"2026-02-17T03:41:29+00:00\" \/>\n<meta property=\"og:image\" content=\"https:\/\/potenciaradiofonicadominicana.com\/portal\/wp-content\/uploads\/2026\/02\/federaciones-deportivas-reiteran-compromiso-con-exito-jcc-sd-2026-683f2be7-focus-0.04-0.36-896-504.jpg\" \/>\n\t<meta property=\"og:image:width\" content=\"896\" \/>\n\t<meta property=\"og:image:height\" content=\"504\" \/>\n\t<meta property=\"og:image:type\" content=\"image\/jpeg\" \/>\n<meta name=\"author\" content=\"Potencia Radiof\u00f3nica Dominicana\" \/>\n<meta name=\"twitter:card\" content=\"summary_large_image\" \/>\n<meta name=\"twitter:label1\" content=\"Escrito por\" \/>\n\t<meta name=\"twitter:data1\" content=\"Potencia Radiof\u00f3nica Dominicana\" \/>\n\t<meta name=\"twitter:label2\" content=\"Tiempo de lectura\" \/>\n\t<meta name=\"twitter:data2\" content=\"3 minutos\" \/>\n<script type=\"application\/ld+json\" class=\"yoast-schema-graph\">{\"@context\":\"https:\/\/schema.org\",\"@graph\":[{\"@type\":\"Article\",\"@id\":\"https:\/\/potenciaradiofonicadominicana.com\/portal\/federaciones-deportivas-reiteran-compromiso-con-exito-juegos-centroamericanos-santo-domingo-2026\/#article\",\"isPartOf\":{\"@id\":\"https:\/\/potenciaradiofonicadominicana.com\/portal\/federaciones-deportivas-reiteran-compromiso-con-exito-juegos-centroamericanos-santo-domingo-2026\/\"},\"author\":{\"name\":\"Potencia Radiof\u00f3nica Dominicana\",\"@id\":\"https:\/\/potenciaradiofonicadominicana.com\/portal\/#\/schema\/person\/a5cf1fea13877803ee0573ac18b03490\"},\"headline\":\"Federaciones deportivas reiteran compromiso con \u00e9xito Juegos Centroamericanos Santo Domingo 2026\",\"datePublished\":\"2026-02-17T03:41:29+00:00\",\"mainEntityOfPage\":{\"@id\":\"https:\/\/potenciaradiofonicadominicana.com\/portal\/federaciones-deportivas-reiteran-compromiso-con-exito-juegos-centroamericanos-santo-domingo-2026\/\"},\"wordCount\":420,\"publisher\":{\"@id\":\"https:\/\/potenciaradiofonicadominicana.com\/portal\/#organization\"},\"image\":{\"@id\":\"https:\/\/potenciaradiofonicadominicana.com\/portal\/federaciones-deportivas-reiteran-compromiso-con-exito-juegos-centroamericanos-santo-domingo-2026\/#primaryimage\"},\"thumbnailUrl\":\"https:\/\/potenciaradiofonicadominicana.com\/portal\/wp-content\/uploads\/2026\/02\/federaciones-deportivas-reiteran-compromiso-con-exito-jcc-sd-2026-683f2be7-focus-0.04-0.36-896-504.jpg\",\"articleSection\":[\"Deportes\"],\"inLanguage\":\"es\"},{\"@type\":\"WebPage\",\"@id\":\"https:\/\/potenciaradiofonicadominicana.com\/portal\/federaciones-deportivas-reiteran-compromiso-con-exito-juegos-centroamericanos-santo-domingo-2026\/\",\"url\":\"https:\/\/potenciaradiofonicadominicana.com\/portal\/federaciones-deportivas-reiteran-compromiso-con-exito-juegos-centroamericanos-santo-domingo-2026\/\",\"name\":\"Federaciones deportivas reiteran compromiso con \u00e9xito Juegos Centroamericanos Santo Domingo 2026 - PotenciaRadiofonicaDominicana.com\",\"isPartOf\":{\"@id\":\"https:\/\/potenciaradiofonicadominicana.com\/portal\/#website\"},\"primaryImageOfPage\":{\"@id\":\"https:\/\/potenciaradiofonicadominicana.com\/portal\/federaciones-deportivas-reiteran-compromiso-con-exito-juegos-centroamericanos-santo-domingo-2026\/#primaryimage\"},\"image\":{\"@id\":\"https:\/\/potenciaradiofonicadominicana.com\/portal\/federaciones-deportivas-reiteran-compromiso-con-exito-juegos-centroamericanos-santo-domingo-2026\/#primaryimage\"},\"thumbnailUrl\":\"https:\/\/potenciaradiofonicadominicana.com\/portal\/wp-content\/uploads\/2026\/02\/federaciones-deportivas-reiteran-compromiso-con-exito-jcc-sd-2026-683f2be7-focus-0.04-0.36-896-504.jpg\",\"datePublished\":\"2026-02-17T03:41:29+00:00\",\"breadcrumb\":{\"@id\":\"https:\/\/potenciaradiofonicadominicana.com\/portal\/federaciones-deportivas-reiteran-compromiso-con-exito-juegos-centroamericanos-santo-domingo-2026\/#breadcrumb\"},\"inLanguage\":\"es\",\"potentialAction\":[{\"@type\":\"ReadAction\",\"target\":[\"https:\/\/potenciaradiofonicadominicana.com\/portal\/federaciones-deportivas-reiteran-compromiso-con-exito-juegos-centroamericanos-santo-domingo-2026\/\"]}]},{\"@type\":\"ImageObject\",\"inLanguage\":\"es\",\"@id\":\"https:\/\/potenciaradiofonicadominicana.com\/portal\/federaciones-deportivas-reiteran-compromiso-con-exito-juegos-centroamericanos-santo-domingo-2026\/#primaryimage\",\"url\":\"https:\/\/potenciaradiofonicadominicana.com\/portal\/wp-content\/uploads\/2026\/02\/federaciones-deportivas-reiteran-compromiso-con-exito-jcc-sd-2026-683f2be7-focus-0.04-0.36-896-504.jpg\",\"contentUrl\":\"https:\/\/potenciaradiofonicadominicana.com\/portal\/wp-content\/uploads\/2026\/02\/federaciones-deportivas-reiteran-compromiso-con-exito-jcc-sd-2026-683f2be7-focus-0.04-0.36-896-504.jpg\",\"width\":896,\"height\":504},{\"@type\":\"BreadcrumbList\",\"@id\":\"https:\/\/potenciaradiofonicadominicana.com\/portal\/federaciones-deportivas-reiteran-compromiso-con-exito-juegos-centroamericanos-santo-domingo-2026\/#breadcrumb\",\"itemListElement\":[{\"@type\":\"ListItem\",\"position\":1,\"name\":\"Portada\",\"item\":\"https:\/\/potenciaradiofonicadominicana.com\/portal\/\"},{\"@type\":\"ListItem\",\"position\":2,\"name\":\"Federaciones deportivas reiteran compromiso con \u00e9xito Juegos Centroamericanos Santo Domingo 2026\"}]},{\"@type\":\"WebSite\",\"@id\":\"https:\/\/potenciaradiofonicadominicana.com\/portal\/#website\",\"url\":\"https:\/\/potenciaradiofonicadominicana.com\/portal\/\",\"name\":\"PotenciaRadiofonicaDominicana.com\",\"description\":\"Peri\u00f3dico Digital\",\"publisher\":{\"@id\":\"https:\/\/potenciaradiofonicadominicana.com\/portal\/#organization\"},\"potentialAction\":[{\"@type\":\"SearchAction\",\"target\":{\"@type\":\"EntryPoint\",\"urlTemplate\":\"https:\/\/potenciaradiofonicadominicana.com\/portal\/?s={search_term_string}\"},\"query-input\":{\"@type\":\"PropertyValueSpecification\",\"valueRequired\":true,\"valueName\":\"search_term_string\"}}],\"inLanguage\":\"es\"},{\"@type\":\"Organization\",\"@id\":\"https:\/\/potenciaradiofonicadominicana.com\/portal\/#organization\",\"name\":\"PotenciaRadiofonicaDominicana.com\",\"url\":\"https:\/\/potenciaradiofonicadominicana.com\/portal\/\",\"logo\":{\"@type\":\"ImageObject\",\"inLanguage\":\"es\",\"@id\":\"https:\/\/potenciaradiofonicadominicana.com\/portal\/#\/schema\/logo\/image\/\",\"url\":\"https:\/\/potenciaradiofonicadominicana.com\/portal\/wp-content\/uploads\/2022\/01\/descarga.png\",\"contentUrl\":\"https:\/\/potenciaradiofonicadominicana.com\/portal\/wp-content\/uploads\/2022\/01\/descarga.png\",\"width\":300,\"height\":100,\"caption\":\"PotenciaRadiofonicaDominicana.com\"},\"image\":{\"@id\":\"https:\/\/potenciaradiofonicadominicana.com\/portal\/#\/schema\/logo\/image\/\"},\"sameAs\":[\"https:\/\/web.facebook.com\/PotenciaRadiofonicaD\"]},{\"@type\":\"Person\",\"@id\":\"https:\/\/potenciaradiofonicadominicana.com\/portal\/#\/schema\/person\/a5cf1fea13877803ee0573ac18b03490\",\"name\":\"Potencia Radiof\u00f3nica Dominicana\",\"image\":{\"@type\":\"ImageObject\",\"inLanguage\":\"es\",\"@id\":\"https:\/\/potenciaradiofonicadominicana.com\/portal\/#\/schema\/person\/image\/\",\"url\":\"https:\/\/secure.gravatar.com\/avatar\/42a55ab9e8ccc656ba34cd791990602a?s=96&d=mm&r=g\",\"contentUrl\":\"https:\/\/secure.gravatar.com\/avatar\/42a55ab9e8ccc656ba34cd791990602a?s=96&d=mm&r=g\",\"caption\":\"Potencia Radiof\u00f3nica Dominicana\"},\"url\":\"https:\/\/potenciaradiofonicadominicana.com\/portal\/author\/johannyalmanzar\/\"}]}<\/script>\n<!-- \/ Yoast SEO plugin. -->","yoast_head_json":{"title":"Federaciones deportivas reiteran compromiso con \u00e9xito Juegos Centroamericanos Santo Domingo 2026 - PotenciaRadiofonicaDominicana.com","robots":{"index":"index","follow":"follow","max-snippet":"max-snippet:-1","max-image-preview":"max-image-preview:large","max-video-preview":"max-video-preview:-1"},"canonical":"https:\/\/potenciaradiofonicadominicana.com\/portal\/federaciones-deportivas-reiteran-compromiso-con-exito-juegos-centroamericanos-santo-domingo-2026\/","og_locale":"es_ES","og_type":"article","og_title":"Federaciones deportivas reiteran compromiso con \u00e9xito Juegos Centroamericanos Santo Domingo 2026 - PotenciaRadiofonicaDominicana.com","og_description":"Las\u00a0federaciones deportivas\u00a0nacionales ratificaron su firme e inquebrantable compromiso con el \u00e9xito de los\u00a0XXV Juegos Deportivos Centroamericanos y del Caribe Santo ...","og_url":"https:\/\/potenciaradiofonicadominicana.com\/portal\/federaciones-deportivas-reiteran-compromiso-con-exito-juegos-centroamericanos-santo-domingo-2026\/","og_site_name":"PotenciaRadiofonicaDominicana.com","article_publisher":"https:\/\/web.facebook.com\/PotenciaRadiofonicaD","article_published_time":"2026-02-17T03:41:29+00:00","og_image":[{"width":896,"height":504,"url":"https:\/\/potenciaradiofonicadominicana.com\/portal\/wp-content\/uploads\/2026\/02\/federaciones-deportivas-reiteran-compromiso-con-exito-jcc-sd-2026-683f2be7-focus-0.04-0.36-896-504.jpg","type":"image\/jpeg"}],"author":"Potencia Radiof\u00f3nica Dominicana","twitter_card":"summary_large_image","twitter_misc":{"Escrito por":"Potencia Radiof\u00f3nica Dominicana","Tiempo de lectura":"3 minutos"},"schema":{"@context":"https:\/\/schema.org","@graph":[{"@type":"Article","@id":"https:\/\/potenciaradiofonicadominicana.com\/portal\/federaciones-deportivas-reiteran-compromiso-con-exito-juegos-centroamericanos-santo-domingo-2026\/#article","isPartOf":{"@id":"https:\/\/potenciaradiofonicadominicana.com\/portal\/federaciones-deportivas-reiteran-compromiso-con-exito-juegos-centroamericanos-santo-domingo-2026\/"},"author":{"name":"Potencia Radiof\u00f3nica Dominicana","@id":"https:\/\/potenciaradiofonicadominicana.com\/portal\/#\/schema\/person\/a5cf1fea13877803ee0573ac18b03490"},"headline":"Federaciones deportivas reiteran compromiso con \u00e9xito Juegos Centroamericanos Santo Domingo 2026","datePublished":"2026-02-17T03:41:29+00:00","mainEntityOfPage":{"@id":"https:\/\/potenciaradiofonicadominicana.com\/portal\/federaciones-deportivas-reiteran-compromiso-con-exito-juegos-centroamericanos-santo-domingo-2026\/"},"wordCount":420,"publisher":{"@id":"https:\/\/potenciaradiofonicadominicana.com\/portal\/#organization"},"image":{"@id":"https:\/\/potenciaradiofonicadominicana.com\/portal\/federaciones-deportivas-reiteran-compromiso-con-exito-juegos-centroamericanos-santo-domingo-2026\/#primaryimage"},"thumbnailUrl":"https:\/\/potenciaradiofonicadominicana.com\/portal\/wp-content\/uploads\/2026\/02\/federaciones-deportivas-reiteran-compromiso-con-exito-jcc-sd-2026-683f2be7-focus-0.04-0.36-896-504.jpg","articleSection":["Deportes"],"inLanguage":"es"},{"@type":"WebPage","@id":"https:\/\/potenciaradiofonicadominicana.com\/portal\/federaciones-deportivas-reiteran-compromiso-con-exito-juegos-centroamericanos-santo-domingo-2026\/","url":"https:\/\/potenciaradiofonicadominicana.com\/portal\/federaciones-deportivas-reiteran-compromiso-con-exito-juegos-centroamericanos-santo-domingo-2026\/","name":"Federaciones deportivas reiteran compromiso con \u00e9xito Juegos Centroamericanos Santo Domingo 2026 - PotenciaRadiofonicaDominicana.com","isPartOf":{"@id":"https:\/\/potenciaradiofonicadominicana.com\/portal\/#website"},"primaryImageOfPage":{"@id":"https:\/\/potenciaradiofonicadominicana.com\/portal\/federaciones-deportivas-reiteran-compromiso-con-exito-juegos-centroamericanos-santo-domingo-2026\/#primaryimage"},"image":{"@id":"https:\/\/potenciaradiofonicadominicana.com\/portal\/federaciones-deportivas-reiteran-compromiso-con-exito-juegos-centroamericanos-santo-domingo-2026\/#primaryimage"},"thumbnailUrl":"https:\/\/potenciaradiofonicadominicana.com\/portal\/wp-content\/uploads\/2026\/02\/federaciones-deportivas-reiteran-compromiso-con-exito-jcc-sd-2026-683f2be7-focus-0.04-0.36-896-504.jpg","datePublished":"2026-02-17T03:41:29+00:00","breadcrumb":{"@id":"https:\/\/potenciaradiofonicadominicana.com\/portal\/federaciones-deportivas-reiteran-compromiso-con-exito-juegos-centroamericanos-santo-domingo-2026\/#breadcrumb"},"inLanguage":"es","potentialAction":[{"@type":"ReadAction","target":["https:\/\/potenciaradiofonicadominicana.com\/portal\/federaciones-deportivas-reiteran-compromiso-con-exito-juegos-centroamericanos-santo-domingo-2026\/"]}]},{"@type":"ImageObject","inLanguage":"es","@id":"https:\/\/potenciaradiofonicadominicana.com\/portal\/federaciones-deportivas-reiteran-compromiso-con-exito-juegos-centroamericanos-santo-domingo-2026\/#primaryimage","url":"https:\/\/potenciaradiofonicadominicana.com\/portal\/wp-content\/uploads\/2026\/02\/federaciones-deportivas-reiteran-compromiso-con-exito-jcc-sd-2026-683f2be7-focus-0.04-0.36-896-504.jpg","contentUrl":"https:\/\/potenciaradiofonicadominicana.com\/portal\/wp-content\/uploads\/2026\/02\/federaciones-deportivas-reiteran-compromiso-con-exito-jcc-sd-2026-683f2be7-focus-0.04-0.36-896-504.jpg","width":896,"height":504},{"@type":"BreadcrumbList","@id":"https:\/\/potenciaradiofonicadominicana.com\/portal\/federaciones-deportivas-reiteran-compromiso-con-exito-juegos-centroamericanos-santo-domingo-2026\/#breadcrumb","itemListElement":[{"@type":"ListItem","position":1,"name":"Portada","item":"https:\/\/potenciaradiofonicadominicana.com\/portal\/"},{"@type":"ListItem","position":2,"name":"Federaciones deportivas reiteran compromiso con \u00e9xito Juegos Centroamericanos Santo Domingo 2026"}]},{"@type":"WebSite","@id":"https:\/\/potenciaradiofonicadominicana.com\/portal\/#website","url":"https:\/\/potenciaradiofonicadominicana.com\/portal\/","name":"PotenciaRadiofonicaDominicana.com","description":"Peri\u00f3dico Digital","publisher":{"@id":"https:\/\/potenciaradiofonicadominicana.com\/portal\/#organization"},"potentialAction":[{"@type":"SearchAction","target":{"@type":"EntryPoint","urlTemplate":"https:\/\/potenciaradiofonicadominicana.com\/portal\/?s={search_term_string}"},"query-input":{"@type":"PropertyValueSpecification","valueRequired":true,"valueName":"search_term_string"}}],"inLanguage":"es"},{"@type":"Organization","@id":"https:\/\/potenciaradiofonicadominicana.com\/portal\/#organization","name":"PotenciaRadiofonicaDominicana.com","url":"https:\/\/potenciaradiofonicadominicana.com\/portal\/","logo":{"@type":"ImageObject","inLanguage":"es","@id":"https:\/\/potenciaradiofonicadominicana.com\/portal\/#\/schema\/logo\/image\/","url":"https:\/\/potenciaradiofonicadominicana.com\/portal\/wp-content\/uploads\/2022\/01\/descarga.png","contentUrl":"https:\/\/potenciaradiofonicadominicana.com\/portal\/wp-content\/uploads\/2022\/01\/descarga.png","width":300,"height":100,"caption":"PotenciaRadiofonicaDominicana.com"},"image":{"@id":"https:\/\/potenciaradiofonicadominicana.com\/portal\/#\/schema\/logo\/image\/"},"sameAs":["https:\/\/web.facebook.com\/PotenciaRadiofonicaD"]},{"@type":"Person","@id":"https:\/\/potenciaradiofonicadominicana.com\/portal\/#\/schema\/person\/a5cf1fea13877803ee0573ac18b03490","name":"Potencia Radiof\u00f3nica Dominicana","image":{"@type":"ImageObject","inLanguage":"es","@id":"https:\/\/potenciaradiofonicadominicana.com\/portal\/#\/schema\/person\/image\/","url":"https:\/\/secure.gravatar.com\/avatar\/42a55ab9e8ccc656ba34cd791990602a?s=96&d=mm&r=g","contentUrl":"https:\/\/secure.gravatar.com\/avatar\/42a55ab9e8ccc656ba34cd791990602a?s=96&d=mm&r=g","caption":"Potencia Radiof\u00f3nica Dominicana"},"url":"https:\/\/potenciaradiofonicadominicana.com\/portal\/author\/johannyalmanzar\/"}]}},"_links":{"self":[{"href":"https:\/\/potenciaradiofonicadominicana.com\/portal\/wp-json\/wp\/v2\/posts\/211713","targetHints":{"allow":["GET"]}}],"collection":[{"href":"https:\/\/potenciaradiofonicadominicana.com\/portal\/wp-json\/wp\/v2\/posts"}],"about":[{"href":"https:\/\/potenciaradiofonicadominicana.com\/portal\/wp-json\/wp\/v2\/types\/post"}],"author":[{"embeddable":true,"href":"https:\/\/potenciaradiofonicadominicana.com\/portal\/wp-json\/wp\/v2\/users\/2"}],"replies":[{"embeddable":true,"href":"https:\/\/potenciaradiofonicadominicana.com\/portal\/wp-json\/wp\/v2\/comments?post=211713"}],"version-history":[{"count":1,"href":"https:\/\/potenciaradiofonicadominicana.com\/portal\/wp-json\/wp\/v2\/posts\/211713\/revisions"}],"predecessor-version":[{"id":211715,"href":"https:\/\/potenciaradiofonicadominicana.com\/portal\/wp-json\/wp\/v2\/posts\/211713\/revisions\/211715"}],"wp:featuredmedia":[{"embeddable":true,"href":"https:\/\/potenciaradiofonicadominicana.com\/portal\/wp-json\/wp\/v2\/media\/211714"}],"wp:attachment":[{"href":"https:\/\/potenciaradiofonicadominicana.com\/portal\/wp-json\/wp\/v2\/media?parent=211713"}],"wp:term":[{"taxonomy":"category","embeddable":true,"href":"https:\/\/potenciaradiofonicadominicana.com\/portal\/wp-json\/wp\/v2\/categories?post=211713"},{"taxonomy":"post_tag","embeddable":true,"href":"https:\/\/potenciaradiofonicadominicana.com\/portal\/wp-json\/wp\/v2\/tags?post=211713"}],"curies":[{"name":"wp","href":"https:\/\/api.w.org\/{rel}","templated":true}]}}