{"id":211710,"date":"2026-02-16T23:39:42","date_gmt":"2026-02-17T03:39:42","guid":{"rendered":"https:\/\/potenciaradiofonicadominicana.com\/portal\/?p=211710"},"modified":"2026-02-16T23:39:42","modified_gmt":"2026-02-17T03:39:42","slug":"mike-trout-prefiere-volver-al-jardin-central-en-2026","status":"publish","type":"post","link":"https:\/\/potenciaradiofonicadominicana.com\/portal\/mike-trout-prefiere-volver-al-jardin-central-en-2026\/","title":{"rendered":"Mike Trout prefiere volver al jard\u00edn central en 2026"},"content":{"rendered":"<p><a href=\"https:\/\/potenciaradiofonicadominicana.com\/portal\/wp-content\/uploads\/2026\/02\/mlb-mike-trout-prefiere-volver-al-jardin-central-en-2026-b3b2f9d3-focus-min0.09-0.63-896-504.jpg\"><img loading=\"lazy\" decoding=\"async\" class=\"alignnone size-full wp-image-211711\" src=\"https:\/\/potenciaradiofonicadominicana.com\/portal\/wp-content\/uploads\/2026\/02\/mlb-mike-trout-prefiere-volver-al-jardin-central-en-2026-b3b2f9d3-focus-min0.09-0.63-896-504.jpg\" alt=\"\" width=\"896\" height=\"504\" srcset=\"https:\/\/potenciaradiofonicadominicana.com\/portal\/wp-content\/uploads\/2026\/02\/mlb-mike-trout-prefiere-volver-al-jardin-central-en-2026-b3b2f9d3-focus-min0.09-0.63-896-504.jpg 896w, https:\/\/potenciaradiofonicadominicana.com\/portal\/wp-content\/uploads\/2026\/02\/mlb-mike-trout-prefiere-volver-al-jardin-central-en-2026-b3b2f9d3-focus-min0.09-0.63-896-504-300x169.jpg 300w, https:\/\/potenciaradiofonicadominicana.com\/portal\/wp-content\/uploads\/2026\/02\/mlb-mike-trout-prefiere-volver-al-jardin-central-en-2026-b3b2f9d3-focus-min0.09-0.63-896-504-768x432.jpg 768w\" sizes=\"auto, (max-width: 896px) 100vw, 896px\" \/><\/a><\/p>\n<p>El experimento de\u00a0Mike Trout\u00a0en el\u00a0jard\u00edn derecho\u00a0parece haber terminado.\u00a0Trout, tres veces MVP de la Liga Americana y once veces All-Star, le dijo al gerente general Perry Minasian y al m\u00e1nager Kurt\u00a0Suzuki\u00a0que prefiere regresar al jard\u00edn central esta\u00a0temporada\u00a0despu\u00e9s de haber jugado en el derecho el a\u00f1o pasado.<\/p>\n<p>Trout, de 34 a\u00f1os, coment\u00f3 que se siente\u00a0m\u00e1s c\u00f3modo\u00a0en el\u00a0centro\u00a0y que no cree que el cambio a una esquina haya marcado diferencia en su salud.<\/p>\n<p>\u00abHabl\u00e9 con \u00b4Zuk\u00b4; definitivamente quiero jugar en el\u00a0centro\u00bb, dijo\u00a0Trout. \u00abLe dije que jugar\u00eda en cualquier parte, pero obviamente prefiero el\u00a0centro. Fue una buena comunicaci\u00f3n con \u00e9l y con Perry, y ellos est\u00e1n de acuerdo\u00bb.<\/p>\n<p>El a\u00f1o pasado\u00a0Trout\u00a0jug\u00f3 solo\u00a022 partidos\u00a0en el\u00a0jard\u00edn derecho antes de sufrir una contusi\u00f3n \u00f3sea en su rodilla izquierda operada, tras un mal paso en la base de primera el 30 de abril en Seattle.<\/p>\n<p>Se perdi\u00f3 exactamente un mes y luego tuvo que desempe\u00f1arse como\u00a0bateador designado\u00a0el resto de la\u00a0temporada.<\/p>\n<p>Termin\u00f3 con una\u00a0l\u00ednea ofensiva\u00a0poco habitual de .232\/.359\/.439, con\u00a026 jonrones, 14 dobles y 64 impulsadas en 130 juegos.<\/p>\n<p>Trout\u00a0ha dejado claro a lo largo de su carrera que no disfruta ser\u00a0bateador designado, aunque sabe que tendr\u00e1 que hacerlo\u00a0ocasionalmente\u00a0este a\u00f1o. Tambi\u00e9n est\u00e1 abierto a jugar en las esquinas si es necesario.<\/p>\n<p>\u00abSiento que estoy en mi\u00a0mejor nivel\u00a0cuando estoy en el\u00a0centro\u00bb, dijo\u00a0Trout. \u00abPero si tuviera que ir a la esquina, lo har\u00eda. Honestamente, sent\u00ed que en el\u00a0centro\u00a0hab\u00eda\u00a0menos carga\u00a0para mi cuerpo que en las esquinas. En el derecho sent\u00eda que corr\u00eda mucho, pero es m\u00e1s una cuesti\u00f3n de preferencia. Simplemente me siento m\u00e1s confiado en el\u00a0centro\u00bb.<\/p>\n<p>El regreso de\u00a0Trout\u00a0al\u00a0centro\u00a0beneficiar\u00eda al\u00a0roster, ya que los Angels carecen de un jardinero central titular natural. Esto permitir\u00eda que\u00a0Jo Adell\u00a0juegue en el derecho y Josh Lowe en el izquierdo, con Jorge Soler\u00a0ocasionalmente\u00a0en las esquinas.<\/p>\n<p>Bryce Teodosio\u00a0compite con el invitado\u00a0Jos\u00e9 Siri\u00a0por un\u00a0rol de respaldo\u00a0en el\u00a0centro.<\/p>\n<p>Suzuki\u00a0explic\u00f3 que planea usar a\u00a0Trout,\u00a0Adell\u00a0y Lowe en el\u00a0centro\u00a0durante la primavera, y que\u00a0Trout\u00a0tambi\u00e9n jugar\u00e1 en las esquinas para\u00a0evaluar opciones. Valor\u00f3 que\u00a0Trout\u00a0no exigiera jugar en el\u00a0centro y que est\u00e9 dispuesto a moverse.<\/p>\n<p>\u00abTuvimos una\u00a0conversaci\u00f3n\u00a0y su preferencia es el jard\u00edn central\u00bb, dijo\u00a0Suzuki. \u00abPero al mismo tiempo, vino y me dijo: \u00b4Zuk, jugar\u00e9 donde me necesites. Estoy c\u00f3modo en el izquierdo, derecho,\u00a0centro\u00a0\u2014 donde sea\u00b4. As\u00ed que dejaremos las\u00a0opciones abiertas, pero \u00e9l prefiere el\u00a0centro, y lo evaluaremos\u00bb.<\/p>\n<p>Adell\u00a0celebr\u00f3 que\u00a0Trout\u00a0est\u00e9 sano y quiera volver al\u00a0centro, ya que \u00e9l se siente\u00a0m\u00e1s c\u00f3modo\u00a0en el derecho, donde fue finalista al Guante de Oro en 2024. El a\u00f1o pasado jug\u00f3 89 partidos en el\u00a0centro y 69 en el derecho, con mejor desempe\u00f1o defensivo en este \u00faltimo.<\/p>\n<p>\u00abMe alegra que est\u00e9 sano y listo\u00bb, dijo\u00a0Adell. \u00abMi mentalidad siempre ha sido ayudar en lo que sea, donde me necesiten. Y me alegra que se sienta bien. Est\u00e1 listo y estamos\u00a0emocionados. Ojal\u00e1 funcione para nosotros\u00bb.<\/p>\n<p>Trout\u00a0asegur\u00f3 que no tiene limitaciones f\u00edsicas esta primavera, pues la contusi\u00f3n \u00f3sea ya san\u00f3. Coment\u00f3 que se sinti\u00f3 mejor al final de la\u00a0temporada, especialmente en la \u00faltima semana, cuando bate\u00f3 .333 con cinco jonrones en siete juegos tras ajustar su mec\u00e1nica.<\/p>\n<p>Trout\u00a0destac\u00f3 que el\u00a0roster\u00a0cuenta con varios jugadores que buscan reivindicarse, como Lowe, el utility Vaughn Grissom, los abridores\u00a0Grayson Rodriguez\u00a0y Alek Manoah, y los relevistas Kirby Yates, Jordan Romano y Brent Suter.<\/p>\n","protected":false},"excerpt":{"rendered":"<p>El experimento de\u00a0Mike Trout\u00a0en el\u00a0jard\u00edn derecho\u00a0parece haber terminado.\u00a0Trout, tres veces MVP de la Liga Americana y once veces All-Star, le &#8230;<\/p>\n","protected":false},"author":2,"featured_media":211711,"comment_status":"closed","ping_status":"closed","sticky":false,"template":"","format":"standard","meta":{"footnotes":""},"categories":[28],"tags":[],"class_list":["post-211710","post","type-post","status-publish","format-standard","has-post-thumbnail","hentry","category-deportes"],"yoast_head":"<!-- This site is optimized with the Yoast SEO plugin v24.8.1 - https:\/\/yoast.com\/wordpress\/plugins\/seo\/ -->\n<title>Mike Trout prefiere volver al jard\u00edn central en 2026 - PotenciaRadiofonicaDominicana.com<\/title>\n<meta name=\"robots\" content=\"index, follow, max-snippet:-1, max-image-preview:large, max-video-preview:-1\" \/>\n<link rel=\"canonical\" href=\"https:\/\/potenciaradiofonicadominicana.com\/portal\/mike-trout-prefiere-volver-al-jardin-central-en-2026\/\" \/>\n<meta property=\"og:locale\" content=\"es_ES\" \/>\n<meta property=\"og:type\" content=\"article\" \/>\n<meta property=\"og:title\" content=\"Mike Trout prefiere volver al jard\u00edn central en 2026 - PotenciaRadiofonicaDominicana.com\" \/>\n<meta property=\"og:description\" content=\"El experimento de\u00a0Mike Trout\u00a0en el\u00a0jard\u00edn derecho\u00a0parece haber terminado.\u00a0Trout, tres veces MVP de la Liga Americana y once veces All-Star, le ...\" \/>\n<meta property=\"og:url\" content=\"https:\/\/potenciaradiofonicadominicana.com\/portal\/mike-trout-prefiere-volver-al-jardin-central-en-2026\/\" \/>\n<meta property=\"og:site_name\" content=\"PotenciaRadiofonicaDominicana.com\" \/>\n<meta property=\"article:publisher\" content=\"https:\/\/web.facebook.com\/PotenciaRadiofonicaD\" \/>\n<meta property=\"article:published_time\" content=\"2026-02-17T03:39:42+00:00\" \/>\n<meta property=\"og:image\" content=\"https:\/\/potenciaradiofonicadominicana.com\/portal\/wp-content\/uploads\/2026\/02\/mlb-mike-trout-prefiere-volver-al-jardin-central-en-2026-b3b2f9d3-focus-min0.09-0.63-896-504.jpg\" \/>\n\t<meta property=\"og:image:width\" content=\"896\" \/>\n\t<meta property=\"og:image:height\" content=\"504\" \/>\n\t<meta property=\"og:image:type\" content=\"image\/jpeg\" \/>\n<meta name=\"author\" content=\"Potencia Radiof\u00f3nica Dominicana\" \/>\n<meta name=\"twitter:card\" content=\"summary_large_image\" \/>\n<meta name=\"twitter:label1\" content=\"Escrito por\" \/>\n\t<meta name=\"twitter:data1\" content=\"Potencia Radiof\u00f3nica Dominicana\" \/>\n\t<meta name=\"twitter:label2\" content=\"Tiempo de lectura\" \/>\n\t<meta name=\"twitter:data2\" content=\"4 minutos\" \/>\n<script type=\"application\/ld+json\" class=\"yoast-schema-graph\">{\"@context\":\"https:\/\/schema.org\",\"@graph\":[{\"@type\":\"Article\",\"@id\":\"https:\/\/potenciaradiofonicadominicana.com\/portal\/mike-trout-prefiere-volver-al-jardin-central-en-2026\/#article\",\"isPartOf\":{\"@id\":\"https:\/\/potenciaradiofonicadominicana.com\/portal\/mike-trout-prefiere-volver-al-jardin-central-en-2026\/\"},\"author\":{\"name\":\"Potencia Radiof\u00f3nica Dominicana\",\"@id\":\"https:\/\/potenciaradiofonicadominicana.com\/portal\/#\/schema\/person\/a5cf1fea13877803ee0573ac18b03490\"},\"headline\":\"Mike Trout prefiere volver al jard\u00edn central en 2026\",\"datePublished\":\"2026-02-17T03:39:42+00:00\",\"mainEntityOfPage\":{\"@id\":\"https:\/\/potenciaradiofonicadominicana.com\/portal\/mike-trout-prefiere-volver-al-jardin-central-en-2026\/\"},\"wordCount\":644,\"publisher\":{\"@id\":\"https:\/\/potenciaradiofonicadominicana.com\/portal\/#organization\"},\"image\":{\"@id\":\"https:\/\/potenciaradiofonicadominicana.com\/portal\/mike-trout-prefiere-volver-al-jardin-central-en-2026\/#primaryimage\"},\"thumbnailUrl\":\"https:\/\/potenciaradiofonicadominicana.com\/portal\/wp-content\/uploads\/2026\/02\/mlb-mike-trout-prefiere-volver-al-jardin-central-en-2026-b3b2f9d3-focus-min0.09-0.63-896-504.jpg\",\"articleSection\":[\"Deportes\"],\"inLanguage\":\"es\"},{\"@type\":\"WebPage\",\"@id\":\"https:\/\/potenciaradiofonicadominicana.com\/portal\/mike-trout-prefiere-volver-al-jardin-central-en-2026\/\",\"url\":\"https:\/\/potenciaradiofonicadominicana.com\/portal\/mike-trout-prefiere-volver-al-jardin-central-en-2026\/\",\"name\":\"Mike Trout prefiere volver al jard\u00edn central en 2026 - PotenciaRadiofonicaDominicana.com\",\"isPartOf\":{\"@id\":\"https:\/\/potenciaradiofonicadominicana.com\/portal\/#website\"},\"primaryImageOfPage\":{\"@id\":\"https:\/\/potenciaradiofonicadominicana.com\/portal\/mike-trout-prefiere-volver-al-jardin-central-en-2026\/#primaryimage\"},\"image\":{\"@id\":\"https:\/\/potenciaradiofonicadominicana.com\/portal\/mike-trout-prefiere-volver-al-jardin-central-en-2026\/#primaryimage\"},\"thumbnailUrl\":\"https:\/\/potenciaradiofonicadominicana.com\/portal\/wp-content\/uploads\/2026\/02\/mlb-mike-trout-prefiere-volver-al-jardin-central-en-2026-b3b2f9d3-focus-min0.09-0.63-896-504.jpg\",\"datePublished\":\"2026-02-17T03:39:42+00:00\",\"breadcrumb\":{\"@id\":\"https:\/\/potenciaradiofonicadominicana.com\/portal\/mike-trout-prefiere-volver-al-jardin-central-en-2026\/#breadcrumb\"},\"inLanguage\":\"es\",\"potentialAction\":[{\"@type\":\"ReadAction\",\"target\":[\"https:\/\/potenciaradiofonicadominicana.com\/portal\/mike-trout-prefiere-volver-al-jardin-central-en-2026\/\"]}]},{\"@type\":\"ImageObject\",\"inLanguage\":\"es\",\"@id\":\"https:\/\/potenciaradiofonicadominicana.com\/portal\/mike-trout-prefiere-volver-al-jardin-central-en-2026\/#primaryimage\",\"url\":\"https:\/\/potenciaradiofonicadominicana.com\/portal\/wp-content\/uploads\/2026\/02\/mlb-mike-trout-prefiere-volver-al-jardin-central-en-2026-b3b2f9d3-focus-min0.09-0.63-896-504.jpg\",\"contentUrl\":\"https:\/\/potenciaradiofonicadominicana.com\/portal\/wp-content\/uploads\/2026\/02\/mlb-mike-trout-prefiere-volver-al-jardin-central-en-2026-b3b2f9d3-focus-min0.09-0.63-896-504.jpg\",\"width\":896,\"height\":504},{\"@type\":\"BreadcrumbList\",\"@id\":\"https:\/\/potenciaradiofonicadominicana.com\/portal\/mike-trout-prefiere-volver-al-jardin-central-en-2026\/#breadcrumb\",\"itemListElement\":[{\"@type\":\"ListItem\",\"position\":1,\"name\":\"Portada\",\"item\":\"https:\/\/potenciaradiofonicadominicana.com\/portal\/\"},{\"@type\":\"ListItem\",\"position\":2,\"name\":\"Mike Trout prefiere volver al jard\u00edn central en 2026\"}]},{\"@type\":\"WebSite\",\"@id\":\"https:\/\/potenciaradiofonicadominicana.com\/portal\/#website\",\"url\":\"https:\/\/potenciaradiofonicadominicana.com\/portal\/\",\"name\":\"PotenciaRadiofonicaDominicana.com\",\"description\":\"Peri\u00f3dico Digital\",\"publisher\":{\"@id\":\"https:\/\/potenciaradiofonicadominicana.com\/portal\/#organization\"},\"potentialAction\":[{\"@type\":\"SearchAction\",\"target\":{\"@type\":\"EntryPoint\",\"urlTemplate\":\"https:\/\/potenciaradiofonicadominicana.com\/portal\/?s={search_term_string}\"},\"query-input\":{\"@type\":\"PropertyValueSpecification\",\"valueRequired\":true,\"valueName\":\"search_term_string\"}}],\"inLanguage\":\"es\"},{\"@type\":\"Organization\",\"@id\":\"https:\/\/potenciaradiofonicadominicana.com\/portal\/#organization\",\"name\":\"PotenciaRadiofonicaDominicana.com\",\"url\":\"https:\/\/potenciaradiofonicadominicana.com\/portal\/\",\"logo\":{\"@type\":\"ImageObject\",\"inLanguage\":\"es\",\"@id\":\"https:\/\/potenciaradiofonicadominicana.com\/portal\/#\/schema\/logo\/image\/\",\"url\":\"https:\/\/potenciaradiofonicadominicana.com\/portal\/wp-content\/uploads\/2022\/01\/descarga.png\",\"contentUrl\":\"https:\/\/potenciaradiofonicadominicana.com\/portal\/wp-content\/uploads\/2022\/01\/descarga.png\",\"width\":300,\"height\":100,\"caption\":\"PotenciaRadiofonicaDominicana.com\"},\"image\":{\"@id\":\"https:\/\/potenciaradiofonicadominicana.com\/portal\/#\/schema\/logo\/image\/\"},\"sameAs\":[\"https:\/\/web.facebook.com\/PotenciaRadiofonicaD\"]},{\"@type\":\"Person\",\"@id\":\"https:\/\/potenciaradiofonicadominicana.com\/portal\/#\/schema\/person\/a5cf1fea13877803ee0573ac18b03490\",\"name\":\"Potencia Radiof\u00f3nica Dominicana\",\"image\":{\"@type\":\"ImageObject\",\"inLanguage\":\"es\",\"@id\":\"https:\/\/potenciaradiofonicadominicana.com\/portal\/#\/schema\/person\/image\/\",\"url\":\"https:\/\/secure.gravatar.com\/avatar\/42a55ab9e8ccc656ba34cd791990602a?s=96&d=mm&r=g\",\"contentUrl\":\"https:\/\/secure.gravatar.com\/avatar\/42a55ab9e8ccc656ba34cd791990602a?s=96&d=mm&r=g\",\"caption\":\"Potencia Radiof\u00f3nica Dominicana\"},\"url\":\"https:\/\/potenciaradiofonicadominicana.com\/portal\/author\/johannyalmanzar\/\"}]}<\/script>\n<!-- \/ Yoast SEO plugin. -->","yoast_head_json":{"title":"Mike Trout prefiere volver al jard\u00edn central en 2026 - PotenciaRadiofonicaDominicana.com","robots":{"index":"index","follow":"follow","max-snippet":"max-snippet:-1","max-image-preview":"max-image-preview:large","max-video-preview":"max-video-preview:-1"},"canonical":"https:\/\/potenciaradiofonicadominicana.com\/portal\/mike-trout-prefiere-volver-al-jardin-central-en-2026\/","og_locale":"es_ES","og_type":"article","og_title":"Mike Trout prefiere volver al jard\u00edn central en 2026 - PotenciaRadiofonicaDominicana.com","og_description":"El experimento de\u00a0Mike Trout\u00a0en el\u00a0jard\u00edn derecho\u00a0parece haber terminado.\u00a0Trout, tres veces MVP de la Liga Americana y once veces All-Star, le ...","og_url":"https:\/\/potenciaradiofonicadominicana.com\/portal\/mike-trout-prefiere-volver-al-jardin-central-en-2026\/","og_site_name":"PotenciaRadiofonicaDominicana.com","article_publisher":"https:\/\/web.facebook.com\/PotenciaRadiofonicaD","article_published_time":"2026-02-17T03:39:42+00:00","og_image":[{"width":896,"height":504,"url":"https:\/\/potenciaradiofonicadominicana.com\/portal\/wp-content\/uploads\/2026\/02\/mlb-mike-trout-prefiere-volver-al-jardin-central-en-2026-b3b2f9d3-focus-min0.09-0.63-896-504.jpg","type":"image\/jpeg"}],"author":"Potencia Radiof\u00f3nica Dominicana","twitter_card":"summary_large_image","twitter_misc":{"Escrito por":"Potencia Radiof\u00f3nica Dominicana","Tiempo de lectura":"4 minutos"},"schema":{"@context":"https:\/\/schema.org","@graph":[{"@type":"Article","@id":"https:\/\/potenciaradiofonicadominicana.com\/portal\/mike-trout-prefiere-volver-al-jardin-central-en-2026\/#article","isPartOf":{"@id":"https:\/\/potenciaradiofonicadominicana.com\/portal\/mike-trout-prefiere-volver-al-jardin-central-en-2026\/"},"author":{"name":"Potencia Radiof\u00f3nica Dominicana","@id":"https:\/\/potenciaradiofonicadominicana.com\/portal\/#\/schema\/person\/a5cf1fea13877803ee0573ac18b03490"},"headline":"Mike Trout prefiere volver al jard\u00edn central en 2026","datePublished":"2026-02-17T03:39:42+00:00","mainEntityOfPage":{"@id":"https:\/\/potenciaradiofonicadominicana.com\/portal\/mike-trout-prefiere-volver-al-jardin-central-en-2026\/"},"wordCount":644,"publisher":{"@id":"https:\/\/potenciaradiofonicadominicana.com\/portal\/#organization"},"image":{"@id":"https:\/\/potenciaradiofonicadominicana.com\/portal\/mike-trout-prefiere-volver-al-jardin-central-en-2026\/#primaryimage"},"thumbnailUrl":"https:\/\/potenciaradiofonicadominicana.com\/portal\/wp-content\/uploads\/2026\/02\/mlb-mike-trout-prefiere-volver-al-jardin-central-en-2026-b3b2f9d3-focus-min0.09-0.63-896-504.jpg","articleSection":["Deportes"],"inLanguage":"es"},{"@type":"WebPage","@id":"https:\/\/potenciaradiofonicadominicana.com\/portal\/mike-trout-prefiere-volver-al-jardin-central-en-2026\/","url":"https:\/\/potenciaradiofonicadominicana.com\/portal\/mike-trout-prefiere-volver-al-jardin-central-en-2026\/","name":"Mike Trout prefiere volver al jard\u00edn central en 2026 - PotenciaRadiofonicaDominicana.com","isPartOf":{"@id":"https:\/\/potenciaradiofonicadominicana.com\/portal\/#website"},"primaryImageOfPage":{"@id":"https:\/\/potenciaradiofonicadominicana.com\/portal\/mike-trout-prefiere-volver-al-jardin-central-en-2026\/#primaryimage"},"image":{"@id":"https:\/\/potenciaradiofonicadominicana.com\/portal\/mike-trout-prefiere-volver-al-jardin-central-en-2026\/#primaryimage"},"thumbnailUrl":"https:\/\/potenciaradiofonicadominicana.com\/portal\/wp-content\/uploads\/2026\/02\/mlb-mike-trout-prefiere-volver-al-jardin-central-en-2026-b3b2f9d3-focus-min0.09-0.63-896-504.jpg","datePublished":"2026-02-17T03:39:42+00:00","breadcrumb":{"@id":"https:\/\/potenciaradiofonicadominicana.com\/portal\/mike-trout-prefiere-volver-al-jardin-central-en-2026\/#breadcrumb"},"inLanguage":"es","potentialAction":[{"@type":"ReadAction","target":["https:\/\/potenciaradiofonicadominicana.com\/portal\/mike-trout-prefiere-volver-al-jardin-central-en-2026\/"]}]},{"@type":"ImageObject","inLanguage":"es","@id":"https:\/\/potenciaradiofonicadominicana.com\/portal\/mike-trout-prefiere-volver-al-jardin-central-en-2026\/#primaryimage","url":"https:\/\/potenciaradiofonicadominicana.com\/portal\/wp-content\/uploads\/2026\/02\/mlb-mike-trout-prefiere-volver-al-jardin-central-en-2026-b3b2f9d3-focus-min0.09-0.63-896-504.jpg","contentUrl":"https:\/\/potenciaradiofonicadominicana.com\/portal\/wp-content\/uploads\/2026\/02\/mlb-mike-trout-prefiere-volver-al-jardin-central-en-2026-b3b2f9d3-focus-min0.09-0.63-896-504.jpg","width":896,"height":504},{"@type":"BreadcrumbList","@id":"https:\/\/potenciaradiofonicadominicana.com\/portal\/mike-trout-prefiere-volver-al-jardin-central-en-2026\/#breadcrumb","itemListElement":[{"@type":"ListItem","position":1,"name":"Portada","item":"https:\/\/potenciaradiofonicadominicana.com\/portal\/"},{"@type":"ListItem","position":2,"name":"Mike Trout prefiere volver al jard\u00edn central en 2026"}]},{"@type":"WebSite","@id":"https:\/\/potenciaradiofonicadominicana.com\/portal\/#website","url":"https:\/\/potenciaradiofonicadominicana.com\/portal\/","name":"PotenciaRadiofonicaDominicana.com","description":"Peri\u00f3dico Digital","publisher":{"@id":"https:\/\/potenciaradiofonicadominicana.com\/portal\/#organization"},"potentialAction":[{"@type":"SearchAction","target":{"@type":"EntryPoint","urlTemplate":"https:\/\/potenciaradiofonicadominicana.com\/portal\/?s={search_term_string}"},"query-input":{"@type":"PropertyValueSpecification","valueRequired":true,"valueName":"search_term_string"}}],"inLanguage":"es"},{"@type":"Organization","@id":"https:\/\/potenciaradiofonicadominicana.com\/portal\/#organization","name":"PotenciaRadiofonicaDominicana.com","url":"https:\/\/potenciaradiofonicadominicana.com\/portal\/","logo":{"@type":"ImageObject","inLanguage":"es","@id":"https:\/\/potenciaradiofonicadominicana.com\/portal\/#\/schema\/logo\/image\/","url":"https:\/\/potenciaradiofonicadominicana.com\/portal\/wp-content\/uploads\/2022\/01\/descarga.png","contentUrl":"https:\/\/potenciaradiofonicadominicana.com\/portal\/wp-content\/uploads\/2022\/01\/descarga.png","width":300,"height":100,"caption":"PotenciaRadiofonicaDominicana.com"},"image":{"@id":"https:\/\/potenciaradiofonicadominicana.com\/portal\/#\/schema\/logo\/image\/"},"sameAs":["https:\/\/web.facebook.com\/PotenciaRadiofonicaD"]},{"@type":"Person","@id":"https:\/\/potenciaradiofonicadominicana.com\/portal\/#\/schema\/person\/a5cf1fea13877803ee0573ac18b03490","name":"Potencia Radiof\u00f3nica Dominicana","image":{"@type":"ImageObject","inLanguage":"es","@id":"https:\/\/potenciaradiofonicadominicana.com\/portal\/#\/schema\/person\/image\/","url":"https:\/\/secure.gravatar.com\/avatar\/42a55ab9e8ccc656ba34cd791990602a?s=96&d=mm&r=g","contentUrl":"https:\/\/secure.gravatar.com\/avatar\/42a55ab9e8ccc656ba34cd791990602a?s=96&d=mm&r=g","caption":"Potencia Radiof\u00f3nica Dominicana"},"url":"https:\/\/potenciaradiofonicadominicana.com\/portal\/author\/johannyalmanzar\/"}]}},"_links":{"self":[{"href":"https:\/\/potenciaradiofonicadominicana.com\/portal\/wp-json\/wp\/v2\/posts\/211710","targetHints":{"allow":["GET"]}}],"collection":[{"href":"https:\/\/potenciaradiofonicadominicana.com\/portal\/wp-json\/wp\/v2\/posts"}],"about":[{"href":"https:\/\/potenciaradiofonicadominicana.com\/portal\/wp-json\/wp\/v2\/types\/post"}],"author":[{"embeddable":true,"href":"https:\/\/potenciaradiofonicadominicana.com\/portal\/wp-json\/wp\/v2\/users\/2"}],"replies":[{"embeddable":true,"href":"https:\/\/potenciaradiofonicadominicana.com\/portal\/wp-json\/wp\/v2\/comments?post=211710"}],"version-history":[{"count":1,"href":"https:\/\/potenciaradiofonicadominicana.com\/portal\/wp-json\/wp\/v2\/posts\/211710\/revisions"}],"predecessor-version":[{"id":211712,"href":"https:\/\/potenciaradiofonicadominicana.com\/portal\/wp-json\/wp\/v2\/posts\/211710\/revisions\/211712"}],"wp:featuredmedia":[{"embeddable":true,"href":"https:\/\/potenciaradiofonicadominicana.com\/portal\/wp-json\/wp\/v2\/media\/211711"}],"wp:attachment":[{"href":"https:\/\/potenciaradiofonicadominicana.com\/portal\/wp-json\/wp\/v2\/media?parent=211710"}],"wp:term":[{"taxonomy":"category","embeddable":true,"href":"https:\/\/potenciaradiofonicadominicana.com\/portal\/wp-json\/wp\/v2\/categories?post=211710"},{"taxonomy":"post_tag","embeddable":true,"href":"https:\/\/potenciaradiofonicadominicana.com\/portal\/wp-json\/wp\/v2\/tags?post=211710"}],"curies":[{"name":"wp","href":"https:\/\/api.w.org\/{rel}","templated":true}]}}