{"id":211707,"date":"2026-02-16T23:37:22","date_gmt":"2026-02-17T03:37:22","guid":{"rendered":"https:\/\/potenciaradiofonicadominicana.com\/portal\/?p=211707"},"modified":"2026-02-16T23:37:22","modified_gmt":"2026-02-17T03:37:22","slug":"dolphins-cortan-a-tyreek-hill-y-sacuden-su-nucleo-ofensivo","status":"publish","type":"post","link":"https:\/\/potenciaradiofonicadominicana.com\/portal\/dolphins-cortan-a-tyreek-hill-y-sacuden-su-nucleo-ofensivo\/","title":{"rendered":"Dolphins cortan a Tyreek Hill y sacuden su n\u00facleo ofensivo"},"content":{"rendered":"<p><a href=\"https:\/\/potenciaradiofonicadominicana.com\/portal\/wp-content\/uploads\/2026\/02\/nfl-dolphins-cortan-a-tyreek-hill-y-sacuden-su-nucleo-ofensivo-69a1b75a-focus-min0.08-0.14-896-504.jpg\"><img loading=\"lazy\" decoding=\"async\" class=\"alignnone size-full wp-image-211708\" src=\"https:\/\/potenciaradiofonicadominicana.com\/portal\/wp-content\/uploads\/2026\/02\/nfl-dolphins-cortan-a-tyreek-hill-y-sacuden-su-nucleo-ofensivo-69a1b75a-focus-min0.08-0.14-896-504.jpg\" alt=\"\" width=\"896\" height=\"504\" srcset=\"https:\/\/potenciaradiofonicadominicana.com\/portal\/wp-content\/uploads\/2026\/02\/nfl-dolphins-cortan-a-tyreek-hill-y-sacuden-su-nucleo-ofensivo-69a1b75a-focus-min0.08-0.14-896-504.jpg 896w, https:\/\/potenciaradiofonicadominicana.com\/portal\/wp-content\/uploads\/2026\/02\/nfl-dolphins-cortan-a-tyreek-hill-y-sacuden-su-nucleo-ofensivo-69a1b75a-focus-min0.08-0.14-896-504-300x169.jpg 300w, https:\/\/potenciaradiofonicadominicana.com\/portal\/wp-content\/uploads\/2026\/02\/nfl-dolphins-cortan-a-tyreek-hill-y-sacuden-su-nucleo-ofensivo-69a1b75a-focus-min0.08-0.14-896-504-768x432.jpg 768w\" sizes=\"auto, (max-width: 896px) 100vw, 896px\" \/><\/a><\/p>\n<p>Los\u00a0<strong>Dolphins de Miami<\/strong>\u00a0decidieron\u00a0<strong>liberar<\/strong>\u00a0al receptor abierto\u00a0<strong>Tyreek Hill<\/strong>, poniendo fin a una etapa de cuatro temporadas marcada por explosividad ofensiva, pero tambi\u00e9n por lesiones y episodios extradeportivos.<\/p>\n<p>Hill, uno de los jugadores m\u00e1s din\u00e1micos de la\u00a0<strong>NFL<\/strong>\u00a0en la \u00faltima d\u00e9cada, se encuentra en proceso de\u00a0<strong>recuperaci\u00f3n<\/strong>\u00a0tras la lesi\u00f3n de rodilla que puso fin prematuramente a su temporada 2025.<\/p>\n<p>El veterano wide receiver fue sometido a una cirug\u00eda en la rodilla izquierda para reparar da\u00f1os estructurales severos, incluido un desgarro del\u00a0<strong>ligamento cruzado anterior<\/strong>.<\/p>\n<p>La\u00a0<strong>salida<\/strong>\u00a0del jugador, que cumplir\u00e1 32 a\u00f1os el 1 de marzo, forma parte de una serie de movimientos dr\u00e1sticos realizados por la organizaci\u00f3n en el inicio de la\u00a0<strong>nueva gesti\u00f3n<\/strong>\u00a0gerencial. La decisi\u00f3n no hab\u00eda sido anunciada oficialmente al momento del reporte, pero pudo ser confirmada por diversas fuentes vinculadas al equipo.<\/p>\n<p>Hill lleg\u00f3 a Miami en 2022 procedente de\u00a0<strong>Kansas City<\/strong>\u00a0en un canje de alto perfil. Poco despu\u00e9s firm\u00f3 una extensi\u00f3n contractual de cuatro a\u00f1os y 120 millones de d\u00f3lares, pacto que en su momento redefini\u00f3 el mercado para receptores abiertos. Sin embargo, su contrato representaba una carga significativa contra el tope salarial, un factor determinante en la medida.<\/p>\n<p>En el plano deportivo, Hill tuvo un\u00a0<strong>impacto inmediato<\/strong>. Super\u00f3 las 1,700 yardas por recepci\u00f3n en sus dos primeras campa\u00f1as con los Dolphins y lider\u00f3 la liga en 2023 con\u00a0<strong>1,799 yardas<\/strong>\u00a0y 13 touchdowns. No obstante, su producci\u00f3n comenz\u00f3 a descender en las temporadas siguientes, afectada por molestias f\u00edsicas y ausencias.<\/p>\n<p>Antes de lesionarse en 2025, Hill acumulaba\u00a0<strong>21 recepciones<\/strong> y 265 yardas. La lesi\u00f3n se produjo durante una acci\u00f3n ante los Jets, cuando su rodilla sufri\u00f3 una torsi\u00f3n al momento del contacto. El receptor fue retirado del terreno en carrito y posteriormente inscrito en la lista de lesionados.<\/p>\n<p>M\u00e1s all\u00e1 de los n\u00fameros, la etapa del estelar jugador en Miami estuvo acompa\u00f1ada de\u00a0<strong>momentos turbulentos<\/strong>. Entre ellos figuraron un altercado con la polic\u00eda previo al arranque de la temporada 2024 y declaraciones p\u00fablicas en las que dej\u00f3 entrever su inconformidad con la organizaci\u00f3n.<\/p>\n<p><strong>Bradley Chubb<\/strong>\u00a0tambi\u00e9n fuera<\/p>\n<p>La reestructuraci\u00f3n del equipo tambi\u00e9n incluy\u00f3 la\u00a0<strong>salida<\/strong>\u00a0del apoyador\u00a0<strong>Bradley Chubb<\/strong>, quien ven\u00eda de liderar la\u00a0<strong>presi\u00f3n defensiva<\/strong>\u00a0del conjunto en 2025. Chubb registr\u00f3\u00a0<strong>8.5 capturas<\/strong> la pasada campa\u00f1a, tras superar una lesi\u00f3n de rodilla que lo margin\u00f3 durante todo 2024.<\/p>\n<p>El pass rusher, adquirido en 2022 desde Denver, hab\u00eda tenido su mejor a\u00f1o en Miami en 2023 con 11 capturas. Su contrato, no obstante, implicaba un elevado impacto financiero para las pr\u00f3ximas temporadas.<\/p>\n<p>Decisi\u00f3n pendiente con Tagovailoa<\/p>\n<p>Otro de los focos de atenci\u00f3n en Miami gira en torno al mariscal de campo\u00a0<strong>Tua Tagovailoa<\/strong>. A pesar de haber firmado una\u00a0<strong>extensi\u00f3n millonaria<\/strong>\u00a0en 2024, el quarterback viene de una\u00a0<strong>temporada irregular<\/strong>\u00a0que gener\u00f3 dudas dentro de la organizaci\u00f3n.<\/p>\n<p>Tagovailoa finaliz\u00f3 2025 con\u00a0<strong>15 intercepciones<\/strong>, una de las cifras m\u00e1s altas de la liga, en medio de\u00a0<strong>cuestionamientos<\/strong>\u00a0sobre su consistencia, movilidad y toma de decisiones. Su\u00a0<strong>contrato garantizado<\/strong>\u00a0complica cualquier escenario de\u00a0<strong>salida<\/strong>\u00a0inmediata.<\/p>\n","protected":false},"excerpt":{"rendered":"<p>Los\u00a0Dolphins de Miami\u00a0decidieron\u00a0liberar\u00a0al receptor abierto\u00a0Tyreek Hill, poniendo fin a una etapa de cuatro temporadas marcada por explosividad ofensiva, pero tambi\u00e9n &#8230;<\/p>\n","protected":false},"author":2,"featured_media":211708,"comment_status":"closed","ping_status":"closed","sticky":false,"template":"","format":"standard","meta":{"footnotes":""},"categories":[28],"tags":[],"class_list":["post-211707","post","type-post","status-publish","format-standard","has-post-thumbnail","hentry","category-deportes"],"yoast_head":"<!-- This site is optimized with the Yoast SEO plugin v24.8.1 - https:\/\/yoast.com\/wordpress\/plugins\/seo\/ -->\n<title>Dolphins cortan a Tyreek Hill y sacuden su n\u00facleo ofensivo - PotenciaRadiofonicaDominicana.com<\/title>\n<meta name=\"robots\" content=\"index, follow, max-snippet:-1, max-image-preview:large, max-video-preview:-1\" \/>\n<link rel=\"canonical\" href=\"https:\/\/potenciaradiofonicadominicana.com\/portal\/dolphins-cortan-a-tyreek-hill-y-sacuden-su-nucleo-ofensivo\/\" \/>\n<meta property=\"og:locale\" content=\"es_ES\" \/>\n<meta property=\"og:type\" content=\"article\" \/>\n<meta property=\"og:title\" content=\"Dolphins cortan a Tyreek Hill y sacuden su n\u00facleo ofensivo - PotenciaRadiofonicaDominicana.com\" \/>\n<meta property=\"og:description\" content=\"Los\u00a0Dolphins de Miami\u00a0decidieron\u00a0liberar\u00a0al receptor abierto\u00a0Tyreek Hill, poniendo fin a una etapa de cuatro temporadas marcada por explosividad ofensiva, pero tambi\u00e9n ...\" \/>\n<meta property=\"og:url\" content=\"https:\/\/potenciaradiofonicadominicana.com\/portal\/dolphins-cortan-a-tyreek-hill-y-sacuden-su-nucleo-ofensivo\/\" \/>\n<meta property=\"og:site_name\" content=\"PotenciaRadiofonicaDominicana.com\" \/>\n<meta property=\"article:publisher\" content=\"https:\/\/web.facebook.com\/PotenciaRadiofonicaD\" \/>\n<meta property=\"article:published_time\" content=\"2026-02-17T03:37:22+00:00\" \/>\n<meta property=\"og:image\" content=\"https:\/\/potenciaradiofonicadominicana.com\/portal\/wp-content\/uploads\/2026\/02\/nfl-dolphins-cortan-a-tyreek-hill-y-sacuden-su-nucleo-ofensivo-69a1b75a-focus-min0.08-0.14-896-504.jpg\" \/>\n\t<meta property=\"og:image:width\" content=\"896\" \/>\n\t<meta property=\"og:image:height\" content=\"504\" \/>\n\t<meta property=\"og:image:type\" content=\"image\/jpeg\" \/>\n<meta name=\"author\" content=\"Potencia Radiof\u00f3nica Dominicana\" \/>\n<meta name=\"twitter:card\" content=\"summary_large_image\" \/>\n<meta name=\"twitter:label1\" content=\"Escrito por\" \/>\n\t<meta name=\"twitter:data1\" content=\"Potencia Radiof\u00f3nica Dominicana\" \/>\n\t<meta name=\"twitter:label2\" content=\"Tiempo de lectura\" \/>\n\t<meta name=\"twitter:data2\" content=\"3 minutos\" \/>\n<script type=\"application\/ld+json\" class=\"yoast-schema-graph\">{\"@context\":\"https:\/\/schema.org\",\"@graph\":[{\"@type\":\"Article\",\"@id\":\"https:\/\/potenciaradiofonicadominicana.com\/portal\/dolphins-cortan-a-tyreek-hill-y-sacuden-su-nucleo-ofensivo\/#article\",\"isPartOf\":{\"@id\":\"https:\/\/potenciaradiofonicadominicana.com\/portal\/dolphins-cortan-a-tyreek-hill-y-sacuden-su-nucleo-ofensivo\/\"},\"author\":{\"name\":\"Potencia Radiof\u00f3nica Dominicana\",\"@id\":\"https:\/\/potenciaradiofonicadominicana.com\/portal\/#\/schema\/person\/a5cf1fea13877803ee0573ac18b03490\"},\"headline\":\"Dolphins cortan a Tyreek Hill y sacuden su n\u00facleo ofensivo\",\"datePublished\":\"2026-02-17T03:37:22+00:00\",\"mainEntityOfPage\":{\"@id\":\"https:\/\/potenciaradiofonicadominicana.com\/portal\/dolphins-cortan-a-tyreek-hill-y-sacuden-su-nucleo-ofensivo\/\"},\"wordCount\":540,\"publisher\":{\"@id\":\"https:\/\/potenciaradiofonicadominicana.com\/portal\/#organization\"},\"image\":{\"@id\":\"https:\/\/potenciaradiofonicadominicana.com\/portal\/dolphins-cortan-a-tyreek-hill-y-sacuden-su-nucleo-ofensivo\/#primaryimage\"},\"thumbnailUrl\":\"https:\/\/potenciaradiofonicadominicana.com\/portal\/wp-content\/uploads\/2026\/02\/nfl-dolphins-cortan-a-tyreek-hill-y-sacuden-su-nucleo-ofensivo-69a1b75a-focus-min0.08-0.14-896-504.jpg\",\"articleSection\":[\"Deportes\"],\"inLanguage\":\"es\"},{\"@type\":\"WebPage\",\"@id\":\"https:\/\/potenciaradiofonicadominicana.com\/portal\/dolphins-cortan-a-tyreek-hill-y-sacuden-su-nucleo-ofensivo\/\",\"url\":\"https:\/\/potenciaradiofonicadominicana.com\/portal\/dolphins-cortan-a-tyreek-hill-y-sacuden-su-nucleo-ofensivo\/\",\"name\":\"Dolphins cortan a Tyreek Hill y sacuden su n\u00facleo ofensivo - PotenciaRadiofonicaDominicana.com\",\"isPartOf\":{\"@id\":\"https:\/\/potenciaradiofonicadominicana.com\/portal\/#website\"},\"primaryImageOfPage\":{\"@id\":\"https:\/\/potenciaradiofonicadominicana.com\/portal\/dolphins-cortan-a-tyreek-hill-y-sacuden-su-nucleo-ofensivo\/#primaryimage\"},\"image\":{\"@id\":\"https:\/\/potenciaradiofonicadominicana.com\/portal\/dolphins-cortan-a-tyreek-hill-y-sacuden-su-nucleo-ofensivo\/#primaryimage\"},\"thumbnailUrl\":\"https:\/\/potenciaradiofonicadominicana.com\/portal\/wp-content\/uploads\/2026\/02\/nfl-dolphins-cortan-a-tyreek-hill-y-sacuden-su-nucleo-ofensivo-69a1b75a-focus-min0.08-0.14-896-504.jpg\",\"datePublished\":\"2026-02-17T03:37:22+00:00\",\"breadcrumb\":{\"@id\":\"https:\/\/potenciaradiofonicadominicana.com\/portal\/dolphins-cortan-a-tyreek-hill-y-sacuden-su-nucleo-ofensivo\/#breadcrumb\"},\"inLanguage\":\"es\",\"potentialAction\":[{\"@type\":\"ReadAction\",\"target\":[\"https:\/\/potenciaradiofonicadominicana.com\/portal\/dolphins-cortan-a-tyreek-hill-y-sacuden-su-nucleo-ofensivo\/\"]}]},{\"@type\":\"ImageObject\",\"inLanguage\":\"es\",\"@id\":\"https:\/\/potenciaradiofonicadominicana.com\/portal\/dolphins-cortan-a-tyreek-hill-y-sacuden-su-nucleo-ofensivo\/#primaryimage\",\"url\":\"https:\/\/potenciaradiofonicadominicana.com\/portal\/wp-content\/uploads\/2026\/02\/nfl-dolphins-cortan-a-tyreek-hill-y-sacuden-su-nucleo-ofensivo-69a1b75a-focus-min0.08-0.14-896-504.jpg\",\"contentUrl\":\"https:\/\/potenciaradiofonicadominicana.com\/portal\/wp-content\/uploads\/2026\/02\/nfl-dolphins-cortan-a-tyreek-hill-y-sacuden-su-nucleo-ofensivo-69a1b75a-focus-min0.08-0.14-896-504.jpg\",\"width\":896,\"height\":504},{\"@type\":\"BreadcrumbList\",\"@id\":\"https:\/\/potenciaradiofonicadominicana.com\/portal\/dolphins-cortan-a-tyreek-hill-y-sacuden-su-nucleo-ofensivo\/#breadcrumb\",\"itemListElement\":[{\"@type\":\"ListItem\",\"position\":1,\"name\":\"Portada\",\"item\":\"https:\/\/potenciaradiofonicadominicana.com\/portal\/\"},{\"@type\":\"ListItem\",\"position\":2,\"name\":\"Dolphins cortan a Tyreek Hill y sacuden su n\u00facleo ofensivo\"}]},{\"@type\":\"WebSite\",\"@id\":\"https:\/\/potenciaradiofonicadominicana.com\/portal\/#website\",\"url\":\"https:\/\/potenciaradiofonicadominicana.com\/portal\/\",\"name\":\"PotenciaRadiofonicaDominicana.com\",\"description\":\"Peri\u00f3dico Digital\",\"publisher\":{\"@id\":\"https:\/\/potenciaradiofonicadominicana.com\/portal\/#organization\"},\"potentialAction\":[{\"@type\":\"SearchAction\",\"target\":{\"@type\":\"EntryPoint\",\"urlTemplate\":\"https:\/\/potenciaradiofonicadominicana.com\/portal\/?s={search_term_string}\"},\"query-input\":{\"@type\":\"PropertyValueSpecification\",\"valueRequired\":true,\"valueName\":\"search_term_string\"}}],\"inLanguage\":\"es\"},{\"@type\":\"Organization\",\"@id\":\"https:\/\/potenciaradiofonicadominicana.com\/portal\/#organization\",\"name\":\"PotenciaRadiofonicaDominicana.com\",\"url\":\"https:\/\/potenciaradiofonicadominicana.com\/portal\/\",\"logo\":{\"@type\":\"ImageObject\",\"inLanguage\":\"es\",\"@id\":\"https:\/\/potenciaradiofonicadominicana.com\/portal\/#\/schema\/logo\/image\/\",\"url\":\"https:\/\/potenciaradiofonicadominicana.com\/portal\/wp-content\/uploads\/2022\/01\/descarga.png\",\"contentUrl\":\"https:\/\/potenciaradiofonicadominicana.com\/portal\/wp-content\/uploads\/2022\/01\/descarga.png\",\"width\":300,\"height\":100,\"caption\":\"PotenciaRadiofonicaDominicana.com\"},\"image\":{\"@id\":\"https:\/\/potenciaradiofonicadominicana.com\/portal\/#\/schema\/logo\/image\/\"},\"sameAs\":[\"https:\/\/web.facebook.com\/PotenciaRadiofonicaD\"]},{\"@type\":\"Person\",\"@id\":\"https:\/\/potenciaradiofonicadominicana.com\/portal\/#\/schema\/person\/a5cf1fea13877803ee0573ac18b03490\",\"name\":\"Potencia Radiof\u00f3nica Dominicana\",\"image\":{\"@type\":\"ImageObject\",\"inLanguage\":\"es\",\"@id\":\"https:\/\/potenciaradiofonicadominicana.com\/portal\/#\/schema\/person\/image\/\",\"url\":\"https:\/\/secure.gravatar.com\/avatar\/42a55ab9e8ccc656ba34cd791990602a?s=96&d=mm&r=g\",\"contentUrl\":\"https:\/\/secure.gravatar.com\/avatar\/42a55ab9e8ccc656ba34cd791990602a?s=96&d=mm&r=g\",\"caption\":\"Potencia Radiof\u00f3nica Dominicana\"},\"url\":\"https:\/\/potenciaradiofonicadominicana.com\/portal\/author\/johannyalmanzar\/\"}]}<\/script>\n<!-- \/ Yoast SEO plugin. -->","yoast_head_json":{"title":"Dolphins cortan a Tyreek Hill y sacuden su n\u00facleo ofensivo - PotenciaRadiofonicaDominicana.com","robots":{"index":"index","follow":"follow","max-snippet":"max-snippet:-1","max-image-preview":"max-image-preview:large","max-video-preview":"max-video-preview:-1"},"canonical":"https:\/\/potenciaradiofonicadominicana.com\/portal\/dolphins-cortan-a-tyreek-hill-y-sacuden-su-nucleo-ofensivo\/","og_locale":"es_ES","og_type":"article","og_title":"Dolphins cortan a Tyreek Hill y sacuden su n\u00facleo ofensivo - PotenciaRadiofonicaDominicana.com","og_description":"Los\u00a0Dolphins de Miami\u00a0decidieron\u00a0liberar\u00a0al receptor abierto\u00a0Tyreek Hill, poniendo fin a una etapa de cuatro temporadas marcada por explosividad ofensiva, pero tambi\u00e9n ...","og_url":"https:\/\/potenciaradiofonicadominicana.com\/portal\/dolphins-cortan-a-tyreek-hill-y-sacuden-su-nucleo-ofensivo\/","og_site_name":"PotenciaRadiofonicaDominicana.com","article_publisher":"https:\/\/web.facebook.com\/PotenciaRadiofonicaD","article_published_time":"2026-02-17T03:37:22+00:00","og_image":[{"width":896,"height":504,"url":"https:\/\/potenciaradiofonicadominicana.com\/portal\/wp-content\/uploads\/2026\/02\/nfl-dolphins-cortan-a-tyreek-hill-y-sacuden-su-nucleo-ofensivo-69a1b75a-focus-min0.08-0.14-896-504.jpg","type":"image\/jpeg"}],"author":"Potencia Radiof\u00f3nica Dominicana","twitter_card":"summary_large_image","twitter_misc":{"Escrito por":"Potencia Radiof\u00f3nica Dominicana","Tiempo de lectura":"3 minutos"},"schema":{"@context":"https:\/\/schema.org","@graph":[{"@type":"Article","@id":"https:\/\/potenciaradiofonicadominicana.com\/portal\/dolphins-cortan-a-tyreek-hill-y-sacuden-su-nucleo-ofensivo\/#article","isPartOf":{"@id":"https:\/\/potenciaradiofonicadominicana.com\/portal\/dolphins-cortan-a-tyreek-hill-y-sacuden-su-nucleo-ofensivo\/"},"author":{"name":"Potencia Radiof\u00f3nica Dominicana","@id":"https:\/\/potenciaradiofonicadominicana.com\/portal\/#\/schema\/person\/a5cf1fea13877803ee0573ac18b03490"},"headline":"Dolphins cortan a Tyreek Hill y sacuden su n\u00facleo ofensivo","datePublished":"2026-02-17T03:37:22+00:00","mainEntityOfPage":{"@id":"https:\/\/potenciaradiofonicadominicana.com\/portal\/dolphins-cortan-a-tyreek-hill-y-sacuden-su-nucleo-ofensivo\/"},"wordCount":540,"publisher":{"@id":"https:\/\/potenciaradiofonicadominicana.com\/portal\/#organization"},"image":{"@id":"https:\/\/potenciaradiofonicadominicana.com\/portal\/dolphins-cortan-a-tyreek-hill-y-sacuden-su-nucleo-ofensivo\/#primaryimage"},"thumbnailUrl":"https:\/\/potenciaradiofonicadominicana.com\/portal\/wp-content\/uploads\/2026\/02\/nfl-dolphins-cortan-a-tyreek-hill-y-sacuden-su-nucleo-ofensivo-69a1b75a-focus-min0.08-0.14-896-504.jpg","articleSection":["Deportes"],"inLanguage":"es"},{"@type":"WebPage","@id":"https:\/\/potenciaradiofonicadominicana.com\/portal\/dolphins-cortan-a-tyreek-hill-y-sacuden-su-nucleo-ofensivo\/","url":"https:\/\/potenciaradiofonicadominicana.com\/portal\/dolphins-cortan-a-tyreek-hill-y-sacuden-su-nucleo-ofensivo\/","name":"Dolphins cortan a Tyreek Hill y sacuden su n\u00facleo ofensivo - PotenciaRadiofonicaDominicana.com","isPartOf":{"@id":"https:\/\/potenciaradiofonicadominicana.com\/portal\/#website"},"primaryImageOfPage":{"@id":"https:\/\/potenciaradiofonicadominicana.com\/portal\/dolphins-cortan-a-tyreek-hill-y-sacuden-su-nucleo-ofensivo\/#primaryimage"},"image":{"@id":"https:\/\/potenciaradiofonicadominicana.com\/portal\/dolphins-cortan-a-tyreek-hill-y-sacuden-su-nucleo-ofensivo\/#primaryimage"},"thumbnailUrl":"https:\/\/potenciaradiofonicadominicana.com\/portal\/wp-content\/uploads\/2026\/02\/nfl-dolphins-cortan-a-tyreek-hill-y-sacuden-su-nucleo-ofensivo-69a1b75a-focus-min0.08-0.14-896-504.jpg","datePublished":"2026-02-17T03:37:22+00:00","breadcrumb":{"@id":"https:\/\/potenciaradiofonicadominicana.com\/portal\/dolphins-cortan-a-tyreek-hill-y-sacuden-su-nucleo-ofensivo\/#breadcrumb"},"inLanguage":"es","potentialAction":[{"@type":"ReadAction","target":["https:\/\/potenciaradiofonicadominicana.com\/portal\/dolphins-cortan-a-tyreek-hill-y-sacuden-su-nucleo-ofensivo\/"]}]},{"@type":"ImageObject","inLanguage":"es","@id":"https:\/\/potenciaradiofonicadominicana.com\/portal\/dolphins-cortan-a-tyreek-hill-y-sacuden-su-nucleo-ofensivo\/#primaryimage","url":"https:\/\/potenciaradiofonicadominicana.com\/portal\/wp-content\/uploads\/2026\/02\/nfl-dolphins-cortan-a-tyreek-hill-y-sacuden-su-nucleo-ofensivo-69a1b75a-focus-min0.08-0.14-896-504.jpg","contentUrl":"https:\/\/potenciaradiofonicadominicana.com\/portal\/wp-content\/uploads\/2026\/02\/nfl-dolphins-cortan-a-tyreek-hill-y-sacuden-su-nucleo-ofensivo-69a1b75a-focus-min0.08-0.14-896-504.jpg","width":896,"height":504},{"@type":"BreadcrumbList","@id":"https:\/\/potenciaradiofonicadominicana.com\/portal\/dolphins-cortan-a-tyreek-hill-y-sacuden-su-nucleo-ofensivo\/#breadcrumb","itemListElement":[{"@type":"ListItem","position":1,"name":"Portada","item":"https:\/\/potenciaradiofonicadominicana.com\/portal\/"},{"@type":"ListItem","position":2,"name":"Dolphins cortan a Tyreek Hill y sacuden su n\u00facleo ofensivo"}]},{"@type":"WebSite","@id":"https:\/\/potenciaradiofonicadominicana.com\/portal\/#website","url":"https:\/\/potenciaradiofonicadominicana.com\/portal\/","name":"PotenciaRadiofonicaDominicana.com","description":"Peri\u00f3dico Digital","publisher":{"@id":"https:\/\/potenciaradiofonicadominicana.com\/portal\/#organization"},"potentialAction":[{"@type":"SearchAction","target":{"@type":"EntryPoint","urlTemplate":"https:\/\/potenciaradiofonicadominicana.com\/portal\/?s={search_term_string}"},"query-input":{"@type":"PropertyValueSpecification","valueRequired":true,"valueName":"search_term_string"}}],"inLanguage":"es"},{"@type":"Organization","@id":"https:\/\/potenciaradiofonicadominicana.com\/portal\/#organization","name":"PotenciaRadiofonicaDominicana.com","url":"https:\/\/potenciaradiofonicadominicana.com\/portal\/","logo":{"@type":"ImageObject","inLanguage":"es","@id":"https:\/\/potenciaradiofonicadominicana.com\/portal\/#\/schema\/logo\/image\/","url":"https:\/\/potenciaradiofonicadominicana.com\/portal\/wp-content\/uploads\/2022\/01\/descarga.png","contentUrl":"https:\/\/potenciaradiofonicadominicana.com\/portal\/wp-content\/uploads\/2022\/01\/descarga.png","width":300,"height":100,"caption":"PotenciaRadiofonicaDominicana.com"},"image":{"@id":"https:\/\/potenciaradiofonicadominicana.com\/portal\/#\/schema\/logo\/image\/"},"sameAs":["https:\/\/web.facebook.com\/PotenciaRadiofonicaD"]},{"@type":"Person","@id":"https:\/\/potenciaradiofonicadominicana.com\/portal\/#\/schema\/person\/a5cf1fea13877803ee0573ac18b03490","name":"Potencia Radiof\u00f3nica Dominicana","image":{"@type":"ImageObject","inLanguage":"es","@id":"https:\/\/potenciaradiofonicadominicana.com\/portal\/#\/schema\/person\/image\/","url":"https:\/\/secure.gravatar.com\/avatar\/42a55ab9e8ccc656ba34cd791990602a?s=96&d=mm&r=g","contentUrl":"https:\/\/secure.gravatar.com\/avatar\/42a55ab9e8ccc656ba34cd791990602a?s=96&d=mm&r=g","caption":"Potencia Radiof\u00f3nica Dominicana"},"url":"https:\/\/potenciaradiofonicadominicana.com\/portal\/author\/johannyalmanzar\/"}]}},"_links":{"self":[{"href":"https:\/\/potenciaradiofonicadominicana.com\/portal\/wp-json\/wp\/v2\/posts\/211707","targetHints":{"allow":["GET"]}}],"collection":[{"href":"https:\/\/potenciaradiofonicadominicana.com\/portal\/wp-json\/wp\/v2\/posts"}],"about":[{"href":"https:\/\/potenciaradiofonicadominicana.com\/portal\/wp-json\/wp\/v2\/types\/post"}],"author":[{"embeddable":true,"href":"https:\/\/potenciaradiofonicadominicana.com\/portal\/wp-json\/wp\/v2\/users\/2"}],"replies":[{"embeddable":true,"href":"https:\/\/potenciaradiofonicadominicana.com\/portal\/wp-json\/wp\/v2\/comments?post=211707"}],"version-history":[{"count":1,"href":"https:\/\/potenciaradiofonicadominicana.com\/portal\/wp-json\/wp\/v2\/posts\/211707\/revisions"}],"predecessor-version":[{"id":211709,"href":"https:\/\/potenciaradiofonicadominicana.com\/portal\/wp-json\/wp\/v2\/posts\/211707\/revisions\/211709"}],"wp:featuredmedia":[{"embeddable":true,"href":"https:\/\/potenciaradiofonicadominicana.com\/portal\/wp-json\/wp\/v2\/media\/211708"}],"wp:attachment":[{"href":"https:\/\/potenciaradiofonicadominicana.com\/portal\/wp-json\/wp\/v2\/media?parent=211707"}],"wp:term":[{"taxonomy":"category","embeddable":true,"href":"https:\/\/potenciaradiofonicadominicana.com\/portal\/wp-json\/wp\/v2\/categories?post=211707"},{"taxonomy":"post_tag","embeddable":true,"href":"https:\/\/potenciaradiofonicadominicana.com\/portal\/wp-json\/wp\/v2\/tags?post=211707"}],"curies":[{"name":"wp","href":"https:\/\/api.w.org\/{rel}","templated":true}]}}