{"id":211704,"date":"2026-02-16T23:35:13","date_gmt":"2026-02-17T03:35:13","guid":{"rendered":"https:\/\/potenciaradiofonicadominicana.com\/portal\/?p=211704"},"modified":"2026-02-16T23:35:13","modified_gmt":"2026-02-17T03:35:13","slug":"steve-cohen-afirma-que-los-mets-no-tendran-capitan-bajo-su-propiedad","status":"publish","type":"post","link":"https:\/\/potenciaradiofonicadominicana.com\/portal\/steve-cohen-afirma-que-los-mets-no-tendran-capitan-bajo-su-propiedad\/","title":{"rendered":"Steve Cohen afirma que los Mets no tendr\u00e1n capit\u00e1n bajo su propiedad"},"content":{"rendered":"<p><a href=\"https:\/\/potenciaradiofonicadominicana.com\/portal\/wp-content\/uploads\/2026\/02\/mlb-steve-cohen-afirma-que-mets-no-tendran-capitan-bajo-su-mando-7796e754-focus-min0.1-0.39-896-504.jpg\"><img loading=\"lazy\" decoding=\"async\" class=\"size-full wp-image-211705\" src=\"https:\/\/potenciaradiofonicadominicana.com\/portal\/wp-content\/uploads\/2026\/02\/mlb-steve-cohen-afirma-que-mets-no-tendran-capitan-bajo-su-mando-7796e754-focus-min0.1-0.39-896-504.jpg\" alt=\"\" width=\"896\" height=\"504\" srcset=\"https:\/\/potenciaradiofonicadominicana.com\/portal\/wp-content\/uploads\/2026\/02\/mlb-steve-cohen-afirma-que-mets-no-tendran-capitan-bajo-su-mando-7796e754-focus-min0.1-0.39-896-504.jpg 896w, https:\/\/potenciaradiofonicadominicana.com\/portal\/wp-content\/uploads\/2026\/02\/mlb-steve-cohen-afirma-que-mets-no-tendran-capitan-bajo-su-mando-7796e754-focus-min0.1-0.39-896-504-300x169.jpg 300w, https:\/\/potenciaradiofonicadominicana.com\/portal\/wp-content\/uploads\/2026\/02\/mlb-steve-cohen-afirma-que-mets-no-tendran-capitan-bajo-su-mando-7796e754-focus-min0.1-0.39-896-504-768x432.jpg 768w\" sizes=\"auto, (max-width: 896px) 100vw, 896px\" \/><\/a><\/p>\n<p><span>Los\u00a0Mets\u00a0no han tenido un\u00a0capit\u00e1n\u00a0desde que\u00a0David Wright\u00a0jug\u00f3 su \u00faltimo partido hace ocho a\u00f1os. Y no lo tendr\u00e1n en el futuro cercano. En un comentario sorpresivo el lunes en Clover Park,\u00a0Steve Cohen\u00a0abord\u00f3 el tema de manera tajante:<\/span><\/p>\n<p>\u00abMientras yo sea due\u00f1o del equipo, nunca habr\u00e1 un capit\u00e1n\u00bb, dijo.<\/p>\n<p>\u00abEsa fue mi decisi\u00f3n\u00bb, continu\u00f3\u00a0Cohen. \u00abMi\u00a0visi\u00f3n\u00a0es que el\u00a0vestuario\u00a0es \u00fanico, y hay que dejar que el\u00a0vestuario\u00a0lo resuelva a\u00f1o tras a\u00f1o\u00bb.<\/p>\n<p>En las \u00faltimas temporadas, durante los\u00a0entrenamientos de primavera, se hablaba con frecuencia de la posibilidad de nombrar un\u00a0capit\u00e1n, especialmente porque\u00a0Francisco Lindor\u00a0parec\u00eda cumplir con todas las condiciones no escritas: estrella con contrato garantizado por muchos a\u00f1os y cualidades de\u00a0liderazgo. Pero\u00a0Cohen\u00a0aclar\u00f3 que nunca tuvo intenci\u00f3n de nombrar a Lindor ni a nadie m\u00e1s.<\/p>\n<p>\u00abSiempre he pensado as\u00ed\u00bb, dijo. \u00abEs simplemente mi\u00a0visi\u00f3n\u00a0de c\u00f3mo quiero que sea un\u00a0vestuario. Cada a\u00f1o el equipo es distinto, y prefiero que el grupo lo defina dentro del\u00a0vestuario\u00a0en lugar de tener una designaci\u00f3n. En el b\u00e9isbol no es com\u00fan tener\u00a0capit\u00e1n. Es algo inusual. Lo que haya hecho la propiedad anterior fue su manera de manejarlo. Yo lo veo diferente\u00bb.<\/p>\n<p>David Wright\u00a0fue\u00a0capit\u00e1n\u00a0de los\u00a0Mets\u00a0desde 2013 hasta su retiro en 2018. Antes de \u00e9l, el club solo hab\u00eda tenido tres capitanes: Keith Hern\u00e1ndez, Gary Carter y John Franco.<\/p>\n<p>Actualmente, solo dos de los 30 equipos de\u00a0Grandes Ligas\u00a0tienen\u00a0capit\u00e1n:\u00a0Aaron Judge\u00a0con los Yankees y\u00a0Salvador P\u00e9rez\u00a0con los Reales. Esto contrasta con otros deportes como f\u00fatbol americano y hockey, donde la mayor\u00eda de los equipos cuentan con uno o varios capitanes.<\/p>\n<p>El m\u00e1nager de los\u00a0Mets,\u00a0Carlos Mendoza, explic\u00f3:<\/p>\n<p>\u00abLa raz\u00f3n por la que no hemos nombrado uno es porque tenemos\u00a0varios jugadores\u00a0que forman parte del grupo de\u00a0liderazgo. Perdimos algunos, pero tambi\u00e9n llegaron otros con experiencia. En un\u00a0vestuario\u00a0de\u00a0Grandes Ligas\u00a0necesitas m\u00e1s de un l\u00edder. Eso es lo que hace grandes a los equipos\u00bb.<\/p>\n<p>Liderazgo colectivo en el vestuario de los Mets<\/p>\n<p>Mendoza\u00a0a\u00f1adi\u00f3 que nunca han discutido el tema con Lindor:<\/p>\n<p>\u00abQueremos que sea \u00e9l mismo. Su trabajo es jugar campocorto a nivel \u00e9lite para los\u00a0Mets. Eso es lo que esperamos\u00bb.<\/p>\n<p>Cuando Wright fue nombrado\u00a0capit\u00e1n\u00a0en 2013, la situaci\u00f3n era distinta: era un\u00a0jugador formado en la organizaci\u00f3n, entrando en su d\u00e9cima temporada y reci\u00e9n firmado por ocho a\u00f1os. Era un l\u00edder claro y singular, un Met de por vida.<\/p>\n<p>\u00abCada situaci\u00f3n es diferente\u00bb, dijo Wright en entrevista telef\u00f3nica. \u00abLo que veo ahora es un equipo lleno de\u00a0l\u00edderes veteranos, donde quiz\u00e1 no se necesita un\u00a0capit\u00e1n\u00a0\u00fanico porque ya tienes un\u00a0vestuario\u00a0lleno de\u00a0l\u00edderes. Hay All-Stars perennes, posibles futuros miembros del Sal\u00f3n de la Fama, jugadores que han ganado en otros lugares. Parece que prefieren un\u00a0liderazgo\u00a0colectivo en lugar de una sola figura\u00bb.<\/p>\n<p>Desde la salida de Wright, los\u00a0Mets\u00a0no han tenido una estrella formada en casa que encaje en ese molde. Han surgido distintos\u00a0l\u00edderes como Lindor, Brandon Nimmo, Pete Alonso y otros.<\/p>\n","protected":false},"excerpt":{"rendered":"<p>Los\u00a0Mets\u00a0no han tenido un\u00a0capit\u00e1n\u00a0desde que\u00a0David Wright\u00a0jug\u00f3 su \u00faltimo partido hace ocho a\u00f1os. Y no lo tendr\u00e1n en el futuro cercano. &#8230;<\/p>\n","protected":false},"author":2,"featured_media":211705,"comment_status":"closed","ping_status":"closed","sticky":false,"template":"","format":"standard","meta":{"footnotes":""},"categories":[28],"tags":[],"class_list":["post-211704","post","type-post","status-publish","format-standard","has-post-thumbnail","hentry","category-deportes"],"yoast_head":"<!-- This site is optimized with the Yoast SEO plugin v24.8.1 - https:\/\/yoast.com\/wordpress\/plugins\/seo\/ -->\n<title>Steve Cohen afirma que los Mets no tendr\u00e1n capit\u00e1n bajo su propiedad - PotenciaRadiofonicaDominicana.com<\/title>\n<meta name=\"robots\" content=\"index, follow, max-snippet:-1, max-image-preview:large, max-video-preview:-1\" \/>\n<link rel=\"canonical\" href=\"https:\/\/potenciaradiofonicadominicana.com\/portal\/steve-cohen-afirma-que-los-mets-no-tendran-capitan-bajo-su-propiedad\/\" \/>\n<meta property=\"og:locale\" content=\"es_ES\" \/>\n<meta property=\"og:type\" content=\"article\" \/>\n<meta property=\"og:title\" content=\"Steve Cohen afirma que los Mets no tendr\u00e1n capit\u00e1n bajo su propiedad - PotenciaRadiofonicaDominicana.com\" \/>\n<meta property=\"og:description\" content=\"Los\u00a0Mets\u00a0no han tenido un\u00a0capit\u00e1n\u00a0desde que\u00a0David Wright\u00a0jug\u00f3 su \u00faltimo partido hace ocho a\u00f1os. Y no lo tendr\u00e1n en el futuro cercano. ...\" \/>\n<meta property=\"og:url\" content=\"https:\/\/potenciaradiofonicadominicana.com\/portal\/steve-cohen-afirma-que-los-mets-no-tendran-capitan-bajo-su-propiedad\/\" \/>\n<meta property=\"og:site_name\" content=\"PotenciaRadiofonicaDominicana.com\" \/>\n<meta property=\"article:publisher\" content=\"https:\/\/web.facebook.com\/PotenciaRadiofonicaD\" \/>\n<meta property=\"article:published_time\" content=\"2026-02-17T03:35:13+00:00\" \/>\n<meta property=\"og:image\" content=\"https:\/\/potenciaradiofonicadominicana.com\/portal\/wp-content\/uploads\/2026\/02\/mlb-steve-cohen-afirma-que-mets-no-tendran-capitan-bajo-su-mando-7796e754-focus-min0.1-0.39-896-504.jpg\" \/>\n\t<meta property=\"og:image:width\" content=\"896\" \/>\n\t<meta property=\"og:image:height\" content=\"504\" \/>\n\t<meta property=\"og:image:type\" content=\"image\/jpeg\" \/>\n<meta name=\"author\" content=\"Potencia Radiof\u00f3nica Dominicana\" \/>\n<meta name=\"twitter:card\" content=\"summary_large_image\" \/>\n<meta name=\"twitter:label1\" content=\"Escrito por\" \/>\n\t<meta name=\"twitter:data1\" content=\"Potencia Radiof\u00f3nica Dominicana\" \/>\n\t<meta name=\"twitter:label2\" content=\"Tiempo de lectura\" \/>\n\t<meta name=\"twitter:data2\" content=\"3 minutos\" \/>\n<script type=\"application\/ld+json\" class=\"yoast-schema-graph\">{\"@context\":\"https:\/\/schema.org\",\"@graph\":[{\"@type\":\"Article\",\"@id\":\"https:\/\/potenciaradiofonicadominicana.com\/portal\/steve-cohen-afirma-que-los-mets-no-tendran-capitan-bajo-su-propiedad\/#article\",\"isPartOf\":{\"@id\":\"https:\/\/potenciaradiofonicadominicana.com\/portal\/steve-cohen-afirma-que-los-mets-no-tendran-capitan-bajo-su-propiedad\/\"},\"author\":{\"name\":\"Potencia Radiof\u00f3nica Dominicana\",\"@id\":\"https:\/\/potenciaradiofonicadominicana.com\/portal\/#\/schema\/person\/a5cf1fea13877803ee0573ac18b03490\"},\"headline\":\"Steve Cohen afirma que los Mets no tendr\u00e1n capit\u00e1n bajo su propiedad\",\"datePublished\":\"2026-02-17T03:35:13+00:00\",\"mainEntityOfPage\":{\"@id\":\"https:\/\/potenciaradiofonicadominicana.com\/portal\/steve-cohen-afirma-que-los-mets-no-tendran-capitan-bajo-su-propiedad\/\"},\"wordCount\":571,\"publisher\":{\"@id\":\"https:\/\/potenciaradiofonicadominicana.com\/portal\/#organization\"},\"image\":{\"@id\":\"https:\/\/potenciaradiofonicadominicana.com\/portal\/steve-cohen-afirma-que-los-mets-no-tendran-capitan-bajo-su-propiedad\/#primaryimage\"},\"thumbnailUrl\":\"https:\/\/potenciaradiofonicadominicana.com\/portal\/wp-content\/uploads\/2026\/02\/mlb-steve-cohen-afirma-que-mets-no-tendran-capitan-bajo-su-mando-7796e754-focus-min0.1-0.39-896-504.jpg\",\"articleSection\":[\"Deportes\"],\"inLanguage\":\"es\"},{\"@type\":\"WebPage\",\"@id\":\"https:\/\/potenciaradiofonicadominicana.com\/portal\/steve-cohen-afirma-que-los-mets-no-tendran-capitan-bajo-su-propiedad\/\",\"url\":\"https:\/\/potenciaradiofonicadominicana.com\/portal\/steve-cohen-afirma-que-los-mets-no-tendran-capitan-bajo-su-propiedad\/\",\"name\":\"Steve Cohen afirma que los Mets no tendr\u00e1n capit\u00e1n bajo su propiedad - PotenciaRadiofonicaDominicana.com\",\"isPartOf\":{\"@id\":\"https:\/\/potenciaradiofonicadominicana.com\/portal\/#website\"},\"primaryImageOfPage\":{\"@id\":\"https:\/\/potenciaradiofonicadominicana.com\/portal\/steve-cohen-afirma-que-los-mets-no-tendran-capitan-bajo-su-propiedad\/#primaryimage\"},\"image\":{\"@id\":\"https:\/\/potenciaradiofonicadominicana.com\/portal\/steve-cohen-afirma-que-los-mets-no-tendran-capitan-bajo-su-propiedad\/#primaryimage\"},\"thumbnailUrl\":\"https:\/\/potenciaradiofonicadominicana.com\/portal\/wp-content\/uploads\/2026\/02\/mlb-steve-cohen-afirma-que-mets-no-tendran-capitan-bajo-su-mando-7796e754-focus-min0.1-0.39-896-504.jpg\",\"datePublished\":\"2026-02-17T03:35:13+00:00\",\"breadcrumb\":{\"@id\":\"https:\/\/potenciaradiofonicadominicana.com\/portal\/steve-cohen-afirma-que-los-mets-no-tendran-capitan-bajo-su-propiedad\/#breadcrumb\"},\"inLanguage\":\"es\",\"potentialAction\":[{\"@type\":\"ReadAction\",\"target\":[\"https:\/\/potenciaradiofonicadominicana.com\/portal\/steve-cohen-afirma-que-los-mets-no-tendran-capitan-bajo-su-propiedad\/\"]}]},{\"@type\":\"ImageObject\",\"inLanguage\":\"es\",\"@id\":\"https:\/\/potenciaradiofonicadominicana.com\/portal\/steve-cohen-afirma-que-los-mets-no-tendran-capitan-bajo-su-propiedad\/#primaryimage\",\"url\":\"https:\/\/potenciaradiofonicadominicana.com\/portal\/wp-content\/uploads\/2026\/02\/mlb-steve-cohen-afirma-que-mets-no-tendran-capitan-bajo-su-mando-7796e754-focus-min0.1-0.39-896-504.jpg\",\"contentUrl\":\"https:\/\/potenciaradiofonicadominicana.com\/portal\/wp-content\/uploads\/2026\/02\/mlb-steve-cohen-afirma-que-mets-no-tendran-capitan-bajo-su-mando-7796e754-focus-min0.1-0.39-896-504.jpg\",\"width\":896,\"height\":504,\"caption\":\"PORT ST. LUCIE, FLORIDA - FEBRUARY 16: New York Mets owner Steve Cohen speaks to press during spring training workouts at Clover Park on February 16, 2026 in Port St. Lucie, Florida. Rich Storry\/Getty Images\/AFP (Photo by Rich Storry \/ GETTY IMAGES NORTH AMERICA \/ Getty Images via AFP)\"},{\"@type\":\"BreadcrumbList\",\"@id\":\"https:\/\/potenciaradiofonicadominicana.com\/portal\/steve-cohen-afirma-que-los-mets-no-tendran-capitan-bajo-su-propiedad\/#breadcrumb\",\"itemListElement\":[{\"@type\":\"ListItem\",\"position\":1,\"name\":\"Portada\",\"item\":\"https:\/\/potenciaradiofonicadominicana.com\/portal\/\"},{\"@type\":\"ListItem\",\"position\":2,\"name\":\"Steve Cohen afirma que los Mets no tendr\u00e1n capit\u00e1n bajo su propiedad\"}]},{\"@type\":\"WebSite\",\"@id\":\"https:\/\/potenciaradiofonicadominicana.com\/portal\/#website\",\"url\":\"https:\/\/potenciaradiofonicadominicana.com\/portal\/\",\"name\":\"PotenciaRadiofonicaDominicana.com\",\"description\":\"Peri\u00f3dico Digital\",\"publisher\":{\"@id\":\"https:\/\/potenciaradiofonicadominicana.com\/portal\/#organization\"},\"potentialAction\":[{\"@type\":\"SearchAction\",\"target\":{\"@type\":\"EntryPoint\",\"urlTemplate\":\"https:\/\/potenciaradiofonicadominicana.com\/portal\/?s={search_term_string}\"},\"query-input\":{\"@type\":\"PropertyValueSpecification\",\"valueRequired\":true,\"valueName\":\"search_term_string\"}}],\"inLanguage\":\"es\"},{\"@type\":\"Organization\",\"@id\":\"https:\/\/potenciaradiofonicadominicana.com\/portal\/#organization\",\"name\":\"PotenciaRadiofonicaDominicana.com\",\"url\":\"https:\/\/potenciaradiofonicadominicana.com\/portal\/\",\"logo\":{\"@type\":\"ImageObject\",\"inLanguage\":\"es\",\"@id\":\"https:\/\/potenciaradiofonicadominicana.com\/portal\/#\/schema\/logo\/image\/\",\"url\":\"https:\/\/potenciaradiofonicadominicana.com\/portal\/wp-content\/uploads\/2022\/01\/descarga.png\",\"contentUrl\":\"https:\/\/potenciaradiofonicadominicana.com\/portal\/wp-content\/uploads\/2022\/01\/descarga.png\",\"width\":300,\"height\":100,\"caption\":\"PotenciaRadiofonicaDominicana.com\"},\"image\":{\"@id\":\"https:\/\/potenciaradiofonicadominicana.com\/portal\/#\/schema\/logo\/image\/\"},\"sameAs\":[\"https:\/\/web.facebook.com\/PotenciaRadiofonicaD\"]},{\"@type\":\"Person\",\"@id\":\"https:\/\/potenciaradiofonicadominicana.com\/portal\/#\/schema\/person\/a5cf1fea13877803ee0573ac18b03490\",\"name\":\"Potencia Radiof\u00f3nica Dominicana\",\"image\":{\"@type\":\"ImageObject\",\"inLanguage\":\"es\",\"@id\":\"https:\/\/potenciaradiofonicadominicana.com\/portal\/#\/schema\/person\/image\/\",\"url\":\"https:\/\/secure.gravatar.com\/avatar\/42a55ab9e8ccc656ba34cd791990602a?s=96&d=mm&r=g\",\"contentUrl\":\"https:\/\/secure.gravatar.com\/avatar\/42a55ab9e8ccc656ba34cd791990602a?s=96&d=mm&r=g\",\"caption\":\"Potencia Radiof\u00f3nica Dominicana\"},\"url\":\"https:\/\/potenciaradiofonicadominicana.com\/portal\/author\/johannyalmanzar\/\"}]}<\/script>\n<!-- \/ Yoast SEO plugin. -->","yoast_head_json":{"title":"Steve Cohen afirma que los Mets no tendr\u00e1n capit\u00e1n bajo su propiedad - PotenciaRadiofonicaDominicana.com","robots":{"index":"index","follow":"follow","max-snippet":"max-snippet:-1","max-image-preview":"max-image-preview:large","max-video-preview":"max-video-preview:-1"},"canonical":"https:\/\/potenciaradiofonicadominicana.com\/portal\/steve-cohen-afirma-que-los-mets-no-tendran-capitan-bajo-su-propiedad\/","og_locale":"es_ES","og_type":"article","og_title":"Steve Cohen afirma que los Mets no tendr\u00e1n capit\u00e1n bajo su propiedad - PotenciaRadiofonicaDominicana.com","og_description":"Los\u00a0Mets\u00a0no han tenido un\u00a0capit\u00e1n\u00a0desde que\u00a0David Wright\u00a0jug\u00f3 su \u00faltimo partido hace ocho a\u00f1os. Y no lo tendr\u00e1n en el futuro cercano. ...","og_url":"https:\/\/potenciaradiofonicadominicana.com\/portal\/steve-cohen-afirma-que-los-mets-no-tendran-capitan-bajo-su-propiedad\/","og_site_name":"PotenciaRadiofonicaDominicana.com","article_publisher":"https:\/\/web.facebook.com\/PotenciaRadiofonicaD","article_published_time":"2026-02-17T03:35:13+00:00","og_image":[{"width":896,"height":504,"url":"https:\/\/potenciaradiofonicadominicana.com\/portal\/wp-content\/uploads\/2026\/02\/mlb-steve-cohen-afirma-que-mets-no-tendran-capitan-bajo-su-mando-7796e754-focus-min0.1-0.39-896-504.jpg","type":"image\/jpeg"}],"author":"Potencia Radiof\u00f3nica Dominicana","twitter_card":"summary_large_image","twitter_misc":{"Escrito por":"Potencia Radiof\u00f3nica Dominicana","Tiempo de lectura":"3 minutos"},"schema":{"@context":"https:\/\/schema.org","@graph":[{"@type":"Article","@id":"https:\/\/potenciaradiofonicadominicana.com\/portal\/steve-cohen-afirma-que-los-mets-no-tendran-capitan-bajo-su-propiedad\/#article","isPartOf":{"@id":"https:\/\/potenciaradiofonicadominicana.com\/portal\/steve-cohen-afirma-que-los-mets-no-tendran-capitan-bajo-su-propiedad\/"},"author":{"name":"Potencia Radiof\u00f3nica Dominicana","@id":"https:\/\/potenciaradiofonicadominicana.com\/portal\/#\/schema\/person\/a5cf1fea13877803ee0573ac18b03490"},"headline":"Steve Cohen afirma que los Mets no tendr\u00e1n capit\u00e1n bajo su propiedad","datePublished":"2026-02-17T03:35:13+00:00","mainEntityOfPage":{"@id":"https:\/\/potenciaradiofonicadominicana.com\/portal\/steve-cohen-afirma-que-los-mets-no-tendran-capitan-bajo-su-propiedad\/"},"wordCount":571,"publisher":{"@id":"https:\/\/potenciaradiofonicadominicana.com\/portal\/#organization"},"image":{"@id":"https:\/\/potenciaradiofonicadominicana.com\/portal\/steve-cohen-afirma-que-los-mets-no-tendran-capitan-bajo-su-propiedad\/#primaryimage"},"thumbnailUrl":"https:\/\/potenciaradiofonicadominicana.com\/portal\/wp-content\/uploads\/2026\/02\/mlb-steve-cohen-afirma-que-mets-no-tendran-capitan-bajo-su-mando-7796e754-focus-min0.1-0.39-896-504.jpg","articleSection":["Deportes"],"inLanguage":"es"},{"@type":"WebPage","@id":"https:\/\/potenciaradiofonicadominicana.com\/portal\/steve-cohen-afirma-que-los-mets-no-tendran-capitan-bajo-su-propiedad\/","url":"https:\/\/potenciaradiofonicadominicana.com\/portal\/steve-cohen-afirma-que-los-mets-no-tendran-capitan-bajo-su-propiedad\/","name":"Steve Cohen afirma que los Mets no tendr\u00e1n capit\u00e1n bajo su propiedad - PotenciaRadiofonicaDominicana.com","isPartOf":{"@id":"https:\/\/potenciaradiofonicadominicana.com\/portal\/#website"},"primaryImageOfPage":{"@id":"https:\/\/potenciaradiofonicadominicana.com\/portal\/steve-cohen-afirma-que-los-mets-no-tendran-capitan-bajo-su-propiedad\/#primaryimage"},"image":{"@id":"https:\/\/potenciaradiofonicadominicana.com\/portal\/steve-cohen-afirma-que-los-mets-no-tendran-capitan-bajo-su-propiedad\/#primaryimage"},"thumbnailUrl":"https:\/\/potenciaradiofonicadominicana.com\/portal\/wp-content\/uploads\/2026\/02\/mlb-steve-cohen-afirma-que-mets-no-tendran-capitan-bajo-su-mando-7796e754-focus-min0.1-0.39-896-504.jpg","datePublished":"2026-02-17T03:35:13+00:00","breadcrumb":{"@id":"https:\/\/potenciaradiofonicadominicana.com\/portal\/steve-cohen-afirma-que-los-mets-no-tendran-capitan-bajo-su-propiedad\/#breadcrumb"},"inLanguage":"es","potentialAction":[{"@type":"ReadAction","target":["https:\/\/potenciaradiofonicadominicana.com\/portal\/steve-cohen-afirma-que-los-mets-no-tendran-capitan-bajo-su-propiedad\/"]}]},{"@type":"ImageObject","inLanguage":"es","@id":"https:\/\/potenciaradiofonicadominicana.com\/portal\/steve-cohen-afirma-que-los-mets-no-tendran-capitan-bajo-su-propiedad\/#primaryimage","url":"https:\/\/potenciaradiofonicadominicana.com\/portal\/wp-content\/uploads\/2026\/02\/mlb-steve-cohen-afirma-que-mets-no-tendran-capitan-bajo-su-mando-7796e754-focus-min0.1-0.39-896-504.jpg","contentUrl":"https:\/\/potenciaradiofonicadominicana.com\/portal\/wp-content\/uploads\/2026\/02\/mlb-steve-cohen-afirma-que-mets-no-tendran-capitan-bajo-su-mando-7796e754-focus-min0.1-0.39-896-504.jpg","width":896,"height":504,"caption":"PORT ST. LUCIE, FLORIDA - FEBRUARY 16: New York Mets owner Steve Cohen speaks to press during spring training workouts at Clover Park on February 16, 2026 in Port St. Lucie, Florida. Rich Storry\/Getty Images\/AFP (Photo by Rich Storry \/ GETTY IMAGES NORTH AMERICA \/ Getty Images via AFP)"},{"@type":"BreadcrumbList","@id":"https:\/\/potenciaradiofonicadominicana.com\/portal\/steve-cohen-afirma-que-los-mets-no-tendran-capitan-bajo-su-propiedad\/#breadcrumb","itemListElement":[{"@type":"ListItem","position":1,"name":"Portada","item":"https:\/\/potenciaradiofonicadominicana.com\/portal\/"},{"@type":"ListItem","position":2,"name":"Steve Cohen afirma que los Mets no tendr\u00e1n capit\u00e1n bajo su propiedad"}]},{"@type":"WebSite","@id":"https:\/\/potenciaradiofonicadominicana.com\/portal\/#website","url":"https:\/\/potenciaradiofonicadominicana.com\/portal\/","name":"PotenciaRadiofonicaDominicana.com","description":"Peri\u00f3dico Digital","publisher":{"@id":"https:\/\/potenciaradiofonicadominicana.com\/portal\/#organization"},"potentialAction":[{"@type":"SearchAction","target":{"@type":"EntryPoint","urlTemplate":"https:\/\/potenciaradiofonicadominicana.com\/portal\/?s={search_term_string}"},"query-input":{"@type":"PropertyValueSpecification","valueRequired":true,"valueName":"search_term_string"}}],"inLanguage":"es"},{"@type":"Organization","@id":"https:\/\/potenciaradiofonicadominicana.com\/portal\/#organization","name":"PotenciaRadiofonicaDominicana.com","url":"https:\/\/potenciaradiofonicadominicana.com\/portal\/","logo":{"@type":"ImageObject","inLanguage":"es","@id":"https:\/\/potenciaradiofonicadominicana.com\/portal\/#\/schema\/logo\/image\/","url":"https:\/\/potenciaradiofonicadominicana.com\/portal\/wp-content\/uploads\/2022\/01\/descarga.png","contentUrl":"https:\/\/potenciaradiofonicadominicana.com\/portal\/wp-content\/uploads\/2022\/01\/descarga.png","width":300,"height":100,"caption":"PotenciaRadiofonicaDominicana.com"},"image":{"@id":"https:\/\/potenciaradiofonicadominicana.com\/portal\/#\/schema\/logo\/image\/"},"sameAs":["https:\/\/web.facebook.com\/PotenciaRadiofonicaD"]},{"@type":"Person","@id":"https:\/\/potenciaradiofonicadominicana.com\/portal\/#\/schema\/person\/a5cf1fea13877803ee0573ac18b03490","name":"Potencia Radiof\u00f3nica Dominicana","image":{"@type":"ImageObject","inLanguage":"es","@id":"https:\/\/potenciaradiofonicadominicana.com\/portal\/#\/schema\/person\/image\/","url":"https:\/\/secure.gravatar.com\/avatar\/42a55ab9e8ccc656ba34cd791990602a?s=96&d=mm&r=g","contentUrl":"https:\/\/secure.gravatar.com\/avatar\/42a55ab9e8ccc656ba34cd791990602a?s=96&d=mm&r=g","caption":"Potencia Radiof\u00f3nica Dominicana"},"url":"https:\/\/potenciaradiofonicadominicana.com\/portal\/author\/johannyalmanzar\/"}]}},"_links":{"self":[{"href":"https:\/\/potenciaradiofonicadominicana.com\/portal\/wp-json\/wp\/v2\/posts\/211704","targetHints":{"allow":["GET"]}}],"collection":[{"href":"https:\/\/potenciaradiofonicadominicana.com\/portal\/wp-json\/wp\/v2\/posts"}],"about":[{"href":"https:\/\/potenciaradiofonicadominicana.com\/portal\/wp-json\/wp\/v2\/types\/post"}],"author":[{"embeddable":true,"href":"https:\/\/potenciaradiofonicadominicana.com\/portal\/wp-json\/wp\/v2\/users\/2"}],"replies":[{"embeddable":true,"href":"https:\/\/potenciaradiofonicadominicana.com\/portal\/wp-json\/wp\/v2\/comments?post=211704"}],"version-history":[{"count":1,"href":"https:\/\/potenciaradiofonicadominicana.com\/portal\/wp-json\/wp\/v2\/posts\/211704\/revisions"}],"predecessor-version":[{"id":211706,"href":"https:\/\/potenciaradiofonicadominicana.com\/portal\/wp-json\/wp\/v2\/posts\/211704\/revisions\/211706"}],"wp:featuredmedia":[{"embeddable":true,"href":"https:\/\/potenciaradiofonicadominicana.com\/portal\/wp-json\/wp\/v2\/media\/211705"}],"wp:attachment":[{"href":"https:\/\/potenciaradiofonicadominicana.com\/portal\/wp-json\/wp\/v2\/media?parent=211704"}],"wp:term":[{"taxonomy":"category","embeddable":true,"href":"https:\/\/potenciaradiofonicadominicana.com\/portal\/wp-json\/wp\/v2\/categories?post=211704"},{"taxonomy":"post_tag","embeddable":true,"href":"https:\/\/potenciaradiofonicadominicana.com\/portal\/wp-json\/wp\/v2\/tags?post=211704"}],"curies":[{"name":"wp","href":"https:\/\/api.w.org\/{rel}","templated":true}]}}