{"id":211701,"date":"2026-02-16T23:29:03","date_gmt":"2026-02-17T03:29:03","guid":{"rendered":"https:\/\/potenciaradiofonicadominicana.com\/portal\/?p=211701"},"modified":"2026-02-16T23:29:03","modified_gmt":"2026-02-17T03:29:03","slug":"federaciones-deportivas-reiteran-compromiso-con-exito-de-santo-domingo-2026","status":"publish","type":"post","link":"https:\/\/potenciaradiofonicadominicana.com\/portal\/federaciones-deportivas-reiteran-compromiso-con-exito-de-santo-domingo-2026\/","title":{"rendered":"Federaciones deportivas reiteran compromiso con \u00e9xito de Santo Domingo 2026"},"content":{"rendered":"<p><a href=\"https:\/\/potenciaradiofonicadominicana.com\/portal\/wp-content\/uploads\/2026\/02\/santo-domingo-2026-federaciones-deportivas-reiteran-compromiso-621f5ae8-focus-0-0-896-504.jpg\"><img loading=\"lazy\" decoding=\"async\" class=\"alignnone size-full wp-image-211702\" src=\"https:\/\/potenciaradiofonicadominicana.com\/portal\/wp-content\/uploads\/2026\/02\/santo-domingo-2026-federaciones-deportivas-reiteran-compromiso-621f5ae8-focus-0-0-896-504.jpg\" alt=\"\" width=\"896\" height=\"504\" srcset=\"https:\/\/potenciaradiofonicadominicana.com\/portal\/wp-content\/uploads\/2026\/02\/santo-domingo-2026-federaciones-deportivas-reiteran-compromiso-621f5ae8-focus-0-0-896-504.jpg 896w, https:\/\/potenciaradiofonicadominicana.com\/portal\/wp-content\/uploads\/2026\/02\/santo-domingo-2026-federaciones-deportivas-reiteran-compromiso-621f5ae8-focus-0-0-896-504-300x169.jpg 300w, https:\/\/potenciaradiofonicadominicana.com\/portal\/wp-content\/uploads\/2026\/02\/santo-domingo-2026-federaciones-deportivas-reiteran-compromiso-621f5ae8-focus-0-0-896-504-768x432.jpg 768w\" sizes=\"auto, (max-width: 896px) 100vw, 896px\" \/><\/a><\/p>\n<p>Las\u00a0Federaciones Deportivas\u00a0Nacionales ratificaron su firme e inquebrantable compromiso con el \u00e9xito de los XXV Juegos Deportivos Centroamericanos y del Caribe\u00a0Santo Domingo 2026.<\/p>\n<p>Alrededor de 20 organizaciones afiliadas al Comit\u00e9 Ol\u00edmpico Dominicano (COD) aseguraron que su dirigencia trabaja sin descanso y con determinaci\u00f3n para contribuir con la exitosa celebraci\u00f3n de los Juegos Centroamericanos, tanto en el montaje del evento como en los aspectos t\u00e9cnicos, organizativos y competitivos.<\/p>\n<p>Durante un encuentro con los medios de comunicaci\u00f3n celebrado este lunes en el Sebel\u00e9n Bowling Center, el bloque federativo inform\u00f3 que colabora a tiempo completo con el Comit\u00e9 Organizador, presidido por el periodista Jos\u00e9 P. Monegro, en todo lo relativo al certamen, que ser\u00e1 celebrado del 24 de julio al 8 de agosto en la Primada de Am\u00e9rica.<\/p>\n<p>Al hablar a trav\u00e9s de los presidentes de las federaciones de Boliche y Boxeo, Francis Soto y Rub\u00e9n Garc\u00eda, respectivamente, la dirigencia reunida afirm\u00f3 que su \u00fanica misi\u00f3n es que la Rep\u00fablica Dominicana salga airosa del desaf\u00edo que representa la organizaci\u00f3n de unos Juegos a la altura de las circunstancias, \u00abcomo las autoridades de turno y la dirigencia deportiva lo hacen cada vez que somos sede de una fiesta multideportiva\u00bb.<\/p>\n<p>Adem\u00e1s de Soto y Garc\u00eda, estuvieron presentes los dirigentes Jos\u00e9 Manuel Ramos, Antonio Acosta, Edwin Rodr\u00edguez,\u00a0<strong>Gilberto Garc\u00eda<\/strong>, Radam\u00e9s Tavares y Jos\u00e9 Luis Ram\u00edrez, as\u00ed como Gerardo Suero Correa y Nelson Ram\u00edrez, por las federaciones de Atletismo y Voleibol.<\/p>\n<p>\u00abEs nuestro deber y obligaci\u00f3n, como dirigentes que dirigimos federaciones nacionales, ayudar a garantizar unos Juegos exitosos y al nivel de los grandes compromisos asumidos hist\u00f3ricamente por la Rep\u00fablica Dominicana\u00bb, expresaron Soto, quien present\u00f3 el documento, y Garc\u00eda, responsable de motivar el texto y responder preguntas de los periodistas.<\/p>\n<p>Adem\u00e1s de boliche y boxeo, suscriben el documento las federaciones de Levantamiento de Pesas, Judo, Atletismo, Karate, Voleibol, Ecuestre, Nataci\u00f3n, Lucha Ol\u00edmpica y Gimnasia, entre otras.<\/p>\n<p>En el documento, las federaciones resaltaron el esfuerzo sostenido que realiza el Ministerio de Deportes, a trav\u00e9s de su titular, Kelvin Cruz, con la entrega oportuna de los recursos destinados a la preparaci\u00f3n de las distintas disciplinas que integrar\u00e1n la delegaci\u00f3n dominicana.<\/p>\n<p>\u00abEste respaldo del Ministerio de Deportes ha sido y seguir\u00e1 siendo esencial y fundamental para fortalecer los procesos de entrenamiento y preparaci\u00f3n de los atletas y entrenadores, clave para elevar el nivel competitivo de nuestro pa\u00eds de cara a los Centroamericanos y del Caribe\u00bb.<\/p>\n<p>Las entidades expresaron que las federaciones, junto a sus atletas, entrenadores y personal t\u00e9cnico, constituyen el principal soporte del movimiento deportivo nacional, y destacaron que el rol desempe\u00f1ado por estos actores ha sido vital para alcanzar resultados sobresalientes en eventos internacionales en los que Rep\u00fablica Dominicana ha fungido como sede.<\/p>\n<p>Tambi\u00e9n valoraron el papel de la dirigencia deportiva, desde los presidentes de federaciones hasta los titulares de las asociaciones que integran cada entidad.<\/p>\n<p>Reafirmaron su confianza en que, mediante el trabajo coordinado entre las instituciones deportivas, el respaldo del Estado dominicano y el Comit\u00e9 Organizador, \u00ablos Juegos Centroamericanos\u00a0<strong>Santo Domingo 2026<\/strong>\u00a0ser\u00e1n un referente regional en organizaci\u00f3n, competitividad y, sobre todo, un orgullo nacional\u00bb.<\/p>\n<p>Finalmente, indicaron que para la Rep\u00fablica Dominicana constituye un alto honor organizar la versi\u00f3n centenaria de los Juegos Centroamericanos y del Caribe, avalados por Centro Caribe Sports (antigua Odecabe), entidad presidida por el dominicano Luis Mej\u00eda Oviedo.<\/p>\n","protected":false},"excerpt":{"rendered":"<p>Las\u00a0Federaciones Deportivas\u00a0Nacionales ratificaron su firme e inquebrantable compromiso con el \u00e9xito de los XXV Juegos Deportivos Centroamericanos y del Caribe\u00a0Santo &#8230;<\/p>\n","protected":false},"author":2,"featured_media":211702,"comment_status":"closed","ping_status":"closed","sticky":false,"template":"","format":"standard","meta":{"footnotes":""},"categories":[28],"tags":[],"class_list":["post-211701","post","type-post","status-publish","format-standard","has-post-thumbnail","hentry","category-deportes"],"yoast_head":"<!-- This site is optimized with the Yoast SEO plugin v24.8.1 - https:\/\/yoast.com\/wordpress\/plugins\/seo\/ -->\n<title>Federaciones deportivas reiteran compromiso con \u00e9xito de Santo Domingo 2026 - PotenciaRadiofonicaDominicana.com<\/title>\n<meta name=\"robots\" content=\"index, follow, max-snippet:-1, max-image-preview:large, max-video-preview:-1\" \/>\n<link rel=\"canonical\" href=\"https:\/\/potenciaradiofonicadominicana.com\/portal\/federaciones-deportivas-reiteran-compromiso-con-exito-de-santo-domingo-2026\/\" \/>\n<meta property=\"og:locale\" content=\"es_ES\" \/>\n<meta property=\"og:type\" content=\"article\" \/>\n<meta property=\"og:title\" content=\"Federaciones deportivas reiteran compromiso con \u00e9xito de Santo Domingo 2026 - PotenciaRadiofonicaDominicana.com\" \/>\n<meta property=\"og:description\" content=\"Las\u00a0Federaciones Deportivas\u00a0Nacionales ratificaron su firme e inquebrantable compromiso con el \u00e9xito de los XXV Juegos Deportivos Centroamericanos y del Caribe\u00a0Santo ...\" \/>\n<meta property=\"og:url\" content=\"https:\/\/potenciaradiofonicadominicana.com\/portal\/federaciones-deportivas-reiteran-compromiso-con-exito-de-santo-domingo-2026\/\" \/>\n<meta property=\"og:site_name\" content=\"PotenciaRadiofonicaDominicana.com\" \/>\n<meta property=\"article:publisher\" content=\"https:\/\/web.facebook.com\/PotenciaRadiofonicaD\" \/>\n<meta property=\"article:published_time\" content=\"2026-02-17T03:29:03+00:00\" \/>\n<meta property=\"og:image\" content=\"https:\/\/potenciaradiofonicadominicana.com\/portal\/wp-content\/uploads\/2026\/02\/santo-domingo-2026-federaciones-deportivas-reiteran-compromiso-621f5ae8-focus-0-0-896-504.jpg\" \/>\n\t<meta property=\"og:image:width\" content=\"896\" \/>\n\t<meta property=\"og:image:height\" content=\"504\" \/>\n\t<meta property=\"og:image:type\" content=\"image\/jpeg\" \/>\n<meta name=\"author\" content=\"Potencia Radiof\u00f3nica Dominicana\" \/>\n<meta name=\"twitter:card\" content=\"summary_large_image\" \/>\n<meta name=\"twitter:label1\" content=\"Escrito por\" \/>\n\t<meta name=\"twitter:data1\" content=\"Potencia Radiof\u00f3nica Dominicana\" \/>\n\t<meta name=\"twitter:label2\" content=\"Tiempo de lectura\" \/>\n\t<meta name=\"twitter:data2\" content=\"3 minutos\" \/>\n<script type=\"application\/ld+json\" class=\"yoast-schema-graph\">{\"@context\":\"https:\/\/schema.org\",\"@graph\":[{\"@type\":\"Article\",\"@id\":\"https:\/\/potenciaradiofonicadominicana.com\/portal\/federaciones-deportivas-reiteran-compromiso-con-exito-de-santo-domingo-2026\/#article\",\"isPartOf\":{\"@id\":\"https:\/\/potenciaradiofonicadominicana.com\/portal\/federaciones-deportivas-reiteran-compromiso-con-exito-de-santo-domingo-2026\/\"},\"author\":{\"name\":\"Potencia Radiof\u00f3nica Dominicana\",\"@id\":\"https:\/\/potenciaradiofonicadominicana.com\/portal\/#\/schema\/person\/a5cf1fea13877803ee0573ac18b03490\"},\"headline\":\"Federaciones deportivas reiteran compromiso con \u00e9xito de Santo Domingo 2026\",\"datePublished\":\"2026-02-17T03:29:03+00:00\",\"mainEntityOfPage\":{\"@id\":\"https:\/\/potenciaradiofonicadominicana.com\/portal\/federaciones-deportivas-reiteran-compromiso-con-exito-de-santo-domingo-2026\/\"},\"wordCount\":595,\"publisher\":{\"@id\":\"https:\/\/potenciaradiofonicadominicana.com\/portal\/#organization\"},\"image\":{\"@id\":\"https:\/\/potenciaradiofonicadominicana.com\/portal\/federaciones-deportivas-reiteran-compromiso-con-exito-de-santo-domingo-2026\/#primaryimage\"},\"thumbnailUrl\":\"https:\/\/potenciaradiofonicadominicana.com\/portal\/wp-content\/uploads\/2026\/02\/santo-domingo-2026-federaciones-deportivas-reiteran-compromiso-621f5ae8-focus-0-0-896-504.jpg\",\"articleSection\":[\"Deportes\"],\"inLanguage\":\"es\"},{\"@type\":\"WebPage\",\"@id\":\"https:\/\/potenciaradiofonicadominicana.com\/portal\/federaciones-deportivas-reiteran-compromiso-con-exito-de-santo-domingo-2026\/\",\"url\":\"https:\/\/potenciaradiofonicadominicana.com\/portal\/federaciones-deportivas-reiteran-compromiso-con-exito-de-santo-domingo-2026\/\",\"name\":\"Federaciones deportivas reiteran compromiso con \u00e9xito de Santo Domingo 2026 - PotenciaRadiofonicaDominicana.com\",\"isPartOf\":{\"@id\":\"https:\/\/potenciaradiofonicadominicana.com\/portal\/#website\"},\"primaryImageOfPage\":{\"@id\":\"https:\/\/potenciaradiofonicadominicana.com\/portal\/federaciones-deportivas-reiteran-compromiso-con-exito-de-santo-domingo-2026\/#primaryimage\"},\"image\":{\"@id\":\"https:\/\/potenciaradiofonicadominicana.com\/portal\/federaciones-deportivas-reiteran-compromiso-con-exito-de-santo-domingo-2026\/#primaryimage\"},\"thumbnailUrl\":\"https:\/\/potenciaradiofonicadominicana.com\/portal\/wp-content\/uploads\/2026\/02\/santo-domingo-2026-federaciones-deportivas-reiteran-compromiso-621f5ae8-focus-0-0-896-504.jpg\",\"datePublished\":\"2026-02-17T03:29:03+00:00\",\"breadcrumb\":{\"@id\":\"https:\/\/potenciaradiofonicadominicana.com\/portal\/federaciones-deportivas-reiteran-compromiso-con-exito-de-santo-domingo-2026\/#breadcrumb\"},\"inLanguage\":\"es\",\"potentialAction\":[{\"@type\":\"ReadAction\",\"target\":[\"https:\/\/potenciaradiofonicadominicana.com\/portal\/federaciones-deportivas-reiteran-compromiso-con-exito-de-santo-domingo-2026\/\"]}]},{\"@type\":\"ImageObject\",\"inLanguage\":\"es\",\"@id\":\"https:\/\/potenciaradiofonicadominicana.com\/portal\/federaciones-deportivas-reiteran-compromiso-con-exito-de-santo-domingo-2026\/#primaryimage\",\"url\":\"https:\/\/potenciaradiofonicadominicana.com\/portal\/wp-content\/uploads\/2026\/02\/santo-domingo-2026-federaciones-deportivas-reiteran-compromiso-621f5ae8-focus-0-0-896-504.jpg\",\"contentUrl\":\"https:\/\/potenciaradiofonicadominicana.com\/portal\/wp-content\/uploads\/2026\/02\/santo-domingo-2026-federaciones-deportivas-reiteran-compromiso-621f5ae8-focus-0-0-896-504.jpg\",\"width\":896,\"height\":504},{\"@type\":\"BreadcrumbList\",\"@id\":\"https:\/\/potenciaradiofonicadominicana.com\/portal\/federaciones-deportivas-reiteran-compromiso-con-exito-de-santo-domingo-2026\/#breadcrumb\",\"itemListElement\":[{\"@type\":\"ListItem\",\"position\":1,\"name\":\"Portada\",\"item\":\"https:\/\/potenciaradiofonicadominicana.com\/portal\/\"},{\"@type\":\"ListItem\",\"position\":2,\"name\":\"Federaciones deportivas reiteran compromiso con \u00e9xito de Santo Domingo 2026\"}]},{\"@type\":\"WebSite\",\"@id\":\"https:\/\/potenciaradiofonicadominicana.com\/portal\/#website\",\"url\":\"https:\/\/potenciaradiofonicadominicana.com\/portal\/\",\"name\":\"PotenciaRadiofonicaDominicana.com\",\"description\":\"Peri\u00f3dico Digital\",\"publisher\":{\"@id\":\"https:\/\/potenciaradiofonicadominicana.com\/portal\/#organization\"},\"potentialAction\":[{\"@type\":\"SearchAction\",\"target\":{\"@type\":\"EntryPoint\",\"urlTemplate\":\"https:\/\/potenciaradiofonicadominicana.com\/portal\/?s={search_term_string}\"},\"query-input\":{\"@type\":\"PropertyValueSpecification\",\"valueRequired\":true,\"valueName\":\"search_term_string\"}}],\"inLanguage\":\"es\"},{\"@type\":\"Organization\",\"@id\":\"https:\/\/potenciaradiofonicadominicana.com\/portal\/#organization\",\"name\":\"PotenciaRadiofonicaDominicana.com\",\"url\":\"https:\/\/potenciaradiofonicadominicana.com\/portal\/\",\"logo\":{\"@type\":\"ImageObject\",\"inLanguage\":\"es\",\"@id\":\"https:\/\/potenciaradiofonicadominicana.com\/portal\/#\/schema\/logo\/image\/\",\"url\":\"https:\/\/potenciaradiofonicadominicana.com\/portal\/wp-content\/uploads\/2022\/01\/descarga.png\",\"contentUrl\":\"https:\/\/potenciaradiofonicadominicana.com\/portal\/wp-content\/uploads\/2022\/01\/descarga.png\",\"width\":300,\"height\":100,\"caption\":\"PotenciaRadiofonicaDominicana.com\"},\"image\":{\"@id\":\"https:\/\/potenciaradiofonicadominicana.com\/portal\/#\/schema\/logo\/image\/\"},\"sameAs\":[\"https:\/\/web.facebook.com\/PotenciaRadiofonicaD\"]},{\"@type\":\"Person\",\"@id\":\"https:\/\/potenciaradiofonicadominicana.com\/portal\/#\/schema\/person\/a5cf1fea13877803ee0573ac18b03490\",\"name\":\"Potencia Radiof\u00f3nica Dominicana\",\"image\":{\"@type\":\"ImageObject\",\"inLanguage\":\"es\",\"@id\":\"https:\/\/potenciaradiofonicadominicana.com\/portal\/#\/schema\/person\/image\/\",\"url\":\"https:\/\/secure.gravatar.com\/avatar\/42a55ab9e8ccc656ba34cd791990602a?s=96&d=mm&r=g\",\"contentUrl\":\"https:\/\/secure.gravatar.com\/avatar\/42a55ab9e8ccc656ba34cd791990602a?s=96&d=mm&r=g\",\"caption\":\"Potencia Radiof\u00f3nica Dominicana\"},\"url\":\"https:\/\/potenciaradiofonicadominicana.com\/portal\/author\/johannyalmanzar\/\"}]}<\/script>\n<!-- \/ Yoast SEO plugin. -->","yoast_head_json":{"title":"Federaciones deportivas reiteran compromiso con \u00e9xito de Santo Domingo 2026 - PotenciaRadiofonicaDominicana.com","robots":{"index":"index","follow":"follow","max-snippet":"max-snippet:-1","max-image-preview":"max-image-preview:large","max-video-preview":"max-video-preview:-1"},"canonical":"https:\/\/potenciaradiofonicadominicana.com\/portal\/federaciones-deportivas-reiteran-compromiso-con-exito-de-santo-domingo-2026\/","og_locale":"es_ES","og_type":"article","og_title":"Federaciones deportivas reiteran compromiso con \u00e9xito de Santo Domingo 2026 - PotenciaRadiofonicaDominicana.com","og_description":"Las\u00a0Federaciones Deportivas\u00a0Nacionales ratificaron su firme e inquebrantable compromiso con el \u00e9xito de los XXV Juegos Deportivos Centroamericanos y del Caribe\u00a0Santo ...","og_url":"https:\/\/potenciaradiofonicadominicana.com\/portal\/federaciones-deportivas-reiteran-compromiso-con-exito-de-santo-domingo-2026\/","og_site_name":"PotenciaRadiofonicaDominicana.com","article_publisher":"https:\/\/web.facebook.com\/PotenciaRadiofonicaD","article_published_time":"2026-02-17T03:29:03+00:00","og_image":[{"width":896,"height":504,"url":"https:\/\/potenciaradiofonicadominicana.com\/portal\/wp-content\/uploads\/2026\/02\/santo-domingo-2026-federaciones-deportivas-reiteran-compromiso-621f5ae8-focus-0-0-896-504.jpg","type":"image\/jpeg"}],"author":"Potencia Radiof\u00f3nica Dominicana","twitter_card":"summary_large_image","twitter_misc":{"Escrito por":"Potencia Radiof\u00f3nica Dominicana","Tiempo de lectura":"3 minutos"},"schema":{"@context":"https:\/\/schema.org","@graph":[{"@type":"Article","@id":"https:\/\/potenciaradiofonicadominicana.com\/portal\/federaciones-deportivas-reiteran-compromiso-con-exito-de-santo-domingo-2026\/#article","isPartOf":{"@id":"https:\/\/potenciaradiofonicadominicana.com\/portal\/federaciones-deportivas-reiteran-compromiso-con-exito-de-santo-domingo-2026\/"},"author":{"name":"Potencia Radiof\u00f3nica Dominicana","@id":"https:\/\/potenciaradiofonicadominicana.com\/portal\/#\/schema\/person\/a5cf1fea13877803ee0573ac18b03490"},"headline":"Federaciones deportivas reiteran compromiso con \u00e9xito de Santo Domingo 2026","datePublished":"2026-02-17T03:29:03+00:00","mainEntityOfPage":{"@id":"https:\/\/potenciaradiofonicadominicana.com\/portal\/federaciones-deportivas-reiteran-compromiso-con-exito-de-santo-domingo-2026\/"},"wordCount":595,"publisher":{"@id":"https:\/\/potenciaradiofonicadominicana.com\/portal\/#organization"},"image":{"@id":"https:\/\/potenciaradiofonicadominicana.com\/portal\/federaciones-deportivas-reiteran-compromiso-con-exito-de-santo-domingo-2026\/#primaryimage"},"thumbnailUrl":"https:\/\/potenciaradiofonicadominicana.com\/portal\/wp-content\/uploads\/2026\/02\/santo-domingo-2026-federaciones-deportivas-reiteran-compromiso-621f5ae8-focus-0-0-896-504.jpg","articleSection":["Deportes"],"inLanguage":"es"},{"@type":"WebPage","@id":"https:\/\/potenciaradiofonicadominicana.com\/portal\/federaciones-deportivas-reiteran-compromiso-con-exito-de-santo-domingo-2026\/","url":"https:\/\/potenciaradiofonicadominicana.com\/portal\/federaciones-deportivas-reiteran-compromiso-con-exito-de-santo-domingo-2026\/","name":"Federaciones deportivas reiteran compromiso con \u00e9xito de Santo Domingo 2026 - PotenciaRadiofonicaDominicana.com","isPartOf":{"@id":"https:\/\/potenciaradiofonicadominicana.com\/portal\/#website"},"primaryImageOfPage":{"@id":"https:\/\/potenciaradiofonicadominicana.com\/portal\/federaciones-deportivas-reiteran-compromiso-con-exito-de-santo-domingo-2026\/#primaryimage"},"image":{"@id":"https:\/\/potenciaradiofonicadominicana.com\/portal\/federaciones-deportivas-reiteran-compromiso-con-exito-de-santo-domingo-2026\/#primaryimage"},"thumbnailUrl":"https:\/\/potenciaradiofonicadominicana.com\/portal\/wp-content\/uploads\/2026\/02\/santo-domingo-2026-federaciones-deportivas-reiteran-compromiso-621f5ae8-focus-0-0-896-504.jpg","datePublished":"2026-02-17T03:29:03+00:00","breadcrumb":{"@id":"https:\/\/potenciaradiofonicadominicana.com\/portal\/federaciones-deportivas-reiteran-compromiso-con-exito-de-santo-domingo-2026\/#breadcrumb"},"inLanguage":"es","potentialAction":[{"@type":"ReadAction","target":["https:\/\/potenciaradiofonicadominicana.com\/portal\/federaciones-deportivas-reiteran-compromiso-con-exito-de-santo-domingo-2026\/"]}]},{"@type":"ImageObject","inLanguage":"es","@id":"https:\/\/potenciaradiofonicadominicana.com\/portal\/federaciones-deportivas-reiteran-compromiso-con-exito-de-santo-domingo-2026\/#primaryimage","url":"https:\/\/potenciaradiofonicadominicana.com\/portal\/wp-content\/uploads\/2026\/02\/santo-domingo-2026-federaciones-deportivas-reiteran-compromiso-621f5ae8-focus-0-0-896-504.jpg","contentUrl":"https:\/\/potenciaradiofonicadominicana.com\/portal\/wp-content\/uploads\/2026\/02\/santo-domingo-2026-federaciones-deportivas-reiteran-compromiso-621f5ae8-focus-0-0-896-504.jpg","width":896,"height":504},{"@type":"BreadcrumbList","@id":"https:\/\/potenciaradiofonicadominicana.com\/portal\/federaciones-deportivas-reiteran-compromiso-con-exito-de-santo-domingo-2026\/#breadcrumb","itemListElement":[{"@type":"ListItem","position":1,"name":"Portada","item":"https:\/\/potenciaradiofonicadominicana.com\/portal\/"},{"@type":"ListItem","position":2,"name":"Federaciones deportivas reiteran compromiso con \u00e9xito de Santo Domingo 2026"}]},{"@type":"WebSite","@id":"https:\/\/potenciaradiofonicadominicana.com\/portal\/#website","url":"https:\/\/potenciaradiofonicadominicana.com\/portal\/","name":"PotenciaRadiofonicaDominicana.com","description":"Peri\u00f3dico Digital","publisher":{"@id":"https:\/\/potenciaradiofonicadominicana.com\/portal\/#organization"},"potentialAction":[{"@type":"SearchAction","target":{"@type":"EntryPoint","urlTemplate":"https:\/\/potenciaradiofonicadominicana.com\/portal\/?s={search_term_string}"},"query-input":{"@type":"PropertyValueSpecification","valueRequired":true,"valueName":"search_term_string"}}],"inLanguage":"es"},{"@type":"Organization","@id":"https:\/\/potenciaradiofonicadominicana.com\/portal\/#organization","name":"PotenciaRadiofonicaDominicana.com","url":"https:\/\/potenciaradiofonicadominicana.com\/portal\/","logo":{"@type":"ImageObject","inLanguage":"es","@id":"https:\/\/potenciaradiofonicadominicana.com\/portal\/#\/schema\/logo\/image\/","url":"https:\/\/potenciaradiofonicadominicana.com\/portal\/wp-content\/uploads\/2022\/01\/descarga.png","contentUrl":"https:\/\/potenciaradiofonicadominicana.com\/portal\/wp-content\/uploads\/2022\/01\/descarga.png","width":300,"height":100,"caption":"PotenciaRadiofonicaDominicana.com"},"image":{"@id":"https:\/\/potenciaradiofonicadominicana.com\/portal\/#\/schema\/logo\/image\/"},"sameAs":["https:\/\/web.facebook.com\/PotenciaRadiofonicaD"]},{"@type":"Person","@id":"https:\/\/potenciaradiofonicadominicana.com\/portal\/#\/schema\/person\/a5cf1fea13877803ee0573ac18b03490","name":"Potencia Radiof\u00f3nica Dominicana","image":{"@type":"ImageObject","inLanguage":"es","@id":"https:\/\/potenciaradiofonicadominicana.com\/portal\/#\/schema\/person\/image\/","url":"https:\/\/secure.gravatar.com\/avatar\/42a55ab9e8ccc656ba34cd791990602a?s=96&d=mm&r=g","contentUrl":"https:\/\/secure.gravatar.com\/avatar\/42a55ab9e8ccc656ba34cd791990602a?s=96&d=mm&r=g","caption":"Potencia Radiof\u00f3nica Dominicana"},"url":"https:\/\/potenciaradiofonicadominicana.com\/portal\/author\/johannyalmanzar\/"}]}},"_links":{"self":[{"href":"https:\/\/potenciaradiofonicadominicana.com\/portal\/wp-json\/wp\/v2\/posts\/211701","targetHints":{"allow":["GET"]}}],"collection":[{"href":"https:\/\/potenciaradiofonicadominicana.com\/portal\/wp-json\/wp\/v2\/posts"}],"about":[{"href":"https:\/\/potenciaradiofonicadominicana.com\/portal\/wp-json\/wp\/v2\/types\/post"}],"author":[{"embeddable":true,"href":"https:\/\/potenciaradiofonicadominicana.com\/portal\/wp-json\/wp\/v2\/users\/2"}],"replies":[{"embeddable":true,"href":"https:\/\/potenciaradiofonicadominicana.com\/portal\/wp-json\/wp\/v2\/comments?post=211701"}],"version-history":[{"count":1,"href":"https:\/\/potenciaradiofonicadominicana.com\/portal\/wp-json\/wp\/v2\/posts\/211701\/revisions"}],"predecessor-version":[{"id":211703,"href":"https:\/\/potenciaradiofonicadominicana.com\/portal\/wp-json\/wp\/v2\/posts\/211701\/revisions\/211703"}],"wp:featuredmedia":[{"embeddable":true,"href":"https:\/\/potenciaradiofonicadominicana.com\/portal\/wp-json\/wp\/v2\/media\/211702"}],"wp:attachment":[{"href":"https:\/\/potenciaradiofonicadominicana.com\/portal\/wp-json\/wp\/v2\/media?parent=211701"}],"wp:term":[{"taxonomy":"category","embeddable":true,"href":"https:\/\/potenciaradiofonicadominicana.com\/portal\/wp-json\/wp\/v2\/categories?post=211701"},{"taxonomy":"post_tag","embeddable":true,"href":"https:\/\/potenciaradiofonicadominicana.com\/portal\/wp-json\/wp\/v2\/tags?post=211701"}],"curies":[{"name":"wp","href":"https:\/\/api.w.org\/{rel}","templated":true}]}}