{"id":211528,"date":"2026-02-10T22:15:34","date_gmt":"2026-02-11T02:15:34","guid":{"rendered":"https:\/\/potenciaradiofonicadominicana.com\/portal\/?p=211528"},"modified":"2026-02-10T22:15:34","modified_gmt":"2026-02-11T02:15:34","slug":"la-formula-uno-arranca-su-temporada-con-los-entrenamientos-oficiales-en-barein","status":"publish","type":"post","link":"https:\/\/potenciaradiofonicadominicana.com\/portal\/la-formula-uno-arranca-su-temporada-con-los-entrenamientos-oficiales-en-barein\/","title":{"rendered":"La F\u00f3rmula Uno arranca su temporada con los entrenamientos oficiales en Bar\u00e9in"},"content":{"rendered":"<p><a href=\"https:\/\/potenciaradiofonicadominicana.com\/portal\/wp-content\/uploads\/2026\/02\/la-formula-uno-arranca-los-entrenamientos-oficiales-2a91f3fb-focus-min0.01-0.44-896-504.jpg\"><img loading=\"lazy\" decoding=\"async\" class=\"alignnone size-full wp-image-211529\" src=\"https:\/\/potenciaradiofonicadominicana.com\/portal\/wp-content\/uploads\/2026\/02\/la-formula-uno-arranca-los-entrenamientos-oficiales-2a91f3fb-focus-min0.01-0.44-896-504.jpg\" alt=\"\" width=\"896\" height=\"504\" srcset=\"https:\/\/potenciaradiofonicadominicana.com\/portal\/wp-content\/uploads\/2026\/02\/la-formula-uno-arranca-los-entrenamientos-oficiales-2a91f3fb-focus-min0.01-0.44-896-504.jpg 896w, https:\/\/potenciaradiofonicadominicana.com\/portal\/wp-content\/uploads\/2026\/02\/la-formula-uno-arranca-los-entrenamientos-oficiales-2a91f3fb-focus-min0.01-0.44-896-504-300x169.jpg 300w, https:\/\/potenciaradiofonicadominicana.com\/portal\/wp-content\/uploads\/2026\/02\/la-formula-uno-arranca-los-entrenamientos-oficiales-2a91f3fb-focus-min0.01-0.44-896-504-768x432.jpg 768w\" sizes=\"auto, (max-width: 896px) 100vw, 896px\" \/><\/a><\/p>\n<p>Las\u00a0once escuder\u00edas\u00a0de F\u00f3rmula 1 dan el pistoletazo a la\u00a0temporada 2026\u00a0con los primeros entrenamientos oficiales el mi\u00e9rcoles en Bar\u00e9in, adonde llegan los equipos \u00abpartiendo de cero\u00bb tras un dr\u00e1stico cambio en la reglamentaci\u00f3n de los coches, con el que se espera ganar en espectacularidad e igualdad.<\/p>\n<p>Antes de que el mundo de la F1 se re\u00fana para seis d\u00edas de pruebas (11-13 y 18-20 de febrero) en el\u00a0circuito de Sakhir, en el peque\u00f1o reino de Bar\u00e9in, frente a Ir\u00e1n, el vigente campe\u00f3n del mundo,\u00a0Lando Norris, augur\u00f3 para la nueva temporada carreras \u00abca\u00f3ticas\u00bb, con una\u00a0jerarqu\u00eda imprevisible.<\/p>\n<p>\u00bfEl motivo? Diferencias de velocidad y de ritmo de los 22 monoplazas con\u00a0motores h\u00edbridos\u00a050% t\u00e9rmicos, 50% el\u00e9ctricos, alimentados por bater\u00eda con un nuevo bot\u00f3n \u00abboost\u00bb para acelerar s\u00fabitamente, y con\u00a0aerodin\u00e1mica redise\u00f1ada, detall\u00f3 el piloto brit\u00e1nico de 26 a\u00f1os.<\/p>\n<p>En 2026, \u00abver\u00e1n\u00a0m\u00e1s caos\u00a0en carrera\u00bb, asegur\u00f3 Norris con una amplia sonrisa ante periodistas convocados a comienzos de febrero en la sede de McLaren, escuder\u00eda campeona del mundo de constructores en los dos \u00faltimos a\u00f1os, en el sur de Londres.<\/p>\n<p>De vuelta de unas pruebas privadas en Barcelona a finales de enero, Norris dibuj\u00f3 el escenario de lo que podr\u00eda suceder ya en el primer Gran Premio en Melbourne, Australia, el\u00a08 de marzo, cuando un piloto \u00abutilice el bot\u00f3n &#8216;boost'\u00bb para ganar potencia y poder adelantar a un rival.<\/p>\n<p>suficientes para que un piloto pueda realizar un adelantamiento, aunque deber\u00e1 gestionar la reserva de potencia de la bater\u00eda para no malgastarla, seg\u00fan Norris.<\/p>\n<p>Adem\u00e1s de los cambios de neum\u00e1ticos en boxes y la aerodin\u00e1mica en pista, la estrategia de carrera ser\u00e1 \u00abmucho m\u00e1s complicada porque al\u00a0usar la bater\u00eda\u00bb para adelantar en recta o evitar ser adelantado, el piloto puede \u00abquedarse sin bater\u00eda al llegar a una curva\u00bb, analiz\u00f3 el brit\u00e1nico.<\/p>\n<p>Norris, que completar\u00e1 su octava temporada en McLaren, pondr\u00e1 su t\u00edtulo en juego frente al tetracampe\u00f3n del mundo neerland\u00e9s\u00a0Max Verstappen\u00a0(Red Bull), su compatriota Lewis Hamilton (Ferrari), siete veces campe\u00f3n, y su compa\u00f1ero australiano\u00a0Oscar Piastri.<\/p>\n","protected":false},"excerpt":{"rendered":"<p>Las\u00a0once escuder\u00edas\u00a0de F\u00f3rmula 1 dan el pistoletazo a la\u00a0temporada 2026\u00a0con los primeros entrenamientos oficiales el mi\u00e9rcoles en Bar\u00e9in, adonde llegan &#8230;<\/p>\n","protected":false},"author":2,"featured_media":211529,"comment_status":"closed","ping_status":"closed","sticky":false,"template":"","format":"standard","meta":{"footnotes":""},"categories":[28],"tags":[],"class_list":["post-211528","post","type-post","status-publish","format-standard","has-post-thumbnail","hentry","category-deportes"],"yoast_head":"<!-- This site is optimized with the Yoast SEO plugin v24.8.1 - https:\/\/yoast.com\/wordpress\/plugins\/seo\/ -->\n<title>La F\u00f3rmula Uno arranca su temporada con los entrenamientos oficiales en Bar\u00e9in - PotenciaRadiofonicaDominicana.com<\/title>\n<meta name=\"robots\" content=\"index, follow, max-snippet:-1, max-image-preview:large, max-video-preview:-1\" \/>\n<link rel=\"canonical\" href=\"https:\/\/potenciaradiofonicadominicana.com\/portal\/la-formula-uno-arranca-su-temporada-con-los-entrenamientos-oficiales-en-barein\/\" \/>\n<meta property=\"og:locale\" content=\"es_ES\" \/>\n<meta property=\"og:type\" content=\"article\" \/>\n<meta property=\"og:title\" content=\"La F\u00f3rmula Uno arranca su temporada con los entrenamientos oficiales en Bar\u00e9in - PotenciaRadiofonicaDominicana.com\" \/>\n<meta property=\"og:description\" content=\"Las\u00a0once escuder\u00edas\u00a0de F\u00f3rmula 1 dan el pistoletazo a la\u00a0temporada 2026\u00a0con los primeros entrenamientos oficiales el mi\u00e9rcoles en Bar\u00e9in, adonde llegan ...\" \/>\n<meta property=\"og:url\" content=\"https:\/\/potenciaradiofonicadominicana.com\/portal\/la-formula-uno-arranca-su-temporada-con-los-entrenamientos-oficiales-en-barein\/\" \/>\n<meta property=\"og:site_name\" content=\"PotenciaRadiofonicaDominicana.com\" \/>\n<meta property=\"article:publisher\" content=\"https:\/\/web.facebook.com\/PotenciaRadiofonicaD\" \/>\n<meta property=\"article:published_time\" content=\"2026-02-11T02:15:34+00:00\" \/>\n<meta property=\"og:image\" content=\"https:\/\/potenciaradiofonicadominicana.com\/portal\/wp-content\/uploads\/2026\/02\/la-formula-uno-arranca-los-entrenamientos-oficiales-2a91f3fb-focus-min0.01-0.44-896-504.jpg\" \/>\n\t<meta property=\"og:image:width\" content=\"896\" \/>\n\t<meta property=\"og:image:height\" content=\"504\" \/>\n\t<meta property=\"og:image:type\" content=\"image\/jpeg\" \/>\n<meta name=\"author\" content=\"Potencia Radiof\u00f3nica Dominicana\" \/>\n<meta name=\"twitter:card\" content=\"summary_large_image\" \/>\n<meta name=\"twitter:label1\" content=\"Escrito por\" \/>\n\t<meta name=\"twitter:data1\" content=\"Potencia Radiof\u00f3nica Dominicana\" \/>\n\t<meta name=\"twitter:label2\" content=\"Tiempo de lectura\" \/>\n\t<meta name=\"twitter:data2\" content=\"2 minutos\" \/>\n<script type=\"application\/ld+json\" class=\"yoast-schema-graph\">{\"@context\":\"https:\/\/schema.org\",\"@graph\":[{\"@type\":\"Article\",\"@id\":\"https:\/\/potenciaradiofonicadominicana.com\/portal\/la-formula-uno-arranca-su-temporada-con-los-entrenamientos-oficiales-en-barein\/#article\",\"isPartOf\":{\"@id\":\"https:\/\/potenciaradiofonicadominicana.com\/portal\/la-formula-uno-arranca-su-temporada-con-los-entrenamientos-oficiales-en-barein\/\"},\"author\":{\"name\":\"Potencia Radiof\u00f3nica Dominicana\",\"@id\":\"https:\/\/potenciaradiofonicadominicana.com\/portal\/#\/schema\/person\/a5cf1fea13877803ee0573ac18b03490\"},\"headline\":\"La F\u00f3rmula Uno arranca su temporada con los entrenamientos oficiales en Bar\u00e9in\",\"datePublished\":\"2026-02-11T02:15:34+00:00\",\"mainEntityOfPage\":{\"@id\":\"https:\/\/potenciaradiofonicadominicana.com\/portal\/la-formula-uno-arranca-su-temporada-con-los-entrenamientos-oficiales-en-barein\/\"},\"wordCount\":392,\"publisher\":{\"@id\":\"https:\/\/potenciaradiofonicadominicana.com\/portal\/#organization\"},\"image\":{\"@id\":\"https:\/\/potenciaradiofonicadominicana.com\/portal\/la-formula-uno-arranca-su-temporada-con-los-entrenamientos-oficiales-en-barein\/#primaryimage\"},\"thumbnailUrl\":\"https:\/\/potenciaradiofonicadominicana.com\/portal\/wp-content\/uploads\/2026\/02\/la-formula-uno-arranca-los-entrenamientos-oficiales-2a91f3fb-focus-min0.01-0.44-896-504.jpg\",\"articleSection\":[\"Deportes\"],\"inLanguage\":\"es\"},{\"@type\":\"WebPage\",\"@id\":\"https:\/\/potenciaradiofonicadominicana.com\/portal\/la-formula-uno-arranca-su-temporada-con-los-entrenamientos-oficiales-en-barein\/\",\"url\":\"https:\/\/potenciaradiofonicadominicana.com\/portal\/la-formula-uno-arranca-su-temporada-con-los-entrenamientos-oficiales-en-barein\/\",\"name\":\"La F\u00f3rmula Uno arranca su temporada con los entrenamientos oficiales en Bar\u00e9in - PotenciaRadiofonicaDominicana.com\",\"isPartOf\":{\"@id\":\"https:\/\/potenciaradiofonicadominicana.com\/portal\/#website\"},\"primaryImageOfPage\":{\"@id\":\"https:\/\/potenciaradiofonicadominicana.com\/portal\/la-formula-uno-arranca-su-temporada-con-los-entrenamientos-oficiales-en-barein\/#primaryimage\"},\"image\":{\"@id\":\"https:\/\/potenciaradiofonicadominicana.com\/portal\/la-formula-uno-arranca-su-temporada-con-los-entrenamientos-oficiales-en-barein\/#primaryimage\"},\"thumbnailUrl\":\"https:\/\/potenciaradiofonicadominicana.com\/portal\/wp-content\/uploads\/2026\/02\/la-formula-uno-arranca-los-entrenamientos-oficiales-2a91f3fb-focus-min0.01-0.44-896-504.jpg\",\"datePublished\":\"2026-02-11T02:15:34+00:00\",\"breadcrumb\":{\"@id\":\"https:\/\/potenciaradiofonicadominicana.com\/portal\/la-formula-uno-arranca-su-temporada-con-los-entrenamientos-oficiales-en-barein\/#breadcrumb\"},\"inLanguage\":\"es\",\"potentialAction\":[{\"@type\":\"ReadAction\",\"target\":[\"https:\/\/potenciaradiofonicadominicana.com\/portal\/la-formula-uno-arranca-su-temporada-con-los-entrenamientos-oficiales-en-barein\/\"]}]},{\"@type\":\"ImageObject\",\"inLanguage\":\"es\",\"@id\":\"https:\/\/potenciaradiofonicadominicana.com\/portal\/la-formula-uno-arranca-su-temporada-con-los-entrenamientos-oficiales-en-barein\/#primaryimage\",\"url\":\"https:\/\/potenciaradiofonicadominicana.com\/portal\/wp-content\/uploads\/2026\/02\/la-formula-uno-arranca-los-entrenamientos-oficiales-2a91f3fb-focus-min0.01-0.44-896-504.jpg\",\"contentUrl\":\"https:\/\/potenciaradiofonicadominicana.com\/portal\/wp-content\/uploads\/2026\/02\/la-formula-uno-arranca-los-entrenamientos-oficiales-2a91f3fb-focus-min0.01-0.44-896-504.jpg\",\"width\":896,\"height\":504},{\"@type\":\"BreadcrumbList\",\"@id\":\"https:\/\/potenciaradiofonicadominicana.com\/portal\/la-formula-uno-arranca-su-temporada-con-los-entrenamientos-oficiales-en-barein\/#breadcrumb\",\"itemListElement\":[{\"@type\":\"ListItem\",\"position\":1,\"name\":\"Portada\",\"item\":\"https:\/\/potenciaradiofonicadominicana.com\/portal\/\"},{\"@type\":\"ListItem\",\"position\":2,\"name\":\"La F\u00f3rmula Uno arranca su temporada con los entrenamientos oficiales en Bar\u00e9in\"}]},{\"@type\":\"WebSite\",\"@id\":\"https:\/\/potenciaradiofonicadominicana.com\/portal\/#website\",\"url\":\"https:\/\/potenciaradiofonicadominicana.com\/portal\/\",\"name\":\"PotenciaRadiofonicaDominicana.com\",\"description\":\"Peri\u00f3dico Digital\",\"publisher\":{\"@id\":\"https:\/\/potenciaradiofonicadominicana.com\/portal\/#organization\"},\"potentialAction\":[{\"@type\":\"SearchAction\",\"target\":{\"@type\":\"EntryPoint\",\"urlTemplate\":\"https:\/\/potenciaradiofonicadominicana.com\/portal\/?s={search_term_string}\"},\"query-input\":{\"@type\":\"PropertyValueSpecification\",\"valueRequired\":true,\"valueName\":\"search_term_string\"}}],\"inLanguage\":\"es\"},{\"@type\":\"Organization\",\"@id\":\"https:\/\/potenciaradiofonicadominicana.com\/portal\/#organization\",\"name\":\"PotenciaRadiofonicaDominicana.com\",\"url\":\"https:\/\/potenciaradiofonicadominicana.com\/portal\/\",\"logo\":{\"@type\":\"ImageObject\",\"inLanguage\":\"es\",\"@id\":\"https:\/\/potenciaradiofonicadominicana.com\/portal\/#\/schema\/logo\/image\/\",\"url\":\"https:\/\/potenciaradiofonicadominicana.com\/portal\/wp-content\/uploads\/2022\/01\/descarga.png\",\"contentUrl\":\"https:\/\/potenciaradiofonicadominicana.com\/portal\/wp-content\/uploads\/2022\/01\/descarga.png\",\"width\":300,\"height\":100,\"caption\":\"PotenciaRadiofonicaDominicana.com\"},\"image\":{\"@id\":\"https:\/\/potenciaradiofonicadominicana.com\/portal\/#\/schema\/logo\/image\/\"},\"sameAs\":[\"https:\/\/web.facebook.com\/PotenciaRadiofonicaD\"]},{\"@type\":\"Person\",\"@id\":\"https:\/\/potenciaradiofonicadominicana.com\/portal\/#\/schema\/person\/a5cf1fea13877803ee0573ac18b03490\",\"name\":\"Potencia Radiof\u00f3nica Dominicana\",\"image\":{\"@type\":\"ImageObject\",\"inLanguage\":\"es\",\"@id\":\"https:\/\/potenciaradiofonicadominicana.com\/portal\/#\/schema\/person\/image\/\",\"url\":\"https:\/\/secure.gravatar.com\/avatar\/42a55ab9e8ccc656ba34cd791990602a?s=96&d=mm&r=g\",\"contentUrl\":\"https:\/\/secure.gravatar.com\/avatar\/42a55ab9e8ccc656ba34cd791990602a?s=96&d=mm&r=g\",\"caption\":\"Potencia Radiof\u00f3nica Dominicana\"},\"url\":\"https:\/\/potenciaradiofonicadominicana.com\/portal\/author\/johannyalmanzar\/\"}]}<\/script>\n<!-- \/ Yoast SEO plugin. -->","yoast_head_json":{"title":"La F\u00f3rmula Uno arranca su temporada con los entrenamientos oficiales en Bar\u00e9in - PotenciaRadiofonicaDominicana.com","robots":{"index":"index","follow":"follow","max-snippet":"max-snippet:-1","max-image-preview":"max-image-preview:large","max-video-preview":"max-video-preview:-1"},"canonical":"https:\/\/potenciaradiofonicadominicana.com\/portal\/la-formula-uno-arranca-su-temporada-con-los-entrenamientos-oficiales-en-barein\/","og_locale":"es_ES","og_type":"article","og_title":"La F\u00f3rmula Uno arranca su temporada con los entrenamientos oficiales en Bar\u00e9in - PotenciaRadiofonicaDominicana.com","og_description":"Las\u00a0once escuder\u00edas\u00a0de F\u00f3rmula 1 dan el pistoletazo a la\u00a0temporada 2026\u00a0con los primeros entrenamientos oficiales el mi\u00e9rcoles en Bar\u00e9in, adonde llegan ...","og_url":"https:\/\/potenciaradiofonicadominicana.com\/portal\/la-formula-uno-arranca-su-temporada-con-los-entrenamientos-oficiales-en-barein\/","og_site_name":"PotenciaRadiofonicaDominicana.com","article_publisher":"https:\/\/web.facebook.com\/PotenciaRadiofonicaD","article_published_time":"2026-02-11T02:15:34+00:00","og_image":[{"width":896,"height":504,"url":"https:\/\/potenciaradiofonicadominicana.com\/portal\/wp-content\/uploads\/2026\/02\/la-formula-uno-arranca-los-entrenamientos-oficiales-2a91f3fb-focus-min0.01-0.44-896-504.jpg","type":"image\/jpeg"}],"author":"Potencia Radiof\u00f3nica Dominicana","twitter_card":"summary_large_image","twitter_misc":{"Escrito por":"Potencia Radiof\u00f3nica Dominicana","Tiempo de lectura":"2 minutos"},"schema":{"@context":"https:\/\/schema.org","@graph":[{"@type":"Article","@id":"https:\/\/potenciaradiofonicadominicana.com\/portal\/la-formula-uno-arranca-su-temporada-con-los-entrenamientos-oficiales-en-barein\/#article","isPartOf":{"@id":"https:\/\/potenciaradiofonicadominicana.com\/portal\/la-formula-uno-arranca-su-temporada-con-los-entrenamientos-oficiales-en-barein\/"},"author":{"name":"Potencia Radiof\u00f3nica Dominicana","@id":"https:\/\/potenciaradiofonicadominicana.com\/portal\/#\/schema\/person\/a5cf1fea13877803ee0573ac18b03490"},"headline":"La F\u00f3rmula Uno arranca su temporada con los entrenamientos oficiales en Bar\u00e9in","datePublished":"2026-02-11T02:15:34+00:00","mainEntityOfPage":{"@id":"https:\/\/potenciaradiofonicadominicana.com\/portal\/la-formula-uno-arranca-su-temporada-con-los-entrenamientos-oficiales-en-barein\/"},"wordCount":392,"publisher":{"@id":"https:\/\/potenciaradiofonicadominicana.com\/portal\/#organization"},"image":{"@id":"https:\/\/potenciaradiofonicadominicana.com\/portal\/la-formula-uno-arranca-su-temporada-con-los-entrenamientos-oficiales-en-barein\/#primaryimage"},"thumbnailUrl":"https:\/\/potenciaradiofonicadominicana.com\/portal\/wp-content\/uploads\/2026\/02\/la-formula-uno-arranca-los-entrenamientos-oficiales-2a91f3fb-focus-min0.01-0.44-896-504.jpg","articleSection":["Deportes"],"inLanguage":"es"},{"@type":"WebPage","@id":"https:\/\/potenciaradiofonicadominicana.com\/portal\/la-formula-uno-arranca-su-temporada-con-los-entrenamientos-oficiales-en-barein\/","url":"https:\/\/potenciaradiofonicadominicana.com\/portal\/la-formula-uno-arranca-su-temporada-con-los-entrenamientos-oficiales-en-barein\/","name":"La F\u00f3rmula Uno arranca su temporada con los entrenamientos oficiales en Bar\u00e9in - PotenciaRadiofonicaDominicana.com","isPartOf":{"@id":"https:\/\/potenciaradiofonicadominicana.com\/portal\/#website"},"primaryImageOfPage":{"@id":"https:\/\/potenciaradiofonicadominicana.com\/portal\/la-formula-uno-arranca-su-temporada-con-los-entrenamientos-oficiales-en-barein\/#primaryimage"},"image":{"@id":"https:\/\/potenciaradiofonicadominicana.com\/portal\/la-formula-uno-arranca-su-temporada-con-los-entrenamientos-oficiales-en-barein\/#primaryimage"},"thumbnailUrl":"https:\/\/potenciaradiofonicadominicana.com\/portal\/wp-content\/uploads\/2026\/02\/la-formula-uno-arranca-los-entrenamientos-oficiales-2a91f3fb-focus-min0.01-0.44-896-504.jpg","datePublished":"2026-02-11T02:15:34+00:00","breadcrumb":{"@id":"https:\/\/potenciaradiofonicadominicana.com\/portal\/la-formula-uno-arranca-su-temporada-con-los-entrenamientos-oficiales-en-barein\/#breadcrumb"},"inLanguage":"es","potentialAction":[{"@type":"ReadAction","target":["https:\/\/potenciaradiofonicadominicana.com\/portal\/la-formula-uno-arranca-su-temporada-con-los-entrenamientos-oficiales-en-barein\/"]}]},{"@type":"ImageObject","inLanguage":"es","@id":"https:\/\/potenciaradiofonicadominicana.com\/portal\/la-formula-uno-arranca-su-temporada-con-los-entrenamientos-oficiales-en-barein\/#primaryimage","url":"https:\/\/potenciaradiofonicadominicana.com\/portal\/wp-content\/uploads\/2026\/02\/la-formula-uno-arranca-los-entrenamientos-oficiales-2a91f3fb-focus-min0.01-0.44-896-504.jpg","contentUrl":"https:\/\/potenciaradiofonicadominicana.com\/portal\/wp-content\/uploads\/2026\/02\/la-formula-uno-arranca-los-entrenamientos-oficiales-2a91f3fb-focus-min0.01-0.44-896-504.jpg","width":896,"height":504},{"@type":"BreadcrumbList","@id":"https:\/\/potenciaradiofonicadominicana.com\/portal\/la-formula-uno-arranca-su-temporada-con-los-entrenamientos-oficiales-en-barein\/#breadcrumb","itemListElement":[{"@type":"ListItem","position":1,"name":"Portada","item":"https:\/\/potenciaradiofonicadominicana.com\/portal\/"},{"@type":"ListItem","position":2,"name":"La F\u00f3rmula Uno arranca su temporada con los entrenamientos oficiales en Bar\u00e9in"}]},{"@type":"WebSite","@id":"https:\/\/potenciaradiofonicadominicana.com\/portal\/#website","url":"https:\/\/potenciaradiofonicadominicana.com\/portal\/","name":"PotenciaRadiofonicaDominicana.com","description":"Peri\u00f3dico Digital","publisher":{"@id":"https:\/\/potenciaradiofonicadominicana.com\/portal\/#organization"},"potentialAction":[{"@type":"SearchAction","target":{"@type":"EntryPoint","urlTemplate":"https:\/\/potenciaradiofonicadominicana.com\/portal\/?s={search_term_string}"},"query-input":{"@type":"PropertyValueSpecification","valueRequired":true,"valueName":"search_term_string"}}],"inLanguage":"es"},{"@type":"Organization","@id":"https:\/\/potenciaradiofonicadominicana.com\/portal\/#organization","name":"PotenciaRadiofonicaDominicana.com","url":"https:\/\/potenciaradiofonicadominicana.com\/portal\/","logo":{"@type":"ImageObject","inLanguage":"es","@id":"https:\/\/potenciaradiofonicadominicana.com\/portal\/#\/schema\/logo\/image\/","url":"https:\/\/potenciaradiofonicadominicana.com\/portal\/wp-content\/uploads\/2022\/01\/descarga.png","contentUrl":"https:\/\/potenciaradiofonicadominicana.com\/portal\/wp-content\/uploads\/2022\/01\/descarga.png","width":300,"height":100,"caption":"PotenciaRadiofonicaDominicana.com"},"image":{"@id":"https:\/\/potenciaradiofonicadominicana.com\/portal\/#\/schema\/logo\/image\/"},"sameAs":["https:\/\/web.facebook.com\/PotenciaRadiofonicaD"]},{"@type":"Person","@id":"https:\/\/potenciaradiofonicadominicana.com\/portal\/#\/schema\/person\/a5cf1fea13877803ee0573ac18b03490","name":"Potencia Radiof\u00f3nica Dominicana","image":{"@type":"ImageObject","inLanguage":"es","@id":"https:\/\/potenciaradiofonicadominicana.com\/portal\/#\/schema\/person\/image\/","url":"https:\/\/secure.gravatar.com\/avatar\/42a55ab9e8ccc656ba34cd791990602a?s=96&d=mm&r=g","contentUrl":"https:\/\/secure.gravatar.com\/avatar\/42a55ab9e8ccc656ba34cd791990602a?s=96&d=mm&r=g","caption":"Potencia Radiof\u00f3nica Dominicana"},"url":"https:\/\/potenciaradiofonicadominicana.com\/portal\/author\/johannyalmanzar\/"}]}},"_links":{"self":[{"href":"https:\/\/potenciaradiofonicadominicana.com\/portal\/wp-json\/wp\/v2\/posts\/211528","targetHints":{"allow":["GET"]}}],"collection":[{"href":"https:\/\/potenciaradiofonicadominicana.com\/portal\/wp-json\/wp\/v2\/posts"}],"about":[{"href":"https:\/\/potenciaradiofonicadominicana.com\/portal\/wp-json\/wp\/v2\/types\/post"}],"author":[{"embeddable":true,"href":"https:\/\/potenciaradiofonicadominicana.com\/portal\/wp-json\/wp\/v2\/users\/2"}],"replies":[{"embeddable":true,"href":"https:\/\/potenciaradiofonicadominicana.com\/portal\/wp-json\/wp\/v2\/comments?post=211528"}],"version-history":[{"count":1,"href":"https:\/\/potenciaradiofonicadominicana.com\/portal\/wp-json\/wp\/v2\/posts\/211528\/revisions"}],"predecessor-version":[{"id":211533,"href":"https:\/\/potenciaradiofonicadominicana.com\/portal\/wp-json\/wp\/v2\/posts\/211528\/revisions\/211533"}],"wp:featuredmedia":[{"embeddable":true,"href":"https:\/\/potenciaradiofonicadominicana.com\/portal\/wp-json\/wp\/v2\/media\/211529"}],"wp:attachment":[{"href":"https:\/\/potenciaradiofonicadominicana.com\/portal\/wp-json\/wp\/v2\/media?parent=211528"}],"wp:term":[{"taxonomy":"category","embeddable":true,"href":"https:\/\/potenciaradiofonicadominicana.com\/portal\/wp-json\/wp\/v2\/categories?post=211528"},{"taxonomy":"post_tag","embeddable":true,"href":"https:\/\/potenciaradiofonicadominicana.com\/portal\/wp-json\/wp\/v2\/tags?post=211528"}],"curies":[{"name":"wp","href":"https:\/\/api.w.org\/{rel}","templated":true}]}}