{"id":211521,"date":"2026-02-10T22:13:26","date_gmt":"2026-02-11T02:13:26","guid":{"rendered":"https:\/\/potenciaradiofonicadominicana.com\/portal\/?p=211521"},"modified":"2026-02-10T22:13:26","modified_gmt":"2026-02-11T02:13:26","slug":"stephen-curry-no-jugara-el-proximo-juego-de-estrellas-en-los-angeles","status":"publish","type":"post","link":"https:\/\/potenciaradiofonicadominicana.com\/portal\/stephen-curry-no-jugara-el-proximo-juego-de-estrellas-en-los-angeles\/","title":{"rendered":"Stephen Curry no jugar\u00e1 el pr\u00f3ximo Juego de Estrellas en Los \u00c1ngeles"},"content":{"rendered":"<p><a href=\"https:\/\/potenciaradiofonicadominicana.com\/portal\/wp-content\/uploads\/2026\/02\/stephen-curry-no-jugara-el-proximo-juego-de-estrellas-8b3e8955-focus-min0.66-0.23-896-504.jpg\"><img loading=\"lazy\" decoding=\"async\" class=\"alignnone size-full wp-image-211523\" src=\"https:\/\/potenciaradiofonicadominicana.com\/portal\/wp-content\/uploads\/2026\/02\/stephen-curry-no-jugara-el-proximo-juego-de-estrellas-8b3e8955-focus-min0.66-0.23-896-504.jpg\" alt=\"\" width=\"896\" height=\"504\" srcset=\"https:\/\/potenciaradiofonicadominicana.com\/portal\/wp-content\/uploads\/2026\/02\/stephen-curry-no-jugara-el-proximo-juego-de-estrellas-8b3e8955-focus-min0.66-0.23-896-504.jpg 896w, https:\/\/potenciaradiofonicadominicana.com\/portal\/wp-content\/uploads\/2026\/02\/stephen-curry-no-jugara-el-proximo-juego-de-estrellas-8b3e8955-focus-min0.66-0.23-896-504-300x169.jpg 300w, https:\/\/potenciaradiofonicadominicana.com\/portal\/wp-content\/uploads\/2026\/02\/stephen-curry-no-jugara-el-proximo-juego-de-estrellas-8b3e8955-focus-min0.66-0.23-896-504-768x432.jpg 768w\" sizes=\"auto, (max-width: 896px) 100vw, 896px\" \/><\/a><\/p>\n<p>Stephen Curry\u00a0no estar\u00e1 disponible\u00a0para el partido del mi\u00e9rcoles ante los\u00a0San Antonio Spurs\u00a0ni tampoco participar\u00e1 en el pr\u00f3ximo Juego de las Estrellas de la\u00a0NBA\u00a0en Los \u00c1ngeles.<\/p>\n<p>As\u00ed lo confirm\u00f3 el entrenador de los\u00a0Golden State\u00a0Warriors,\u00a0Steve Kerr, este lunes ante los medios, informaci\u00f3n que fue recogida por\u00a0The Athletic\u00a0a trav\u00e9s del periodista Nick Friedell.<\/p>\n<p>El\u00a0base de 37 a\u00f1os\u00a0arrastra una\u00a0lesi\u00f3n en la rodilla\u00a0que ya lo ha dejado fuera de los \u00faltimos tres encuentros de los Warriors.<\/p>\n<p>Su \u00faltimo partido fue el pasado\u00a030 de enero\u00a0frente a los\u00a0Detroit Pistons, duelo que no pudo completar al retirarse antes del \u00faltimo cuarto debido a molestias en la rodilla.<\/p>\n<p>Seg\u00fan se inform\u00f3, Curry ven\u00eda lidiando con ese\u00a0problema f\u00edsico\u00a0desde hac\u00eda aproximadamente\u00a0una semana\u00a0antes de su salida anticipada frente a Detroit, una situaci\u00f3n que oblig\u00f3 al cuerpo t\u00e9cnico a tomar mayores\u00a0precauciones\u00a0con su estado f\u00edsico.<\/p>\n<p>\u00abEs cuesti\u00f3n de ir aprendiendo sobre la marcha qu\u00e9 es lo que funciona en la\u00a0rehabilitaci\u00f3n\u00bb, explic\u00f3 Curry en\u00a0declaraciones a ESPN\u00a0a trav\u00e9s de Anthony Slater.<\/p>\n<p>\u00abTodav\u00eda hay dolor. Hay que intentar eliminar toda la\u00a0inflamaci\u00f3n\u00a0y las molestias. Es algo que tenemos que seguir\u00a0monitoreando y manejando, porque si regreso demasiado pronto, podr\u00eda volver a agravarse\u00bb.<\/p>\n<p>A pesar de estas complicaciones, Curry hab\u00eda sido seleccionado recientemente para disputar su\u00a012\u00ba Juego de las Estrellas. Estaba previsto que integrara el\u00a0equipo USA Stripes\u00a0junto a figuras como LeBron James y Kevin Durant el pr\u00f3ximo\u00a015 de febrero, una cita que finalmente deber\u00e1 perderse.<\/p>\n<p>En lo estrictamente deportivo, Curry sigue mostrando un\u00a0alto nivel\u00a0cuando est\u00e1 en cancha. Actualmente ocupa el\u00a0octavo lugar\u00a0entre los m\u00e1ximos anotadores de la\u00a0NBA\u00a0con\u00a027.2 puntos por partido, adem\u00e1s de promediar 4.8 asistencias, 3.5 rebotes y 1.1 robos en 39 encuentros disputados esta temporada.<\/p>\n<p>Sin embargo, las lesiones se han convertido en una constante en las \u00faltimas campa\u00f1as del hist\u00f3rico tirador. Desde problemas en los tobillos hasta\u00a0dolencias en hombros, pies y ahora la rodilla, Curry ha tenido que administrar cuidadosamente sus minutos y su calendario de partidos.<\/p>\n<p>La temporada pasada ya estuvo marcada por\u00a0ausencias prolongadas\u00a0que afectaron la regularidad de\u00a0Golden State, obligando al equipo a ajustar su rotaci\u00f3n y a depender m\u00e1s de\u00a0jugadores j\u00f3venes\u00a0en momentos clave.<\/p>\n<p>En campa\u00f1as recientes, el cuerpo t\u00e9cnico ha optado por\u00a0planes de descanso\u00a0preventivo para evitar reca\u00eddas, conscientes de que cualquier sobrecarga puede derivar en una lesi\u00f3n m\u00e1s seria, especialmente teniendo en cuenta la\u00a0edad del jugador.<\/p>\n<p>Estas\u00a0dificultades f\u00edsicas\u00a0plantean interrogantes sobre la\u00a0durabilidad\u00a0de Curry en el largo plazo, aunque cada vez que logra estar sano demuestra que su impacto sigue siendo determinante para los Warriors y para la liga en general.<\/p>\n","protected":false},"excerpt":{"rendered":"<p>Stephen Curry\u00a0no estar\u00e1 disponible\u00a0para el partido del mi\u00e9rcoles ante los\u00a0San Antonio Spurs\u00a0ni tampoco participar\u00e1 en el pr\u00f3ximo Juego de las &#8230;<\/p>\n","protected":false},"author":2,"featured_media":211523,"comment_status":"closed","ping_status":"closed","sticky":false,"template":"","format":"standard","meta":{"footnotes":""},"categories":[28],"tags":[],"class_list":["post-211521","post","type-post","status-publish","format-standard","has-post-thumbnail","hentry","category-deportes"],"yoast_head":"<!-- This site is optimized with the Yoast SEO plugin v24.8.1 - https:\/\/yoast.com\/wordpress\/plugins\/seo\/ -->\n<title>Stephen Curry no jugar\u00e1 el pr\u00f3ximo Juego de Estrellas en Los \u00c1ngeles - PotenciaRadiofonicaDominicana.com<\/title>\n<meta name=\"robots\" content=\"index, follow, max-snippet:-1, max-image-preview:large, max-video-preview:-1\" \/>\n<link rel=\"canonical\" href=\"https:\/\/potenciaradiofonicadominicana.com\/portal\/stephen-curry-no-jugara-el-proximo-juego-de-estrellas-en-los-angeles\/\" \/>\n<meta property=\"og:locale\" content=\"es_ES\" \/>\n<meta property=\"og:type\" content=\"article\" \/>\n<meta property=\"og:title\" content=\"Stephen Curry no jugar\u00e1 el pr\u00f3ximo Juego de Estrellas en Los \u00c1ngeles - PotenciaRadiofonicaDominicana.com\" \/>\n<meta property=\"og:description\" content=\"Stephen Curry\u00a0no estar\u00e1 disponible\u00a0para el partido del mi\u00e9rcoles ante los\u00a0San Antonio Spurs\u00a0ni tampoco participar\u00e1 en el pr\u00f3ximo Juego de las ...\" \/>\n<meta property=\"og:url\" content=\"https:\/\/potenciaradiofonicadominicana.com\/portal\/stephen-curry-no-jugara-el-proximo-juego-de-estrellas-en-los-angeles\/\" \/>\n<meta property=\"og:site_name\" content=\"PotenciaRadiofonicaDominicana.com\" \/>\n<meta property=\"article:publisher\" content=\"https:\/\/web.facebook.com\/PotenciaRadiofonicaD\" \/>\n<meta property=\"article:published_time\" content=\"2026-02-11T02:13:26+00:00\" \/>\n<meta property=\"og:image\" content=\"https:\/\/potenciaradiofonicadominicana.com\/portal\/wp-content\/uploads\/2026\/02\/stephen-curry-no-jugara-el-proximo-juego-de-estrellas-8b3e8955-focus-min0.66-0.23-896-504.jpg\" \/>\n\t<meta property=\"og:image:width\" content=\"896\" \/>\n\t<meta property=\"og:image:height\" content=\"504\" \/>\n\t<meta property=\"og:image:type\" content=\"image\/jpeg\" \/>\n<meta name=\"author\" content=\"Potencia Radiof\u00f3nica Dominicana\" \/>\n<meta name=\"twitter:card\" content=\"summary_large_image\" \/>\n<meta name=\"twitter:label1\" content=\"Escrito por\" \/>\n\t<meta name=\"twitter:data1\" content=\"Potencia Radiof\u00f3nica Dominicana\" \/>\n\t<meta name=\"twitter:label2\" content=\"Tiempo de lectura\" \/>\n\t<meta name=\"twitter:data2\" content=\"3 minutos\" \/>\n<script type=\"application\/ld+json\" class=\"yoast-schema-graph\">{\"@context\":\"https:\/\/schema.org\",\"@graph\":[{\"@type\":\"Article\",\"@id\":\"https:\/\/potenciaradiofonicadominicana.com\/portal\/stephen-curry-no-jugara-el-proximo-juego-de-estrellas-en-los-angeles\/#article\",\"isPartOf\":{\"@id\":\"https:\/\/potenciaradiofonicadominicana.com\/portal\/stephen-curry-no-jugara-el-proximo-juego-de-estrellas-en-los-angeles\/\"},\"author\":{\"name\":\"Potencia Radiof\u00f3nica Dominicana\",\"@id\":\"https:\/\/potenciaradiofonicadominicana.com\/portal\/#\/schema\/person\/a5cf1fea13877803ee0573ac18b03490\"},\"headline\":\"Stephen Curry no jugar\u00e1 el pr\u00f3ximo Juego de Estrellas en Los \u00c1ngeles\",\"datePublished\":\"2026-02-11T02:13:26+00:00\",\"mainEntityOfPage\":{\"@id\":\"https:\/\/potenciaradiofonicadominicana.com\/portal\/stephen-curry-no-jugara-el-proximo-juego-de-estrellas-en-los-angeles\/\"},\"wordCount\":494,\"publisher\":{\"@id\":\"https:\/\/potenciaradiofonicadominicana.com\/portal\/#organization\"},\"image\":{\"@id\":\"https:\/\/potenciaradiofonicadominicana.com\/portal\/stephen-curry-no-jugara-el-proximo-juego-de-estrellas-en-los-angeles\/#primaryimage\"},\"thumbnailUrl\":\"https:\/\/potenciaradiofonicadominicana.com\/portal\/wp-content\/uploads\/2026\/02\/stephen-curry-no-jugara-el-proximo-juego-de-estrellas-8b3e8955-focus-min0.66-0.23-896-504.jpg\",\"articleSection\":[\"Deportes\"],\"inLanguage\":\"es\"},{\"@type\":\"WebPage\",\"@id\":\"https:\/\/potenciaradiofonicadominicana.com\/portal\/stephen-curry-no-jugara-el-proximo-juego-de-estrellas-en-los-angeles\/\",\"url\":\"https:\/\/potenciaradiofonicadominicana.com\/portal\/stephen-curry-no-jugara-el-proximo-juego-de-estrellas-en-los-angeles\/\",\"name\":\"Stephen Curry no jugar\u00e1 el pr\u00f3ximo Juego de Estrellas en Los \u00c1ngeles - PotenciaRadiofonicaDominicana.com\",\"isPartOf\":{\"@id\":\"https:\/\/potenciaradiofonicadominicana.com\/portal\/#website\"},\"primaryImageOfPage\":{\"@id\":\"https:\/\/potenciaradiofonicadominicana.com\/portal\/stephen-curry-no-jugara-el-proximo-juego-de-estrellas-en-los-angeles\/#primaryimage\"},\"image\":{\"@id\":\"https:\/\/potenciaradiofonicadominicana.com\/portal\/stephen-curry-no-jugara-el-proximo-juego-de-estrellas-en-los-angeles\/#primaryimage\"},\"thumbnailUrl\":\"https:\/\/potenciaradiofonicadominicana.com\/portal\/wp-content\/uploads\/2026\/02\/stephen-curry-no-jugara-el-proximo-juego-de-estrellas-8b3e8955-focus-min0.66-0.23-896-504.jpg\",\"datePublished\":\"2026-02-11T02:13:26+00:00\",\"breadcrumb\":{\"@id\":\"https:\/\/potenciaradiofonicadominicana.com\/portal\/stephen-curry-no-jugara-el-proximo-juego-de-estrellas-en-los-angeles\/#breadcrumb\"},\"inLanguage\":\"es\",\"potentialAction\":[{\"@type\":\"ReadAction\",\"target\":[\"https:\/\/potenciaradiofonicadominicana.com\/portal\/stephen-curry-no-jugara-el-proximo-juego-de-estrellas-en-los-angeles\/\"]}]},{\"@type\":\"ImageObject\",\"inLanguage\":\"es\",\"@id\":\"https:\/\/potenciaradiofonicadominicana.com\/portal\/stephen-curry-no-jugara-el-proximo-juego-de-estrellas-en-los-angeles\/#primaryimage\",\"url\":\"https:\/\/potenciaradiofonicadominicana.com\/portal\/wp-content\/uploads\/2026\/02\/stephen-curry-no-jugara-el-proximo-juego-de-estrellas-8b3e8955-focus-min0.66-0.23-896-504.jpg\",\"contentUrl\":\"https:\/\/potenciaradiofonicadominicana.com\/portal\/wp-content\/uploads\/2026\/02\/stephen-curry-no-jugara-el-proximo-juego-de-estrellas-8b3e8955-focus-min0.66-0.23-896-504.jpg\",\"width\":896,\"height\":504},{\"@type\":\"BreadcrumbList\",\"@id\":\"https:\/\/potenciaradiofonicadominicana.com\/portal\/stephen-curry-no-jugara-el-proximo-juego-de-estrellas-en-los-angeles\/#breadcrumb\",\"itemListElement\":[{\"@type\":\"ListItem\",\"position\":1,\"name\":\"Portada\",\"item\":\"https:\/\/potenciaradiofonicadominicana.com\/portal\/\"},{\"@type\":\"ListItem\",\"position\":2,\"name\":\"Stephen Curry no jugar\u00e1 el pr\u00f3ximo Juego de Estrellas en Los \u00c1ngeles\"}]},{\"@type\":\"WebSite\",\"@id\":\"https:\/\/potenciaradiofonicadominicana.com\/portal\/#website\",\"url\":\"https:\/\/potenciaradiofonicadominicana.com\/portal\/\",\"name\":\"PotenciaRadiofonicaDominicana.com\",\"description\":\"Peri\u00f3dico Digital\",\"publisher\":{\"@id\":\"https:\/\/potenciaradiofonicadominicana.com\/portal\/#organization\"},\"potentialAction\":[{\"@type\":\"SearchAction\",\"target\":{\"@type\":\"EntryPoint\",\"urlTemplate\":\"https:\/\/potenciaradiofonicadominicana.com\/portal\/?s={search_term_string}\"},\"query-input\":{\"@type\":\"PropertyValueSpecification\",\"valueRequired\":true,\"valueName\":\"search_term_string\"}}],\"inLanguage\":\"es\"},{\"@type\":\"Organization\",\"@id\":\"https:\/\/potenciaradiofonicadominicana.com\/portal\/#organization\",\"name\":\"PotenciaRadiofonicaDominicana.com\",\"url\":\"https:\/\/potenciaradiofonicadominicana.com\/portal\/\",\"logo\":{\"@type\":\"ImageObject\",\"inLanguage\":\"es\",\"@id\":\"https:\/\/potenciaradiofonicadominicana.com\/portal\/#\/schema\/logo\/image\/\",\"url\":\"https:\/\/potenciaradiofonicadominicana.com\/portal\/wp-content\/uploads\/2022\/01\/descarga.png\",\"contentUrl\":\"https:\/\/potenciaradiofonicadominicana.com\/portal\/wp-content\/uploads\/2022\/01\/descarga.png\",\"width\":300,\"height\":100,\"caption\":\"PotenciaRadiofonicaDominicana.com\"},\"image\":{\"@id\":\"https:\/\/potenciaradiofonicadominicana.com\/portal\/#\/schema\/logo\/image\/\"},\"sameAs\":[\"https:\/\/web.facebook.com\/PotenciaRadiofonicaD\"]},{\"@type\":\"Person\",\"@id\":\"https:\/\/potenciaradiofonicadominicana.com\/portal\/#\/schema\/person\/a5cf1fea13877803ee0573ac18b03490\",\"name\":\"Potencia Radiof\u00f3nica Dominicana\",\"image\":{\"@type\":\"ImageObject\",\"inLanguage\":\"es\",\"@id\":\"https:\/\/potenciaradiofonicadominicana.com\/portal\/#\/schema\/person\/image\/\",\"url\":\"https:\/\/secure.gravatar.com\/avatar\/42a55ab9e8ccc656ba34cd791990602a?s=96&d=mm&r=g\",\"contentUrl\":\"https:\/\/secure.gravatar.com\/avatar\/42a55ab9e8ccc656ba34cd791990602a?s=96&d=mm&r=g\",\"caption\":\"Potencia Radiof\u00f3nica Dominicana\"},\"url\":\"https:\/\/potenciaradiofonicadominicana.com\/portal\/author\/johannyalmanzar\/\"}]}<\/script>\n<!-- \/ Yoast SEO plugin. -->","yoast_head_json":{"title":"Stephen Curry no jugar\u00e1 el pr\u00f3ximo Juego de Estrellas en Los \u00c1ngeles - PotenciaRadiofonicaDominicana.com","robots":{"index":"index","follow":"follow","max-snippet":"max-snippet:-1","max-image-preview":"max-image-preview:large","max-video-preview":"max-video-preview:-1"},"canonical":"https:\/\/potenciaradiofonicadominicana.com\/portal\/stephen-curry-no-jugara-el-proximo-juego-de-estrellas-en-los-angeles\/","og_locale":"es_ES","og_type":"article","og_title":"Stephen Curry no jugar\u00e1 el pr\u00f3ximo Juego de Estrellas en Los \u00c1ngeles - PotenciaRadiofonicaDominicana.com","og_description":"Stephen Curry\u00a0no estar\u00e1 disponible\u00a0para el partido del mi\u00e9rcoles ante los\u00a0San Antonio Spurs\u00a0ni tampoco participar\u00e1 en el pr\u00f3ximo Juego de las ...","og_url":"https:\/\/potenciaradiofonicadominicana.com\/portal\/stephen-curry-no-jugara-el-proximo-juego-de-estrellas-en-los-angeles\/","og_site_name":"PotenciaRadiofonicaDominicana.com","article_publisher":"https:\/\/web.facebook.com\/PotenciaRadiofonicaD","article_published_time":"2026-02-11T02:13:26+00:00","og_image":[{"width":896,"height":504,"url":"https:\/\/potenciaradiofonicadominicana.com\/portal\/wp-content\/uploads\/2026\/02\/stephen-curry-no-jugara-el-proximo-juego-de-estrellas-8b3e8955-focus-min0.66-0.23-896-504.jpg","type":"image\/jpeg"}],"author":"Potencia Radiof\u00f3nica Dominicana","twitter_card":"summary_large_image","twitter_misc":{"Escrito por":"Potencia Radiof\u00f3nica Dominicana","Tiempo de lectura":"3 minutos"},"schema":{"@context":"https:\/\/schema.org","@graph":[{"@type":"Article","@id":"https:\/\/potenciaradiofonicadominicana.com\/portal\/stephen-curry-no-jugara-el-proximo-juego-de-estrellas-en-los-angeles\/#article","isPartOf":{"@id":"https:\/\/potenciaradiofonicadominicana.com\/portal\/stephen-curry-no-jugara-el-proximo-juego-de-estrellas-en-los-angeles\/"},"author":{"name":"Potencia Radiof\u00f3nica Dominicana","@id":"https:\/\/potenciaradiofonicadominicana.com\/portal\/#\/schema\/person\/a5cf1fea13877803ee0573ac18b03490"},"headline":"Stephen Curry no jugar\u00e1 el pr\u00f3ximo Juego de Estrellas en Los \u00c1ngeles","datePublished":"2026-02-11T02:13:26+00:00","mainEntityOfPage":{"@id":"https:\/\/potenciaradiofonicadominicana.com\/portal\/stephen-curry-no-jugara-el-proximo-juego-de-estrellas-en-los-angeles\/"},"wordCount":494,"publisher":{"@id":"https:\/\/potenciaradiofonicadominicana.com\/portal\/#organization"},"image":{"@id":"https:\/\/potenciaradiofonicadominicana.com\/portal\/stephen-curry-no-jugara-el-proximo-juego-de-estrellas-en-los-angeles\/#primaryimage"},"thumbnailUrl":"https:\/\/potenciaradiofonicadominicana.com\/portal\/wp-content\/uploads\/2026\/02\/stephen-curry-no-jugara-el-proximo-juego-de-estrellas-8b3e8955-focus-min0.66-0.23-896-504.jpg","articleSection":["Deportes"],"inLanguage":"es"},{"@type":"WebPage","@id":"https:\/\/potenciaradiofonicadominicana.com\/portal\/stephen-curry-no-jugara-el-proximo-juego-de-estrellas-en-los-angeles\/","url":"https:\/\/potenciaradiofonicadominicana.com\/portal\/stephen-curry-no-jugara-el-proximo-juego-de-estrellas-en-los-angeles\/","name":"Stephen Curry no jugar\u00e1 el pr\u00f3ximo Juego de Estrellas en Los \u00c1ngeles - PotenciaRadiofonicaDominicana.com","isPartOf":{"@id":"https:\/\/potenciaradiofonicadominicana.com\/portal\/#website"},"primaryImageOfPage":{"@id":"https:\/\/potenciaradiofonicadominicana.com\/portal\/stephen-curry-no-jugara-el-proximo-juego-de-estrellas-en-los-angeles\/#primaryimage"},"image":{"@id":"https:\/\/potenciaradiofonicadominicana.com\/portal\/stephen-curry-no-jugara-el-proximo-juego-de-estrellas-en-los-angeles\/#primaryimage"},"thumbnailUrl":"https:\/\/potenciaradiofonicadominicana.com\/portal\/wp-content\/uploads\/2026\/02\/stephen-curry-no-jugara-el-proximo-juego-de-estrellas-8b3e8955-focus-min0.66-0.23-896-504.jpg","datePublished":"2026-02-11T02:13:26+00:00","breadcrumb":{"@id":"https:\/\/potenciaradiofonicadominicana.com\/portal\/stephen-curry-no-jugara-el-proximo-juego-de-estrellas-en-los-angeles\/#breadcrumb"},"inLanguage":"es","potentialAction":[{"@type":"ReadAction","target":["https:\/\/potenciaradiofonicadominicana.com\/portal\/stephen-curry-no-jugara-el-proximo-juego-de-estrellas-en-los-angeles\/"]}]},{"@type":"ImageObject","inLanguage":"es","@id":"https:\/\/potenciaradiofonicadominicana.com\/portal\/stephen-curry-no-jugara-el-proximo-juego-de-estrellas-en-los-angeles\/#primaryimage","url":"https:\/\/potenciaradiofonicadominicana.com\/portal\/wp-content\/uploads\/2026\/02\/stephen-curry-no-jugara-el-proximo-juego-de-estrellas-8b3e8955-focus-min0.66-0.23-896-504.jpg","contentUrl":"https:\/\/potenciaradiofonicadominicana.com\/portal\/wp-content\/uploads\/2026\/02\/stephen-curry-no-jugara-el-proximo-juego-de-estrellas-8b3e8955-focus-min0.66-0.23-896-504.jpg","width":896,"height":504},{"@type":"BreadcrumbList","@id":"https:\/\/potenciaradiofonicadominicana.com\/portal\/stephen-curry-no-jugara-el-proximo-juego-de-estrellas-en-los-angeles\/#breadcrumb","itemListElement":[{"@type":"ListItem","position":1,"name":"Portada","item":"https:\/\/potenciaradiofonicadominicana.com\/portal\/"},{"@type":"ListItem","position":2,"name":"Stephen Curry no jugar\u00e1 el pr\u00f3ximo Juego de Estrellas en Los \u00c1ngeles"}]},{"@type":"WebSite","@id":"https:\/\/potenciaradiofonicadominicana.com\/portal\/#website","url":"https:\/\/potenciaradiofonicadominicana.com\/portal\/","name":"PotenciaRadiofonicaDominicana.com","description":"Peri\u00f3dico Digital","publisher":{"@id":"https:\/\/potenciaradiofonicadominicana.com\/portal\/#organization"},"potentialAction":[{"@type":"SearchAction","target":{"@type":"EntryPoint","urlTemplate":"https:\/\/potenciaradiofonicadominicana.com\/portal\/?s={search_term_string}"},"query-input":{"@type":"PropertyValueSpecification","valueRequired":true,"valueName":"search_term_string"}}],"inLanguage":"es"},{"@type":"Organization","@id":"https:\/\/potenciaradiofonicadominicana.com\/portal\/#organization","name":"PotenciaRadiofonicaDominicana.com","url":"https:\/\/potenciaradiofonicadominicana.com\/portal\/","logo":{"@type":"ImageObject","inLanguage":"es","@id":"https:\/\/potenciaradiofonicadominicana.com\/portal\/#\/schema\/logo\/image\/","url":"https:\/\/potenciaradiofonicadominicana.com\/portal\/wp-content\/uploads\/2022\/01\/descarga.png","contentUrl":"https:\/\/potenciaradiofonicadominicana.com\/portal\/wp-content\/uploads\/2022\/01\/descarga.png","width":300,"height":100,"caption":"PotenciaRadiofonicaDominicana.com"},"image":{"@id":"https:\/\/potenciaradiofonicadominicana.com\/portal\/#\/schema\/logo\/image\/"},"sameAs":["https:\/\/web.facebook.com\/PotenciaRadiofonicaD"]},{"@type":"Person","@id":"https:\/\/potenciaradiofonicadominicana.com\/portal\/#\/schema\/person\/a5cf1fea13877803ee0573ac18b03490","name":"Potencia Radiof\u00f3nica Dominicana","image":{"@type":"ImageObject","inLanguage":"es","@id":"https:\/\/potenciaradiofonicadominicana.com\/portal\/#\/schema\/person\/image\/","url":"https:\/\/secure.gravatar.com\/avatar\/42a55ab9e8ccc656ba34cd791990602a?s=96&d=mm&r=g","contentUrl":"https:\/\/secure.gravatar.com\/avatar\/42a55ab9e8ccc656ba34cd791990602a?s=96&d=mm&r=g","caption":"Potencia Radiof\u00f3nica Dominicana"},"url":"https:\/\/potenciaradiofonicadominicana.com\/portal\/author\/johannyalmanzar\/"}]}},"_links":{"self":[{"href":"https:\/\/potenciaradiofonicadominicana.com\/portal\/wp-json\/wp\/v2\/posts\/211521","targetHints":{"allow":["GET"]}}],"collection":[{"href":"https:\/\/potenciaradiofonicadominicana.com\/portal\/wp-json\/wp\/v2\/posts"}],"about":[{"href":"https:\/\/potenciaradiofonicadominicana.com\/portal\/wp-json\/wp\/v2\/types\/post"}],"author":[{"embeddable":true,"href":"https:\/\/potenciaradiofonicadominicana.com\/portal\/wp-json\/wp\/v2\/users\/2"}],"replies":[{"embeddable":true,"href":"https:\/\/potenciaradiofonicadominicana.com\/portal\/wp-json\/wp\/v2\/comments?post=211521"}],"version-history":[{"count":1,"href":"https:\/\/potenciaradiofonicadominicana.com\/portal\/wp-json\/wp\/v2\/posts\/211521\/revisions"}],"predecessor-version":[{"id":211527,"href":"https:\/\/potenciaradiofonicadominicana.com\/portal\/wp-json\/wp\/v2\/posts\/211521\/revisions\/211527"}],"wp:featuredmedia":[{"embeddable":true,"href":"https:\/\/potenciaradiofonicadominicana.com\/portal\/wp-json\/wp\/v2\/media\/211523"}],"wp:attachment":[{"href":"https:\/\/potenciaradiofonicadominicana.com\/portal\/wp-json\/wp\/v2\/media?parent=211521"}],"wp:term":[{"taxonomy":"category","embeddable":true,"href":"https:\/\/potenciaradiofonicadominicana.com\/portal\/wp-json\/wp\/v2\/categories?post=211521"},{"taxonomy":"post_tag","embeddable":true,"href":"https:\/\/potenciaradiofonicadominicana.com\/portal\/wp-json\/wp\/v2\/tags?post=211521"}],"curies":[{"name":"wp","href":"https:\/\/api.w.org\/{rel}","templated":true}]}}