{"id":211512,"date":"2026-02-10T22:11:28","date_gmt":"2026-02-11T02:11:28","guid":{"rendered":"https:\/\/potenciaradiofonicadominicana.com\/portal\/?p=211512"},"modified":"2026-02-10T22:11:28","modified_gmt":"2026-02-11T02:11:28","slug":"la-ciudad-de-seattle-mantendra-el-partido-del-orgullo-lgtbiq-pese-a-quejas-de-egipto-e-iran","status":"publish","type":"post","link":"https:\/\/potenciaradiofonicadominicana.com\/portal\/la-ciudad-de-seattle-mantendra-el-partido-del-orgullo-lgtbiq-pese-a-quejas-de-egipto-e-iran\/","title":{"rendered":"La ciudad de Seattle mantendr\u00e1 el \u00abPartido del Orgullo LGTBIQ\u00bb pese a quejas de Egipto e Ir\u00e1n"},"content":{"rendered":"<p><a href=\"https:\/\/potenciaradiofonicadominicana.com\/portal\/wp-content\/uploads\/2026\/02\/mundial-de-futbol-wisin-dice-que-himno-mundial-es-proyecto-de-paz-e30bdb5d-focus-0.01-min0.13-896-504.jpg\"><img loading=\"lazy\" decoding=\"async\" class=\"alignnone size-full wp-image-211515\" src=\"https:\/\/potenciaradiofonicadominicana.com\/portal\/wp-content\/uploads\/2026\/02\/mundial-de-futbol-wisin-dice-que-himno-mundial-es-proyecto-de-paz-e30bdb5d-focus-0.01-min0.13-896-504.jpg\" alt=\"\" width=\"896\" height=\"504\" srcset=\"https:\/\/potenciaradiofonicadominicana.com\/portal\/wp-content\/uploads\/2026\/02\/mundial-de-futbol-wisin-dice-que-himno-mundial-es-proyecto-de-paz-e30bdb5d-focus-0.01-min0.13-896-504.jpg 896w, https:\/\/potenciaradiofonicadominicana.com\/portal\/wp-content\/uploads\/2026\/02\/mundial-de-futbol-wisin-dice-que-himno-mundial-es-proyecto-de-paz-e30bdb5d-focus-0.01-min0.13-896-504-300x169.jpg 300w, https:\/\/potenciaradiofonicadominicana.com\/portal\/wp-content\/uploads\/2026\/02\/mundial-de-futbol-wisin-dice-que-himno-mundial-es-proyecto-de-paz-e30bdb5d-focus-0.01-min0.13-896-504-768x432.jpg 768w\" sizes=\"auto, (max-width: 896px) 100vw, 896px\" \/><\/a><\/p>\n<p>La alcaldesa de\u00a0Seattle,\u00a0Katie Wilson, insisti\u00f3 este martes en que la ciudad estadounidense\u00a0mantendr\u00e1 intactas\u00a0las celebraciones del &#8216;Partido del\u00a0Orgullo\u00a0LGTBIQ&#8217; del\u00a0Mundial\u00a0de F\u00fatbol que disputan\u00a0Ir\u00e1n\u00a0y Egipto el\u00a026 de junio\u00a0pese a que ambos pa\u00edses han protestado oficialmente la iniciativa ante la\u00a0FIFA.<\/p>\n<p>\u00abEl orgullo es muy importante aqu\u00ed en\u00a0Seattle. Somos anfitriones de una de las\u00a0celebraciones del Orgullo\u00a0m\u00e1s grandes de Estados Unidos. Estamos muy orgullosos de ello y nos entusiasma tener un\u00a0partido el fin de semana\u00a0del\u00a0Orgullo.<\/p>\n<p>Vamos a celebrarlo por todo lo alto y creo que nuestros residentes lo esperan con muchas ganas. Ojal\u00e1 los aficionados tambi\u00e9n lo disfruten\u00bb, dijo\u00a0Wilson\u00a0en una\u00a0comparecencia en l\u00ednea\u00a0con\u00a0medios.<\/p>\n<p>Adem\u00e1s de condenar p\u00fablicamente la campa\u00f1a aprobada por\u00a0Seattle, representantes de las federaciones de\u00a0Ir\u00e1n\u00a0-que puede llegar a castigar la homosexualidad con la\u00a0pena de muerte- y Egipto -que la pena con c\u00e1rcel- han enviado\u00a0cartas formales\u00a0de protesta al \u00f3rgano rector del f\u00fatbol.<\/p>\n<p>\u00abNo hay problema del que tenga constancia\u00bb, asegur\u00f3 la\u00a0regidora\u00a0al ser preguntada sobre si la\u00a0FIFA\u00a0ha planteado alguna objeci\u00f3n al partido del\u00a0Orgullo.<\/p>\n<p>Egipto e\u00a0Ir\u00e1n, ambos enmarcados en el\u00a0grupo G\u00a0del\u00a0Mundial\u00a02026, se enfrentar\u00e1n el viernes\u00a026 de junio\u00a0en el\u00a0Lumen Field\u00a0de\u00a0Seattle\u00a0a las 20:00 hora local .<\/p>\n<p>Para que coincidiera con las\u00a0celebraciones del Orgullo\u00a0LGBTBI que tienen lugar en la ciudad ese fin de semana, el\u00a0comit\u00e9 organizador\u00a0de\u00a0Seattle\u00a0program\u00f3 el partido\u00a0del\u00a0Orgullo\u00a0con antelaci\u00f3n y sin conocer cu\u00e1les selecciones lo disputar\u00edan.<\/p>\n<p>Egipto e\u00a0Ir\u00e1n, ambos enmarcados en el\u00a0grupo G\u00a0del\u00a0Mundial\u00a02026, se enfrentar\u00e1n el viernes\u00a026 de junio\u00a0en el\u00a0Lumen Field\u00a0de\u00a0Seattle\u00a0a las 20:00 hora local .<\/p>\n<p>Para que coincidiera con las\u00a0celebraciones del Orgullo\u00a0LGBTBI que tienen lugar en la ciudad ese fin de semana, el\u00a0comit\u00e9 organizador\u00a0de\u00a0Seattle\u00a0program\u00f3 el partido\u00a0del\u00a0Orgullo\u00a0con antelaci\u00f3n y sin conocer cu\u00e1les selecciones lo disputar\u00edan.<\/p>\n","protected":false},"excerpt":{"rendered":"<p>La alcaldesa de\u00a0Seattle,\u00a0Katie Wilson, insisti\u00f3 este martes en que la ciudad estadounidense\u00a0mantendr\u00e1 intactas\u00a0las celebraciones del &#8216;Partido del\u00a0Orgullo\u00a0LGTBIQ&#8217; del\u00a0Mundial\u00a0de F\u00fatbol que &#8230;<\/p>\n","protected":false},"author":2,"featured_media":211515,"comment_status":"closed","ping_status":"closed","sticky":false,"template":"","format":"standard","meta":{"footnotes":""},"categories":[28],"tags":[],"class_list":["post-211512","post","type-post","status-publish","format-standard","has-post-thumbnail","hentry","category-deportes"],"yoast_head":"<!-- This site is optimized with the Yoast SEO plugin v24.8.1 - https:\/\/yoast.com\/wordpress\/plugins\/seo\/ -->\n<title>La ciudad de Seattle mantendr\u00e1 el &quot;Partido del Orgullo LGTBIQ&quot; pese a quejas de Egipto e Ir\u00e1n - PotenciaRadiofonicaDominicana.com<\/title>\n<meta name=\"robots\" content=\"index, follow, max-snippet:-1, max-image-preview:large, max-video-preview:-1\" \/>\n<link rel=\"canonical\" href=\"https:\/\/potenciaradiofonicadominicana.com\/portal\/la-ciudad-de-seattle-mantendra-el-partido-del-orgullo-lgtbiq-pese-a-quejas-de-egipto-e-iran\/\" \/>\n<meta property=\"og:locale\" content=\"es_ES\" \/>\n<meta property=\"og:type\" content=\"article\" \/>\n<meta property=\"og:title\" content=\"La ciudad de Seattle mantendr\u00e1 el &quot;Partido del Orgullo LGTBIQ&quot; pese a quejas de Egipto e Ir\u00e1n - PotenciaRadiofonicaDominicana.com\" \/>\n<meta property=\"og:description\" content=\"La alcaldesa de\u00a0Seattle,\u00a0Katie Wilson, insisti\u00f3 este martes en que la ciudad estadounidense\u00a0mantendr\u00e1 intactas\u00a0las celebraciones del &#8216;Partido del\u00a0Orgullo\u00a0LGTBIQ&#8217; del\u00a0Mundial\u00a0de F\u00fatbol que ...\" \/>\n<meta property=\"og:url\" content=\"https:\/\/potenciaradiofonicadominicana.com\/portal\/la-ciudad-de-seattle-mantendra-el-partido-del-orgullo-lgtbiq-pese-a-quejas-de-egipto-e-iran\/\" \/>\n<meta property=\"og:site_name\" content=\"PotenciaRadiofonicaDominicana.com\" \/>\n<meta property=\"article:publisher\" content=\"https:\/\/web.facebook.com\/PotenciaRadiofonicaD\" \/>\n<meta property=\"article:published_time\" content=\"2026-02-11T02:11:28+00:00\" \/>\n<meta property=\"og:image\" content=\"https:\/\/potenciaradiofonicadominicana.com\/portal\/wp-content\/uploads\/2026\/02\/mundial-de-futbol-wisin-dice-que-himno-mundial-es-proyecto-de-paz-e30bdb5d-focus-0.01-min0.13-896-504.jpg\" \/>\n\t<meta property=\"og:image:width\" content=\"896\" \/>\n\t<meta property=\"og:image:height\" content=\"504\" \/>\n\t<meta property=\"og:image:type\" content=\"image\/jpeg\" \/>\n<meta name=\"author\" content=\"Potencia Radiof\u00f3nica Dominicana\" \/>\n<meta name=\"twitter:card\" content=\"summary_large_image\" \/>\n<meta name=\"twitter:label1\" content=\"Escrito por\" \/>\n\t<meta name=\"twitter:data1\" content=\"Potencia Radiof\u00f3nica Dominicana\" \/>\n\t<meta name=\"twitter:label2\" content=\"Tiempo de lectura\" \/>\n\t<meta name=\"twitter:data2\" content=\"2 minutos\" \/>\n<script type=\"application\/ld+json\" class=\"yoast-schema-graph\">{\"@context\":\"https:\/\/schema.org\",\"@graph\":[{\"@type\":\"Article\",\"@id\":\"https:\/\/potenciaradiofonicadominicana.com\/portal\/la-ciudad-de-seattle-mantendra-el-partido-del-orgullo-lgtbiq-pese-a-quejas-de-egipto-e-iran\/#article\",\"isPartOf\":{\"@id\":\"https:\/\/potenciaradiofonicadominicana.com\/portal\/la-ciudad-de-seattle-mantendra-el-partido-del-orgullo-lgtbiq-pese-a-quejas-de-egipto-e-iran\/\"},\"author\":{\"name\":\"Potencia Radiof\u00f3nica Dominicana\",\"@id\":\"https:\/\/potenciaradiofonicadominicana.com\/portal\/#\/schema\/person\/a5cf1fea13877803ee0573ac18b03490\"},\"headline\":\"La ciudad de Seattle mantendr\u00e1 el \u00abPartido del Orgullo LGTBIQ\u00bb pese a quejas de Egipto e Ir\u00e1n\",\"datePublished\":\"2026-02-11T02:11:28+00:00\",\"mainEntityOfPage\":{\"@id\":\"https:\/\/potenciaradiofonicadominicana.com\/portal\/la-ciudad-de-seattle-mantendra-el-partido-del-orgullo-lgtbiq-pese-a-quejas-de-egipto-e-iran\/\"},\"wordCount\":360,\"publisher\":{\"@id\":\"https:\/\/potenciaradiofonicadominicana.com\/portal\/#organization\"},\"image\":{\"@id\":\"https:\/\/potenciaradiofonicadominicana.com\/portal\/la-ciudad-de-seattle-mantendra-el-partido-del-orgullo-lgtbiq-pese-a-quejas-de-egipto-e-iran\/#primaryimage\"},\"thumbnailUrl\":\"https:\/\/potenciaradiofonicadominicana.com\/portal\/wp-content\/uploads\/2026\/02\/mundial-de-futbol-wisin-dice-que-himno-mundial-es-proyecto-de-paz-e30bdb5d-focus-0.01-min0.13-896-504.jpg\",\"articleSection\":[\"Deportes\"],\"inLanguage\":\"es\"},{\"@type\":\"WebPage\",\"@id\":\"https:\/\/potenciaradiofonicadominicana.com\/portal\/la-ciudad-de-seattle-mantendra-el-partido-del-orgullo-lgtbiq-pese-a-quejas-de-egipto-e-iran\/\",\"url\":\"https:\/\/potenciaradiofonicadominicana.com\/portal\/la-ciudad-de-seattle-mantendra-el-partido-del-orgullo-lgtbiq-pese-a-quejas-de-egipto-e-iran\/\",\"name\":\"La ciudad de Seattle mantendr\u00e1 el \\\"Partido del Orgullo LGTBIQ\\\" pese a quejas de Egipto e Ir\u00e1n - PotenciaRadiofonicaDominicana.com\",\"isPartOf\":{\"@id\":\"https:\/\/potenciaradiofonicadominicana.com\/portal\/#website\"},\"primaryImageOfPage\":{\"@id\":\"https:\/\/potenciaradiofonicadominicana.com\/portal\/la-ciudad-de-seattle-mantendra-el-partido-del-orgullo-lgtbiq-pese-a-quejas-de-egipto-e-iran\/#primaryimage\"},\"image\":{\"@id\":\"https:\/\/potenciaradiofonicadominicana.com\/portal\/la-ciudad-de-seattle-mantendra-el-partido-del-orgullo-lgtbiq-pese-a-quejas-de-egipto-e-iran\/#primaryimage\"},\"thumbnailUrl\":\"https:\/\/potenciaradiofonicadominicana.com\/portal\/wp-content\/uploads\/2026\/02\/mundial-de-futbol-wisin-dice-que-himno-mundial-es-proyecto-de-paz-e30bdb5d-focus-0.01-min0.13-896-504.jpg\",\"datePublished\":\"2026-02-11T02:11:28+00:00\",\"breadcrumb\":{\"@id\":\"https:\/\/potenciaradiofonicadominicana.com\/portal\/la-ciudad-de-seattle-mantendra-el-partido-del-orgullo-lgtbiq-pese-a-quejas-de-egipto-e-iran\/#breadcrumb\"},\"inLanguage\":\"es\",\"potentialAction\":[{\"@type\":\"ReadAction\",\"target\":[\"https:\/\/potenciaradiofonicadominicana.com\/portal\/la-ciudad-de-seattle-mantendra-el-partido-del-orgullo-lgtbiq-pese-a-quejas-de-egipto-e-iran\/\"]}]},{\"@type\":\"ImageObject\",\"inLanguage\":\"es\",\"@id\":\"https:\/\/potenciaradiofonicadominicana.com\/portal\/la-ciudad-de-seattle-mantendra-el-partido-del-orgullo-lgtbiq-pese-a-quejas-de-egipto-e-iran\/#primaryimage\",\"url\":\"https:\/\/potenciaradiofonicadominicana.com\/portal\/wp-content\/uploads\/2026\/02\/mundial-de-futbol-wisin-dice-que-himno-mundial-es-proyecto-de-paz-e30bdb5d-focus-0.01-min0.13-896-504.jpg\",\"contentUrl\":\"https:\/\/potenciaradiofonicadominicana.com\/portal\/wp-content\/uploads\/2026\/02\/mundial-de-futbol-wisin-dice-que-himno-mundial-es-proyecto-de-paz-e30bdb5d-focus-0.01-min0.13-896-504.jpg\",\"width\":896,\"height\":504},{\"@type\":\"BreadcrumbList\",\"@id\":\"https:\/\/potenciaradiofonicadominicana.com\/portal\/la-ciudad-de-seattle-mantendra-el-partido-del-orgullo-lgtbiq-pese-a-quejas-de-egipto-e-iran\/#breadcrumb\",\"itemListElement\":[{\"@type\":\"ListItem\",\"position\":1,\"name\":\"Portada\",\"item\":\"https:\/\/potenciaradiofonicadominicana.com\/portal\/\"},{\"@type\":\"ListItem\",\"position\":2,\"name\":\"La ciudad de Seattle mantendr\u00e1 el \u00abPartido del Orgullo LGTBIQ\u00bb pese a quejas de Egipto e Ir\u00e1n\"}]},{\"@type\":\"WebSite\",\"@id\":\"https:\/\/potenciaradiofonicadominicana.com\/portal\/#website\",\"url\":\"https:\/\/potenciaradiofonicadominicana.com\/portal\/\",\"name\":\"PotenciaRadiofonicaDominicana.com\",\"description\":\"Peri\u00f3dico Digital\",\"publisher\":{\"@id\":\"https:\/\/potenciaradiofonicadominicana.com\/portal\/#organization\"},\"potentialAction\":[{\"@type\":\"SearchAction\",\"target\":{\"@type\":\"EntryPoint\",\"urlTemplate\":\"https:\/\/potenciaradiofonicadominicana.com\/portal\/?s={search_term_string}\"},\"query-input\":{\"@type\":\"PropertyValueSpecification\",\"valueRequired\":true,\"valueName\":\"search_term_string\"}}],\"inLanguage\":\"es\"},{\"@type\":\"Organization\",\"@id\":\"https:\/\/potenciaradiofonicadominicana.com\/portal\/#organization\",\"name\":\"PotenciaRadiofonicaDominicana.com\",\"url\":\"https:\/\/potenciaradiofonicadominicana.com\/portal\/\",\"logo\":{\"@type\":\"ImageObject\",\"inLanguage\":\"es\",\"@id\":\"https:\/\/potenciaradiofonicadominicana.com\/portal\/#\/schema\/logo\/image\/\",\"url\":\"https:\/\/potenciaradiofonicadominicana.com\/portal\/wp-content\/uploads\/2022\/01\/descarga.png\",\"contentUrl\":\"https:\/\/potenciaradiofonicadominicana.com\/portal\/wp-content\/uploads\/2022\/01\/descarga.png\",\"width\":300,\"height\":100,\"caption\":\"PotenciaRadiofonicaDominicana.com\"},\"image\":{\"@id\":\"https:\/\/potenciaradiofonicadominicana.com\/portal\/#\/schema\/logo\/image\/\"},\"sameAs\":[\"https:\/\/web.facebook.com\/PotenciaRadiofonicaD\"]},{\"@type\":\"Person\",\"@id\":\"https:\/\/potenciaradiofonicadominicana.com\/portal\/#\/schema\/person\/a5cf1fea13877803ee0573ac18b03490\",\"name\":\"Potencia Radiof\u00f3nica Dominicana\",\"image\":{\"@type\":\"ImageObject\",\"inLanguage\":\"es\",\"@id\":\"https:\/\/potenciaradiofonicadominicana.com\/portal\/#\/schema\/person\/image\/\",\"url\":\"https:\/\/secure.gravatar.com\/avatar\/42a55ab9e8ccc656ba34cd791990602a?s=96&d=mm&r=g\",\"contentUrl\":\"https:\/\/secure.gravatar.com\/avatar\/42a55ab9e8ccc656ba34cd791990602a?s=96&d=mm&r=g\",\"caption\":\"Potencia Radiof\u00f3nica Dominicana\"},\"url\":\"https:\/\/potenciaradiofonicadominicana.com\/portal\/author\/johannyalmanzar\/\"}]}<\/script>\n<!-- \/ Yoast SEO plugin. -->","yoast_head_json":{"title":"La ciudad de Seattle mantendr\u00e1 el \"Partido del Orgullo LGTBIQ\" pese a quejas de Egipto e Ir\u00e1n - PotenciaRadiofonicaDominicana.com","robots":{"index":"index","follow":"follow","max-snippet":"max-snippet:-1","max-image-preview":"max-image-preview:large","max-video-preview":"max-video-preview:-1"},"canonical":"https:\/\/potenciaradiofonicadominicana.com\/portal\/la-ciudad-de-seattle-mantendra-el-partido-del-orgullo-lgtbiq-pese-a-quejas-de-egipto-e-iran\/","og_locale":"es_ES","og_type":"article","og_title":"La ciudad de Seattle mantendr\u00e1 el \"Partido del Orgullo LGTBIQ\" pese a quejas de Egipto e Ir\u00e1n - PotenciaRadiofonicaDominicana.com","og_description":"La alcaldesa de\u00a0Seattle,\u00a0Katie Wilson, insisti\u00f3 este martes en que la ciudad estadounidense\u00a0mantendr\u00e1 intactas\u00a0las celebraciones del &#8216;Partido del\u00a0Orgullo\u00a0LGTBIQ&#8217; del\u00a0Mundial\u00a0de F\u00fatbol que ...","og_url":"https:\/\/potenciaradiofonicadominicana.com\/portal\/la-ciudad-de-seattle-mantendra-el-partido-del-orgullo-lgtbiq-pese-a-quejas-de-egipto-e-iran\/","og_site_name":"PotenciaRadiofonicaDominicana.com","article_publisher":"https:\/\/web.facebook.com\/PotenciaRadiofonicaD","article_published_time":"2026-02-11T02:11:28+00:00","og_image":[{"width":896,"height":504,"url":"https:\/\/potenciaradiofonicadominicana.com\/portal\/wp-content\/uploads\/2026\/02\/mundial-de-futbol-wisin-dice-que-himno-mundial-es-proyecto-de-paz-e30bdb5d-focus-0.01-min0.13-896-504.jpg","type":"image\/jpeg"}],"author":"Potencia Radiof\u00f3nica Dominicana","twitter_card":"summary_large_image","twitter_misc":{"Escrito por":"Potencia Radiof\u00f3nica Dominicana","Tiempo de lectura":"2 minutos"},"schema":{"@context":"https:\/\/schema.org","@graph":[{"@type":"Article","@id":"https:\/\/potenciaradiofonicadominicana.com\/portal\/la-ciudad-de-seattle-mantendra-el-partido-del-orgullo-lgtbiq-pese-a-quejas-de-egipto-e-iran\/#article","isPartOf":{"@id":"https:\/\/potenciaradiofonicadominicana.com\/portal\/la-ciudad-de-seattle-mantendra-el-partido-del-orgullo-lgtbiq-pese-a-quejas-de-egipto-e-iran\/"},"author":{"name":"Potencia Radiof\u00f3nica Dominicana","@id":"https:\/\/potenciaradiofonicadominicana.com\/portal\/#\/schema\/person\/a5cf1fea13877803ee0573ac18b03490"},"headline":"La ciudad de Seattle mantendr\u00e1 el \u00abPartido del Orgullo LGTBIQ\u00bb pese a quejas de Egipto e Ir\u00e1n","datePublished":"2026-02-11T02:11:28+00:00","mainEntityOfPage":{"@id":"https:\/\/potenciaradiofonicadominicana.com\/portal\/la-ciudad-de-seattle-mantendra-el-partido-del-orgullo-lgtbiq-pese-a-quejas-de-egipto-e-iran\/"},"wordCount":360,"publisher":{"@id":"https:\/\/potenciaradiofonicadominicana.com\/portal\/#organization"},"image":{"@id":"https:\/\/potenciaradiofonicadominicana.com\/portal\/la-ciudad-de-seattle-mantendra-el-partido-del-orgullo-lgtbiq-pese-a-quejas-de-egipto-e-iran\/#primaryimage"},"thumbnailUrl":"https:\/\/potenciaradiofonicadominicana.com\/portal\/wp-content\/uploads\/2026\/02\/mundial-de-futbol-wisin-dice-que-himno-mundial-es-proyecto-de-paz-e30bdb5d-focus-0.01-min0.13-896-504.jpg","articleSection":["Deportes"],"inLanguage":"es"},{"@type":"WebPage","@id":"https:\/\/potenciaradiofonicadominicana.com\/portal\/la-ciudad-de-seattle-mantendra-el-partido-del-orgullo-lgtbiq-pese-a-quejas-de-egipto-e-iran\/","url":"https:\/\/potenciaradiofonicadominicana.com\/portal\/la-ciudad-de-seattle-mantendra-el-partido-del-orgullo-lgtbiq-pese-a-quejas-de-egipto-e-iran\/","name":"La ciudad de Seattle mantendr\u00e1 el \"Partido del Orgullo LGTBIQ\" pese a quejas de Egipto e Ir\u00e1n - PotenciaRadiofonicaDominicana.com","isPartOf":{"@id":"https:\/\/potenciaradiofonicadominicana.com\/portal\/#website"},"primaryImageOfPage":{"@id":"https:\/\/potenciaradiofonicadominicana.com\/portal\/la-ciudad-de-seattle-mantendra-el-partido-del-orgullo-lgtbiq-pese-a-quejas-de-egipto-e-iran\/#primaryimage"},"image":{"@id":"https:\/\/potenciaradiofonicadominicana.com\/portal\/la-ciudad-de-seattle-mantendra-el-partido-del-orgullo-lgtbiq-pese-a-quejas-de-egipto-e-iran\/#primaryimage"},"thumbnailUrl":"https:\/\/potenciaradiofonicadominicana.com\/portal\/wp-content\/uploads\/2026\/02\/mundial-de-futbol-wisin-dice-que-himno-mundial-es-proyecto-de-paz-e30bdb5d-focus-0.01-min0.13-896-504.jpg","datePublished":"2026-02-11T02:11:28+00:00","breadcrumb":{"@id":"https:\/\/potenciaradiofonicadominicana.com\/portal\/la-ciudad-de-seattle-mantendra-el-partido-del-orgullo-lgtbiq-pese-a-quejas-de-egipto-e-iran\/#breadcrumb"},"inLanguage":"es","potentialAction":[{"@type":"ReadAction","target":["https:\/\/potenciaradiofonicadominicana.com\/portal\/la-ciudad-de-seattle-mantendra-el-partido-del-orgullo-lgtbiq-pese-a-quejas-de-egipto-e-iran\/"]}]},{"@type":"ImageObject","inLanguage":"es","@id":"https:\/\/potenciaradiofonicadominicana.com\/portal\/la-ciudad-de-seattle-mantendra-el-partido-del-orgullo-lgtbiq-pese-a-quejas-de-egipto-e-iran\/#primaryimage","url":"https:\/\/potenciaradiofonicadominicana.com\/portal\/wp-content\/uploads\/2026\/02\/mundial-de-futbol-wisin-dice-que-himno-mundial-es-proyecto-de-paz-e30bdb5d-focus-0.01-min0.13-896-504.jpg","contentUrl":"https:\/\/potenciaradiofonicadominicana.com\/portal\/wp-content\/uploads\/2026\/02\/mundial-de-futbol-wisin-dice-que-himno-mundial-es-proyecto-de-paz-e30bdb5d-focus-0.01-min0.13-896-504.jpg","width":896,"height":504},{"@type":"BreadcrumbList","@id":"https:\/\/potenciaradiofonicadominicana.com\/portal\/la-ciudad-de-seattle-mantendra-el-partido-del-orgullo-lgtbiq-pese-a-quejas-de-egipto-e-iran\/#breadcrumb","itemListElement":[{"@type":"ListItem","position":1,"name":"Portada","item":"https:\/\/potenciaradiofonicadominicana.com\/portal\/"},{"@type":"ListItem","position":2,"name":"La ciudad de Seattle mantendr\u00e1 el \u00abPartido del Orgullo LGTBIQ\u00bb pese a quejas de Egipto e Ir\u00e1n"}]},{"@type":"WebSite","@id":"https:\/\/potenciaradiofonicadominicana.com\/portal\/#website","url":"https:\/\/potenciaradiofonicadominicana.com\/portal\/","name":"PotenciaRadiofonicaDominicana.com","description":"Peri\u00f3dico Digital","publisher":{"@id":"https:\/\/potenciaradiofonicadominicana.com\/portal\/#organization"},"potentialAction":[{"@type":"SearchAction","target":{"@type":"EntryPoint","urlTemplate":"https:\/\/potenciaradiofonicadominicana.com\/portal\/?s={search_term_string}"},"query-input":{"@type":"PropertyValueSpecification","valueRequired":true,"valueName":"search_term_string"}}],"inLanguage":"es"},{"@type":"Organization","@id":"https:\/\/potenciaradiofonicadominicana.com\/portal\/#organization","name":"PotenciaRadiofonicaDominicana.com","url":"https:\/\/potenciaradiofonicadominicana.com\/portal\/","logo":{"@type":"ImageObject","inLanguage":"es","@id":"https:\/\/potenciaradiofonicadominicana.com\/portal\/#\/schema\/logo\/image\/","url":"https:\/\/potenciaradiofonicadominicana.com\/portal\/wp-content\/uploads\/2022\/01\/descarga.png","contentUrl":"https:\/\/potenciaradiofonicadominicana.com\/portal\/wp-content\/uploads\/2022\/01\/descarga.png","width":300,"height":100,"caption":"PotenciaRadiofonicaDominicana.com"},"image":{"@id":"https:\/\/potenciaradiofonicadominicana.com\/portal\/#\/schema\/logo\/image\/"},"sameAs":["https:\/\/web.facebook.com\/PotenciaRadiofonicaD"]},{"@type":"Person","@id":"https:\/\/potenciaradiofonicadominicana.com\/portal\/#\/schema\/person\/a5cf1fea13877803ee0573ac18b03490","name":"Potencia Radiof\u00f3nica Dominicana","image":{"@type":"ImageObject","inLanguage":"es","@id":"https:\/\/potenciaradiofonicadominicana.com\/portal\/#\/schema\/person\/image\/","url":"https:\/\/secure.gravatar.com\/avatar\/42a55ab9e8ccc656ba34cd791990602a?s=96&d=mm&r=g","contentUrl":"https:\/\/secure.gravatar.com\/avatar\/42a55ab9e8ccc656ba34cd791990602a?s=96&d=mm&r=g","caption":"Potencia Radiof\u00f3nica Dominicana"},"url":"https:\/\/potenciaradiofonicadominicana.com\/portal\/author\/johannyalmanzar\/"}]}},"_links":{"self":[{"href":"https:\/\/potenciaradiofonicadominicana.com\/portal\/wp-json\/wp\/v2\/posts\/211512","targetHints":{"allow":["GET"]}}],"collection":[{"href":"https:\/\/potenciaradiofonicadominicana.com\/portal\/wp-json\/wp\/v2\/posts"}],"about":[{"href":"https:\/\/potenciaradiofonicadominicana.com\/portal\/wp-json\/wp\/v2\/types\/post"}],"author":[{"embeddable":true,"href":"https:\/\/potenciaradiofonicadominicana.com\/portal\/wp-json\/wp\/v2\/users\/2"}],"replies":[{"embeddable":true,"href":"https:\/\/potenciaradiofonicadominicana.com\/portal\/wp-json\/wp\/v2\/comments?post=211512"}],"version-history":[{"count":1,"href":"https:\/\/potenciaradiofonicadominicana.com\/portal\/wp-json\/wp\/v2\/posts\/211512\/revisions"}],"predecessor-version":[{"id":211520,"href":"https:\/\/potenciaradiofonicadominicana.com\/portal\/wp-json\/wp\/v2\/posts\/211512\/revisions\/211520"}],"wp:featuredmedia":[{"embeddable":true,"href":"https:\/\/potenciaradiofonicadominicana.com\/portal\/wp-json\/wp\/v2\/media\/211515"}],"wp:attachment":[{"href":"https:\/\/potenciaradiofonicadominicana.com\/portal\/wp-json\/wp\/v2\/media?parent=211512"}],"wp:term":[{"taxonomy":"category","embeddable":true,"href":"https:\/\/potenciaradiofonicadominicana.com\/portal\/wp-json\/wp\/v2\/categories?post=211512"},{"taxonomy":"post_tag","embeddable":true,"href":"https:\/\/potenciaradiofonicadominicana.com\/portal\/wp-json\/wp\/v2\/tags?post=211512"}],"curies":[{"name":"wp","href":"https:\/\/api.w.org\/{rel}","templated":true}]}}