{"id":211504,"date":"2026-02-10T22:04:29","date_gmt":"2026-02-11T02:04:29","guid":{"rendered":"https:\/\/potenciaradiofonicadominicana.com\/portal\/?p=211504"},"modified":"2026-02-10T22:04:29","modified_gmt":"2026-02-11T02:04:29","slug":"justin-verlander-firma-contrato-como-agente-libre-con-los-tigres","status":"publish","type":"post","link":"https:\/\/potenciaradiofonicadominicana.com\/portal\/justin-verlander-firma-contrato-como-agente-libre-con-los-tigres\/","title":{"rendered":"Justin Verlander firma contrato como agente libre con los Tigres"},"content":{"rendered":"<p><a href=\"https:\/\/potenciaradiofonicadominicana.com\/portal\/wp-content\/uploads\/2026\/02\/mlb-justin-verlander-firma-contrato-como-agente-libre-con-detroit-f2094bd7-focus-0.07-0.6-896-504.jpg\"><img loading=\"lazy\" decoding=\"async\" class=\"alignnone size-full wp-image-211505\" src=\"https:\/\/potenciaradiofonicadominicana.com\/portal\/wp-content\/uploads\/2026\/02\/mlb-justin-verlander-firma-contrato-como-agente-libre-con-detroit-f2094bd7-focus-0.07-0.6-896-504.jpg\" alt=\"\" width=\"896\" height=\"504\" srcset=\"https:\/\/potenciaradiofonicadominicana.com\/portal\/wp-content\/uploads\/2026\/02\/mlb-justin-verlander-firma-contrato-como-agente-libre-con-detroit-f2094bd7-focus-0.07-0.6-896-504.jpg 896w, https:\/\/potenciaradiofonicadominicana.com\/portal\/wp-content\/uploads\/2026\/02\/mlb-justin-verlander-firma-contrato-como-agente-libre-con-detroit-f2094bd7-focus-0.07-0.6-896-504-300x169.jpg 300w, https:\/\/potenciaradiofonicadominicana.com\/portal\/wp-content\/uploads\/2026\/02\/mlb-justin-verlander-firma-contrato-como-agente-libre-con-detroit-f2094bd7-focus-0.07-0.6-896-504-768x432.jpg 768w\" sizes=\"auto, (max-width: 896px) 100vw, 896px\" \/><\/a><\/p>\n<p>Justin Verlander\u00a0est\u00e1 de vuelta donde todo comenz\u00f3. El legendario lanzador derecho, que cumplir\u00e1 43 a\u00f1os el 20 de febrero, acord\u00f3 un contrato de\u00a0un a\u00f1o y 13 millones de d\u00f3lares\u00a0(11 millones diferidos) con los\u00a0Tigres\u00a0este martes.<\/p>\n<p>Entra en su\u00a0temporada n\u00famero 21 en Grandes Ligas\u00a0y es considerado uno de los lanzadores m\u00e1s condecorados en la historia de\u00a0MLB.<\/p>\n<p>Verlander ha ganado\u00a0tres premios Cy Young, ha sido seleccionado\u00a0nueve veces al Juego de Estrellas, tiene dos t\u00edtulos de efectividad, el\u00a0MVP de la Liga Americana en 2011, dos anillos de Serie Mundial y tres juegos sin hits, algo que solo seis lanzadores han logrado.<\/p>\n<p>Se unir\u00e1 a una\u00a0rotaci\u00f3n\u00a0que incluye a\u00a0Tarik Skubal, dos veces ganador del Cy Young, y a su excompa\u00f1ero en los Astros,\u00a0Framber Valdez.<\/p>\n<p>Trayectoria y logros destacados de\u00a0Justin Verlander<\/p>\n<p>Verlander tambi\u00e9n aporta una vasta experiencia en postemporada: en m\u00e1s de\u00a0226 entradas de playoffs, tiene efectividad de 3.58 y fue nombrado\u00a0MVP de la Serie de Campeonato de la Liga Americana en 2017 con Houston.<\/p>\n<p>A pesar de todos sus logros, Verlander demostr\u00f3 en\u00a02025\u00a0con los Gigantes de San Francisco que a\u00fan tiene gasolina en el tanque. A los 42 a\u00f1os registr\u00f3 una efectividad de 3.85 en 29 aperturas y super\u00f3 la marca de\u00a03,500 ponches en su carrera\u00a0(actualmente octavo en la lista hist\u00f3rica con 3,553).<\/p>\n<p>Su fortaleza en\u00a02025\u00a0fue inducir\u00a0contacto d\u00e9bil\u00a0(37% de tasa de batazos fuertes, en el percentil 78 entre lanzadores calificados) y la efectividad de sus lanzamientos secundarios.<\/p>\n<p>Aunque ya no posee la recta de tres d\u00edgitos que lo hizo famoso, su\u00a0cambio y su sweeper\u00a0fueron particularmente efectivos: los rivales batearon apenas .200 contra el\u00a0cambio\u00a0y .058 contra el\u00a0sweeper.<\/p>\n<p>Verlander inici\u00f3 su carrera en 2005 con los\u00a0Tigres, donde lanz\u00f3 sus primeras 13 temporadas antes de pasar por Astros, Mets y Gigantes. Gan\u00f3\u00a0dos Series Mundiales\u00a0con Houston (2017 y 2022).<\/p>\n","protected":false},"excerpt":{"rendered":"<p>Justin Verlander\u00a0est\u00e1 de vuelta donde todo comenz\u00f3. El legendario lanzador derecho, que cumplir\u00e1 43 a\u00f1os el 20 de febrero, acord\u00f3 &#8230;<\/p>\n","protected":false},"author":2,"featured_media":211505,"comment_status":"closed","ping_status":"closed","sticky":false,"template":"","format":"standard","meta":{"footnotes":""},"categories":[28],"tags":[],"class_list":["post-211504","post","type-post","status-publish","format-standard","has-post-thumbnail","hentry","category-deportes"],"yoast_head":"<!-- This site is optimized with the Yoast SEO plugin v24.8.1 - https:\/\/yoast.com\/wordpress\/plugins\/seo\/ -->\n<title>Justin Verlander firma contrato como agente libre con los Tigres - PotenciaRadiofonicaDominicana.com<\/title>\n<meta name=\"robots\" content=\"index, follow, max-snippet:-1, max-image-preview:large, max-video-preview:-1\" \/>\n<link rel=\"canonical\" href=\"https:\/\/potenciaradiofonicadominicana.com\/portal\/justin-verlander-firma-contrato-como-agente-libre-con-los-tigres\/\" \/>\n<meta property=\"og:locale\" content=\"es_ES\" \/>\n<meta property=\"og:type\" content=\"article\" \/>\n<meta property=\"og:title\" content=\"Justin Verlander firma contrato como agente libre con los Tigres - PotenciaRadiofonicaDominicana.com\" \/>\n<meta property=\"og:description\" content=\"Justin Verlander\u00a0est\u00e1 de vuelta donde todo comenz\u00f3. El legendario lanzador derecho, que cumplir\u00e1 43 a\u00f1os el 20 de febrero, acord\u00f3 ...\" \/>\n<meta property=\"og:url\" content=\"https:\/\/potenciaradiofonicadominicana.com\/portal\/justin-verlander-firma-contrato-como-agente-libre-con-los-tigres\/\" \/>\n<meta property=\"og:site_name\" content=\"PotenciaRadiofonicaDominicana.com\" \/>\n<meta property=\"article:publisher\" content=\"https:\/\/web.facebook.com\/PotenciaRadiofonicaD\" \/>\n<meta property=\"article:published_time\" content=\"2026-02-11T02:04:29+00:00\" \/>\n<meta property=\"og:image\" content=\"https:\/\/potenciaradiofonicadominicana.com\/portal\/wp-content\/uploads\/2026\/02\/mlb-justin-verlander-firma-contrato-como-agente-libre-con-detroit-f2094bd7-focus-0.07-0.6-896-504.jpg\" \/>\n\t<meta property=\"og:image:width\" content=\"896\" \/>\n\t<meta property=\"og:image:height\" content=\"504\" \/>\n\t<meta property=\"og:image:type\" content=\"image\/jpeg\" \/>\n<meta name=\"author\" content=\"Potencia Radiof\u00f3nica Dominicana\" \/>\n<meta name=\"twitter:card\" content=\"summary_large_image\" \/>\n<meta name=\"twitter:label1\" content=\"Escrito por\" \/>\n\t<meta name=\"twitter:data1\" content=\"Potencia Radiof\u00f3nica Dominicana\" \/>\n\t<meta name=\"twitter:label2\" content=\"Tiempo de lectura\" \/>\n\t<meta name=\"twitter:data2\" content=\"2 minutos\" \/>\n<script type=\"application\/ld+json\" class=\"yoast-schema-graph\">{\"@context\":\"https:\/\/schema.org\",\"@graph\":[{\"@type\":\"Article\",\"@id\":\"https:\/\/potenciaradiofonicadominicana.com\/portal\/justin-verlander-firma-contrato-como-agente-libre-con-los-tigres\/#article\",\"isPartOf\":{\"@id\":\"https:\/\/potenciaradiofonicadominicana.com\/portal\/justin-verlander-firma-contrato-como-agente-libre-con-los-tigres\/\"},\"author\":{\"name\":\"Potencia Radiof\u00f3nica Dominicana\",\"@id\":\"https:\/\/potenciaradiofonicadominicana.com\/portal\/#\/schema\/person\/a5cf1fea13877803ee0573ac18b03490\"},\"headline\":\"Justin Verlander firma contrato como agente libre con los Tigres\",\"datePublished\":\"2026-02-11T02:04:29+00:00\",\"mainEntityOfPage\":{\"@id\":\"https:\/\/potenciaradiofonicadominicana.com\/portal\/justin-verlander-firma-contrato-como-agente-libre-con-los-tigres\/\"},\"wordCount\":324,\"publisher\":{\"@id\":\"https:\/\/potenciaradiofonicadominicana.com\/portal\/#organization\"},\"image\":{\"@id\":\"https:\/\/potenciaradiofonicadominicana.com\/portal\/justin-verlander-firma-contrato-como-agente-libre-con-los-tigres\/#primaryimage\"},\"thumbnailUrl\":\"https:\/\/potenciaradiofonicadominicana.com\/portal\/wp-content\/uploads\/2026\/02\/mlb-justin-verlander-firma-contrato-como-agente-libre-con-detroit-f2094bd7-focus-0.07-0.6-896-504.jpg\",\"articleSection\":[\"Deportes\"],\"inLanguage\":\"es\"},{\"@type\":\"WebPage\",\"@id\":\"https:\/\/potenciaradiofonicadominicana.com\/portal\/justin-verlander-firma-contrato-como-agente-libre-con-los-tigres\/\",\"url\":\"https:\/\/potenciaradiofonicadominicana.com\/portal\/justin-verlander-firma-contrato-como-agente-libre-con-los-tigres\/\",\"name\":\"Justin Verlander firma contrato como agente libre con los Tigres - PotenciaRadiofonicaDominicana.com\",\"isPartOf\":{\"@id\":\"https:\/\/potenciaradiofonicadominicana.com\/portal\/#website\"},\"primaryImageOfPage\":{\"@id\":\"https:\/\/potenciaradiofonicadominicana.com\/portal\/justin-verlander-firma-contrato-como-agente-libre-con-los-tigres\/#primaryimage\"},\"image\":{\"@id\":\"https:\/\/potenciaradiofonicadominicana.com\/portal\/justin-verlander-firma-contrato-como-agente-libre-con-los-tigres\/#primaryimage\"},\"thumbnailUrl\":\"https:\/\/potenciaradiofonicadominicana.com\/portal\/wp-content\/uploads\/2026\/02\/mlb-justin-verlander-firma-contrato-como-agente-libre-con-detroit-f2094bd7-focus-0.07-0.6-896-504.jpg\",\"datePublished\":\"2026-02-11T02:04:29+00:00\",\"breadcrumb\":{\"@id\":\"https:\/\/potenciaradiofonicadominicana.com\/portal\/justin-verlander-firma-contrato-como-agente-libre-con-los-tigres\/#breadcrumb\"},\"inLanguage\":\"es\",\"potentialAction\":[{\"@type\":\"ReadAction\",\"target\":[\"https:\/\/potenciaradiofonicadominicana.com\/portal\/justin-verlander-firma-contrato-como-agente-libre-con-los-tigres\/\"]}]},{\"@type\":\"ImageObject\",\"inLanguage\":\"es\",\"@id\":\"https:\/\/potenciaradiofonicadominicana.com\/portal\/justin-verlander-firma-contrato-como-agente-libre-con-los-tigres\/#primaryimage\",\"url\":\"https:\/\/potenciaradiofonicadominicana.com\/portal\/wp-content\/uploads\/2026\/02\/mlb-justin-verlander-firma-contrato-como-agente-libre-con-detroit-f2094bd7-focus-0.07-0.6-896-504.jpg\",\"contentUrl\":\"https:\/\/potenciaradiofonicadominicana.com\/portal\/wp-content\/uploads\/2026\/02\/mlb-justin-verlander-firma-contrato-como-agente-libre-con-detroit-f2094bd7-focus-0.07-0.6-896-504.jpg\",\"width\":896,\"height\":504},{\"@type\":\"BreadcrumbList\",\"@id\":\"https:\/\/potenciaradiofonicadominicana.com\/portal\/justin-verlander-firma-contrato-como-agente-libre-con-los-tigres\/#breadcrumb\",\"itemListElement\":[{\"@type\":\"ListItem\",\"position\":1,\"name\":\"Portada\",\"item\":\"https:\/\/potenciaradiofonicadominicana.com\/portal\/\"},{\"@type\":\"ListItem\",\"position\":2,\"name\":\"Justin Verlander firma contrato como agente libre con los Tigres\"}]},{\"@type\":\"WebSite\",\"@id\":\"https:\/\/potenciaradiofonicadominicana.com\/portal\/#website\",\"url\":\"https:\/\/potenciaradiofonicadominicana.com\/portal\/\",\"name\":\"PotenciaRadiofonicaDominicana.com\",\"description\":\"Peri\u00f3dico Digital\",\"publisher\":{\"@id\":\"https:\/\/potenciaradiofonicadominicana.com\/portal\/#organization\"},\"potentialAction\":[{\"@type\":\"SearchAction\",\"target\":{\"@type\":\"EntryPoint\",\"urlTemplate\":\"https:\/\/potenciaradiofonicadominicana.com\/portal\/?s={search_term_string}\"},\"query-input\":{\"@type\":\"PropertyValueSpecification\",\"valueRequired\":true,\"valueName\":\"search_term_string\"}}],\"inLanguage\":\"es\"},{\"@type\":\"Organization\",\"@id\":\"https:\/\/potenciaradiofonicadominicana.com\/portal\/#organization\",\"name\":\"PotenciaRadiofonicaDominicana.com\",\"url\":\"https:\/\/potenciaradiofonicadominicana.com\/portal\/\",\"logo\":{\"@type\":\"ImageObject\",\"inLanguage\":\"es\",\"@id\":\"https:\/\/potenciaradiofonicadominicana.com\/portal\/#\/schema\/logo\/image\/\",\"url\":\"https:\/\/potenciaradiofonicadominicana.com\/portal\/wp-content\/uploads\/2022\/01\/descarga.png\",\"contentUrl\":\"https:\/\/potenciaradiofonicadominicana.com\/portal\/wp-content\/uploads\/2022\/01\/descarga.png\",\"width\":300,\"height\":100,\"caption\":\"PotenciaRadiofonicaDominicana.com\"},\"image\":{\"@id\":\"https:\/\/potenciaradiofonicadominicana.com\/portal\/#\/schema\/logo\/image\/\"},\"sameAs\":[\"https:\/\/web.facebook.com\/PotenciaRadiofonicaD\"]},{\"@type\":\"Person\",\"@id\":\"https:\/\/potenciaradiofonicadominicana.com\/portal\/#\/schema\/person\/a5cf1fea13877803ee0573ac18b03490\",\"name\":\"Potencia Radiof\u00f3nica Dominicana\",\"image\":{\"@type\":\"ImageObject\",\"inLanguage\":\"es\",\"@id\":\"https:\/\/potenciaradiofonicadominicana.com\/portal\/#\/schema\/person\/image\/\",\"url\":\"https:\/\/secure.gravatar.com\/avatar\/42a55ab9e8ccc656ba34cd791990602a?s=96&d=mm&r=g\",\"contentUrl\":\"https:\/\/secure.gravatar.com\/avatar\/42a55ab9e8ccc656ba34cd791990602a?s=96&d=mm&r=g\",\"caption\":\"Potencia Radiof\u00f3nica Dominicana\"},\"url\":\"https:\/\/potenciaradiofonicadominicana.com\/portal\/author\/johannyalmanzar\/\"}]}<\/script>\n<!-- \/ Yoast SEO plugin. -->","yoast_head_json":{"title":"Justin Verlander firma contrato como agente libre con los Tigres - PotenciaRadiofonicaDominicana.com","robots":{"index":"index","follow":"follow","max-snippet":"max-snippet:-1","max-image-preview":"max-image-preview:large","max-video-preview":"max-video-preview:-1"},"canonical":"https:\/\/potenciaradiofonicadominicana.com\/portal\/justin-verlander-firma-contrato-como-agente-libre-con-los-tigres\/","og_locale":"es_ES","og_type":"article","og_title":"Justin Verlander firma contrato como agente libre con los Tigres - PotenciaRadiofonicaDominicana.com","og_description":"Justin Verlander\u00a0est\u00e1 de vuelta donde todo comenz\u00f3. El legendario lanzador derecho, que cumplir\u00e1 43 a\u00f1os el 20 de febrero, acord\u00f3 ...","og_url":"https:\/\/potenciaradiofonicadominicana.com\/portal\/justin-verlander-firma-contrato-como-agente-libre-con-los-tigres\/","og_site_name":"PotenciaRadiofonicaDominicana.com","article_publisher":"https:\/\/web.facebook.com\/PotenciaRadiofonicaD","article_published_time":"2026-02-11T02:04:29+00:00","og_image":[{"width":896,"height":504,"url":"https:\/\/potenciaradiofonicadominicana.com\/portal\/wp-content\/uploads\/2026\/02\/mlb-justin-verlander-firma-contrato-como-agente-libre-con-detroit-f2094bd7-focus-0.07-0.6-896-504.jpg","type":"image\/jpeg"}],"author":"Potencia Radiof\u00f3nica Dominicana","twitter_card":"summary_large_image","twitter_misc":{"Escrito por":"Potencia Radiof\u00f3nica Dominicana","Tiempo de lectura":"2 minutos"},"schema":{"@context":"https:\/\/schema.org","@graph":[{"@type":"Article","@id":"https:\/\/potenciaradiofonicadominicana.com\/portal\/justin-verlander-firma-contrato-como-agente-libre-con-los-tigres\/#article","isPartOf":{"@id":"https:\/\/potenciaradiofonicadominicana.com\/portal\/justin-verlander-firma-contrato-como-agente-libre-con-los-tigres\/"},"author":{"name":"Potencia Radiof\u00f3nica Dominicana","@id":"https:\/\/potenciaradiofonicadominicana.com\/portal\/#\/schema\/person\/a5cf1fea13877803ee0573ac18b03490"},"headline":"Justin Verlander firma contrato como agente libre con los Tigres","datePublished":"2026-02-11T02:04:29+00:00","mainEntityOfPage":{"@id":"https:\/\/potenciaradiofonicadominicana.com\/portal\/justin-verlander-firma-contrato-como-agente-libre-con-los-tigres\/"},"wordCount":324,"publisher":{"@id":"https:\/\/potenciaradiofonicadominicana.com\/portal\/#organization"},"image":{"@id":"https:\/\/potenciaradiofonicadominicana.com\/portal\/justin-verlander-firma-contrato-como-agente-libre-con-los-tigres\/#primaryimage"},"thumbnailUrl":"https:\/\/potenciaradiofonicadominicana.com\/portal\/wp-content\/uploads\/2026\/02\/mlb-justin-verlander-firma-contrato-como-agente-libre-con-detroit-f2094bd7-focus-0.07-0.6-896-504.jpg","articleSection":["Deportes"],"inLanguage":"es"},{"@type":"WebPage","@id":"https:\/\/potenciaradiofonicadominicana.com\/portal\/justin-verlander-firma-contrato-como-agente-libre-con-los-tigres\/","url":"https:\/\/potenciaradiofonicadominicana.com\/portal\/justin-verlander-firma-contrato-como-agente-libre-con-los-tigres\/","name":"Justin Verlander firma contrato como agente libre con los Tigres - PotenciaRadiofonicaDominicana.com","isPartOf":{"@id":"https:\/\/potenciaradiofonicadominicana.com\/portal\/#website"},"primaryImageOfPage":{"@id":"https:\/\/potenciaradiofonicadominicana.com\/portal\/justin-verlander-firma-contrato-como-agente-libre-con-los-tigres\/#primaryimage"},"image":{"@id":"https:\/\/potenciaradiofonicadominicana.com\/portal\/justin-verlander-firma-contrato-como-agente-libre-con-los-tigres\/#primaryimage"},"thumbnailUrl":"https:\/\/potenciaradiofonicadominicana.com\/portal\/wp-content\/uploads\/2026\/02\/mlb-justin-verlander-firma-contrato-como-agente-libre-con-detroit-f2094bd7-focus-0.07-0.6-896-504.jpg","datePublished":"2026-02-11T02:04:29+00:00","breadcrumb":{"@id":"https:\/\/potenciaradiofonicadominicana.com\/portal\/justin-verlander-firma-contrato-como-agente-libre-con-los-tigres\/#breadcrumb"},"inLanguage":"es","potentialAction":[{"@type":"ReadAction","target":["https:\/\/potenciaradiofonicadominicana.com\/portal\/justin-verlander-firma-contrato-como-agente-libre-con-los-tigres\/"]}]},{"@type":"ImageObject","inLanguage":"es","@id":"https:\/\/potenciaradiofonicadominicana.com\/portal\/justin-verlander-firma-contrato-como-agente-libre-con-los-tigres\/#primaryimage","url":"https:\/\/potenciaradiofonicadominicana.com\/portal\/wp-content\/uploads\/2026\/02\/mlb-justin-verlander-firma-contrato-como-agente-libre-con-detroit-f2094bd7-focus-0.07-0.6-896-504.jpg","contentUrl":"https:\/\/potenciaradiofonicadominicana.com\/portal\/wp-content\/uploads\/2026\/02\/mlb-justin-verlander-firma-contrato-como-agente-libre-con-detroit-f2094bd7-focus-0.07-0.6-896-504.jpg","width":896,"height":504},{"@type":"BreadcrumbList","@id":"https:\/\/potenciaradiofonicadominicana.com\/portal\/justin-verlander-firma-contrato-como-agente-libre-con-los-tigres\/#breadcrumb","itemListElement":[{"@type":"ListItem","position":1,"name":"Portada","item":"https:\/\/potenciaradiofonicadominicana.com\/portal\/"},{"@type":"ListItem","position":2,"name":"Justin Verlander firma contrato como agente libre con los Tigres"}]},{"@type":"WebSite","@id":"https:\/\/potenciaradiofonicadominicana.com\/portal\/#website","url":"https:\/\/potenciaradiofonicadominicana.com\/portal\/","name":"PotenciaRadiofonicaDominicana.com","description":"Peri\u00f3dico Digital","publisher":{"@id":"https:\/\/potenciaradiofonicadominicana.com\/portal\/#organization"},"potentialAction":[{"@type":"SearchAction","target":{"@type":"EntryPoint","urlTemplate":"https:\/\/potenciaradiofonicadominicana.com\/portal\/?s={search_term_string}"},"query-input":{"@type":"PropertyValueSpecification","valueRequired":true,"valueName":"search_term_string"}}],"inLanguage":"es"},{"@type":"Organization","@id":"https:\/\/potenciaradiofonicadominicana.com\/portal\/#organization","name":"PotenciaRadiofonicaDominicana.com","url":"https:\/\/potenciaradiofonicadominicana.com\/portal\/","logo":{"@type":"ImageObject","inLanguage":"es","@id":"https:\/\/potenciaradiofonicadominicana.com\/portal\/#\/schema\/logo\/image\/","url":"https:\/\/potenciaradiofonicadominicana.com\/portal\/wp-content\/uploads\/2022\/01\/descarga.png","contentUrl":"https:\/\/potenciaradiofonicadominicana.com\/portal\/wp-content\/uploads\/2022\/01\/descarga.png","width":300,"height":100,"caption":"PotenciaRadiofonicaDominicana.com"},"image":{"@id":"https:\/\/potenciaradiofonicadominicana.com\/portal\/#\/schema\/logo\/image\/"},"sameAs":["https:\/\/web.facebook.com\/PotenciaRadiofonicaD"]},{"@type":"Person","@id":"https:\/\/potenciaradiofonicadominicana.com\/portal\/#\/schema\/person\/a5cf1fea13877803ee0573ac18b03490","name":"Potencia Radiof\u00f3nica Dominicana","image":{"@type":"ImageObject","inLanguage":"es","@id":"https:\/\/potenciaradiofonicadominicana.com\/portal\/#\/schema\/person\/image\/","url":"https:\/\/secure.gravatar.com\/avatar\/42a55ab9e8ccc656ba34cd791990602a?s=96&d=mm&r=g","contentUrl":"https:\/\/secure.gravatar.com\/avatar\/42a55ab9e8ccc656ba34cd791990602a?s=96&d=mm&r=g","caption":"Potencia Radiof\u00f3nica Dominicana"},"url":"https:\/\/potenciaradiofonicadominicana.com\/portal\/author\/johannyalmanzar\/"}]}},"_links":{"self":[{"href":"https:\/\/potenciaradiofonicadominicana.com\/portal\/wp-json\/wp\/v2\/posts\/211504","targetHints":{"allow":["GET"]}}],"collection":[{"href":"https:\/\/potenciaradiofonicadominicana.com\/portal\/wp-json\/wp\/v2\/posts"}],"about":[{"href":"https:\/\/potenciaradiofonicadominicana.com\/portal\/wp-json\/wp\/v2\/types\/post"}],"author":[{"embeddable":true,"href":"https:\/\/potenciaradiofonicadominicana.com\/portal\/wp-json\/wp\/v2\/users\/2"}],"replies":[{"embeddable":true,"href":"https:\/\/potenciaradiofonicadominicana.com\/portal\/wp-json\/wp\/v2\/comments?post=211504"}],"version-history":[{"count":1,"href":"https:\/\/potenciaradiofonicadominicana.com\/portal\/wp-json\/wp\/v2\/posts\/211504\/revisions"}],"predecessor-version":[{"id":211506,"href":"https:\/\/potenciaradiofonicadominicana.com\/portal\/wp-json\/wp\/v2\/posts\/211504\/revisions\/211506"}],"wp:featuredmedia":[{"embeddable":true,"href":"https:\/\/potenciaradiofonicadominicana.com\/portal\/wp-json\/wp\/v2\/media\/211505"}],"wp:attachment":[{"href":"https:\/\/potenciaradiofonicadominicana.com\/portal\/wp-json\/wp\/v2\/media?parent=211504"}],"wp:term":[{"taxonomy":"category","embeddable":true,"href":"https:\/\/potenciaradiofonicadominicana.com\/portal\/wp-json\/wp\/v2\/categories?post=211504"},{"taxonomy":"post_tag","embeddable":true,"href":"https:\/\/potenciaradiofonicadominicana.com\/portal\/wp-json\/wp\/v2\/tags?post=211504"}],"curies":[{"name":"wp","href":"https:\/\/api.w.org\/{rel}","templated":true}]}}