{"id":211495,"date":"2026-02-10T21:49:56","date_gmt":"2026-02-11T01:49:56","guid":{"rendered":"https:\/\/potenciaradiofonicadominicana.com\/portal\/?p=211495"},"modified":"2026-02-10T21:49:56","modified_gmt":"2026-02-11T01:49:56","slug":"mas-de-230-dominicanos-llegaran-a-campos-de-entrenamientos-de-mlb","status":"publish","type":"post","link":"https:\/\/potenciaradiofonicadominicana.com\/portal\/mas-de-230-dominicanos-llegaran-a-campos-de-entrenamientos-de-mlb\/","title":{"rendered":"M\u00e1s de 230 dominicanos llegar\u00e1n a Campos de Entrenamientos de MLB"},"content":{"rendered":"<p><a href=\"https:\/\/potenciaradiofonicadominicana.com\/portal\/wp-content\/uploads\/2026\/02\/mas-de-230-dominicanos-convocados-a-campos-de-entrenamientos-de-mlb-417c9238-focus-0.09-0.58-896-504.jpg\"><img loading=\"lazy\" decoding=\"async\" class=\"alignnone size-full wp-image-211496\" src=\"https:\/\/potenciaradiofonicadominicana.com\/portal\/wp-content\/uploads\/2026\/02\/mas-de-230-dominicanos-convocados-a-campos-de-entrenamientos-de-mlb-417c9238-focus-0.09-0.58-896-504.jpg\" alt=\"\" width=\"896\" height=\"504\" srcset=\"https:\/\/potenciaradiofonicadominicana.com\/portal\/wp-content\/uploads\/2026\/02\/mas-de-230-dominicanos-convocados-a-campos-de-entrenamientos-de-mlb-417c9238-focus-0.09-0.58-896-504.jpg 896w, https:\/\/potenciaradiofonicadominicana.com\/portal\/wp-content\/uploads\/2026\/02\/mas-de-230-dominicanos-convocados-a-campos-de-entrenamientos-de-mlb-417c9238-focus-0.09-0.58-896-504-300x169.jpg 300w, https:\/\/potenciaradiofonicadominicana.com\/portal\/wp-content\/uploads\/2026\/02\/mas-de-230-dominicanos-convocados-a-campos-de-entrenamientos-de-mlb-417c9238-focus-0.09-0.58-896-504-768x432.jpg 768w\" sizes=\"auto, (max-width: 896px) 100vw, 896px\" \/><\/a><\/p>\n<p>Lanzadores y receptores\u00a0de\u00a0seis clubes\u00a0de las\u00a0Grandes Ligas\u00a0comienzan a trabajar desde este martes y para el viernes los 30 ya estar\u00e1n concentrados en los\u00a0campamentos de Arizona y Florida. Para el pr\u00f3ximo martes se completar\u00e1n los jugadores de posici\u00f3n, protegidos e invitados fuera de roster.<\/p>\n<p>Pero desde la semana pasada las\u00a0facilidades de los equipos\u00a0comenzaron a recibir el\u00a0goteo de titulares\u00a0que llegaron de forma anticipada y ayer lunes se aceler\u00f3.<\/p>\n<p>El dominicano\u00a0Junior Caminero\u00a0fue de los primeros en reportarse en las facilidades de los\u00a0Tampa Bay Rays, en Port Charlotte, Florida. En Port St. Lucie,\u00a0Jorge Polanco\u00a0lleg\u00f3 a la concentraci\u00f3n de los Mets, el equipo que le pagar\u00e1 40 millones de d\u00f3lares en las pr\u00f3ximas dos campa\u00f1as.<\/p>\n<p>A la fecha, hay\u00a0145 jugadores protegidos\u00a0en las\u00a0n\u00f3minas de 40 hombres, incluyendo los 15 prospectos protegidos el pasado 15 de noviembre para evitar que sean tomados en el draft de Regla 5. A este grupo se suman 89 jugadores que han sido invitados hasta la fecha para un total de 234.<\/p>\n<p>Es una lista que puede subir antes de que se abra por completo los entrenamientos. De momento,\u00a0Framber Valdez\u00a0no aparece en el roster de los Tigres como tampoco\u00a0Miguel And\u00fajar\u00a0en el de los Padres, ya que los contratos todav\u00eda no son oficiales.<\/p>\n<p>Juegos y el Cl\u00e1sico<\/p>\n<p>La partidos de\u00a0pretemporada arrancar\u00e1n\u00a0el 20 de febrero y los jugadores dominicanos que tomar\u00e1n parte del\u00a0Cl\u00e1sico Mundial de B\u00e9isbol\u00a0se concentrar\u00e1n el 28 de febrero, en Miami.<\/p>\n<p>El grupo trabajar\u00e1 durante dos d\u00edas bajos las riendas de\u00a0Albert Pujols\u00a0y viajar\u00e1 a Santo Domingo la noche del lunes dos para disputar entre el tres y el cuatro de febrero la\u00a0serie de dos partidos\u00a0ante los Tigres de Detroit. Viajar\u00e1 la noche del tres a Miami para su\u00a0debut en el torneo\u00a0el seis ante Nicaragua.<\/p>\n","protected":false},"excerpt":{"rendered":"<p>Lanzadores y receptores\u00a0de\u00a0seis clubes\u00a0de las\u00a0Grandes Ligas\u00a0comienzan a trabajar desde este martes y para el viernes los 30 ya estar\u00e1n concentrados &#8230;<\/p>\n","protected":false},"author":2,"featured_media":211496,"comment_status":"closed","ping_status":"closed","sticky":false,"template":"","format":"standard","meta":{"footnotes":""},"categories":[28],"tags":[],"class_list":["post-211495","post","type-post","status-publish","format-standard","has-post-thumbnail","hentry","category-deportes"],"yoast_head":"<!-- This site is optimized with the Yoast SEO plugin v24.8.1 - https:\/\/yoast.com\/wordpress\/plugins\/seo\/ -->\n<title>M\u00e1s de 230 dominicanos llegar\u00e1n a Campos de Entrenamientos de MLB - PotenciaRadiofonicaDominicana.com<\/title>\n<meta name=\"robots\" content=\"index, follow, max-snippet:-1, max-image-preview:large, max-video-preview:-1\" \/>\n<link rel=\"canonical\" href=\"https:\/\/potenciaradiofonicadominicana.com\/portal\/mas-de-230-dominicanos-llegaran-a-campos-de-entrenamientos-de-mlb\/\" \/>\n<meta property=\"og:locale\" content=\"es_ES\" \/>\n<meta property=\"og:type\" content=\"article\" \/>\n<meta property=\"og:title\" content=\"M\u00e1s de 230 dominicanos llegar\u00e1n a Campos de Entrenamientos de MLB - PotenciaRadiofonicaDominicana.com\" \/>\n<meta property=\"og:description\" content=\"Lanzadores y receptores\u00a0de\u00a0seis clubes\u00a0de las\u00a0Grandes Ligas\u00a0comienzan a trabajar desde este martes y para el viernes los 30 ya estar\u00e1n concentrados ...\" \/>\n<meta property=\"og:url\" content=\"https:\/\/potenciaradiofonicadominicana.com\/portal\/mas-de-230-dominicanos-llegaran-a-campos-de-entrenamientos-de-mlb\/\" \/>\n<meta property=\"og:site_name\" content=\"PotenciaRadiofonicaDominicana.com\" \/>\n<meta property=\"article:publisher\" content=\"https:\/\/web.facebook.com\/PotenciaRadiofonicaD\" \/>\n<meta property=\"article:published_time\" content=\"2026-02-11T01:49:56+00:00\" \/>\n<meta property=\"og:image\" content=\"https:\/\/potenciaradiofonicadominicana.com\/portal\/wp-content\/uploads\/2026\/02\/mas-de-230-dominicanos-convocados-a-campos-de-entrenamientos-de-mlb-417c9238-focus-0.09-0.58-896-504.jpg\" \/>\n\t<meta property=\"og:image:width\" content=\"896\" \/>\n\t<meta property=\"og:image:height\" content=\"504\" \/>\n\t<meta property=\"og:image:type\" content=\"image\/jpeg\" \/>\n<meta name=\"author\" content=\"Potencia Radiof\u00f3nica Dominicana\" \/>\n<meta name=\"twitter:card\" content=\"summary_large_image\" \/>\n<meta name=\"twitter:label1\" content=\"Escrito por\" \/>\n\t<meta name=\"twitter:data1\" content=\"Potencia Radiof\u00f3nica Dominicana\" \/>\n\t<meta name=\"twitter:label2\" content=\"Tiempo de lectura\" \/>\n\t<meta name=\"twitter:data2\" content=\"2 minutos\" \/>\n<script type=\"application\/ld+json\" class=\"yoast-schema-graph\">{\"@context\":\"https:\/\/schema.org\",\"@graph\":[{\"@type\":\"Article\",\"@id\":\"https:\/\/potenciaradiofonicadominicana.com\/portal\/mas-de-230-dominicanos-llegaran-a-campos-de-entrenamientos-de-mlb\/#article\",\"isPartOf\":{\"@id\":\"https:\/\/potenciaradiofonicadominicana.com\/portal\/mas-de-230-dominicanos-llegaran-a-campos-de-entrenamientos-de-mlb\/\"},\"author\":{\"name\":\"Potencia Radiof\u00f3nica Dominicana\",\"@id\":\"https:\/\/potenciaradiofonicadominicana.com\/portal\/#\/schema\/person\/a5cf1fea13877803ee0573ac18b03490\"},\"headline\":\"M\u00e1s de 230 dominicanos llegar\u00e1n a Campos de Entrenamientos de MLB\",\"datePublished\":\"2026-02-11T01:49:56+00:00\",\"mainEntityOfPage\":{\"@id\":\"https:\/\/potenciaradiofonicadominicana.com\/portal\/mas-de-230-dominicanos-llegaran-a-campos-de-entrenamientos-de-mlb\/\"},\"wordCount\":332,\"publisher\":{\"@id\":\"https:\/\/potenciaradiofonicadominicana.com\/portal\/#organization\"},\"image\":{\"@id\":\"https:\/\/potenciaradiofonicadominicana.com\/portal\/mas-de-230-dominicanos-llegaran-a-campos-de-entrenamientos-de-mlb\/#primaryimage\"},\"thumbnailUrl\":\"https:\/\/potenciaradiofonicadominicana.com\/portal\/wp-content\/uploads\/2026\/02\/mas-de-230-dominicanos-convocados-a-campos-de-entrenamientos-de-mlb-417c9238-focus-0.09-0.58-896-504.jpg\",\"articleSection\":[\"Deportes\"],\"inLanguage\":\"es\"},{\"@type\":\"WebPage\",\"@id\":\"https:\/\/potenciaradiofonicadominicana.com\/portal\/mas-de-230-dominicanos-llegaran-a-campos-de-entrenamientos-de-mlb\/\",\"url\":\"https:\/\/potenciaradiofonicadominicana.com\/portal\/mas-de-230-dominicanos-llegaran-a-campos-de-entrenamientos-de-mlb\/\",\"name\":\"M\u00e1s de 230 dominicanos llegar\u00e1n a Campos de Entrenamientos de MLB - PotenciaRadiofonicaDominicana.com\",\"isPartOf\":{\"@id\":\"https:\/\/potenciaradiofonicadominicana.com\/portal\/#website\"},\"primaryImageOfPage\":{\"@id\":\"https:\/\/potenciaradiofonicadominicana.com\/portal\/mas-de-230-dominicanos-llegaran-a-campos-de-entrenamientos-de-mlb\/#primaryimage\"},\"image\":{\"@id\":\"https:\/\/potenciaradiofonicadominicana.com\/portal\/mas-de-230-dominicanos-llegaran-a-campos-de-entrenamientos-de-mlb\/#primaryimage\"},\"thumbnailUrl\":\"https:\/\/potenciaradiofonicadominicana.com\/portal\/wp-content\/uploads\/2026\/02\/mas-de-230-dominicanos-convocados-a-campos-de-entrenamientos-de-mlb-417c9238-focus-0.09-0.58-896-504.jpg\",\"datePublished\":\"2026-02-11T01:49:56+00:00\",\"breadcrumb\":{\"@id\":\"https:\/\/potenciaradiofonicadominicana.com\/portal\/mas-de-230-dominicanos-llegaran-a-campos-de-entrenamientos-de-mlb\/#breadcrumb\"},\"inLanguage\":\"es\",\"potentialAction\":[{\"@type\":\"ReadAction\",\"target\":[\"https:\/\/potenciaradiofonicadominicana.com\/portal\/mas-de-230-dominicanos-llegaran-a-campos-de-entrenamientos-de-mlb\/\"]}]},{\"@type\":\"ImageObject\",\"inLanguage\":\"es\",\"@id\":\"https:\/\/potenciaradiofonicadominicana.com\/portal\/mas-de-230-dominicanos-llegaran-a-campos-de-entrenamientos-de-mlb\/#primaryimage\",\"url\":\"https:\/\/potenciaradiofonicadominicana.com\/portal\/wp-content\/uploads\/2026\/02\/mas-de-230-dominicanos-convocados-a-campos-de-entrenamientos-de-mlb-417c9238-focus-0.09-0.58-896-504.jpg\",\"contentUrl\":\"https:\/\/potenciaradiofonicadominicana.com\/portal\/wp-content\/uploads\/2026\/02\/mas-de-230-dominicanos-convocados-a-campos-de-entrenamientos-de-mlb-417c9238-focus-0.09-0.58-896-504.jpg\",\"width\":896,\"height\":504},{\"@type\":\"BreadcrumbList\",\"@id\":\"https:\/\/potenciaradiofonicadominicana.com\/portal\/mas-de-230-dominicanos-llegaran-a-campos-de-entrenamientos-de-mlb\/#breadcrumb\",\"itemListElement\":[{\"@type\":\"ListItem\",\"position\":1,\"name\":\"Portada\",\"item\":\"https:\/\/potenciaradiofonicadominicana.com\/portal\/\"},{\"@type\":\"ListItem\",\"position\":2,\"name\":\"M\u00e1s de 230 dominicanos llegar\u00e1n a Campos de Entrenamientos de MLB\"}]},{\"@type\":\"WebSite\",\"@id\":\"https:\/\/potenciaradiofonicadominicana.com\/portal\/#website\",\"url\":\"https:\/\/potenciaradiofonicadominicana.com\/portal\/\",\"name\":\"PotenciaRadiofonicaDominicana.com\",\"description\":\"Peri\u00f3dico Digital\",\"publisher\":{\"@id\":\"https:\/\/potenciaradiofonicadominicana.com\/portal\/#organization\"},\"potentialAction\":[{\"@type\":\"SearchAction\",\"target\":{\"@type\":\"EntryPoint\",\"urlTemplate\":\"https:\/\/potenciaradiofonicadominicana.com\/portal\/?s={search_term_string}\"},\"query-input\":{\"@type\":\"PropertyValueSpecification\",\"valueRequired\":true,\"valueName\":\"search_term_string\"}}],\"inLanguage\":\"es\"},{\"@type\":\"Organization\",\"@id\":\"https:\/\/potenciaradiofonicadominicana.com\/portal\/#organization\",\"name\":\"PotenciaRadiofonicaDominicana.com\",\"url\":\"https:\/\/potenciaradiofonicadominicana.com\/portal\/\",\"logo\":{\"@type\":\"ImageObject\",\"inLanguage\":\"es\",\"@id\":\"https:\/\/potenciaradiofonicadominicana.com\/portal\/#\/schema\/logo\/image\/\",\"url\":\"https:\/\/potenciaradiofonicadominicana.com\/portal\/wp-content\/uploads\/2022\/01\/descarga.png\",\"contentUrl\":\"https:\/\/potenciaradiofonicadominicana.com\/portal\/wp-content\/uploads\/2022\/01\/descarga.png\",\"width\":300,\"height\":100,\"caption\":\"PotenciaRadiofonicaDominicana.com\"},\"image\":{\"@id\":\"https:\/\/potenciaradiofonicadominicana.com\/portal\/#\/schema\/logo\/image\/\"},\"sameAs\":[\"https:\/\/web.facebook.com\/PotenciaRadiofonicaD\"]},{\"@type\":\"Person\",\"@id\":\"https:\/\/potenciaradiofonicadominicana.com\/portal\/#\/schema\/person\/a5cf1fea13877803ee0573ac18b03490\",\"name\":\"Potencia Radiof\u00f3nica Dominicana\",\"image\":{\"@type\":\"ImageObject\",\"inLanguage\":\"es\",\"@id\":\"https:\/\/potenciaradiofonicadominicana.com\/portal\/#\/schema\/person\/image\/\",\"url\":\"https:\/\/secure.gravatar.com\/avatar\/42a55ab9e8ccc656ba34cd791990602a?s=96&d=mm&r=g\",\"contentUrl\":\"https:\/\/secure.gravatar.com\/avatar\/42a55ab9e8ccc656ba34cd791990602a?s=96&d=mm&r=g\",\"caption\":\"Potencia Radiof\u00f3nica Dominicana\"},\"url\":\"https:\/\/potenciaradiofonicadominicana.com\/portal\/author\/johannyalmanzar\/\"}]}<\/script>\n<!-- \/ Yoast SEO plugin. -->","yoast_head_json":{"title":"M\u00e1s de 230 dominicanos llegar\u00e1n a Campos de Entrenamientos de MLB - PotenciaRadiofonicaDominicana.com","robots":{"index":"index","follow":"follow","max-snippet":"max-snippet:-1","max-image-preview":"max-image-preview:large","max-video-preview":"max-video-preview:-1"},"canonical":"https:\/\/potenciaradiofonicadominicana.com\/portal\/mas-de-230-dominicanos-llegaran-a-campos-de-entrenamientos-de-mlb\/","og_locale":"es_ES","og_type":"article","og_title":"M\u00e1s de 230 dominicanos llegar\u00e1n a Campos de Entrenamientos de MLB - PotenciaRadiofonicaDominicana.com","og_description":"Lanzadores y receptores\u00a0de\u00a0seis clubes\u00a0de las\u00a0Grandes Ligas\u00a0comienzan a trabajar desde este martes y para el viernes los 30 ya estar\u00e1n concentrados ...","og_url":"https:\/\/potenciaradiofonicadominicana.com\/portal\/mas-de-230-dominicanos-llegaran-a-campos-de-entrenamientos-de-mlb\/","og_site_name":"PotenciaRadiofonicaDominicana.com","article_publisher":"https:\/\/web.facebook.com\/PotenciaRadiofonicaD","article_published_time":"2026-02-11T01:49:56+00:00","og_image":[{"width":896,"height":504,"url":"https:\/\/potenciaradiofonicadominicana.com\/portal\/wp-content\/uploads\/2026\/02\/mas-de-230-dominicanos-convocados-a-campos-de-entrenamientos-de-mlb-417c9238-focus-0.09-0.58-896-504.jpg","type":"image\/jpeg"}],"author":"Potencia Radiof\u00f3nica Dominicana","twitter_card":"summary_large_image","twitter_misc":{"Escrito por":"Potencia Radiof\u00f3nica Dominicana","Tiempo de lectura":"2 minutos"},"schema":{"@context":"https:\/\/schema.org","@graph":[{"@type":"Article","@id":"https:\/\/potenciaradiofonicadominicana.com\/portal\/mas-de-230-dominicanos-llegaran-a-campos-de-entrenamientos-de-mlb\/#article","isPartOf":{"@id":"https:\/\/potenciaradiofonicadominicana.com\/portal\/mas-de-230-dominicanos-llegaran-a-campos-de-entrenamientos-de-mlb\/"},"author":{"name":"Potencia Radiof\u00f3nica Dominicana","@id":"https:\/\/potenciaradiofonicadominicana.com\/portal\/#\/schema\/person\/a5cf1fea13877803ee0573ac18b03490"},"headline":"M\u00e1s de 230 dominicanos llegar\u00e1n a Campos de Entrenamientos de MLB","datePublished":"2026-02-11T01:49:56+00:00","mainEntityOfPage":{"@id":"https:\/\/potenciaradiofonicadominicana.com\/portal\/mas-de-230-dominicanos-llegaran-a-campos-de-entrenamientos-de-mlb\/"},"wordCount":332,"publisher":{"@id":"https:\/\/potenciaradiofonicadominicana.com\/portal\/#organization"},"image":{"@id":"https:\/\/potenciaradiofonicadominicana.com\/portal\/mas-de-230-dominicanos-llegaran-a-campos-de-entrenamientos-de-mlb\/#primaryimage"},"thumbnailUrl":"https:\/\/potenciaradiofonicadominicana.com\/portal\/wp-content\/uploads\/2026\/02\/mas-de-230-dominicanos-convocados-a-campos-de-entrenamientos-de-mlb-417c9238-focus-0.09-0.58-896-504.jpg","articleSection":["Deportes"],"inLanguage":"es"},{"@type":"WebPage","@id":"https:\/\/potenciaradiofonicadominicana.com\/portal\/mas-de-230-dominicanos-llegaran-a-campos-de-entrenamientos-de-mlb\/","url":"https:\/\/potenciaradiofonicadominicana.com\/portal\/mas-de-230-dominicanos-llegaran-a-campos-de-entrenamientos-de-mlb\/","name":"M\u00e1s de 230 dominicanos llegar\u00e1n a Campos de Entrenamientos de MLB - PotenciaRadiofonicaDominicana.com","isPartOf":{"@id":"https:\/\/potenciaradiofonicadominicana.com\/portal\/#website"},"primaryImageOfPage":{"@id":"https:\/\/potenciaradiofonicadominicana.com\/portal\/mas-de-230-dominicanos-llegaran-a-campos-de-entrenamientos-de-mlb\/#primaryimage"},"image":{"@id":"https:\/\/potenciaradiofonicadominicana.com\/portal\/mas-de-230-dominicanos-llegaran-a-campos-de-entrenamientos-de-mlb\/#primaryimage"},"thumbnailUrl":"https:\/\/potenciaradiofonicadominicana.com\/portal\/wp-content\/uploads\/2026\/02\/mas-de-230-dominicanos-convocados-a-campos-de-entrenamientos-de-mlb-417c9238-focus-0.09-0.58-896-504.jpg","datePublished":"2026-02-11T01:49:56+00:00","breadcrumb":{"@id":"https:\/\/potenciaradiofonicadominicana.com\/portal\/mas-de-230-dominicanos-llegaran-a-campos-de-entrenamientos-de-mlb\/#breadcrumb"},"inLanguage":"es","potentialAction":[{"@type":"ReadAction","target":["https:\/\/potenciaradiofonicadominicana.com\/portal\/mas-de-230-dominicanos-llegaran-a-campos-de-entrenamientos-de-mlb\/"]}]},{"@type":"ImageObject","inLanguage":"es","@id":"https:\/\/potenciaradiofonicadominicana.com\/portal\/mas-de-230-dominicanos-llegaran-a-campos-de-entrenamientos-de-mlb\/#primaryimage","url":"https:\/\/potenciaradiofonicadominicana.com\/portal\/wp-content\/uploads\/2026\/02\/mas-de-230-dominicanos-convocados-a-campos-de-entrenamientos-de-mlb-417c9238-focus-0.09-0.58-896-504.jpg","contentUrl":"https:\/\/potenciaradiofonicadominicana.com\/portal\/wp-content\/uploads\/2026\/02\/mas-de-230-dominicanos-convocados-a-campos-de-entrenamientos-de-mlb-417c9238-focus-0.09-0.58-896-504.jpg","width":896,"height":504},{"@type":"BreadcrumbList","@id":"https:\/\/potenciaradiofonicadominicana.com\/portal\/mas-de-230-dominicanos-llegaran-a-campos-de-entrenamientos-de-mlb\/#breadcrumb","itemListElement":[{"@type":"ListItem","position":1,"name":"Portada","item":"https:\/\/potenciaradiofonicadominicana.com\/portal\/"},{"@type":"ListItem","position":2,"name":"M\u00e1s de 230 dominicanos llegar\u00e1n a Campos de Entrenamientos de MLB"}]},{"@type":"WebSite","@id":"https:\/\/potenciaradiofonicadominicana.com\/portal\/#website","url":"https:\/\/potenciaradiofonicadominicana.com\/portal\/","name":"PotenciaRadiofonicaDominicana.com","description":"Peri\u00f3dico Digital","publisher":{"@id":"https:\/\/potenciaradiofonicadominicana.com\/portal\/#organization"},"potentialAction":[{"@type":"SearchAction","target":{"@type":"EntryPoint","urlTemplate":"https:\/\/potenciaradiofonicadominicana.com\/portal\/?s={search_term_string}"},"query-input":{"@type":"PropertyValueSpecification","valueRequired":true,"valueName":"search_term_string"}}],"inLanguage":"es"},{"@type":"Organization","@id":"https:\/\/potenciaradiofonicadominicana.com\/portal\/#organization","name":"PotenciaRadiofonicaDominicana.com","url":"https:\/\/potenciaradiofonicadominicana.com\/portal\/","logo":{"@type":"ImageObject","inLanguage":"es","@id":"https:\/\/potenciaradiofonicadominicana.com\/portal\/#\/schema\/logo\/image\/","url":"https:\/\/potenciaradiofonicadominicana.com\/portal\/wp-content\/uploads\/2022\/01\/descarga.png","contentUrl":"https:\/\/potenciaradiofonicadominicana.com\/portal\/wp-content\/uploads\/2022\/01\/descarga.png","width":300,"height":100,"caption":"PotenciaRadiofonicaDominicana.com"},"image":{"@id":"https:\/\/potenciaradiofonicadominicana.com\/portal\/#\/schema\/logo\/image\/"},"sameAs":["https:\/\/web.facebook.com\/PotenciaRadiofonicaD"]},{"@type":"Person","@id":"https:\/\/potenciaradiofonicadominicana.com\/portal\/#\/schema\/person\/a5cf1fea13877803ee0573ac18b03490","name":"Potencia Radiof\u00f3nica Dominicana","image":{"@type":"ImageObject","inLanguage":"es","@id":"https:\/\/potenciaradiofonicadominicana.com\/portal\/#\/schema\/person\/image\/","url":"https:\/\/secure.gravatar.com\/avatar\/42a55ab9e8ccc656ba34cd791990602a?s=96&d=mm&r=g","contentUrl":"https:\/\/secure.gravatar.com\/avatar\/42a55ab9e8ccc656ba34cd791990602a?s=96&d=mm&r=g","caption":"Potencia Radiof\u00f3nica Dominicana"},"url":"https:\/\/potenciaradiofonicadominicana.com\/portal\/author\/johannyalmanzar\/"}]}},"_links":{"self":[{"href":"https:\/\/potenciaradiofonicadominicana.com\/portal\/wp-json\/wp\/v2\/posts\/211495","targetHints":{"allow":["GET"]}}],"collection":[{"href":"https:\/\/potenciaradiofonicadominicana.com\/portal\/wp-json\/wp\/v2\/posts"}],"about":[{"href":"https:\/\/potenciaradiofonicadominicana.com\/portal\/wp-json\/wp\/v2\/types\/post"}],"author":[{"embeddable":true,"href":"https:\/\/potenciaradiofonicadominicana.com\/portal\/wp-json\/wp\/v2\/users\/2"}],"replies":[{"embeddable":true,"href":"https:\/\/potenciaradiofonicadominicana.com\/portal\/wp-json\/wp\/v2\/comments?post=211495"}],"version-history":[{"count":1,"href":"https:\/\/potenciaradiofonicadominicana.com\/portal\/wp-json\/wp\/v2\/posts\/211495\/revisions"}],"predecessor-version":[{"id":211497,"href":"https:\/\/potenciaradiofonicadominicana.com\/portal\/wp-json\/wp\/v2\/posts\/211495\/revisions\/211497"}],"wp:featuredmedia":[{"embeddable":true,"href":"https:\/\/potenciaradiofonicadominicana.com\/portal\/wp-json\/wp\/v2\/media\/211496"}],"wp:attachment":[{"href":"https:\/\/potenciaradiofonicadominicana.com\/portal\/wp-json\/wp\/v2\/media?parent=211495"}],"wp:term":[{"taxonomy":"category","embeddable":true,"href":"https:\/\/potenciaradiofonicadominicana.com\/portal\/wp-json\/wp\/v2\/categories?post=211495"},{"taxonomy":"post_tag","embeddable":true,"href":"https:\/\/potenciaradiofonicadominicana.com\/portal\/wp-json\/wp\/v2\/tags?post=211495"}],"curies":[{"name":"wp","href":"https:\/\/api.w.org\/{rel}","templated":true}]}}