{"id":211383,"date":"2026-02-08T20:00:51","date_gmt":"2026-02-09T00:00:51","guid":{"rendered":"https:\/\/potenciaradiofonicadominicana.com\/portal\/?p=211383"},"modified":"2026-02-08T20:00:51","modified_gmt":"2026-02-09T00:00:51","slug":"tras-caida-la-presidenta-del-coi-considera-a-lindsey-vonn-una-increible-fuente-de-inspiracion","status":"publish","type":"post","link":"https:\/\/potenciaradiofonicadominicana.com\/portal\/tras-caida-la-presidenta-del-coi-considera-a-lindsey-vonn-una-increible-fuente-de-inspiracion\/","title":{"rendered":"Tras ca\u00edda, la presidenta del COI considera a Lindsey Vonn \u00abuna incre\u00edble fuente de inspiraci\u00f3n\u00bb"},"content":{"rendered":"<p><a href=\"https:\/\/potenciaradiofonicadominicana.com\/portal\/wp-content\/uploads\/2026\/02\/afp2026020896ky7t4v6highrestopshotskialpineoly2026milanocortinavonn-7834bf87-focus-0.05-min0.15-896-504.jpg\"><img loading=\"lazy\" decoding=\"async\" class=\"alignnone size-full wp-image-211385\" src=\"https:\/\/potenciaradiofonicadominicana.com\/portal\/wp-content\/uploads\/2026\/02\/afp2026020896ky7t4v6highrestopshotskialpineoly2026milanocortinavonn-7834bf87-focus-0.05-min0.15-896-504.jpg\" alt=\"\" width=\"896\" height=\"504\" srcset=\"https:\/\/potenciaradiofonicadominicana.com\/portal\/wp-content\/uploads\/2026\/02\/afp2026020896ky7t4v6highrestopshotskialpineoly2026milanocortinavonn-7834bf87-focus-0.05-min0.15-896-504.jpg 896w, https:\/\/potenciaradiofonicadominicana.com\/portal\/wp-content\/uploads\/2026\/02\/afp2026020896ky7t4v6highrestopshotskialpineoly2026milanocortinavonn-7834bf87-focus-0.05-min0.15-896-504-300x169.jpg 300w, https:\/\/potenciaradiofonicadominicana.com\/portal\/wp-content\/uploads\/2026\/02\/afp2026020896ky7t4v6highrestopshotskialpineoly2026milanocortinavonn-7834bf87-focus-0.05-min0.15-896-504-768x432.jpg 768w\" sizes=\"auto, (max-width: 896px) 100vw, 896px\" \/><\/a><\/p>\n<p>La presidenta del Comit\u00e9 Ol\u00edmpico Internacional (COI),\u00a0<strong>Kirsty Coventry<\/strong>, alab\u00f3 este domingo a la esquiadora\u00a0<strong>Lindsey Vonn<\/strong>\u00a0al considerarla \u00abuna incre\u00edble\u00a0<strong>fuente de inspiraci\u00f3n<\/strong>\u00ab, unas horas despu\u00e9s de la grave ca\u00edda que sufri\u00f3 la estrella estadounidense en el descenso ol\u00edmpico en Cortina.<\/p>\n<p>Vonn, de 41 a\u00f1os, protagoniz\u00f3 la historia de superaci\u00f3n m\u00e1s impactante en este inicio de los Juegos Ol\u00edmpicos, cuando decidi\u00f3 competir en Mil\u00e1n-Cortina a pesar de haberse roto el<strong>\u00a0ligamento cruzado<\/strong>\u00a0anterior de la rodilla izquierda a una semana de la apertura del evento.<\/p>\n<h2>\u00ablesionada, estable y en buenas manos\u00bb<\/h2>\n<p>Vonn, mito del esqu\u00ed alpino,\u00a0 fue la triste protagonista este domingo de la competencia de\u00a0<strong>descenso ol\u00edmpico<\/strong> -que gan\u00f3 su compatriota Breezy Johnson- en Cortina d&#8217;Ampezzo (Italia).<\/p>\n<p>La leyenda de este deporte disput\u00f3 la competencia con una\u00a0<strong>rodilla de titanio<\/strong>\u00a0y la otra\u00a0<strong>lesionada<\/strong>, y\u00a0 tuvo que ser evacuada en un helic\u00f3ptero tras caerse de forma estrepitosa en la parte alta del recorrido.<\/p>\n<p>La federaci\u00f3n estadounidense de esqu\u00ed reporta que la atleta est\u00e1 \u00ablesionada, pero\u00a0<strong>estable<\/strong>\u00a0y en buenas manos\u00bb.<\/p>\n<p>La esquiadora norteamericana compiti\u00f3 con la rodilla derecha de titanio volvi\u00f3 a ganar a los 41 a\u00f1os -tras haber regresado a la competici\u00f3n\u00a0<strong>cinco temporadas<\/strong>\u00a0despu\u00e9s de retirarse-, se lesion\u00f3 el pasado viernes al caerse en el descenso de la Copa del Mundo de Crans Montana (Suiza) y, a pesar de sufrir rotura del ligamento cruzado anterior de la rodilla izquierda -en la que tambi\u00e9n ten\u00eda da\u00f1ado el menisco-, hab\u00eda anunciado el pasado martes que iba a competir en las pruebas ol\u00edmpicas de este domingo.<\/p>\n<p>La campeona de St.Paul (Minesota), que cuenta 84 victorias en la Copa del Mundo, 45 de ellas en descenso -dos esta temporada: en St.Moritz (Suiza) y en Zauchensee (Austria)-, se hab\u00eda probado en el entrenamiento del viernes, que concluy\u00f3, sin aparentes problemas, con el\u00a0<strong>und\u00e9cimo crono<\/strong>.<\/p>\n<p>Lindsey, Premio Princesa de Asturias de los Deportes en 2019, y con\u00a0<strong>once medallas<\/strong>\u00a0en grandes eventos, incluido un oro ol\u00edmpico -hace 16 a\u00f1os, en los Juegos de Vancouver (Canad\u00e1)- y dos oros mundiales -hace 17, en Val d&#8217;Isere (Francia)- hab\u00eda sido tercera el s\u00e1bado, en el \u00faltimo ensayo.<\/p>\n","protected":false},"excerpt":{"rendered":"<p>La presidenta del Comit\u00e9 Ol\u00edmpico Internacional (COI),\u00a0Kirsty Coventry, alab\u00f3 este domingo a la esquiadora\u00a0Lindsey Vonn\u00a0al considerarla \u00abuna incre\u00edble\u00a0fuente de inspiraci\u00f3n\u00ab, &#8230;<\/p>\n","protected":false},"author":2,"featured_media":211385,"comment_status":"closed","ping_status":"closed","sticky":false,"template":"","format":"standard","meta":{"footnotes":""},"categories":[28],"tags":[],"class_list":["post-211383","post","type-post","status-publish","format-standard","has-post-thumbnail","hentry","category-deportes"],"yoast_head":"<!-- This site is optimized with the Yoast SEO plugin v24.8.1 - https:\/\/yoast.com\/wordpress\/plugins\/seo\/ -->\n<title>Tras ca\u00edda, la presidenta del COI considera a Lindsey Vonn &quot;una incre\u00edble fuente de inspiraci\u00f3n&quot; - PotenciaRadiofonicaDominicana.com<\/title>\n<meta name=\"robots\" content=\"index, follow, max-snippet:-1, max-image-preview:large, max-video-preview:-1\" \/>\n<link rel=\"canonical\" href=\"https:\/\/potenciaradiofonicadominicana.com\/portal\/tras-caida-la-presidenta-del-coi-considera-a-lindsey-vonn-una-increible-fuente-de-inspiracion\/\" \/>\n<meta property=\"og:locale\" content=\"es_ES\" \/>\n<meta property=\"og:type\" content=\"article\" \/>\n<meta property=\"og:title\" content=\"Tras ca\u00edda, la presidenta del COI considera a Lindsey Vonn &quot;una incre\u00edble fuente de inspiraci\u00f3n&quot; - PotenciaRadiofonicaDominicana.com\" \/>\n<meta property=\"og:description\" content=\"La presidenta del Comit\u00e9 Ol\u00edmpico Internacional (COI),\u00a0Kirsty Coventry, alab\u00f3 este domingo a la esquiadora\u00a0Lindsey Vonn\u00a0al considerarla \u00abuna incre\u00edble\u00a0fuente de inspiraci\u00f3n\u00ab, ...\" \/>\n<meta property=\"og:url\" content=\"https:\/\/potenciaradiofonicadominicana.com\/portal\/tras-caida-la-presidenta-del-coi-considera-a-lindsey-vonn-una-increible-fuente-de-inspiracion\/\" \/>\n<meta property=\"og:site_name\" content=\"PotenciaRadiofonicaDominicana.com\" \/>\n<meta property=\"article:publisher\" content=\"https:\/\/web.facebook.com\/PotenciaRadiofonicaD\" \/>\n<meta property=\"article:published_time\" content=\"2026-02-09T00:00:51+00:00\" \/>\n<meta property=\"og:image\" content=\"https:\/\/potenciaradiofonicadominicana.com\/portal\/wp-content\/uploads\/2026\/02\/afp2026020896ky7t4v6highrestopshotskialpineoly2026milanocortinavonn-7834bf87-focus-0.05-min0.15-896-504.jpg\" \/>\n\t<meta property=\"og:image:width\" content=\"896\" \/>\n\t<meta property=\"og:image:height\" content=\"504\" \/>\n\t<meta property=\"og:image:type\" content=\"image\/jpeg\" \/>\n<meta name=\"author\" content=\"Potencia Radiof\u00f3nica Dominicana\" \/>\n<meta name=\"twitter:card\" content=\"summary_large_image\" \/>\n<meta name=\"twitter:label1\" content=\"Escrito por\" \/>\n\t<meta name=\"twitter:data1\" content=\"Potencia Radiof\u00f3nica Dominicana\" \/>\n\t<meta name=\"twitter:label2\" content=\"Tiempo de lectura\" \/>\n\t<meta name=\"twitter:data2\" content=\"3 minutos\" \/>\n<script type=\"application\/ld+json\" class=\"yoast-schema-graph\">{\"@context\":\"https:\/\/schema.org\",\"@graph\":[{\"@type\":\"Article\",\"@id\":\"https:\/\/potenciaradiofonicadominicana.com\/portal\/tras-caida-la-presidenta-del-coi-considera-a-lindsey-vonn-una-increible-fuente-de-inspiracion\/#article\",\"isPartOf\":{\"@id\":\"https:\/\/potenciaradiofonicadominicana.com\/portal\/tras-caida-la-presidenta-del-coi-considera-a-lindsey-vonn-una-increible-fuente-de-inspiracion\/\"},\"author\":{\"name\":\"Potencia Radiof\u00f3nica Dominicana\",\"@id\":\"https:\/\/potenciaradiofonicadominicana.com\/portal\/#\/schema\/person\/a5cf1fea13877803ee0573ac18b03490\"},\"headline\":\"Tras ca\u00edda, la presidenta del COI considera a Lindsey Vonn \u00abuna incre\u00edble fuente de inspiraci\u00f3n\u00bb\",\"datePublished\":\"2026-02-09T00:00:51+00:00\",\"mainEntityOfPage\":{\"@id\":\"https:\/\/potenciaradiofonicadominicana.com\/portal\/tras-caida-la-presidenta-del-coi-considera-a-lindsey-vonn-una-increible-fuente-de-inspiracion\/\"},\"wordCount\":396,\"publisher\":{\"@id\":\"https:\/\/potenciaradiofonicadominicana.com\/portal\/#organization\"},\"image\":{\"@id\":\"https:\/\/potenciaradiofonicadominicana.com\/portal\/tras-caida-la-presidenta-del-coi-considera-a-lindsey-vonn-una-increible-fuente-de-inspiracion\/#primaryimage\"},\"thumbnailUrl\":\"https:\/\/potenciaradiofonicadominicana.com\/portal\/wp-content\/uploads\/2026\/02\/afp2026020896ky7t4v6highrestopshotskialpineoly2026milanocortinavonn-7834bf87-focus-0.05-min0.15-896-504.jpg\",\"articleSection\":[\"Deportes\"],\"inLanguage\":\"es\"},{\"@type\":\"WebPage\",\"@id\":\"https:\/\/potenciaradiofonicadominicana.com\/portal\/tras-caida-la-presidenta-del-coi-considera-a-lindsey-vonn-una-increible-fuente-de-inspiracion\/\",\"url\":\"https:\/\/potenciaradiofonicadominicana.com\/portal\/tras-caida-la-presidenta-del-coi-considera-a-lindsey-vonn-una-increible-fuente-de-inspiracion\/\",\"name\":\"Tras ca\u00edda, la presidenta del COI considera a Lindsey Vonn \\\"una incre\u00edble fuente de inspiraci\u00f3n\\\" - PotenciaRadiofonicaDominicana.com\",\"isPartOf\":{\"@id\":\"https:\/\/potenciaradiofonicadominicana.com\/portal\/#website\"},\"primaryImageOfPage\":{\"@id\":\"https:\/\/potenciaradiofonicadominicana.com\/portal\/tras-caida-la-presidenta-del-coi-considera-a-lindsey-vonn-una-increible-fuente-de-inspiracion\/#primaryimage\"},\"image\":{\"@id\":\"https:\/\/potenciaradiofonicadominicana.com\/portal\/tras-caida-la-presidenta-del-coi-considera-a-lindsey-vonn-una-increible-fuente-de-inspiracion\/#primaryimage\"},\"thumbnailUrl\":\"https:\/\/potenciaradiofonicadominicana.com\/portal\/wp-content\/uploads\/2026\/02\/afp2026020896ky7t4v6highrestopshotskialpineoly2026milanocortinavonn-7834bf87-focus-0.05-min0.15-896-504.jpg\",\"datePublished\":\"2026-02-09T00:00:51+00:00\",\"breadcrumb\":{\"@id\":\"https:\/\/potenciaradiofonicadominicana.com\/portal\/tras-caida-la-presidenta-del-coi-considera-a-lindsey-vonn-una-increible-fuente-de-inspiracion\/#breadcrumb\"},\"inLanguage\":\"es\",\"potentialAction\":[{\"@type\":\"ReadAction\",\"target\":[\"https:\/\/potenciaradiofonicadominicana.com\/portal\/tras-caida-la-presidenta-del-coi-considera-a-lindsey-vonn-una-increible-fuente-de-inspiracion\/\"]}]},{\"@type\":\"ImageObject\",\"inLanguage\":\"es\",\"@id\":\"https:\/\/potenciaradiofonicadominicana.com\/portal\/tras-caida-la-presidenta-del-coi-considera-a-lindsey-vonn-una-increible-fuente-de-inspiracion\/#primaryimage\",\"url\":\"https:\/\/potenciaradiofonicadominicana.com\/portal\/wp-content\/uploads\/2026\/02\/afp2026020896ky7t4v6highrestopshotskialpineoly2026milanocortinavonn-7834bf87-focus-0.05-min0.15-896-504.jpg\",\"contentUrl\":\"https:\/\/potenciaradiofonicadominicana.com\/portal\/wp-content\/uploads\/2026\/02\/afp2026020896ky7t4v6highrestopshotskialpineoly2026milanocortinavonn-7834bf87-focus-0.05-min0.15-896-504.jpg\",\"width\":896,\"height\":504},{\"@type\":\"BreadcrumbList\",\"@id\":\"https:\/\/potenciaradiofonicadominicana.com\/portal\/tras-caida-la-presidenta-del-coi-considera-a-lindsey-vonn-una-increible-fuente-de-inspiracion\/#breadcrumb\",\"itemListElement\":[{\"@type\":\"ListItem\",\"position\":1,\"name\":\"Portada\",\"item\":\"https:\/\/potenciaradiofonicadominicana.com\/portal\/\"},{\"@type\":\"ListItem\",\"position\":2,\"name\":\"Tras ca\u00edda, la presidenta del COI considera a Lindsey Vonn \u00abuna incre\u00edble fuente de inspiraci\u00f3n\u00bb\"}]},{\"@type\":\"WebSite\",\"@id\":\"https:\/\/potenciaradiofonicadominicana.com\/portal\/#website\",\"url\":\"https:\/\/potenciaradiofonicadominicana.com\/portal\/\",\"name\":\"PotenciaRadiofonicaDominicana.com\",\"description\":\"Peri\u00f3dico Digital\",\"publisher\":{\"@id\":\"https:\/\/potenciaradiofonicadominicana.com\/portal\/#organization\"},\"potentialAction\":[{\"@type\":\"SearchAction\",\"target\":{\"@type\":\"EntryPoint\",\"urlTemplate\":\"https:\/\/potenciaradiofonicadominicana.com\/portal\/?s={search_term_string}\"},\"query-input\":{\"@type\":\"PropertyValueSpecification\",\"valueRequired\":true,\"valueName\":\"search_term_string\"}}],\"inLanguage\":\"es\"},{\"@type\":\"Organization\",\"@id\":\"https:\/\/potenciaradiofonicadominicana.com\/portal\/#organization\",\"name\":\"PotenciaRadiofonicaDominicana.com\",\"url\":\"https:\/\/potenciaradiofonicadominicana.com\/portal\/\",\"logo\":{\"@type\":\"ImageObject\",\"inLanguage\":\"es\",\"@id\":\"https:\/\/potenciaradiofonicadominicana.com\/portal\/#\/schema\/logo\/image\/\",\"url\":\"https:\/\/potenciaradiofonicadominicana.com\/portal\/wp-content\/uploads\/2022\/01\/descarga.png\",\"contentUrl\":\"https:\/\/potenciaradiofonicadominicana.com\/portal\/wp-content\/uploads\/2022\/01\/descarga.png\",\"width\":300,\"height\":100,\"caption\":\"PotenciaRadiofonicaDominicana.com\"},\"image\":{\"@id\":\"https:\/\/potenciaradiofonicadominicana.com\/portal\/#\/schema\/logo\/image\/\"},\"sameAs\":[\"https:\/\/web.facebook.com\/PotenciaRadiofonicaD\"]},{\"@type\":\"Person\",\"@id\":\"https:\/\/potenciaradiofonicadominicana.com\/portal\/#\/schema\/person\/a5cf1fea13877803ee0573ac18b03490\",\"name\":\"Potencia Radiof\u00f3nica Dominicana\",\"image\":{\"@type\":\"ImageObject\",\"inLanguage\":\"es\",\"@id\":\"https:\/\/potenciaradiofonicadominicana.com\/portal\/#\/schema\/person\/image\/\",\"url\":\"https:\/\/secure.gravatar.com\/avatar\/42a55ab9e8ccc656ba34cd791990602a?s=96&d=mm&r=g\",\"contentUrl\":\"https:\/\/secure.gravatar.com\/avatar\/42a55ab9e8ccc656ba34cd791990602a?s=96&d=mm&r=g\",\"caption\":\"Potencia Radiof\u00f3nica Dominicana\"},\"url\":\"https:\/\/potenciaradiofonicadominicana.com\/portal\/author\/johannyalmanzar\/\"}]}<\/script>\n<!-- \/ Yoast SEO plugin. -->","yoast_head_json":{"title":"Tras ca\u00edda, la presidenta del COI considera a Lindsey Vonn \"una incre\u00edble fuente de inspiraci\u00f3n\" - PotenciaRadiofonicaDominicana.com","robots":{"index":"index","follow":"follow","max-snippet":"max-snippet:-1","max-image-preview":"max-image-preview:large","max-video-preview":"max-video-preview:-1"},"canonical":"https:\/\/potenciaradiofonicadominicana.com\/portal\/tras-caida-la-presidenta-del-coi-considera-a-lindsey-vonn-una-increible-fuente-de-inspiracion\/","og_locale":"es_ES","og_type":"article","og_title":"Tras ca\u00edda, la presidenta del COI considera a Lindsey Vonn \"una incre\u00edble fuente de inspiraci\u00f3n\" - PotenciaRadiofonicaDominicana.com","og_description":"La presidenta del Comit\u00e9 Ol\u00edmpico Internacional (COI),\u00a0Kirsty Coventry, alab\u00f3 este domingo a la esquiadora\u00a0Lindsey Vonn\u00a0al considerarla \u00abuna incre\u00edble\u00a0fuente de inspiraci\u00f3n\u00ab, ...","og_url":"https:\/\/potenciaradiofonicadominicana.com\/portal\/tras-caida-la-presidenta-del-coi-considera-a-lindsey-vonn-una-increible-fuente-de-inspiracion\/","og_site_name":"PotenciaRadiofonicaDominicana.com","article_publisher":"https:\/\/web.facebook.com\/PotenciaRadiofonicaD","article_published_time":"2026-02-09T00:00:51+00:00","og_image":[{"width":896,"height":504,"url":"https:\/\/potenciaradiofonicadominicana.com\/portal\/wp-content\/uploads\/2026\/02\/afp2026020896ky7t4v6highrestopshotskialpineoly2026milanocortinavonn-7834bf87-focus-0.05-min0.15-896-504.jpg","type":"image\/jpeg"}],"author":"Potencia Radiof\u00f3nica Dominicana","twitter_card":"summary_large_image","twitter_misc":{"Escrito por":"Potencia Radiof\u00f3nica Dominicana","Tiempo de lectura":"3 minutos"},"schema":{"@context":"https:\/\/schema.org","@graph":[{"@type":"Article","@id":"https:\/\/potenciaradiofonicadominicana.com\/portal\/tras-caida-la-presidenta-del-coi-considera-a-lindsey-vonn-una-increible-fuente-de-inspiracion\/#article","isPartOf":{"@id":"https:\/\/potenciaradiofonicadominicana.com\/portal\/tras-caida-la-presidenta-del-coi-considera-a-lindsey-vonn-una-increible-fuente-de-inspiracion\/"},"author":{"name":"Potencia Radiof\u00f3nica Dominicana","@id":"https:\/\/potenciaradiofonicadominicana.com\/portal\/#\/schema\/person\/a5cf1fea13877803ee0573ac18b03490"},"headline":"Tras ca\u00edda, la presidenta del COI considera a Lindsey Vonn \u00abuna incre\u00edble fuente de inspiraci\u00f3n\u00bb","datePublished":"2026-02-09T00:00:51+00:00","mainEntityOfPage":{"@id":"https:\/\/potenciaradiofonicadominicana.com\/portal\/tras-caida-la-presidenta-del-coi-considera-a-lindsey-vonn-una-increible-fuente-de-inspiracion\/"},"wordCount":396,"publisher":{"@id":"https:\/\/potenciaradiofonicadominicana.com\/portal\/#organization"},"image":{"@id":"https:\/\/potenciaradiofonicadominicana.com\/portal\/tras-caida-la-presidenta-del-coi-considera-a-lindsey-vonn-una-increible-fuente-de-inspiracion\/#primaryimage"},"thumbnailUrl":"https:\/\/potenciaradiofonicadominicana.com\/portal\/wp-content\/uploads\/2026\/02\/afp2026020896ky7t4v6highrestopshotskialpineoly2026milanocortinavonn-7834bf87-focus-0.05-min0.15-896-504.jpg","articleSection":["Deportes"],"inLanguage":"es"},{"@type":"WebPage","@id":"https:\/\/potenciaradiofonicadominicana.com\/portal\/tras-caida-la-presidenta-del-coi-considera-a-lindsey-vonn-una-increible-fuente-de-inspiracion\/","url":"https:\/\/potenciaradiofonicadominicana.com\/portal\/tras-caida-la-presidenta-del-coi-considera-a-lindsey-vonn-una-increible-fuente-de-inspiracion\/","name":"Tras ca\u00edda, la presidenta del COI considera a Lindsey Vonn \"una incre\u00edble fuente de inspiraci\u00f3n\" - PotenciaRadiofonicaDominicana.com","isPartOf":{"@id":"https:\/\/potenciaradiofonicadominicana.com\/portal\/#website"},"primaryImageOfPage":{"@id":"https:\/\/potenciaradiofonicadominicana.com\/portal\/tras-caida-la-presidenta-del-coi-considera-a-lindsey-vonn-una-increible-fuente-de-inspiracion\/#primaryimage"},"image":{"@id":"https:\/\/potenciaradiofonicadominicana.com\/portal\/tras-caida-la-presidenta-del-coi-considera-a-lindsey-vonn-una-increible-fuente-de-inspiracion\/#primaryimage"},"thumbnailUrl":"https:\/\/potenciaradiofonicadominicana.com\/portal\/wp-content\/uploads\/2026\/02\/afp2026020896ky7t4v6highrestopshotskialpineoly2026milanocortinavonn-7834bf87-focus-0.05-min0.15-896-504.jpg","datePublished":"2026-02-09T00:00:51+00:00","breadcrumb":{"@id":"https:\/\/potenciaradiofonicadominicana.com\/portal\/tras-caida-la-presidenta-del-coi-considera-a-lindsey-vonn-una-increible-fuente-de-inspiracion\/#breadcrumb"},"inLanguage":"es","potentialAction":[{"@type":"ReadAction","target":["https:\/\/potenciaradiofonicadominicana.com\/portal\/tras-caida-la-presidenta-del-coi-considera-a-lindsey-vonn-una-increible-fuente-de-inspiracion\/"]}]},{"@type":"ImageObject","inLanguage":"es","@id":"https:\/\/potenciaradiofonicadominicana.com\/portal\/tras-caida-la-presidenta-del-coi-considera-a-lindsey-vonn-una-increible-fuente-de-inspiracion\/#primaryimage","url":"https:\/\/potenciaradiofonicadominicana.com\/portal\/wp-content\/uploads\/2026\/02\/afp2026020896ky7t4v6highrestopshotskialpineoly2026milanocortinavonn-7834bf87-focus-0.05-min0.15-896-504.jpg","contentUrl":"https:\/\/potenciaradiofonicadominicana.com\/portal\/wp-content\/uploads\/2026\/02\/afp2026020896ky7t4v6highrestopshotskialpineoly2026milanocortinavonn-7834bf87-focus-0.05-min0.15-896-504.jpg","width":896,"height":504},{"@type":"BreadcrumbList","@id":"https:\/\/potenciaradiofonicadominicana.com\/portal\/tras-caida-la-presidenta-del-coi-considera-a-lindsey-vonn-una-increible-fuente-de-inspiracion\/#breadcrumb","itemListElement":[{"@type":"ListItem","position":1,"name":"Portada","item":"https:\/\/potenciaradiofonicadominicana.com\/portal\/"},{"@type":"ListItem","position":2,"name":"Tras ca\u00edda, la presidenta del COI considera a Lindsey Vonn \u00abuna incre\u00edble fuente de inspiraci\u00f3n\u00bb"}]},{"@type":"WebSite","@id":"https:\/\/potenciaradiofonicadominicana.com\/portal\/#website","url":"https:\/\/potenciaradiofonicadominicana.com\/portal\/","name":"PotenciaRadiofonicaDominicana.com","description":"Peri\u00f3dico Digital","publisher":{"@id":"https:\/\/potenciaradiofonicadominicana.com\/portal\/#organization"},"potentialAction":[{"@type":"SearchAction","target":{"@type":"EntryPoint","urlTemplate":"https:\/\/potenciaradiofonicadominicana.com\/portal\/?s={search_term_string}"},"query-input":{"@type":"PropertyValueSpecification","valueRequired":true,"valueName":"search_term_string"}}],"inLanguage":"es"},{"@type":"Organization","@id":"https:\/\/potenciaradiofonicadominicana.com\/portal\/#organization","name":"PotenciaRadiofonicaDominicana.com","url":"https:\/\/potenciaradiofonicadominicana.com\/portal\/","logo":{"@type":"ImageObject","inLanguage":"es","@id":"https:\/\/potenciaradiofonicadominicana.com\/portal\/#\/schema\/logo\/image\/","url":"https:\/\/potenciaradiofonicadominicana.com\/portal\/wp-content\/uploads\/2022\/01\/descarga.png","contentUrl":"https:\/\/potenciaradiofonicadominicana.com\/portal\/wp-content\/uploads\/2022\/01\/descarga.png","width":300,"height":100,"caption":"PotenciaRadiofonicaDominicana.com"},"image":{"@id":"https:\/\/potenciaradiofonicadominicana.com\/portal\/#\/schema\/logo\/image\/"},"sameAs":["https:\/\/web.facebook.com\/PotenciaRadiofonicaD"]},{"@type":"Person","@id":"https:\/\/potenciaradiofonicadominicana.com\/portal\/#\/schema\/person\/a5cf1fea13877803ee0573ac18b03490","name":"Potencia Radiof\u00f3nica Dominicana","image":{"@type":"ImageObject","inLanguage":"es","@id":"https:\/\/potenciaradiofonicadominicana.com\/portal\/#\/schema\/person\/image\/","url":"https:\/\/secure.gravatar.com\/avatar\/42a55ab9e8ccc656ba34cd791990602a?s=96&d=mm&r=g","contentUrl":"https:\/\/secure.gravatar.com\/avatar\/42a55ab9e8ccc656ba34cd791990602a?s=96&d=mm&r=g","caption":"Potencia Radiof\u00f3nica Dominicana"},"url":"https:\/\/potenciaradiofonicadominicana.com\/portal\/author\/johannyalmanzar\/"}]}},"_links":{"self":[{"href":"https:\/\/potenciaradiofonicadominicana.com\/portal\/wp-json\/wp\/v2\/posts\/211383","targetHints":{"allow":["GET"]}}],"collection":[{"href":"https:\/\/potenciaradiofonicadominicana.com\/portal\/wp-json\/wp\/v2\/posts"}],"about":[{"href":"https:\/\/potenciaradiofonicadominicana.com\/portal\/wp-json\/wp\/v2\/types\/post"}],"author":[{"embeddable":true,"href":"https:\/\/potenciaradiofonicadominicana.com\/portal\/wp-json\/wp\/v2\/users\/2"}],"replies":[{"embeddable":true,"href":"https:\/\/potenciaradiofonicadominicana.com\/portal\/wp-json\/wp\/v2\/comments?post=211383"}],"version-history":[{"count":1,"href":"https:\/\/potenciaradiofonicadominicana.com\/portal\/wp-json\/wp\/v2\/posts\/211383\/revisions"}],"predecessor-version":[{"id":211388,"href":"https:\/\/potenciaradiofonicadominicana.com\/portal\/wp-json\/wp\/v2\/posts\/211383\/revisions\/211388"}],"wp:featuredmedia":[{"embeddable":true,"href":"https:\/\/potenciaradiofonicadominicana.com\/portal\/wp-json\/wp\/v2\/media\/211385"}],"wp:attachment":[{"href":"https:\/\/potenciaradiofonicadominicana.com\/portal\/wp-json\/wp\/v2\/media?parent=211383"}],"wp:term":[{"taxonomy":"category","embeddable":true,"href":"https:\/\/potenciaradiofonicadominicana.com\/portal\/wp-json\/wp\/v2\/categories?post=211383"},{"taxonomy":"post_tag","embeddable":true,"href":"https:\/\/potenciaradiofonicadominicana.com\/portal\/wp-json\/wp\/v2\/tags?post=211383"}],"curies":[{"name":"wp","href":"https:\/\/api.w.org\/{rel}","templated":true}]}}