{"id":211377,"date":"2026-02-08T19:58:39","date_gmt":"2026-02-08T23:58:39","guid":{"rendered":"https:\/\/potenciaradiofonicadominicana.com\/portal\/?p=211377"},"modified":"2026-02-08T19:58:39","modified_gmt":"2026-02-08T23:58:39","slug":"charros-de-jalisco-vence-12x11-a-tomateros-de-culiacan-y-se-corona-en-serie-del-caribe","status":"publish","type":"post","link":"https:\/\/potenciaradiofonicadominicana.com\/portal\/charros-de-jalisco-vence-12x11-a-tomateros-de-culiacan-y-se-corona-en-serie-del-caribe\/","title":{"rendered":"Charros de Jalisco vence 12&#215;11 a Tomateros de Culiac\u00e1n y se corona en Serie del Caribe"},"content":{"rendered":"<p><a href=\"https:\/\/potenciaradiofonicadominicana.com\/portal\/wp-content\/uploads\/2026\/02\/serie-del-caribe-2026-charros-se-coronan-al-vencer-a-tomateros-e76ac343-focus-0-0-896-504.jpg\"><img loading=\"lazy\" decoding=\"async\" class=\"alignnone size-full wp-image-211379\" src=\"https:\/\/potenciaradiofonicadominicana.com\/portal\/wp-content\/uploads\/2026\/02\/serie-del-caribe-2026-charros-se-coronan-al-vencer-a-tomateros-e76ac343-focus-0-0-896-504.jpg\" alt=\"\" width=\"896\" height=\"504\" srcset=\"https:\/\/potenciaradiofonicadominicana.com\/portal\/wp-content\/uploads\/2026\/02\/serie-del-caribe-2026-charros-se-coronan-al-vencer-a-tomateros-e76ac343-focus-0-0-896-504.jpg 896w, https:\/\/potenciaradiofonicadominicana.com\/portal\/wp-content\/uploads\/2026\/02\/serie-del-caribe-2026-charros-se-coronan-al-vencer-a-tomateros-e76ac343-focus-0-0-896-504-300x169.jpg 300w, https:\/\/potenciaradiofonicadominicana.com\/portal\/wp-content\/uploads\/2026\/02\/serie-del-caribe-2026-charros-se-coronan-al-vencer-a-tomateros-e76ac343-focus-0-0-896-504-768x432.jpg 768w\" sizes=\"auto, (max-width: 896px) 100vw, 896px\" \/><\/a><\/p>\n<p>Los\u00a0<strong>Charros de Jalisco<\/strong>, identificados como\u00a0<strong>M\u00e9xico Rojo<\/strong>, se consagraron\u00a0<strong>campeones<\/strong>\u00a0de la\u00a0<strong>Serie del Caribe 2026<\/strong>\u00a0al vencer 12&#215;11 en extra innings a los\u00a0<strong>Tomateros de Culiac\u00e1n<\/strong>, denominados\u00a0<strong>M\u00e9xico Verde<\/strong>, en la final jugada el s\u00e1bado en el estadio Panamericano de b\u00e9isbol.<\/p>\n<p>En un\u00a0<strong>duelo de 27 hits<\/strong>\u00a0combinados, los\u00a0<strong>Charros<\/strong>\u00a0<strong>perd\u00edan 11&#215;10<\/strong>\u00a0en el cierre de la d\u00e9cima entrada, pero de manera dram\u00e1tica aprovecharon dos\u00a0<strong>wild pitch<\/strong>\u00a0para lograr las carreras del empate y del gane.<\/p>\n<p>La\u00a0<strong>primera coronaci\u00f3n<\/strong>\u00a0de los\u00a0<strong>Charros<\/strong>\u00a0en el cl\u00e1sico caribe\u00f1o represent\u00f3 el\u00a0<strong>d\u00e9cimo t\u00edtulo<\/strong> para M\u00e9xico, que queda en tercer lugar en la clasficaci\u00f3n hist\u00f3rica detr\u00e1s de Rep\u00fablica Dominicana (23) y Puerto Rico (16).<\/p>\n<p>Los\u00a0<strong>Charros de Jalisco<\/strong>\u00a0fueron\u00a0<strong>fundados en 1949<\/strong>, a\u00f1o en que se jug\u00f3 la primera\u00a0<strong>Serie del Caribe<\/strong>, en La Habana, Cuba.<\/p>\n","protected":false},"excerpt":{"rendered":"<p>Los\u00a0Charros de Jalisco, identificados como\u00a0M\u00e9xico Rojo, se consagraron\u00a0campeones\u00a0de la\u00a0Serie del Caribe 2026\u00a0al vencer 12&#215;11 en extra innings a los\u00a0Tomateros de &#8230;<\/p>\n","protected":false},"author":2,"featured_media":211379,"comment_status":"closed","ping_status":"closed","sticky":false,"template":"","format":"standard","meta":{"footnotes":""},"categories":[28],"tags":[],"class_list":["post-211377","post","type-post","status-publish","format-standard","has-post-thumbnail","hentry","category-deportes"],"yoast_head":"<!-- This site is optimized with the Yoast SEO plugin v24.8.1 - https:\/\/yoast.com\/wordpress\/plugins\/seo\/ -->\n<title>Charros de Jalisco vence 12x11 a Tomateros de Culiac\u00e1n y se corona en Serie del Caribe - PotenciaRadiofonicaDominicana.com<\/title>\n<meta name=\"robots\" content=\"index, follow, max-snippet:-1, max-image-preview:large, max-video-preview:-1\" \/>\n<link rel=\"canonical\" href=\"https:\/\/potenciaradiofonicadominicana.com\/portal\/charros-de-jalisco-vence-12x11-a-tomateros-de-culiacan-y-se-corona-en-serie-del-caribe\/\" \/>\n<meta property=\"og:locale\" content=\"es_ES\" \/>\n<meta property=\"og:type\" content=\"article\" \/>\n<meta property=\"og:title\" content=\"Charros de Jalisco vence 12x11 a Tomateros de Culiac\u00e1n y se corona en Serie del Caribe - PotenciaRadiofonicaDominicana.com\" \/>\n<meta property=\"og:description\" content=\"Los\u00a0Charros de Jalisco, identificados como\u00a0M\u00e9xico Rojo, se consagraron\u00a0campeones\u00a0de la\u00a0Serie del Caribe 2026\u00a0al vencer 12&#215;11 en extra innings a los\u00a0Tomateros de ...\" \/>\n<meta property=\"og:url\" content=\"https:\/\/potenciaradiofonicadominicana.com\/portal\/charros-de-jalisco-vence-12x11-a-tomateros-de-culiacan-y-se-corona-en-serie-del-caribe\/\" \/>\n<meta property=\"og:site_name\" content=\"PotenciaRadiofonicaDominicana.com\" \/>\n<meta property=\"article:publisher\" content=\"https:\/\/web.facebook.com\/PotenciaRadiofonicaD\" \/>\n<meta property=\"article:published_time\" content=\"2026-02-08T23:58:39+00:00\" \/>\n<meta property=\"og:image\" content=\"https:\/\/potenciaradiofonicadominicana.com\/portal\/wp-content\/uploads\/2026\/02\/serie-del-caribe-2026-charros-se-coronan-al-vencer-a-tomateros-e76ac343-focus-0-0-896-504.jpg\" \/>\n\t<meta property=\"og:image:width\" content=\"896\" \/>\n\t<meta property=\"og:image:height\" content=\"504\" \/>\n\t<meta property=\"og:image:type\" content=\"image\/jpeg\" \/>\n<meta name=\"author\" content=\"Potencia Radiof\u00f3nica Dominicana\" \/>\n<meta name=\"twitter:card\" content=\"summary_large_image\" \/>\n<meta name=\"twitter:label1\" content=\"Escrito por\" \/>\n\t<meta name=\"twitter:data1\" content=\"Potencia Radiof\u00f3nica Dominicana\" \/>\n\t<meta name=\"twitter:label2\" content=\"Tiempo de lectura\" \/>\n\t<meta name=\"twitter:data2\" content=\"2 minutos\" \/>\n<script type=\"application\/ld+json\" class=\"yoast-schema-graph\">{\"@context\":\"https:\/\/schema.org\",\"@graph\":[{\"@type\":\"Article\",\"@id\":\"https:\/\/potenciaradiofonicadominicana.com\/portal\/charros-de-jalisco-vence-12x11-a-tomateros-de-culiacan-y-se-corona-en-serie-del-caribe\/#article\",\"isPartOf\":{\"@id\":\"https:\/\/potenciaradiofonicadominicana.com\/portal\/charros-de-jalisco-vence-12x11-a-tomateros-de-culiacan-y-se-corona-en-serie-del-caribe\/\"},\"author\":{\"name\":\"Potencia Radiof\u00f3nica Dominicana\",\"@id\":\"https:\/\/potenciaradiofonicadominicana.com\/portal\/#\/schema\/person\/a5cf1fea13877803ee0573ac18b03490\"},\"headline\":\"Charros de Jalisco vence 12&#215;11 a Tomateros de Culiac\u00e1n y se corona en Serie del Caribe\",\"datePublished\":\"2026-02-08T23:58:39+00:00\",\"mainEntityOfPage\":{\"@id\":\"https:\/\/potenciaradiofonicadominicana.com\/portal\/charros-de-jalisco-vence-12x11-a-tomateros-de-culiacan-y-se-corona-en-serie-del-caribe\/\"},\"wordCount\":165,\"publisher\":{\"@id\":\"https:\/\/potenciaradiofonicadominicana.com\/portal\/#organization\"},\"image\":{\"@id\":\"https:\/\/potenciaradiofonicadominicana.com\/portal\/charros-de-jalisco-vence-12x11-a-tomateros-de-culiacan-y-se-corona-en-serie-del-caribe\/#primaryimage\"},\"thumbnailUrl\":\"https:\/\/potenciaradiofonicadominicana.com\/portal\/wp-content\/uploads\/2026\/02\/serie-del-caribe-2026-charros-se-coronan-al-vencer-a-tomateros-e76ac343-focus-0-0-896-504.jpg\",\"articleSection\":[\"Deportes\"],\"inLanguage\":\"es\"},{\"@type\":\"WebPage\",\"@id\":\"https:\/\/potenciaradiofonicadominicana.com\/portal\/charros-de-jalisco-vence-12x11-a-tomateros-de-culiacan-y-se-corona-en-serie-del-caribe\/\",\"url\":\"https:\/\/potenciaradiofonicadominicana.com\/portal\/charros-de-jalisco-vence-12x11-a-tomateros-de-culiacan-y-se-corona-en-serie-del-caribe\/\",\"name\":\"Charros de Jalisco vence 12x11 a Tomateros de Culiac\u00e1n y se corona en Serie del Caribe - PotenciaRadiofonicaDominicana.com\",\"isPartOf\":{\"@id\":\"https:\/\/potenciaradiofonicadominicana.com\/portal\/#website\"},\"primaryImageOfPage\":{\"@id\":\"https:\/\/potenciaradiofonicadominicana.com\/portal\/charros-de-jalisco-vence-12x11-a-tomateros-de-culiacan-y-se-corona-en-serie-del-caribe\/#primaryimage\"},\"image\":{\"@id\":\"https:\/\/potenciaradiofonicadominicana.com\/portal\/charros-de-jalisco-vence-12x11-a-tomateros-de-culiacan-y-se-corona-en-serie-del-caribe\/#primaryimage\"},\"thumbnailUrl\":\"https:\/\/potenciaradiofonicadominicana.com\/portal\/wp-content\/uploads\/2026\/02\/serie-del-caribe-2026-charros-se-coronan-al-vencer-a-tomateros-e76ac343-focus-0-0-896-504.jpg\",\"datePublished\":\"2026-02-08T23:58:39+00:00\",\"breadcrumb\":{\"@id\":\"https:\/\/potenciaradiofonicadominicana.com\/portal\/charros-de-jalisco-vence-12x11-a-tomateros-de-culiacan-y-se-corona-en-serie-del-caribe\/#breadcrumb\"},\"inLanguage\":\"es\",\"potentialAction\":[{\"@type\":\"ReadAction\",\"target\":[\"https:\/\/potenciaradiofonicadominicana.com\/portal\/charros-de-jalisco-vence-12x11-a-tomateros-de-culiacan-y-se-corona-en-serie-del-caribe\/\"]}]},{\"@type\":\"ImageObject\",\"inLanguage\":\"es\",\"@id\":\"https:\/\/potenciaradiofonicadominicana.com\/portal\/charros-de-jalisco-vence-12x11-a-tomateros-de-culiacan-y-se-corona-en-serie-del-caribe\/#primaryimage\",\"url\":\"https:\/\/potenciaradiofonicadominicana.com\/portal\/wp-content\/uploads\/2026\/02\/serie-del-caribe-2026-charros-se-coronan-al-vencer-a-tomateros-e76ac343-focus-0-0-896-504.jpg\",\"contentUrl\":\"https:\/\/potenciaradiofonicadominicana.com\/portal\/wp-content\/uploads\/2026\/02\/serie-del-caribe-2026-charros-se-coronan-al-vencer-a-tomateros-e76ac343-focus-0-0-896-504.jpg\",\"width\":896,\"height\":504},{\"@type\":\"BreadcrumbList\",\"@id\":\"https:\/\/potenciaradiofonicadominicana.com\/portal\/charros-de-jalisco-vence-12x11-a-tomateros-de-culiacan-y-se-corona-en-serie-del-caribe\/#breadcrumb\",\"itemListElement\":[{\"@type\":\"ListItem\",\"position\":1,\"name\":\"Portada\",\"item\":\"https:\/\/potenciaradiofonicadominicana.com\/portal\/\"},{\"@type\":\"ListItem\",\"position\":2,\"name\":\"Charros de Jalisco vence 12&#215;11 a Tomateros de Culiac\u00e1n y se corona en Serie del Caribe\"}]},{\"@type\":\"WebSite\",\"@id\":\"https:\/\/potenciaradiofonicadominicana.com\/portal\/#website\",\"url\":\"https:\/\/potenciaradiofonicadominicana.com\/portal\/\",\"name\":\"PotenciaRadiofonicaDominicana.com\",\"description\":\"Peri\u00f3dico Digital\",\"publisher\":{\"@id\":\"https:\/\/potenciaradiofonicadominicana.com\/portal\/#organization\"},\"potentialAction\":[{\"@type\":\"SearchAction\",\"target\":{\"@type\":\"EntryPoint\",\"urlTemplate\":\"https:\/\/potenciaradiofonicadominicana.com\/portal\/?s={search_term_string}\"},\"query-input\":{\"@type\":\"PropertyValueSpecification\",\"valueRequired\":true,\"valueName\":\"search_term_string\"}}],\"inLanguage\":\"es\"},{\"@type\":\"Organization\",\"@id\":\"https:\/\/potenciaradiofonicadominicana.com\/portal\/#organization\",\"name\":\"PotenciaRadiofonicaDominicana.com\",\"url\":\"https:\/\/potenciaradiofonicadominicana.com\/portal\/\",\"logo\":{\"@type\":\"ImageObject\",\"inLanguage\":\"es\",\"@id\":\"https:\/\/potenciaradiofonicadominicana.com\/portal\/#\/schema\/logo\/image\/\",\"url\":\"https:\/\/potenciaradiofonicadominicana.com\/portal\/wp-content\/uploads\/2022\/01\/descarga.png\",\"contentUrl\":\"https:\/\/potenciaradiofonicadominicana.com\/portal\/wp-content\/uploads\/2022\/01\/descarga.png\",\"width\":300,\"height\":100,\"caption\":\"PotenciaRadiofonicaDominicana.com\"},\"image\":{\"@id\":\"https:\/\/potenciaradiofonicadominicana.com\/portal\/#\/schema\/logo\/image\/\"},\"sameAs\":[\"https:\/\/web.facebook.com\/PotenciaRadiofonicaD\"]},{\"@type\":\"Person\",\"@id\":\"https:\/\/potenciaradiofonicadominicana.com\/portal\/#\/schema\/person\/a5cf1fea13877803ee0573ac18b03490\",\"name\":\"Potencia Radiof\u00f3nica Dominicana\",\"image\":{\"@type\":\"ImageObject\",\"inLanguage\":\"es\",\"@id\":\"https:\/\/potenciaradiofonicadominicana.com\/portal\/#\/schema\/person\/image\/\",\"url\":\"https:\/\/secure.gravatar.com\/avatar\/42a55ab9e8ccc656ba34cd791990602a?s=96&d=mm&r=g\",\"contentUrl\":\"https:\/\/secure.gravatar.com\/avatar\/42a55ab9e8ccc656ba34cd791990602a?s=96&d=mm&r=g\",\"caption\":\"Potencia Radiof\u00f3nica Dominicana\"},\"url\":\"https:\/\/potenciaradiofonicadominicana.com\/portal\/author\/johannyalmanzar\/\"}]}<\/script>\n<!-- \/ Yoast SEO plugin. -->","yoast_head_json":{"title":"Charros de Jalisco vence 12x11 a Tomateros de Culiac\u00e1n y se corona en Serie del Caribe - PotenciaRadiofonicaDominicana.com","robots":{"index":"index","follow":"follow","max-snippet":"max-snippet:-1","max-image-preview":"max-image-preview:large","max-video-preview":"max-video-preview:-1"},"canonical":"https:\/\/potenciaradiofonicadominicana.com\/portal\/charros-de-jalisco-vence-12x11-a-tomateros-de-culiacan-y-se-corona-en-serie-del-caribe\/","og_locale":"es_ES","og_type":"article","og_title":"Charros de Jalisco vence 12x11 a Tomateros de Culiac\u00e1n y se corona en Serie del Caribe - PotenciaRadiofonicaDominicana.com","og_description":"Los\u00a0Charros de Jalisco, identificados como\u00a0M\u00e9xico Rojo, se consagraron\u00a0campeones\u00a0de la\u00a0Serie del Caribe 2026\u00a0al vencer 12&#215;11 en extra innings a los\u00a0Tomateros de ...","og_url":"https:\/\/potenciaradiofonicadominicana.com\/portal\/charros-de-jalisco-vence-12x11-a-tomateros-de-culiacan-y-se-corona-en-serie-del-caribe\/","og_site_name":"PotenciaRadiofonicaDominicana.com","article_publisher":"https:\/\/web.facebook.com\/PotenciaRadiofonicaD","article_published_time":"2026-02-08T23:58:39+00:00","og_image":[{"width":896,"height":504,"url":"https:\/\/potenciaradiofonicadominicana.com\/portal\/wp-content\/uploads\/2026\/02\/serie-del-caribe-2026-charros-se-coronan-al-vencer-a-tomateros-e76ac343-focus-0-0-896-504.jpg","type":"image\/jpeg"}],"author":"Potencia Radiof\u00f3nica Dominicana","twitter_card":"summary_large_image","twitter_misc":{"Escrito por":"Potencia Radiof\u00f3nica Dominicana","Tiempo de lectura":"2 minutos"},"schema":{"@context":"https:\/\/schema.org","@graph":[{"@type":"Article","@id":"https:\/\/potenciaradiofonicadominicana.com\/portal\/charros-de-jalisco-vence-12x11-a-tomateros-de-culiacan-y-se-corona-en-serie-del-caribe\/#article","isPartOf":{"@id":"https:\/\/potenciaradiofonicadominicana.com\/portal\/charros-de-jalisco-vence-12x11-a-tomateros-de-culiacan-y-se-corona-en-serie-del-caribe\/"},"author":{"name":"Potencia Radiof\u00f3nica Dominicana","@id":"https:\/\/potenciaradiofonicadominicana.com\/portal\/#\/schema\/person\/a5cf1fea13877803ee0573ac18b03490"},"headline":"Charros de Jalisco vence 12&#215;11 a Tomateros de Culiac\u00e1n y se corona en Serie del Caribe","datePublished":"2026-02-08T23:58:39+00:00","mainEntityOfPage":{"@id":"https:\/\/potenciaradiofonicadominicana.com\/portal\/charros-de-jalisco-vence-12x11-a-tomateros-de-culiacan-y-se-corona-en-serie-del-caribe\/"},"wordCount":165,"publisher":{"@id":"https:\/\/potenciaradiofonicadominicana.com\/portal\/#organization"},"image":{"@id":"https:\/\/potenciaradiofonicadominicana.com\/portal\/charros-de-jalisco-vence-12x11-a-tomateros-de-culiacan-y-se-corona-en-serie-del-caribe\/#primaryimage"},"thumbnailUrl":"https:\/\/potenciaradiofonicadominicana.com\/portal\/wp-content\/uploads\/2026\/02\/serie-del-caribe-2026-charros-se-coronan-al-vencer-a-tomateros-e76ac343-focus-0-0-896-504.jpg","articleSection":["Deportes"],"inLanguage":"es"},{"@type":"WebPage","@id":"https:\/\/potenciaradiofonicadominicana.com\/portal\/charros-de-jalisco-vence-12x11-a-tomateros-de-culiacan-y-se-corona-en-serie-del-caribe\/","url":"https:\/\/potenciaradiofonicadominicana.com\/portal\/charros-de-jalisco-vence-12x11-a-tomateros-de-culiacan-y-se-corona-en-serie-del-caribe\/","name":"Charros de Jalisco vence 12x11 a Tomateros de Culiac\u00e1n y se corona en Serie del Caribe - PotenciaRadiofonicaDominicana.com","isPartOf":{"@id":"https:\/\/potenciaradiofonicadominicana.com\/portal\/#website"},"primaryImageOfPage":{"@id":"https:\/\/potenciaradiofonicadominicana.com\/portal\/charros-de-jalisco-vence-12x11-a-tomateros-de-culiacan-y-se-corona-en-serie-del-caribe\/#primaryimage"},"image":{"@id":"https:\/\/potenciaradiofonicadominicana.com\/portal\/charros-de-jalisco-vence-12x11-a-tomateros-de-culiacan-y-se-corona-en-serie-del-caribe\/#primaryimage"},"thumbnailUrl":"https:\/\/potenciaradiofonicadominicana.com\/portal\/wp-content\/uploads\/2026\/02\/serie-del-caribe-2026-charros-se-coronan-al-vencer-a-tomateros-e76ac343-focus-0-0-896-504.jpg","datePublished":"2026-02-08T23:58:39+00:00","breadcrumb":{"@id":"https:\/\/potenciaradiofonicadominicana.com\/portal\/charros-de-jalisco-vence-12x11-a-tomateros-de-culiacan-y-se-corona-en-serie-del-caribe\/#breadcrumb"},"inLanguage":"es","potentialAction":[{"@type":"ReadAction","target":["https:\/\/potenciaradiofonicadominicana.com\/portal\/charros-de-jalisco-vence-12x11-a-tomateros-de-culiacan-y-se-corona-en-serie-del-caribe\/"]}]},{"@type":"ImageObject","inLanguage":"es","@id":"https:\/\/potenciaradiofonicadominicana.com\/portal\/charros-de-jalisco-vence-12x11-a-tomateros-de-culiacan-y-se-corona-en-serie-del-caribe\/#primaryimage","url":"https:\/\/potenciaradiofonicadominicana.com\/portal\/wp-content\/uploads\/2026\/02\/serie-del-caribe-2026-charros-se-coronan-al-vencer-a-tomateros-e76ac343-focus-0-0-896-504.jpg","contentUrl":"https:\/\/potenciaradiofonicadominicana.com\/portal\/wp-content\/uploads\/2026\/02\/serie-del-caribe-2026-charros-se-coronan-al-vencer-a-tomateros-e76ac343-focus-0-0-896-504.jpg","width":896,"height":504},{"@type":"BreadcrumbList","@id":"https:\/\/potenciaradiofonicadominicana.com\/portal\/charros-de-jalisco-vence-12x11-a-tomateros-de-culiacan-y-se-corona-en-serie-del-caribe\/#breadcrumb","itemListElement":[{"@type":"ListItem","position":1,"name":"Portada","item":"https:\/\/potenciaradiofonicadominicana.com\/portal\/"},{"@type":"ListItem","position":2,"name":"Charros de Jalisco vence 12&#215;11 a Tomateros de Culiac\u00e1n y se corona en Serie del Caribe"}]},{"@type":"WebSite","@id":"https:\/\/potenciaradiofonicadominicana.com\/portal\/#website","url":"https:\/\/potenciaradiofonicadominicana.com\/portal\/","name":"PotenciaRadiofonicaDominicana.com","description":"Peri\u00f3dico Digital","publisher":{"@id":"https:\/\/potenciaradiofonicadominicana.com\/portal\/#organization"},"potentialAction":[{"@type":"SearchAction","target":{"@type":"EntryPoint","urlTemplate":"https:\/\/potenciaradiofonicadominicana.com\/portal\/?s={search_term_string}"},"query-input":{"@type":"PropertyValueSpecification","valueRequired":true,"valueName":"search_term_string"}}],"inLanguage":"es"},{"@type":"Organization","@id":"https:\/\/potenciaradiofonicadominicana.com\/portal\/#organization","name":"PotenciaRadiofonicaDominicana.com","url":"https:\/\/potenciaradiofonicadominicana.com\/portal\/","logo":{"@type":"ImageObject","inLanguage":"es","@id":"https:\/\/potenciaradiofonicadominicana.com\/portal\/#\/schema\/logo\/image\/","url":"https:\/\/potenciaradiofonicadominicana.com\/portal\/wp-content\/uploads\/2022\/01\/descarga.png","contentUrl":"https:\/\/potenciaradiofonicadominicana.com\/portal\/wp-content\/uploads\/2022\/01\/descarga.png","width":300,"height":100,"caption":"PotenciaRadiofonicaDominicana.com"},"image":{"@id":"https:\/\/potenciaradiofonicadominicana.com\/portal\/#\/schema\/logo\/image\/"},"sameAs":["https:\/\/web.facebook.com\/PotenciaRadiofonicaD"]},{"@type":"Person","@id":"https:\/\/potenciaradiofonicadominicana.com\/portal\/#\/schema\/person\/a5cf1fea13877803ee0573ac18b03490","name":"Potencia Radiof\u00f3nica Dominicana","image":{"@type":"ImageObject","inLanguage":"es","@id":"https:\/\/potenciaradiofonicadominicana.com\/portal\/#\/schema\/person\/image\/","url":"https:\/\/secure.gravatar.com\/avatar\/42a55ab9e8ccc656ba34cd791990602a?s=96&d=mm&r=g","contentUrl":"https:\/\/secure.gravatar.com\/avatar\/42a55ab9e8ccc656ba34cd791990602a?s=96&d=mm&r=g","caption":"Potencia Radiof\u00f3nica Dominicana"},"url":"https:\/\/potenciaradiofonicadominicana.com\/portal\/author\/johannyalmanzar\/"}]}},"_links":{"self":[{"href":"https:\/\/potenciaradiofonicadominicana.com\/portal\/wp-json\/wp\/v2\/posts\/211377","targetHints":{"allow":["GET"]}}],"collection":[{"href":"https:\/\/potenciaradiofonicadominicana.com\/portal\/wp-json\/wp\/v2\/posts"}],"about":[{"href":"https:\/\/potenciaradiofonicadominicana.com\/portal\/wp-json\/wp\/v2\/types\/post"}],"author":[{"embeddable":true,"href":"https:\/\/potenciaradiofonicadominicana.com\/portal\/wp-json\/wp\/v2\/users\/2"}],"replies":[{"embeddable":true,"href":"https:\/\/potenciaradiofonicadominicana.com\/portal\/wp-json\/wp\/v2\/comments?post=211377"}],"version-history":[{"count":1,"href":"https:\/\/potenciaradiofonicadominicana.com\/portal\/wp-json\/wp\/v2\/posts\/211377\/revisions"}],"predecessor-version":[{"id":211381,"href":"https:\/\/potenciaradiofonicadominicana.com\/portal\/wp-json\/wp\/v2\/posts\/211377\/revisions\/211381"}],"wp:featuredmedia":[{"embeddable":true,"href":"https:\/\/potenciaradiofonicadominicana.com\/portal\/wp-json\/wp\/v2\/media\/211379"}],"wp:attachment":[{"href":"https:\/\/potenciaradiofonicadominicana.com\/portal\/wp-json\/wp\/v2\/media?parent=211377"}],"wp:term":[{"taxonomy":"category","embeddable":true,"href":"https:\/\/potenciaradiofonicadominicana.com\/portal\/wp-json\/wp\/v2\/categories?post=211377"},{"taxonomy":"post_tag","embeddable":true,"href":"https:\/\/potenciaradiofonicadominicana.com\/portal\/wp-json\/wp\/v2\/tags?post=211377"}],"curies":[{"name":"wp","href":"https:\/\/api.w.org\/{rel}","templated":true}]}}