{"id":211356,"date":"2026-02-08T19:52:53","date_gmt":"2026-02-08T23:52:53","guid":{"rendered":"https:\/\/potenciaradiofonicadominicana.com\/portal\/?p=211356"},"modified":"2026-02-08T19:52:53","modified_gmt":"2026-02-08T23:52:53","slug":"mexico-pide-a-connacionales-respetar-la-ley-en-el-super-bowl-ante-tensiones-con-estados-unidos","status":"publish","type":"post","link":"https:\/\/potenciaradiofonicadominicana.com\/portal\/mexico-pide-a-connacionales-respetar-la-ley-en-el-super-bowl-ante-tensiones-con-estados-unidos\/","title":{"rendered":"M\u00e9xico pide a connacionales \u00abrespetar la ley\u00bb en el Super Bowl ante tensiones con Estados Unidos"},"content":{"rendered":"<p><a href=\"https:\/\/potenciaradiofonicadominicana.com\/portal\/wp-content\/uploads\/2026\/02\/mexico-pide-a-connacionales-respetar-la-ley-en-el-super-bowl-3b0520b9-focus-0-0-896-504.jpg\"><img loading=\"lazy\" decoding=\"async\" class=\"alignnone size-full wp-image-211357\" src=\"https:\/\/potenciaradiofonicadominicana.com\/portal\/wp-content\/uploads\/2026\/02\/mexico-pide-a-connacionales-respetar-la-ley-en-el-super-bowl-3b0520b9-focus-0-0-896-504.jpg\" alt=\"\" width=\"896\" height=\"504\" srcset=\"https:\/\/potenciaradiofonicadominicana.com\/portal\/wp-content\/uploads\/2026\/02\/mexico-pide-a-connacionales-respetar-la-ley-en-el-super-bowl-3b0520b9-focus-0-0-896-504.jpg 896w, https:\/\/potenciaradiofonicadominicana.com\/portal\/wp-content\/uploads\/2026\/02\/mexico-pide-a-connacionales-respetar-la-ley-en-el-super-bowl-3b0520b9-focus-0-0-896-504-300x169.jpg 300w, https:\/\/potenciaradiofonicadominicana.com\/portal\/wp-content\/uploads\/2026\/02\/mexico-pide-a-connacionales-respetar-la-ley-en-el-super-bowl-3b0520b9-focus-0-0-896-504-768x432.jpg 768w\" sizes=\"auto, (max-width: 896px) 100vw, 896px\" \/><\/a><\/p>\n<p>Tras las\u00a0<strong>redadas migratorias<\/strong>\u00a0lideradas por el\u00a0<strong>Servicio de Inmigraci\u00f3n<\/strong>\u00a0(<strong>ICE<\/strong>) en Estados Unidos, la Secretar\u00eda de Relaciones Exteriores (SRE) de M\u00e9xico pidi\u00f3 este s\u00e1bado a los mexicanos \u201cviajar de manera responsable\u201d y respetar \u201clas\u00a0<strong>leyes locales<\/strong>\u201d de Santa Clara,\u00a0<strong>California<\/strong>, donde el 8 de febrero se celebrar\u00e1 el\u00a0<strong>Super Bowl LX<\/strong>.<\/p>\n<p>En un\u00a0<strong>mensaje en redes<\/strong>\u00a0sociales, la canciller\u00eda mexicana ofreci\u00f3 recomendaciones a los viajeros mexicanos en las que, en caso de ser detenidos, pidan a la autoridad estadounidense notificar al\u00a0<strong>consulado de M\u00e9xico<\/strong>\u00a0correspondiente para recibir una\u00a0<strong>mejor orientaci\u00f3n<\/strong>.<\/p>\n<p>\u201c<strong>Viaja de manera responsable<\/strong>\u00a0y recuerda que las\u00a0<strong>leyes locales<\/strong>\u00a0deben respetarse en todo momento\u201d,\u00a0<strong>destac\u00f3 el mensaje<\/strong>\u00a0de la dependencia.<\/p>\n<p>Adem\u00e1s record\u00f3 a los viajeros que el consulado brinda asistencia en caso de\u00a0<strong>extrav\u00edo de pasaporte<\/strong>, detenciones, atenci\u00f3n m\u00e9dica y apoyo si se es v\u00edctima de alg\u00fan abuso o delito.<\/p>\n<p>Tambi\u00e9n apunt\u00f3 que las\u00a0<strong>representaciones consulares<\/strong>\u00a0de M\u00e9xico en la regi\u00f3n y la\u00a0<strong>L\u00ednea de Apoyo Consular<\/strong>\u00a0est\u00e1n disponibles como principal\u00a0<strong>v\u00eda de auxilio<\/strong>.<\/p>\n<p>La advertencia de la SRE ocurre en un contexto en el que EE.UU. ha desplegado violentas\u00a0<strong>redadas migratorias<\/strong>\u00a0en\u00a0<strong>California<\/strong>\u00a0y en ciudades como Mine\u00e1polis, que han provocado la muerte de dos civiles a manos de los agentes de\u00a0<strong>ICE<\/strong>\u00a0y de la Oficina de Aduanas y Protecci\u00f3n Fronteriza (CBP).<\/p>\n<p>En ese sentido, la\u00a0<strong>jefa de seguridad<\/strong>\u00a0de la\u00a0<strong>NFL<\/strong>, Cathy Lanier, descart\u00f3 esta semana la presencia del\u00a0<strong>ICE<\/strong>\u00a0en operativos migratorios durante el\u00a0<strong>Super Bowl LX<\/strong>, que contar\u00e1 con la presentaci\u00f3n de medio tiempo de la estrella puertorrique\u00f1a\u00a0<strong>Bad Bunny<\/strong>.<\/p>\n","protected":false},"excerpt":{"rendered":"<p>Tras las\u00a0redadas migratorias\u00a0lideradas por el\u00a0Servicio de Inmigraci\u00f3n\u00a0(ICE) en Estados Unidos, la Secretar\u00eda de Relaciones Exteriores (SRE) de M\u00e9xico pidi\u00f3 este &#8230;<\/p>\n","protected":false},"author":2,"featured_media":211357,"comment_status":"closed","ping_status":"closed","sticky":false,"template":"","format":"standard","meta":{"footnotes":""},"categories":[28],"tags":[],"class_list":["post-211356","post","type-post","status-publish","format-standard","has-post-thumbnail","hentry","category-deportes"],"yoast_head":"<!-- This site is optimized with the Yoast SEO plugin v24.8.1 - https:\/\/yoast.com\/wordpress\/plugins\/seo\/ -->\n<title>M\u00e9xico pide a connacionales &quot;respetar la ley&quot; en el Super Bowl ante tensiones con Estados Unidos - PotenciaRadiofonicaDominicana.com<\/title>\n<meta name=\"robots\" content=\"index, follow, max-snippet:-1, max-image-preview:large, max-video-preview:-1\" \/>\n<link rel=\"canonical\" href=\"https:\/\/potenciaradiofonicadominicana.com\/portal\/mexico-pide-a-connacionales-respetar-la-ley-en-el-super-bowl-ante-tensiones-con-estados-unidos\/\" \/>\n<meta property=\"og:locale\" content=\"es_ES\" \/>\n<meta property=\"og:type\" content=\"article\" \/>\n<meta property=\"og:title\" content=\"M\u00e9xico pide a connacionales &quot;respetar la ley&quot; en el Super Bowl ante tensiones con Estados Unidos - PotenciaRadiofonicaDominicana.com\" \/>\n<meta property=\"og:description\" content=\"Tras las\u00a0redadas migratorias\u00a0lideradas por el\u00a0Servicio de Inmigraci\u00f3n\u00a0(ICE) en Estados Unidos, la Secretar\u00eda de Relaciones Exteriores (SRE) de M\u00e9xico pidi\u00f3 este ...\" \/>\n<meta property=\"og:url\" content=\"https:\/\/potenciaradiofonicadominicana.com\/portal\/mexico-pide-a-connacionales-respetar-la-ley-en-el-super-bowl-ante-tensiones-con-estados-unidos\/\" \/>\n<meta property=\"og:site_name\" content=\"PotenciaRadiofonicaDominicana.com\" \/>\n<meta property=\"article:publisher\" content=\"https:\/\/web.facebook.com\/PotenciaRadiofonicaD\" \/>\n<meta property=\"article:published_time\" content=\"2026-02-08T23:52:53+00:00\" \/>\n<meta property=\"og:image\" content=\"https:\/\/potenciaradiofonicadominicana.com\/portal\/wp-content\/uploads\/2026\/02\/mexico-pide-a-connacionales-respetar-la-ley-en-el-super-bowl-3b0520b9-focus-0-0-896-504.jpg\" \/>\n\t<meta property=\"og:image:width\" content=\"896\" \/>\n\t<meta property=\"og:image:height\" content=\"504\" \/>\n\t<meta property=\"og:image:type\" content=\"image\/jpeg\" \/>\n<meta name=\"author\" content=\"Potencia Radiof\u00f3nica Dominicana\" \/>\n<meta name=\"twitter:card\" content=\"summary_large_image\" \/>\n<meta name=\"twitter:label1\" content=\"Escrito por\" \/>\n\t<meta name=\"twitter:data1\" content=\"Potencia Radiof\u00f3nica Dominicana\" \/>\n\t<meta name=\"twitter:label2\" content=\"Tiempo de lectura\" \/>\n\t<meta name=\"twitter:data2\" content=\"2 minutos\" \/>\n<script type=\"application\/ld+json\" class=\"yoast-schema-graph\">{\"@context\":\"https:\/\/schema.org\",\"@graph\":[{\"@type\":\"Article\",\"@id\":\"https:\/\/potenciaradiofonicadominicana.com\/portal\/mexico-pide-a-connacionales-respetar-la-ley-en-el-super-bowl-ante-tensiones-con-estados-unidos\/#article\",\"isPartOf\":{\"@id\":\"https:\/\/potenciaradiofonicadominicana.com\/portal\/mexico-pide-a-connacionales-respetar-la-ley-en-el-super-bowl-ante-tensiones-con-estados-unidos\/\"},\"author\":{\"name\":\"Potencia Radiof\u00f3nica Dominicana\",\"@id\":\"https:\/\/potenciaradiofonicadominicana.com\/portal\/#\/schema\/person\/a5cf1fea13877803ee0573ac18b03490\"},\"headline\":\"M\u00e9xico pide a connacionales \u00abrespetar la ley\u00bb en el Super Bowl ante tensiones con Estados Unidos\",\"datePublished\":\"2026-02-08T23:52:53+00:00\",\"mainEntityOfPage\":{\"@id\":\"https:\/\/potenciaradiofonicadominicana.com\/portal\/mexico-pide-a-connacionales-respetar-la-ley-en-el-super-bowl-ante-tensiones-con-estados-unidos\/\"},\"wordCount\":297,\"publisher\":{\"@id\":\"https:\/\/potenciaradiofonicadominicana.com\/portal\/#organization\"},\"image\":{\"@id\":\"https:\/\/potenciaradiofonicadominicana.com\/portal\/mexico-pide-a-connacionales-respetar-la-ley-en-el-super-bowl-ante-tensiones-con-estados-unidos\/#primaryimage\"},\"thumbnailUrl\":\"https:\/\/potenciaradiofonicadominicana.com\/portal\/wp-content\/uploads\/2026\/02\/mexico-pide-a-connacionales-respetar-la-ley-en-el-super-bowl-3b0520b9-focus-0-0-896-504.jpg\",\"articleSection\":[\"Deportes\"],\"inLanguage\":\"es\"},{\"@type\":\"WebPage\",\"@id\":\"https:\/\/potenciaradiofonicadominicana.com\/portal\/mexico-pide-a-connacionales-respetar-la-ley-en-el-super-bowl-ante-tensiones-con-estados-unidos\/\",\"url\":\"https:\/\/potenciaradiofonicadominicana.com\/portal\/mexico-pide-a-connacionales-respetar-la-ley-en-el-super-bowl-ante-tensiones-con-estados-unidos\/\",\"name\":\"M\u00e9xico pide a connacionales \\\"respetar la ley\\\" en el Super Bowl ante tensiones con Estados Unidos - PotenciaRadiofonicaDominicana.com\",\"isPartOf\":{\"@id\":\"https:\/\/potenciaradiofonicadominicana.com\/portal\/#website\"},\"primaryImageOfPage\":{\"@id\":\"https:\/\/potenciaradiofonicadominicana.com\/portal\/mexico-pide-a-connacionales-respetar-la-ley-en-el-super-bowl-ante-tensiones-con-estados-unidos\/#primaryimage\"},\"image\":{\"@id\":\"https:\/\/potenciaradiofonicadominicana.com\/portal\/mexico-pide-a-connacionales-respetar-la-ley-en-el-super-bowl-ante-tensiones-con-estados-unidos\/#primaryimage\"},\"thumbnailUrl\":\"https:\/\/potenciaradiofonicadominicana.com\/portal\/wp-content\/uploads\/2026\/02\/mexico-pide-a-connacionales-respetar-la-ley-en-el-super-bowl-3b0520b9-focus-0-0-896-504.jpg\",\"datePublished\":\"2026-02-08T23:52:53+00:00\",\"breadcrumb\":{\"@id\":\"https:\/\/potenciaradiofonicadominicana.com\/portal\/mexico-pide-a-connacionales-respetar-la-ley-en-el-super-bowl-ante-tensiones-con-estados-unidos\/#breadcrumb\"},\"inLanguage\":\"es\",\"potentialAction\":[{\"@type\":\"ReadAction\",\"target\":[\"https:\/\/potenciaradiofonicadominicana.com\/portal\/mexico-pide-a-connacionales-respetar-la-ley-en-el-super-bowl-ante-tensiones-con-estados-unidos\/\"]}]},{\"@type\":\"ImageObject\",\"inLanguage\":\"es\",\"@id\":\"https:\/\/potenciaradiofonicadominicana.com\/portal\/mexico-pide-a-connacionales-respetar-la-ley-en-el-super-bowl-ante-tensiones-con-estados-unidos\/#primaryimage\",\"url\":\"https:\/\/potenciaradiofonicadominicana.com\/portal\/wp-content\/uploads\/2026\/02\/mexico-pide-a-connacionales-respetar-la-ley-en-el-super-bowl-3b0520b9-focus-0-0-896-504.jpg\",\"contentUrl\":\"https:\/\/potenciaradiofonicadominicana.com\/portal\/wp-content\/uploads\/2026\/02\/mexico-pide-a-connacionales-respetar-la-ley-en-el-super-bowl-3b0520b9-focus-0-0-896-504.jpg\",\"width\":896,\"height\":504},{\"@type\":\"BreadcrumbList\",\"@id\":\"https:\/\/potenciaradiofonicadominicana.com\/portal\/mexico-pide-a-connacionales-respetar-la-ley-en-el-super-bowl-ante-tensiones-con-estados-unidos\/#breadcrumb\",\"itemListElement\":[{\"@type\":\"ListItem\",\"position\":1,\"name\":\"Portada\",\"item\":\"https:\/\/potenciaradiofonicadominicana.com\/portal\/\"},{\"@type\":\"ListItem\",\"position\":2,\"name\":\"M\u00e9xico pide a connacionales \u00abrespetar la ley\u00bb en el Super Bowl ante tensiones con Estados Unidos\"}]},{\"@type\":\"WebSite\",\"@id\":\"https:\/\/potenciaradiofonicadominicana.com\/portal\/#website\",\"url\":\"https:\/\/potenciaradiofonicadominicana.com\/portal\/\",\"name\":\"PotenciaRadiofonicaDominicana.com\",\"description\":\"Peri\u00f3dico Digital\",\"publisher\":{\"@id\":\"https:\/\/potenciaradiofonicadominicana.com\/portal\/#organization\"},\"potentialAction\":[{\"@type\":\"SearchAction\",\"target\":{\"@type\":\"EntryPoint\",\"urlTemplate\":\"https:\/\/potenciaradiofonicadominicana.com\/portal\/?s={search_term_string}\"},\"query-input\":{\"@type\":\"PropertyValueSpecification\",\"valueRequired\":true,\"valueName\":\"search_term_string\"}}],\"inLanguage\":\"es\"},{\"@type\":\"Organization\",\"@id\":\"https:\/\/potenciaradiofonicadominicana.com\/portal\/#organization\",\"name\":\"PotenciaRadiofonicaDominicana.com\",\"url\":\"https:\/\/potenciaradiofonicadominicana.com\/portal\/\",\"logo\":{\"@type\":\"ImageObject\",\"inLanguage\":\"es\",\"@id\":\"https:\/\/potenciaradiofonicadominicana.com\/portal\/#\/schema\/logo\/image\/\",\"url\":\"https:\/\/potenciaradiofonicadominicana.com\/portal\/wp-content\/uploads\/2022\/01\/descarga.png\",\"contentUrl\":\"https:\/\/potenciaradiofonicadominicana.com\/portal\/wp-content\/uploads\/2022\/01\/descarga.png\",\"width\":300,\"height\":100,\"caption\":\"PotenciaRadiofonicaDominicana.com\"},\"image\":{\"@id\":\"https:\/\/potenciaradiofonicadominicana.com\/portal\/#\/schema\/logo\/image\/\"},\"sameAs\":[\"https:\/\/web.facebook.com\/PotenciaRadiofonicaD\"]},{\"@type\":\"Person\",\"@id\":\"https:\/\/potenciaradiofonicadominicana.com\/portal\/#\/schema\/person\/a5cf1fea13877803ee0573ac18b03490\",\"name\":\"Potencia Radiof\u00f3nica Dominicana\",\"image\":{\"@type\":\"ImageObject\",\"inLanguage\":\"es\",\"@id\":\"https:\/\/potenciaradiofonicadominicana.com\/portal\/#\/schema\/person\/image\/\",\"url\":\"https:\/\/secure.gravatar.com\/avatar\/42a55ab9e8ccc656ba34cd791990602a?s=96&d=mm&r=g\",\"contentUrl\":\"https:\/\/secure.gravatar.com\/avatar\/42a55ab9e8ccc656ba34cd791990602a?s=96&d=mm&r=g\",\"caption\":\"Potencia Radiof\u00f3nica Dominicana\"},\"url\":\"https:\/\/potenciaradiofonicadominicana.com\/portal\/author\/johannyalmanzar\/\"}]}<\/script>\n<!-- \/ Yoast SEO plugin. -->","yoast_head_json":{"title":"M\u00e9xico pide a connacionales \"respetar la ley\" en el Super Bowl ante tensiones con Estados Unidos - PotenciaRadiofonicaDominicana.com","robots":{"index":"index","follow":"follow","max-snippet":"max-snippet:-1","max-image-preview":"max-image-preview:large","max-video-preview":"max-video-preview:-1"},"canonical":"https:\/\/potenciaradiofonicadominicana.com\/portal\/mexico-pide-a-connacionales-respetar-la-ley-en-el-super-bowl-ante-tensiones-con-estados-unidos\/","og_locale":"es_ES","og_type":"article","og_title":"M\u00e9xico pide a connacionales \"respetar la ley\" en el Super Bowl ante tensiones con Estados Unidos - PotenciaRadiofonicaDominicana.com","og_description":"Tras las\u00a0redadas migratorias\u00a0lideradas por el\u00a0Servicio de Inmigraci\u00f3n\u00a0(ICE) en Estados Unidos, la Secretar\u00eda de Relaciones Exteriores (SRE) de M\u00e9xico pidi\u00f3 este ...","og_url":"https:\/\/potenciaradiofonicadominicana.com\/portal\/mexico-pide-a-connacionales-respetar-la-ley-en-el-super-bowl-ante-tensiones-con-estados-unidos\/","og_site_name":"PotenciaRadiofonicaDominicana.com","article_publisher":"https:\/\/web.facebook.com\/PotenciaRadiofonicaD","article_published_time":"2026-02-08T23:52:53+00:00","og_image":[{"width":896,"height":504,"url":"https:\/\/potenciaradiofonicadominicana.com\/portal\/wp-content\/uploads\/2026\/02\/mexico-pide-a-connacionales-respetar-la-ley-en-el-super-bowl-3b0520b9-focus-0-0-896-504.jpg","type":"image\/jpeg"}],"author":"Potencia Radiof\u00f3nica Dominicana","twitter_card":"summary_large_image","twitter_misc":{"Escrito por":"Potencia Radiof\u00f3nica Dominicana","Tiempo de lectura":"2 minutos"},"schema":{"@context":"https:\/\/schema.org","@graph":[{"@type":"Article","@id":"https:\/\/potenciaradiofonicadominicana.com\/portal\/mexico-pide-a-connacionales-respetar-la-ley-en-el-super-bowl-ante-tensiones-con-estados-unidos\/#article","isPartOf":{"@id":"https:\/\/potenciaradiofonicadominicana.com\/portal\/mexico-pide-a-connacionales-respetar-la-ley-en-el-super-bowl-ante-tensiones-con-estados-unidos\/"},"author":{"name":"Potencia Radiof\u00f3nica Dominicana","@id":"https:\/\/potenciaradiofonicadominicana.com\/portal\/#\/schema\/person\/a5cf1fea13877803ee0573ac18b03490"},"headline":"M\u00e9xico pide a connacionales \u00abrespetar la ley\u00bb en el Super Bowl ante tensiones con Estados Unidos","datePublished":"2026-02-08T23:52:53+00:00","mainEntityOfPage":{"@id":"https:\/\/potenciaradiofonicadominicana.com\/portal\/mexico-pide-a-connacionales-respetar-la-ley-en-el-super-bowl-ante-tensiones-con-estados-unidos\/"},"wordCount":297,"publisher":{"@id":"https:\/\/potenciaradiofonicadominicana.com\/portal\/#organization"},"image":{"@id":"https:\/\/potenciaradiofonicadominicana.com\/portal\/mexico-pide-a-connacionales-respetar-la-ley-en-el-super-bowl-ante-tensiones-con-estados-unidos\/#primaryimage"},"thumbnailUrl":"https:\/\/potenciaradiofonicadominicana.com\/portal\/wp-content\/uploads\/2026\/02\/mexico-pide-a-connacionales-respetar-la-ley-en-el-super-bowl-3b0520b9-focus-0-0-896-504.jpg","articleSection":["Deportes"],"inLanguage":"es"},{"@type":"WebPage","@id":"https:\/\/potenciaradiofonicadominicana.com\/portal\/mexico-pide-a-connacionales-respetar-la-ley-en-el-super-bowl-ante-tensiones-con-estados-unidos\/","url":"https:\/\/potenciaradiofonicadominicana.com\/portal\/mexico-pide-a-connacionales-respetar-la-ley-en-el-super-bowl-ante-tensiones-con-estados-unidos\/","name":"M\u00e9xico pide a connacionales \"respetar la ley\" en el Super Bowl ante tensiones con Estados Unidos - PotenciaRadiofonicaDominicana.com","isPartOf":{"@id":"https:\/\/potenciaradiofonicadominicana.com\/portal\/#website"},"primaryImageOfPage":{"@id":"https:\/\/potenciaradiofonicadominicana.com\/portal\/mexico-pide-a-connacionales-respetar-la-ley-en-el-super-bowl-ante-tensiones-con-estados-unidos\/#primaryimage"},"image":{"@id":"https:\/\/potenciaradiofonicadominicana.com\/portal\/mexico-pide-a-connacionales-respetar-la-ley-en-el-super-bowl-ante-tensiones-con-estados-unidos\/#primaryimage"},"thumbnailUrl":"https:\/\/potenciaradiofonicadominicana.com\/portal\/wp-content\/uploads\/2026\/02\/mexico-pide-a-connacionales-respetar-la-ley-en-el-super-bowl-3b0520b9-focus-0-0-896-504.jpg","datePublished":"2026-02-08T23:52:53+00:00","breadcrumb":{"@id":"https:\/\/potenciaradiofonicadominicana.com\/portal\/mexico-pide-a-connacionales-respetar-la-ley-en-el-super-bowl-ante-tensiones-con-estados-unidos\/#breadcrumb"},"inLanguage":"es","potentialAction":[{"@type":"ReadAction","target":["https:\/\/potenciaradiofonicadominicana.com\/portal\/mexico-pide-a-connacionales-respetar-la-ley-en-el-super-bowl-ante-tensiones-con-estados-unidos\/"]}]},{"@type":"ImageObject","inLanguage":"es","@id":"https:\/\/potenciaradiofonicadominicana.com\/portal\/mexico-pide-a-connacionales-respetar-la-ley-en-el-super-bowl-ante-tensiones-con-estados-unidos\/#primaryimage","url":"https:\/\/potenciaradiofonicadominicana.com\/portal\/wp-content\/uploads\/2026\/02\/mexico-pide-a-connacionales-respetar-la-ley-en-el-super-bowl-3b0520b9-focus-0-0-896-504.jpg","contentUrl":"https:\/\/potenciaradiofonicadominicana.com\/portal\/wp-content\/uploads\/2026\/02\/mexico-pide-a-connacionales-respetar-la-ley-en-el-super-bowl-3b0520b9-focus-0-0-896-504.jpg","width":896,"height":504},{"@type":"BreadcrumbList","@id":"https:\/\/potenciaradiofonicadominicana.com\/portal\/mexico-pide-a-connacionales-respetar-la-ley-en-el-super-bowl-ante-tensiones-con-estados-unidos\/#breadcrumb","itemListElement":[{"@type":"ListItem","position":1,"name":"Portada","item":"https:\/\/potenciaradiofonicadominicana.com\/portal\/"},{"@type":"ListItem","position":2,"name":"M\u00e9xico pide a connacionales \u00abrespetar la ley\u00bb en el Super Bowl ante tensiones con Estados Unidos"}]},{"@type":"WebSite","@id":"https:\/\/potenciaradiofonicadominicana.com\/portal\/#website","url":"https:\/\/potenciaradiofonicadominicana.com\/portal\/","name":"PotenciaRadiofonicaDominicana.com","description":"Peri\u00f3dico Digital","publisher":{"@id":"https:\/\/potenciaradiofonicadominicana.com\/portal\/#organization"},"potentialAction":[{"@type":"SearchAction","target":{"@type":"EntryPoint","urlTemplate":"https:\/\/potenciaradiofonicadominicana.com\/portal\/?s={search_term_string}"},"query-input":{"@type":"PropertyValueSpecification","valueRequired":true,"valueName":"search_term_string"}}],"inLanguage":"es"},{"@type":"Organization","@id":"https:\/\/potenciaradiofonicadominicana.com\/portal\/#organization","name":"PotenciaRadiofonicaDominicana.com","url":"https:\/\/potenciaradiofonicadominicana.com\/portal\/","logo":{"@type":"ImageObject","inLanguage":"es","@id":"https:\/\/potenciaradiofonicadominicana.com\/portal\/#\/schema\/logo\/image\/","url":"https:\/\/potenciaradiofonicadominicana.com\/portal\/wp-content\/uploads\/2022\/01\/descarga.png","contentUrl":"https:\/\/potenciaradiofonicadominicana.com\/portal\/wp-content\/uploads\/2022\/01\/descarga.png","width":300,"height":100,"caption":"PotenciaRadiofonicaDominicana.com"},"image":{"@id":"https:\/\/potenciaradiofonicadominicana.com\/portal\/#\/schema\/logo\/image\/"},"sameAs":["https:\/\/web.facebook.com\/PotenciaRadiofonicaD"]},{"@type":"Person","@id":"https:\/\/potenciaradiofonicadominicana.com\/portal\/#\/schema\/person\/a5cf1fea13877803ee0573ac18b03490","name":"Potencia Radiof\u00f3nica Dominicana","image":{"@type":"ImageObject","inLanguage":"es","@id":"https:\/\/potenciaradiofonicadominicana.com\/portal\/#\/schema\/person\/image\/","url":"https:\/\/secure.gravatar.com\/avatar\/42a55ab9e8ccc656ba34cd791990602a?s=96&d=mm&r=g","contentUrl":"https:\/\/secure.gravatar.com\/avatar\/42a55ab9e8ccc656ba34cd791990602a?s=96&d=mm&r=g","caption":"Potencia Radiof\u00f3nica Dominicana"},"url":"https:\/\/potenciaradiofonicadominicana.com\/portal\/author\/johannyalmanzar\/"}]}},"_links":{"self":[{"href":"https:\/\/potenciaradiofonicadominicana.com\/portal\/wp-json\/wp\/v2\/posts\/211356","targetHints":{"allow":["GET"]}}],"collection":[{"href":"https:\/\/potenciaradiofonicadominicana.com\/portal\/wp-json\/wp\/v2\/posts"}],"about":[{"href":"https:\/\/potenciaradiofonicadominicana.com\/portal\/wp-json\/wp\/v2\/types\/post"}],"author":[{"embeddable":true,"href":"https:\/\/potenciaradiofonicadominicana.com\/portal\/wp-json\/wp\/v2\/users\/2"}],"replies":[{"embeddable":true,"href":"https:\/\/potenciaradiofonicadominicana.com\/portal\/wp-json\/wp\/v2\/comments?post=211356"}],"version-history":[{"count":1,"href":"https:\/\/potenciaradiofonicadominicana.com\/portal\/wp-json\/wp\/v2\/posts\/211356\/revisions"}],"predecessor-version":[{"id":211361,"href":"https:\/\/potenciaradiofonicadominicana.com\/portal\/wp-json\/wp\/v2\/posts\/211356\/revisions\/211361"}],"wp:featuredmedia":[{"embeddable":true,"href":"https:\/\/potenciaradiofonicadominicana.com\/portal\/wp-json\/wp\/v2\/media\/211357"}],"wp:attachment":[{"href":"https:\/\/potenciaradiofonicadominicana.com\/portal\/wp-json\/wp\/v2\/media?parent=211356"}],"wp:term":[{"taxonomy":"category","embeddable":true,"href":"https:\/\/potenciaradiofonicadominicana.com\/portal\/wp-json\/wp\/v2\/categories?post=211356"},{"taxonomy":"post_tag","embeddable":true,"href":"https:\/\/potenciaradiofonicadominicana.com\/portal\/wp-json\/wp\/v2\/tags?post=211356"}],"curies":[{"name":"wp","href":"https:\/\/api.w.org\/{rel}","templated":true}]}}