{"id":211347,"date":"2026-02-08T19:49:52","date_gmt":"2026-02-08T23:49:52","guid":{"rendered":"https:\/\/potenciaradiofonicadominicana.com\/portal\/?p=211347"},"modified":"2026-02-08T19:49:52","modified_gmt":"2026-02-08T23:49:52","slug":"presidente-abinader-entrega-dos-polideportivos-a-puerto-plata-por-valor-de-76-millones-de-pesos","status":"publish","type":"post","link":"https:\/\/potenciaradiofonicadominicana.com\/portal\/presidente-abinader-entrega-dos-polideportivos-a-puerto-plata-por-valor-de-76-millones-de-pesos\/","title":{"rendered":"Presidente Abinader entrega dos polideportivos a Puerto Plata por valor de 76 millones de pesos"},"content":{"rendered":"<p><a href=\"https:\/\/potenciaradiofonicadominicana.com\/portal\/wp-content\/uploads\/2026\/02\/abinader-entrega-dos-polideportivos-a-puerto-plata-c60288fa-focus-0.09-0.48-896-504.jpg\"><img loading=\"lazy\" decoding=\"async\" class=\"alignnone size-full wp-image-211348\" src=\"https:\/\/potenciaradiofonicadominicana.com\/portal\/wp-content\/uploads\/2026\/02\/abinader-entrega-dos-polideportivos-a-puerto-plata-c60288fa-focus-0.09-0.48-896-504.jpg\" alt=\"\" width=\"896\" height=\"504\" srcset=\"https:\/\/potenciaradiofonicadominicana.com\/portal\/wp-content\/uploads\/2026\/02\/abinader-entrega-dos-polideportivos-a-puerto-plata-c60288fa-focus-0.09-0.48-896-504.jpg 896w, https:\/\/potenciaradiofonicadominicana.com\/portal\/wp-content\/uploads\/2026\/02\/abinader-entrega-dos-polideportivos-a-puerto-plata-c60288fa-focus-0.09-0.48-896-504-300x169.jpg 300w, https:\/\/potenciaradiofonicadominicana.com\/portal\/wp-content\/uploads\/2026\/02\/abinader-entrega-dos-polideportivos-a-puerto-plata-c60288fa-focus-0.09-0.48-896-504-768x432.jpg 768w\" sizes=\"auto, (max-width: 896px) 100vw, 896px\" \/><\/a><\/p>\n<p>El presidente de la Rep\u00fablica,\u00a0<strong>Luis Abinader<\/strong>, inaugur\u00f3 este domingo dos polideportivos techados en esta provincia, construidos por el Ministerio de Deportes y Recreaci\u00f3n (Miderec) con una inversi\u00f3n total de RD$76,036,851.71, destinados a fortalecer la pr\u00e1ctica del baloncesto superior y otras disciplinas deportivas en la denominada Novia del Atl\u00e1ntico.<\/p>\n<p>Las nuevas instalaciones corresponden a los clubes\u00a0<strong>Gustavo Behall<\/strong>\u00a0y\u00a0<strong>Gregorio Luper\u00f3n<\/strong>, cuyos recintos multiusos fueron entregados durante actos encabezados por el mandatario, acompa\u00f1ado por el ministro de Deportes, Kelvin Cruz, y el ministro de la Presidencia, Jos\u00e9 Ignacio Paliza.<\/p>\n<p>Las obras representan las instalaciones deportivas n\u00famero 37 y 38 inauguradas durante la actual gesti\u00f3n de Cruz al frente del\u00a0<strong>Miderec<\/strong>. Seg\u00fan explic\u00f3 el ministro Cruz, el polideportivo del club\u00a0<strong>Gustavo Behall<\/strong>\u00a0fue construido con una inversi\u00f3n de\u00a0<strong>RD$38,618,916.75<\/strong>, mientras que el del club\u00a0<strong>Gregorio Luper\u00f3n<\/strong> tuvo un costo de RD$37,417,934.96.<\/p>\n<p>Durante el acto, Cruz destac\u00f3 que la construcci\u00f3n de estas infraestructuras responde a\u00a0<strong>demandas hist\u00f3ricas<\/strong>\u00a0del movimiento deportivo puertoplate\u00f1o, particularmente de organizaciones vinculadas al baloncesto superior, el voleibol, el f\u00fatbol sala y otras disciplinas que se practican de forma activa en la provincia.<\/p>\n<p><strong>Las instalaciones<\/strong>\u00a0cuentan con techado en estructura met\u00e1lica, gradas con asientos, oficinas administrativas con ba\u00f1os, vestidores para atletas, tabloncillo de madera de maple con certificaci\u00f3n FIBA en el \u00e1rea de juego, tableros homologados por la federaci\u00f3n internacional, pizarra electr\u00f3nica, reloj deportivo y sistema el\u00e9ctrico completo.<\/p>\n<p><strong>El presidente Abinader<\/strong>\u00a0y los funcionarios gubernamentales estuvieron acompa\u00f1ados por el ministro de Turismo, David Collado; la senadora de Puerto Plata, Ginette Bournigal; la gobernadora provincial, Claritza Rochtte; el alcalde de San Felipe de Puerto Plata, Di\u00f3genes Roque Garc\u00eda, y el alcalde del municipio de Luper\u00f3n, Rom\u00e1n Israel Brito, junto a dirigentes deportivos y comunitarios.<\/p>\n<p>Como parte del programa de rehabilitaci\u00f3n de infraestructuras deportivas en la provincia, el\u00a0<strong>Ministerio de Deportes<\/strong>\u00a0tambi\u00e9n ejecut\u00f3 trabajos de remozamiento en la cancha del club Batey 3, la cancha Los Halcones en Playa Oeste, el Club Deportivo, Recreativo y Cultural Puerto Rico y el polideportivo Club Fant\u00e1stico.<\/p>\n","protected":false},"excerpt":{"rendered":"<p>El presidente de la Rep\u00fablica,\u00a0Luis Abinader, inaugur\u00f3 este domingo dos polideportivos techados en esta provincia, construidos por el Ministerio de &#8230;<\/p>\n","protected":false},"author":2,"featured_media":211348,"comment_status":"closed","ping_status":"closed","sticky":false,"template":"","format":"standard","meta":{"footnotes":""},"categories":[28],"tags":[],"class_list":["post-211347","post","type-post","status-publish","format-standard","has-post-thumbnail","hentry","category-deportes"],"yoast_head":"<!-- This site is optimized with the Yoast SEO plugin v24.8.1 - https:\/\/yoast.com\/wordpress\/plugins\/seo\/ -->\n<title>Presidente Abinader entrega dos polideportivos a Puerto Plata por valor de 76 millones de pesos - PotenciaRadiofonicaDominicana.com<\/title>\n<meta name=\"robots\" content=\"index, follow, max-snippet:-1, max-image-preview:large, max-video-preview:-1\" \/>\n<link rel=\"canonical\" href=\"https:\/\/potenciaradiofonicadominicana.com\/portal\/presidente-abinader-entrega-dos-polideportivos-a-puerto-plata-por-valor-de-76-millones-de-pesos\/\" \/>\n<meta property=\"og:locale\" content=\"es_ES\" \/>\n<meta property=\"og:type\" content=\"article\" \/>\n<meta property=\"og:title\" content=\"Presidente Abinader entrega dos polideportivos a Puerto Plata por valor de 76 millones de pesos - PotenciaRadiofonicaDominicana.com\" \/>\n<meta property=\"og:description\" content=\"El presidente de la Rep\u00fablica,\u00a0Luis Abinader, inaugur\u00f3 este domingo dos polideportivos techados en esta provincia, construidos por el Ministerio de ...\" \/>\n<meta property=\"og:url\" content=\"https:\/\/potenciaradiofonicadominicana.com\/portal\/presidente-abinader-entrega-dos-polideportivos-a-puerto-plata-por-valor-de-76-millones-de-pesos\/\" \/>\n<meta property=\"og:site_name\" content=\"PotenciaRadiofonicaDominicana.com\" \/>\n<meta property=\"article:publisher\" content=\"https:\/\/web.facebook.com\/PotenciaRadiofonicaD\" \/>\n<meta property=\"article:published_time\" content=\"2026-02-08T23:49:52+00:00\" \/>\n<meta property=\"og:image\" content=\"https:\/\/potenciaradiofonicadominicana.com\/portal\/wp-content\/uploads\/2026\/02\/abinader-entrega-dos-polideportivos-a-puerto-plata-c60288fa-focus-0.09-0.48-896-504.jpg\" \/>\n\t<meta property=\"og:image:width\" content=\"896\" \/>\n\t<meta property=\"og:image:height\" content=\"504\" \/>\n\t<meta property=\"og:image:type\" content=\"image\/jpeg\" \/>\n<meta name=\"author\" content=\"Potencia Radiof\u00f3nica Dominicana\" \/>\n<meta name=\"twitter:card\" content=\"summary_large_image\" \/>\n<meta name=\"twitter:label1\" content=\"Escrito por\" \/>\n\t<meta name=\"twitter:data1\" content=\"Potencia Radiof\u00f3nica Dominicana\" \/>\n\t<meta name=\"twitter:label2\" content=\"Tiempo de lectura\" \/>\n\t<meta name=\"twitter:data2\" content=\"2 minutos\" \/>\n<script type=\"application\/ld+json\" class=\"yoast-schema-graph\">{\"@context\":\"https:\/\/schema.org\",\"@graph\":[{\"@type\":\"Article\",\"@id\":\"https:\/\/potenciaradiofonicadominicana.com\/portal\/presidente-abinader-entrega-dos-polideportivos-a-puerto-plata-por-valor-de-76-millones-de-pesos\/#article\",\"isPartOf\":{\"@id\":\"https:\/\/potenciaradiofonicadominicana.com\/portal\/presidente-abinader-entrega-dos-polideportivos-a-puerto-plata-por-valor-de-76-millones-de-pesos\/\"},\"author\":{\"name\":\"Potencia Radiof\u00f3nica Dominicana\",\"@id\":\"https:\/\/potenciaradiofonicadominicana.com\/portal\/#\/schema\/person\/a5cf1fea13877803ee0573ac18b03490\"},\"headline\":\"Presidente Abinader entrega dos polideportivos a Puerto Plata por valor de 76 millones de pesos\",\"datePublished\":\"2026-02-08T23:49:52+00:00\",\"mainEntityOfPage\":{\"@id\":\"https:\/\/potenciaradiofonicadominicana.com\/portal\/presidente-abinader-entrega-dos-polideportivos-a-puerto-plata-por-valor-de-76-millones-de-pesos\/\"},\"wordCount\":372,\"publisher\":{\"@id\":\"https:\/\/potenciaradiofonicadominicana.com\/portal\/#organization\"},\"image\":{\"@id\":\"https:\/\/potenciaradiofonicadominicana.com\/portal\/presidente-abinader-entrega-dos-polideportivos-a-puerto-plata-por-valor-de-76-millones-de-pesos\/#primaryimage\"},\"thumbnailUrl\":\"https:\/\/potenciaradiofonicadominicana.com\/portal\/wp-content\/uploads\/2026\/02\/abinader-entrega-dos-polideportivos-a-puerto-plata-c60288fa-focus-0.09-0.48-896-504.jpg\",\"articleSection\":[\"Deportes\"],\"inLanguage\":\"es\"},{\"@type\":\"WebPage\",\"@id\":\"https:\/\/potenciaradiofonicadominicana.com\/portal\/presidente-abinader-entrega-dos-polideportivos-a-puerto-plata-por-valor-de-76-millones-de-pesos\/\",\"url\":\"https:\/\/potenciaradiofonicadominicana.com\/portal\/presidente-abinader-entrega-dos-polideportivos-a-puerto-plata-por-valor-de-76-millones-de-pesos\/\",\"name\":\"Presidente Abinader entrega dos polideportivos a Puerto Plata por valor de 76 millones de pesos - PotenciaRadiofonicaDominicana.com\",\"isPartOf\":{\"@id\":\"https:\/\/potenciaradiofonicadominicana.com\/portal\/#website\"},\"primaryImageOfPage\":{\"@id\":\"https:\/\/potenciaradiofonicadominicana.com\/portal\/presidente-abinader-entrega-dos-polideportivos-a-puerto-plata-por-valor-de-76-millones-de-pesos\/#primaryimage\"},\"image\":{\"@id\":\"https:\/\/potenciaradiofonicadominicana.com\/portal\/presidente-abinader-entrega-dos-polideportivos-a-puerto-plata-por-valor-de-76-millones-de-pesos\/#primaryimage\"},\"thumbnailUrl\":\"https:\/\/potenciaradiofonicadominicana.com\/portal\/wp-content\/uploads\/2026\/02\/abinader-entrega-dos-polideportivos-a-puerto-plata-c60288fa-focus-0.09-0.48-896-504.jpg\",\"datePublished\":\"2026-02-08T23:49:52+00:00\",\"breadcrumb\":{\"@id\":\"https:\/\/potenciaradiofonicadominicana.com\/portal\/presidente-abinader-entrega-dos-polideportivos-a-puerto-plata-por-valor-de-76-millones-de-pesos\/#breadcrumb\"},\"inLanguage\":\"es\",\"potentialAction\":[{\"@type\":\"ReadAction\",\"target\":[\"https:\/\/potenciaradiofonicadominicana.com\/portal\/presidente-abinader-entrega-dos-polideportivos-a-puerto-plata-por-valor-de-76-millones-de-pesos\/\"]}]},{\"@type\":\"ImageObject\",\"inLanguage\":\"es\",\"@id\":\"https:\/\/potenciaradiofonicadominicana.com\/portal\/presidente-abinader-entrega-dos-polideportivos-a-puerto-plata-por-valor-de-76-millones-de-pesos\/#primaryimage\",\"url\":\"https:\/\/potenciaradiofonicadominicana.com\/portal\/wp-content\/uploads\/2026\/02\/abinader-entrega-dos-polideportivos-a-puerto-plata-c60288fa-focus-0.09-0.48-896-504.jpg\",\"contentUrl\":\"https:\/\/potenciaradiofonicadominicana.com\/portal\/wp-content\/uploads\/2026\/02\/abinader-entrega-dos-polideportivos-a-puerto-plata-c60288fa-focus-0.09-0.48-896-504.jpg\",\"width\":896,\"height\":504},{\"@type\":\"BreadcrumbList\",\"@id\":\"https:\/\/potenciaradiofonicadominicana.com\/portal\/presidente-abinader-entrega-dos-polideportivos-a-puerto-plata-por-valor-de-76-millones-de-pesos\/#breadcrumb\",\"itemListElement\":[{\"@type\":\"ListItem\",\"position\":1,\"name\":\"Portada\",\"item\":\"https:\/\/potenciaradiofonicadominicana.com\/portal\/\"},{\"@type\":\"ListItem\",\"position\":2,\"name\":\"Presidente Abinader entrega dos polideportivos a Puerto Plata por valor de 76 millones de pesos\"}]},{\"@type\":\"WebSite\",\"@id\":\"https:\/\/potenciaradiofonicadominicana.com\/portal\/#website\",\"url\":\"https:\/\/potenciaradiofonicadominicana.com\/portal\/\",\"name\":\"PotenciaRadiofonicaDominicana.com\",\"description\":\"Peri\u00f3dico Digital\",\"publisher\":{\"@id\":\"https:\/\/potenciaradiofonicadominicana.com\/portal\/#organization\"},\"potentialAction\":[{\"@type\":\"SearchAction\",\"target\":{\"@type\":\"EntryPoint\",\"urlTemplate\":\"https:\/\/potenciaradiofonicadominicana.com\/portal\/?s={search_term_string}\"},\"query-input\":{\"@type\":\"PropertyValueSpecification\",\"valueRequired\":true,\"valueName\":\"search_term_string\"}}],\"inLanguage\":\"es\"},{\"@type\":\"Organization\",\"@id\":\"https:\/\/potenciaradiofonicadominicana.com\/portal\/#organization\",\"name\":\"PotenciaRadiofonicaDominicana.com\",\"url\":\"https:\/\/potenciaradiofonicadominicana.com\/portal\/\",\"logo\":{\"@type\":\"ImageObject\",\"inLanguage\":\"es\",\"@id\":\"https:\/\/potenciaradiofonicadominicana.com\/portal\/#\/schema\/logo\/image\/\",\"url\":\"https:\/\/potenciaradiofonicadominicana.com\/portal\/wp-content\/uploads\/2022\/01\/descarga.png\",\"contentUrl\":\"https:\/\/potenciaradiofonicadominicana.com\/portal\/wp-content\/uploads\/2022\/01\/descarga.png\",\"width\":300,\"height\":100,\"caption\":\"PotenciaRadiofonicaDominicana.com\"},\"image\":{\"@id\":\"https:\/\/potenciaradiofonicadominicana.com\/portal\/#\/schema\/logo\/image\/\"},\"sameAs\":[\"https:\/\/web.facebook.com\/PotenciaRadiofonicaD\"]},{\"@type\":\"Person\",\"@id\":\"https:\/\/potenciaradiofonicadominicana.com\/portal\/#\/schema\/person\/a5cf1fea13877803ee0573ac18b03490\",\"name\":\"Potencia Radiof\u00f3nica Dominicana\",\"image\":{\"@type\":\"ImageObject\",\"inLanguage\":\"es\",\"@id\":\"https:\/\/potenciaradiofonicadominicana.com\/portal\/#\/schema\/person\/image\/\",\"url\":\"https:\/\/secure.gravatar.com\/avatar\/42a55ab9e8ccc656ba34cd791990602a?s=96&d=mm&r=g\",\"contentUrl\":\"https:\/\/secure.gravatar.com\/avatar\/42a55ab9e8ccc656ba34cd791990602a?s=96&d=mm&r=g\",\"caption\":\"Potencia Radiof\u00f3nica Dominicana\"},\"url\":\"https:\/\/potenciaradiofonicadominicana.com\/portal\/author\/johannyalmanzar\/\"}]}<\/script>\n<!-- \/ Yoast SEO plugin. -->","yoast_head_json":{"title":"Presidente Abinader entrega dos polideportivos a Puerto Plata por valor de 76 millones de pesos - PotenciaRadiofonicaDominicana.com","robots":{"index":"index","follow":"follow","max-snippet":"max-snippet:-1","max-image-preview":"max-image-preview:large","max-video-preview":"max-video-preview:-1"},"canonical":"https:\/\/potenciaradiofonicadominicana.com\/portal\/presidente-abinader-entrega-dos-polideportivos-a-puerto-plata-por-valor-de-76-millones-de-pesos\/","og_locale":"es_ES","og_type":"article","og_title":"Presidente Abinader entrega dos polideportivos a Puerto Plata por valor de 76 millones de pesos - PotenciaRadiofonicaDominicana.com","og_description":"El presidente de la Rep\u00fablica,\u00a0Luis Abinader, inaugur\u00f3 este domingo dos polideportivos techados en esta provincia, construidos por el Ministerio de ...","og_url":"https:\/\/potenciaradiofonicadominicana.com\/portal\/presidente-abinader-entrega-dos-polideportivos-a-puerto-plata-por-valor-de-76-millones-de-pesos\/","og_site_name":"PotenciaRadiofonicaDominicana.com","article_publisher":"https:\/\/web.facebook.com\/PotenciaRadiofonicaD","article_published_time":"2026-02-08T23:49:52+00:00","og_image":[{"width":896,"height":504,"url":"https:\/\/potenciaradiofonicadominicana.com\/portal\/wp-content\/uploads\/2026\/02\/abinader-entrega-dos-polideportivos-a-puerto-plata-c60288fa-focus-0.09-0.48-896-504.jpg","type":"image\/jpeg"}],"author":"Potencia Radiof\u00f3nica Dominicana","twitter_card":"summary_large_image","twitter_misc":{"Escrito por":"Potencia Radiof\u00f3nica Dominicana","Tiempo de lectura":"2 minutos"},"schema":{"@context":"https:\/\/schema.org","@graph":[{"@type":"Article","@id":"https:\/\/potenciaradiofonicadominicana.com\/portal\/presidente-abinader-entrega-dos-polideportivos-a-puerto-plata-por-valor-de-76-millones-de-pesos\/#article","isPartOf":{"@id":"https:\/\/potenciaradiofonicadominicana.com\/portal\/presidente-abinader-entrega-dos-polideportivos-a-puerto-plata-por-valor-de-76-millones-de-pesos\/"},"author":{"name":"Potencia Radiof\u00f3nica Dominicana","@id":"https:\/\/potenciaradiofonicadominicana.com\/portal\/#\/schema\/person\/a5cf1fea13877803ee0573ac18b03490"},"headline":"Presidente Abinader entrega dos polideportivos a Puerto Plata por valor de 76 millones de pesos","datePublished":"2026-02-08T23:49:52+00:00","mainEntityOfPage":{"@id":"https:\/\/potenciaradiofonicadominicana.com\/portal\/presidente-abinader-entrega-dos-polideportivos-a-puerto-plata-por-valor-de-76-millones-de-pesos\/"},"wordCount":372,"publisher":{"@id":"https:\/\/potenciaradiofonicadominicana.com\/portal\/#organization"},"image":{"@id":"https:\/\/potenciaradiofonicadominicana.com\/portal\/presidente-abinader-entrega-dos-polideportivos-a-puerto-plata-por-valor-de-76-millones-de-pesos\/#primaryimage"},"thumbnailUrl":"https:\/\/potenciaradiofonicadominicana.com\/portal\/wp-content\/uploads\/2026\/02\/abinader-entrega-dos-polideportivos-a-puerto-plata-c60288fa-focus-0.09-0.48-896-504.jpg","articleSection":["Deportes"],"inLanguage":"es"},{"@type":"WebPage","@id":"https:\/\/potenciaradiofonicadominicana.com\/portal\/presidente-abinader-entrega-dos-polideportivos-a-puerto-plata-por-valor-de-76-millones-de-pesos\/","url":"https:\/\/potenciaradiofonicadominicana.com\/portal\/presidente-abinader-entrega-dos-polideportivos-a-puerto-plata-por-valor-de-76-millones-de-pesos\/","name":"Presidente Abinader entrega dos polideportivos a Puerto Plata por valor de 76 millones de pesos - PotenciaRadiofonicaDominicana.com","isPartOf":{"@id":"https:\/\/potenciaradiofonicadominicana.com\/portal\/#website"},"primaryImageOfPage":{"@id":"https:\/\/potenciaradiofonicadominicana.com\/portal\/presidente-abinader-entrega-dos-polideportivos-a-puerto-plata-por-valor-de-76-millones-de-pesos\/#primaryimage"},"image":{"@id":"https:\/\/potenciaradiofonicadominicana.com\/portal\/presidente-abinader-entrega-dos-polideportivos-a-puerto-plata-por-valor-de-76-millones-de-pesos\/#primaryimage"},"thumbnailUrl":"https:\/\/potenciaradiofonicadominicana.com\/portal\/wp-content\/uploads\/2026\/02\/abinader-entrega-dos-polideportivos-a-puerto-plata-c60288fa-focus-0.09-0.48-896-504.jpg","datePublished":"2026-02-08T23:49:52+00:00","breadcrumb":{"@id":"https:\/\/potenciaradiofonicadominicana.com\/portal\/presidente-abinader-entrega-dos-polideportivos-a-puerto-plata-por-valor-de-76-millones-de-pesos\/#breadcrumb"},"inLanguage":"es","potentialAction":[{"@type":"ReadAction","target":["https:\/\/potenciaradiofonicadominicana.com\/portal\/presidente-abinader-entrega-dos-polideportivos-a-puerto-plata-por-valor-de-76-millones-de-pesos\/"]}]},{"@type":"ImageObject","inLanguage":"es","@id":"https:\/\/potenciaradiofonicadominicana.com\/portal\/presidente-abinader-entrega-dos-polideportivos-a-puerto-plata-por-valor-de-76-millones-de-pesos\/#primaryimage","url":"https:\/\/potenciaradiofonicadominicana.com\/portal\/wp-content\/uploads\/2026\/02\/abinader-entrega-dos-polideportivos-a-puerto-plata-c60288fa-focus-0.09-0.48-896-504.jpg","contentUrl":"https:\/\/potenciaradiofonicadominicana.com\/portal\/wp-content\/uploads\/2026\/02\/abinader-entrega-dos-polideportivos-a-puerto-plata-c60288fa-focus-0.09-0.48-896-504.jpg","width":896,"height":504},{"@type":"BreadcrumbList","@id":"https:\/\/potenciaradiofonicadominicana.com\/portal\/presidente-abinader-entrega-dos-polideportivos-a-puerto-plata-por-valor-de-76-millones-de-pesos\/#breadcrumb","itemListElement":[{"@type":"ListItem","position":1,"name":"Portada","item":"https:\/\/potenciaradiofonicadominicana.com\/portal\/"},{"@type":"ListItem","position":2,"name":"Presidente Abinader entrega dos polideportivos a Puerto Plata por valor de 76 millones de pesos"}]},{"@type":"WebSite","@id":"https:\/\/potenciaradiofonicadominicana.com\/portal\/#website","url":"https:\/\/potenciaradiofonicadominicana.com\/portal\/","name":"PotenciaRadiofonicaDominicana.com","description":"Peri\u00f3dico Digital","publisher":{"@id":"https:\/\/potenciaradiofonicadominicana.com\/portal\/#organization"},"potentialAction":[{"@type":"SearchAction","target":{"@type":"EntryPoint","urlTemplate":"https:\/\/potenciaradiofonicadominicana.com\/portal\/?s={search_term_string}"},"query-input":{"@type":"PropertyValueSpecification","valueRequired":true,"valueName":"search_term_string"}}],"inLanguage":"es"},{"@type":"Organization","@id":"https:\/\/potenciaradiofonicadominicana.com\/portal\/#organization","name":"PotenciaRadiofonicaDominicana.com","url":"https:\/\/potenciaradiofonicadominicana.com\/portal\/","logo":{"@type":"ImageObject","inLanguage":"es","@id":"https:\/\/potenciaradiofonicadominicana.com\/portal\/#\/schema\/logo\/image\/","url":"https:\/\/potenciaradiofonicadominicana.com\/portal\/wp-content\/uploads\/2022\/01\/descarga.png","contentUrl":"https:\/\/potenciaradiofonicadominicana.com\/portal\/wp-content\/uploads\/2022\/01\/descarga.png","width":300,"height":100,"caption":"PotenciaRadiofonicaDominicana.com"},"image":{"@id":"https:\/\/potenciaradiofonicadominicana.com\/portal\/#\/schema\/logo\/image\/"},"sameAs":["https:\/\/web.facebook.com\/PotenciaRadiofonicaD"]},{"@type":"Person","@id":"https:\/\/potenciaradiofonicadominicana.com\/portal\/#\/schema\/person\/a5cf1fea13877803ee0573ac18b03490","name":"Potencia Radiof\u00f3nica Dominicana","image":{"@type":"ImageObject","inLanguage":"es","@id":"https:\/\/potenciaradiofonicadominicana.com\/portal\/#\/schema\/person\/image\/","url":"https:\/\/secure.gravatar.com\/avatar\/42a55ab9e8ccc656ba34cd791990602a?s=96&d=mm&r=g","contentUrl":"https:\/\/secure.gravatar.com\/avatar\/42a55ab9e8ccc656ba34cd791990602a?s=96&d=mm&r=g","caption":"Potencia Radiof\u00f3nica Dominicana"},"url":"https:\/\/potenciaradiofonicadominicana.com\/portal\/author\/johannyalmanzar\/"}]}},"_links":{"self":[{"href":"https:\/\/potenciaradiofonicadominicana.com\/portal\/wp-json\/wp\/v2\/posts\/211347","targetHints":{"allow":["GET"]}}],"collection":[{"href":"https:\/\/potenciaradiofonicadominicana.com\/portal\/wp-json\/wp\/v2\/posts"}],"about":[{"href":"https:\/\/potenciaradiofonicadominicana.com\/portal\/wp-json\/wp\/v2\/types\/post"}],"author":[{"embeddable":true,"href":"https:\/\/potenciaradiofonicadominicana.com\/portal\/wp-json\/wp\/v2\/users\/2"}],"replies":[{"embeddable":true,"href":"https:\/\/potenciaradiofonicadominicana.com\/portal\/wp-json\/wp\/v2\/comments?post=211347"}],"version-history":[{"count":1,"href":"https:\/\/potenciaradiofonicadominicana.com\/portal\/wp-json\/wp\/v2\/posts\/211347\/revisions"}],"predecessor-version":[{"id":211350,"href":"https:\/\/potenciaradiofonicadominicana.com\/portal\/wp-json\/wp\/v2\/posts\/211347\/revisions\/211350"}],"wp:featuredmedia":[{"embeddable":true,"href":"https:\/\/potenciaradiofonicadominicana.com\/portal\/wp-json\/wp\/v2\/media\/211348"}],"wp:attachment":[{"href":"https:\/\/potenciaradiofonicadominicana.com\/portal\/wp-json\/wp\/v2\/media?parent=211347"}],"wp:term":[{"taxonomy":"category","embeddable":true,"href":"https:\/\/potenciaradiofonicadominicana.com\/portal\/wp-json\/wp\/v2\/categories?post=211347"},{"taxonomy":"post_tag","embeddable":true,"href":"https:\/\/potenciaradiofonicadominicana.com\/portal\/wp-json\/wp\/v2\/tags?post=211347"}],"curies":[{"name":"wp","href":"https:\/\/api.w.org\/{rel}","templated":true}]}}