{"id":211173,"date":"2026-02-05T20:46:25","date_gmt":"2026-02-06T00:46:25","guid":{"rendered":"https:\/\/potenciaradiofonicadominicana.com\/portal\/?p=211173"},"modified":"2026-02-05T20:46:25","modified_gmt":"2026-02-06T00:46:25","slug":"el-atletico-vapulea-al-betis-y-pasa-a-semifinales-de-la-copa-del-rey","status":"publish","type":"post","link":"https:\/\/potenciaradiofonicadominicana.com\/portal\/el-atletico-vapulea-al-betis-y-pasa-a-semifinales-de-la-copa-del-rey\/","title":{"rendered":"El Atl\u00e9tico vapulea al Betis y pasa a semifinales de la Copa del Rey"},"content":{"rendered":"<p><a href=\"https:\/\/potenciaradiofonicadominicana.com\/portal\/wp-content\/uploads\/2026\/02\/Atletico-de-Madrid.jpg\"><img loading=\"lazy\" decoding=\"async\" class=\"alignnone size-full wp-image-211174\" src=\"https:\/\/potenciaradiofonicadominicana.com\/portal\/wp-content\/uploads\/2026\/02\/Atletico-de-Madrid.jpg\" alt=\"\" width=\"900\" height=\"551\" srcset=\"https:\/\/potenciaradiofonicadominicana.com\/portal\/wp-content\/uploads\/2026\/02\/Atletico-de-Madrid.jpg 900w, https:\/\/potenciaradiofonicadominicana.com\/portal\/wp-content\/uploads\/2026\/02\/Atletico-de-Madrid-300x184.jpg 300w, https:\/\/potenciaradiofonicadominicana.com\/portal\/wp-content\/uploads\/2026\/02\/Atletico-de-Madrid-768x470.jpg 768w, https:\/\/potenciaradiofonicadominicana.com\/portal\/wp-content\/uploads\/2026\/02\/Atletico-de-Madrid-165x100.jpg 165w\" sizes=\"auto, (max-width: 900px) 100vw, 900px\" \/><\/a><\/p>\n<p>SEVILLA.- El Atl\u00e9tico de Madrid vapule\u00f3 (0-5) al Betis y logr\u00f3 con brillantez en La Cartuja el pase a las semifinales de la Copa del Rey, tras un partido en el que fue muy superior a un rival humillado ante el buen f\u00fatbol del conjunto madrile\u00f1o, con uno de sus fichajes, el nigeriano Ademola Lookman, como nuevo referente por su movilidad y efectividad en ataque.<\/p>\n<p>Un tanto del eslovaco David Hancko, a los doce minutos; otro del argentino Giuliano Simeone, a la media hora; y un tercero en el 37 del nigeriano Lookman, que dej\u00f3 una grat\u00edsima impresi\u00f3n por su velocidad y sus movimientos de delantero de quilates, le dieron una clara ventaja al descanso al Atl\u00e9tico, que en la continuaci\u00f3n redonde\u00f3 la goleada con las dianas del franc\u00e9s Antoine Griezmann (m.62) y del argentino Thiago Almada (m.83).<\/p>\n<p>Betis y Atl\u00e9tico se med\u00edan en La Cartuja a por todas. A todo o nada, en el primero de sus dos choques en apenas tres d\u00edas -volver\u00e1n a medirse el domingo en LaLiga en el Metropolitano- y con una m\u00e1xima exigencia para los dos conjuntos, con una mayor presi\u00f3n, en teor\u00eda, para los colchoneros al jugar esta eliminatoria fuera de casa y por una irregularidad que les mantiene a diez puntos del liderato en el torneo liguero.<\/p>\n<p>En un duelo de estilos desde los banquillos, con un f\u00fatbol m\u00e1s elaborado, a priori, en los del chileno Manuel Pellegrini, muy potentes como locales, y m\u00e1s vertical y efectivo en los del argentino Diego Simeone, ambos estaban obligados a dar el m\u00e1ximo para seguir vivos en las tres competiciones e introdujeron variaciones en sus onces. Muchos m\u00e1s el Atl\u00e9tico.<\/p>\n<p>Entre los ocho cambios del Cholo destac\u00f3 el debut del nigeriano Ademola Lookman, reci\u00e9n llegado y que acompa\u00f1\u00f3 a Griezmann al quedarse el argentino Juli\u00e1n Alvarez en el banquillo -igual que Rodrigo Mendoza y el mexicano Obed G\u00f3mez, los otros dos fichajes-. S\u00f3lo repitieron Ruggeri, Llorente y Barrios respecto al once que empat\u00f3 0-0 en casa del Levante.<\/p>\n<p>Pellegrini mantuvo su bloque, con s\u00f3lo tres modificaciones en relaci\u00f3n con el equipo titular que gan\u00f3 2-1 al Valencia. Con el argentino Chimy \u00c1vila de nuevo en punta, volvi\u00f3 a confiar en Adri\u00e1n San Miguel, el portero de la Copa, y aline\u00f3 al argentino Valent\u00edn G\u00f3mez como lateral izquierdo y al \u2018cerebro\u2019 Fornals por el suizo Ricardo Rodr\u00edguez y Sergi Altimira.<\/p>\n<p>El choque comenz\u00f3 con mucha intensidad, por ambos lados, aunque con m\u00e1s insistencia de los b\u00e9ticos para dejar claras sus intenciones y que no se le pondr\u00edan f\u00e1cil al cuadro rojiblanco. Sin embargo, y tras un aviso con un tiro de rosca del marroqu\u00ed Abde que se march\u00f3 fuera, el Atl\u00e9tico se fue haciendo con el mando, con un trabajo colectivo inconmensurable.<\/p>\n<p>Quiz\u00e1s \u2018picados\u2019 por las \u00faltimas cr\u00edticas recibidas, los de Simeone, con un f\u00fatbol \u00e1gil, veloz, certero y agresivo para mirar a la porter\u00eda contraria, empezaron a carburar y superaron por completo a un Betis que iba a una marcha muy inferior. El medio campo era de los madrile\u00f1os y su gente ofensiva se mostr\u00f3 muy clarividente. As\u00ed, todo cay\u00f3 por su propio peso.<\/p>\n<p>La superioridad atl\u00e9tica se plasm\u00f3 en el electr\u00f3nico de La Cartuja en una acci\u00f3n a bal\u00f3n parado, precedida de un gran pase de Giuliano a Griezmann que salv\u00f3 Bartra. El c\u00f3rner lo cabece\u00f3 en el primer palo Hancko para abrir el marcador y, a partir de ah\u00ed, sigui\u00f3 el mon\u00f3logo colchonero a pesar de las ganas del Betis de responder, de rehacerse, pero sin \u00e9xito.<\/p>\n<p>El Atl\u00e9tico se solt\u00f3 en su f\u00fatbol y fue imparable en ataque, con un gran protagonismo del debutante Lookman, auxiliado por Griezmann -que volv\u00eda tras tres partidos lesionado- y perfectamente asistido por el lateral zurdo Ruggeri y por un medio campo de trabajo, pero tambi\u00e9n lanzador y muy certero.<\/p>\n<p>El nigeriano fall\u00f3 un mano a mano ante Adri\u00e1n y a los 25 minutos dispar\u00f3 alto, en posici\u00f3n dudosa, un servicio de Hancko, pero, a\u00fan as\u00ed, fue un incordio para la nerviosa y poco contundente zaga b\u00e9tica. As\u00ed, tras el espejismo local de un potente tiro desde la fronta del colombiano Deossa, el Atl\u00e9tico no perdon\u00f3 en el \u00faltimo cuarto de hora del primer tiempo.<\/p>\n<p>Giuliano Simeone hizo el 0-2 a la media hora al remachar un pase de Ruggeri tras una gran jugada por la izquierda y siete minutos m\u00e1s tarde, en el 37, el incisivo Lookman hall\u00f3 el premio a su magn\u00edfica primera parte con el 0-3, al recibir un gran pase al espacio de Pablo Barrios, quebrar a Ruibal y Diego Llorente y fusilar a Adri\u00e1n. Con ello, dej\u00f3 claro su sello.<\/p>\n<p>En la reanudaci\u00f3n, con un marcador ya imposible para el Betis, Pellegrini hizo un triple cambio para revolucionar a su equipo, impotente y absolutamente desesperado. Entraron el brasile\u00f1o Natan por Bartra, \u00c1ngel Ortiz por Chimy \u00c1vila y el espa\u00f1ol nacionalizado mexicano \u00c1lvaro Fidalgo -en un triste debut como reciente fichaje- por el colombiano Deossa.<\/p>\n<p>La capacidad de reacci\u00f3n del Betis fue nula, salvo un tiro centrado de Abde que par\u00f3 Musso o un centro con peligro que no encontr\u00f3 rematador del brasile\u00f1o Antony, muy poco participativo y sin acierto, como todo su equipo -fue sustituido por Riquelme en el 73-.<\/p>\n<p>Por el contrario, el Atl\u00e9tico sigui\u00f3 imponiendo su incontestable dominio, manej\u00f3 todos los registros del juego, con un gran defensa y un ataque letal, y cerr\u00f3 un brillante partido al ampliar su renta en el minuto 62 con el 0-4 de un talentoso Griezmann, que se asoci\u00f3 a la perfecci\u00f3n con sus compa\u00f1eros en ataque, y en el 83 con el 0-5 del argentino Thiago Almada, tras recoger un rechace a tiro del franc\u00e9s. Al final, gran imagen de los atl\u00e9ticos y tambi\u00e9n de sus fichajes.<\/p>\n","protected":false},"excerpt":{"rendered":"<p>SEVILLA.- El Atl\u00e9tico de Madrid vapule\u00f3 (0-5) al Betis y logr\u00f3 con brillantez en La Cartuja el pase a las &#8230;<\/p>\n","protected":false},"author":2,"featured_media":211174,"comment_status":"closed","ping_status":"closed","sticky":false,"template":"","format":"standard","meta":{"footnotes":""},"categories":[28],"tags":[],"class_list":["post-211173","post","type-post","status-publish","format-standard","has-post-thumbnail","hentry","category-deportes"],"yoast_head":"<!-- This site is optimized with the Yoast SEO plugin v24.8.1 - https:\/\/yoast.com\/wordpress\/plugins\/seo\/ -->\n<title>El Atl\u00e9tico vapulea al Betis y pasa a semifinales de la Copa del Rey - PotenciaRadiofonicaDominicana.com<\/title>\n<meta name=\"robots\" content=\"index, follow, max-snippet:-1, max-image-preview:large, max-video-preview:-1\" \/>\n<link rel=\"canonical\" href=\"https:\/\/potenciaradiofonicadominicana.com\/portal\/el-atletico-vapulea-al-betis-y-pasa-a-semifinales-de-la-copa-del-rey\/\" \/>\n<meta property=\"og:locale\" content=\"es_ES\" \/>\n<meta property=\"og:type\" content=\"article\" \/>\n<meta property=\"og:title\" content=\"El Atl\u00e9tico vapulea al Betis y pasa a semifinales de la Copa del Rey - PotenciaRadiofonicaDominicana.com\" \/>\n<meta property=\"og:description\" content=\"SEVILLA.- El Atl\u00e9tico de Madrid vapule\u00f3 (0-5) al Betis y logr\u00f3 con brillantez en La Cartuja el pase a las ...\" \/>\n<meta property=\"og:url\" content=\"https:\/\/potenciaradiofonicadominicana.com\/portal\/el-atletico-vapulea-al-betis-y-pasa-a-semifinales-de-la-copa-del-rey\/\" \/>\n<meta property=\"og:site_name\" content=\"PotenciaRadiofonicaDominicana.com\" \/>\n<meta property=\"article:publisher\" content=\"https:\/\/web.facebook.com\/PotenciaRadiofonicaD\" \/>\n<meta property=\"article:published_time\" content=\"2026-02-06T00:46:25+00:00\" \/>\n<meta property=\"og:image\" content=\"https:\/\/potenciaradiofonicadominicana.com\/portal\/wp-content\/uploads\/2026\/02\/Atletico-de-Madrid.jpg\" \/>\n\t<meta property=\"og:image:width\" content=\"900\" \/>\n\t<meta property=\"og:image:height\" content=\"551\" \/>\n\t<meta property=\"og:image:type\" content=\"image\/jpeg\" \/>\n<meta name=\"author\" content=\"Potencia Radiof\u00f3nica Dominicana\" \/>\n<meta name=\"twitter:card\" content=\"summary_large_image\" \/>\n<meta name=\"twitter:label1\" content=\"Escrito por\" \/>\n\t<meta name=\"twitter:data1\" content=\"Potencia Radiof\u00f3nica Dominicana\" \/>\n\t<meta name=\"twitter:label2\" content=\"Tiempo de lectura\" \/>\n\t<meta name=\"twitter:data2\" content=\"5 minutos\" \/>\n<script type=\"application\/ld+json\" class=\"yoast-schema-graph\">{\"@context\":\"https:\/\/schema.org\",\"@graph\":[{\"@type\":\"Article\",\"@id\":\"https:\/\/potenciaradiofonicadominicana.com\/portal\/el-atletico-vapulea-al-betis-y-pasa-a-semifinales-de-la-copa-del-rey\/#article\",\"isPartOf\":{\"@id\":\"https:\/\/potenciaradiofonicadominicana.com\/portal\/el-atletico-vapulea-al-betis-y-pasa-a-semifinales-de-la-copa-del-rey\/\"},\"author\":{\"name\":\"Potencia Radiof\u00f3nica Dominicana\",\"@id\":\"https:\/\/potenciaradiofonicadominicana.com\/portal\/#\/schema\/person\/a5cf1fea13877803ee0573ac18b03490\"},\"headline\":\"El Atl\u00e9tico vapulea al Betis y pasa a semifinales de la Copa del Rey\",\"datePublished\":\"2026-02-06T00:46:25+00:00\",\"mainEntityOfPage\":{\"@id\":\"https:\/\/potenciaradiofonicadominicana.com\/portal\/el-atletico-vapulea-al-betis-y-pasa-a-semifinales-de-la-copa-del-rey\/\"},\"wordCount\":1035,\"publisher\":{\"@id\":\"https:\/\/potenciaradiofonicadominicana.com\/portal\/#organization\"},\"image\":{\"@id\":\"https:\/\/potenciaradiofonicadominicana.com\/portal\/el-atletico-vapulea-al-betis-y-pasa-a-semifinales-de-la-copa-del-rey\/#primaryimage\"},\"thumbnailUrl\":\"https:\/\/potenciaradiofonicadominicana.com\/portal\/wp-content\/uploads\/2026\/02\/Atletico-de-Madrid.jpg\",\"articleSection\":[\"Deportes\"],\"inLanguage\":\"es\"},{\"@type\":\"WebPage\",\"@id\":\"https:\/\/potenciaradiofonicadominicana.com\/portal\/el-atletico-vapulea-al-betis-y-pasa-a-semifinales-de-la-copa-del-rey\/\",\"url\":\"https:\/\/potenciaradiofonicadominicana.com\/portal\/el-atletico-vapulea-al-betis-y-pasa-a-semifinales-de-la-copa-del-rey\/\",\"name\":\"El Atl\u00e9tico vapulea al Betis y pasa a semifinales de la Copa del Rey - PotenciaRadiofonicaDominicana.com\",\"isPartOf\":{\"@id\":\"https:\/\/potenciaradiofonicadominicana.com\/portal\/#website\"},\"primaryImageOfPage\":{\"@id\":\"https:\/\/potenciaradiofonicadominicana.com\/portal\/el-atletico-vapulea-al-betis-y-pasa-a-semifinales-de-la-copa-del-rey\/#primaryimage\"},\"image\":{\"@id\":\"https:\/\/potenciaradiofonicadominicana.com\/portal\/el-atletico-vapulea-al-betis-y-pasa-a-semifinales-de-la-copa-del-rey\/#primaryimage\"},\"thumbnailUrl\":\"https:\/\/potenciaradiofonicadominicana.com\/portal\/wp-content\/uploads\/2026\/02\/Atletico-de-Madrid.jpg\",\"datePublished\":\"2026-02-06T00:46:25+00:00\",\"breadcrumb\":{\"@id\":\"https:\/\/potenciaradiofonicadominicana.com\/portal\/el-atletico-vapulea-al-betis-y-pasa-a-semifinales-de-la-copa-del-rey\/#breadcrumb\"},\"inLanguage\":\"es\",\"potentialAction\":[{\"@type\":\"ReadAction\",\"target\":[\"https:\/\/potenciaradiofonicadominicana.com\/portal\/el-atletico-vapulea-al-betis-y-pasa-a-semifinales-de-la-copa-del-rey\/\"]}]},{\"@type\":\"ImageObject\",\"inLanguage\":\"es\",\"@id\":\"https:\/\/potenciaradiofonicadominicana.com\/portal\/el-atletico-vapulea-al-betis-y-pasa-a-semifinales-de-la-copa-del-rey\/#primaryimage\",\"url\":\"https:\/\/potenciaradiofonicadominicana.com\/portal\/wp-content\/uploads\/2026\/02\/Atletico-de-Madrid.jpg\",\"contentUrl\":\"https:\/\/potenciaradiofonicadominicana.com\/portal\/wp-content\/uploads\/2026\/02\/Atletico-de-Madrid.jpg\",\"width\":900,\"height\":551},{\"@type\":\"BreadcrumbList\",\"@id\":\"https:\/\/potenciaradiofonicadominicana.com\/portal\/el-atletico-vapulea-al-betis-y-pasa-a-semifinales-de-la-copa-del-rey\/#breadcrumb\",\"itemListElement\":[{\"@type\":\"ListItem\",\"position\":1,\"name\":\"Portada\",\"item\":\"https:\/\/potenciaradiofonicadominicana.com\/portal\/\"},{\"@type\":\"ListItem\",\"position\":2,\"name\":\"El Atl\u00e9tico vapulea al Betis y pasa a semifinales de la Copa del Rey\"}]},{\"@type\":\"WebSite\",\"@id\":\"https:\/\/potenciaradiofonicadominicana.com\/portal\/#website\",\"url\":\"https:\/\/potenciaradiofonicadominicana.com\/portal\/\",\"name\":\"PotenciaRadiofonicaDominicana.com\",\"description\":\"Peri\u00f3dico Digital\",\"publisher\":{\"@id\":\"https:\/\/potenciaradiofonicadominicana.com\/portal\/#organization\"},\"potentialAction\":[{\"@type\":\"SearchAction\",\"target\":{\"@type\":\"EntryPoint\",\"urlTemplate\":\"https:\/\/potenciaradiofonicadominicana.com\/portal\/?s={search_term_string}\"},\"query-input\":{\"@type\":\"PropertyValueSpecification\",\"valueRequired\":true,\"valueName\":\"search_term_string\"}}],\"inLanguage\":\"es\"},{\"@type\":\"Organization\",\"@id\":\"https:\/\/potenciaradiofonicadominicana.com\/portal\/#organization\",\"name\":\"PotenciaRadiofonicaDominicana.com\",\"url\":\"https:\/\/potenciaradiofonicadominicana.com\/portal\/\",\"logo\":{\"@type\":\"ImageObject\",\"inLanguage\":\"es\",\"@id\":\"https:\/\/potenciaradiofonicadominicana.com\/portal\/#\/schema\/logo\/image\/\",\"url\":\"https:\/\/potenciaradiofonicadominicana.com\/portal\/wp-content\/uploads\/2022\/01\/descarga.png\",\"contentUrl\":\"https:\/\/potenciaradiofonicadominicana.com\/portal\/wp-content\/uploads\/2022\/01\/descarga.png\",\"width\":300,\"height\":100,\"caption\":\"PotenciaRadiofonicaDominicana.com\"},\"image\":{\"@id\":\"https:\/\/potenciaradiofonicadominicana.com\/portal\/#\/schema\/logo\/image\/\"},\"sameAs\":[\"https:\/\/web.facebook.com\/PotenciaRadiofonicaD\"]},{\"@type\":\"Person\",\"@id\":\"https:\/\/potenciaradiofonicadominicana.com\/portal\/#\/schema\/person\/a5cf1fea13877803ee0573ac18b03490\",\"name\":\"Potencia Radiof\u00f3nica Dominicana\",\"image\":{\"@type\":\"ImageObject\",\"inLanguage\":\"es\",\"@id\":\"https:\/\/potenciaradiofonicadominicana.com\/portal\/#\/schema\/person\/image\/\",\"url\":\"https:\/\/secure.gravatar.com\/avatar\/42a55ab9e8ccc656ba34cd791990602a?s=96&d=mm&r=g\",\"contentUrl\":\"https:\/\/secure.gravatar.com\/avatar\/42a55ab9e8ccc656ba34cd791990602a?s=96&d=mm&r=g\",\"caption\":\"Potencia Radiof\u00f3nica Dominicana\"},\"url\":\"https:\/\/potenciaradiofonicadominicana.com\/portal\/author\/johannyalmanzar\/\"}]}<\/script>\n<!-- \/ Yoast SEO plugin. -->","yoast_head_json":{"title":"El Atl\u00e9tico vapulea al Betis y pasa a semifinales de la Copa del Rey - PotenciaRadiofonicaDominicana.com","robots":{"index":"index","follow":"follow","max-snippet":"max-snippet:-1","max-image-preview":"max-image-preview:large","max-video-preview":"max-video-preview:-1"},"canonical":"https:\/\/potenciaradiofonicadominicana.com\/portal\/el-atletico-vapulea-al-betis-y-pasa-a-semifinales-de-la-copa-del-rey\/","og_locale":"es_ES","og_type":"article","og_title":"El Atl\u00e9tico vapulea al Betis y pasa a semifinales de la Copa del Rey - PotenciaRadiofonicaDominicana.com","og_description":"SEVILLA.- El Atl\u00e9tico de Madrid vapule\u00f3 (0-5) al Betis y logr\u00f3 con brillantez en La Cartuja el pase a las ...","og_url":"https:\/\/potenciaradiofonicadominicana.com\/portal\/el-atletico-vapulea-al-betis-y-pasa-a-semifinales-de-la-copa-del-rey\/","og_site_name":"PotenciaRadiofonicaDominicana.com","article_publisher":"https:\/\/web.facebook.com\/PotenciaRadiofonicaD","article_published_time":"2026-02-06T00:46:25+00:00","og_image":[{"width":900,"height":551,"url":"https:\/\/potenciaradiofonicadominicana.com\/portal\/wp-content\/uploads\/2026\/02\/Atletico-de-Madrid.jpg","type":"image\/jpeg"}],"author":"Potencia Radiof\u00f3nica Dominicana","twitter_card":"summary_large_image","twitter_misc":{"Escrito por":"Potencia Radiof\u00f3nica Dominicana","Tiempo de lectura":"5 minutos"},"schema":{"@context":"https:\/\/schema.org","@graph":[{"@type":"Article","@id":"https:\/\/potenciaradiofonicadominicana.com\/portal\/el-atletico-vapulea-al-betis-y-pasa-a-semifinales-de-la-copa-del-rey\/#article","isPartOf":{"@id":"https:\/\/potenciaradiofonicadominicana.com\/portal\/el-atletico-vapulea-al-betis-y-pasa-a-semifinales-de-la-copa-del-rey\/"},"author":{"name":"Potencia Radiof\u00f3nica Dominicana","@id":"https:\/\/potenciaradiofonicadominicana.com\/portal\/#\/schema\/person\/a5cf1fea13877803ee0573ac18b03490"},"headline":"El Atl\u00e9tico vapulea al Betis y pasa a semifinales de la Copa del Rey","datePublished":"2026-02-06T00:46:25+00:00","mainEntityOfPage":{"@id":"https:\/\/potenciaradiofonicadominicana.com\/portal\/el-atletico-vapulea-al-betis-y-pasa-a-semifinales-de-la-copa-del-rey\/"},"wordCount":1035,"publisher":{"@id":"https:\/\/potenciaradiofonicadominicana.com\/portal\/#organization"},"image":{"@id":"https:\/\/potenciaradiofonicadominicana.com\/portal\/el-atletico-vapulea-al-betis-y-pasa-a-semifinales-de-la-copa-del-rey\/#primaryimage"},"thumbnailUrl":"https:\/\/potenciaradiofonicadominicana.com\/portal\/wp-content\/uploads\/2026\/02\/Atletico-de-Madrid.jpg","articleSection":["Deportes"],"inLanguage":"es"},{"@type":"WebPage","@id":"https:\/\/potenciaradiofonicadominicana.com\/portal\/el-atletico-vapulea-al-betis-y-pasa-a-semifinales-de-la-copa-del-rey\/","url":"https:\/\/potenciaradiofonicadominicana.com\/portal\/el-atletico-vapulea-al-betis-y-pasa-a-semifinales-de-la-copa-del-rey\/","name":"El Atl\u00e9tico vapulea al Betis y pasa a semifinales de la Copa del Rey - PotenciaRadiofonicaDominicana.com","isPartOf":{"@id":"https:\/\/potenciaradiofonicadominicana.com\/portal\/#website"},"primaryImageOfPage":{"@id":"https:\/\/potenciaradiofonicadominicana.com\/portal\/el-atletico-vapulea-al-betis-y-pasa-a-semifinales-de-la-copa-del-rey\/#primaryimage"},"image":{"@id":"https:\/\/potenciaradiofonicadominicana.com\/portal\/el-atletico-vapulea-al-betis-y-pasa-a-semifinales-de-la-copa-del-rey\/#primaryimage"},"thumbnailUrl":"https:\/\/potenciaradiofonicadominicana.com\/portal\/wp-content\/uploads\/2026\/02\/Atletico-de-Madrid.jpg","datePublished":"2026-02-06T00:46:25+00:00","breadcrumb":{"@id":"https:\/\/potenciaradiofonicadominicana.com\/portal\/el-atletico-vapulea-al-betis-y-pasa-a-semifinales-de-la-copa-del-rey\/#breadcrumb"},"inLanguage":"es","potentialAction":[{"@type":"ReadAction","target":["https:\/\/potenciaradiofonicadominicana.com\/portal\/el-atletico-vapulea-al-betis-y-pasa-a-semifinales-de-la-copa-del-rey\/"]}]},{"@type":"ImageObject","inLanguage":"es","@id":"https:\/\/potenciaradiofonicadominicana.com\/portal\/el-atletico-vapulea-al-betis-y-pasa-a-semifinales-de-la-copa-del-rey\/#primaryimage","url":"https:\/\/potenciaradiofonicadominicana.com\/portal\/wp-content\/uploads\/2026\/02\/Atletico-de-Madrid.jpg","contentUrl":"https:\/\/potenciaradiofonicadominicana.com\/portal\/wp-content\/uploads\/2026\/02\/Atletico-de-Madrid.jpg","width":900,"height":551},{"@type":"BreadcrumbList","@id":"https:\/\/potenciaradiofonicadominicana.com\/portal\/el-atletico-vapulea-al-betis-y-pasa-a-semifinales-de-la-copa-del-rey\/#breadcrumb","itemListElement":[{"@type":"ListItem","position":1,"name":"Portada","item":"https:\/\/potenciaradiofonicadominicana.com\/portal\/"},{"@type":"ListItem","position":2,"name":"El Atl\u00e9tico vapulea al Betis y pasa a semifinales de la Copa del Rey"}]},{"@type":"WebSite","@id":"https:\/\/potenciaradiofonicadominicana.com\/portal\/#website","url":"https:\/\/potenciaradiofonicadominicana.com\/portal\/","name":"PotenciaRadiofonicaDominicana.com","description":"Peri\u00f3dico Digital","publisher":{"@id":"https:\/\/potenciaradiofonicadominicana.com\/portal\/#organization"},"potentialAction":[{"@type":"SearchAction","target":{"@type":"EntryPoint","urlTemplate":"https:\/\/potenciaradiofonicadominicana.com\/portal\/?s={search_term_string}"},"query-input":{"@type":"PropertyValueSpecification","valueRequired":true,"valueName":"search_term_string"}}],"inLanguage":"es"},{"@type":"Organization","@id":"https:\/\/potenciaradiofonicadominicana.com\/portal\/#organization","name":"PotenciaRadiofonicaDominicana.com","url":"https:\/\/potenciaradiofonicadominicana.com\/portal\/","logo":{"@type":"ImageObject","inLanguage":"es","@id":"https:\/\/potenciaradiofonicadominicana.com\/portal\/#\/schema\/logo\/image\/","url":"https:\/\/potenciaradiofonicadominicana.com\/portal\/wp-content\/uploads\/2022\/01\/descarga.png","contentUrl":"https:\/\/potenciaradiofonicadominicana.com\/portal\/wp-content\/uploads\/2022\/01\/descarga.png","width":300,"height":100,"caption":"PotenciaRadiofonicaDominicana.com"},"image":{"@id":"https:\/\/potenciaradiofonicadominicana.com\/portal\/#\/schema\/logo\/image\/"},"sameAs":["https:\/\/web.facebook.com\/PotenciaRadiofonicaD"]},{"@type":"Person","@id":"https:\/\/potenciaradiofonicadominicana.com\/portal\/#\/schema\/person\/a5cf1fea13877803ee0573ac18b03490","name":"Potencia Radiof\u00f3nica Dominicana","image":{"@type":"ImageObject","inLanguage":"es","@id":"https:\/\/potenciaradiofonicadominicana.com\/portal\/#\/schema\/person\/image\/","url":"https:\/\/secure.gravatar.com\/avatar\/42a55ab9e8ccc656ba34cd791990602a?s=96&d=mm&r=g","contentUrl":"https:\/\/secure.gravatar.com\/avatar\/42a55ab9e8ccc656ba34cd791990602a?s=96&d=mm&r=g","caption":"Potencia Radiof\u00f3nica Dominicana"},"url":"https:\/\/potenciaradiofonicadominicana.com\/portal\/author\/johannyalmanzar\/"}]}},"_links":{"self":[{"href":"https:\/\/potenciaradiofonicadominicana.com\/portal\/wp-json\/wp\/v2\/posts\/211173","targetHints":{"allow":["GET"]}}],"collection":[{"href":"https:\/\/potenciaradiofonicadominicana.com\/portal\/wp-json\/wp\/v2\/posts"}],"about":[{"href":"https:\/\/potenciaradiofonicadominicana.com\/portal\/wp-json\/wp\/v2\/types\/post"}],"author":[{"embeddable":true,"href":"https:\/\/potenciaradiofonicadominicana.com\/portal\/wp-json\/wp\/v2\/users\/2"}],"replies":[{"embeddable":true,"href":"https:\/\/potenciaradiofonicadominicana.com\/portal\/wp-json\/wp\/v2\/comments?post=211173"}],"version-history":[{"count":1,"href":"https:\/\/potenciaradiofonicadominicana.com\/portal\/wp-json\/wp\/v2\/posts\/211173\/revisions"}],"predecessor-version":[{"id":211175,"href":"https:\/\/potenciaradiofonicadominicana.com\/portal\/wp-json\/wp\/v2\/posts\/211173\/revisions\/211175"}],"wp:featuredmedia":[{"embeddable":true,"href":"https:\/\/potenciaradiofonicadominicana.com\/portal\/wp-json\/wp\/v2\/media\/211174"}],"wp:attachment":[{"href":"https:\/\/potenciaradiofonicadominicana.com\/portal\/wp-json\/wp\/v2\/media?parent=211173"}],"wp:term":[{"taxonomy":"category","embeddable":true,"href":"https:\/\/potenciaradiofonicadominicana.com\/portal\/wp-json\/wp\/v2\/categories?post=211173"},{"taxonomy":"post_tag","embeddable":true,"href":"https:\/\/potenciaradiofonicadominicana.com\/portal\/wp-json\/wp\/v2\/tags?post=211173"}],"curies":[{"name":"wp","href":"https:\/\/api.w.org\/{rel}","templated":true}]}}