{"id":211167,"date":"2026-02-05T20:42:38","date_gmt":"2026-02-06T00:42:38","guid":{"rendered":"https:\/\/potenciaradiofonicadominicana.com\/portal\/?p=211167"},"modified":"2026-02-05T20:42:38","modified_gmt":"2026-02-06T00:42:38","slug":"arajet-firma-como-linea-oficial-de-los-equipos-nacionales-de-la-federacion-dominicana-de-beisbol","status":"publish","type":"post","link":"https:\/\/potenciaradiofonicadominicana.com\/portal\/arajet-firma-como-linea-oficial-de-los-equipos-nacionales-de-la-federacion-dominicana-de-beisbol\/","title":{"rendered":"Arajet firma como l\u00ednea oficial de los equipos nacionales de la Federaci\u00f3n Dominicana de B\u00e9isbol"},"content":{"rendered":"<p><a href=\"https:\/\/potenciaradiofonicadominicana.com\/portal\/wp-content\/uploads\/2026\/02\/whatsapp-image-2026-02-05-at-151435-1024x682-1.jpeg\"><img loading=\"lazy\" decoding=\"async\" class=\"alignnone size-full wp-image-211168\" src=\"https:\/\/potenciaradiofonicadominicana.com\/portal\/wp-content\/uploads\/2026\/02\/whatsapp-image-2026-02-05-at-151435-1024x682-1.jpeg\" alt=\"\" width=\"1024\" height=\"682\" srcset=\"https:\/\/potenciaradiofonicadominicana.com\/portal\/wp-content\/uploads\/2026\/02\/whatsapp-image-2026-02-05-at-151435-1024x682-1.jpeg 1024w, https:\/\/potenciaradiofonicadominicana.com\/portal\/wp-content\/uploads\/2026\/02\/whatsapp-image-2026-02-05-at-151435-1024x682-1-300x200.jpeg 300w, https:\/\/potenciaradiofonicadominicana.com\/portal\/wp-content\/uploads\/2026\/02\/whatsapp-image-2026-02-05-at-151435-1024x682-1-768x512.jpeg 768w\" sizes=\"auto, (max-width: 1024px) 100vw, 1024px\" \/><\/a><\/p>\n<p data-start=\"193\" data-end=\"443\">Arajet, aerol\u00ednea bandera de la Rep\u00fablica Dominicana, firm\u00f3 un acuerdo de colaboraci\u00f3n con la Federaci\u00f3n Dominicana de B\u00e9isbol (FEDOM), mediante el cual se convierte en la l\u00ednea a\u00e9rea oficial de las selecciones nacionales en todas sus categor\u00edas.<\/p>\n<p data-start=\"445\" data-end=\"709\">La alianza busca respaldar las iniciativas de la Federaci\u00f3n orientadas al crecimiento, la proyecci\u00f3n internacional y la sostenibilidad del b\u00e9isbol dominicano, reconociendo su impacto social y el rol de los peloteros como embajadores naturales del pa\u00eds en el mundo.<\/p>\n<p data-start=\"711\" data-end=\"1062\">El acto de firma estuvo encabezado por V\u00edctor Pacheco M\u00e9ndez, CEO y fundador de Arajet; Juan N\u00fa\u00f1ez Nepomuceno, presidente de FEDOM; Nelson Cruz, gerente general del equipo dominicano que participar\u00e1 en el Cl\u00e1sico Mundial de B\u00e9isbol 2026, y Miguel Medina, CEO del Grupo de Medios Panorama, representante de la comercializaci\u00f3n de FEDOM.<\/p>\n<p data-start=\"1064\" data-end=\"1168\">V\u00edctor Pacheco destac\u00f3 que este acuerdo representa una extensi\u00f3n natural de los valores de la aerol\u00ednea. \u201cAs\u00ed como el b\u00e9isbol ha llevado el nombre de la Rep\u00fablica Dominicana a grandes escenarios internacionales, Arajet conecta al pa\u00eds con el continente y el mundo. Creemos en el deporte como motor de inspiraci\u00f3n, disciplina y orgullo nacional\u201d, expres\u00f3.<\/p>\n<p data-start=\"1423\" data-end=\"1623\">El ejecutivo subray\u00f3 que Arajet naci\u00f3 con una visi\u00f3n pa\u00eds, comprometida no solo con la conectividad a\u00e9rea, sino tambi\u00e9n con iniciativas que promuevan el talento, la identidad y el desarrollo nacional.<\/p>\n<p data-start=\"1625\" data-end=\"1756\">De su lado, Juan N\u00fa\u00f1ez valor\u00f3 la alianza como un paso significativo para fortalecer la estructura del b\u00e9isbol en todos sus niveles.<\/p>\n<p data-start=\"1625\" data-end=\"1756\">\u201cArajet nos ha apoyado incluso antes de formalizar este acuerdo, y eso es digno de admiraci\u00f3n. Esta alianza permitir\u00e1 que nuestros peloteros participen en m\u00e1s competencias internacionales gracias a las facilidades y conexiones que nos brinda la aerol\u00ednea\u201d, afirm\u00f3.<\/p>\n<p data-start=\"2026\" data-end=\"2090\">En tanto, Nelson Cruz calific\u00f3 la iniciativa como trascendental. \u201cEste es un ejemplo que motiva a otras empresas a seguir creyendo en nuestros peloteros y en el deporte como v\u00eda de desarrollo para el pa\u00eds\u201d, se\u00f1al\u00f3.<\/p>\n<p data-start=\"2245\" data-end=\"2453\">El acuerdo reafirma el compromiso de Arajet con el desarrollo social, cultural y deportivo de la Rep\u00fablica Dominicana, respaldando uno de los s\u00edmbolos m\u00e1s representativos de la identidad nacional: el b\u00e9isbol.<\/p>\n<p data-start=\"2455\" data-end=\"2581\" data-is-last-node=\"\" data-is-only-node=\"\">Con esta iniciativa, la aerol\u00ednea fortalece su v\u00ednculo con el talento dominicano y con una pasi\u00f3n que ha unido a generaciones.<\/p>\n","protected":false},"excerpt":{"rendered":"<p>Arajet, aerol\u00ednea bandera de la Rep\u00fablica Dominicana, firm\u00f3 un acuerdo de colaboraci\u00f3n con la Federaci\u00f3n Dominicana de B\u00e9isbol (FEDOM), mediante &#8230;<\/p>\n","protected":false},"author":2,"featured_media":211168,"comment_status":"closed","ping_status":"closed","sticky":false,"template":"","format":"standard","meta":{"footnotes":""},"categories":[28],"tags":[],"class_list":["post-211167","post","type-post","status-publish","format-standard","has-post-thumbnail","hentry","category-deportes"],"yoast_head":"<!-- This site is optimized with the Yoast SEO plugin v24.8.1 - https:\/\/yoast.com\/wordpress\/plugins\/seo\/ -->\n<title>Arajet firma como l\u00ednea oficial de los equipos nacionales de la Federaci\u00f3n Dominicana de B\u00e9isbol - PotenciaRadiofonicaDominicana.com<\/title>\n<meta name=\"robots\" content=\"index, follow, max-snippet:-1, max-image-preview:large, max-video-preview:-1\" \/>\n<link rel=\"canonical\" href=\"https:\/\/potenciaradiofonicadominicana.com\/portal\/arajet-firma-como-linea-oficial-de-los-equipos-nacionales-de-la-federacion-dominicana-de-beisbol\/\" \/>\n<meta property=\"og:locale\" content=\"es_ES\" \/>\n<meta property=\"og:type\" content=\"article\" \/>\n<meta property=\"og:title\" content=\"Arajet firma como l\u00ednea oficial de los equipos nacionales de la Federaci\u00f3n Dominicana de B\u00e9isbol - PotenciaRadiofonicaDominicana.com\" \/>\n<meta property=\"og:description\" content=\"Arajet, aerol\u00ednea bandera de la Rep\u00fablica Dominicana, firm\u00f3 un acuerdo de colaboraci\u00f3n con la Federaci\u00f3n Dominicana de B\u00e9isbol (FEDOM), mediante ...\" \/>\n<meta property=\"og:url\" content=\"https:\/\/potenciaradiofonicadominicana.com\/portal\/arajet-firma-como-linea-oficial-de-los-equipos-nacionales-de-la-federacion-dominicana-de-beisbol\/\" \/>\n<meta property=\"og:site_name\" content=\"PotenciaRadiofonicaDominicana.com\" \/>\n<meta property=\"article:publisher\" content=\"https:\/\/web.facebook.com\/PotenciaRadiofonicaD\" \/>\n<meta property=\"article:published_time\" content=\"2026-02-06T00:42:38+00:00\" \/>\n<meta property=\"og:image\" content=\"https:\/\/potenciaradiofonicadominicana.com\/portal\/wp-content\/uploads\/2026\/02\/whatsapp-image-2026-02-05-at-151435-1024x682-1.jpeg\" \/>\n\t<meta property=\"og:image:width\" content=\"1024\" \/>\n\t<meta property=\"og:image:height\" content=\"682\" \/>\n\t<meta property=\"og:image:type\" content=\"image\/jpeg\" \/>\n<meta name=\"author\" content=\"Potencia Radiof\u00f3nica Dominicana\" \/>\n<meta name=\"twitter:card\" content=\"summary_large_image\" \/>\n<meta name=\"twitter:label1\" content=\"Escrito por\" \/>\n\t<meta name=\"twitter:data1\" content=\"Potencia Radiof\u00f3nica Dominicana\" \/>\n\t<meta name=\"twitter:label2\" content=\"Tiempo de lectura\" \/>\n\t<meta name=\"twitter:data2\" content=\"3 minutos\" \/>\n<script type=\"application\/ld+json\" class=\"yoast-schema-graph\">{\"@context\":\"https:\/\/schema.org\",\"@graph\":[{\"@type\":\"Article\",\"@id\":\"https:\/\/potenciaradiofonicadominicana.com\/portal\/arajet-firma-como-linea-oficial-de-los-equipos-nacionales-de-la-federacion-dominicana-de-beisbol\/#article\",\"isPartOf\":{\"@id\":\"https:\/\/potenciaradiofonicadominicana.com\/portal\/arajet-firma-como-linea-oficial-de-los-equipos-nacionales-de-la-federacion-dominicana-de-beisbol\/\"},\"author\":{\"name\":\"Potencia Radiof\u00f3nica Dominicana\",\"@id\":\"https:\/\/potenciaradiofonicadominicana.com\/portal\/#\/schema\/person\/a5cf1fea13877803ee0573ac18b03490\"},\"headline\":\"Arajet firma como l\u00ednea oficial de los equipos nacionales de la Federaci\u00f3n Dominicana de B\u00e9isbol\",\"datePublished\":\"2026-02-06T00:42:38+00:00\",\"mainEntityOfPage\":{\"@id\":\"https:\/\/potenciaradiofonicadominicana.com\/portal\/arajet-firma-como-linea-oficial-de-los-equipos-nacionales-de-la-federacion-dominicana-de-beisbol\/\"},\"wordCount\":424,\"publisher\":{\"@id\":\"https:\/\/potenciaradiofonicadominicana.com\/portal\/#organization\"},\"image\":{\"@id\":\"https:\/\/potenciaradiofonicadominicana.com\/portal\/arajet-firma-como-linea-oficial-de-los-equipos-nacionales-de-la-federacion-dominicana-de-beisbol\/#primaryimage\"},\"thumbnailUrl\":\"https:\/\/potenciaradiofonicadominicana.com\/portal\/wp-content\/uploads\/2026\/02\/whatsapp-image-2026-02-05-at-151435-1024x682-1.jpeg\",\"articleSection\":[\"Deportes\"],\"inLanguage\":\"es\"},{\"@type\":\"WebPage\",\"@id\":\"https:\/\/potenciaradiofonicadominicana.com\/portal\/arajet-firma-como-linea-oficial-de-los-equipos-nacionales-de-la-federacion-dominicana-de-beisbol\/\",\"url\":\"https:\/\/potenciaradiofonicadominicana.com\/portal\/arajet-firma-como-linea-oficial-de-los-equipos-nacionales-de-la-federacion-dominicana-de-beisbol\/\",\"name\":\"Arajet firma como l\u00ednea oficial de los equipos nacionales de la Federaci\u00f3n Dominicana de B\u00e9isbol - PotenciaRadiofonicaDominicana.com\",\"isPartOf\":{\"@id\":\"https:\/\/potenciaradiofonicadominicana.com\/portal\/#website\"},\"primaryImageOfPage\":{\"@id\":\"https:\/\/potenciaradiofonicadominicana.com\/portal\/arajet-firma-como-linea-oficial-de-los-equipos-nacionales-de-la-federacion-dominicana-de-beisbol\/#primaryimage\"},\"image\":{\"@id\":\"https:\/\/potenciaradiofonicadominicana.com\/portal\/arajet-firma-como-linea-oficial-de-los-equipos-nacionales-de-la-federacion-dominicana-de-beisbol\/#primaryimage\"},\"thumbnailUrl\":\"https:\/\/potenciaradiofonicadominicana.com\/portal\/wp-content\/uploads\/2026\/02\/whatsapp-image-2026-02-05-at-151435-1024x682-1.jpeg\",\"datePublished\":\"2026-02-06T00:42:38+00:00\",\"breadcrumb\":{\"@id\":\"https:\/\/potenciaradiofonicadominicana.com\/portal\/arajet-firma-como-linea-oficial-de-los-equipos-nacionales-de-la-federacion-dominicana-de-beisbol\/#breadcrumb\"},\"inLanguage\":\"es\",\"potentialAction\":[{\"@type\":\"ReadAction\",\"target\":[\"https:\/\/potenciaradiofonicadominicana.com\/portal\/arajet-firma-como-linea-oficial-de-los-equipos-nacionales-de-la-federacion-dominicana-de-beisbol\/\"]}]},{\"@type\":\"ImageObject\",\"inLanguage\":\"es\",\"@id\":\"https:\/\/potenciaradiofonicadominicana.com\/portal\/arajet-firma-como-linea-oficial-de-los-equipos-nacionales-de-la-federacion-dominicana-de-beisbol\/#primaryimage\",\"url\":\"https:\/\/potenciaradiofonicadominicana.com\/portal\/wp-content\/uploads\/2026\/02\/whatsapp-image-2026-02-05-at-151435-1024x682-1.jpeg\",\"contentUrl\":\"https:\/\/potenciaradiofonicadominicana.com\/portal\/wp-content\/uploads\/2026\/02\/whatsapp-image-2026-02-05-at-151435-1024x682-1.jpeg\",\"width\":1024,\"height\":682},{\"@type\":\"BreadcrumbList\",\"@id\":\"https:\/\/potenciaradiofonicadominicana.com\/portal\/arajet-firma-como-linea-oficial-de-los-equipos-nacionales-de-la-federacion-dominicana-de-beisbol\/#breadcrumb\",\"itemListElement\":[{\"@type\":\"ListItem\",\"position\":1,\"name\":\"Portada\",\"item\":\"https:\/\/potenciaradiofonicadominicana.com\/portal\/\"},{\"@type\":\"ListItem\",\"position\":2,\"name\":\"Arajet firma como l\u00ednea oficial de los equipos nacionales de la Federaci\u00f3n Dominicana de B\u00e9isbol\"}]},{\"@type\":\"WebSite\",\"@id\":\"https:\/\/potenciaradiofonicadominicana.com\/portal\/#website\",\"url\":\"https:\/\/potenciaradiofonicadominicana.com\/portal\/\",\"name\":\"PotenciaRadiofonicaDominicana.com\",\"description\":\"Peri\u00f3dico Digital\",\"publisher\":{\"@id\":\"https:\/\/potenciaradiofonicadominicana.com\/portal\/#organization\"},\"potentialAction\":[{\"@type\":\"SearchAction\",\"target\":{\"@type\":\"EntryPoint\",\"urlTemplate\":\"https:\/\/potenciaradiofonicadominicana.com\/portal\/?s={search_term_string}\"},\"query-input\":{\"@type\":\"PropertyValueSpecification\",\"valueRequired\":true,\"valueName\":\"search_term_string\"}}],\"inLanguage\":\"es\"},{\"@type\":\"Organization\",\"@id\":\"https:\/\/potenciaradiofonicadominicana.com\/portal\/#organization\",\"name\":\"PotenciaRadiofonicaDominicana.com\",\"url\":\"https:\/\/potenciaradiofonicadominicana.com\/portal\/\",\"logo\":{\"@type\":\"ImageObject\",\"inLanguage\":\"es\",\"@id\":\"https:\/\/potenciaradiofonicadominicana.com\/portal\/#\/schema\/logo\/image\/\",\"url\":\"https:\/\/potenciaradiofonicadominicana.com\/portal\/wp-content\/uploads\/2022\/01\/descarga.png\",\"contentUrl\":\"https:\/\/potenciaradiofonicadominicana.com\/portal\/wp-content\/uploads\/2022\/01\/descarga.png\",\"width\":300,\"height\":100,\"caption\":\"PotenciaRadiofonicaDominicana.com\"},\"image\":{\"@id\":\"https:\/\/potenciaradiofonicadominicana.com\/portal\/#\/schema\/logo\/image\/\"},\"sameAs\":[\"https:\/\/web.facebook.com\/PotenciaRadiofonicaD\"]},{\"@type\":\"Person\",\"@id\":\"https:\/\/potenciaradiofonicadominicana.com\/portal\/#\/schema\/person\/a5cf1fea13877803ee0573ac18b03490\",\"name\":\"Potencia Radiof\u00f3nica Dominicana\",\"image\":{\"@type\":\"ImageObject\",\"inLanguage\":\"es\",\"@id\":\"https:\/\/potenciaradiofonicadominicana.com\/portal\/#\/schema\/person\/image\/\",\"url\":\"https:\/\/secure.gravatar.com\/avatar\/42a55ab9e8ccc656ba34cd791990602a?s=96&d=mm&r=g\",\"contentUrl\":\"https:\/\/secure.gravatar.com\/avatar\/42a55ab9e8ccc656ba34cd791990602a?s=96&d=mm&r=g\",\"caption\":\"Potencia Radiof\u00f3nica Dominicana\"},\"url\":\"https:\/\/potenciaradiofonicadominicana.com\/portal\/author\/johannyalmanzar\/\"}]}<\/script>\n<!-- \/ Yoast SEO plugin. -->","yoast_head_json":{"title":"Arajet firma como l\u00ednea oficial de los equipos nacionales de la Federaci\u00f3n Dominicana de B\u00e9isbol - PotenciaRadiofonicaDominicana.com","robots":{"index":"index","follow":"follow","max-snippet":"max-snippet:-1","max-image-preview":"max-image-preview:large","max-video-preview":"max-video-preview:-1"},"canonical":"https:\/\/potenciaradiofonicadominicana.com\/portal\/arajet-firma-como-linea-oficial-de-los-equipos-nacionales-de-la-federacion-dominicana-de-beisbol\/","og_locale":"es_ES","og_type":"article","og_title":"Arajet firma como l\u00ednea oficial de los equipos nacionales de la Federaci\u00f3n Dominicana de B\u00e9isbol - PotenciaRadiofonicaDominicana.com","og_description":"Arajet, aerol\u00ednea bandera de la Rep\u00fablica Dominicana, firm\u00f3 un acuerdo de colaboraci\u00f3n con la Federaci\u00f3n Dominicana de B\u00e9isbol (FEDOM), mediante ...","og_url":"https:\/\/potenciaradiofonicadominicana.com\/portal\/arajet-firma-como-linea-oficial-de-los-equipos-nacionales-de-la-federacion-dominicana-de-beisbol\/","og_site_name":"PotenciaRadiofonicaDominicana.com","article_publisher":"https:\/\/web.facebook.com\/PotenciaRadiofonicaD","article_published_time":"2026-02-06T00:42:38+00:00","og_image":[{"width":1024,"height":682,"url":"https:\/\/potenciaradiofonicadominicana.com\/portal\/wp-content\/uploads\/2026\/02\/whatsapp-image-2026-02-05-at-151435-1024x682-1.jpeg","type":"image\/jpeg"}],"author":"Potencia Radiof\u00f3nica Dominicana","twitter_card":"summary_large_image","twitter_misc":{"Escrito por":"Potencia Radiof\u00f3nica Dominicana","Tiempo de lectura":"3 minutos"},"schema":{"@context":"https:\/\/schema.org","@graph":[{"@type":"Article","@id":"https:\/\/potenciaradiofonicadominicana.com\/portal\/arajet-firma-como-linea-oficial-de-los-equipos-nacionales-de-la-federacion-dominicana-de-beisbol\/#article","isPartOf":{"@id":"https:\/\/potenciaradiofonicadominicana.com\/portal\/arajet-firma-como-linea-oficial-de-los-equipos-nacionales-de-la-federacion-dominicana-de-beisbol\/"},"author":{"name":"Potencia Radiof\u00f3nica Dominicana","@id":"https:\/\/potenciaradiofonicadominicana.com\/portal\/#\/schema\/person\/a5cf1fea13877803ee0573ac18b03490"},"headline":"Arajet firma como l\u00ednea oficial de los equipos nacionales de la Federaci\u00f3n Dominicana de B\u00e9isbol","datePublished":"2026-02-06T00:42:38+00:00","mainEntityOfPage":{"@id":"https:\/\/potenciaradiofonicadominicana.com\/portal\/arajet-firma-como-linea-oficial-de-los-equipos-nacionales-de-la-federacion-dominicana-de-beisbol\/"},"wordCount":424,"publisher":{"@id":"https:\/\/potenciaradiofonicadominicana.com\/portal\/#organization"},"image":{"@id":"https:\/\/potenciaradiofonicadominicana.com\/portal\/arajet-firma-como-linea-oficial-de-los-equipos-nacionales-de-la-federacion-dominicana-de-beisbol\/#primaryimage"},"thumbnailUrl":"https:\/\/potenciaradiofonicadominicana.com\/portal\/wp-content\/uploads\/2026\/02\/whatsapp-image-2026-02-05-at-151435-1024x682-1.jpeg","articleSection":["Deportes"],"inLanguage":"es"},{"@type":"WebPage","@id":"https:\/\/potenciaradiofonicadominicana.com\/portal\/arajet-firma-como-linea-oficial-de-los-equipos-nacionales-de-la-federacion-dominicana-de-beisbol\/","url":"https:\/\/potenciaradiofonicadominicana.com\/portal\/arajet-firma-como-linea-oficial-de-los-equipos-nacionales-de-la-federacion-dominicana-de-beisbol\/","name":"Arajet firma como l\u00ednea oficial de los equipos nacionales de la Federaci\u00f3n Dominicana de B\u00e9isbol - PotenciaRadiofonicaDominicana.com","isPartOf":{"@id":"https:\/\/potenciaradiofonicadominicana.com\/portal\/#website"},"primaryImageOfPage":{"@id":"https:\/\/potenciaradiofonicadominicana.com\/portal\/arajet-firma-como-linea-oficial-de-los-equipos-nacionales-de-la-federacion-dominicana-de-beisbol\/#primaryimage"},"image":{"@id":"https:\/\/potenciaradiofonicadominicana.com\/portal\/arajet-firma-como-linea-oficial-de-los-equipos-nacionales-de-la-federacion-dominicana-de-beisbol\/#primaryimage"},"thumbnailUrl":"https:\/\/potenciaradiofonicadominicana.com\/portal\/wp-content\/uploads\/2026\/02\/whatsapp-image-2026-02-05-at-151435-1024x682-1.jpeg","datePublished":"2026-02-06T00:42:38+00:00","breadcrumb":{"@id":"https:\/\/potenciaradiofonicadominicana.com\/portal\/arajet-firma-como-linea-oficial-de-los-equipos-nacionales-de-la-federacion-dominicana-de-beisbol\/#breadcrumb"},"inLanguage":"es","potentialAction":[{"@type":"ReadAction","target":["https:\/\/potenciaradiofonicadominicana.com\/portal\/arajet-firma-como-linea-oficial-de-los-equipos-nacionales-de-la-federacion-dominicana-de-beisbol\/"]}]},{"@type":"ImageObject","inLanguage":"es","@id":"https:\/\/potenciaradiofonicadominicana.com\/portal\/arajet-firma-como-linea-oficial-de-los-equipos-nacionales-de-la-federacion-dominicana-de-beisbol\/#primaryimage","url":"https:\/\/potenciaradiofonicadominicana.com\/portal\/wp-content\/uploads\/2026\/02\/whatsapp-image-2026-02-05-at-151435-1024x682-1.jpeg","contentUrl":"https:\/\/potenciaradiofonicadominicana.com\/portal\/wp-content\/uploads\/2026\/02\/whatsapp-image-2026-02-05-at-151435-1024x682-1.jpeg","width":1024,"height":682},{"@type":"BreadcrumbList","@id":"https:\/\/potenciaradiofonicadominicana.com\/portal\/arajet-firma-como-linea-oficial-de-los-equipos-nacionales-de-la-federacion-dominicana-de-beisbol\/#breadcrumb","itemListElement":[{"@type":"ListItem","position":1,"name":"Portada","item":"https:\/\/potenciaradiofonicadominicana.com\/portal\/"},{"@type":"ListItem","position":2,"name":"Arajet firma como l\u00ednea oficial de los equipos nacionales de la Federaci\u00f3n Dominicana de B\u00e9isbol"}]},{"@type":"WebSite","@id":"https:\/\/potenciaradiofonicadominicana.com\/portal\/#website","url":"https:\/\/potenciaradiofonicadominicana.com\/portal\/","name":"PotenciaRadiofonicaDominicana.com","description":"Peri\u00f3dico Digital","publisher":{"@id":"https:\/\/potenciaradiofonicadominicana.com\/portal\/#organization"},"potentialAction":[{"@type":"SearchAction","target":{"@type":"EntryPoint","urlTemplate":"https:\/\/potenciaradiofonicadominicana.com\/portal\/?s={search_term_string}"},"query-input":{"@type":"PropertyValueSpecification","valueRequired":true,"valueName":"search_term_string"}}],"inLanguage":"es"},{"@type":"Organization","@id":"https:\/\/potenciaradiofonicadominicana.com\/portal\/#organization","name":"PotenciaRadiofonicaDominicana.com","url":"https:\/\/potenciaradiofonicadominicana.com\/portal\/","logo":{"@type":"ImageObject","inLanguage":"es","@id":"https:\/\/potenciaradiofonicadominicana.com\/portal\/#\/schema\/logo\/image\/","url":"https:\/\/potenciaradiofonicadominicana.com\/portal\/wp-content\/uploads\/2022\/01\/descarga.png","contentUrl":"https:\/\/potenciaradiofonicadominicana.com\/portal\/wp-content\/uploads\/2022\/01\/descarga.png","width":300,"height":100,"caption":"PotenciaRadiofonicaDominicana.com"},"image":{"@id":"https:\/\/potenciaradiofonicadominicana.com\/portal\/#\/schema\/logo\/image\/"},"sameAs":["https:\/\/web.facebook.com\/PotenciaRadiofonicaD"]},{"@type":"Person","@id":"https:\/\/potenciaradiofonicadominicana.com\/portal\/#\/schema\/person\/a5cf1fea13877803ee0573ac18b03490","name":"Potencia Radiof\u00f3nica Dominicana","image":{"@type":"ImageObject","inLanguage":"es","@id":"https:\/\/potenciaradiofonicadominicana.com\/portal\/#\/schema\/person\/image\/","url":"https:\/\/secure.gravatar.com\/avatar\/42a55ab9e8ccc656ba34cd791990602a?s=96&d=mm&r=g","contentUrl":"https:\/\/secure.gravatar.com\/avatar\/42a55ab9e8ccc656ba34cd791990602a?s=96&d=mm&r=g","caption":"Potencia Radiof\u00f3nica Dominicana"},"url":"https:\/\/potenciaradiofonicadominicana.com\/portal\/author\/johannyalmanzar\/"}]}},"_links":{"self":[{"href":"https:\/\/potenciaradiofonicadominicana.com\/portal\/wp-json\/wp\/v2\/posts\/211167","targetHints":{"allow":["GET"]}}],"collection":[{"href":"https:\/\/potenciaradiofonicadominicana.com\/portal\/wp-json\/wp\/v2\/posts"}],"about":[{"href":"https:\/\/potenciaradiofonicadominicana.com\/portal\/wp-json\/wp\/v2\/types\/post"}],"author":[{"embeddable":true,"href":"https:\/\/potenciaradiofonicadominicana.com\/portal\/wp-json\/wp\/v2\/users\/2"}],"replies":[{"embeddable":true,"href":"https:\/\/potenciaradiofonicadominicana.com\/portal\/wp-json\/wp\/v2\/comments?post=211167"}],"version-history":[{"count":1,"href":"https:\/\/potenciaradiofonicadominicana.com\/portal\/wp-json\/wp\/v2\/posts\/211167\/revisions"}],"predecessor-version":[{"id":211169,"href":"https:\/\/potenciaradiofonicadominicana.com\/portal\/wp-json\/wp\/v2\/posts\/211167\/revisions\/211169"}],"wp:featuredmedia":[{"embeddable":true,"href":"https:\/\/potenciaradiofonicadominicana.com\/portal\/wp-json\/wp\/v2\/media\/211168"}],"wp:attachment":[{"href":"https:\/\/potenciaradiofonicadominicana.com\/portal\/wp-json\/wp\/v2\/media?parent=211167"}],"wp:term":[{"taxonomy":"category","embeddable":true,"href":"https:\/\/potenciaradiofonicadominicana.com\/portal\/wp-json\/wp\/v2\/categories?post=211167"},{"taxonomy":"post_tag","embeddable":true,"href":"https:\/\/potenciaradiofonicadominicana.com\/portal\/wp-json\/wp\/v2\/tags?post=211167"}],"curies":[{"name":"wp","href":"https:\/\/api.w.org\/{rel}","templated":true}]}}