{"id":211164,"date":"2026-02-05T20:41:24","date_gmt":"2026-02-06T00:41:24","guid":{"rendered":"https:\/\/potenciaradiofonicadominicana.com\/portal\/?p=211164"},"modified":"2026-02-05T20:41:24","modified_gmt":"2026-02-06T00:41:24","slug":"fundacion-maria-garcia-y-seaboard-transforman-la-cienaga-con-el-judo","status":"publish","type":"post","link":"https:\/\/potenciaradiofonicadominicana.com\/portal\/fundacion-maria-garcia-y-seaboard-transforman-la-cienaga-con-el-judo\/","title":{"rendered":"Fundaci\u00f3n Mar\u00eda Garc\u00eda y Seaboard transforman La Ci\u00e9naga con el judo"},"content":{"rendered":"<p><a href=\"https:\/\/potenciaradiofonicadominicana.com\/portal\/wp-content\/uploads\/2026\/02\/1.webp\"><img loading=\"lazy\" decoding=\"async\" class=\"alignnone size-full wp-image-211165\" src=\"https:\/\/potenciaradiofonicadominicana.com\/portal\/wp-content\/uploads\/2026\/02\/1.webp\" alt=\"\" width=\"1920\" height=\"1279\" srcset=\"https:\/\/potenciaradiofonicadominicana.com\/portal\/wp-content\/uploads\/2026\/02\/1.webp 1920w, https:\/\/potenciaradiofonicadominicana.com\/portal\/wp-content\/uploads\/2026\/02\/1-300x200.webp 300w, https:\/\/potenciaradiofonicadominicana.com\/portal\/wp-content\/uploads\/2026\/02\/1-1024x682.webp 1024w, https:\/\/potenciaradiofonicadominicana.com\/portal\/wp-content\/uploads\/2026\/02\/1-768x512.webp 768w, https:\/\/potenciaradiofonicadominicana.com\/portal\/wp-content\/uploads\/2026\/02\/1-1536x1023.webp 1536w\" sizes=\"auto, (max-width: 1920px) 100vw, 1920px\" \/><\/a><\/p>\n<p>El polideportivo Domingo Sabio de La Ci\u00e9naga se convirti\u00f3 el domingo en un escenario de esperanza y disciplina.<\/p>\n<p>Entre aplausos y proyecciones, la Fundaci\u00f3n Mar\u00eda Garc\u00eda, en conjunto con la empresa Seaboard \u201cEnerg\u00eda Limpia\u201d celebr\u00f3 una vibrante exhibici\u00f3n de judo, marcando el inicio oficial de las inscripciones para su academia deportiva en el sector.<\/p>\n<p>la Fundaci\u00f3n Mar\u00eda Garc\u00eda, en conjunto con la empresa Seaboard \u201cEnerg\u00eda Limpia\u201d celebr\u00f3 una vibrante exhibici\u00f3n de judo, marcando el inicio oficial de las inscripciones para su academia deportiva en el sector.<br \/>\nLa jornada no fue solo una muestra de destreza f\u00edsica, sino un mensaje de superaci\u00f3n. Cont\u00f3 con la presencia estrat\u00e9gica de Wilkin Ogando, entrenador nacional, junto a destacados atletas de la Selecci\u00f3n Nacional de Judo, quienes demostraron que el deporte es el camino m\u00e1s corto hacia la formaci\u00f3n de ciudadanos ejemplares.<\/p>\n<p>Tambi\u00e9n el general y director de Deportes de la Polic\u00eda Nacional, Jacobo Mateo Moquete.<\/p>\n<p>Mar\u00eda Garc\u00eda, presidenta de la fundaci\u00f3n y referente del judo mundial y ol\u00edmpico, no ocult\u00f3 su emoci\u00f3n al ver la respuesta de los j\u00f3venes del sector.<\/p>\n<p>\u00abMi compromiso es devolverle al deporte lo mucho que me ha dado. Traer el judo a La Ci\u00e9naga es abrir una puerta a nuevas oportunidades para que cada ni\u00f1o y ni\u00f1a entienda que, con disciplina, no hay meta inalcanzable\u00bb, expres\u00f3 Garc\u00eda durante el evento.<\/p>\n<p>Alianzas que transforman<\/p>\n<p>Este proyecto, que busca ser un motor de transformaci\u00f3n social, cuenta con el respaldo fundamental de aliados que creen en el potencial de la juventud dominicana.<\/p>\n<p>Garc\u00eda extendi\u00f3 un agradecimiento especial a:<\/p>\n<p>Seaboard Energ\u00eda Limpia, Federaci\u00f3n Dominicana de Judo (Fedojudo) y Urbe.<\/p>\n<p>Estas instituciones han sido piezas clave para convertir esta visi\u00f3n en una realidad palpable que impactar\u00e1 positivamente la calidad de vida en el sector.<\/p>\n<p>la Fundaci\u00f3n Mar\u00eda Garc\u00eda, en conjunto con la empresa Seaboard \u201cEnerg\u00eda Limpia\u201d celebr\u00f3 una vibrante exhibici\u00f3n de judo, marcando el inicio oficial de las inscripciones para su academia deportiva en el sector.<br \/>\nInscripciones abiertas<\/p>\n<p>La Fundaci\u00f3n Mar\u00eda Garc\u00eda invita a todos los padres y tutores de La Ci\u00e9naga a inscribir a sus hijos en esta academia, donde el tatami ser\u00e1 el aula donde se aprender\u00e1 honor, respeto y perseverancia. Con esta actividad, la fundaci\u00f3n reafirma que el judo es, ante todo, una herramienta de cambio social.<\/p>\n","protected":false},"excerpt":{"rendered":"<p>El polideportivo Domingo Sabio de La Ci\u00e9naga se convirti\u00f3 el domingo en un escenario de esperanza y disciplina. Entre aplausos &#8230;<\/p>\n","protected":false},"author":2,"featured_media":211165,"comment_status":"closed","ping_status":"closed","sticky":false,"template":"","format":"standard","meta":{"footnotes":""},"categories":[28],"tags":[],"class_list":["post-211164","post","type-post","status-publish","format-standard","has-post-thumbnail","hentry","category-deportes"],"yoast_head":"<!-- This site is optimized with the Yoast SEO plugin v24.8.1 - https:\/\/yoast.com\/wordpress\/plugins\/seo\/ -->\n<title>Fundaci\u00f3n Mar\u00eda Garc\u00eda y Seaboard transforman La Ci\u00e9naga con el judo - PotenciaRadiofonicaDominicana.com<\/title>\n<meta name=\"robots\" content=\"index, follow, max-snippet:-1, max-image-preview:large, max-video-preview:-1\" \/>\n<link rel=\"canonical\" href=\"https:\/\/potenciaradiofonicadominicana.com\/portal\/fundacion-maria-garcia-y-seaboard-transforman-la-cienaga-con-el-judo\/\" \/>\n<meta property=\"og:locale\" content=\"es_ES\" \/>\n<meta property=\"og:type\" content=\"article\" \/>\n<meta property=\"og:title\" content=\"Fundaci\u00f3n Mar\u00eda Garc\u00eda y Seaboard transforman La Ci\u00e9naga con el judo - PotenciaRadiofonicaDominicana.com\" \/>\n<meta property=\"og:description\" content=\"El polideportivo Domingo Sabio de La Ci\u00e9naga se convirti\u00f3 el domingo en un escenario de esperanza y disciplina. Entre aplausos ...\" \/>\n<meta property=\"og:url\" content=\"https:\/\/potenciaradiofonicadominicana.com\/portal\/fundacion-maria-garcia-y-seaboard-transforman-la-cienaga-con-el-judo\/\" \/>\n<meta property=\"og:site_name\" content=\"PotenciaRadiofonicaDominicana.com\" \/>\n<meta property=\"article:publisher\" content=\"https:\/\/web.facebook.com\/PotenciaRadiofonicaD\" \/>\n<meta property=\"article:published_time\" content=\"2026-02-06T00:41:24+00:00\" \/>\n<meta property=\"og:image\" content=\"https:\/\/potenciaradiofonicadominicana.com\/portal\/wp-content\/uploads\/2026\/02\/1.webp\" \/>\n\t<meta property=\"og:image:width\" content=\"1920\" \/>\n\t<meta property=\"og:image:height\" content=\"1279\" \/>\n\t<meta property=\"og:image:type\" content=\"image\/webp\" \/>\n<meta name=\"author\" content=\"Potencia Radiof\u00f3nica Dominicana\" \/>\n<meta name=\"twitter:card\" content=\"summary_large_image\" \/>\n<meta name=\"twitter:label1\" content=\"Escrito por\" \/>\n\t<meta name=\"twitter:data1\" content=\"Potencia Radiof\u00f3nica Dominicana\" \/>\n\t<meta name=\"twitter:label2\" content=\"Tiempo de lectura\" \/>\n\t<meta name=\"twitter:data2\" content=\"3 minutos\" \/>\n<script type=\"application\/ld+json\" class=\"yoast-schema-graph\">{\"@context\":\"https:\/\/schema.org\",\"@graph\":[{\"@type\":\"Article\",\"@id\":\"https:\/\/potenciaradiofonicadominicana.com\/portal\/fundacion-maria-garcia-y-seaboard-transforman-la-cienaga-con-el-judo\/#article\",\"isPartOf\":{\"@id\":\"https:\/\/potenciaradiofonicadominicana.com\/portal\/fundacion-maria-garcia-y-seaboard-transforman-la-cienaga-con-el-judo\/\"},\"author\":{\"name\":\"Potencia Radiof\u00f3nica Dominicana\",\"@id\":\"https:\/\/potenciaradiofonicadominicana.com\/portal\/#\/schema\/person\/a5cf1fea13877803ee0573ac18b03490\"},\"headline\":\"Fundaci\u00f3n Mar\u00eda Garc\u00eda y Seaboard transforman La Ci\u00e9naga con el judo\",\"datePublished\":\"2026-02-06T00:41:24+00:00\",\"mainEntityOfPage\":{\"@id\":\"https:\/\/potenciaradiofonicadominicana.com\/portal\/fundacion-maria-garcia-y-seaboard-transforman-la-cienaga-con-el-judo\/\"},\"wordCount\":435,\"publisher\":{\"@id\":\"https:\/\/potenciaradiofonicadominicana.com\/portal\/#organization\"},\"image\":{\"@id\":\"https:\/\/potenciaradiofonicadominicana.com\/portal\/fundacion-maria-garcia-y-seaboard-transforman-la-cienaga-con-el-judo\/#primaryimage\"},\"thumbnailUrl\":\"https:\/\/potenciaradiofonicadominicana.com\/portal\/wp-content\/uploads\/2026\/02\/1.webp\",\"articleSection\":[\"Deportes\"],\"inLanguage\":\"es\"},{\"@type\":\"WebPage\",\"@id\":\"https:\/\/potenciaradiofonicadominicana.com\/portal\/fundacion-maria-garcia-y-seaboard-transforman-la-cienaga-con-el-judo\/\",\"url\":\"https:\/\/potenciaradiofonicadominicana.com\/portal\/fundacion-maria-garcia-y-seaboard-transforman-la-cienaga-con-el-judo\/\",\"name\":\"Fundaci\u00f3n Mar\u00eda Garc\u00eda y Seaboard transforman La Ci\u00e9naga con el judo - PotenciaRadiofonicaDominicana.com\",\"isPartOf\":{\"@id\":\"https:\/\/potenciaradiofonicadominicana.com\/portal\/#website\"},\"primaryImageOfPage\":{\"@id\":\"https:\/\/potenciaradiofonicadominicana.com\/portal\/fundacion-maria-garcia-y-seaboard-transforman-la-cienaga-con-el-judo\/#primaryimage\"},\"image\":{\"@id\":\"https:\/\/potenciaradiofonicadominicana.com\/portal\/fundacion-maria-garcia-y-seaboard-transforman-la-cienaga-con-el-judo\/#primaryimage\"},\"thumbnailUrl\":\"https:\/\/potenciaradiofonicadominicana.com\/portal\/wp-content\/uploads\/2026\/02\/1.webp\",\"datePublished\":\"2026-02-06T00:41:24+00:00\",\"breadcrumb\":{\"@id\":\"https:\/\/potenciaradiofonicadominicana.com\/portal\/fundacion-maria-garcia-y-seaboard-transforman-la-cienaga-con-el-judo\/#breadcrumb\"},\"inLanguage\":\"es\",\"potentialAction\":[{\"@type\":\"ReadAction\",\"target\":[\"https:\/\/potenciaradiofonicadominicana.com\/portal\/fundacion-maria-garcia-y-seaboard-transforman-la-cienaga-con-el-judo\/\"]}]},{\"@type\":\"ImageObject\",\"inLanguage\":\"es\",\"@id\":\"https:\/\/potenciaradiofonicadominicana.com\/portal\/fundacion-maria-garcia-y-seaboard-transforman-la-cienaga-con-el-judo\/#primaryimage\",\"url\":\"https:\/\/potenciaradiofonicadominicana.com\/portal\/wp-content\/uploads\/2026\/02\/1.webp\",\"contentUrl\":\"https:\/\/potenciaradiofonicadominicana.com\/portal\/wp-content\/uploads\/2026\/02\/1.webp\",\"width\":1920,\"height\":1279},{\"@type\":\"BreadcrumbList\",\"@id\":\"https:\/\/potenciaradiofonicadominicana.com\/portal\/fundacion-maria-garcia-y-seaboard-transforman-la-cienaga-con-el-judo\/#breadcrumb\",\"itemListElement\":[{\"@type\":\"ListItem\",\"position\":1,\"name\":\"Portada\",\"item\":\"https:\/\/potenciaradiofonicadominicana.com\/portal\/\"},{\"@type\":\"ListItem\",\"position\":2,\"name\":\"Fundaci\u00f3n Mar\u00eda Garc\u00eda y Seaboard transforman La Ci\u00e9naga con el judo\"}]},{\"@type\":\"WebSite\",\"@id\":\"https:\/\/potenciaradiofonicadominicana.com\/portal\/#website\",\"url\":\"https:\/\/potenciaradiofonicadominicana.com\/portal\/\",\"name\":\"PotenciaRadiofonicaDominicana.com\",\"description\":\"Peri\u00f3dico Digital\",\"publisher\":{\"@id\":\"https:\/\/potenciaradiofonicadominicana.com\/portal\/#organization\"},\"potentialAction\":[{\"@type\":\"SearchAction\",\"target\":{\"@type\":\"EntryPoint\",\"urlTemplate\":\"https:\/\/potenciaradiofonicadominicana.com\/portal\/?s={search_term_string}\"},\"query-input\":{\"@type\":\"PropertyValueSpecification\",\"valueRequired\":true,\"valueName\":\"search_term_string\"}}],\"inLanguage\":\"es\"},{\"@type\":\"Organization\",\"@id\":\"https:\/\/potenciaradiofonicadominicana.com\/portal\/#organization\",\"name\":\"PotenciaRadiofonicaDominicana.com\",\"url\":\"https:\/\/potenciaradiofonicadominicana.com\/portal\/\",\"logo\":{\"@type\":\"ImageObject\",\"inLanguage\":\"es\",\"@id\":\"https:\/\/potenciaradiofonicadominicana.com\/portal\/#\/schema\/logo\/image\/\",\"url\":\"https:\/\/potenciaradiofonicadominicana.com\/portal\/wp-content\/uploads\/2022\/01\/descarga.png\",\"contentUrl\":\"https:\/\/potenciaradiofonicadominicana.com\/portal\/wp-content\/uploads\/2022\/01\/descarga.png\",\"width\":300,\"height\":100,\"caption\":\"PotenciaRadiofonicaDominicana.com\"},\"image\":{\"@id\":\"https:\/\/potenciaradiofonicadominicana.com\/portal\/#\/schema\/logo\/image\/\"},\"sameAs\":[\"https:\/\/web.facebook.com\/PotenciaRadiofonicaD\"]},{\"@type\":\"Person\",\"@id\":\"https:\/\/potenciaradiofonicadominicana.com\/portal\/#\/schema\/person\/a5cf1fea13877803ee0573ac18b03490\",\"name\":\"Potencia Radiof\u00f3nica Dominicana\",\"image\":{\"@type\":\"ImageObject\",\"inLanguage\":\"es\",\"@id\":\"https:\/\/potenciaradiofonicadominicana.com\/portal\/#\/schema\/person\/image\/\",\"url\":\"https:\/\/secure.gravatar.com\/avatar\/42a55ab9e8ccc656ba34cd791990602a?s=96&d=mm&r=g\",\"contentUrl\":\"https:\/\/secure.gravatar.com\/avatar\/42a55ab9e8ccc656ba34cd791990602a?s=96&d=mm&r=g\",\"caption\":\"Potencia Radiof\u00f3nica Dominicana\"},\"url\":\"https:\/\/potenciaradiofonicadominicana.com\/portal\/author\/johannyalmanzar\/\"}]}<\/script>\n<!-- \/ Yoast SEO plugin. -->","yoast_head_json":{"title":"Fundaci\u00f3n Mar\u00eda Garc\u00eda y Seaboard transforman La Ci\u00e9naga con el judo - PotenciaRadiofonicaDominicana.com","robots":{"index":"index","follow":"follow","max-snippet":"max-snippet:-1","max-image-preview":"max-image-preview:large","max-video-preview":"max-video-preview:-1"},"canonical":"https:\/\/potenciaradiofonicadominicana.com\/portal\/fundacion-maria-garcia-y-seaboard-transforman-la-cienaga-con-el-judo\/","og_locale":"es_ES","og_type":"article","og_title":"Fundaci\u00f3n Mar\u00eda Garc\u00eda y Seaboard transforman La Ci\u00e9naga con el judo - PotenciaRadiofonicaDominicana.com","og_description":"El polideportivo Domingo Sabio de La Ci\u00e9naga se convirti\u00f3 el domingo en un escenario de esperanza y disciplina. Entre aplausos ...","og_url":"https:\/\/potenciaradiofonicadominicana.com\/portal\/fundacion-maria-garcia-y-seaboard-transforman-la-cienaga-con-el-judo\/","og_site_name":"PotenciaRadiofonicaDominicana.com","article_publisher":"https:\/\/web.facebook.com\/PotenciaRadiofonicaD","article_published_time":"2026-02-06T00:41:24+00:00","og_image":[{"width":1920,"height":1279,"url":"https:\/\/potenciaradiofonicadominicana.com\/portal\/wp-content\/uploads\/2026\/02\/1.webp","type":"image\/webp"}],"author":"Potencia Radiof\u00f3nica Dominicana","twitter_card":"summary_large_image","twitter_misc":{"Escrito por":"Potencia Radiof\u00f3nica Dominicana","Tiempo de lectura":"3 minutos"},"schema":{"@context":"https:\/\/schema.org","@graph":[{"@type":"Article","@id":"https:\/\/potenciaradiofonicadominicana.com\/portal\/fundacion-maria-garcia-y-seaboard-transforman-la-cienaga-con-el-judo\/#article","isPartOf":{"@id":"https:\/\/potenciaradiofonicadominicana.com\/portal\/fundacion-maria-garcia-y-seaboard-transforman-la-cienaga-con-el-judo\/"},"author":{"name":"Potencia Radiof\u00f3nica Dominicana","@id":"https:\/\/potenciaradiofonicadominicana.com\/portal\/#\/schema\/person\/a5cf1fea13877803ee0573ac18b03490"},"headline":"Fundaci\u00f3n Mar\u00eda Garc\u00eda y Seaboard transforman La Ci\u00e9naga con el judo","datePublished":"2026-02-06T00:41:24+00:00","mainEntityOfPage":{"@id":"https:\/\/potenciaradiofonicadominicana.com\/portal\/fundacion-maria-garcia-y-seaboard-transforman-la-cienaga-con-el-judo\/"},"wordCount":435,"publisher":{"@id":"https:\/\/potenciaradiofonicadominicana.com\/portal\/#organization"},"image":{"@id":"https:\/\/potenciaradiofonicadominicana.com\/portal\/fundacion-maria-garcia-y-seaboard-transforman-la-cienaga-con-el-judo\/#primaryimage"},"thumbnailUrl":"https:\/\/potenciaradiofonicadominicana.com\/portal\/wp-content\/uploads\/2026\/02\/1.webp","articleSection":["Deportes"],"inLanguage":"es"},{"@type":"WebPage","@id":"https:\/\/potenciaradiofonicadominicana.com\/portal\/fundacion-maria-garcia-y-seaboard-transforman-la-cienaga-con-el-judo\/","url":"https:\/\/potenciaradiofonicadominicana.com\/portal\/fundacion-maria-garcia-y-seaboard-transforman-la-cienaga-con-el-judo\/","name":"Fundaci\u00f3n Mar\u00eda Garc\u00eda y Seaboard transforman La Ci\u00e9naga con el judo - PotenciaRadiofonicaDominicana.com","isPartOf":{"@id":"https:\/\/potenciaradiofonicadominicana.com\/portal\/#website"},"primaryImageOfPage":{"@id":"https:\/\/potenciaradiofonicadominicana.com\/portal\/fundacion-maria-garcia-y-seaboard-transforman-la-cienaga-con-el-judo\/#primaryimage"},"image":{"@id":"https:\/\/potenciaradiofonicadominicana.com\/portal\/fundacion-maria-garcia-y-seaboard-transforman-la-cienaga-con-el-judo\/#primaryimage"},"thumbnailUrl":"https:\/\/potenciaradiofonicadominicana.com\/portal\/wp-content\/uploads\/2026\/02\/1.webp","datePublished":"2026-02-06T00:41:24+00:00","breadcrumb":{"@id":"https:\/\/potenciaradiofonicadominicana.com\/portal\/fundacion-maria-garcia-y-seaboard-transforman-la-cienaga-con-el-judo\/#breadcrumb"},"inLanguage":"es","potentialAction":[{"@type":"ReadAction","target":["https:\/\/potenciaradiofonicadominicana.com\/portal\/fundacion-maria-garcia-y-seaboard-transforman-la-cienaga-con-el-judo\/"]}]},{"@type":"ImageObject","inLanguage":"es","@id":"https:\/\/potenciaradiofonicadominicana.com\/portal\/fundacion-maria-garcia-y-seaboard-transforman-la-cienaga-con-el-judo\/#primaryimage","url":"https:\/\/potenciaradiofonicadominicana.com\/portal\/wp-content\/uploads\/2026\/02\/1.webp","contentUrl":"https:\/\/potenciaradiofonicadominicana.com\/portal\/wp-content\/uploads\/2026\/02\/1.webp","width":1920,"height":1279},{"@type":"BreadcrumbList","@id":"https:\/\/potenciaradiofonicadominicana.com\/portal\/fundacion-maria-garcia-y-seaboard-transforman-la-cienaga-con-el-judo\/#breadcrumb","itemListElement":[{"@type":"ListItem","position":1,"name":"Portada","item":"https:\/\/potenciaradiofonicadominicana.com\/portal\/"},{"@type":"ListItem","position":2,"name":"Fundaci\u00f3n Mar\u00eda Garc\u00eda y Seaboard transforman La Ci\u00e9naga con el judo"}]},{"@type":"WebSite","@id":"https:\/\/potenciaradiofonicadominicana.com\/portal\/#website","url":"https:\/\/potenciaradiofonicadominicana.com\/portal\/","name":"PotenciaRadiofonicaDominicana.com","description":"Peri\u00f3dico Digital","publisher":{"@id":"https:\/\/potenciaradiofonicadominicana.com\/portal\/#organization"},"potentialAction":[{"@type":"SearchAction","target":{"@type":"EntryPoint","urlTemplate":"https:\/\/potenciaradiofonicadominicana.com\/portal\/?s={search_term_string}"},"query-input":{"@type":"PropertyValueSpecification","valueRequired":true,"valueName":"search_term_string"}}],"inLanguage":"es"},{"@type":"Organization","@id":"https:\/\/potenciaradiofonicadominicana.com\/portal\/#organization","name":"PotenciaRadiofonicaDominicana.com","url":"https:\/\/potenciaradiofonicadominicana.com\/portal\/","logo":{"@type":"ImageObject","inLanguage":"es","@id":"https:\/\/potenciaradiofonicadominicana.com\/portal\/#\/schema\/logo\/image\/","url":"https:\/\/potenciaradiofonicadominicana.com\/portal\/wp-content\/uploads\/2022\/01\/descarga.png","contentUrl":"https:\/\/potenciaradiofonicadominicana.com\/portal\/wp-content\/uploads\/2022\/01\/descarga.png","width":300,"height":100,"caption":"PotenciaRadiofonicaDominicana.com"},"image":{"@id":"https:\/\/potenciaradiofonicadominicana.com\/portal\/#\/schema\/logo\/image\/"},"sameAs":["https:\/\/web.facebook.com\/PotenciaRadiofonicaD"]},{"@type":"Person","@id":"https:\/\/potenciaradiofonicadominicana.com\/portal\/#\/schema\/person\/a5cf1fea13877803ee0573ac18b03490","name":"Potencia Radiof\u00f3nica Dominicana","image":{"@type":"ImageObject","inLanguage":"es","@id":"https:\/\/potenciaradiofonicadominicana.com\/portal\/#\/schema\/person\/image\/","url":"https:\/\/secure.gravatar.com\/avatar\/42a55ab9e8ccc656ba34cd791990602a?s=96&d=mm&r=g","contentUrl":"https:\/\/secure.gravatar.com\/avatar\/42a55ab9e8ccc656ba34cd791990602a?s=96&d=mm&r=g","caption":"Potencia Radiof\u00f3nica Dominicana"},"url":"https:\/\/potenciaradiofonicadominicana.com\/portal\/author\/johannyalmanzar\/"}]}},"_links":{"self":[{"href":"https:\/\/potenciaradiofonicadominicana.com\/portal\/wp-json\/wp\/v2\/posts\/211164","targetHints":{"allow":["GET"]}}],"collection":[{"href":"https:\/\/potenciaradiofonicadominicana.com\/portal\/wp-json\/wp\/v2\/posts"}],"about":[{"href":"https:\/\/potenciaradiofonicadominicana.com\/portal\/wp-json\/wp\/v2\/types\/post"}],"author":[{"embeddable":true,"href":"https:\/\/potenciaradiofonicadominicana.com\/portal\/wp-json\/wp\/v2\/users\/2"}],"replies":[{"embeddable":true,"href":"https:\/\/potenciaradiofonicadominicana.com\/portal\/wp-json\/wp\/v2\/comments?post=211164"}],"version-history":[{"count":1,"href":"https:\/\/potenciaradiofonicadominicana.com\/portal\/wp-json\/wp\/v2\/posts\/211164\/revisions"}],"predecessor-version":[{"id":211166,"href":"https:\/\/potenciaradiofonicadominicana.com\/portal\/wp-json\/wp\/v2\/posts\/211164\/revisions\/211166"}],"wp:featuredmedia":[{"embeddable":true,"href":"https:\/\/potenciaradiofonicadominicana.com\/portal\/wp-json\/wp\/v2\/media\/211165"}],"wp:attachment":[{"href":"https:\/\/potenciaradiofonicadominicana.com\/portal\/wp-json\/wp\/v2\/media?parent=211164"}],"wp:term":[{"taxonomy":"category","embeddable":true,"href":"https:\/\/potenciaradiofonicadominicana.com\/portal\/wp-json\/wp\/v2\/categories?post=211164"},{"taxonomy":"post_tag","embeddable":true,"href":"https:\/\/potenciaradiofonicadominicana.com\/portal\/wp-json\/wp\/v2\/tags?post=211164"}],"curies":[{"name":"wp","href":"https:\/\/api.w.org\/{rel}","templated":true}]}}