{"id":211161,"date":"2026-02-05T20:40:17","date_gmt":"2026-02-06T00:40:17","guid":{"rendered":"https:\/\/potenciaradiofonicadominicana.com\/portal\/?p=211161"},"modified":"2026-02-05T20:40:17","modified_gmt":"2026-02-06T00:40:17","slug":"kelvin-cruz-anuncia-1-3-millones-para-copa-independencia-de-boxeo","status":"publish","type":"post","link":"https:\/\/potenciaradiofonicadominicana.com\/portal\/kelvin-cruz-anuncia-1-3-millones-para-copa-independencia-de-boxeo\/","title":{"rendered":"Kelvin Cruz anuncia 1.3 millones para Copa Independencia de Boxeo"},"content":{"rendered":"<p><a href=\"https:\/\/potenciaradiofonicadominicana.com\/portal\/wp-content\/uploads\/2026\/02\/MESA-PRINCIPAL.webp\"><img loading=\"lazy\" decoding=\"async\" class=\"alignnone size-full wp-image-211162\" src=\"https:\/\/potenciaradiofonicadominicana.com\/portal\/wp-content\/uploads\/2026\/02\/MESA-PRINCIPAL.webp\" alt=\"\" width=\"696\" height=\"464\" srcset=\"https:\/\/potenciaradiofonicadominicana.com\/portal\/wp-content\/uploads\/2026\/02\/MESA-PRINCIPAL.webp 696w, https:\/\/potenciaradiofonicadominicana.com\/portal\/wp-content\/uploads\/2026\/02\/MESA-PRINCIPAL-300x200.webp 300w\" sizes=\"auto, (max-width: 696px) 100vw, 696px\" \/><\/a><\/p>\n<p>El Ministerio de Deportes y Recreaci\u00f3n (Miderec) se convirti\u00f3 en el principal auspiciador de la\u00a0<strong>45.\u00aa Copa Independencia Nacional de Boxeo<\/strong>, tras anunciar el ministro\u00a0<strong>Kelvin Cruz<\/strong>\u00a0un aporte de\u00a0<strong>RD$1,300,000<\/strong>\u00a0para la organizaci\u00f3n del evento.<\/p>\n<p>La tradicional justa box\u00edstica se celebrar\u00e1 en el\u00a0<strong>techado de la avenida Las Carreras<\/strong>, en\u00a0<strong>Santiago<\/strong>, del\u00a0<strong>16 al 21 de febrero<\/strong>, con la participaci\u00f3n de delegaciones nacionales e internacionales, en una edici\u00f3n que refuerza el posicionamiento del torneo como referencia anual del boxeo en la Rep\u00fablica Dominicana.<\/p>\n<p>\u201cPara el Ministerio de Deportes es un placer respaldar un evento que le ha dado tanta gloria al deporte y al pa\u00eds, como la Copa Independencia Nacional. Por ello, acompa\u00f1aremos al Comit\u00e9 Organizador en esta 45.\u00aa edici\u00f3n con un aporte de\u00a0<strong>RD$1,300,000<\/strong>\u201d, expres\u00f3 Cruz al encabezar la rueda de prensa celebrada en el\u00a0<strong>sal\u00f3n James Rodr\u00edguez<\/strong>\u00a0de Miderec.<\/p>\n<p>El ministro a\u00f1adi\u00f3 que el objetivo institucional es que el torneo contin\u00fae fortaleci\u00e9ndose, sirviendo como plataforma de fogueo para los boxeadores y como escenario para el surgimiento y consolidaci\u00f3n de nuevos talentos.<\/p>\n<p><strong>Participaci\u00f3n internacional confirmada<\/strong><\/p>\n<p>Han confirmado su asistencia\u00a0<strong>Cuba<\/strong>,\u00a0<strong>Ucrania<\/strong>,\u00a0<strong>Puerto Rico<\/strong>,\u00a0<strong>Panam\u00e1<\/strong>,\u00a0<strong>Ecuador<\/strong>,\u00a0<strong>Honduras<\/strong>,\u00a0<strong>Bahamas<\/strong>\u00a0y\u00a0<strong>Trinidad y Tobago<\/strong>. Por la\u00a0<strong>Rep\u00fablica Dominicana<\/strong>\u00a0competir\u00e1n dos selecciones nacionales (A y B), adem\u00e1s de representaciones de\u00a0<strong>Santiago<\/strong>, en su condici\u00f3n de ciudad anfitriona.<\/p>\n<p>Asimismo, se inform\u00f3 que selecciones \u00e9lite del \u00e1mbito internacional han manifestado inter\u00e9s en integrarse al torneo, incluyendo\u00a0<strong>Estados Unidos<\/strong>,\u00a0<strong>Canad\u00e1<\/strong>,\u00a0<strong>Australia<\/strong>\u00a0y\u00a0<strong>Venezuela<\/strong>, lo que ampliar\u00eda el nivel competitivo de la edici\u00f3n 2026.<\/p>\n<p><strong>Respaldo federativo, Comit\u00e9 Organizador y Alcald\u00eda de Santiago<\/strong><\/p>\n<p>El presidente Ad-Vitan de la Federaci\u00f3n Dominicana de Boxeo (Fedoboxa),\u00a0<strong>Bienvenido Solano<\/strong>, al hablar en nombre del presidente federativo,\u00a0<strong>Rub\u00e9n Garc\u00eda<\/strong>, destac\u00f3 el impacto hist\u00f3rico de la Copa Independencia en el desarrollo del boxeo dominicano, as\u00ed como el prestigio alcanzado por su organizaci\u00f3n y convocatoria internacional a trav\u00e9s de los a\u00f1os.<\/p>\n<p>El presidente \u00a0de la Asociaci\u00f3n de Boxeo de Santiago,\u00a0<strong>Miguel Mart\u00ednez<\/strong>, ofreci\u00f3 detalles del evento y agradeci\u00f3 el respaldo del ministro Cruz, recordando que en la edici\u00f3n anterior tambi\u00e9n se brind\u00f3 apoyo financiero para garantizar el \u00e9xito del torneo.<\/p>\n<div class=\"banner-contenido\">\n<div class=\"panorama_ads\"><\/div>\n<\/div>\n<p>En representaci\u00f3n del alcalde\u00a0<strong>Ulises Rodr\u00edguez<\/strong>, el director de Deportes de la Alcald\u00eda de Santiago,\u00a0<strong>Pappy P\u00e9rez<\/strong>, reiter\u00f3 el compromiso del cabildo para que la 45.\u00aa edici\u00f3n sea nuevamente un \u00e9xito organizativo y deportivo. Cit\u00f3 un s\u00f3lido respaldo econ\u00f3mico y seguimiento log\u00edstico al evento, que permitir\u00e1 que los atletas visitantes se sientan como en casa.<\/p>\n<p><strong>Copa Independencia como preparaci\u00f3n regional<\/strong><\/p>\n<p>Solano y Mart\u00ednez coincidieron en que la celebraci\u00f3n de los\u00a0<strong>XXV Juegos Centroamericanos y del Caribe<\/strong>, pautados del\u00a0<strong>24 de julio al 8 de agosto<\/strong>\u00a0en Santo Domingo, incrementa el valor competitivo de la Copa Independencia como evento de preparaci\u00f3n para varias de las naciones participantes e interesadas.<\/p>\n<p>La\u00a0<strong>Copa Independencia Nacional de Boxeo<\/strong>\u00a0es considerada uno de los eventos m\u00e1s tradicionales del calendario deportivo dominicano y se reconoce como el torneo anual m\u00e1s importante de su g\u00e9nero en el pa\u00eds.<\/p>\n<p><strong>Comit\u00e9 Gestor<\/strong><\/p>\n<p>La organizaci\u00f3n est\u00e1 a cargo de un\u00a0<strong>Comit\u00e9 Gestor<\/strong>\u00a0integrado por personalidades de Santiago, entre ellas el alcalde\u00a0<strong>Ulises Rodr\u00edguez<\/strong>; el senador\u00a0<strong>Daniel Rivera<\/strong>;\u00a0<strong>Rafael \u201cPapito\u201d Cruz<\/strong>, director general de Preindustria;\u00a0<strong>Rafael \u201cPappy\u201d P\u00e9rez<\/strong>;\u00a0<strong>\u00c1ngela J\u00e1quez<\/strong>, viceministra de Interior y Polic\u00eda; adem\u00e1s de\u00a0<strong>Freddy B\u00e1ez<\/strong>,\u00a0<strong>Silvio G\u00f3nell<\/strong>,\u00a0<strong>Vicente D\u00edaz<\/strong>,\u00a0<strong>Francis N\u00fa\u00f1ez<\/strong>,\u00a0<strong>Papi Rodr\u00edguez<\/strong>\u00a0y directivos de la Asociaci\u00f3n de Boxeo de Santiago.<\/p>\n","protected":false},"excerpt":{"rendered":"<p>El Ministerio de Deportes y Recreaci\u00f3n (Miderec) se convirti\u00f3 en el principal auspiciador de la\u00a045.\u00aa Copa Independencia Nacional de Boxeo, &#8230;<\/p>\n","protected":false},"author":2,"featured_media":211162,"comment_status":"closed","ping_status":"closed","sticky":false,"template":"","format":"standard","meta":{"footnotes":""},"categories":[28],"tags":[],"class_list":["post-211161","post","type-post","status-publish","format-standard","has-post-thumbnail","hentry","category-deportes"],"yoast_head":"<!-- This site is optimized with the Yoast SEO plugin v24.8.1 - https:\/\/yoast.com\/wordpress\/plugins\/seo\/ -->\n<title>Kelvin Cruz anuncia 1.3 millones para Copa Independencia de Boxeo - PotenciaRadiofonicaDominicana.com<\/title>\n<meta name=\"robots\" content=\"index, follow, max-snippet:-1, max-image-preview:large, max-video-preview:-1\" \/>\n<link rel=\"canonical\" href=\"https:\/\/potenciaradiofonicadominicana.com\/portal\/kelvin-cruz-anuncia-1-3-millones-para-copa-independencia-de-boxeo\/\" \/>\n<meta property=\"og:locale\" content=\"es_ES\" \/>\n<meta property=\"og:type\" content=\"article\" \/>\n<meta property=\"og:title\" content=\"Kelvin Cruz anuncia 1.3 millones para Copa Independencia de Boxeo - PotenciaRadiofonicaDominicana.com\" \/>\n<meta property=\"og:description\" content=\"El Ministerio de Deportes y Recreaci\u00f3n (Miderec) se convirti\u00f3 en el principal auspiciador de la\u00a045.\u00aa Copa Independencia Nacional de Boxeo, ...\" \/>\n<meta property=\"og:url\" content=\"https:\/\/potenciaradiofonicadominicana.com\/portal\/kelvin-cruz-anuncia-1-3-millones-para-copa-independencia-de-boxeo\/\" \/>\n<meta property=\"og:site_name\" content=\"PotenciaRadiofonicaDominicana.com\" \/>\n<meta property=\"article:publisher\" content=\"https:\/\/web.facebook.com\/PotenciaRadiofonicaD\" \/>\n<meta property=\"article:published_time\" content=\"2026-02-06T00:40:17+00:00\" \/>\n<meta property=\"og:image\" content=\"https:\/\/potenciaradiofonicadominicana.com\/portal\/wp-content\/uploads\/2026\/02\/MESA-PRINCIPAL.webp\" \/>\n\t<meta property=\"og:image:width\" content=\"696\" \/>\n\t<meta property=\"og:image:height\" content=\"464\" \/>\n\t<meta property=\"og:image:type\" content=\"image\/webp\" \/>\n<meta name=\"author\" content=\"Potencia Radiof\u00f3nica Dominicana\" \/>\n<meta name=\"twitter:card\" content=\"summary_large_image\" \/>\n<meta name=\"twitter:label1\" content=\"Escrito por\" \/>\n\t<meta name=\"twitter:data1\" content=\"Potencia Radiof\u00f3nica Dominicana\" \/>\n\t<meta name=\"twitter:label2\" content=\"Tiempo de lectura\" \/>\n\t<meta name=\"twitter:data2\" content=\"3 minutos\" \/>\n<script type=\"application\/ld+json\" class=\"yoast-schema-graph\">{\"@context\":\"https:\/\/schema.org\",\"@graph\":[{\"@type\":\"Article\",\"@id\":\"https:\/\/potenciaradiofonicadominicana.com\/portal\/kelvin-cruz-anuncia-1-3-millones-para-copa-independencia-de-boxeo\/#article\",\"isPartOf\":{\"@id\":\"https:\/\/potenciaradiofonicadominicana.com\/portal\/kelvin-cruz-anuncia-1-3-millones-para-copa-independencia-de-boxeo\/\"},\"author\":{\"name\":\"Potencia Radiof\u00f3nica Dominicana\",\"@id\":\"https:\/\/potenciaradiofonicadominicana.com\/portal\/#\/schema\/person\/a5cf1fea13877803ee0573ac18b03490\"},\"headline\":\"Kelvin Cruz anuncia 1.3 millones para Copa Independencia de Boxeo\",\"datePublished\":\"2026-02-06T00:40:17+00:00\",\"mainEntityOfPage\":{\"@id\":\"https:\/\/potenciaradiofonicadominicana.com\/portal\/kelvin-cruz-anuncia-1-3-millones-para-copa-independencia-de-boxeo\/\"},\"wordCount\":615,\"publisher\":{\"@id\":\"https:\/\/potenciaradiofonicadominicana.com\/portal\/#organization\"},\"image\":{\"@id\":\"https:\/\/potenciaradiofonicadominicana.com\/portal\/kelvin-cruz-anuncia-1-3-millones-para-copa-independencia-de-boxeo\/#primaryimage\"},\"thumbnailUrl\":\"https:\/\/potenciaradiofonicadominicana.com\/portal\/wp-content\/uploads\/2026\/02\/MESA-PRINCIPAL.webp\",\"articleSection\":[\"Deportes\"],\"inLanguage\":\"es\"},{\"@type\":\"WebPage\",\"@id\":\"https:\/\/potenciaradiofonicadominicana.com\/portal\/kelvin-cruz-anuncia-1-3-millones-para-copa-independencia-de-boxeo\/\",\"url\":\"https:\/\/potenciaradiofonicadominicana.com\/portal\/kelvin-cruz-anuncia-1-3-millones-para-copa-independencia-de-boxeo\/\",\"name\":\"Kelvin Cruz anuncia 1.3 millones para Copa Independencia de Boxeo - PotenciaRadiofonicaDominicana.com\",\"isPartOf\":{\"@id\":\"https:\/\/potenciaradiofonicadominicana.com\/portal\/#website\"},\"primaryImageOfPage\":{\"@id\":\"https:\/\/potenciaradiofonicadominicana.com\/portal\/kelvin-cruz-anuncia-1-3-millones-para-copa-independencia-de-boxeo\/#primaryimage\"},\"image\":{\"@id\":\"https:\/\/potenciaradiofonicadominicana.com\/portal\/kelvin-cruz-anuncia-1-3-millones-para-copa-independencia-de-boxeo\/#primaryimage\"},\"thumbnailUrl\":\"https:\/\/potenciaradiofonicadominicana.com\/portal\/wp-content\/uploads\/2026\/02\/MESA-PRINCIPAL.webp\",\"datePublished\":\"2026-02-06T00:40:17+00:00\",\"breadcrumb\":{\"@id\":\"https:\/\/potenciaradiofonicadominicana.com\/portal\/kelvin-cruz-anuncia-1-3-millones-para-copa-independencia-de-boxeo\/#breadcrumb\"},\"inLanguage\":\"es\",\"potentialAction\":[{\"@type\":\"ReadAction\",\"target\":[\"https:\/\/potenciaradiofonicadominicana.com\/portal\/kelvin-cruz-anuncia-1-3-millones-para-copa-independencia-de-boxeo\/\"]}]},{\"@type\":\"ImageObject\",\"inLanguage\":\"es\",\"@id\":\"https:\/\/potenciaradiofonicadominicana.com\/portal\/kelvin-cruz-anuncia-1-3-millones-para-copa-independencia-de-boxeo\/#primaryimage\",\"url\":\"https:\/\/potenciaradiofonicadominicana.com\/portal\/wp-content\/uploads\/2026\/02\/MESA-PRINCIPAL.webp\",\"contentUrl\":\"https:\/\/potenciaradiofonicadominicana.com\/portal\/wp-content\/uploads\/2026\/02\/MESA-PRINCIPAL.webp\",\"width\":696,\"height\":464},{\"@type\":\"BreadcrumbList\",\"@id\":\"https:\/\/potenciaradiofonicadominicana.com\/portal\/kelvin-cruz-anuncia-1-3-millones-para-copa-independencia-de-boxeo\/#breadcrumb\",\"itemListElement\":[{\"@type\":\"ListItem\",\"position\":1,\"name\":\"Portada\",\"item\":\"https:\/\/potenciaradiofonicadominicana.com\/portal\/\"},{\"@type\":\"ListItem\",\"position\":2,\"name\":\"Kelvin Cruz anuncia 1.3 millones para Copa Independencia de Boxeo\"}]},{\"@type\":\"WebSite\",\"@id\":\"https:\/\/potenciaradiofonicadominicana.com\/portal\/#website\",\"url\":\"https:\/\/potenciaradiofonicadominicana.com\/portal\/\",\"name\":\"PotenciaRadiofonicaDominicana.com\",\"description\":\"Peri\u00f3dico Digital\",\"publisher\":{\"@id\":\"https:\/\/potenciaradiofonicadominicana.com\/portal\/#organization\"},\"potentialAction\":[{\"@type\":\"SearchAction\",\"target\":{\"@type\":\"EntryPoint\",\"urlTemplate\":\"https:\/\/potenciaradiofonicadominicana.com\/portal\/?s={search_term_string}\"},\"query-input\":{\"@type\":\"PropertyValueSpecification\",\"valueRequired\":true,\"valueName\":\"search_term_string\"}}],\"inLanguage\":\"es\"},{\"@type\":\"Organization\",\"@id\":\"https:\/\/potenciaradiofonicadominicana.com\/portal\/#organization\",\"name\":\"PotenciaRadiofonicaDominicana.com\",\"url\":\"https:\/\/potenciaradiofonicadominicana.com\/portal\/\",\"logo\":{\"@type\":\"ImageObject\",\"inLanguage\":\"es\",\"@id\":\"https:\/\/potenciaradiofonicadominicana.com\/portal\/#\/schema\/logo\/image\/\",\"url\":\"https:\/\/potenciaradiofonicadominicana.com\/portal\/wp-content\/uploads\/2022\/01\/descarga.png\",\"contentUrl\":\"https:\/\/potenciaradiofonicadominicana.com\/portal\/wp-content\/uploads\/2022\/01\/descarga.png\",\"width\":300,\"height\":100,\"caption\":\"PotenciaRadiofonicaDominicana.com\"},\"image\":{\"@id\":\"https:\/\/potenciaradiofonicadominicana.com\/portal\/#\/schema\/logo\/image\/\"},\"sameAs\":[\"https:\/\/web.facebook.com\/PotenciaRadiofonicaD\"]},{\"@type\":\"Person\",\"@id\":\"https:\/\/potenciaradiofonicadominicana.com\/portal\/#\/schema\/person\/a5cf1fea13877803ee0573ac18b03490\",\"name\":\"Potencia Radiof\u00f3nica Dominicana\",\"image\":{\"@type\":\"ImageObject\",\"inLanguage\":\"es\",\"@id\":\"https:\/\/potenciaradiofonicadominicana.com\/portal\/#\/schema\/person\/image\/\",\"url\":\"https:\/\/secure.gravatar.com\/avatar\/42a55ab9e8ccc656ba34cd791990602a?s=96&d=mm&r=g\",\"contentUrl\":\"https:\/\/secure.gravatar.com\/avatar\/42a55ab9e8ccc656ba34cd791990602a?s=96&d=mm&r=g\",\"caption\":\"Potencia Radiof\u00f3nica Dominicana\"},\"url\":\"https:\/\/potenciaradiofonicadominicana.com\/portal\/author\/johannyalmanzar\/\"}]}<\/script>\n<!-- \/ Yoast SEO plugin. -->","yoast_head_json":{"title":"Kelvin Cruz anuncia 1.3 millones para Copa Independencia de Boxeo - PotenciaRadiofonicaDominicana.com","robots":{"index":"index","follow":"follow","max-snippet":"max-snippet:-1","max-image-preview":"max-image-preview:large","max-video-preview":"max-video-preview:-1"},"canonical":"https:\/\/potenciaradiofonicadominicana.com\/portal\/kelvin-cruz-anuncia-1-3-millones-para-copa-independencia-de-boxeo\/","og_locale":"es_ES","og_type":"article","og_title":"Kelvin Cruz anuncia 1.3 millones para Copa Independencia de Boxeo - PotenciaRadiofonicaDominicana.com","og_description":"El Ministerio de Deportes y Recreaci\u00f3n (Miderec) se convirti\u00f3 en el principal auspiciador de la\u00a045.\u00aa Copa Independencia Nacional de Boxeo, ...","og_url":"https:\/\/potenciaradiofonicadominicana.com\/portal\/kelvin-cruz-anuncia-1-3-millones-para-copa-independencia-de-boxeo\/","og_site_name":"PotenciaRadiofonicaDominicana.com","article_publisher":"https:\/\/web.facebook.com\/PotenciaRadiofonicaD","article_published_time":"2026-02-06T00:40:17+00:00","og_image":[{"width":696,"height":464,"url":"https:\/\/potenciaradiofonicadominicana.com\/portal\/wp-content\/uploads\/2026\/02\/MESA-PRINCIPAL.webp","type":"image\/webp"}],"author":"Potencia Radiof\u00f3nica Dominicana","twitter_card":"summary_large_image","twitter_misc":{"Escrito por":"Potencia Radiof\u00f3nica Dominicana","Tiempo de lectura":"3 minutos"},"schema":{"@context":"https:\/\/schema.org","@graph":[{"@type":"Article","@id":"https:\/\/potenciaradiofonicadominicana.com\/portal\/kelvin-cruz-anuncia-1-3-millones-para-copa-independencia-de-boxeo\/#article","isPartOf":{"@id":"https:\/\/potenciaradiofonicadominicana.com\/portal\/kelvin-cruz-anuncia-1-3-millones-para-copa-independencia-de-boxeo\/"},"author":{"name":"Potencia Radiof\u00f3nica Dominicana","@id":"https:\/\/potenciaradiofonicadominicana.com\/portal\/#\/schema\/person\/a5cf1fea13877803ee0573ac18b03490"},"headline":"Kelvin Cruz anuncia 1.3 millones para Copa Independencia de Boxeo","datePublished":"2026-02-06T00:40:17+00:00","mainEntityOfPage":{"@id":"https:\/\/potenciaradiofonicadominicana.com\/portal\/kelvin-cruz-anuncia-1-3-millones-para-copa-independencia-de-boxeo\/"},"wordCount":615,"publisher":{"@id":"https:\/\/potenciaradiofonicadominicana.com\/portal\/#organization"},"image":{"@id":"https:\/\/potenciaradiofonicadominicana.com\/portal\/kelvin-cruz-anuncia-1-3-millones-para-copa-independencia-de-boxeo\/#primaryimage"},"thumbnailUrl":"https:\/\/potenciaradiofonicadominicana.com\/portal\/wp-content\/uploads\/2026\/02\/MESA-PRINCIPAL.webp","articleSection":["Deportes"],"inLanguage":"es"},{"@type":"WebPage","@id":"https:\/\/potenciaradiofonicadominicana.com\/portal\/kelvin-cruz-anuncia-1-3-millones-para-copa-independencia-de-boxeo\/","url":"https:\/\/potenciaradiofonicadominicana.com\/portal\/kelvin-cruz-anuncia-1-3-millones-para-copa-independencia-de-boxeo\/","name":"Kelvin Cruz anuncia 1.3 millones para Copa Independencia de Boxeo - PotenciaRadiofonicaDominicana.com","isPartOf":{"@id":"https:\/\/potenciaradiofonicadominicana.com\/portal\/#website"},"primaryImageOfPage":{"@id":"https:\/\/potenciaradiofonicadominicana.com\/portal\/kelvin-cruz-anuncia-1-3-millones-para-copa-independencia-de-boxeo\/#primaryimage"},"image":{"@id":"https:\/\/potenciaradiofonicadominicana.com\/portal\/kelvin-cruz-anuncia-1-3-millones-para-copa-independencia-de-boxeo\/#primaryimage"},"thumbnailUrl":"https:\/\/potenciaradiofonicadominicana.com\/portal\/wp-content\/uploads\/2026\/02\/MESA-PRINCIPAL.webp","datePublished":"2026-02-06T00:40:17+00:00","breadcrumb":{"@id":"https:\/\/potenciaradiofonicadominicana.com\/portal\/kelvin-cruz-anuncia-1-3-millones-para-copa-independencia-de-boxeo\/#breadcrumb"},"inLanguage":"es","potentialAction":[{"@type":"ReadAction","target":["https:\/\/potenciaradiofonicadominicana.com\/portal\/kelvin-cruz-anuncia-1-3-millones-para-copa-independencia-de-boxeo\/"]}]},{"@type":"ImageObject","inLanguage":"es","@id":"https:\/\/potenciaradiofonicadominicana.com\/portal\/kelvin-cruz-anuncia-1-3-millones-para-copa-independencia-de-boxeo\/#primaryimage","url":"https:\/\/potenciaradiofonicadominicana.com\/portal\/wp-content\/uploads\/2026\/02\/MESA-PRINCIPAL.webp","contentUrl":"https:\/\/potenciaradiofonicadominicana.com\/portal\/wp-content\/uploads\/2026\/02\/MESA-PRINCIPAL.webp","width":696,"height":464},{"@type":"BreadcrumbList","@id":"https:\/\/potenciaradiofonicadominicana.com\/portal\/kelvin-cruz-anuncia-1-3-millones-para-copa-independencia-de-boxeo\/#breadcrumb","itemListElement":[{"@type":"ListItem","position":1,"name":"Portada","item":"https:\/\/potenciaradiofonicadominicana.com\/portal\/"},{"@type":"ListItem","position":2,"name":"Kelvin Cruz anuncia 1.3 millones para Copa Independencia de Boxeo"}]},{"@type":"WebSite","@id":"https:\/\/potenciaradiofonicadominicana.com\/portal\/#website","url":"https:\/\/potenciaradiofonicadominicana.com\/portal\/","name":"PotenciaRadiofonicaDominicana.com","description":"Peri\u00f3dico Digital","publisher":{"@id":"https:\/\/potenciaradiofonicadominicana.com\/portal\/#organization"},"potentialAction":[{"@type":"SearchAction","target":{"@type":"EntryPoint","urlTemplate":"https:\/\/potenciaradiofonicadominicana.com\/portal\/?s={search_term_string}"},"query-input":{"@type":"PropertyValueSpecification","valueRequired":true,"valueName":"search_term_string"}}],"inLanguage":"es"},{"@type":"Organization","@id":"https:\/\/potenciaradiofonicadominicana.com\/portal\/#organization","name":"PotenciaRadiofonicaDominicana.com","url":"https:\/\/potenciaradiofonicadominicana.com\/portal\/","logo":{"@type":"ImageObject","inLanguage":"es","@id":"https:\/\/potenciaradiofonicadominicana.com\/portal\/#\/schema\/logo\/image\/","url":"https:\/\/potenciaradiofonicadominicana.com\/portal\/wp-content\/uploads\/2022\/01\/descarga.png","contentUrl":"https:\/\/potenciaradiofonicadominicana.com\/portal\/wp-content\/uploads\/2022\/01\/descarga.png","width":300,"height":100,"caption":"PotenciaRadiofonicaDominicana.com"},"image":{"@id":"https:\/\/potenciaradiofonicadominicana.com\/portal\/#\/schema\/logo\/image\/"},"sameAs":["https:\/\/web.facebook.com\/PotenciaRadiofonicaD"]},{"@type":"Person","@id":"https:\/\/potenciaradiofonicadominicana.com\/portal\/#\/schema\/person\/a5cf1fea13877803ee0573ac18b03490","name":"Potencia Radiof\u00f3nica Dominicana","image":{"@type":"ImageObject","inLanguage":"es","@id":"https:\/\/potenciaradiofonicadominicana.com\/portal\/#\/schema\/person\/image\/","url":"https:\/\/secure.gravatar.com\/avatar\/42a55ab9e8ccc656ba34cd791990602a?s=96&d=mm&r=g","contentUrl":"https:\/\/secure.gravatar.com\/avatar\/42a55ab9e8ccc656ba34cd791990602a?s=96&d=mm&r=g","caption":"Potencia Radiof\u00f3nica Dominicana"},"url":"https:\/\/potenciaradiofonicadominicana.com\/portal\/author\/johannyalmanzar\/"}]}},"_links":{"self":[{"href":"https:\/\/potenciaradiofonicadominicana.com\/portal\/wp-json\/wp\/v2\/posts\/211161","targetHints":{"allow":["GET"]}}],"collection":[{"href":"https:\/\/potenciaradiofonicadominicana.com\/portal\/wp-json\/wp\/v2\/posts"}],"about":[{"href":"https:\/\/potenciaradiofonicadominicana.com\/portal\/wp-json\/wp\/v2\/types\/post"}],"author":[{"embeddable":true,"href":"https:\/\/potenciaradiofonicadominicana.com\/portal\/wp-json\/wp\/v2\/users\/2"}],"replies":[{"embeddable":true,"href":"https:\/\/potenciaradiofonicadominicana.com\/portal\/wp-json\/wp\/v2\/comments?post=211161"}],"version-history":[{"count":1,"href":"https:\/\/potenciaradiofonicadominicana.com\/portal\/wp-json\/wp\/v2\/posts\/211161\/revisions"}],"predecessor-version":[{"id":211163,"href":"https:\/\/potenciaradiofonicadominicana.com\/portal\/wp-json\/wp\/v2\/posts\/211161\/revisions\/211163"}],"wp:featuredmedia":[{"embeddable":true,"href":"https:\/\/potenciaradiofonicadominicana.com\/portal\/wp-json\/wp\/v2\/media\/211162"}],"wp:attachment":[{"href":"https:\/\/potenciaradiofonicadominicana.com\/portal\/wp-json\/wp\/v2\/media?parent=211161"}],"wp:term":[{"taxonomy":"category","embeddable":true,"href":"https:\/\/potenciaradiofonicadominicana.com\/portal\/wp-json\/wp\/v2\/categories?post=211161"},{"taxonomy":"post_tag","embeddable":true,"href":"https:\/\/potenciaradiofonicadominicana.com\/portal\/wp-json\/wp\/v2\/tags?post=211161"}],"curies":[{"name":"wp","href":"https:\/\/api.w.org\/{rel}","templated":true}]}}