{"id":211158,"date":"2026-02-05T20:38:43","date_gmt":"2026-02-06T00:38:43","guid":{"rendered":"https:\/\/potenciaradiofonicadominicana.com\/portal\/?p=211158"},"modified":"2026-02-05T20:38:43","modified_gmt":"2026-02-06T00:38:43","slug":"copa-davis-inicia-este-viernes-dominicana-vs-letonia-11am","status":"publish","type":"post","link":"https:\/\/potenciaradiofonicadominicana.com\/portal\/copa-davis-inicia-este-viernes-dominicana-vs-letonia-11am\/","title":{"rendered":"Copa Davis inicia este viernes, Dominicana Vs. Letonia \u2013 11AM"},"content":{"rendered":"<p><a href=\"https:\/\/potenciaradiofonicadominicana.com\/portal\/wp-content\/uploads\/2026\/02\/WhatsApp-Image-2026-02-02-at-10.41.22-AM-1.webp\"><img loading=\"lazy\" decoding=\"async\" class=\"alignnone size-full wp-image-211159\" src=\"https:\/\/potenciaradiofonicadominicana.com\/portal\/wp-content\/uploads\/2026\/02\/WhatsApp-Image-2026-02-02-at-10.41.22-AM-1.webp\" alt=\"\" width=\"1256\" height=\"774\" srcset=\"https:\/\/potenciaradiofonicadominicana.com\/portal\/wp-content\/uploads\/2026\/02\/WhatsApp-Image-2026-02-02-at-10.41.22-AM-1.webp 1256w, https:\/\/potenciaradiofonicadominicana.com\/portal\/wp-content\/uploads\/2026\/02\/WhatsApp-Image-2026-02-02-at-10.41.22-AM-1-300x185.webp 300w, https:\/\/potenciaradiofonicadominicana.com\/portal\/wp-content\/uploads\/2026\/02\/WhatsApp-Image-2026-02-02-at-10.41.22-AM-1-1024x631.webp 1024w, https:\/\/potenciaradiofonicadominicana.com\/portal\/wp-content\/uploads\/2026\/02\/WhatsApp-Image-2026-02-02-at-10.41.22-AM-1-768x473.webp 768w\" sizes=\"auto, (max-width: 1256px) 100vw, 1256px\" \/><\/a><\/p>\n<p>El Centro Nacional de Tenis del Parque del Este ser\u00e1 el escenario en el que los equipos de Rep\u00fablica Dominicana y Letonia medir\u00e1n fuerzas en una emocionante serie de Copa Davis los d\u00edas 6 y 7 de febrero del presente a\u00f1o. La entrada para el p\u00fablico ser\u00e1 completamente gratuita, lo que promete una gran asistencia de aficionados al tenis local.<\/p>\n<p>Sergio Tobal, vicepresidente de la Federaci\u00f3n Dominicana de Tenis (Fedotenis), ofreci\u00f3 detalles durante una rueda de prensa, destacando la organizaci\u00f3n impecable y la gran expectativa por los encuentros.<\/p>\n<p>Los partidos comenzar\u00e1n a las 11:00 de la ma\u00f1ana este viernes y s\u00e1bado.<\/p>\n<p>Copa Davis Rep\u00fablica Dominicana Vs. Letonia<br \/>\nLetonia y Rep\u00fablica Dominicana en presentaci\u00f3n protocolar.<br \/>\nTobal hizo un llamado a todos los amantes del tenis: \u00abExhortamos a la afici\u00f3n a que venga y disfrute de un nivel de tenis muy alto. La entrada es totalmente gratis y es una oportunidad \u00fanica de ver a grandes talentos tanto dominicanos como de Letonia\u00bb.<\/p>\n<p>El primer duelo de este viernes ser\u00e1 entre Roberto Cid, primera raqueta nacional y el segundo de Letonia, Karlis Ozolins. 15 minutos m\u00e1s tarde de terminado ese choque, Nick Hardt se medir\u00e1 con Robert Strombachs.<\/p>\n<p>El s\u00e1bado, desde las 11 el partido de dobles entre los dominicanos Peter Bertran y Enmanuel Mu\u00f1oz, ante el dueto let\u00f3n de Robert Strombachs y Karlis Ozolins.<\/p>\n<p>M\u00e1s tarde se miden en sencillos Cid contra Strombachs. Y Hardt ante Ozolins.<\/p>\n<p>Con ambos equipos preparados y motivados, la serie promete emociones intensas y un espect\u00e1culo deportivo de alto nivel.<\/p>\n<p>Dominicanos y letones jugar\u00e1n el play-off del Grupo II. El que gane, se quedar\u00e1 en el Grupo II Mundial.<\/p>\n<p>El equipo nacional tiene el patrocinio para el evento de Wilson, Ekatex, El Nuevo Diario, Creso y el Hotel Jaragua.<\/p>\n","protected":false},"excerpt":{"rendered":"<p>El Centro Nacional de Tenis del Parque del Este ser\u00e1 el escenario en el que los equipos de Rep\u00fablica Dominicana &#8230;<\/p>\n","protected":false},"author":2,"featured_media":211159,"comment_status":"closed","ping_status":"closed","sticky":false,"template":"","format":"standard","meta":{"footnotes":""},"categories":[28],"tags":[],"class_list":["post-211158","post","type-post","status-publish","format-standard","has-post-thumbnail","hentry","category-deportes"],"yoast_head":"<!-- This site is optimized with the Yoast SEO plugin v24.8.1 - https:\/\/yoast.com\/wordpress\/plugins\/seo\/ -->\n<title>Copa Davis inicia este viernes, Dominicana Vs. Letonia \u2013 11AM - PotenciaRadiofonicaDominicana.com<\/title>\n<meta name=\"robots\" content=\"index, follow, max-snippet:-1, max-image-preview:large, max-video-preview:-1\" \/>\n<link rel=\"canonical\" href=\"https:\/\/potenciaradiofonicadominicana.com\/portal\/copa-davis-inicia-este-viernes-dominicana-vs-letonia-11am\/\" \/>\n<meta property=\"og:locale\" content=\"es_ES\" \/>\n<meta property=\"og:type\" content=\"article\" \/>\n<meta property=\"og:title\" content=\"Copa Davis inicia este viernes, Dominicana Vs. Letonia \u2013 11AM - PotenciaRadiofonicaDominicana.com\" \/>\n<meta property=\"og:description\" content=\"El Centro Nacional de Tenis del Parque del Este ser\u00e1 el escenario en el que los equipos de Rep\u00fablica Dominicana ...\" \/>\n<meta property=\"og:url\" content=\"https:\/\/potenciaradiofonicadominicana.com\/portal\/copa-davis-inicia-este-viernes-dominicana-vs-letonia-11am\/\" \/>\n<meta property=\"og:site_name\" content=\"PotenciaRadiofonicaDominicana.com\" \/>\n<meta property=\"article:publisher\" content=\"https:\/\/web.facebook.com\/PotenciaRadiofonicaD\" \/>\n<meta property=\"article:published_time\" content=\"2026-02-06T00:38:43+00:00\" \/>\n<meta property=\"og:image\" content=\"https:\/\/potenciaradiofonicadominicana.com\/portal\/wp-content\/uploads\/2026\/02\/WhatsApp-Image-2026-02-02-at-10.41.22-AM-1.webp\" \/>\n\t<meta property=\"og:image:width\" content=\"1256\" \/>\n\t<meta property=\"og:image:height\" content=\"774\" \/>\n\t<meta property=\"og:image:type\" content=\"image\/webp\" \/>\n<meta name=\"author\" content=\"Potencia Radiof\u00f3nica Dominicana\" \/>\n<meta name=\"twitter:card\" content=\"summary_large_image\" \/>\n<meta name=\"twitter:label1\" content=\"Escrito por\" \/>\n\t<meta name=\"twitter:data1\" content=\"Potencia Radiof\u00f3nica Dominicana\" \/>\n\t<meta name=\"twitter:label2\" content=\"Tiempo de lectura\" \/>\n\t<meta name=\"twitter:data2\" content=\"2 minutos\" \/>\n<script type=\"application\/ld+json\" class=\"yoast-schema-graph\">{\"@context\":\"https:\/\/schema.org\",\"@graph\":[{\"@type\":\"Article\",\"@id\":\"https:\/\/potenciaradiofonicadominicana.com\/portal\/copa-davis-inicia-este-viernes-dominicana-vs-letonia-11am\/#article\",\"isPartOf\":{\"@id\":\"https:\/\/potenciaradiofonicadominicana.com\/portal\/copa-davis-inicia-este-viernes-dominicana-vs-letonia-11am\/\"},\"author\":{\"name\":\"Potencia Radiof\u00f3nica Dominicana\",\"@id\":\"https:\/\/potenciaradiofonicadominicana.com\/portal\/#\/schema\/person\/a5cf1fea13877803ee0573ac18b03490\"},\"headline\":\"Copa Davis inicia este viernes, Dominicana Vs. Letonia \u2013 11AM\",\"datePublished\":\"2026-02-06T00:38:43+00:00\",\"mainEntityOfPage\":{\"@id\":\"https:\/\/potenciaradiofonicadominicana.com\/portal\/copa-davis-inicia-este-viernes-dominicana-vs-letonia-11am\/\"},\"wordCount\":317,\"publisher\":{\"@id\":\"https:\/\/potenciaradiofonicadominicana.com\/portal\/#organization\"},\"image\":{\"@id\":\"https:\/\/potenciaradiofonicadominicana.com\/portal\/copa-davis-inicia-este-viernes-dominicana-vs-letonia-11am\/#primaryimage\"},\"thumbnailUrl\":\"https:\/\/potenciaradiofonicadominicana.com\/portal\/wp-content\/uploads\/2026\/02\/WhatsApp-Image-2026-02-02-at-10.41.22-AM-1.webp\",\"articleSection\":[\"Deportes\"],\"inLanguage\":\"es\"},{\"@type\":\"WebPage\",\"@id\":\"https:\/\/potenciaradiofonicadominicana.com\/portal\/copa-davis-inicia-este-viernes-dominicana-vs-letonia-11am\/\",\"url\":\"https:\/\/potenciaradiofonicadominicana.com\/portal\/copa-davis-inicia-este-viernes-dominicana-vs-letonia-11am\/\",\"name\":\"Copa Davis inicia este viernes, Dominicana Vs. Letonia \u2013 11AM - PotenciaRadiofonicaDominicana.com\",\"isPartOf\":{\"@id\":\"https:\/\/potenciaradiofonicadominicana.com\/portal\/#website\"},\"primaryImageOfPage\":{\"@id\":\"https:\/\/potenciaradiofonicadominicana.com\/portal\/copa-davis-inicia-este-viernes-dominicana-vs-letonia-11am\/#primaryimage\"},\"image\":{\"@id\":\"https:\/\/potenciaradiofonicadominicana.com\/portal\/copa-davis-inicia-este-viernes-dominicana-vs-letonia-11am\/#primaryimage\"},\"thumbnailUrl\":\"https:\/\/potenciaradiofonicadominicana.com\/portal\/wp-content\/uploads\/2026\/02\/WhatsApp-Image-2026-02-02-at-10.41.22-AM-1.webp\",\"datePublished\":\"2026-02-06T00:38:43+00:00\",\"breadcrumb\":{\"@id\":\"https:\/\/potenciaradiofonicadominicana.com\/portal\/copa-davis-inicia-este-viernes-dominicana-vs-letonia-11am\/#breadcrumb\"},\"inLanguage\":\"es\",\"potentialAction\":[{\"@type\":\"ReadAction\",\"target\":[\"https:\/\/potenciaradiofonicadominicana.com\/portal\/copa-davis-inicia-este-viernes-dominicana-vs-letonia-11am\/\"]}]},{\"@type\":\"ImageObject\",\"inLanguage\":\"es\",\"@id\":\"https:\/\/potenciaradiofonicadominicana.com\/portal\/copa-davis-inicia-este-viernes-dominicana-vs-letonia-11am\/#primaryimage\",\"url\":\"https:\/\/potenciaradiofonicadominicana.com\/portal\/wp-content\/uploads\/2026\/02\/WhatsApp-Image-2026-02-02-at-10.41.22-AM-1.webp\",\"contentUrl\":\"https:\/\/potenciaradiofonicadominicana.com\/portal\/wp-content\/uploads\/2026\/02\/WhatsApp-Image-2026-02-02-at-10.41.22-AM-1.webp\",\"width\":1256,\"height\":774},{\"@type\":\"BreadcrumbList\",\"@id\":\"https:\/\/potenciaradiofonicadominicana.com\/portal\/copa-davis-inicia-este-viernes-dominicana-vs-letonia-11am\/#breadcrumb\",\"itemListElement\":[{\"@type\":\"ListItem\",\"position\":1,\"name\":\"Portada\",\"item\":\"https:\/\/potenciaradiofonicadominicana.com\/portal\/\"},{\"@type\":\"ListItem\",\"position\":2,\"name\":\"Copa Davis inicia este viernes, Dominicana Vs. Letonia \u2013 11AM\"}]},{\"@type\":\"WebSite\",\"@id\":\"https:\/\/potenciaradiofonicadominicana.com\/portal\/#website\",\"url\":\"https:\/\/potenciaradiofonicadominicana.com\/portal\/\",\"name\":\"PotenciaRadiofonicaDominicana.com\",\"description\":\"Peri\u00f3dico Digital\",\"publisher\":{\"@id\":\"https:\/\/potenciaradiofonicadominicana.com\/portal\/#organization\"},\"potentialAction\":[{\"@type\":\"SearchAction\",\"target\":{\"@type\":\"EntryPoint\",\"urlTemplate\":\"https:\/\/potenciaradiofonicadominicana.com\/portal\/?s={search_term_string}\"},\"query-input\":{\"@type\":\"PropertyValueSpecification\",\"valueRequired\":true,\"valueName\":\"search_term_string\"}}],\"inLanguage\":\"es\"},{\"@type\":\"Organization\",\"@id\":\"https:\/\/potenciaradiofonicadominicana.com\/portal\/#organization\",\"name\":\"PotenciaRadiofonicaDominicana.com\",\"url\":\"https:\/\/potenciaradiofonicadominicana.com\/portal\/\",\"logo\":{\"@type\":\"ImageObject\",\"inLanguage\":\"es\",\"@id\":\"https:\/\/potenciaradiofonicadominicana.com\/portal\/#\/schema\/logo\/image\/\",\"url\":\"https:\/\/potenciaradiofonicadominicana.com\/portal\/wp-content\/uploads\/2022\/01\/descarga.png\",\"contentUrl\":\"https:\/\/potenciaradiofonicadominicana.com\/portal\/wp-content\/uploads\/2022\/01\/descarga.png\",\"width\":300,\"height\":100,\"caption\":\"PotenciaRadiofonicaDominicana.com\"},\"image\":{\"@id\":\"https:\/\/potenciaradiofonicadominicana.com\/portal\/#\/schema\/logo\/image\/\"},\"sameAs\":[\"https:\/\/web.facebook.com\/PotenciaRadiofonicaD\"]},{\"@type\":\"Person\",\"@id\":\"https:\/\/potenciaradiofonicadominicana.com\/portal\/#\/schema\/person\/a5cf1fea13877803ee0573ac18b03490\",\"name\":\"Potencia Radiof\u00f3nica Dominicana\",\"image\":{\"@type\":\"ImageObject\",\"inLanguage\":\"es\",\"@id\":\"https:\/\/potenciaradiofonicadominicana.com\/portal\/#\/schema\/person\/image\/\",\"url\":\"https:\/\/secure.gravatar.com\/avatar\/42a55ab9e8ccc656ba34cd791990602a?s=96&d=mm&r=g\",\"contentUrl\":\"https:\/\/secure.gravatar.com\/avatar\/42a55ab9e8ccc656ba34cd791990602a?s=96&d=mm&r=g\",\"caption\":\"Potencia Radiof\u00f3nica Dominicana\"},\"url\":\"https:\/\/potenciaradiofonicadominicana.com\/portal\/author\/johannyalmanzar\/\"}]}<\/script>\n<!-- \/ Yoast SEO plugin. -->","yoast_head_json":{"title":"Copa Davis inicia este viernes, Dominicana Vs. Letonia \u2013 11AM - PotenciaRadiofonicaDominicana.com","robots":{"index":"index","follow":"follow","max-snippet":"max-snippet:-1","max-image-preview":"max-image-preview:large","max-video-preview":"max-video-preview:-1"},"canonical":"https:\/\/potenciaradiofonicadominicana.com\/portal\/copa-davis-inicia-este-viernes-dominicana-vs-letonia-11am\/","og_locale":"es_ES","og_type":"article","og_title":"Copa Davis inicia este viernes, Dominicana Vs. Letonia \u2013 11AM - PotenciaRadiofonicaDominicana.com","og_description":"El Centro Nacional de Tenis del Parque del Este ser\u00e1 el escenario en el que los equipos de Rep\u00fablica Dominicana ...","og_url":"https:\/\/potenciaradiofonicadominicana.com\/portal\/copa-davis-inicia-este-viernes-dominicana-vs-letonia-11am\/","og_site_name":"PotenciaRadiofonicaDominicana.com","article_publisher":"https:\/\/web.facebook.com\/PotenciaRadiofonicaD","article_published_time":"2026-02-06T00:38:43+00:00","og_image":[{"width":1256,"height":774,"url":"https:\/\/potenciaradiofonicadominicana.com\/portal\/wp-content\/uploads\/2026\/02\/WhatsApp-Image-2026-02-02-at-10.41.22-AM-1.webp","type":"image\/webp"}],"author":"Potencia Radiof\u00f3nica Dominicana","twitter_card":"summary_large_image","twitter_misc":{"Escrito por":"Potencia Radiof\u00f3nica Dominicana","Tiempo de lectura":"2 minutos"},"schema":{"@context":"https:\/\/schema.org","@graph":[{"@type":"Article","@id":"https:\/\/potenciaradiofonicadominicana.com\/portal\/copa-davis-inicia-este-viernes-dominicana-vs-letonia-11am\/#article","isPartOf":{"@id":"https:\/\/potenciaradiofonicadominicana.com\/portal\/copa-davis-inicia-este-viernes-dominicana-vs-letonia-11am\/"},"author":{"name":"Potencia Radiof\u00f3nica Dominicana","@id":"https:\/\/potenciaradiofonicadominicana.com\/portal\/#\/schema\/person\/a5cf1fea13877803ee0573ac18b03490"},"headline":"Copa Davis inicia este viernes, Dominicana Vs. Letonia \u2013 11AM","datePublished":"2026-02-06T00:38:43+00:00","mainEntityOfPage":{"@id":"https:\/\/potenciaradiofonicadominicana.com\/portal\/copa-davis-inicia-este-viernes-dominicana-vs-letonia-11am\/"},"wordCount":317,"publisher":{"@id":"https:\/\/potenciaradiofonicadominicana.com\/portal\/#organization"},"image":{"@id":"https:\/\/potenciaradiofonicadominicana.com\/portal\/copa-davis-inicia-este-viernes-dominicana-vs-letonia-11am\/#primaryimage"},"thumbnailUrl":"https:\/\/potenciaradiofonicadominicana.com\/portal\/wp-content\/uploads\/2026\/02\/WhatsApp-Image-2026-02-02-at-10.41.22-AM-1.webp","articleSection":["Deportes"],"inLanguage":"es"},{"@type":"WebPage","@id":"https:\/\/potenciaradiofonicadominicana.com\/portal\/copa-davis-inicia-este-viernes-dominicana-vs-letonia-11am\/","url":"https:\/\/potenciaradiofonicadominicana.com\/portal\/copa-davis-inicia-este-viernes-dominicana-vs-letonia-11am\/","name":"Copa Davis inicia este viernes, Dominicana Vs. Letonia \u2013 11AM - PotenciaRadiofonicaDominicana.com","isPartOf":{"@id":"https:\/\/potenciaradiofonicadominicana.com\/portal\/#website"},"primaryImageOfPage":{"@id":"https:\/\/potenciaradiofonicadominicana.com\/portal\/copa-davis-inicia-este-viernes-dominicana-vs-letonia-11am\/#primaryimage"},"image":{"@id":"https:\/\/potenciaradiofonicadominicana.com\/portal\/copa-davis-inicia-este-viernes-dominicana-vs-letonia-11am\/#primaryimage"},"thumbnailUrl":"https:\/\/potenciaradiofonicadominicana.com\/portal\/wp-content\/uploads\/2026\/02\/WhatsApp-Image-2026-02-02-at-10.41.22-AM-1.webp","datePublished":"2026-02-06T00:38:43+00:00","breadcrumb":{"@id":"https:\/\/potenciaradiofonicadominicana.com\/portal\/copa-davis-inicia-este-viernes-dominicana-vs-letonia-11am\/#breadcrumb"},"inLanguage":"es","potentialAction":[{"@type":"ReadAction","target":["https:\/\/potenciaradiofonicadominicana.com\/portal\/copa-davis-inicia-este-viernes-dominicana-vs-letonia-11am\/"]}]},{"@type":"ImageObject","inLanguage":"es","@id":"https:\/\/potenciaradiofonicadominicana.com\/portal\/copa-davis-inicia-este-viernes-dominicana-vs-letonia-11am\/#primaryimage","url":"https:\/\/potenciaradiofonicadominicana.com\/portal\/wp-content\/uploads\/2026\/02\/WhatsApp-Image-2026-02-02-at-10.41.22-AM-1.webp","contentUrl":"https:\/\/potenciaradiofonicadominicana.com\/portal\/wp-content\/uploads\/2026\/02\/WhatsApp-Image-2026-02-02-at-10.41.22-AM-1.webp","width":1256,"height":774},{"@type":"BreadcrumbList","@id":"https:\/\/potenciaradiofonicadominicana.com\/portal\/copa-davis-inicia-este-viernes-dominicana-vs-letonia-11am\/#breadcrumb","itemListElement":[{"@type":"ListItem","position":1,"name":"Portada","item":"https:\/\/potenciaradiofonicadominicana.com\/portal\/"},{"@type":"ListItem","position":2,"name":"Copa Davis inicia este viernes, Dominicana Vs. Letonia \u2013 11AM"}]},{"@type":"WebSite","@id":"https:\/\/potenciaradiofonicadominicana.com\/portal\/#website","url":"https:\/\/potenciaradiofonicadominicana.com\/portal\/","name":"PotenciaRadiofonicaDominicana.com","description":"Peri\u00f3dico Digital","publisher":{"@id":"https:\/\/potenciaradiofonicadominicana.com\/portal\/#organization"},"potentialAction":[{"@type":"SearchAction","target":{"@type":"EntryPoint","urlTemplate":"https:\/\/potenciaradiofonicadominicana.com\/portal\/?s={search_term_string}"},"query-input":{"@type":"PropertyValueSpecification","valueRequired":true,"valueName":"search_term_string"}}],"inLanguage":"es"},{"@type":"Organization","@id":"https:\/\/potenciaradiofonicadominicana.com\/portal\/#organization","name":"PotenciaRadiofonicaDominicana.com","url":"https:\/\/potenciaradiofonicadominicana.com\/portal\/","logo":{"@type":"ImageObject","inLanguage":"es","@id":"https:\/\/potenciaradiofonicadominicana.com\/portal\/#\/schema\/logo\/image\/","url":"https:\/\/potenciaradiofonicadominicana.com\/portal\/wp-content\/uploads\/2022\/01\/descarga.png","contentUrl":"https:\/\/potenciaradiofonicadominicana.com\/portal\/wp-content\/uploads\/2022\/01\/descarga.png","width":300,"height":100,"caption":"PotenciaRadiofonicaDominicana.com"},"image":{"@id":"https:\/\/potenciaradiofonicadominicana.com\/portal\/#\/schema\/logo\/image\/"},"sameAs":["https:\/\/web.facebook.com\/PotenciaRadiofonicaD"]},{"@type":"Person","@id":"https:\/\/potenciaradiofonicadominicana.com\/portal\/#\/schema\/person\/a5cf1fea13877803ee0573ac18b03490","name":"Potencia Radiof\u00f3nica Dominicana","image":{"@type":"ImageObject","inLanguage":"es","@id":"https:\/\/potenciaradiofonicadominicana.com\/portal\/#\/schema\/person\/image\/","url":"https:\/\/secure.gravatar.com\/avatar\/42a55ab9e8ccc656ba34cd791990602a?s=96&d=mm&r=g","contentUrl":"https:\/\/secure.gravatar.com\/avatar\/42a55ab9e8ccc656ba34cd791990602a?s=96&d=mm&r=g","caption":"Potencia Radiof\u00f3nica Dominicana"},"url":"https:\/\/potenciaradiofonicadominicana.com\/portal\/author\/johannyalmanzar\/"}]}},"_links":{"self":[{"href":"https:\/\/potenciaradiofonicadominicana.com\/portal\/wp-json\/wp\/v2\/posts\/211158","targetHints":{"allow":["GET"]}}],"collection":[{"href":"https:\/\/potenciaradiofonicadominicana.com\/portal\/wp-json\/wp\/v2\/posts"}],"about":[{"href":"https:\/\/potenciaradiofonicadominicana.com\/portal\/wp-json\/wp\/v2\/types\/post"}],"author":[{"embeddable":true,"href":"https:\/\/potenciaradiofonicadominicana.com\/portal\/wp-json\/wp\/v2\/users\/2"}],"replies":[{"embeddable":true,"href":"https:\/\/potenciaradiofonicadominicana.com\/portal\/wp-json\/wp\/v2\/comments?post=211158"}],"version-history":[{"count":1,"href":"https:\/\/potenciaradiofonicadominicana.com\/portal\/wp-json\/wp\/v2\/posts\/211158\/revisions"}],"predecessor-version":[{"id":211160,"href":"https:\/\/potenciaradiofonicadominicana.com\/portal\/wp-json\/wp\/v2\/posts\/211158\/revisions\/211160"}],"wp:featuredmedia":[{"embeddable":true,"href":"https:\/\/potenciaradiofonicadominicana.com\/portal\/wp-json\/wp\/v2\/media\/211159"}],"wp:attachment":[{"href":"https:\/\/potenciaradiofonicadominicana.com\/portal\/wp-json\/wp\/v2\/media?parent=211158"}],"wp:term":[{"taxonomy":"category","embeddable":true,"href":"https:\/\/potenciaradiofonicadominicana.com\/portal\/wp-json\/wp\/v2\/categories?post=211158"},{"taxonomy":"post_tag","embeddable":true,"href":"https:\/\/potenciaradiofonicadominicana.com\/portal\/wp-json\/wp\/v2\/tags?post=211158"}],"curies":[{"name":"wp","href":"https:\/\/api.w.org\/{rel}","templated":true}]}}