{"id":211155,"date":"2026-02-05T20:37:36","date_gmt":"2026-02-06T00:37:36","guid":{"rendered":"https:\/\/potenciaradiofonicadominicana.com\/portal\/?p=211155"},"modified":"2026-02-05T20:37:36","modified_gmt":"2026-02-06T00:37:36","slug":"mayorga-califica-como-un-aprendizaje-participacion-de-panama-en-serie-del-caribe","status":"publish","type":"post","link":"https:\/\/potenciaradiofonicadominicana.com\/portal\/mayorga-califica-como-un-aprendizaje-participacion-de-panama-en-serie-del-caribe\/","title":{"rendered":"Mayorga califica como un aprendizaje participaci\u00f3n de Panam\u00e1 en Serie del Caribe"},"content":{"rendered":"<p><a href=\"https:\/\/potenciaradiofonicadominicana.com\/portal\/wp-content\/uploads\/2026\/02\/jose-mayorgajpg.webp\"><img loading=\"lazy\" decoding=\"async\" class=\"alignnone size-full wp-image-211156\" src=\"https:\/\/potenciaradiofonicadominicana.com\/portal\/wp-content\/uploads\/2026\/02\/jose-mayorgajpg.webp\" alt=\"\" width=\"855\" height=\"515\" srcset=\"https:\/\/potenciaradiofonicadominicana.com\/portal\/wp-content\/uploads\/2026\/02\/jose-mayorgajpg.webp 855w, https:\/\/potenciaradiofonicadominicana.com\/portal\/wp-content\/uploads\/2026\/02\/jose-mayorgajpg-300x181.webp 300w, https:\/\/potenciaradiofonicadominicana.com\/portal\/wp-content\/uploads\/2026\/02\/jose-mayorgajpg-768x463.webp 768w, https:\/\/potenciaradiofonicadominicana.com\/portal\/wp-content\/uploads\/2026\/02\/jose-mayorgajpg-165x100.webp 165w, https:\/\/potenciaradiofonicadominicana.com\/portal\/wp-content\/uploads\/2026\/02\/jose-mayorgajpg-400x240.webp 400w\" sizes=\"auto, (max-width: 855px) 100vw, 855px\" \/><\/a><\/p>\n<p>M\u00c9XICO.\u2013 El dirigente paname\u00f1o Jos\u00e9 Mayorga reconoci\u00f3 este jueves que un episodio defensivo marc\u00f3 el rumbo del partido en la derrota 8-3 ante Puerto Rico, resultado que sell\u00f3 la \u00faltima presentaci\u00f3n de Panam\u00e1 en la Serie del Caribe 2026.<\/p>\n<p>Mayorga explic\u00f3 que el encuentro inici\u00f3 de buena manera para su equipo, pero un inning de cuatro carreras permiti\u00f3 que los boricuas tomaran el control.<\/p>\n<p>Aunque Panam\u00e1 logr\u00f3 acercarse en el marcador, Puerto Rico respondi\u00f3 con tres anotaciones m\u00e1s para ampliar la ventaja. \u201cNo pudimos obtener la victoria, simplemente queda pasar la p\u00e1gina, aprender de lo sucedido y mejorar\u201d, expres\u00f3 el estratega.<\/p>\n<p>A pesar de finalizar el torneo sin triunfos, el dirigente destac\u00f3 la entrega y gallard\u00eda de sus jugadores, resaltando que el equipo nunca se rindi\u00f3 y compiti\u00f3 hasta el final en cada compromiso.<\/p>\n<p>Se\u00f1al\u00f3 adem\u00e1s que la experiencia le permiti\u00f3 conocer mejor a varios peloteros que no hab\u00eda dirigido anteriormente, de cara a futuras competencias.<\/p>\n<p>Mayorga indic\u00f3 que el enfoque ahora estar\u00e1 en el fortalecimiento de la liga local y en la conformaci\u00f3n de un mejor grupo, con miras a llegar m\u00e1s preparados a pr\u00f3ximos eventos internacionales y evitar resultados similares en futuras ediciones del certamen.<\/p>\n","protected":false},"excerpt":{"rendered":"<p>M\u00c9XICO.\u2013 El dirigente paname\u00f1o Jos\u00e9 Mayorga reconoci\u00f3 este jueves que un episodio defensivo marc\u00f3 el rumbo del partido en la &#8230;<\/p>\n","protected":false},"author":2,"featured_media":211156,"comment_status":"closed","ping_status":"closed","sticky":false,"template":"","format":"standard","meta":{"footnotes":""},"categories":[28],"tags":[],"class_list":["post-211155","post","type-post","status-publish","format-standard","has-post-thumbnail","hentry","category-deportes"],"yoast_head":"<!-- This site is optimized with the Yoast SEO plugin v24.8.1 - https:\/\/yoast.com\/wordpress\/plugins\/seo\/ -->\n<title>Mayorga califica como un aprendizaje participaci\u00f3n de Panam\u00e1 en Serie del Caribe - PotenciaRadiofonicaDominicana.com<\/title>\n<meta name=\"robots\" content=\"index, follow, max-snippet:-1, max-image-preview:large, max-video-preview:-1\" \/>\n<link rel=\"canonical\" href=\"https:\/\/potenciaradiofonicadominicana.com\/portal\/mayorga-califica-como-un-aprendizaje-participacion-de-panama-en-serie-del-caribe\/\" \/>\n<meta property=\"og:locale\" content=\"es_ES\" \/>\n<meta property=\"og:type\" content=\"article\" \/>\n<meta property=\"og:title\" content=\"Mayorga califica como un aprendizaje participaci\u00f3n de Panam\u00e1 en Serie del Caribe - PotenciaRadiofonicaDominicana.com\" \/>\n<meta property=\"og:description\" content=\"M\u00c9XICO.\u2013 El dirigente paname\u00f1o Jos\u00e9 Mayorga reconoci\u00f3 este jueves que un episodio defensivo marc\u00f3 el rumbo del partido en la ...\" \/>\n<meta property=\"og:url\" content=\"https:\/\/potenciaradiofonicadominicana.com\/portal\/mayorga-califica-como-un-aprendizaje-participacion-de-panama-en-serie-del-caribe\/\" \/>\n<meta property=\"og:site_name\" content=\"PotenciaRadiofonicaDominicana.com\" \/>\n<meta property=\"article:publisher\" content=\"https:\/\/web.facebook.com\/PotenciaRadiofonicaD\" \/>\n<meta property=\"article:published_time\" content=\"2026-02-06T00:37:36+00:00\" \/>\n<meta property=\"og:image\" content=\"https:\/\/potenciaradiofonicadominicana.com\/portal\/wp-content\/uploads\/2026\/02\/jose-mayorgajpg.webp\" \/>\n\t<meta property=\"og:image:width\" content=\"855\" \/>\n\t<meta property=\"og:image:height\" content=\"515\" \/>\n\t<meta property=\"og:image:type\" content=\"image\/webp\" \/>\n<meta name=\"author\" content=\"Potencia Radiof\u00f3nica Dominicana\" \/>\n<meta name=\"twitter:card\" content=\"summary_large_image\" \/>\n<meta name=\"twitter:label1\" content=\"Escrito por\" \/>\n\t<meta name=\"twitter:data1\" content=\"Potencia Radiof\u00f3nica Dominicana\" \/>\n\t<meta name=\"twitter:label2\" content=\"Tiempo de lectura\" \/>\n\t<meta name=\"twitter:data2\" content=\"2 minutos\" \/>\n<script type=\"application\/ld+json\" class=\"yoast-schema-graph\">{\"@context\":\"https:\/\/schema.org\",\"@graph\":[{\"@type\":\"Article\",\"@id\":\"https:\/\/potenciaradiofonicadominicana.com\/portal\/mayorga-califica-como-un-aprendizaje-participacion-de-panama-en-serie-del-caribe\/#article\",\"isPartOf\":{\"@id\":\"https:\/\/potenciaradiofonicadominicana.com\/portal\/mayorga-califica-como-un-aprendizaje-participacion-de-panama-en-serie-del-caribe\/\"},\"author\":{\"name\":\"Potencia Radiof\u00f3nica Dominicana\",\"@id\":\"https:\/\/potenciaradiofonicadominicana.com\/portal\/#\/schema\/person\/a5cf1fea13877803ee0573ac18b03490\"},\"headline\":\"Mayorga califica como un aprendizaje participaci\u00f3n de Panam\u00e1 en Serie del Caribe\",\"datePublished\":\"2026-02-06T00:37:36+00:00\",\"mainEntityOfPage\":{\"@id\":\"https:\/\/potenciaradiofonicadominicana.com\/portal\/mayorga-califica-como-un-aprendizaje-participacion-de-panama-en-serie-del-caribe\/\"},\"wordCount\":221,\"publisher\":{\"@id\":\"https:\/\/potenciaradiofonicadominicana.com\/portal\/#organization\"},\"image\":{\"@id\":\"https:\/\/potenciaradiofonicadominicana.com\/portal\/mayorga-califica-como-un-aprendizaje-participacion-de-panama-en-serie-del-caribe\/#primaryimage\"},\"thumbnailUrl\":\"https:\/\/potenciaradiofonicadominicana.com\/portal\/wp-content\/uploads\/2026\/02\/jose-mayorgajpg.webp\",\"articleSection\":[\"Deportes\"],\"inLanguage\":\"es\"},{\"@type\":\"WebPage\",\"@id\":\"https:\/\/potenciaradiofonicadominicana.com\/portal\/mayorga-califica-como-un-aprendizaje-participacion-de-panama-en-serie-del-caribe\/\",\"url\":\"https:\/\/potenciaradiofonicadominicana.com\/portal\/mayorga-califica-como-un-aprendizaje-participacion-de-panama-en-serie-del-caribe\/\",\"name\":\"Mayorga califica como un aprendizaje participaci\u00f3n de Panam\u00e1 en Serie del Caribe - PotenciaRadiofonicaDominicana.com\",\"isPartOf\":{\"@id\":\"https:\/\/potenciaradiofonicadominicana.com\/portal\/#website\"},\"primaryImageOfPage\":{\"@id\":\"https:\/\/potenciaradiofonicadominicana.com\/portal\/mayorga-califica-como-un-aprendizaje-participacion-de-panama-en-serie-del-caribe\/#primaryimage\"},\"image\":{\"@id\":\"https:\/\/potenciaradiofonicadominicana.com\/portal\/mayorga-califica-como-un-aprendizaje-participacion-de-panama-en-serie-del-caribe\/#primaryimage\"},\"thumbnailUrl\":\"https:\/\/potenciaradiofonicadominicana.com\/portal\/wp-content\/uploads\/2026\/02\/jose-mayorgajpg.webp\",\"datePublished\":\"2026-02-06T00:37:36+00:00\",\"breadcrumb\":{\"@id\":\"https:\/\/potenciaradiofonicadominicana.com\/portal\/mayorga-califica-como-un-aprendizaje-participacion-de-panama-en-serie-del-caribe\/#breadcrumb\"},\"inLanguage\":\"es\",\"potentialAction\":[{\"@type\":\"ReadAction\",\"target\":[\"https:\/\/potenciaradiofonicadominicana.com\/portal\/mayorga-califica-como-un-aprendizaje-participacion-de-panama-en-serie-del-caribe\/\"]}]},{\"@type\":\"ImageObject\",\"inLanguage\":\"es\",\"@id\":\"https:\/\/potenciaradiofonicadominicana.com\/portal\/mayorga-califica-como-un-aprendizaje-participacion-de-panama-en-serie-del-caribe\/#primaryimage\",\"url\":\"https:\/\/potenciaradiofonicadominicana.com\/portal\/wp-content\/uploads\/2026\/02\/jose-mayorgajpg.webp\",\"contentUrl\":\"https:\/\/potenciaradiofonicadominicana.com\/portal\/wp-content\/uploads\/2026\/02\/jose-mayorgajpg.webp\",\"width\":855,\"height\":515},{\"@type\":\"BreadcrumbList\",\"@id\":\"https:\/\/potenciaradiofonicadominicana.com\/portal\/mayorga-califica-como-un-aprendizaje-participacion-de-panama-en-serie-del-caribe\/#breadcrumb\",\"itemListElement\":[{\"@type\":\"ListItem\",\"position\":1,\"name\":\"Portada\",\"item\":\"https:\/\/potenciaradiofonicadominicana.com\/portal\/\"},{\"@type\":\"ListItem\",\"position\":2,\"name\":\"Mayorga califica como un aprendizaje participaci\u00f3n de Panam\u00e1 en Serie del Caribe\"}]},{\"@type\":\"WebSite\",\"@id\":\"https:\/\/potenciaradiofonicadominicana.com\/portal\/#website\",\"url\":\"https:\/\/potenciaradiofonicadominicana.com\/portal\/\",\"name\":\"PotenciaRadiofonicaDominicana.com\",\"description\":\"Peri\u00f3dico Digital\",\"publisher\":{\"@id\":\"https:\/\/potenciaradiofonicadominicana.com\/portal\/#organization\"},\"potentialAction\":[{\"@type\":\"SearchAction\",\"target\":{\"@type\":\"EntryPoint\",\"urlTemplate\":\"https:\/\/potenciaradiofonicadominicana.com\/portal\/?s={search_term_string}\"},\"query-input\":{\"@type\":\"PropertyValueSpecification\",\"valueRequired\":true,\"valueName\":\"search_term_string\"}}],\"inLanguage\":\"es\"},{\"@type\":\"Organization\",\"@id\":\"https:\/\/potenciaradiofonicadominicana.com\/portal\/#organization\",\"name\":\"PotenciaRadiofonicaDominicana.com\",\"url\":\"https:\/\/potenciaradiofonicadominicana.com\/portal\/\",\"logo\":{\"@type\":\"ImageObject\",\"inLanguage\":\"es\",\"@id\":\"https:\/\/potenciaradiofonicadominicana.com\/portal\/#\/schema\/logo\/image\/\",\"url\":\"https:\/\/potenciaradiofonicadominicana.com\/portal\/wp-content\/uploads\/2022\/01\/descarga.png\",\"contentUrl\":\"https:\/\/potenciaradiofonicadominicana.com\/portal\/wp-content\/uploads\/2022\/01\/descarga.png\",\"width\":300,\"height\":100,\"caption\":\"PotenciaRadiofonicaDominicana.com\"},\"image\":{\"@id\":\"https:\/\/potenciaradiofonicadominicana.com\/portal\/#\/schema\/logo\/image\/\"},\"sameAs\":[\"https:\/\/web.facebook.com\/PotenciaRadiofonicaD\"]},{\"@type\":\"Person\",\"@id\":\"https:\/\/potenciaradiofonicadominicana.com\/portal\/#\/schema\/person\/a5cf1fea13877803ee0573ac18b03490\",\"name\":\"Potencia Radiof\u00f3nica Dominicana\",\"image\":{\"@type\":\"ImageObject\",\"inLanguage\":\"es\",\"@id\":\"https:\/\/potenciaradiofonicadominicana.com\/portal\/#\/schema\/person\/image\/\",\"url\":\"https:\/\/secure.gravatar.com\/avatar\/42a55ab9e8ccc656ba34cd791990602a?s=96&d=mm&r=g\",\"contentUrl\":\"https:\/\/secure.gravatar.com\/avatar\/42a55ab9e8ccc656ba34cd791990602a?s=96&d=mm&r=g\",\"caption\":\"Potencia Radiof\u00f3nica Dominicana\"},\"url\":\"https:\/\/potenciaradiofonicadominicana.com\/portal\/author\/johannyalmanzar\/\"}]}<\/script>\n<!-- \/ Yoast SEO plugin. -->","yoast_head_json":{"title":"Mayorga califica como un aprendizaje participaci\u00f3n de Panam\u00e1 en Serie del Caribe - PotenciaRadiofonicaDominicana.com","robots":{"index":"index","follow":"follow","max-snippet":"max-snippet:-1","max-image-preview":"max-image-preview:large","max-video-preview":"max-video-preview:-1"},"canonical":"https:\/\/potenciaradiofonicadominicana.com\/portal\/mayorga-califica-como-un-aprendizaje-participacion-de-panama-en-serie-del-caribe\/","og_locale":"es_ES","og_type":"article","og_title":"Mayorga califica como un aprendizaje participaci\u00f3n de Panam\u00e1 en Serie del Caribe - PotenciaRadiofonicaDominicana.com","og_description":"M\u00c9XICO.\u2013 El dirigente paname\u00f1o Jos\u00e9 Mayorga reconoci\u00f3 este jueves que un episodio defensivo marc\u00f3 el rumbo del partido en la ...","og_url":"https:\/\/potenciaradiofonicadominicana.com\/portal\/mayorga-califica-como-un-aprendizaje-participacion-de-panama-en-serie-del-caribe\/","og_site_name":"PotenciaRadiofonicaDominicana.com","article_publisher":"https:\/\/web.facebook.com\/PotenciaRadiofonicaD","article_published_time":"2026-02-06T00:37:36+00:00","og_image":[{"width":855,"height":515,"url":"https:\/\/potenciaradiofonicadominicana.com\/portal\/wp-content\/uploads\/2026\/02\/jose-mayorgajpg.webp","type":"image\/webp"}],"author":"Potencia Radiof\u00f3nica Dominicana","twitter_card":"summary_large_image","twitter_misc":{"Escrito por":"Potencia Radiof\u00f3nica Dominicana","Tiempo de lectura":"2 minutos"},"schema":{"@context":"https:\/\/schema.org","@graph":[{"@type":"Article","@id":"https:\/\/potenciaradiofonicadominicana.com\/portal\/mayorga-califica-como-un-aprendizaje-participacion-de-panama-en-serie-del-caribe\/#article","isPartOf":{"@id":"https:\/\/potenciaradiofonicadominicana.com\/portal\/mayorga-califica-como-un-aprendizaje-participacion-de-panama-en-serie-del-caribe\/"},"author":{"name":"Potencia Radiof\u00f3nica Dominicana","@id":"https:\/\/potenciaradiofonicadominicana.com\/portal\/#\/schema\/person\/a5cf1fea13877803ee0573ac18b03490"},"headline":"Mayorga califica como un aprendizaje participaci\u00f3n de Panam\u00e1 en Serie del Caribe","datePublished":"2026-02-06T00:37:36+00:00","mainEntityOfPage":{"@id":"https:\/\/potenciaradiofonicadominicana.com\/portal\/mayorga-califica-como-un-aprendizaje-participacion-de-panama-en-serie-del-caribe\/"},"wordCount":221,"publisher":{"@id":"https:\/\/potenciaradiofonicadominicana.com\/portal\/#organization"},"image":{"@id":"https:\/\/potenciaradiofonicadominicana.com\/portal\/mayorga-califica-como-un-aprendizaje-participacion-de-panama-en-serie-del-caribe\/#primaryimage"},"thumbnailUrl":"https:\/\/potenciaradiofonicadominicana.com\/portal\/wp-content\/uploads\/2026\/02\/jose-mayorgajpg.webp","articleSection":["Deportes"],"inLanguage":"es"},{"@type":"WebPage","@id":"https:\/\/potenciaradiofonicadominicana.com\/portal\/mayorga-califica-como-un-aprendizaje-participacion-de-panama-en-serie-del-caribe\/","url":"https:\/\/potenciaradiofonicadominicana.com\/portal\/mayorga-califica-como-un-aprendizaje-participacion-de-panama-en-serie-del-caribe\/","name":"Mayorga califica como un aprendizaje participaci\u00f3n de Panam\u00e1 en Serie del Caribe - PotenciaRadiofonicaDominicana.com","isPartOf":{"@id":"https:\/\/potenciaradiofonicadominicana.com\/portal\/#website"},"primaryImageOfPage":{"@id":"https:\/\/potenciaradiofonicadominicana.com\/portal\/mayorga-califica-como-un-aprendizaje-participacion-de-panama-en-serie-del-caribe\/#primaryimage"},"image":{"@id":"https:\/\/potenciaradiofonicadominicana.com\/portal\/mayorga-califica-como-un-aprendizaje-participacion-de-panama-en-serie-del-caribe\/#primaryimage"},"thumbnailUrl":"https:\/\/potenciaradiofonicadominicana.com\/portal\/wp-content\/uploads\/2026\/02\/jose-mayorgajpg.webp","datePublished":"2026-02-06T00:37:36+00:00","breadcrumb":{"@id":"https:\/\/potenciaradiofonicadominicana.com\/portal\/mayorga-califica-como-un-aprendizaje-participacion-de-panama-en-serie-del-caribe\/#breadcrumb"},"inLanguage":"es","potentialAction":[{"@type":"ReadAction","target":["https:\/\/potenciaradiofonicadominicana.com\/portal\/mayorga-califica-como-un-aprendizaje-participacion-de-panama-en-serie-del-caribe\/"]}]},{"@type":"ImageObject","inLanguage":"es","@id":"https:\/\/potenciaradiofonicadominicana.com\/portal\/mayorga-califica-como-un-aprendizaje-participacion-de-panama-en-serie-del-caribe\/#primaryimage","url":"https:\/\/potenciaradiofonicadominicana.com\/portal\/wp-content\/uploads\/2026\/02\/jose-mayorgajpg.webp","contentUrl":"https:\/\/potenciaradiofonicadominicana.com\/portal\/wp-content\/uploads\/2026\/02\/jose-mayorgajpg.webp","width":855,"height":515},{"@type":"BreadcrumbList","@id":"https:\/\/potenciaradiofonicadominicana.com\/portal\/mayorga-califica-como-un-aprendizaje-participacion-de-panama-en-serie-del-caribe\/#breadcrumb","itemListElement":[{"@type":"ListItem","position":1,"name":"Portada","item":"https:\/\/potenciaradiofonicadominicana.com\/portal\/"},{"@type":"ListItem","position":2,"name":"Mayorga califica como un aprendizaje participaci\u00f3n de Panam\u00e1 en Serie del Caribe"}]},{"@type":"WebSite","@id":"https:\/\/potenciaradiofonicadominicana.com\/portal\/#website","url":"https:\/\/potenciaradiofonicadominicana.com\/portal\/","name":"PotenciaRadiofonicaDominicana.com","description":"Peri\u00f3dico Digital","publisher":{"@id":"https:\/\/potenciaradiofonicadominicana.com\/portal\/#organization"},"potentialAction":[{"@type":"SearchAction","target":{"@type":"EntryPoint","urlTemplate":"https:\/\/potenciaradiofonicadominicana.com\/portal\/?s={search_term_string}"},"query-input":{"@type":"PropertyValueSpecification","valueRequired":true,"valueName":"search_term_string"}}],"inLanguage":"es"},{"@type":"Organization","@id":"https:\/\/potenciaradiofonicadominicana.com\/portal\/#organization","name":"PotenciaRadiofonicaDominicana.com","url":"https:\/\/potenciaradiofonicadominicana.com\/portal\/","logo":{"@type":"ImageObject","inLanguage":"es","@id":"https:\/\/potenciaradiofonicadominicana.com\/portal\/#\/schema\/logo\/image\/","url":"https:\/\/potenciaradiofonicadominicana.com\/portal\/wp-content\/uploads\/2022\/01\/descarga.png","contentUrl":"https:\/\/potenciaradiofonicadominicana.com\/portal\/wp-content\/uploads\/2022\/01\/descarga.png","width":300,"height":100,"caption":"PotenciaRadiofonicaDominicana.com"},"image":{"@id":"https:\/\/potenciaradiofonicadominicana.com\/portal\/#\/schema\/logo\/image\/"},"sameAs":["https:\/\/web.facebook.com\/PotenciaRadiofonicaD"]},{"@type":"Person","@id":"https:\/\/potenciaradiofonicadominicana.com\/portal\/#\/schema\/person\/a5cf1fea13877803ee0573ac18b03490","name":"Potencia Radiof\u00f3nica Dominicana","image":{"@type":"ImageObject","inLanguage":"es","@id":"https:\/\/potenciaradiofonicadominicana.com\/portal\/#\/schema\/person\/image\/","url":"https:\/\/secure.gravatar.com\/avatar\/42a55ab9e8ccc656ba34cd791990602a?s=96&d=mm&r=g","contentUrl":"https:\/\/secure.gravatar.com\/avatar\/42a55ab9e8ccc656ba34cd791990602a?s=96&d=mm&r=g","caption":"Potencia Radiof\u00f3nica Dominicana"},"url":"https:\/\/potenciaradiofonicadominicana.com\/portal\/author\/johannyalmanzar\/"}]}},"_links":{"self":[{"href":"https:\/\/potenciaradiofonicadominicana.com\/portal\/wp-json\/wp\/v2\/posts\/211155","targetHints":{"allow":["GET"]}}],"collection":[{"href":"https:\/\/potenciaradiofonicadominicana.com\/portal\/wp-json\/wp\/v2\/posts"}],"about":[{"href":"https:\/\/potenciaradiofonicadominicana.com\/portal\/wp-json\/wp\/v2\/types\/post"}],"author":[{"embeddable":true,"href":"https:\/\/potenciaradiofonicadominicana.com\/portal\/wp-json\/wp\/v2\/users\/2"}],"replies":[{"embeddable":true,"href":"https:\/\/potenciaradiofonicadominicana.com\/portal\/wp-json\/wp\/v2\/comments?post=211155"}],"version-history":[{"count":1,"href":"https:\/\/potenciaradiofonicadominicana.com\/portal\/wp-json\/wp\/v2\/posts\/211155\/revisions"}],"predecessor-version":[{"id":211157,"href":"https:\/\/potenciaradiofonicadominicana.com\/portal\/wp-json\/wp\/v2\/posts\/211155\/revisions\/211157"}],"wp:featuredmedia":[{"embeddable":true,"href":"https:\/\/potenciaradiofonicadominicana.com\/portal\/wp-json\/wp\/v2\/media\/211156"}],"wp:attachment":[{"href":"https:\/\/potenciaradiofonicadominicana.com\/portal\/wp-json\/wp\/v2\/media?parent=211155"}],"wp:term":[{"taxonomy":"category","embeddable":true,"href":"https:\/\/potenciaradiofonicadominicana.com\/portal\/wp-json\/wp\/v2\/categories?post=211155"},{"taxonomy":"post_tag","embeddable":true,"href":"https:\/\/potenciaradiofonicadominicana.com\/portal\/wp-json\/wp\/v2\/tags?post=211155"}],"curies":[{"name":"wp","href":"https:\/\/api.w.org\/{rel}","templated":true}]}}