{"id":210995,"date":"2026-02-03T20:11:17","date_gmt":"2026-02-04T00:11:17","guid":{"rendered":"https:\/\/potenciaradiofonicadominicana.com\/portal\/?p=210995"},"modified":"2026-02-03T20:11:17","modified_gmt":"2026-02-04T00:11:17","slug":"luguelin-se-declara-listo-para-juegos-santo-domingo-2026-y-el-mundial-bajo-techo-de-polonia","status":"publish","type":"post","link":"https:\/\/potenciaradiofonicadominicana.com\/portal\/luguelin-se-declara-listo-para-juegos-santo-domingo-2026-y-el-mundial-bajo-techo-de-polonia\/","title":{"rendered":"Luguelin se declara listo para Juegos Santo Domingo 2026 y el Mundial Bajo Techo de Polonia"},"content":{"rendered":"<p><a href=\"https:\/\/potenciaradiofonicadominicana.com\/portal\/wp-content\/uploads\/2026\/02\/luguelin-santos.webp\"><img loading=\"lazy\" decoding=\"async\" class=\"alignnone size-full wp-image-210996\" src=\"https:\/\/potenciaradiofonicadominicana.com\/portal\/wp-content\/uploads\/2026\/02\/luguelin-santos.webp\" alt=\"\" width=\"695\" height=\"389\" srcset=\"https:\/\/potenciaradiofonicadominicana.com\/portal\/wp-content\/uploads\/2026\/02\/luguelin-santos.webp 695w, https:\/\/potenciaradiofonicadominicana.com\/portal\/wp-content\/uploads\/2026\/02\/luguelin-santos-300x168.webp 300w\" sizes=\"auto, (max-width: 695px) 100vw, 695px\" \/><\/a><\/p>\n<p>El conteo regresivo para el esperado retorno de <strong>Luguelin Santos<\/strong> a la pista, compitiendo ante su p\u00fablico en un evento internacional, est\u00e1 llegando a su fin.<\/p>\n<p><em>El nativo de <strong>Bayaguana, Monte Plata<\/strong>, especialista en los 400 metros lisos y doble medallista ol\u00edmpico, por fin ver\u00e1 realizado su anhelo de volver a competir en el deporte que le apasiona, despu\u00e9s de cumplir una suspensi\u00f3n de casi cuatro a\u00f1os, por alteraci\u00f3n de documentos.<\/em><\/p>\n<div class=\"col-12 text-center\">\n<div id=\"f8a99173-dcaa-4bee-8796-aba0adc0bd33\" class=\"pbs\" data-pbs-root=\"true\" data-pbs-position=\"static\" data-pbs-outstream=\"true\"><\/div>\n<\/div>\n<p><strong><em>Santos,<\/em><\/strong><em> revel\u00f3 que est\u00e1 totalmente preparado f\u00edsica y mentalmente para volver a los escenarios y que tiene como objetivos inmediatos los <strong>Juegos Centroamericanos y del Caribe Santo Domingo 2026<\/strong>, as\u00ed como el <strong>Mundial de Atletismo Bajo Techo.<\/strong><\/em><\/p>\n<div id=\"div-gpt-ad-1519409790919-2\" class=\"gpt-ad-slot d-flex align-items-center justify-content-center my-2\" aria-label=\"div-gpt-ad-1519409790919-2\" data-google-query-id=\"CPSO7vXFvpIDFXQJigMdYjEA5Q\">\n<div id=\"google_ads_iframe_\/1018679\/ElDia_Articulo\/ElDia_Articulo_300x250_3_0__container__\"><\/div>\n<\/div>\n<p>El Mundial de Atletismo Bajo Techo 2026 se efectuar\u00e1 del 20 al 22 de marzo, en Torun, Polonia.<\/p>\n<p>Los Juegos Centroamericanos y del Caribe Santo Domingo 2026 se desarrollar\u00e1n del 24 de julio al 8 de agosto venidero.<\/p>\n<p><em>\u201cMe siento excelente, libre de todo y m\u00e1s que preparado para volver a la pista a competir\u201d, enfatiz\u00f3 el subcampe\u00f3n ol\u00edmpico en Londre 2012.<\/em><\/p>\n<div id=\"div-gpt-ad-1519409790919-3\" class=\"gpt-ad-slot d-flex align-items-center justify-content-center my-2\" aria-label=\"div-gpt-ad-1519409790919-3\" data-google-query-id=\"CPWO7vXFvpIDFXQJigMdYjEA5Q\">\n<div id=\"google_ads_iframe_\/1018679\/ElDia_Articulo\/ElDia_Articulo_300x250_4_0__container__\"><\/div>\n<\/div>\n<p><em>\u201cAhora puedo correr libre\u201d, insiste el brillante atleta, quien en su momento fue uno de los m\u00e1s veloces corredores del mundo en los 400 metros planos.<\/em><\/p>\n<p>Exhort\u00f3 a todo el pueblo dominicano para verlo regresar compitiendo en su especialidad, en Santo Domingo 2026, \u201cpara lo cual me he estado preparando durante estos \u00faltimos cuatro a\u00f1os\u201d.<\/p>\n<p><strong>F\u00e9lix, su inspiraci\u00f3n<\/strong><\/p>\n<p>Record\u00f3 haber visto por televisi\u00f3n al gran F\u00e9lix S\u00e1nchez, hoy su entrenador, entrar al Estadio Ol\u00edmpico y ganar el oro de los 400 mts con vallas en los Juegos Panamericanos Santo Domingo 2003, lo cual le ha servido de motivaci\u00f3n especial durante todo este inc\u00f3modo y tortuoso camino hacia su regreso.<\/p>\n<p>\u201cCuando vi a F\u00e9lix ganar el oro en 2003, dije \u00b4\u00b4Wow\u00b4\u00b4 y me pregunt\u00e9 \u00bfcu\u00e1ndo me tocar\u00e1 a m\u00ed?\u201d, relat\u00f3 Luguelin Santos en conversaci\u00f3n con el tambi\u00e9n medallista ol\u00edmpico (taekwondo), Lusito Pie.<\/p>\n<p>Luguelin tambi\u00e9n dio cr\u00e9dito por el regreso que est\u00e1 a punto de cristalizar, a su fallecida madre, resaltando que siempre estuvo con \u00e9l en los momentos agobiantes de su proceso post sanci\u00f3n.<\/p>\n<p>Asegur\u00f3 que \u201cde ahora en adelante es que queda Luguel\u00edn Santos, no solo en el atletismo, sino en todos los \u00e1mbitos de la vida\u201d.<\/p>\n<p><strong>Trauma superado<\/strong><\/p>\n<p>Luguelin, en su conversaci\u00f3n con Pie sobre el largo proceso que ha implicado su su regreso a la pista externa lo siguiente: \u201cFue un golpe muy duro en m\u00ed vida, ya que no esperaba que se le diera ese par\u00f3n de repente en mi carrera, pero gracias a Dios y a algunos amigos, pude manjar la situaci\u00f3n y aqu\u00ed estoy listo para volver a hacer lo que me apasiona\u201d.<\/p>\n<p>Agreg\u00f3, sobre la suspensi\u00f3n, que \u201cha sido la experiencia m\u00e1s fuerte que he vivido en mi vida\u201d.<\/p>\n<p>&nbsp;<\/p>\n","protected":false},"excerpt":{"rendered":"<p>El conteo regresivo para el esperado retorno de Luguelin Santos a la pista, compitiendo ante su p\u00fablico en un evento &#8230;<\/p>\n","protected":false},"author":2,"featured_media":210996,"comment_status":"closed","ping_status":"closed","sticky":false,"template":"","format":"standard","meta":{"footnotes":""},"categories":[28],"tags":[],"class_list":["post-210995","post","type-post","status-publish","format-standard","has-post-thumbnail","hentry","category-deportes"],"yoast_head":"<!-- This site is optimized with the Yoast SEO plugin v24.8.1 - https:\/\/yoast.com\/wordpress\/plugins\/seo\/ -->\n<title>Luguelin se declara listo para Juegos Santo Domingo 2026 y el Mundial Bajo Techo de Polonia - PotenciaRadiofonicaDominicana.com<\/title>\n<meta name=\"robots\" content=\"index, follow, max-snippet:-1, max-image-preview:large, max-video-preview:-1\" \/>\n<link rel=\"canonical\" href=\"https:\/\/potenciaradiofonicadominicana.com\/portal\/luguelin-se-declara-listo-para-juegos-santo-domingo-2026-y-el-mundial-bajo-techo-de-polonia\/\" \/>\n<meta property=\"og:locale\" content=\"es_ES\" \/>\n<meta property=\"og:type\" content=\"article\" \/>\n<meta property=\"og:title\" content=\"Luguelin se declara listo para Juegos Santo Domingo 2026 y el Mundial Bajo Techo de Polonia - PotenciaRadiofonicaDominicana.com\" \/>\n<meta property=\"og:description\" content=\"El conteo regresivo para el esperado retorno de Luguelin Santos a la pista, compitiendo ante su p\u00fablico en un evento ...\" \/>\n<meta property=\"og:url\" content=\"https:\/\/potenciaradiofonicadominicana.com\/portal\/luguelin-se-declara-listo-para-juegos-santo-domingo-2026-y-el-mundial-bajo-techo-de-polonia\/\" \/>\n<meta property=\"og:site_name\" content=\"PotenciaRadiofonicaDominicana.com\" \/>\n<meta property=\"article:publisher\" content=\"https:\/\/web.facebook.com\/PotenciaRadiofonicaD\" \/>\n<meta property=\"article:published_time\" content=\"2026-02-04T00:11:17+00:00\" \/>\n<meta property=\"og:image\" content=\"https:\/\/potenciaradiofonicadominicana.com\/portal\/wp-content\/uploads\/2026\/02\/luguelin-santos.webp\" \/>\n\t<meta property=\"og:image:width\" content=\"695\" \/>\n\t<meta property=\"og:image:height\" content=\"389\" \/>\n\t<meta property=\"og:image:type\" content=\"image\/webp\" \/>\n<meta name=\"author\" content=\"Potencia Radiof\u00f3nica Dominicana\" \/>\n<meta name=\"twitter:card\" content=\"summary_large_image\" \/>\n<meta name=\"twitter:label1\" content=\"Escrito por\" \/>\n\t<meta name=\"twitter:data1\" content=\"Potencia Radiof\u00f3nica Dominicana\" \/>\n\t<meta name=\"twitter:label2\" content=\"Tiempo de lectura\" \/>\n\t<meta name=\"twitter:data2\" content=\"3 minutos\" \/>\n<script type=\"application\/ld+json\" class=\"yoast-schema-graph\">{\"@context\":\"https:\/\/schema.org\",\"@graph\":[{\"@type\":\"Article\",\"@id\":\"https:\/\/potenciaradiofonicadominicana.com\/portal\/luguelin-se-declara-listo-para-juegos-santo-domingo-2026-y-el-mundial-bajo-techo-de-polonia\/#article\",\"isPartOf\":{\"@id\":\"https:\/\/potenciaradiofonicadominicana.com\/portal\/luguelin-se-declara-listo-para-juegos-santo-domingo-2026-y-el-mundial-bajo-techo-de-polonia\/\"},\"author\":{\"name\":\"Potencia Radiof\u00f3nica Dominicana\",\"@id\":\"https:\/\/potenciaradiofonicadominicana.com\/portal\/#\/schema\/person\/a5cf1fea13877803ee0573ac18b03490\"},\"headline\":\"Luguelin se declara listo para Juegos Santo Domingo 2026 y el Mundial Bajo Techo de Polonia\",\"datePublished\":\"2026-02-04T00:11:17+00:00\",\"mainEntityOfPage\":{\"@id\":\"https:\/\/potenciaradiofonicadominicana.com\/portal\/luguelin-se-declara-listo-para-juegos-santo-domingo-2026-y-el-mundial-bajo-techo-de-polonia\/\"},\"wordCount\":492,\"publisher\":{\"@id\":\"https:\/\/potenciaradiofonicadominicana.com\/portal\/#organization\"},\"image\":{\"@id\":\"https:\/\/potenciaradiofonicadominicana.com\/portal\/luguelin-se-declara-listo-para-juegos-santo-domingo-2026-y-el-mundial-bajo-techo-de-polonia\/#primaryimage\"},\"thumbnailUrl\":\"https:\/\/potenciaradiofonicadominicana.com\/portal\/wp-content\/uploads\/2026\/02\/luguelin-santos.webp\",\"articleSection\":[\"Deportes\"],\"inLanguage\":\"es\"},{\"@type\":\"WebPage\",\"@id\":\"https:\/\/potenciaradiofonicadominicana.com\/portal\/luguelin-se-declara-listo-para-juegos-santo-domingo-2026-y-el-mundial-bajo-techo-de-polonia\/\",\"url\":\"https:\/\/potenciaradiofonicadominicana.com\/portal\/luguelin-se-declara-listo-para-juegos-santo-domingo-2026-y-el-mundial-bajo-techo-de-polonia\/\",\"name\":\"Luguelin se declara listo para Juegos Santo Domingo 2026 y el Mundial Bajo Techo de Polonia - PotenciaRadiofonicaDominicana.com\",\"isPartOf\":{\"@id\":\"https:\/\/potenciaradiofonicadominicana.com\/portal\/#website\"},\"primaryImageOfPage\":{\"@id\":\"https:\/\/potenciaradiofonicadominicana.com\/portal\/luguelin-se-declara-listo-para-juegos-santo-domingo-2026-y-el-mundial-bajo-techo-de-polonia\/#primaryimage\"},\"image\":{\"@id\":\"https:\/\/potenciaradiofonicadominicana.com\/portal\/luguelin-se-declara-listo-para-juegos-santo-domingo-2026-y-el-mundial-bajo-techo-de-polonia\/#primaryimage\"},\"thumbnailUrl\":\"https:\/\/potenciaradiofonicadominicana.com\/portal\/wp-content\/uploads\/2026\/02\/luguelin-santos.webp\",\"datePublished\":\"2026-02-04T00:11:17+00:00\",\"breadcrumb\":{\"@id\":\"https:\/\/potenciaradiofonicadominicana.com\/portal\/luguelin-se-declara-listo-para-juegos-santo-domingo-2026-y-el-mundial-bajo-techo-de-polonia\/#breadcrumb\"},\"inLanguage\":\"es\",\"potentialAction\":[{\"@type\":\"ReadAction\",\"target\":[\"https:\/\/potenciaradiofonicadominicana.com\/portal\/luguelin-se-declara-listo-para-juegos-santo-domingo-2026-y-el-mundial-bajo-techo-de-polonia\/\"]}]},{\"@type\":\"ImageObject\",\"inLanguage\":\"es\",\"@id\":\"https:\/\/potenciaradiofonicadominicana.com\/portal\/luguelin-se-declara-listo-para-juegos-santo-domingo-2026-y-el-mundial-bajo-techo-de-polonia\/#primaryimage\",\"url\":\"https:\/\/potenciaradiofonicadominicana.com\/portal\/wp-content\/uploads\/2026\/02\/luguelin-santos.webp\",\"contentUrl\":\"https:\/\/potenciaradiofonicadominicana.com\/portal\/wp-content\/uploads\/2026\/02\/luguelin-santos.webp\",\"width\":695,\"height\":389},{\"@type\":\"BreadcrumbList\",\"@id\":\"https:\/\/potenciaradiofonicadominicana.com\/portal\/luguelin-se-declara-listo-para-juegos-santo-domingo-2026-y-el-mundial-bajo-techo-de-polonia\/#breadcrumb\",\"itemListElement\":[{\"@type\":\"ListItem\",\"position\":1,\"name\":\"Portada\",\"item\":\"https:\/\/potenciaradiofonicadominicana.com\/portal\/\"},{\"@type\":\"ListItem\",\"position\":2,\"name\":\"Luguelin se declara listo para Juegos Santo Domingo 2026 y el Mundial Bajo Techo de Polonia\"}]},{\"@type\":\"WebSite\",\"@id\":\"https:\/\/potenciaradiofonicadominicana.com\/portal\/#website\",\"url\":\"https:\/\/potenciaradiofonicadominicana.com\/portal\/\",\"name\":\"PotenciaRadiofonicaDominicana.com\",\"description\":\"Peri\u00f3dico Digital\",\"publisher\":{\"@id\":\"https:\/\/potenciaradiofonicadominicana.com\/portal\/#organization\"},\"potentialAction\":[{\"@type\":\"SearchAction\",\"target\":{\"@type\":\"EntryPoint\",\"urlTemplate\":\"https:\/\/potenciaradiofonicadominicana.com\/portal\/?s={search_term_string}\"},\"query-input\":{\"@type\":\"PropertyValueSpecification\",\"valueRequired\":true,\"valueName\":\"search_term_string\"}}],\"inLanguage\":\"es\"},{\"@type\":\"Organization\",\"@id\":\"https:\/\/potenciaradiofonicadominicana.com\/portal\/#organization\",\"name\":\"PotenciaRadiofonicaDominicana.com\",\"url\":\"https:\/\/potenciaradiofonicadominicana.com\/portal\/\",\"logo\":{\"@type\":\"ImageObject\",\"inLanguage\":\"es\",\"@id\":\"https:\/\/potenciaradiofonicadominicana.com\/portal\/#\/schema\/logo\/image\/\",\"url\":\"https:\/\/potenciaradiofonicadominicana.com\/portal\/wp-content\/uploads\/2022\/01\/descarga.png\",\"contentUrl\":\"https:\/\/potenciaradiofonicadominicana.com\/portal\/wp-content\/uploads\/2022\/01\/descarga.png\",\"width\":300,\"height\":100,\"caption\":\"PotenciaRadiofonicaDominicana.com\"},\"image\":{\"@id\":\"https:\/\/potenciaradiofonicadominicana.com\/portal\/#\/schema\/logo\/image\/\"},\"sameAs\":[\"https:\/\/web.facebook.com\/PotenciaRadiofonicaD\"]},{\"@type\":\"Person\",\"@id\":\"https:\/\/potenciaradiofonicadominicana.com\/portal\/#\/schema\/person\/a5cf1fea13877803ee0573ac18b03490\",\"name\":\"Potencia Radiof\u00f3nica Dominicana\",\"image\":{\"@type\":\"ImageObject\",\"inLanguage\":\"es\",\"@id\":\"https:\/\/potenciaradiofonicadominicana.com\/portal\/#\/schema\/person\/image\/\",\"url\":\"https:\/\/secure.gravatar.com\/avatar\/42a55ab9e8ccc656ba34cd791990602a?s=96&d=mm&r=g\",\"contentUrl\":\"https:\/\/secure.gravatar.com\/avatar\/42a55ab9e8ccc656ba34cd791990602a?s=96&d=mm&r=g\",\"caption\":\"Potencia Radiof\u00f3nica Dominicana\"},\"url\":\"https:\/\/potenciaradiofonicadominicana.com\/portal\/author\/johannyalmanzar\/\"}]}<\/script>\n<!-- \/ Yoast SEO plugin. -->","yoast_head_json":{"title":"Luguelin se declara listo para Juegos Santo Domingo 2026 y el Mundial Bajo Techo de Polonia - PotenciaRadiofonicaDominicana.com","robots":{"index":"index","follow":"follow","max-snippet":"max-snippet:-1","max-image-preview":"max-image-preview:large","max-video-preview":"max-video-preview:-1"},"canonical":"https:\/\/potenciaradiofonicadominicana.com\/portal\/luguelin-se-declara-listo-para-juegos-santo-domingo-2026-y-el-mundial-bajo-techo-de-polonia\/","og_locale":"es_ES","og_type":"article","og_title":"Luguelin se declara listo para Juegos Santo Domingo 2026 y el Mundial Bajo Techo de Polonia - PotenciaRadiofonicaDominicana.com","og_description":"El conteo regresivo para el esperado retorno de Luguelin Santos a la pista, compitiendo ante su p\u00fablico en un evento ...","og_url":"https:\/\/potenciaradiofonicadominicana.com\/portal\/luguelin-se-declara-listo-para-juegos-santo-domingo-2026-y-el-mundial-bajo-techo-de-polonia\/","og_site_name":"PotenciaRadiofonicaDominicana.com","article_publisher":"https:\/\/web.facebook.com\/PotenciaRadiofonicaD","article_published_time":"2026-02-04T00:11:17+00:00","og_image":[{"width":695,"height":389,"url":"https:\/\/potenciaradiofonicadominicana.com\/portal\/wp-content\/uploads\/2026\/02\/luguelin-santos.webp","type":"image\/webp"}],"author":"Potencia Radiof\u00f3nica Dominicana","twitter_card":"summary_large_image","twitter_misc":{"Escrito por":"Potencia Radiof\u00f3nica Dominicana","Tiempo de lectura":"3 minutos"},"schema":{"@context":"https:\/\/schema.org","@graph":[{"@type":"Article","@id":"https:\/\/potenciaradiofonicadominicana.com\/portal\/luguelin-se-declara-listo-para-juegos-santo-domingo-2026-y-el-mundial-bajo-techo-de-polonia\/#article","isPartOf":{"@id":"https:\/\/potenciaradiofonicadominicana.com\/portal\/luguelin-se-declara-listo-para-juegos-santo-domingo-2026-y-el-mundial-bajo-techo-de-polonia\/"},"author":{"name":"Potencia Radiof\u00f3nica Dominicana","@id":"https:\/\/potenciaradiofonicadominicana.com\/portal\/#\/schema\/person\/a5cf1fea13877803ee0573ac18b03490"},"headline":"Luguelin se declara listo para Juegos Santo Domingo 2026 y el Mundial Bajo Techo de Polonia","datePublished":"2026-02-04T00:11:17+00:00","mainEntityOfPage":{"@id":"https:\/\/potenciaradiofonicadominicana.com\/portal\/luguelin-se-declara-listo-para-juegos-santo-domingo-2026-y-el-mundial-bajo-techo-de-polonia\/"},"wordCount":492,"publisher":{"@id":"https:\/\/potenciaradiofonicadominicana.com\/portal\/#organization"},"image":{"@id":"https:\/\/potenciaradiofonicadominicana.com\/portal\/luguelin-se-declara-listo-para-juegos-santo-domingo-2026-y-el-mundial-bajo-techo-de-polonia\/#primaryimage"},"thumbnailUrl":"https:\/\/potenciaradiofonicadominicana.com\/portal\/wp-content\/uploads\/2026\/02\/luguelin-santos.webp","articleSection":["Deportes"],"inLanguage":"es"},{"@type":"WebPage","@id":"https:\/\/potenciaradiofonicadominicana.com\/portal\/luguelin-se-declara-listo-para-juegos-santo-domingo-2026-y-el-mundial-bajo-techo-de-polonia\/","url":"https:\/\/potenciaradiofonicadominicana.com\/portal\/luguelin-se-declara-listo-para-juegos-santo-domingo-2026-y-el-mundial-bajo-techo-de-polonia\/","name":"Luguelin se declara listo para Juegos Santo Domingo 2026 y el Mundial Bajo Techo de Polonia - PotenciaRadiofonicaDominicana.com","isPartOf":{"@id":"https:\/\/potenciaradiofonicadominicana.com\/portal\/#website"},"primaryImageOfPage":{"@id":"https:\/\/potenciaradiofonicadominicana.com\/portal\/luguelin-se-declara-listo-para-juegos-santo-domingo-2026-y-el-mundial-bajo-techo-de-polonia\/#primaryimage"},"image":{"@id":"https:\/\/potenciaradiofonicadominicana.com\/portal\/luguelin-se-declara-listo-para-juegos-santo-domingo-2026-y-el-mundial-bajo-techo-de-polonia\/#primaryimage"},"thumbnailUrl":"https:\/\/potenciaradiofonicadominicana.com\/portal\/wp-content\/uploads\/2026\/02\/luguelin-santos.webp","datePublished":"2026-02-04T00:11:17+00:00","breadcrumb":{"@id":"https:\/\/potenciaradiofonicadominicana.com\/portal\/luguelin-se-declara-listo-para-juegos-santo-domingo-2026-y-el-mundial-bajo-techo-de-polonia\/#breadcrumb"},"inLanguage":"es","potentialAction":[{"@type":"ReadAction","target":["https:\/\/potenciaradiofonicadominicana.com\/portal\/luguelin-se-declara-listo-para-juegos-santo-domingo-2026-y-el-mundial-bajo-techo-de-polonia\/"]}]},{"@type":"ImageObject","inLanguage":"es","@id":"https:\/\/potenciaradiofonicadominicana.com\/portal\/luguelin-se-declara-listo-para-juegos-santo-domingo-2026-y-el-mundial-bajo-techo-de-polonia\/#primaryimage","url":"https:\/\/potenciaradiofonicadominicana.com\/portal\/wp-content\/uploads\/2026\/02\/luguelin-santos.webp","contentUrl":"https:\/\/potenciaradiofonicadominicana.com\/portal\/wp-content\/uploads\/2026\/02\/luguelin-santos.webp","width":695,"height":389},{"@type":"BreadcrumbList","@id":"https:\/\/potenciaradiofonicadominicana.com\/portal\/luguelin-se-declara-listo-para-juegos-santo-domingo-2026-y-el-mundial-bajo-techo-de-polonia\/#breadcrumb","itemListElement":[{"@type":"ListItem","position":1,"name":"Portada","item":"https:\/\/potenciaradiofonicadominicana.com\/portal\/"},{"@type":"ListItem","position":2,"name":"Luguelin se declara listo para Juegos Santo Domingo 2026 y el Mundial Bajo Techo de Polonia"}]},{"@type":"WebSite","@id":"https:\/\/potenciaradiofonicadominicana.com\/portal\/#website","url":"https:\/\/potenciaradiofonicadominicana.com\/portal\/","name":"PotenciaRadiofonicaDominicana.com","description":"Peri\u00f3dico Digital","publisher":{"@id":"https:\/\/potenciaradiofonicadominicana.com\/portal\/#organization"},"potentialAction":[{"@type":"SearchAction","target":{"@type":"EntryPoint","urlTemplate":"https:\/\/potenciaradiofonicadominicana.com\/portal\/?s={search_term_string}"},"query-input":{"@type":"PropertyValueSpecification","valueRequired":true,"valueName":"search_term_string"}}],"inLanguage":"es"},{"@type":"Organization","@id":"https:\/\/potenciaradiofonicadominicana.com\/portal\/#organization","name":"PotenciaRadiofonicaDominicana.com","url":"https:\/\/potenciaradiofonicadominicana.com\/portal\/","logo":{"@type":"ImageObject","inLanguage":"es","@id":"https:\/\/potenciaradiofonicadominicana.com\/portal\/#\/schema\/logo\/image\/","url":"https:\/\/potenciaradiofonicadominicana.com\/portal\/wp-content\/uploads\/2022\/01\/descarga.png","contentUrl":"https:\/\/potenciaradiofonicadominicana.com\/portal\/wp-content\/uploads\/2022\/01\/descarga.png","width":300,"height":100,"caption":"PotenciaRadiofonicaDominicana.com"},"image":{"@id":"https:\/\/potenciaradiofonicadominicana.com\/portal\/#\/schema\/logo\/image\/"},"sameAs":["https:\/\/web.facebook.com\/PotenciaRadiofonicaD"]},{"@type":"Person","@id":"https:\/\/potenciaradiofonicadominicana.com\/portal\/#\/schema\/person\/a5cf1fea13877803ee0573ac18b03490","name":"Potencia Radiof\u00f3nica Dominicana","image":{"@type":"ImageObject","inLanguage":"es","@id":"https:\/\/potenciaradiofonicadominicana.com\/portal\/#\/schema\/person\/image\/","url":"https:\/\/secure.gravatar.com\/avatar\/42a55ab9e8ccc656ba34cd791990602a?s=96&d=mm&r=g","contentUrl":"https:\/\/secure.gravatar.com\/avatar\/42a55ab9e8ccc656ba34cd791990602a?s=96&d=mm&r=g","caption":"Potencia Radiof\u00f3nica Dominicana"},"url":"https:\/\/potenciaradiofonicadominicana.com\/portal\/author\/johannyalmanzar\/"}]}},"_links":{"self":[{"href":"https:\/\/potenciaradiofonicadominicana.com\/portal\/wp-json\/wp\/v2\/posts\/210995","targetHints":{"allow":["GET"]}}],"collection":[{"href":"https:\/\/potenciaradiofonicadominicana.com\/portal\/wp-json\/wp\/v2\/posts"}],"about":[{"href":"https:\/\/potenciaradiofonicadominicana.com\/portal\/wp-json\/wp\/v2\/types\/post"}],"author":[{"embeddable":true,"href":"https:\/\/potenciaradiofonicadominicana.com\/portal\/wp-json\/wp\/v2\/users\/2"}],"replies":[{"embeddable":true,"href":"https:\/\/potenciaradiofonicadominicana.com\/portal\/wp-json\/wp\/v2\/comments?post=210995"}],"version-history":[{"count":1,"href":"https:\/\/potenciaradiofonicadominicana.com\/portal\/wp-json\/wp\/v2\/posts\/210995\/revisions"}],"predecessor-version":[{"id":210997,"href":"https:\/\/potenciaradiofonicadominicana.com\/portal\/wp-json\/wp\/v2\/posts\/210995\/revisions\/210997"}],"wp:featuredmedia":[{"embeddable":true,"href":"https:\/\/potenciaradiofonicadominicana.com\/portal\/wp-json\/wp\/v2\/media\/210996"}],"wp:attachment":[{"href":"https:\/\/potenciaradiofonicadominicana.com\/portal\/wp-json\/wp\/v2\/media?parent=210995"}],"wp:term":[{"taxonomy":"category","embeddable":true,"href":"https:\/\/potenciaradiofonicadominicana.com\/portal\/wp-json\/wp\/v2\/categories?post=210995"},{"taxonomy":"post_tag","embeddable":true,"href":"https:\/\/potenciaradiofonicadominicana.com\/portal\/wp-json\/wp\/v2\/tags?post=210995"}],"curies":[{"name":"wp","href":"https:\/\/api.w.org\/{rel}","templated":true}]}}