{"id":210992,"date":"2026-02-03T20:09:15","date_gmt":"2026-02-04T00:09:15","guid":{"rendered":"https:\/\/potenciaradiofonicadominicana.com\/portal\/?p=210992"},"modified":"2026-02-03T20:09:15","modified_gmt":"2026-02-04T00:09:15","slug":"brendan-donovan-llega-a-seattle-via-triple-cambio","status":"publish","type":"post","link":"https:\/\/potenciaradiofonicadominicana.com\/portal\/brendan-donovan-llega-a-seattle-via-triple-cambio\/","title":{"rendered":"Brendan Donovan llega a Seattle v\u00eda triple cambio"},"content":{"rendered":"<p><a href=\"https:\/\/potenciaradiofonicadominicana.com\/portal\/wp-content\/uploads\/2026\/02\/r1609659_1296x729_16-9.jpg\"><img loading=\"lazy\" decoding=\"async\" class=\"alignnone size-full wp-image-210993\" src=\"https:\/\/potenciaradiofonicadominicana.com\/portal\/wp-content\/uploads\/2026\/02\/r1609659_1296x729_16-9.jpg\" alt=\"\" width=\"1296\" height=\"729\" srcset=\"https:\/\/potenciaradiofonicadominicana.com\/portal\/wp-content\/uploads\/2026\/02\/r1609659_1296x729_16-9.jpg 1296w, https:\/\/potenciaradiofonicadominicana.com\/portal\/wp-content\/uploads\/2026\/02\/r1609659_1296x729_16-9-300x169.jpg 300w, https:\/\/potenciaradiofonicadominicana.com\/portal\/wp-content\/uploads\/2026\/02\/r1609659_1296x729_16-9-1024x576.jpg 1024w, https:\/\/potenciaradiofonicadominicana.com\/portal\/wp-content\/uploads\/2026\/02\/r1609659_1296x729_16-9-768x432.jpg 768w\" sizes=\"auto, (max-width: 1296px) 100vw, 1296px\" \/><\/a><\/p>\n<p>En triple cambio, el infielder Brendan Donovan llega a los Marineros de Seattle desde los Cardenales de San Luis en un cambio que env\u00eda a Ben Williamson a los Rays de Tampa Bay, mientras que el lanzador Jurrangelo Cijntje junto a los jardineros Tai Peete y Colton Ledbetter y dos picks de rondas de compensaci\u00f3n llegan a San luis.<\/p>\n<p>Seattle parece estar listo para repetir como campe\u00f3n de la Divisi\u00f3n Oeste de la Liga Americana tras sumar lo que probablemente sea la \u00faltima pieza de una pretemporada realmente s\u00f3lida. Brendan Donovan no es una superestrella, pero es justo lo que necesitaban los Marineros, ya que les da m\u00e1s seguridad en el infield en lugar de depender de algunas de sus opciones internas m\u00e1s j\u00f3venes.<\/p>\n<div class=\"banner-contenido\">\n<div class=\"panorama_ads\"><\/div>\n<\/div>\n<p><strong>El jugador de 29 a\u00f1os puede cubrir la segunda base, la tercera base y el jard\u00edn izquierdo. Tiene la capacidad de batear en la parte superior de la alineaci\u00f3n y le da al m\u00e1nager Dan Wilson otro bate zurdo que puede ayudar a equilibrar la alineaci\u00f3n. Donovan viene de una temporada en la que bate\u00f3 .287\/.353\/.422 con 10 jonrones y 32 dobles, adem\u00e1s de un OPS de .775 y un fWAR de 2.9 en 118 juegos. Su 13% de ponches se ubic\u00f3 en el percentil 92 y habr\u00eda sido la mejor marca de los Marineros. Los tercera base de Seattle combinaron 1.4 fWAR durante toda la temporada pasada. Si bien obtuvieron una gran producci\u00f3n de Jorge Polanco en la segunda base, desde entonces ha firmado con otro equipo, lo que hace que la incorporaci\u00f3n de Donovan sea a\u00fan m\u00e1s importante.<\/strong><\/p>\n<div class=\"wp-block-image\">\n<figure class=\"alignleft size-large is-resized\"><img loading=\"lazy\" decoding=\"async\" class=\"wp-image-1270262\" src=\"https:\/\/i0.wp.com\/panorama.com.do\/wp-content\/uploads\/2026\/02\/el-cambio.jpg?resize=640%2C275&amp;ssl=1\" sizes=\"auto, (max-width: 640px) 100vw, 640px\" srcset=\"https:\/\/i0.wp.com\/panorama.com.do\/wp-content\/uploads\/2026\/02\/el-cambio.jpg?resize=1024%2C440&amp;ssl=1 1024w, https:\/\/i0.wp.com\/panorama.com.do\/wp-content\/uploads\/2026\/02\/el-cambio.jpg?resize=300%2C129&amp;ssl=1 300w, https:\/\/i0.wp.com\/panorama.com.do\/wp-content\/uploads\/2026\/02\/el-cambio.jpg?resize=768%2C330&amp;ssl=1 768w, https:\/\/i0.wp.com\/panorama.com.do\/wp-content\/uploads\/2026\/02\/el-cambio.jpg?resize=150%2C64&amp;ssl=1 150w, https:\/\/i0.wp.com\/panorama.com.do\/wp-content\/uploads\/2026\/02\/el-cambio.jpg?w=1052&amp;ssl=1 1052w\" alt=\"Triple cambio Seattle, San Luis y Tampa Bay.\" width=\"640\" height=\"275\" data-recalc-dims=\"1\" \/><\/figure>\n<\/div>\n<p>Donovan estar\u00e1 bajo el control del equipo durante las pr\u00f3ximas dos temporadas, lo que encaja perfectamente en el competitivo mercado de Seattle. Su salario de $5.8 millones en 2026 tambi\u00e9n es relativamente modesto considerando su producci\u00f3n. La llegada de Donovan alivia la presi\u00f3n que supone la necesidad de que los j\u00f3venes infielders Cole Young y Colt Emerson aporten una gran cantidad de dinero esta temporada.<\/p>\n<p><strong>Lo que significa para los Cardenales: Chaim Bloom complet\u00f3 oficialmente su lista de jugadores para la temporada baja al canjear a Donovan, Sonny Gray, Willson Contreras y Nolan Arenado. Con esto, Bloom ha incorporado al prospecto n\u00famero 90 de MLB Pipeline, Cijntje, a dos prospectos de pitcheo listos para la MLB, Richard Fitts y Hunter Dobbins, y a otro brazo intrigante, Brandon Clarke. Mientras tanto, Peete fue seleccionado en la primera ronda del draft de 2023, mientras que Ledbetter fue seleccionado en el puesto 55 ese mismo a\u00f1o. La prioridad para San Luis es seguir sumando tantos boletos de loter\u00eda como sea posible.<\/strong><\/p>\n<p>La fama de Bloom reside en el trabajo que realiz\u00f3 en la reconstrucci\u00f3n del sistema de ligas menores de los Red Sox a trav\u00e9s del draft, y tendr\u00e1 la oportunidad de tener un impacto inmediato este verano. Los Cardinals consiguieron dos selecciones de compensaci\u00f3n por Donovan, lo que les dio seis selecciones (n.\u00b0 13, 32, 50, 68, 72 y 86) en las tres primeras rondas del draft de 2026. El sistema de San Luis fue clasificado en el noveno puesto por ESPN la semana pasada, con seis prospectos entre los 100 mejores. La incorporaci\u00f3n de Cijntje deber\u00eda impulsar a\u00fan m\u00e1s esa cifra, y no se sorprendan si ronda el puesto 5 para agosto.<\/p>\n<p><strong>Lo que significa para los Rays: Tampa Bay posee las selecciones n.\u00b0 2, n.\u00b0 33 y n.\u00b0 49 del draft de este verano, por lo que desprenderse de su selecci\u00f3n de compensaci\u00f3n m\u00e1s abajo probablemente fue una decisi\u00f3n f\u00e1cil para fichar a Williamson. El jugador de 25 a\u00f1os tiene una gran oportunidad de unirse a un equipo de los Rays que deber\u00eda tener mucha competencia por puestos en el roster de las Grandes Ligas. Williamson solo ha jugado como tercera base en las mayores, pero s\u00ed jug\u00f3 como segunda base y campocorto en las menores.<\/strong><\/p>\n<p>El tercera base Junior Caminero es uno de los pocos jugadores con una posici\u00f3n asegurada, por lo que Williamson probablemente tendr\u00e1 que reorganizar su defensa si logra entrar en el roster del D\u00eda Inaugural, o comenzar\u00e1 la temporada en Triple-A.<\/p>\n<p><strong>Con Williamson, Tampa Bay obtiene un jugador defensivo s\u00f3lido que a\u00fan no ha visto c\u00f3mo su bate sigue el guante. Si bien tuvo un promedio de bateo de .314\/.392\/.462 con cinco jonrones en 52 juegos en la PCL favorable para los bateadores la temporada pasada, logr\u00f3 batear solo .253\/.294\/.310 con un jonr\u00f3n y 64 ponches en 296 apariciones al plato en las mayores.<\/strong><\/p>\n","protected":false},"excerpt":{"rendered":"<p>En triple cambio, el infielder Brendan Donovan llega a los Marineros de Seattle desde los Cardenales de San Luis en &#8230;<\/p>\n","protected":false},"author":2,"featured_media":210993,"comment_status":"closed","ping_status":"closed","sticky":false,"template":"","format":"standard","meta":{"footnotes":""},"categories":[28],"tags":[],"class_list":["post-210992","post","type-post","status-publish","format-standard","has-post-thumbnail","hentry","category-deportes"],"yoast_head":"<!-- This site is optimized with the Yoast SEO plugin v24.8.1 - https:\/\/yoast.com\/wordpress\/plugins\/seo\/ -->\n<title>Brendan Donovan llega a Seattle v\u00eda triple cambio - PotenciaRadiofonicaDominicana.com<\/title>\n<meta name=\"robots\" content=\"index, follow, max-snippet:-1, max-image-preview:large, max-video-preview:-1\" \/>\n<link rel=\"canonical\" href=\"https:\/\/potenciaradiofonicadominicana.com\/portal\/brendan-donovan-llega-a-seattle-via-triple-cambio\/\" \/>\n<meta property=\"og:locale\" content=\"es_ES\" \/>\n<meta property=\"og:type\" content=\"article\" \/>\n<meta property=\"og:title\" content=\"Brendan Donovan llega a Seattle v\u00eda triple cambio - PotenciaRadiofonicaDominicana.com\" \/>\n<meta property=\"og:description\" content=\"En triple cambio, el infielder Brendan Donovan llega a los Marineros de Seattle desde los Cardenales de San Luis en ...\" \/>\n<meta property=\"og:url\" content=\"https:\/\/potenciaradiofonicadominicana.com\/portal\/brendan-donovan-llega-a-seattle-via-triple-cambio\/\" \/>\n<meta property=\"og:site_name\" content=\"PotenciaRadiofonicaDominicana.com\" \/>\n<meta property=\"article:publisher\" content=\"https:\/\/web.facebook.com\/PotenciaRadiofonicaD\" \/>\n<meta property=\"article:published_time\" content=\"2026-02-04T00:09:15+00:00\" \/>\n<meta property=\"og:image\" content=\"https:\/\/potenciaradiofonicadominicana.com\/portal\/wp-content\/uploads\/2026\/02\/r1609659_1296x729_16-9.jpg\" \/>\n\t<meta property=\"og:image:width\" content=\"1296\" \/>\n\t<meta property=\"og:image:height\" content=\"729\" \/>\n\t<meta property=\"og:image:type\" content=\"image\/jpeg\" \/>\n<meta name=\"author\" content=\"Potencia Radiof\u00f3nica Dominicana\" \/>\n<meta name=\"twitter:card\" content=\"summary_large_image\" \/>\n<meta name=\"twitter:label1\" content=\"Escrito por\" \/>\n\t<meta name=\"twitter:data1\" content=\"Potencia Radiof\u00f3nica Dominicana\" \/>\n\t<meta name=\"twitter:label2\" content=\"Tiempo de lectura\" \/>\n\t<meta name=\"twitter:data2\" content=\"5 minutos\" \/>\n<script type=\"application\/ld+json\" class=\"yoast-schema-graph\">{\"@context\":\"https:\/\/schema.org\",\"@graph\":[{\"@type\":\"Article\",\"@id\":\"https:\/\/potenciaradiofonicadominicana.com\/portal\/brendan-donovan-llega-a-seattle-via-triple-cambio\/#article\",\"isPartOf\":{\"@id\":\"https:\/\/potenciaradiofonicadominicana.com\/portal\/brendan-donovan-llega-a-seattle-via-triple-cambio\/\"},\"author\":{\"name\":\"Potencia Radiof\u00f3nica Dominicana\",\"@id\":\"https:\/\/potenciaradiofonicadominicana.com\/portal\/#\/schema\/person\/a5cf1fea13877803ee0573ac18b03490\"},\"headline\":\"Brendan Donovan llega a Seattle v\u00eda triple cambio\",\"datePublished\":\"2026-02-04T00:09:15+00:00\",\"mainEntityOfPage\":{\"@id\":\"https:\/\/potenciaradiofonicadominicana.com\/portal\/brendan-donovan-llega-a-seattle-via-triple-cambio\/\"},\"wordCount\":766,\"publisher\":{\"@id\":\"https:\/\/potenciaradiofonicadominicana.com\/portal\/#organization\"},\"image\":{\"@id\":\"https:\/\/potenciaradiofonicadominicana.com\/portal\/brendan-donovan-llega-a-seattle-via-triple-cambio\/#primaryimage\"},\"thumbnailUrl\":\"https:\/\/potenciaradiofonicadominicana.com\/portal\/wp-content\/uploads\/2026\/02\/r1609659_1296x729_16-9.jpg\",\"articleSection\":[\"Deportes\"],\"inLanguage\":\"es\"},{\"@type\":\"WebPage\",\"@id\":\"https:\/\/potenciaradiofonicadominicana.com\/portal\/brendan-donovan-llega-a-seattle-via-triple-cambio\/\",\"url\":\"https:\/\/potenciaradiofonicadominicana.com\/portal\/brendan-donovan-llega-a-seattle-via-triple-cambio\/\",\"name\":\"Brendan Donovan llega a Seattle v\u00eda triple cambio - PotenciaRadiofonicaDominicana.com\",\"isPartOf\":{\"@id\":\"https:\/\/potenciaradiofonicadominicana.com\/portal\/#website\"},\"primaryImageOfPage\":{\"@id\":\"https:\/\/potenciaradiofonicadominicana.com\/portal\/brendan-donovan-llega-a-seattle-via-triple-cambio\/#primaryimage\"},\"image\":{\"@id\":\"https:\/\/potenciaradiofonicadominicana.com\/portal\/brendan-donovan-llega-a-seattle-via-triple-cambio\/#primaryimage\"},\"thumbnailUrl\":\"https:\/\/potenciaradiofonicadominicana.com\/portal\/wp-content\/uploads\/2026\/02\/r1609659_1296x729_16-9.jpg\",\"datePublished\":\"2026-02-04T00:09:15+00:00\",\"breadcrumb\":{\"@id\":\"https:\/\/potenciaradiofonicadominicana.com\/portal\/brendan-donovan-llega-a-seattle-via-triple-cambio\/#breadcrumb\"},\"inLanguage\":\"es\",\"potentialAction\":[{\"@type\":\"ReadAction\",\"target\":[\"https:\/\/potenciaradiofonicadominicana.com\/portal\/brendan-donovan-llega-a-seattle-via-triple-cambio\/\"]}]},{\"@type\":\"ImageObject\",\"inLanguage\":\"es\",\"@id\":\"https:\/\/potenciaradiofonicadominicana.com\/portal\/brendan-donovan-llega-a-seattle-via-triple-cambio\/#primaryimage\",\"url\":\"https:\/\/potenciaradiofonicadominicana.com\/portal\/wp-content\/uploads\/2026\/02\/r1609659_1296x729_16-9.jpg\",\"contentUrl\":\"https:\/\/potenciaradiofonicadominicana.com\/portal\/wp-content\/uploads\/2026\/02\/r1609659_1296x729_16-9.jpg\",\"width\":1296,\"height\":729},{\"@type\":\"BreadcrumbList\",\"@id\":\"https:\/\/potenciaradiofonicadominicana.com\/portal\/brendan-donovan-llega-a-seattle-via-triple-cambio\/#breadcrumb\",\"itemListElement\":[{\"@type\":\"ListItem\",\"position\":1,\"name\":\"Portada\",\"item\":\"https:\/\/potenciaradiofonicadominicana.com\/portal\/\"},{\"@type\":\"ListItem\",\"position\":2,\"name\":\"Brendan Donovan llega a Seattle v\u00eda triple cambio\"}]},{\"@type\":\"WebSite\",\"@id\":\"https:\/\/potenciaradiofonicadominicana.com\/portal\/#website\",\"url\":\"https:\/\/potenciaradiofonicadominicana.com\/portal\/\",\"name\":\"PotenciaRadiofonicaDominicana.com\",\"description\":\"Peri\u00f3dico Digital\",\"publisher\":{\"@id\":\"https:\/\/potenciaradiofonicadominicana.com\/portal\/#organization\"},\"potentialAction\":[{\"@type\":\"SearchAction\",\"target\":{\"@type\":\"EntryPoint\",\"urlTemplate\":\"https:\/\/potenciaradiofonicadominicana.com\/portal\/?s={search_term_string}\"},\"query-input\":{\"@type\":\"PropertyValueSpecification\",\"valueRequired\":true,\"valueName\":\"search_term_string\"}}],\"inLanguage\":\"es\"},{\"@type\":\"Organization\",\"@id\":\"https:\/\/potenciaradiofonicadominicana.com\/portal\/#organization\",\"name\":\"PotenciaRadiofonicaDominicana.com\",\"url\":\"https:\/\/potenciaradiofonicadominicana.com\/portal\/\",\"logo\":{\"@type\":\"ImageObject\",\"inLanguage\":\"es\",\"@id\":\"https:\/\/potenciaradiofonicadominicana.com\/portal\/#\/schema\/logo\/image\/\",\"url\":\"https:\/\/potenciaradiofonicadominicana.com\/portal\/wp-content\/uploads\/2022\/01\/descarga.png\",\"contentUrl\":\"https:\/\/potenciaradiofonicadominicana.com\/portal\/wp-content\/uploads\/2022\/01\/descarga.png\",\"width\":300,\"height\":100,\"caption\":\"PotenciaRadiofonicaDominicana.com\"},\"image\":{\"@id\":\"https:\/\/potenciaradiofonicadominicana.com\/portal\/#\/schema\/logo\/image\/\"},\"sameAs\":[\"https:\/\/web.facebook.com\/PotenciaRadiofonicaD\"]},{\"@type\":\"Person\",\"@id\":\"https:\/\/potenciaradiofonicadominicana.com\/portal\/#\/schema\/person\/a5cf1fea13877803ee0573ac18b03490\",\"name\":\"Potencia Radiof\u00f3nica Dominicana\",\"image\":{\"@type\":\"ImageObject\",\"inLanguage\":\"es\",\"@id\":\"https:\/\/potenciaradiofonicadominicana.com\/portal\/#\/schema\/person\/image\/\",\"url\":\"https:\/\/secure.gravatar.com\/avatar\/42a55ab9e8ccc656ba34cd791990602a?s=96&d=mm&r=g\",\"contentUrl\":\"https:\/\/secure.gravatar.com\/avatar\/42a55ab9e8ccc656ba34cd791990602a?s=96&d=mm&r=g\",\"caption\":\"Potencia Radiof\u00f3nica Dominicana\"},\"url\":\"https:\/\/potenciaradiofonicadominicana.com\/portal\/author\/johannyalmanzar\/\"}]}<\/script>\n<!-- \/ Yoast SEO plugin. -->","yoast_head_json":{"title":"Brendan Donovan llega a Seattle v\u00eda triple cambio - PotenciaRadiofonicaDominicana.com","robots":{"index":"index","follow":"follow","max-snippet":"max-snippet:-1","max-image-preview":"max-image-preview:large","max-video-preview":"max-video-preview:-1"},"canonical":"https:\/\/potenciaradiofonicadominicana.com\/portal\/brendan-donovan-llega-a-seattle-via-triple-cambio\/","og_locale":"es_ES","og_type":"article","og_title":"Brendan Donovan llega a Seattle v\u00eda triple cambio - PotenciaRadiofonicaDominicana.com","og_description":"En triple cambio, el infielder Brendan Donovan llega a los Marineros de Seattle desde los Cardenales de San Luis en ...","og_url":"https:\/\/potenciaradiofonicadominicana.com\/portal\/brendan-donovan-llega-a-seattle-via-triple-cambio\/","og_site_name":"PotenciaRadiofonicaDominicana.com","article_publisher":"https:\/\/web.facebook.com\/PotenciaRadiofonicaD","article_published_time":"2026-02-04T00:09:15+00:00","og_image":[{"width":1296,"height":729,"url":"https:\/\/potenciaradiofonicadominicana.com\/portal\/wp-content\/uploads\/2026\/02\/r1609659_1296x729_16-9.jpg","type":"image\/jpeg"}],"author":"Potencia Radiof\u00f3nica Dominicana","twitter_card":"summary_large_image","twitter_misc":{"Escrito por":"Potencia Radiof\u00f3nica Dominicana","Tiempo de lectura":"5 minutos"},"schema":{"@context":"https:\/\/schema.org","@graph":[{"@type":"Article","@id":"https:\/\/potenciaradiofonicadominicana.com\/portal\/brendan-donovan-llega-a-seattle-via-triple-cambio\/#article","isPartOf":{"@id":"https:\/\/potenciaradiofonicadominicana.com\/portal\/brendan-donovan-llega-a-seattle-via-triple-cambio\/"},"author":{"name":"Potencia Radiof\u00f3nica Dominicana","@id":"https:\/\/potenciaradiofonicadominicana.com\/portal\/#\/schema\/person\/a5cf1fea13877803ee0573ac18b03490"},"headline":"Brendan Donovan llega a Seattle v\u00eda triple cambio","datePublished":"2026-02-04T00:09:15+00:00","mainEntityOfPage":{"@id":"https:\/\/potenciaradiofonicadominicana.com\/portal\/brendan-donovan-llega-a-seattle-via-triple-cambio\/"},"wordCount":766,"publisher":{"@id":"https:\/\/potenciaradiofonicadominicana.com\/portal\/#organization"},"image":{"@id":"https:\/\/potenciaradiofonicadominicana.com\/portal\/brendan-donovan-llega-a-seattle-via-triple-cambio\/#primaryimage"},"thumbnailUrl":"https:\/\/potenciaradiofonicadominicana.com\/portal\/wp-content\/uploads\/2026\/02\/r1609659_1296x729_16-9.jpg","articleSection":["Deportes"],"inLanguage":"es"},{"@type":"WebPage","@id":"https:\/\/potenciaradiofonicadominicana.com\/portal\/brendan-donovan-llega-a-seattle-via-triple-cambio\/","url":"https:\/\/potenciaradiofonicadominicana.com\/portal\/brendan-donovan-llega-a-seattle-via-triple-cambio\/","name":"Brendan Donovan llega a Seattle v\u00eda triple cambio - PotenciaRadiofonicaDominicana.com","isPartOf":{"@id":"https:\/\/potenciaradiofonicadominicana.com\/portal\/#website"},"primaryImageOfPage":{"@id":"https:\/\/potenciaradiofonicadominicana.com\/portal\/brendan-donovan-llega-a-seattle-via-triple-cambio\/#primaryimage"},"image":{"@id":"https:\/\/potenciaradiofonicadominicana.com\/portal\/brendan-donovan-llega-a-seattle-via-triple-cambio\/#primaryimage"},"thumbnailUrl":"https:\/\/potenciaradiofonicadominicana.com\/portal\/wp-content\/uploads\/2026\/02\/r1609659_1296x729_16-9.jpg","datePublished":"2026-02-04T00:09:15+00:00","breadcrumb":{"@id":"https:\/\/potenciaradiofonicadominicana.com\/portal\/brendan-donovan-llega-a-seattle-via-triple-cambio\/#breadcrumb"},"inLanguage":"es","potentialAction":[{"@type":"ReadAction","target":["https:\/\/potenciaradiofonicadominicana.com\/portal\/brendan-donovan-llega-a-seattle-via-triple-cambio\/"]}]},{"@type":"ImageObject","inLanguage":"es","@id":"https:\/\/potenciaradiofonicadominicana.com\/portal\/brendan-donovan-llega-a-seattle-via-triple-cambio\/#primaryimage","url":"https:\/\/potenciaradiofonicadominicana.com\/portal\/wp-content\/uploads\/2026\/02\/r1609659_1296x729_16-9.jpg","contentUrl":"https:\/\/potenciaradiofonicadominicana.com\/portal\/wp-content\/uploads\/2026\/02\/r1609659_1296x729_16-9.jpg","width":1296,"height":729},{"@type":"BreadcrumbList","@id":"https:\/\/potenciaradiofonicadominicana.com\/portal\/brendan-donovan-llega-a-seattle-via-triple-cambio\/#breadcrumb","itemListElement":[{"@type":"ListItem","position":1,"name":"Portada","item":"https:\/\/potenciaradiofonicadominicana.com\/portal\/"},{"@type":"ListItem","position":2,"name":"Brendan Donovan llega a Seattle v\u00eda triple cambio"}]},{"@type":"WebSite","@id":"https:\/\/potenciaradiofonicadominicana.com\/portal\/#website","url":"https:\/\/potenciaradiofonicadominicana.com\/portal\/","name":"PotenciaRadiofonicaDominicana.com","description":"Peri\u00f3dico Digital","publisher":{"@id":"https:\/\/potenciaradiofonicadominicana.com\/portal\/#organization"},"potentialAction":[{"@type":"SearchAction","target":{"@type":"EntryPoint","urlTemplate":"https:\/\/potenciaradiofonicadominicana.com\/portal\/?s={search_term_string}"},"query-input":{"@type":"PropertyValueSpecification","valueRequired":true,"valueName":"search_term_string"}}],"inLanguage":"es"},{"@type":"Organization","@id":"https:\/\/potenciaradiofonicadominicana.com\/portal\/#organization","name":"PotenciaRadiofonicaDominicana.com","url":"https:\/\/potenciaradiofonicadominicana.com\/portal\/","logo":{"@type":"ImageObject","inLanguage":"es","@id":"https:\/\/potenciaradiofonicadominicana.com\/portal\/#\/schema\/logo\/image\/","url":"https:\/\/potenciaradiofonicadominicana.com\/portal\/wp-content\/uploads\/2022\/01\/descarga.png","contentUrl":"https:\/\/potenciaradiofonicadominicana.com\/portal\/wp-content\/uploads\/2022\/01\/descarga.png","width":300,"height":100,"caption":"PotenciaRadiofonicaDominicana.com"},"image":{"@id":"https:\/\/potenciaradiofonicadominicana.com\/portal\/#\/schema\/logo\/image\/"},"sameAs":["https:\/\/web.facebook.com\/PotenciaRadiofonicaD"]},{"@type":"Person","@id":"https:\/\/potenciaradiofonicadominicana.com\/portal\/#\/schema\/person\/a5cf1fea13877803ee0573ac18b03490","name":"Potencia Radiof\u00f3nica Dominicana","image":{"@type":"ImageObject","inLanguage":"es","@id":"https:\/\/potenciaradiofonicadominicana.com\/portal\/#\/schema\/person\/image\/","url":"https:\/\/secure.gravatar.com\/avatar\/42a55ab9e8ccc656ba34cd791990602a?s=96&d=mm&r=g","contentUrl":"https:\/\/secure.gravatar.com\/avatar\/42a55ab9e8ccc656ba34cd791990602a?s=96&d=mm&r=g","caption":"Potencia Radiof\u00f3nica Dominicana"},"url":"https:\/\/potenciaradiofonicadominicana.com\/portal\/author\/johannyalmanzar\/"}]}},"_links":{"self":[{"href":"https:\/\/potenciaradiofonicadominicana.com\/portal\/wp-json\/wp\/v2\/posts\/210992","targetHints":{"allow":["GET"]}}],"collection":[{"href":"https:\/\/potenciaradiofonicadominicana.com\/portal\/wp-json\/wp\/v2\/posts"}],"about":[{"href":"https:\/\/potenciaradiofonicadominicana.com\/portal\/wp-json\/wp\/v2\/types\/post"}],"author":[{"embeddable":true,"href":"https:\/\/potenciaradiofonicadominicana.com\/portal\/wp-json\/wp\/v2\/users\/2"}],"replies":[{"embeddable":true,"href":"https:\/\/potenciaradiofonicadominicana.com\/portal\/wp-json\/wp\/v2\/comments?post=210992"}],"version-history":[{"count":1,"href":"https:\/\/potenciaradiofonicadominicana.com\/portal\/wp-json\/wp\/v2\/posts\/210992\/revisions"}],"predecessor-version":[{"id":210994,"href":"https:\/\/potenciaradiofonicadominicana.com\/portal\/wp-json\/wp\/v2\/posts\/210992\/revisions\/210994"}],"wp:featuredmedia":[{"embeddable":true,"href":"https:\/\/potenciaradiofonicadominicana.com\/portal\/wp-json\/wp\/v2\/media\/210993"}],"wp:attachment":[{"href":"https:\/\/potenciaradiofonicadominicana.com\/portal\/wp-json\/wp\/v2\/media?parent=210992"}],"wp:term":[{"taxonomy":"category","embeddable":true,"href":"https:\/\/potenciaradiofonicadominicana.com\/portal\/wp-json\/wp\/v2\/categories?post=210992"},{"taxonomy":"post_tag","embeddable":true,"href":"https:\/\/potenciaradiofonicadominicana.com\/portal\/wp-json\/wp\/v2\/tags?post=210992"}],"curies":[{"name":"wp","href":"https:\/\/api.w.org\/{rel}","templated":true}]}}