{"id":210989,"date":"2026-02-03T20:07:28","date_gmt":"2026-02-04T00:07:28","guid":{"rendered":"https:\/\/potenciaradiofonicadominicana.com\/portal\/?p=210989"},"modified":"2026-02-03T20:07:28","modified_gmt":"2026-02-04T00:07:28","slug":"beltran-llevara-gorra-de-mets-jones-de-bravos-y-kent-de-gigantes-al-salon-de-la-fama","status":"publish","type":"post","link":"https:\/\/potenciaradiofonicadominicana.com\/portal\/beltran-llevara-gorra-de-mets-jones-de-bravos-y-kent-de-gigantes-al-salon-de-la-fama\/","title":{"rendered":"Beltr\u00e1n llevar\u00e1 gorra de Mets, Jones, de Bravos, y Kent, de Gigantes al Sal\u00f3n de la Fama"},"content":{"rendered":"<p><a href=\"https:\/\/potenciaradiofonicadominicana.com\/portal\/wp-content\/uploads\/2026\/02\/260120-Carlos-Beltrn-ew-917p-215a06.webp\"><img loading=\"lazy\" decoding=\"async\" class=\"alignnone size-full wp-image-210990\" src=\"https:\/\/potenciaradiofonicadominicana.com\/portal\/wp-content\/uploads\/2026\/02\/260120-Carlos-Beltrn-ew-917p-215a06.webp\" alt=\"\" width=\"1024\" height=\"683\" srcset=\"https:\/\/potenciaradiofonicadominicana.com\/portal\/wp-content\/uploads\/2026\/02\/260120-Carlos-Beltrn-ew-917p-215a06.webp 1024w, https:\/\/potenciaradiofonicadominicana.com\/portal\/wp-content\/uploads\/2026\/02\/260120-Carlos-Beltrn-ew-917p-215a06-300x200.webp 300w, https:\/\/potenciaradiofonicadominicana.com\/portal\/wp-content\/uploads\/2026\/02\/260120-Carlos-Beltrn-ew-917p-215a06-768x512.webp 768w\" sizes=\"auto, (max-width: 1024px) 100vw, 1024px\" \/><\/a><\/p>\n<p id=\"m38337-38336-38338\">Carlos Beltr\u00e1n tendr\u00e1 una gorra de los Mets de Nueva York en su placa del Sal\u00f3n de la Fama, Andruw Jones llevar\u00e1 el logo de los Bravos de Atlanta y Jeff Kent lucir\u00e1 una insignia de los Gigantes de San Francisco.<\/p>\n<p id=\"m38342-38341-38343\">El sal\u00f3n anunci\u00f3 sus decisiones el martes, dos semanas despu\u00e9s de que Beltr\u00e1n y Jones fueran elegidos por la Asociaci\u00f3n de Escritores de B\u00e9isbol de Am\u00e9rica. Kent fue votado a Cooperstown en diciembre por el comit\u00e9 de la era contempor\u00e1nea.<\/p>\n<p id=\"m38347-38346-38348\">Las exaltaciones se llevar\u00e1n a cabo el 26 de julio.<\/p>\n<p id=\"m38352-38351-38353\">Beltr\u00e1n, un jardinero central que fue nueve veces All-Star, bate\u00f3 para .279 con 435 jonrones y 1.587 carreras impulsadas a lo largo de 20 temporadas con Kansas City (1999-2004), Houston (2004, \u201917), los Mets (2005-11), San Francisco (2011), San Luis (2012-13), los Yankees de Nueva York (2014-16) y Texas (2016). Obtuvo cinco selecciones al All-Star y tres Guantes de Oro con los Mets.<\/p>\n<p id=\"m38357-38356-38358\">\u201cCon los Mets, experiment\u00e9 mi mayor crecimiento y \u00e9xito individual. Me honra que mi placa del Sal\u00f3n de la Fama lleve el logotipo de los Mets\u201d, dijo Beltr\u00e1n en un comunicado emitido por el Sal\u00f3n.<\/p>\n<p id=\"m38362-38361-38363\">Jones bate\u00f3 para .254 con 434 jonrones, 1.289 carreras impulsadas y 152 bases robadas en 17 temporadas con Atlanta (1996-2007), los Dodgers de Los \u00c1ngeles (2008), Texas (2009), los Medias Blancas de Chicago (2010) y los Yankees (2011-12). El jardinero central termin\u00f3 su carrera con los Tohoku Rakuten Golden Eagles de la Liga del Pac\u00edfico de Jap\u00f3n de 2013-14. Obtuvo sus cinco selecciones al All-Star y sus 10 Guantes de Oro con los Bravos.<\/p>\n<p id=\"m38367-38366-38368\">\u201cLos Bravos fueron el equipo que me dio mi primera oportunidad de perseguir el sue\u00f1o que quer\u00eda desde que era un ni\u00f1o. Estoy orgulloso de llevar la \u2018A\u2019 en mi placa\u201d, indic\u00f3 Jones.<\/p>\n<p id=\"m38372-38371-38373\">Kent, un segunda base que fue cinco veces All-Star, bate\u00f3 para .290 con 377 jonrones y 1.518 carreras impulsadas a lo largo de 17 temporadas con Toronto (1992), los Mets de Nueva York (1992-96), Cleveland (1996), San Francisco (1997-2002), Houston (2003-04) y los Dodgers de Los \u00c1ngeles (2005-08). Sus seis temporadas con los Gigantes fueron las m\u00e1s largas con un equipo de las mayores.<\/p>\n<p id=\"m38377-38376-38378\">\u201cCada una de las paradas a lo largo de mi carrera fue importante para m\u00ed, pero fue con los Gigantes donde tuve m\u00e1s \u00e9xito y pas\u00e9 m\u00e1s tiempo durante mi carrera\u201d, se\u00f1al\u00f3 Kent.<\/p>\n","protected":false},"excerpt":{"rendered":"<p>Carlos Beltr\u00e1n tendr\u00e1 una gorra de los Mets de Nueva York en su placa del Sal\u00f3n de la Fama, Andruw &#8230;<\/p>\n","protected":false},"author":2,"featured_media":210990,"comment_status":"closed","ping_status":"closed","sticky":false,"template":"","format":"standard","meta":{"footnotes":""},"categories":[28],"tags":[],"class_list":["post-210989","post","type-post","status-publish","format-standard","has-post-thumbnail","hentry","category-deportes"],"yoast_head":"<!-- This site is optimized with the Yoast SEO plugin v24.8.1 - https:\/\/yoast.com\/wordpress\/plugins\/seo\/ -->\n<title>Beltr\u00e1n llevar\u00e1 gorra de Mets, Jones, de Bravos, y Kent, de Gigantes al Sal\u00f3n de la Fama - PotenciaRadiofonicaDominicana.com<\/title>\n<meta name=\"robots\" content=\"index, follow, max-snippet:-1, max-image-preview:large, max-video-preview:-1\" \/>\n<link rel=\"canonical\" href=\"https:\/\/potenciaradiofonicadominicana.com\/portal\/beltran-llevara-gorra-de-mets-jones-de-bravos-y-kent-de-gigantes-al-salon-de-la-fama\/\" \/>\n<meta property=\"og:locale\" content=\"es_ES\" \/>\n<meta property=\"og:type\" content=\"article\" \/>\n<meta property=\"og:title\" content=\"Beltr\u00e1n llevar\u00e1 gorra de Mets, Jones, de Bravos, y Kent, de Gigantes al Sal\u00f3n de la Fama - PotenciaRadiofonicaDominicana.com\" \/>\n<meta property=\"og:description\" content=\"Carlos Beltr\u00e1n tendr\u00e1 una gorra de los Mets de Nueva York en su placa del Sal\u00f3n de la Fama, Andruw ...\" \/>\n<meta property=\"og:url\" content=\"https:\/\/potenciaradiofonicadominicana.com\/portal\/beltran-llevara-gorra-de-mets-jones-de-bravos-y-kent-de-gigantes-al-salon-de-la-fama\/\" \/>\n<meta property=\"og:site_name\" content=\"PotenciaRadiofonicaDominicana.com\" \/>\n<meta property=\"article:publisher\" content=\"https:\/\/web.facebook.com\/PotenciaRadiofonicaD\" \/>\n<meta property=\"article:published_time\" content=\"2026-02-04T00:07:28+00:00\" \/>\n<meta property=\"og:image\" content=\"https:\/\/potenciaradiofonicadominicana.com\/portal\/wp-content\/uploads\/2026\/02\/260120-Carlos-Beltrn-ew-917p-215a06.webp\" \/>\n\t<meta property=\"og:image:width\" content=\"1024\" \/>\n\t<meta property=\"og:image:height\" content=\"683\" \/>\n\t<meta property=\"og:image:type\" content=\"image\/webp\" \/>\n<meta name=\"author\" content=\"Potencia Radiof\u00f3nica Dominicana\" \/>\n<meta name=\"twitter:card\" content=\"summary_large_image\" \/>\n<meta name=\"twitter:label1\" content=\"Escrito por\" \/>\n\t<meta name=\"twitter:data1\" content=\"Potencia Radiof\u00f3nica Dominicana\" \/>\n\t<meta name=\"twitter:label2\" content=\"Tiempo de lectura\" \/>\n\t<meta name=\"twitter:data2\" content=\"3 minutos\" \/>\n<script type=\"application\/ld+json\" class=\"yoast-schema-graph\">{\"@context\":\"https:\/\/schema.org\",\"@graph\":[{\"@type\":\"Article\",\"@id\":\"https:\/\/potenciaradiofonicadominicana.com\/portal\/beltran-llevara-gorra-de-mets-jones-de-bravos-y-kent-de-gigantes-al-salon-de-la-fama\/#article\",\"isPartOf\":{\"@id\":\"https:\/\/potenciaradiofonicadominicana.com\/portal\/beltran-llevara-gorra-de-mets-jones-de-bravos-y-kent-de-gigantes-al-salon-de-la-fama\/\"},\"author\":{\"name\":\"Potencia Radiof\u00f3nica Dominicana\",\"@id\":\"https:\/\/potenciaradiofonicadominicana.com\/portal\/#\/schema\/person\/a5cf1fea13877803ee0573ac18b03490\"},\"headline\":\"Beltr\u00e1n llevar\u00e1 gorra de Mets, Jones, de Bravos, y Kent, de Gigantes al Sal\u00f3n de la Fama\",\"datePublished\":\"2026-02-04T00:07:28+00:00\",\"mainEntityOfPage\":{\"@id\":\"https:\/\/potenciaradiofonicadominicana.com\/portal\/beltran-llevara-gorra-de-mets-jones-de-bravos-y-kent-de-gigantes-al-salon-de-la-fama\/\"},\"wordCount\":411,\"publisher\":{\"@id\":\"https:\/\/potenciaradiofonicadominicana.com\/portal\/#organization\"},\"image\":{\"@id\":\"https:\/\/potenciaradiofonicadominicana.com\/portal\/beltran-llevara-gorra-de-mets-jones-de-bravos-y-kent-de-gigantes-al-salon-de-la-fama\/#primaryimage\"},\"thumbnailUrl\":\"https:\/\/potenciaradiofonicadominicana.com\/portal\/wp-content\/uploads\/2026\/02\/260120-Carlos-Beltrn-ew-917p-215a06.webp\",\"articleSection\":[\"Deportes\"],\"inLanguage\":\"es\"},{\"@type\":\"WebPage\",\"@id\":\"https:\/\/potenciaradiofonicadominicana.com\/portal\/beltran-llevara-gorra-de-mets-jones-de-bravos-y-kent-de-gigantes-al-salon-de-la-fama\/\",\"url\":\"https:\/\/potenciaradiofonicadominicana.com\/portal\/beltran-llevara-gorra-de-mets-jones-de-bravos-y-kent-de-gigantes-al-salon-de-la-fama\/\",\"name\":\"Beltr\u00e1n llevar\u00e1 gorra de Mets, Jones, de Bravos, y Kent, de Gigantes al Sal\u00f3n de la Fama - PotenciaRadiofonicaDominicana.com\",\"isPartOf\":{\"@id\":\"https:\/\/potenciaradiofonicadominicana.com\/portal\/#website\"},\"primaryImageOfPage\":{\"@id\":\"https:\/\/potenciaradiofonicadominicana.com\/portal\/beltran-llevara-gorra-de-mets-jones-de-bravos-y-kent-de-gigantes-al-salon-de-la-fama\/#primaryimage\"},\"image\":{\"@id\":\"https:\/\/potenciaradiofonicadominicana.com\/portal\/beltran-llevara-gorra-de-mets-jones-de-bravos-y-kent-de-gigantes-al-salon-de-la-fama\/#primaryimage\"},\"thumbnailUrl\":\"https:\/\/potenciaradiofonicadominicana.com\/portal\/wp-content\/uploads\/2026\/02\/260120-Carlos-Beltrn-ew-917p-215a06.webp\",\"datePublished\":\"2026-02-04T00:07:28+00:00\",\"breadcrumb\":{\"@id\":\"https:\/\/potenciaradiofonicadominicana.com\/portal\/beltran-llevara-gorra-de-mets-jones-de-bravos-y-kent-de-gigantes-al-salon-de-la-fama\/#breadcrumb\"},\"inLanguage\":\"es\",\"potentialAction\":[{\"@type\":\"ReadAction\",\"target\":[\"https:\/\/potenciaradiofonicadominicana.com\/portal\/beltran-llevara-gorra-de-mets-jones-de-bravos-y-kent-de-gigantes-al-salon-de-la-fama\/\"]}]},{\"@type\":\"ImageObject\",\"inLanguage\":\"es\",\"@id\":\"https:\/\/potenciaradiofonicadominicana.com\/portal\/beltran-llevara-gorra-de-mets-jones-de-bravos-y-kent-de-gigantes-al-salon-de-la-fama\/#primaryimage\",\"url\":\"https:\/\/potenciaradiofonicadominicana.com\/portal\/wp-content\/uploads\/2026\/02\/260120-Carlos-Beltrn-ew-917p-215a06.webp\",\"contentUrl\":\"https:\/\/potenciaradiofonicadominicana.com\/portal\/wp-content\/uploads\/2026\/02\/260120-Carlos-Beltrn-ew-917p-215a06.webp\",\"width\":1024,\"height\":683},{\"@type\":\"BreadcrumbList\",\"@id\":\"https:\/\/potenciaradiofonicadominicana.com\/portal\/beltran-llevara-gorra-de-mets-jones-de-bravos-y-kent-de-gigantes-al-salon-de-la-fama\/#breadcrumb\",\"itemListElement\":[{\"@type\":\"ListItem\",\"position\":1,\"name\":\"Portada\",\"item\":\"https:\/\/potenciaradiofonicadominicana.com\/portal\/\"},{\"@type\":\"ListItem\",\"position\":2,\"name\":\"Beltr\u00e1n llevar\u00e1 gorra de Mets, Jones, de Bravos, y Kent, de Gigantes al Sal\u00f3n de la Fama\"}]},{\"@type\":\"WebSite\",\"@id\":\"https:\/\/potenciaradiofonicadominicana.com\/portal\/#website\",\"url\":\"https:\/\/potenciaradiofonicadominicana.com\/portal\/\",\"name\":\"PotenciaRadiofonicaDominicana.com\",\"description\":\"Peri\u00f3dico Digital\",\"publisher\":{\"@id\":\"https:\/\/potenciaradiofonicadominicana.com\/portal\/#organization\"},\"potentialAction\":[{\"@type\":\"SearchAction\",\"target\":{\"@type\":\"EntryPoint\",\"urlTemplate\":\"https:\/\/potenciaradiofonicadominicana.com\/portal\/?s={search_term_string}\"},\"query-input\":{\"@type\":\"PropertyValueSpecification\",\"valueRequired\":true,\"valueName\":\"search_term_string\"}}],\"inLanguage\":\"es\"},{\"@type\":\"Organization\",\"@id\":\"https:\/\/potenciaradiofonicadominicana.com\/portal\/#organization\",\"name\":\"PotenciaRadiofonicaDominicana.com\",\"url\":\"https:\/\/potenciaradiofonicadominicana.com\/portal\/\",\"logo\":{\"@type\":\"ImageObject\",\"inLanguage\":\"es\",\"@id\":\"https:\/\/potenciaradiofonicadominicana.com\/portal\/#\/schema\/logo\/image\/\",\"url\":\"https:\/\/potenciaradiofonicadominicana.com\/portal\/wp-content\/uploads\/2022\/01\/descarga.png\",\"contentUrl\":\"https:\/\/potenciaradiofonicadominicana.com\/portal\/wp-content\/uploads\/2022\/01\/descarga.png\",\"width\":300,\"height\":100,\"caption\":\"PotenciaRadiofonicaDominicana.com\"},\"image\":{\"@id\":\"https:\/\/potenciaradiofonicadominicana.com\/portal\/#\/schema\/logo\/image\/\"},\"sameAs\":[\"https:\/\/web.facebook.com\/PotenciaRadiofonicaD\"]},{\"@type\":\"Person\",\"@id\":\"https:\/\/potenciaradiofonicadominicana.com\/portal\/#\/schema\/person\/a5cf1fea13877803ee0573ac18b03490\",\"name\":\"Potencia Radiof\u00f3nica Dominicana\",\"image\":{\"@type\":\"ImageObject\",\"inLanguage\":\"es\",\"@id\":\"https:\/\/potenciaradiofonicadominicana.com\/portal\/#\/schema\/person\/image\/\",\"url\":\"https:\/\/secure.gravatar.com\/avatar\/42a55ab9e8ccc656ba34cd791990602a?s=96&d=mm&r=g\",\"contentUrl\":\"https:\/\/secure.gravatar.com\/avatar\/42a55ab9e8ccc656ba34cd791990602a?s=96&d=mm&r=g\",\"caption\":\"Potencia Radiof\u00f3nica Dominicana\"},\"url\":\"https:\/\/potenciaradiofonicadominicana.com\/portal\/author\/johannyalmanzar\/\"}]}<\/script>\n<!-- \/ Yoast SEO plugin. -->","yoast_head_json":{"title":"Beltr\u00e1n llevar\u00e1 gorra de Mets, Jones, de Bravos, y Kent, de Gigantes al Sal\u00f3n de la Fama - PotenciaRadiofonicaDominicana.com","robots":{"index":"index","follow":"follow","max-snippet":"max-snippet:-1","max-image-preview":"max-image-preview:large","max-video-preview":"max-video-preview:-1"},"canonical":"https:\/\/potenciaradiofonicadominicana.com\/portal\/beltran-llevara-gorra-de-mets-jones-de-bravos-y-kent-de-gigantes-al-salon-de-la-fama\/","og_locale":"es_ES","og_type":"article","og_title":"Beltr\u00e1n llevar\u00e1 gorra de Mets, Jones, de Bravos, y Kent, de Gigantes al Sal\u00f3n de la Fama - PotenciaRadiofonicaDominicana.com","og_description":"Carlos Beltr\u00e1n tendr\u00e1 una gorra de los Mets de Nueva York en su placa del Sal\u00f3n de la Fama, Andruw ...","og_url":"https:\/\/potenciaradiofonicadominicana.com\/portal\/beltran-llevara-gorra-de-mets-jones-de-bravos-y-kent-de-gigantes-al-salon-de-la-fama\/","og_site_name":"PotenciaRadiofonicaDominicana.com","article_publisher":"https:\/\/web.facebook.com\/PotenciaRadiofonicaD","article_published_time":"2026-02-04T00:07:28+00:00","og_image":[{"width":1024,"height":683,"url":"https:\/\/potenciaradiofonicadominicana.com\/portal\/wp-content\/uploads\/2026\/02\/260120-Carlos-Beltrn-ew-917p-215a06.webp","type":"image\/webp"}],"author":"Potencia Radiof\u00f3nica Dominicana","twitter_card":"summary_large_image","twitter_misc":{"Escrito por":"Potencia Radiof\u00f3nica Dominicana","Tiempo de lectura":"3 minutos"},"schema":{"@context":"https:\/\/schema.org","@graph":[{"@type":"Article","@id":"https:\/\/potenciaradiofonicadominicana.com\/portal\/beltran-llevara-gorra-de-mets-jones-de-bravos-y-kent-de-gigantes-al-salon-de-la-fama\/#article","isPartOf":{"@id":"https:\/\/potenciaradiofonicadominicana.com\/portal\/beltran-llevara-gorra-de-mets-jones-de-bravos-y-kent-de-gigantes-al-salon-de-la-fama\/"},"author":{"name":"Potencia Radiof\u00f3nica Dominicana","@id":"https:\/\/potenciaradiofonicadominicana.com\/portal\/#\/schema\/person\/a5cf1fea13877803ee0573ac18b03490"},"headline":"Beltr\u00e1n llevar\u00e1 gorra de Mets, Jones, de Bravos, y Kent, de Gigantes al Sal\u00f3n de la Fama","datePublished":"2026-02-04T00:07:28+00:00","mainEntityOfPage":{"@id":"https:\/\/potenciaradiofonicadominicana.com\/portal\/beltran-llevara-gorra-de-mets-jones-de-bravos-y-kent-de-gigantes-al-salon-de-la-fama\/"},"wordCount":411,"publisher":{"@id":"https:\/\/potenciaradiofonicadominicana.com\/portal\/#organization"},"image":{"@id":"https:\/\/potenciaradiofonicadominicana.com\/portal\/beltran-llevara-gorra-de-mets-jones-de-bravos-y-kent-de-gigantes-al-salon-de-la-fama\/#primaryimage"},"thumbnailUrl":"https:\/\/potenciaradiofonicadominicana.com\/portal\/wp-content\/uploads\/2026\/02\/260120-Carlos-Beltrn-ew-917p-215a06.webp","articleSection":["Deportes"],"inLanguage":"es"},{"@type":"WebPage","@id":"https:\/\/potenciaradiofonicadominicana.com\/portal\/beltran-llevara-gorra-de-mets-jones-de-bravos-y-kent-de-gigantes-al-salon-de-la-fama\/","url":"https:\/\/potenciaradiofonicadominicana.com\/portal\/beltran-llevara-gorra-de-mets-jones-de-bravos-y-kent-de-gigantes-al-salon-de-la-fama\/","name":"Beltr\u00e1n llevar\u00e1 gorra de Mets, Jones, de Bravos, y Kent, de Gigantes al Sal\u00f3n de la Fama - PotenciaRadiofonicaDominicana.com","isPartOf":{"@id":"https:\/\/potenciaradiofonicadominicana.com\/portal\/#website"},"primaryImageOfPage":{"@id":"https:\/\/potenciaradiofonicadominicana.com\/portal\/beltran-llevara-gorra-de-mets-jones-de-bravos-y-kent-de-gigantes-al-salon-de-la-fama\/#primaryimage"},"image":{"@id":"https:\/\/potenciaradiofonicadominicana.com\/portal\/beltran-llevara-gorra-de-mets-jones-de-bravos-y-kent-de-gigantes-al-salon-de-la-fama\/#primaryimage"},"thumbnailUrl":"https:\/\/potenciaradiofonicadominicana.com\/portal\/wp-content\/uploads\/2026\/02\/260120-Carlos-Beltrn-ew-917p-215a06.webp","datePublished":"2026-02-04T00:07:28+00:00","breadcrumb":{"@id":"https:\/\/potenciaradiofonicadominicana.com\/portal\/beltran-llevara-gorra-de-mets-jones-de-bravos-y-kent-de-gigantes-al-salon-de-la-fama\/#breadcrumb"},"inLanguage":"es","potentialAction":[{"@type":"ReadAction","target":["https:\/\/potenciaradiofonicadominicana.com\/portal\/beltran-llevara-gorra-de-mets-jones-de-bravos-y-kent-de-gigantes-al-salon-de-la-fama\/"]}]},{"@type":"ImageObject","inLanguage":"es","@id":"https:\/\/potenciaradiofonicadominicana.com\/portal\/beltran-llevara-gorra-de-mets-jones-de-bravos-y-kent-de-gigantes-al-salon-de-la-fama\/#primaryimage","url":"https:\/\/potenciaradiofonicadominicana.com\/portal\/wp-content\/uploads\/2026\/02\/260120-Carlos-Beltrn-ew-917p-215a06.webp","contentUrl":"https:\/\/potenciaradiofonicadominicana.com\/portal\/wp-content\/uploads\/2026\/02\/260120-Carlos-Beltrn-ew-917p-215a06.webp","width":1024,"height":683},{"@type":"BreadcrumbList","@id":"https:\/\/potenciaradiofonicadominicana.com\/portal\/beltran-llevara-gorra-de-mets-jones-de-bravos-y-kent-de-gigantes-al-salon-de-la-fama\/#breadcrumb","itemListElement":[{"@type":"ListItem","position":1,"name":"Portada","item":"https:\/\/potenciaradiofonicadominicana.com\/portal\/"},{"@type":"ListItem","position":2,"name":"Beltr\u00e1n llevar\u00e1 gorra de Mets, Jones, de Bravos, y Kent, de Gigantes al Sal\u00f3n de la Fama"}]},{"@type":"WebSite","@id":"https:\/\/potenciaradiofonicadominicana.com\/portal\/#website","url":"https:\/\/potenciaradiofonicadominicana.com\/portal\/","name":"PotenciaRadiofonicaDominicana.com","description":"Peri\u00f3dico Digital","publisher":{"@id":"https:\/\/potenciaradiofonicadominicana.com\/portal\/#organization"},"potentialAction":[{"@type":"SearchAction","target":{"@type":"EntryPoint","urlTemplate":"https:\/\/potenciaradiofonicadominicana.com\/portal\/?s={search_term_string}"},"query-input":{"@type":"PropertyValueSpecification","valueRequired":true,"valueName":"search_term_string"}}],"inLanguage":"es"},{"@type":"Organization","@id":"https:\/\/potenciaradiofonicadominicana.com\/portal\/#organization","name":"PotenciaRadiofonicaDominicana.com","url":"https:\/\/potenciaradiofonicadominicana.com\/portal\/","logo":{"@type":"ImageObject","inLanguage":"es","@id":"https:\/\/potenciaradiofonicadominicana.com\/portal\/#\/schema\/logo\/image\/","url":"https:\/\/potenciaradiofonicadominicana.com\/portal\/wp-content\/uploads\/2022\/01\/descarga.png","contentUrl":"https:\/\/potenciaradiofonicadominicana.com\/portal\/wp-content\/uploads\/2022\/01\/descarga.png","width":300,"height":100,"caption":"PotenciaRadiofonicaDominicana.com"},"image":{"@id":"https:\/\/potenciaradiofonicadominicana.com\/portal\/#\/schema\/logo\/image\/"},"sameAs":["https:\/\/web.facebook.com\/PotenciaRadiofonicaD"]},{"@type":"Person","@id":"https:\/\/potenciaradiofonicadominicana.com\/portal\/#\/schema\/person\/a5cf1fea13877803ee0573ac18b03490","name":"Potencia Radiof\u00f3nica Dominicana","image":{"@type":"ImageObject","inLanguage":"es","@id":"https:\/\/potenciaradiofonicadominicana.com\/portal\/#\/schema\/person\/image\/","url":"https:\/\/secure.gravatar.com\/avatar\/42a55ab9e8ccc656ba34cd791990602a?s=96&d=mm&r=g","contentUrl":"https:\/\/secure.gravatar.com\/avatar\/42a55ab9e8ccc656ba34cd791990602a?s=96&d=mm&r=g","caption":"Potencia Radiof\u00f3nica Dominicana"},"url":"https:\/\/potenciaradiofonicadominicana.com\/portal\/author\/johannyalmanzar\/"}]}},"_links":{"self":[{"href":"https:\/\/potenciaradiofonicadominicana.com\/portal\/wp-json\/wp\/v2\/posts\/210989","targetHints":{"allow":["GET"]}}],"collection":[{"href":"https:\/\/potenciaradiofonicadominicana.com\/portal\/wp-json\/wp\/v2\/posts"}],"about":[{"href":"https:\/\/potenciaradiofonicadominicana.com\/portal\/wp-json\/wp\/v2\/types\/post"}],"author":[{"embeddable":true,"href":"https:\/\/potenciaradiofonicadominicana.com\/portal\/wp-json\/wp\/v2\/users\/2"}],"replies":[{"embeddable":true,"href":"https:\/\/potenciaradiofonicadominicana.com\/portal\/wp-json\/wp\/v2\/comments?post=210989"}],"version-history":[{"count":1,"href":"https:\/\/potenciaradiofonicadominicana.com\/portal\/wp-json\/wp\/v2\/posts\/210989\/revisions"}],"predecessor-version":[{"id":210991,"href":"https:\/\/potenciaradiofonicadominicana.com\/portal\/wp-json\/wp\/v2\/posts\/210989\/revisions\/210991"}],"wp:featuredmedia":[{"embeddable":true,"href":"https:\/\/potenciaradiofonicadominicana.com\/portal\/wp-json\/wp\/v2\/media\/210990"}],"wp:attachment":[{"href":"https:\/\/potenciaradiofonicadominicana.com\/portal\/wp-json\/wp\/v2\/media?parent=210989"}],"wp:term":[{"taxonomy":"category","embeddable":true,"href":"https:\/\/potenciaradiofonicadominicana.com\/portal\/wp-json\/wp\/v2\/categories?post=210989"},{"taxonomy":"post_tag","embeddable":true,"href":"https:\/\/potenciaradiofonicadominicana.com\/portal\/wp-json\/wp\/v2\/tags?post=210989"}],"curies":[{"name":"wp","href":"https:\/\/api.w.org\/{rel}","templated":true}]}}