{"id":210977,"date":"2026-02-03T20:00:49","date_gmt":"2026-02-04T00:00:49","guid":{"rendered":"https:\/\/potenciaradiofonicadominicana.com\/portal\/?p=210977"},"modified":"2026-02-03T20:00:49","modified_gmt":"2026-02-04T00:00:49","slug":"miguel-sano-pacta-con-las-estrellas-orientales-por-dos-temporadas","status":"publish","type":"post","link":"https:\/\/potenciaradiofonicadominicana.com\/portal\/miguel-sano-pacta-con-las-estrellas-orientales-por-dos-temporadas\/","title":{"rendered":"Miguel San\u00f3 pacta con las Estrellas Orientales por dos temporadas"},"content":{"rendered":"<p><a href=\"https:\/\/potenciaradiofonicadominicana.com\/portal\/wp-content\/uploads\/2026\/02\/SANO.webp\"><img loading=\"lazy\" decoding=\"async\" class=\"alignnone size-full wp-image-210978\" src=\"https:\/\/potenciaradiofonicadominicana.com\/portal\/wp-content\/uploads\/2026\/02\/SANO.webp\" alt=\"\" width=\"1200\" height=\"800\" srcset=\"https:\/\/potenciaradiofonicadominicana.com\/portal\/wp-content\/uploads\/2026\/02\/SANO.webp 1200w, https:\/\/potenciaradiofonicadominicana.com\/portal\/wp-content\/uploads\/2026\/02\/SANO-300x200.webp 300w, https:\/\/potenciaradiofonicadominicana.com\/portal\/wp-content\/uploads\/2026\/02\/SANO-1024x683.webp 1024w, https:\/\/potenciaradiofonicadominicana.com\/portal\/wp-content\/uploads\/2026\/02\/SANO-768x512.webp 768w\" sizes=\"auto, (max-width: 1200px) 100vw, 1200px\" \/><\/a><\/p>\n<p>Las\u00a0<strong>Estrellas Orientales<\/strong>\u00a0<strong>firmaron<\/strong>\u00a0por dos a\u00f1os al antesalista e inicialista\u00a0<strong>Miguel San\u00f3<\/strong>, con lo que el veterano pelotero evit\u00f3 ser\u00a0<strong>agente libre<\/strong>\u00a0con restricci\u00f3n a partir del pr\u00f3ximo 15 de\u00a0 febrero.<\/p>\n<p>De igual forma, San\u00f3 ya no ser\u00e1\u00a0<strong>agente libre<\/strong>\u00a0sin restricci\u00f3n a partir del venidero 15 de marzo, en virtud de su condici\u00f3n como jugador de 10 a\u00f1os de firmado originalmente para la Liga de B\u00e9isbol Profesional de la Rep\u00fablica Dominicana, y de acuerdo al\u00a0<strong>pacto colectivo<\/strong>\u00a0entre \u00e9sta y la Federaci\u00f3n Nacional de Peloteros Profesionales.<\/p>\n<p>El jugador de\u00a0<strong>32 a\u00f1os<\/strong>\u00a0registr\u00f3 su mejor actuaci\u00f3n en el torneo local, en la pasada temporada, en la cual bate\u00f3 para promedio de .315, con\u00a0<strong>9 jonrones<\/strong> y 25 carreras empujadas, todas cifras topes en su carrera.<\/p>\n<p>Su actuaci\u00f3n fue limitada a\u00a0<strong>23 juegos<\/strong>, primero por una lesi\u00f3n en una pierna que lo sac\u00f3 de acci\u00f3n por un mes, y luego porque se march\u00f3 al b\u00e9isbol del Japon\u00e9s a jugar para los\u00a0<strong>Dragones de Chunichi<\/strong>.<\/p>\n<h2>Temporada caliente<\/h2>\n<p>En la concluida\u00a0<strong>temporada 2025-2026<\/strong>, San\u00f3 encabez\u00f3 a las Estrellas y a la liga con sus\u00a0<strong>9 cuadrangulares<\/strong>. Fue segundo en el equipo de la ense\u00f1a verde en carreras empujadas (25), apenas una menos que el l\u00edder, Rodolfo Castro (26); y fue primero en promedio de slugging (.663).<\/p>\n<ul class=\"list-text\">\n<li>La primera selecci\u00f3n de las Estrellas en el\u00a0<strong>Draft de Novatos 2012<\/strong>\u00a0(y primera selecci\u00f3n de todo el sorteo), San\u00f3 ha actuado en\u00a0<strong>seis temporadas<\/strong>\u00a0con las Estrellas y acumula\u00a0<strong>106 juegos<\/strong>\u00a0de Serie Regular, en los cuales batea .263, con 22 jonrones y 73 carreras empujadas.<\/li>\n<\/ul>\n<p>En las \u00faltimas dos temporadas, el nativo de San Pedro de Macor\u00eds sum\u00f3 42 partidos de Serie Regular, en los cuales dispar\u00f3\u00a0<strong>14 jonrones<\/strong>\u00a0y remolc\u00f3\u00a0<strong>39 carreras<\/strong>, constituy\u00e9ndose en uno de los bateadores m\u00e1s temidos del circuito.<\/p>\n","protected":false},"excerpt":{"rendered":"<p>Las\u00a0Estrellas Orientales\u00a0firmaron\u00a0por dos a\u00f1os al antesalista e inicialista\u00a0Miguel San\u00f3, con lo que el veterano pelotero evit\u00f3 ser\u00a0agente libre\u00a0con restricci\u00f3n a &#8230;<\/p>\n","protected":false},"author":2,"featured_media":210978,"comment_status":"closed","ping_status":"closed","sticky":false,"template":"","format":"standard","meta":{"footnotes":""},"categories":[28],"tags":[],"class_list":["post-210977","post","type-post","status-publish","format-standard","has-post-thumbnail","hentry","category-deportes"],"yoast_head":"<!-- This site is optimized with the Yoast SEO plugin v24.8.1 - https:\/\/yoast.com\/wordpress\/plugins\/seo\/ -->\n<title>Miguel San\u00f3 pacta con las Estrellas Orientales por dos temporadas - PotenciaRadiofonicaDominicana.com<\/title>\n<meta name=\"robots\" content=\"index, follow, max-snippet:-1, max-image-preview:large, max-video-preview:-1\" \/>\n<link rel=\"canonical\" href=\"https:\/\/potenciaradiofonicadominicana.com\/portal\/miguel-sano-pacta-con-las-estrellas-orientales-por-dos-temporadas\/\" \/>\n<meta property=\"og:locale\" content=\"es_ES\" \/>\n<meta property=\"og:type\" content=\"article\" \/>\n<meta property=\"og:title\" content=\"Miguel San\u00f3 pacta con las Estrellas Orientales por dos temporadas - PotenciaRadiofonicaDominicana.com\" \/>\n<meta property=\"og:description\" content=\"Las\u00a0Estrellas Orientales\u00a0firmaron\u00a0por dos a\u00f1os al antesalista e inicialista\u00a0Miguel San\u00f3, con lo que el veterano pelotero evit\u00f3 ser\u00a0agente libre\u00a0con restricci\u00f3n a ...\" \/>\n<meta property=\"og:url\" content=\"https:\/\/potenciaradiofonicadominicana.com\/portal\/miguel-sano-pacta-con-las-estrellas-orientales-por-dos-temporadas\/\" \/>\n<meta property=\"og:site_name\" content=\"PotenciaRadiofonicaDominicana.com\" \/>\n<meta property=\"article:publisher\" content=\"https:\/\/web.facebook.com\/PotenciaRadiofonicaD\" \/>\n<meta property=\"article:published_time\" content=\"2026-02-04T00:00:49+00:00\" \/>\n<meta property=\"og:image\" content=\"https:\/\/potenciaradiofonicadominicana.com\/portal\/wp-content\/uploads\/2026\/02\/SANO.webp\" \/>\n\t<meta property=\"og:image:width\" content=\"1200\" \/>\n\t<meta property=\"og:image:height\" content=\"800\" \/>\n\t<meta property=\"og:image:type\" content=\"image\/webp\" \/>\n<meta name=\"author\" content=\"Potencia Radiof\u00f3nica Dominicana\" \/>\n<meta name=\"twitter:card\" content=\"summary_large_image\" \/>\n<meta name=\"twitter:label1\" content=\"Escrito por\" \/>\n\t<meta name=\"twitter:data1\" content=\"Potencia Radiof\u00f3nica Dominicana\" \/>\n\t<meta name=\"twitter:label2\" content=\"Tiempo de lectura\" \/>\n\t<meta name=\"twitter:data2\" content=\"2 minutos\" \/>\n<script type=\"application\/ld+json\" class=\"yoast-schema-graph\">{\"@context\":\"https:\/\/schema.org\",\"@graph\":[{\"@type\":\"Article\",\"@id\":\"https:\/\/potenciaradiofonicadominicana.com\/portal\/miguel-sano-pacta-con-las-estrellas-orientales-por-dos-temporadas\/#article\",\"isPartOf\":{\"@id\":\"https:\/\/potenciaradiofonicadominicana.com\/portal\/miguel-sano-pacta-con-las-estrellas-orientales-por-dos-temporadas\/\"},\"author\":{\"name\":\"Potencia Radiof\u00f3nica Dominicana\",\"@id\":\"https:\/\/potenciaradiofonicadominicana.com\/portal\/#\/schema\/person\/a5cf1fea13877803ee0573ac18b03490\"},\"headline\":\"Miguel San\u00f3 pacta con las Estrellas Orientales por dos temporadas\",\"datePublished\":\"2026-02-04T00:00:49+00:00\",\"mainEntityOfPage\":{\"@id\":\"https:\/\/potenciaradiofonicadominicana.com\/portal\/miguel-sano-pacta-con-las-estrellas-orientales-por-dos-temporadas\/\"},\"wordCount\":312,\"publisher\":{\"@id\":\"https:\/\/potenciaradiofonicadominicana.com\/portal\/#organization\"},\"image\":{\"@id\":\"https:\/\/potenciaradiofonicadominicana.com\/portal\/miguel-sano-pacta-con-las-estrellas-orientales-por-dos-temporadas\/#primaryimage\"},\"thumbnailUrl\":\"https:\/\/potenciaradiofonicadominicana.com\/portal\/wp-content\/uploads\/2026\/02\/SANO.webp\",\"articleSection\":[\"Deportes\"],\"inLanguage\":\"es\"},{\"@type\":\"WebPage\",\"@id\":\"https:\/\/potenciaradiofonicadominicana.com\/portal\/miguel-sano-pacta-con-las-estrellas-orientales-por-dos-temporadas\/\",\"url\":\"https:\/\/potenciaradiofonicadominicana.com\/portal\/miguel-sano-pacta-con-las-estrellas-orientales-por-dos-temporadas\/\",\"name\":\"Miguel San\u00f3 pacta con las Estrellas Orientales por dos temporadas - PotenciaRadiofonicaDominicana.com\",\"isPartOf\":{\"@id\":\"https:\/\/potenciaradiofonicadominicana.com\/portal\/#website\"},\"primaryImageOfPage\":{\"@id\":\"https:\/\/potenciaradiofonicadominicana.com\/portal\/miguel-sano-pacta-con-las-estrellas-orientales-por-dos-temporadas\/#primaryimage\"},\"image\":{\"@id\":\"https:\/\/potenciaradiofonicadominicana.com\/portal\/miguel-sano-pacta-con-las-estrellas-orientales-por-dos-temporadas\/#primaryimage\"},\"thumbnailUrl\":\"https:\/\/potenciaradiofonicadominicana.com\/portal\/wp-content\/uploads\/2026\/02\/SANO.webp\",\"datePublished\":\"2026-02-04T00:00:49+00:00\",\"breadcrumb\":{\"@id\":\"https:\/\/potenciaradiofonicadominicana.com\/portal\/miguel-sano-pacta-con-las-estrellas-orientales-por-dos-temporadas\/#breadcrumb\"},\"inLanguage\":\"es\",\"potentialAction\":[{\"@type\":\"ReadAction\",\"target\":[\"https:\/\/potenciaradiofonicadominicana.com\/portal\/miguel-sano-pacta-con-las-estrellas-orientales-por-dos-temporadas\/\"]}]},{\"@type\":\"ImageObject\",\"inLanguage\":\"es\",\"@id\":\"https:\/\/potenciaradiofonicadominicana.com\/portal\/miguel-sano-pacta-con-las-estrellas-orientales-por-dos-temporadas\/#primaryimage\",\"url\":\"https:\/\/potenciaradiofonicadominicana.com\/portal\/wp-content\/uploads\/2026\/02\/SANO.webp\",\"contentUrl\":\"https:\/\/potenciaradiofonicadominicana.com\/portal\/wp-content\/uploads\/2026\/02\/SANO.webp\",\"width\":1200,\"height\":800},{\"@type\":\"BreadcrumbList\",\"@id\":\"https:\/\/potenciaradiofonicadominicana.com\/portal\/miguel-sano-pacta-con-las-estrellas-orientales-por-dos-temporadas\/#breadcrumb\",\"itemListElement\":[{\"@type\":\"ListItem\",\"position\":1,\"name\":\"Portada\",\"item\":\"https:\/\/potenciaradiofonicadominicana.com\/portal\/\"},{\"@type\":\"ListItem\",\"position\":2,\"name\":\"Miguel San\u00f3 pacta con las Estrellas Orientales por dos temporadas\"}]},{\"@type\":\"WebSite\",\"@id\":\"https:\/\/potenciaradiofonicadominicana.com\/portal\/#website\",\"url\":\"https:\/\/potenciaradiofonicadominicana.com\/portal\/\",\"name\":\"PotenciaRadiofonicaDominicana.com\",\"description\":\"Peri\u00f3dico Digital\",\"publisher\":{\"@id\":\"https:\/\/potenciaradiofonicadominicana.com\/portal\/#organization\"},\"potentialAction\":[{\"@type\":\"SearchAction\",\"target\":{\"@type\":\"EntryPoint\",\"urlTemplate\":\"https:\/\/potenciaradiofonicadominicana.com\/portal\/?s={search_term_string}\"},\"query-input\":{\"@type\":\"PropertyValueSpecification\",\"valueRequired\":true,\"valueName\":\"search_term_string\"}}],\"inLanguage\":\"es\"},{\"@type\":\"Organization\",\"@id\":\"https:\/\/potenciaradiofonicadominicana.com\/portal\/#organization\",\"name\":\"PotenciaRadiofonicaDominicana.com\",\"url\":\"https:\/\/potenciaradiofonicadominicana.com\/portal\/\",\"logo\":{\"@type\":\"ImageObject\",\"inLanguage\":\"es\",\"@id\":\"https:\/\/potenciaradiofonicadominicana.com\/portal\/#\/schema\/logo\/image\/\",\"url\":\"https:\/\/potenciaradiofonicadominicana.com\/portal\/wp-content\/uploads\/2022\/01\/descarga.png\",\"contentUrl\":\"https:\/\/potenciaradiofonicadominicana.com\/portal\/wp-content\/uploads\/2022\/01\/descarga.png\",\"width\":300,\"height\":100,\"caption\":\"PotenciaRadiofonicaDominicana.com\"},\"image\":{\"@id\":\"https:\/\/potenciaradiofonicadominicana.com\/portal\/#\/schema\/logo\/image\/\"},\"sameAs\":[\"https:\/\/web.facebook.com\/PotenciaRadiofonicaD\"]},{\"@type\":\"Person\",\"@id\":\"https:\/\/potenciaradiofonicadominicana.com\/portal\/#\/schema\/person\/a5cf1fea13877803ee0573ac18b03490\",\"name\":\"Potencia Radiof\u00f3nica Dominicana\",\"image\":{\"@type\":\"ImageObject\",\"inLanguage\":\"es\",\"@id\":\"https:\/\/potenciaradiofonicadominicana.com\/portal\/#\/schema\/person\/image\/\",\"url\":\"https:\/\/secure.gravatar.com\/avatar\/42a55ab9e8ccc656ba34cd791990602a?s=96&d=mm&r=g\",\"contentUrl\":\"https:\/\/secure.gravatar.com\/avatar\/42a55ab9e8ccc656ba34cd791990602a?s=96&d=mm&r=g\",\"caption\":\"Potencia Radiof\u00f3nica Dominicana\"},\"url\":\"https:\/\/potenciaradiofonicadominicana.com\/portal\/author\/johannyalmanzar\/\"}]}<\/script>\n<!-- \/ Yoast SEO plugin. -->","yoast_head_json":{"title":"Miguel San\u00f3 pacta con las Estrellas Orientales por dos temporadas - PotenciaRadiofonicaDominicana.com","robots":{"index":"index","follow":"follow","max-snippet":"max-snippet:-1","max-image-preview":"max-image-preview:large","max-video-preview":"max-video-preview:-1"},"canonical":"https:\/\/potenciaradiofonicadominicana.com\/portal\/miguel-sano-pacta-con-las-estrellas-orientales-por-dos-temporadas\/","og_locale":"es_ES","og_type":"article","og_title":"Miguel San\u00f3 pacta con las Estrellas Orientales por dos temporadas - PotenciaRadiofonicaDominicana.com","og_description":"Las\u00a0Estrellas Orientales\u00a0firmaron\u00a0por dos a\u00f1os al antesalista e inicialista\u00a0Miguel San\u00f3, con lo que el veterano pelotero evit\u00f3 ser\u00a0agente libre\u00a0con restricci\u00f3n a ...","og_url":"https:\/\/potenciaradiofonicadominicana.com\/portal\/miguel-sano-pacta-con-las-estrellas-orientales-por-dos-temporadas\/","og_site_name":"PotenciaRadiofonicaDominicana.com","article_publisher":"https:\/\/web.facebook.com\/PotenciaRadiofonicaD","article_published_time":"2026-02-04T00:00:49+00:00","og_image":[{"width":1200,"height":800,"url":"https:\/\/potenciaradiofonicadominicana.com\/portal\/wp-content\/uploads\/2026\/02\/SANO.webp","type":"image\/webp"}],"author":"Potencia Radiof\u00f3nica Dominicana","twitter_card":"summary_large_image","twitter_misc":{"Escrito por":"Potencia Radiof\u00f3nica Dominicana","Tiempo de lectura":"2 minutos"},"schema":{"@context":"https:\/\/schema.org","@graph":[{"@type":"Article","@id":"https:\/\/potenciaradiofonicadominicana.com\/portal\/miguel-sano-pacta-con-las-estrellas-orientales-por-dos-temporadas\/#article","isPartOf":{"@id":"https:\/\/potenciaradiofonicadominicana.com\/portal\/miguel-sano-pacta-con-las-estrellas-orientales-por-dos-temporadas\/"},"author":{"name":"Potencia Radiof\u00f3nica Dominicana","@id":"https:\/\/potenciaradiofonicadominicana.com\/portal\/#\/schema\/person\/a5cf1fea13877803ee0573ac18b03490"},"headline":"Miguel San\u00f3 pacta con las Estrellas Orientales por dos temporadas","datePublished":"2026-02-04T00:00:49+00:00","mainEntityOfPage":{"@id":"https:\/\/potenciaradiofonicadominicana.com\/portal\/miguel-sano-pacta-con-las-estrellas-orientales-por-dos-temporadas\/"},"wordCount":312,"publisher":{"@id":"https:\/\/potenciaradiofonicadominicana.com\/portal\/#organization"},"image":{"@id":"https:\/\/potenciaradiofonicadominicana.com\/portal\/miguel-sano-pacta-con-las-estrellas-orientales-por-dos-temporadas\/#primaryimage"},"thumbnailUrl":"https:\/\/potenciaradiofonicadominicana.com\/portal\/wp-content\/uploads\/2026\/02\/SANO.webp","articleSection":["Deportes"],"inLanguage":"es"},{"@type":"WebPage","@id":"https:\/\/potenciaradiofonicadominicana.com\/portal\/miguel-sano-pacta-con-las-estrellas-orientales-por-dos-temporadas\/","url":"https:\/\/potenciaradiofonicadominicana.com\/portal\/miguel-sano-pacta-con-las-estrellas-orientales-por-dos-temporadas\/","name":"Miguel San\u00f3 pacta con las Estrellas Orientales por dos temporadas - PotenciaRadiofonicaDominicana.com","isPartOf":{"@id":"https:\/\/potenciaradiofonicadominicana.com\/portal\/#website"},"primaryImageOfPage":{"@id":"https:\/\/potenciaradiofonicadominicana.com\/portal\/miguel-sano-pacta-con-las-estrellas-orientales-por-dos-temporadas\/#primaryimage"},"image":{"@id":"https:\/\/potenciaradiofonicadominicana.com\/portal\/miguel-sano-pacta-con-las-estrellas-orientales-por-dos-temporadas\/#primaryimage"},"thumbnailUrl":"https:\/\/potenciaradiofonicadominicana.com\/portal\/wp-content\/uploads\/2026\/02\/SANO.webp","datePublished":"2026-02-04T00:00:49+00:00","breadcrumb":{"@id":"https:\/\/potenciaradiofonicadominicana.com\/portal\/miguel-sano-pacta-con-las-estrellas-orientales-por-dos-temporadas\/#breadcrumb"},"inLanguage":"es","potentialAction":[{"@type":"ReadAction","target":["https:\/\/potenciaradiofonicadominicana.com\/portal\/miguel-sano-pacta-con-las-estrellas-orientales-por-dos-temporadas\/"]}]},{"@type":"ImageObject","inLanguage":"es","@id":"https:\/\/potenciaradiofonicadominicana.com\/portal\/miguel-sano-pacta-con-las-estrellas-orientales-por-dos-temporadas\/#primaryimage","url":"https:\/\/potenciaradiofonicadominicana.com\/portal\/wp-content\/uploads\/2026\/02\/SANO.webp","contentUrl":"https:\/\/potenciaradiofonicadominicana.com\/portal\/wp-content\/uploads\/2026\/02\/SANO.webp","width":1200,"height":800},{"@type":"BreadcrumbList","@id":"https:\/\/potenciaradiofonicadominicana.com\/portal\/miguel-sano-pacta-con-las-estrellas-orientales-por-dos-temporadas\/#breadcrumb","itemListElement":[{"@type":"ListItem","position":1,"name":"Portada","item":"https:\/\/potenciaradiofonicadominicana.com\/portal\/"},{"@type":"ListItem","position":2,"name":"Miguel San\u00f3 pacta con las Estrellas Orientales por dos temporadas"}]},{"@type":"WebSite","@id":"https:\/\/potenciaradiofonicadominicana.com\/portal\/#website","url":"https:\/\/potenciaradiofonicadominicana.com\/portal\/","name":"PotenciaRadiofonicaDominicana.com","description":"Peri\u00f3dico Digital","publisher":{"@id":"https:\/\/potenciaradiofonicadominicana.com\/portal\/#organization"},"potentialAction":[{"@type":"SearchAction","target":{"@type":"EntryPoint","urlTemplate":"https:\/\/potenciaradiofonicadominicana.com\/portal\/?s={search_term_string}"},"query-input":{"@type":"PropertyValueSpecification","valueRequired":true,"valueName":"search_term_string"}}],"inLanguage":"es"},{"@type":"Organization","@id":"https:\/\/potenciaradiofonicadominicana.com\/portal\/#organization","name":"PotenciaRadiofonicaDominicana.com","url":"https:\/\/potenciaradiofonicadominicana.com\/portal\/","logo":{"@type":"ImageObject","inLanguage":"es","@id":"https:\/\/potenciaradiofonicadominicana.com\/portal\/#\/schema\/logo\/image\/","url":"https:\/\/potenciaradiofonicadominicana.com\/portal\/wp-content\/uploads\/2022\/01\/descarga.png","contentUrl":"https:\/\/potenciaradiofonicadominicana.com\/portal\/wp-content\/uploads\/2022\/01\/descarga.png","width":300,"height":100,"caption":"PotenciaRadiofonicaDominicana.com"},"image":{"@id":"https:\/\/potenciaradiofonicadominicana.com\/portal\/#\/schema\/logo\/image\/"},"sameAs":["https:\/\/web.facebook.com\/PotenciaRadiofonicaD"]},{"@type":"Person","@id":"https:\/\/potenciaradiofonicadominicana.com\/portal\/#\/schema\/person\/a5cf1fea13877803ee0573ac18b03490","name":"Potencia Radiof\u00f3nica Dominicana","image":{"@type":"ImageObject","inLanguage":"es","@id":"https:\/\/potenciaradiofonicadominicana.com\/portal\/#\/schema\/person\/image\/","url":"https:\/\/secure.gravatar.com\/avatar\/42a55ab9e8ccc656ba34cd791990602a?s=96&d=mm&r=g","contentUrl":"https:\/\/secure.gravatar.com\/avatar\/42a55ab9e8ccc656ba34cd791990602a?s=96&d=mm&r=g","caption":"Potencia Radiof\u00f3nica Dominicana"},"url":"https:\/\/potenciaradiofonicadominicana.com\/portal\/author\/johannyalmanzar\/"}]}},"_links":{"self":[{"href":"https:\/\/potenciaradiofonicadominicana.com\/portal\/wp-json\/wp\/v2\/posts\/210977","targetHints":{"allow":["GET"]}}],"collection":[{"href":"https:\/\/potenciaradiofonicadominicana.com\/portal\/wp-json\/wp\/v2\/posts"}],"about":[{"href":"https:\/\/potenciaradiofonicadominicana.com\/portal\/wp-json\/wp\/v2\/types\/post"}],"author":[{"embeddable":true,"href":"https:\/\/potenciaradiofonicadominicana.com\/portal\/wp-json\/wp\/v2\/users\/2"}],"replies":[{"embeddable":true,"href":"https:\/\/potenciaradiofonicadominicana.com\/portal\/wp-json\/wp\/v2\/comments?post=210977"}],"version-history":[{"count":1,"href":"https:\/\/potenciaradiofonicadominicana.com\/portal\/wp-json\/wp\/v2\/posts\/210977\/revisions"}],"predecessor-version":[{"id":210979,"href":"https:\/\/potenciaradiofonicadominicana.com\/portal\/wp-json\/wp\/v2\/posts\/210977\/revisions\/210979"}],"wp:featuredmedia":[{"embeddable":true,"href":"https:\/\/potenciaradiofonicadominicana.com\/portal\/wp-json\/wp\/v2\/media\/210978"}],"wp:attachment":[{"href":"https:\/\/potenciaradiofonicadominicana.com\/portal\/wp-json\/wp\/v2\/media?parent=210977"}],"wp:term":[{"taxonomy":"category","embeddable":true,"href":"https:\/\/potenciaradiofonicadominicana.com\/portal\/wp-json\/wp\/v2\/categories?post=210977"},{"taxonomy":"post_tag","embeddable":true,"href":"https:\/\/potenciaradiofonicadominicana.com\/portal\/wp-json\/wp\/v2\/tags?post=210977"}],"curies":[{"name":"wp","href":"https:\/\/api.w.org\/{rel}","templated":true}]}}