{"id":210971,"date":"2026-02-03T19:56:36","date_gmt":"2026-02-03T23:56:36","guid":{"rendered":"https:\/\/potenciaradiofonicadominicana.com\/portal\/?p=210971"},"modified":"2026-02-03T19:56:36","modified_gmt":"2026-02-03T23:56:36","slug":"mexico-albergara-el-mundial-u15-de-beisbol-en-merida-yucatan","status":"publish","type":"post","link":"https:\/\/potenciaradiofonicadominicana.com\/portal\/mexico-albergara-el-mundial-u15-de-beisbol-en-merida-yucatan\/","title":{"rendered":"M\u00e9xico albergar\u00e1 el Mundial U15 de B\u00e9isbol en M\u00e9rida, Yucat\u00e1n"},"content":{"rendered":"<p><a href=\"https:\/\/potenciaradiofonicadominicana.com\/portal\/wp-content\/uploads\/2026\/02\/WhatsApp-Image-2025-09-06-at-12.36.49-PM.webp\"><img loading=\"lazy\" decoding=\"async\" class=\"alignnone size-full wp-image-210972\" src=\"https:\/\/potenciaradiofonicadominicana.com\/portal\/wp-content\/uploads\/2026\/02\/WhatsApp-Image-2025-09-06-at-12.36.49-PM.webp\" alt=\"\" width=\"1620\" height=\"1080\" srcset=\"https:\/\/potenciaradiofonicadominicana.com\/portal\/wp-content\/uploads\/2026\/02\/WhatsApp-Image-2025-09-06-at-12.36.49-PM.webp 1620w, https:\/\/potenciaradiofonicadominicana.com\/portal\/wp-content\/uploads\/2026\/02\/WhatsApp-Image-2025-09-06-at-12.36.49-PM-300x200.webp 300w, https:\/\/potenciaradiofonicadominicana.com\/portal\/wp-content\/uploads\/2026\/02\/WhatsApp-Image-2025-09-06-at-12.36.49-PM-1024x683.webp 1024w, https:\/\/potenciaradiofonicadominicana.com\/portal\/wp-content\/uploads\/2026\/02\/WhatsApp-Image-2025-09-06-at-12.36.49-PM-768x512.webp 768w, https:\/\/potenciaradiofonicadominicana.com\/portal\/wp-content\/uploads\/2026\/02\/WhatsApp-Image-2025-09-06-at-12.36.49-PM-1536x1024.webp 1536w\" sizes=\"auto, (max-width: 1620px) 100vw, 1620px\" \/><\/a><\/p>\n<p>La capital de Yucat\u00e1n, que alberg\u00f3 la primera edici\u00f3n de la Liga de Campeones de B\u00e9isbol de las Am\u00e9ricas en 2023, ser\u00e1 la sede del evento del 25 de septiembre al 4 de octubre.<\/p>\n<p><strong>La Confederaci\u00f3n Mundial de B\u00e9isbol y Softbol (WBSC) anunci\u00f3 que Merida, capital del estado de Yucat\u00e1n en M\u00e9xico, ser\u00e1 la nueva sede de la Copa Mundial de B\u00e9isbol Sub-15 WBSC 2026 del 25 de septiembre al 4 de octubre.<\/strong><\/p>\n<div class=\"banner-contenido\">\n<div class=\"panorama_ads\"><\/div>\n<\/div>\n<p>El Parque Kukulc\u00e1n \u00c1lamo, sede de los Leones de Yucat\u00e1n de la Liga Mexicana de B\u00e9isbol (LMB), sede de la primera edici\u00f3n de la Liga de Campeones de B\u00e9isbol de las Am\u00e9ricas en M\u00e9rida en 2023, ser\u00e1 la sede principal. El estadio se inaugur\u00f3 en 1982 y fue renovado en 2015. Tiene capacidad para aproximadamente 15.000 aficionados. La segunda sede est\u00e1 por confirmar.<\/p>\n<p><strong>M\u00e9xico reemplaza a Italia como pa\u00eds anfitri\u00f3n luego de que la Federaci\u00f3n Italiana de B\u00e9isbol y Softbol renunciara a sus derechos, habiendo sido originalmente otorgados en 2024.<\/strong><\/p>\n<p>Riccardo Fraccari, presidente de la Confederaci\u00f3n Mundial de B\u00e9isbol y Softbol, declar\u00f3: \u00abEstamos encantados de llevar la Copa Mundial de B\u00e9isbol Sub-15 de la WBSC a M\u00e9xico, una naci\u00f3n que demuestra constantemente su capacidad para albergar eventos internacionales de primer nivel\u00bb. \u00abM\u00e9rida cuenta con unas instalaciones excepcionales, un equipo organizador con gran experiencia y una cultura deportiva muy viva, lo que proporciona el entorno perfecto para que los j\u00f3venes atletas persigan su sue\u00f1o de alcanzar la gloria en el campeonato mundial. Este torneo representa nuestro compromiso fundamental con el desarrollo global del b\u00e9isbol y con ofrecer a la pr\u00f3xima generaci\u00f3n una experiencia deportiva inolvidable de talla mundial\u00bb.<\/p>\n<p><strong>\u201cQue M\u00e9rida sea sede de una Copa Mundial Sub-15 es una gran noticia para el beisbol mexicano. Es una ciudad con experiencia, infraestructura y una gran afici\u00f3n al deporte. Este tipo de eventos permiten que m\u00e1s ni\u00f1as, ni\u00f1os y j\u00f3venes se acerquen a esta disciplina y a los deportes, que sue\u00f1en en grande y vean que en M\u00e9xico tenemos la capacidad de recibir competencias del m\u00e1s alto nivel\u201d, se\u00f1al\u00f3 el director general de la Comisi\u00f3n Nacional de Cultura F\u00edsica y Deporte (CONADE), Rommel Pacheco.<\/strong><\/p>\n<p>La Copa Mundial de B\u00e9isbol Sub-15 WBSC se inaugur\u00f3 en 2012 en Chihuahua, M\u00e9xico, y regres\u00f3 al pa\u00eds en 2014 (Mazatl\u00e1n) y 2022 (Hermosillo). Sucedi\u00f3 al Campeonato Mundial de B\u00e9isbol Juvenil WBSC, una competici\u00f3n sub-16, inaugurada en 1989 y que disput\u00f3 13 ediciones hasta 2011.<\/p>\n<p><strong>Jap\u00f3n, el n\u00ba uno del mundo, es el campe\u00f3n defensor despu\u00e9s de derrotar a Puerto Rico en la final del Campeonato Mundial para ganar la edici\u00f3n de 2024 en Barranquilla, Colombia.<\/strong><\/p>\n<p><strong>Equipos Participantes:<\/strong><\/p>\n<p>El\u00a0<strong>n.\u00b0 6 del mundo, M\u00e9xico<\/strong>, se gan\u00f3 el derecho a participar como pa\u00eds anfitri\u00f3n.<\/p>\n<p>El\u00a0<strong>n.\u00b0 18, Alemania<\/strong>, y el\u00a0<strong>n.\u00b0 16, Chequia,<\/strong>\u00a0se clasificaron a trav\u00e9s del Campeonato Europeo Sub-15.<\/p>\n<p>El\u00a0<strong>n.\u00b0 2, Chinese Taip\u00e9i,<\/strong>\u00a0y el\u00a0<strong>n.\u00b0 1, Jap\u00f3n<\/strong>, se clasificaron a trav\u00e9s del XII Campeonato Asi\u00e1tico Sub-15 BFA.<\/p>\n<p>El\u00a0<strong>n\u00ba 5 Venezuela<\/strong>\u00a0gan\u00f3 el Torneo Clasificatorio Sudamericano.<\/p>\n<p>El n\u00ba 9 Cuba y el<strong>\u00a0n\u00ba 12 Rep\u00fablica Dominicana\u00a0<\/strong>clasificaron en el WBSC Americas Torneo Clasificatorio del Caribe de las Am\u00e9ricas WBSC.<\/p>\n<p>El\u00a0<strong>n.\u00b0 3, Estados Unidos<\/strong>\u00a0y el\u00a0<strong>n\u00ba 16 Nicaragua<\/strong>\u00a0clasificaron en el Torneo Clasificatorio de Am\u00e9rica Central y del Norte.<\/p>\n<p>El\u00a0<strong>n.\u00b0 11, Australia<\/strong>, gan\u00f3 el Torneo Clasificatorio de Ocean\u00eda.<\/p>\n<p>El\u00a0<strong>n.\u00b0 23, Sud\u00e1frica<\/strong>, gan\u00f3 el Torneo Clasificatorio de \u00c1frica.<\/p>\n","protected":false},"excerpt":{"rendered":"<p>La capital de Yucat\u00e1n, que alberg\u00f3 la primera edici\u00f3n de la Liga de Campeones de B\u00e9isbol de las Am\u00e9ricas en &#8230;<\/p>\n","protected":false},"author":2,"featured_media":210972,"comment_status":"closed","ping_status":"closed","sticky":false,"template":"","format":"standard","meta":{"footnotes":""},"categories":[28],"tags":[],"class_list":["post-210971","post","type-post","status-publish","format-standard","has-post-thumbnail","hentry","category-deportes"],"yoast_head":"<!-- This site is optimized with the Yoast SEO plugin v24.8.1 - https:\/\/yoast.com\/wordpress\/plugins\/seo\/ -->\n<title>M\u00e9xico albergar\u00e1 el Mundial U15 de B\u00e9isbol en M\u00e9rida, Yucat\u00e1n - PotenciaRadiofonicaDominicana.com<\/title>\n<meta name=\"robots\" content=\"index, follow, max-snippet:-1, max-image-preview:large, max-video-preview:-1\" \/>\n<link rel=\"canonical\" href=\"https:\/\/potenciaradiofonicadominicana.com\/portal\/mexico-albergara-el-mundial-u15-de-beisbol-en-merida-yucatan\/\" \/>\n<meta property=\"og:locale\" content=\"es_ES\" \/>\n<meta property=\"og:type\" content=\"article\" \/>\n<meta property=\"og:title\" content=\"M\u00e9xico albergar\u00e1 el Mundial U15 de B\u00e9isbol en M\u00e9rida, Yucat\u00e1n - PotenciaRadiofonicaDominicana.com\" \/>\n<meta property=\"og:description\" content=\"La capital de Yucat\u00e1n, que alberg\u00f3 la primera edici\u00f3n de la Liga de Campeones de B\u00e9isbol de las Am\u00e9ricas en ...\" \/>\n<meta property=\"og:url\" content=\"https:\/\/potenciaradiofonicadominicana.com\/portal\/mexico-albergara-el-mundial-u15-de-beisbol-en-merida-yucatan\/\" \/>\n<meta property=\"og:site_name\" content=\"PotenciaRadiofonicaDominicana.com\" \/>\n<meta property=\"article:publisher\" content=\"https:\/\/web.facebook.com\/PotenciaRadiofonicaD\" \/>\n<meta property=\"article:published_time\" content=\"2026-02-03T23:56:36+00:00\" \/>\n<meta property=\"og:image\" content=\"https:\/\/potenciaradiofonicadominicana.com\/portal\/wp-content\/uploads\/2026\/02\/WhatsApp-Image-2025-09-06-at-12.36.49-PM.webp\" \/>\n\t<meta property=\"og:image:width\" content=\"1620\" \/>\n\t<meta property=\"og:image:height\" content=\"1080\" \/>\n\t<meta property=\"og:image:type\" content=\"image\/webp\" \/>\n<meta name=\"author\" content=\"Potencia Radiof\u00f3nica Dominicana\" \/>\n<meta name=\"twitter:card\" content=\"summary_large_image\" \/>\n<meta name=\"twitter:label1\" content=\"Escrito por\" \/>\n\t<meta name=\"twitter:data1\" content=\"Potencia Radiof\u00f3nica Dominicana\" \/>\n\t<meta name=\"twitter:label2\" content=\"Tiempo de lectura\" \/>\n\t<meta name=\"twitter:data2\" content=\"3 minutos\" \/>\n<script type=\"application\/ld+json\" class=\"yoast-schema-graph\">{\"@context\":\"https:\/\/schema.org\",\"@graph\":[{\"@type\":\"Article\",\"@id\":\"https:\/\/potenciaradiofonicadominicana.com\/portal\/mexico-albergara-el-mundial-u15-de-beisbol-en-merida-yucatan\/#article\",\"isPartOf\":{\"@id\":\"https:\/\/potenciaradiofonicadominicana.com\/portal\/mexico-albergara-el-mundial-u15-de-beisbol-en-merida-yucatan\/\"},\"author\":{\"name\":\"Potencia Radiof\u00f3nica Dominicana\",\"@id\":\"https:\/\/potenciaradiofonicadominicana.com\/portal\/#\/schema\/person\/a5cf1fea13877803ee0573ac18b03490\"},\"headline\":\"M\u00e9xico albergar\u00e1 el Mundial U15 de B\u00e9isbol en M\u00e9rida, Yucat\u00e1n\",\"datePublished\":\"2026-02-03T23:56:36+00:00\",\"mainEntityOfPage\":{\"@id\":\"https:\/\/potenciaradiofonicadominicana.com\/portal\/mexico-albergara-el-mundial-u15-de-beisbol-en-merida-yucatan\/\"},\"wordCount\":608,\"publisher\":{\"@id\":\"https:\/\/potenciaradiofonicadominicana.com\/portal\/#organization\"},\"image\":{\"@id\":\"https:\/\/potenciaradiofonicadominicana.com\/portal\/mexico-albergara-el-mundial-u15-de-beisbol-en-merida-yucatan\/#primaryimage\"},\"thumbnailUrl\":\"https:\/\/potenciaradiofonicadominicana.com\/portal\/wp-content\/uploads\/2026\/02\/WhatsApp-Image-2025-09-06-at-12.36.49-PM.webp\",\"articleSection\":[\"Deportes\"],\"inLanguage\":\"es\"},{\"@type\":\"WebPage\",\"@id\":\"https:\/\/potenciaradiofonicadominicana.com\/portal\/mexico-albergara-el-mundial-u15-de-beisbol-en-merida-yucatan\/\",\"url\":\"https:\/\/potenciaradiofonicadominicana.com\/portal\/mexico-albergara-el-mundial-u15-de-beisbol-en-merida-yucatan\/\",\"name\":\"M\u00e9xico albergar\u00e1 el Mundial U15 de B\u00e9isbol en M\u00e9rida, Yucat\u00e1n - PotenciaRadiofonicaDominicana.com\",\"isPartOf\":{\"@id\":\"https:\/\/potenciaradiofonicadominicana.com\/portal\/#website\"},\"primaryImageOfPage\":{\"@id\":\"https:\/\/potenciaradiofonicadominicana.com\/portal\/mexico-albergara-el-mundial-u15-de-beisbol-en-merida-yucatan\/#primaryimage\"},\"image\":{\"@id\":\"https:\/\/potenciaradiofonicadominicana.com\/portal\/mexico-albergara-el-mundial-u15-de-beisbol-en-merida-yucatan\/#primaryimage\"},\"thumbnailUrl\":\"https:\/\/potenciaradiofonicadominicana.com\/portal\/wp-content\/uploads\/2026\/02\/WhatsApp-Image-2025-09-06-at-12.36.49-PM.webp\",\"datePublished\":\"2026-02-03T23:56:36+00:00\",\"breadcrumb\":{\"@id\":\"https:\/\/potenciaradiofonicadominicana.com\/portal\/mexico-albergara-el-mundial-u15-de-beisbol-en-merida-yucatan\/#breadcrumb\"},\"inLanguage\":\"es\",\"potentialAction\":[{\"@type\":\"ReadAction\",\"target\":[\"https:\/\/potenciaradiofonicadominicana.com\/portal\/mexico-albergara-el-mundial-u15-de-beisbol-en-merida-yucatan\/\"]}]},{\"@type\":\"ImageObject\",\"inLanguage\":\"es\",\"@id\":\"https:\/\/potenciaradiofonicadominicana.com\/portal\/mexico-albergara-el-mundial-u15-de-beisbol-en-merida-yucatan\/#primaryimage\",\"url\":\"https:\/\/potenciaradiofonicadominicana.com\/portal\/wp-content\/uploads\/2026\/02\/WhatsApp-Image-2025-09-06-at-12.36.49-PM.webp\",\"contentUrl\":\"https:\/\/potenciaradiofonicadominicana.com\/portal\/wp-content\/uploads\/2026\/02\/WhatsApp-Image-2025-09-06-at-12.36.49-PM.webp\",\"width\":1620,\"height\":1080},{\"@type\":\"BreadcrumbList\",\"@id\":\"https:\/\/potenciaradiofonicadominicana.com\/portal\/mexico-albergara-el-mundial-u15-de-beisbol-en-merida-yucatan\/#breadcrumb\",\"itemListElement\":[{\"@type\":\"ListItem\",\"position\":1,\"name\":\"Portada\",\"item\":\"https:\/\/potenciaradiofonicadominicana.com\/portal\/\"},{\"@type\":\"ListItem\",\"position\":2,\"name\":\"M\u00e9xico albergar\u00e1 el Mundial U15 de B\u00e9isbol en M\u00e9rida, Yucat\u00e1n\"}]},{\"@type\":\"WebSite\",\"@id\":\"https:\/\/potenciaradiofonicadominicana.com\/portal\/#website\",\"url\":\"https:\/\/potenciaradiofonicadominicana.com\/portal\/\",\"name\":\"PotenciaRadiofonicaDominicana.com\",\"description\":\"Peri\u00f3dico Digital\",\"publisher\":{\"@id\":\"https:\/\/potenciaradiofonicadominicana.com\/portal\/#organization\"},\"potentialAction\":[{\"@type\":\"SearchAction\",\"target\":{\"@type\":\"EntryPoint\",\"urlTemplate\":\"https:\/\/potenciaradiofonicadominicana.com\/portal\/?s={search_term_string}\"},\"query-input\":{\"@type\":\"PropertyValueSpecification\",\"valueRequired\":true,\"valueName\":\"search_term_string\"}}],\"inLanguage\":\"es\"},{\"@type\":\"Organization\",\"@id\":\"https:\/\/potenciaradiofonicadominicana.com\/portal\/#organization\",\"name\":\"PotenciaRadiofonicaDominicana.com\",\"url\":\"https:\/\/potenciaradiofonicadominicana.com\/portal\/\",\"logo\":{\"@type\":\"ImageObject\",\"inLanguage\":\"es\",\"@id\":\"https:\/\/potenciaradiofonicadominicana.com\/portal\/#\/schema\/logo\/image\/\",\"url\":\"https:\/\/potenciaradiofonicadominicana.com\/portal\/wp-content\/uploads\/2022\/01\/descarga.png\",\"contentUrl\":\"https:\/\/potenciaradiofonicadominicana.com\/portal\/wp-content\/uploads\/2022\/01\/descarga.png\",\"width\":300,\"height\":100,\"caption\":\"PotenciaRadiofonicaDominicana.com\"},\"image\":{\"@id\":\"https:\/\/potenciaradiofonicadominicana.com\/portal\/#\/schema\/logo\/image\/\"},\"sameAs\":[\"https:\/\/web.facebook.com\/PotenciaRadiofonicaD\"]},{\"@type\":\"Person\",\"@id\":\"https:\/\/potenciaradiofonicadominicana.com\/portal\/#\/schema\/person\/a5cf1fea13877803ee0573ac18b03490\",\"name\":\"Potencia Radiof\u00f3nica Dominicana\",\"image\":{\"@type\":\"ImageObject\",\"inLanguage\":\"es\",\"@id\":\"https:\/\/potenciaradiofonicadominicana.com\/portal\/#\/schema\/person\/image\/\",\"url\":\"https:\/\/secure.gravatar.com\/avatar\/42a55ab9e8ccc656ba34cd791990602a?s=96&d=mm&r=g\",\"contentUrl\":\"https:\/\/secure.gravatar.com\/avatar\/42a55ab9e8ccc656ba34cd791990602a?s=96&d=mm&r=g\",\"caption\":\"Potencia Radiof\u00f3nica Dominicana\"},\"url\":\"https:\/\/potenciaradiofonicadominicana.com\/portal\/author\/johannyalmanzar\/\"}]}<\/script>\n<!-- \/ Yoast SEO plugin. -->","yoast_head_json":{"title":"M\u00e9xico albergar\u00e1 el Mundial U15 de B\u00e9isbol en M\u00e9rida, Yucat\u00e1n - PotenciaRadiofonicaDominicana.com","robots":{"index":"index","follow":"follow","max-snippet":"max-snippet:-1","max-image-preview":"max-image-preview:large","max-video-preview":"max-video-preview:-1"},"canonical":"https:\/\/potenciaradiofonicadominicana.com\/portal\/mexico-albergara-el-mundial-u15-de-beisbol-en-merida-yucatan\/","og_locale":"es_ES","og_type":"article","og_title":"M\u00e9xico albergar\u00e1 el Mundial U15 de B\u00e9isbol en M\u00e9rida, Yucat\u00e1n - PotenciaRadiofonicaDominicana.com","og_description":"La capital de Yucat\u00e1n, que alberg\u00f3 la primera edici\u00f3n de la Liga de Campeones de B\u00e9isbol de las Am\u00e9ricas en ...","og_url":"https:\/\/potenciaradiofonicadominicana.com\/portal\/mexico-albergara-el-mundial-u15-de-beisbol-en-merida-yucatan\/","og_site_name":"PotenciaRadiofonicaDominicana.com","article_publisher":"https:\/\/web.facebook.com\/PotenciaRadiofonicaD","article_published_time":"2026-02-03T23:56:36+00:00","og_image":[{"width":1620,"height":1080,"url":"https:\/\/potenciaradiofonicadominicana.com\/portal\/wp-content\/uploads\/2026\/02\/WhatsApp-Image-2025-09-06-at-12.36.49-PM.webp","type":"image\/webp"}],"author":"Potencia Radiof\u00f3nica Dominicana","twitter_card":"summary_large_image","twitter_misc":{"Escrito por":"Potencia Radiof\u00f3nica Dominicana","Tiempo de lectura":"3 minutos"},"schema":{"@context":"https:\/\/schema.org","@graph":[{"@type":"Article","@id":"https:\/\/potenciaradiofonicadominicana.com\/portal\/mexico-albergara-el-mundial-u15-de-beisbol-en-merida-yucatan\/#article","isPartOf":{"@id":"https:\/\/potenciaradiofonicadominicana.com\/portal\/mexico-albergara-el-mundial-u15-de-beisbol-en-merida-yucatan\/"},"author":{"name":"Potencia Radiof\u00f3nica Dominicana","@id":"https:\/\/potenciaradiofonicadominicana.com\/portal\/#\/schema\/person\/a5cf1fea13877803ee0573ac18b03490"},"headline":"M\u00e9xico albergar\u00e1 el Mundial U15 de B\u00e9isbol en M\u00e9rida, Yucat\u00e1n","datePublished":"2026-02-03T23:56:36+00:00","mainEntityOfPage":{"@id":"https:\/\/potenciaradiofonicadominicana.com\/portal\/mexico-albergara-el-mundial-u15-de-beisbol-en-merida-yucatan\/"},"wordCount":608,"publisher":{"@id":"https:\/\/potenciaradiofonicadominicana.com\/portal\/#organization"},"image":{"@id":"https:\/\/potenciaradiofonicadominicana.com\/portal\/mexico-albergara-el-mundial-u15-de-beisbol-en-merida-yucatan\/#primaryimage"},"thumbnailUrl":"https:\/\/potenciaradiofonicadominicana.com\/portal\/wp-content\/uploads\/2026\/02\/WhatsApp-Image-2025-09-06-at-12.36.49-PM.webp","articleSection":["Deportes"],"inLanguage":"es"},{"@type":"WebPage","@id":"https:\/\/potenciaradiofonicadominicana.com\/portal\/mexico-albergara-el-mundial-u15-de-beisbol-en-merida-yucatan\/","url":"https:\/\/potenciaradiofonicadominicana.com\/portal\/mexico-albergara-el-mundial-u15-de-beisbol-en-merida-yucatan\/","name":"M\u00e9xico albergar\u00e1 el Mundial U15 de B\u00e9isbol en M\u00e9rida, Yucat\u00e1n - PotenciaRadiofonicaDominicana.com","isPartOf":{"@id":"https:\/\/potenciaradiofonicadominicana.com\/portal\/#website"},"primaryImageOfPage":{"@id":"https:\/\/potenciaradiofonicadominicana.com\/portal\/mexico-albergara-el-mundial-u15-de-beisbol-en-merida-yucatan\/#primaryimage"},"image":{"@id":"https:\/\/potenciaradiofonicadominicana.com\/portal\/mexico-albergara-el-mundial-u15-de-beisbol-en-merida-yucatan\/#primaryimage"},"thumbnailUrl":"https:\/\/potenciaradiofonicadominicana.com\/portal\/wp-content\/uploads\/2026\/02\/WhatsApp-Image-2025-09-06-at-12.36.49-PM.webp","datePublished":"2026-02-03T23:56:36+00:00","breadcrumb":{"@id":"https:\/\/potenciaradiofonicadominicana.com\/portal\/mexico-albergara-el-mundial-u15-de-beisbol-en-merida-yucatan\/#breadcrumb"},"inLanguage":"es","potentialAction":[{"@type":"ReadAction","target":["https:\/\/potenciaradiofonicadominicana.com\/portal\/mexico-albergara-el-mundial-u15-de-beisbol-en-merida-yucatan\/"]}]},{"@type":"ImageObject","inLanguage":"es","@id":"https:\/\/potenciaradiofonicadominicana.com\/portal\/mexico-albergara-el-mundial-u15-de-beisbol-en-merida-yucatan\/#primaryimage","url":"https:\/\/potenciaradiofonicadominicana.com\/portal\/wp-content\/uploads\/2026\/02\/WhatsApp-Image-2025-09-06-at-12.36.49-PM.webp","contentUrl":"https:\/\/potenciaradiofonicadominicana.com\/portal\/wp-content\/uploads\/2026\/02\/WhatsApp-Image-2025-09-06-at-12.36.49-PM.webp","width":1620,"height":1080},{"@type":"BreadcrumbList","@id":"https:\/\/potenciaradiofonicadominicana.com\/portal\/mexico-albergara-el-mundial-u15-de-beisbol-en-merida-yucatan\/#breadcrumb","itemListElement":[{"@type":"ListItem","position":1,"name":"Portada","item":"https:\/\/potenciaradiofonicadominicana.com\/portal\/"},{"@type":"ListItem","position":2,"name":"M\u00e9xico albergar\u00e1 el Mundial U15 de B\u00e9isbol en M\u00e9rida, Yucat\u00e1n"}]},{"@type":"WebSite","@id":"https:\/\/potenciaradiofonicadominicana.com\/portal\/#website","url":"https:\/\/potenciaradiofonicadominicana.com\/portal\/","name":"PotenciaRadiofonicaDominicana.com","description":"Peri\u00f3dico Digital","publisher":{"@id":"https:\/\/potenciaradiofonicadominicana.com\/portal\/#organization"},"potentialAction":[{"@type":"SearchAction","target":{"@type":"EntryPoint","urlTemplate":"https:\/\/potenciaradiofonicadominicana.com\/portal\/?s={search_term_string}"},"query-input":{"@type":"PropertyValueSpecification","valueRequired":true,"valueName":"search_term_string"}}],"inLanguage":"es"},{"@type":"Organization","@id":"https:\/\/potenciaradiofonicadominicana.com\/portal\/#organization","name":"PotenciaRadiofonicaDominicana.com","url":"https:\/\/potenciaradiofonicadominicana.com\/portal\/","logo":{"@type":"ImageObject","inLanguage":"es","@id":"https:\/\/potenciaradiofonicadominicana.com\/portal\/#\/schema\/logo\/image\/","url":"https:\/\/potenciaradiofonicadominicana.com\/portal\/wp-content\/uploads\/2022\/01\/descarga.png","contentUrl":"https:\/\/potenciaradiofonicadominicana.com\/portal\/wp-content\/uploads\/2022\/01\/descarga.png","width":300,"height":100,"caption":"PotenciaRadiofonicaDominicana.com"},"image":{"@id":"https:\/\/potenciaradiofonicadominicana.com\/portal\/#\/schema\/logo\/image\/"},"sameAs":["https:\/\/web.facebook.com\/PotenciaRadiofonicaD"]},{"@type":"Person","@id":"https:\/\/potenciaradiofonicadominicana.com\/portal\/#\/schema\/person\/a5cf1fea13877803ee0573ac18b03490","name":"Potencia Radiof\u00f3nica Dominicana","image":{"@type":"ImageObject","inLanguage":"es","@id":"https:\/\/potenciaradiofonicadominicana.com\/portal\/#\/schema\/person\/image\/","url":"https:\/\/secure.gravatar.com\/avatar\/42a55ab9e8ccc656ba34cd791990602a?s=96&d=mm&r=g","contentUrl":"https:\/\/secure.gravatar.com\/avatar\/42a55ab9e8ccc656ba34cd791990602a?s=96&d=mm&r=g","caption":"Potencia Radiof\u00f3nica Dominicana"},"url":"https:\/\/potenciaradiofonicadominicana.com\/portal\/author\/johannyalmanzar\/"}]}},"_links":{"self":[{"href":"https:\/\/potenciaradiofonicadominicana.com\/portal\/wp-json\/wp\/v2\/posts\/210971","targetHints":{"allow":["GET"]}}],"collection":[{"href":"https:\/\/potenciaradiofonicadominicana.com\/portal\/wp-json\/wp\/v2\/posts"}],"about":[{"href":"https:\/\/potenciaradiofonicadominicana.com\/portal\/wp-json\/wp\/v2\/types\/post"}],"author":[{"embeddable":true,"href":"https:\/\/potenciaradiofonicadominicana.com\/portal\/wp-json\/wp\/v2\/users\/2"}],"replies":[{"embeddable":true,"href":"https:\/\/potenciaradiofonicadominicana.com\/portal\/wp-json\/wp\/v2\/comments?post=210971"}],"version-history":[{"count":1,"href":"https:\/\/potenciaradiofonicadominicana.com\/portal\/wp-json\/wp\/v2\/posts\/210971\/revisions"}],"predecessor-version":[{"id":210973,"href":"https:\/\/potenciaradiofonicadominicana.com\/portal\/wp-json\/wp\/v2\/posts\/210971\/revisions\/210973"}],"wp:featuredmedia":[{"embeddable":true,"href":"https:\/\/potenciaradiofonicadominicana.com\/portal\/wp-json\/wp\/v2\/media\/210972"}],"wp:attachment":[{"href":"https:\/\/potenciaradiofonicadominicana.com\/portal\/wp-json\/wp\/v2\/media?parent=210971"}],"wp:term":[{"taxonomy":"category","embeddable":true,"href":"https:\/\/potenciaradiofonicadominicana.com\/portal\/wp-json\/wp\/v2\/categories?post=210971"},{"taxonomy":"post_tag","embeddable":true,"href":"https:\/\/potenciaradiofonicadominicana.com\/portal\/wp-json\/wp\/v2\/tags?post=210971"}],"curies":[{"name":"wp","href":"https:\/\/api.w.org\/{rel}","templated":true}]}}