{"id":210815,"date":"2026-02-02T21:59:54","date_gmt":"2026-02-03T01:59:54","guid":{"rendered":"https:\/\/potenciaradiofonicadominicana.com\/portal\/?p=210815"},"modified":"2026-02-02T21:59:54","modified_gmt":"2026-02-03T01:59:54","slug":"raquel-pena-y-kelvin-cruz-entregan-remodelado-multiuso-en-constanza","status":"publish","type":"post","link":"https:\/\/potenciaradiofonicadominicana.com\/portal\/raquel-pena-y-kelvin-cruz-entregan-remodelado-multiuso-en-constanza\/","title":{"rendered":"Raquel Pe\u00f1a y Kelvin Cruz entregan remodelado Multiuso en Constanza"},"content":{"rendered":"<p><a href=\"https:\/\/potenciaradiofonicadominicana.com\/portal\/wp-content\/uploads\/2026\/02\/IMG-20260201-WA0039-scaled-1.webp\"><img loading=\"lazy\" decoding=\"async\" class=\"alignnone size-full wp-image-210816\" src=\"https:\/\/potenciaradiofonicadominicana.com\/portal\/wp-content\/uploads\/2026\/02\/IMG-20260201-WA0039-scaled-1.webp\" alt=\"\" width=\"1920\" height=\"1400\" srcset=\"https:\/\/potenciaradiofonicadominicana.com\/portal\/wp-content\/uploads\/2026\/02\/IMG-20260201-WA0039-scaled-1.webp 1920w, https:\/\/potenciaradiofonicadominicana.com\/portal\/wp-content\/uploads\/2026\/02\/IMG-20260201-WA0039-scaled-1-300x219.webp 300w, https:\/\/potenciaradiofonicadominicana.com\/portal\/wp-content\/uploads\/2026\/02\/IMG-20260201-WA0039-scaled-1-1024x747.webp 1024w, https:\/\/potenciaradiofonicadominicana.com\/portal\/wp-content\/uploads\/2026\/02\/IMG-20260201-WA0039-scaled-1-768x560.webp 768w, https:\/\/potenciaradiofonicadominicana.com\/portal\/wp-content\/uploads\/2026\/02\/IMG-20260201-WA0039-scaled-1-1536x1120.webp 1536w\" sizes=\"auto, (max-width: 1920px) 100vw, 1920px\" \/><\/a><\/p>\n<p>La vicepresidenta de la Rep\u00fablica, Raquel Pe\u00f1a y el ministro de Deportes, Kelvin Cruz, entregaron este domingo el remodelado Multiuso Municipal de Constanza, con una inversi\u00f3n de m\u00e1s de 21.9 millones de pesos.<\/p>\n<p>La vicemandataria asegur\u00f3 que este espacio est\u00e1 pensado para fortalecer la convivencia, el deporte y la vida comunitaria, siendo un punto de encuentro digno, seguro y funcional.<\/p>\n<p>\u201cLa reconstrucci\u00f3n de este multiuso reafirma el compromiso del Gobierno dominicano, bajo el liderazgo del presidente Luis Abinader, con el desarrollo integral de los municipios y con la creaci\u00f3n de espacios que eleven la calidad de vida de nuestra gente. Aqu\u00ed se fortalecer\u00e1n valores como la disciplina, el respeto, la solidaridad y el trabajo en equipo\u201d, apunt\u00f3 Pe\u00f1a.<\/p>\n<div class=\"banner-contenido\">\n<div class=\"panorama_ads\"><\/div>\n<\/div>\n<div class=\"wp-block-image\">\n<figure class=\"aligncenter size-large\"><img loading=\"lazy\" decoding=\"async\" class=\"wp-image-1269735\" src=\"https:\/\/i0.wp.com\/panorama.com.do\/wp-content\/uploads\/2026\/02\/IMG-20260201-WA0036.jpg?resize=640%2C427&amp;ssl=1\" sizes=\"auto, (max-width: 640px) 100vw, 640px\" srcset=\"https:\/\/i0.wp.com\/panorama.com.do\/wp-content\/uploads\/2026\/02\/IMG-20260201-WA0036.jpg?resize=1024%2C683&amp;ssl=1 1024w, https:\/\/i0.wp.com\/panorama.com.do\/wp-content\/uploads\/2026\/02\/IMG-20260201-WA0036.jpg?resize=300%2C200&amp;ssl=1 300w, https:\/\/i0.wp.com\/panorama.com.do\/wp-content\/uploads\/2026\/02\/IMG-20260201-WA0036.jpg?resize=768%2C512&amp;ssl=1 768w, https:\/\/i0.wp.com\/panorama.com.do\/wp-content\/uploads\/2026\/02\/IMG-20260201-WA0036.jpg?resize=150%2C100&amp;ssl=1 150w, https:\/\/i0.wp.com\/panorama.com.do\/wp-content\/uploads\/2026\/02\/IMG-20260201-WA0036.jpg?w=1280&amp;ssl=1 1280w\" alt=\"\" width=\"640\" height=\"427\" data-recalc-dims=\"1\" \/><\/figure>\n<\/div>\n<p>Por su parte el ministro de Deportes, Kelvin Cruz, explic\u00f3 que con este espacio se contin\u00faa dando seguimiento al amplio programa de construcci\u00f3n y reparaci\u00f3n de instalaciones deportivas que el Gobierno del presidente Luis Abinader desarrolla a nivel nacional.<\/p>\n<p>La obra, ubicada en la avenida General Gregorio Luper\u00f3n, impactar\u00e1 positivamente el desarrollo deportivo y recreativo de miles de habitantes de Constanza, quienes contar\u00e1n con un lugar digno para realizar diversas actividades cotidianas.<\/p>\n<p><em>\u00c1reas reparadas<\/em><\/p>\n<p>Entre las \u00e1reas intervenidas en el proceso de remodelaci\u00f3n, que abarca aproximadamente 1,500 metros cuadrados, figuran: zona de juego, gradas, oficinas, ba\u00f1os, vestidores para atletas y cafeter\u00eda, as\u00ed como \u00e1reas exteriores.<\/p>\n<p><em>Trabajos realizados<\/em><\/p>\n<p>Como parte del proceso de remozamiento, se realizaron trabajos de desmantelaci\u00f3n de elementos existentes, construcci\u00f3n de un muro de cerramiento y nuevas gradas. Adem\u00e1s, se llev\u00f3 a cabo la reparaci\u00f3n y mantenimiento de la estructura met\u00e1lica del multiuso, as\u00ed como el suministro y colocaci\u00f3n de Aluzinc, canaletas met\u00e1licas y bajantes.<\/p>\n<p>En el Multiuso de Constanza tambi\u00e9n fueron reparados los ba\u00f1os y oficinas, y todas las \u00e1reas intervenidas fueron completamente pintadas. La obra tambi\u00e9n incluy\u00f3 la colocaci\u00f3n de superficie sint\u00e9tica suspendida o piso en el \u00e1rea de juego.<\/p>\n<p>Tambi\u00e9n se instalaron dos soportes y tableros FIBA profesionales, una pizarra digital, un reloj de 24 segundos, as\u00ed como una instalaci\u00f3n el\u00e9ctrica general.<\/p>\n<p>Adem\u00e1s les fueron entregadas unas llaves s\u00edmbolo y tambi\u00e9n juramentados, al voluntariado asignado quienes tiene la responsabilidad de velar por el debido uso de este espacio entregado y adem\u00e1s informar de las reparaciones y mejoras del lugar.<\/p>\n","protected":false},"excerpt":{"rendered":"<p>La vicepresidenta de la Rep\u00fablica, Raquel Pe\u00f1a y el ministro de Deportes, Kelvin Cruz, entregaron este domingo el remodelado Multiuso &#8230;<\/p>\n","protected":false},"author":2,"featured_media":210816,"comment_status":"closed","ping_status":"closed","sticky":false,"template":"","format":"standard","meta":{"footnotes":""},"categories":[28],"tags":[],"class_list":["post-210815","post","type-post","status-publish","format-standard","has-post-thumbnail","hentry","category-deportes"],"yoast_head":"<!-- This site is optimized with the Yoast SEO plugin v24.8.1 - https:\/\/yoast.com\/wordpress\/plugins\/seo\/ -->\n<title>Raquel Pe\u00f1a y Kelvin Cruz entregan remodelado Multiuso en Constanza - PotenciaRadiofonicaDominicana.com<\/title>\n<meta name=\"robots\" content=\"index, follow, max-snippet:-1, max-image-preview:large, max-video-preview:-1\" \/>\n<link rel=\"canonical\" href=\"https:\/\/potenciaradiofonicadominicana.com\/portal\/raquel-pena-y-kelvin-cruz-entregan-remodelado-multiuso-en-constanza\/\" \/>\n<meta property=\"og:locale\" content=\"es_ES\" \/>\n<meta property=\"og:type\" content=\"article\" \/>\n<meta property=\"og:title\" content=\"Raquel Pe\u00f1a y Kelvin Cruz entregan remodelado Multiuso en Constanza - PotenciaRadiofonicaDominicana.com\" \/>\n<meta property=\"og:description\" content=\"La vicepresidenta de la Rep\u00fablica, Raquel Pe\u00f1a y el ministro de Deportes, Kelvin Cruz, entregaron este domingo el remodelado Multiuso ...\" \/>\n<meta property=\"og:url\" content=\"https:\/\/potenciaradiofonicadominicana.com\/portal\/raquel-pena-y-kelvin-cruz-entregan-remodelado-multiuso-en-constanza\/\" \/>\n<meta property=\"og:site_name\" content=\"PotenciaRadiofonicaDominicana.com\" \/>\n<meta property=\"article:publisher\" content=\"https:\/\/web.facebook.com\/PotenciaRadiofonicaD\" \/>\n<meta property=\"article:published_time\" content=\"2026-02-03T01:59:54+00:00\" \/>\n<meta property=\"og:image\" content=\"https:\/\/potenciaradiofonicadominicana.com\/portal\/wp-content\/uploads\/2026\/02\/IMG-20260201-WA0039-scaled-1.webp\" \/>\n\t<meta property=\"og:image:width\" content=\"1920\" \/>\n\t<meta property=\"og:image:height\" content=\"1400\" \/>\n\t<meta property=\"og:image:type\" content=\"image\/webp\" \/>\n<meta name=\"author\" content=\"Potencia Radiof\u00f3nica Dominicana\" \/>\n<meta name=\"twitter:card\" content=\"summary_large_image\" \/>\n<meta name=\"twitter:label1\" content=\"Escrito por\" \/>\n\t<meta name=\"twitter:data1\" content=\"Potencia Radiof\u00f3nica Dominicana\" \/>\n\t<meta name=\"twitter:label2\" content=\"Tiempo de lectura\" \/>\n\t<meta name=\"twitter:data2\" content=\"3 minutos\" \/>\n<script type=\"application\/ld+json\" class=\"yoast-schema-graph\">{\"@context\":\"https:\/\/schema.org\",\"@graph\":[{\"@type\":\"Article\",\"@id\":\"https:\/\/potenciaradiofonicadominicana.com\/portal\/raquel-pena-y-kelvin-cruz-entregan-remodelado-multiuso-en-constanza\/#article\",\"isPartOf\":{\"@id\":\"https:\/\/potenciaradiofonicadominicana.com\/portal\/raquel-pena-y-kelvin-cruz-entregan-remodelado-multiuso-en-constanza\/\"},\"author\":{\"name\":\"Potencia Radiof\u00f3nica Dominicana\",\"@id\":\"https:\/\/potenciaradiofonicadominicana.com\/portal\/#\/schema\/person\/a5cf1fea13877803ee0573ac18b03490\"},\"headline\":\"Raquel Pe\u00f1a y Kelvin Cruz entregan remodelado Multiuso en Constanza\",\"datePublished\":\"2026-02-03T01:59:54+00:00\",\"mainEntityOfPage\":{\"@id\":\"https:\/\/potenciaradiofonicadominicana.com\/portal\/raquel-pena-y-kelvin-cruz-entregan-remodelado-multiuso-en-constanza\/\"},\"wordCount\":415,\"publisher\":{\"@id\":\"https:\/\/potenciaradiofonicadominicana.com\/portal\/#organization\"},\"image\":{\"@id\":\"https:\/\/potenciaradiofonicadominicana.com\/portal\/raquel-pena-y-kelvin-cruz-entregan-remodelado-multiuso-en-constanza\/#primaryimage\"},\"thumbnailUrl\":\"https:\/\/potenciaradiofonicadominicana.com\/portal\/wp-content\/uploads\/2026\/02\/IMG-20260201-WA0039-scaled-1.webp\",\"articleSection\":[\"Deportes\"],\"inLanguage\":\"es\"},{\"@type\":\"WebPage\",\"@id\":\"https:\/\/potenciaradiofonicadominicana.com\/portal\/raquel-pena-y-kelvin-cruz-entregan-remodelado-multiuso-en-constanza\/\",\"url\":\"https:\/\/potenciaradiofonicadominicana.com\/portal\/raquel-pena-y-kelvin-cruz-entregan-remodelado-multiuso-en-constanza\/\",\"name\":\"Raquel Pe\u00f1a y Kelvin Cruz entregan remodelado Multiuso en Constanza - PotenciaRadiofonicaDominicana.com\",\"isPartOf\":{\"@id\":\"https:\/\/potenciaradiofonicadominicana.com\/portal\/#website\"},\"primaryImageOfPage\":{\"@id\":\"https:\/\/potenciaradiofonicadominicana.com\/portal\/raquel-pena-y-kelvin-cruz-entregan-remodelado-multiuso-en-constanza\/#primaryimage\"},\"image\":{\"@id\":\"https:\/\/potenciaradiofonicadominicana.com\/portal\/raquel-pena-y-kelvin-cruz-entregan-remodelado-multiuso-en-constanza\/#primaryimage\"},\"thumbnailUrl\":\"https:\/\/potenciaradiofonicadominicana.com\/portal\/wp-content\/uploads\/2026\/02\/IMG-20260201-WA0039-scaled-1.webp\",\"datePublished\":\"2026-02-03T01:59:54+00:00\",\"breadcrumb\":{\"@id\":\"https:\/\/potenciaradiofonicadominicana.com\/portal\/raquel-pena-y-kelvin-cruz-entregan-remodelado-multiuso-en-constanza\/#breadcrumb\"},\"inLanguage\":\"es\",\"potentialAction\":[{\"@type\":\"ReadAction\",\"target\":[\"https:\/\/potenciaradiofonicadominicana.com\/portal\/raquel-pena-y-kelvin-cruz-entregan-remodelado-multiuso-en-constanza\/\"]}]},{\"@type\":\"ImageObject\",\"inLanguage\":\"es\",\"@id\":\"https:\/\/potenciaradiofonicadominicana.com\/portal\/raquel-pena-y-kelvin-cruz-entregan-remodelado-multiuso-en-constanza\/#primaryimage\",\"url\":\"https:\/\/potenciaradiofonicadominicana.com\/portal\/wp-content\/uploads\/2026\/02\/IMG-20260201-WA0039-scaled-1.webp\",\"contentUrl\":\"https:\/\/potenciaradiofonicadominicana.com\/portal\/wp-content\/uploads\/2026\/02\/IMG-20260201-WA0039-scaled-1.webp\",\"width\":1920,\"height\":1400},{\"@type\":\"BreadcrumbList\",\"@id\":\"https:\/\/potenciaradiofonicadominicana.com\/portal\/raquel-pena-y-kelvin-cruz-entregan-remodelado-multiuso-en-constanza\/#breadcrumb\",\"itemListElement\":[{\"@type\":\"ListItem\",\"position\":1,\"name\":\"Portada\",\"item\":\"https:\/\/potenciaradiofonicadominicana.com\/portal\/\"},{\"@type\":\"ListItem\",\"position\":2,\"name\":\"Raquel Pe\u00f1a y Kelvin Cruz entregan remodelado Multiuso en Constanza\"}]},{\"@type\":\"WebSite\",\"@id\":\"https:\/\/potenciaradiofonicadominicana.com\/portal\/#website\",\"url\":\"https:\/\/potenciaradiofonicadominicana.com\/portal\/\",\"name\":\"PotenciaRadiofonicaDominicana.com\",\"description\":\"Peri\u00f3dico Digital\",\"publisher\":{\"@id\":\"https:\/\/potenciaradiofonicadominicana.com\/portal\/#organization\"},\"potentialAction\":[{\"@type\":\"SearchAction\",\"target\":{\"@type\":\"EntryPoint\",\"urlTemplate\":\"https:\/\/potenciaradiofonicadominicana.com\/portal\/?s={search_term_string}\"},\"query-input\":{\"@type\":\"PropertyValueSpecification\",\"valueRequired\":true,\"valueName\":\"search_term_string\"}}],\"inLanguage\":\"es\"},{\"@type\":\"Organization\",\"@id\":\"https:\/\/potenciaradiofonicadominicana.com\/portal\/#organization\",\"name\":\"PotenciaRadiofonicaDominicana.com\",\"url\":\"https:\/\/potenciaradiofonicadominicana.com\/portal\/\",\"logo\":{\"@type\":\"ImageObject\",\"inLanguage\":\"es\",\"@id\":\"https:\/\/potenciaradiofonicadominicana.com\/portal\/#\/schema\/logo\/image\/\",\"url\":\"https:\/\/potenciaradiofonicadominicana.com\/portal\/wp-content\/uploads\/2022\/01\/descarga.png\",\"contentUrl\":\"https:\/\/potenciaradiofonicadominicana.com\/portal\/wp-content\/uploads\/2022\/01\/descarga.png\",\"width\":300,\"height\":100,\"caption\":\"PotenciaRadiofonicaDominicana.com\"},\"image\":{\"@id\":\"https:\/\/potenciaradiofonicadominicana.com\/portal\/#\/schema\/logo\/image\/\"},\"sameAs\":[\"https:\/\/web.facebook.com\/PotenciaRadiofonicaD\"]},{\"@type\":\"Person\",\"@id\":\"https:\/\/potenciaradiofonicadominicana.com\/portal\/#\/schema\/person\/a5cf1fea13877803ee0573ac18b03490\",\"name\":\"Potencia Radiof\u00f3nica Dominicana\",\"image\":{\"@type\":\"ImageObject\",\"inLanguage\":\"es\",\"@id\":\"https:\/\/potenciaradiofonicadominicana.com\/portal\/#\/schema\/person\/image\/\",\"url\":\"https:\/\/secure.gravatar.com\/avatar\/42a55ab9e8ccc656ba34cd791990602a?s=96&d=mm&r=g\",\"contentUrl\":\"https:\/\/secure.gravatar.com\/avatar\/42a55ab9e8ccc656ba34cd791990602a?s=96&d=mm&r=g\",\"caption\":\"Potencia Radiof\u00f3nica Dominicana\"},\"url\":\"https:\/\/potenciaradiofonicadominicana.com\/portal\/author\/johannyalmanzar\/\"}]}<\/script>\n<!-- \/ Yoast SEO plugin. -->","yoast_head_json":{"title":"Raquel Pe\u00f1a y Kelvin Cruz entregan remodelado Multiuso en Constanza - PotenciaRadiofonicaDominicana.com","robots":{"index":"index","follow":"follow","max-snippet":"max-snippet:-1","max-image-preview":"max-image-preview:large","max-video-preview":"max-video-preview:-1"},"canonical":"https:\/\/potenciaradiofonicadominicana.com\/portal\/raquel-pena-y-kelvin-cruz-entregan-remodelado-multiuso-en-constanza\/","og_locale":"es_ES","og_type":"article","og_title":"Raquel Pe\u00f1a y Kelvin Cruz entregan remodelado Multiuso en Constanza - PotenciaRadiofonicaDominicana.com","og_description":"La vicepresidenta de la Rep\u00fablica, Raquel Pe\u00f1a y el ministro de Deportes, Kelvin Cruz, entregaron este domingo el remodelado Multiuso ...","og_url":"https:\/\/potenciaradiofonicadominicana.com\/portal\/raquel-pena-y-kelvin-cruz-entregan-remodelado-multiuso-en-constanza\/","og_site_name":"PotenciaRadiofonicaDominicana.com","article_publisher":"https:\/\/web.facebook.com\/PotenciaRadiofonicaD","article_published_time":"2026-02-03T01:59:54+00:00","og_image":[{"width":1920,"height":1400,"url":"https:\/\/potenciaradiofonicadominicana.com\/portal\/wp-content\/uploads\/2026\/02\/IMG-20260201-WA0039-scaled-1.webp","type":"image\/webp"}],"author":"Potencia Radiof\u00f3nica Dominicana","twitter_card":"summary_large_image","twitter_misc":{"Escrito por":"Potencia Radiof\u00f3nica Dominicana","Tiempo de lectura":"3 minutos"},"schema":{"@context":"https:\/\/schema.org","@graph":[{"@type":"Article","@id":"https:\/\/potenciaradiofonicadominicana.com\/portal\/raquel-pena-y-kelvin-cruz-entregan-remodelado-multiuso-en-constanza\/#article","isPartOf":{"@id":"https:\/\/potenciaradiofonicadominicana.com\/portal\/raquel-pena-y-kelvin-cruz-entregan-remodelado-multiuso-en-constanza\/"},"author":{"name":"Potencia Radiof\u00f3nica Dominicana","@id":"https:\/\/potenciaradiofonicadominicana.com\/portal\/#\/schema\/person\/a5cf1fea13877803ee0573ac18b03490"},"headline":"Raquel Pe\u00f1a y Kelvin Cruz entregan remodelado Multiuso en Constanza","datePublished":"2026-02-03T01:59:54+00:00","mainEntityOfPage":{"@id":"https:\/\/potenciaradiofonicadominicana.com\/portal\/raquel-pena-y-kelvin-cruz-entregan-remodelado-multiuso-en-constanza\/"},"wordCount":415,"publisher":{"@id":"https:\/\/potenciaradiofonicadominicana.com\/portal\/#organization"},"image":{"@id":"https:\/\/potenciaradiofonicadominicana.com\/portal\/raquel-pena-y-kelvin-cruz-entregan-remodelado-multiuso-en-constanza\/#primaryimage"},"thumbnailUrl":"https:\/\/potenciaradiofonicadominicana.com\/portal\/wp-content\/uploads\/2026\/02\/IMG-20260201-WA0039-scaled-1.webp","articleSection":["Deportes"],"inLanguage":"es"},{"@type":"WebPage","@id":"https:\/\/potenciaradiofonicadominicana.com\/portal\/raquel-pena-y-kelvin-cruz-entregan-remodelado-multiuso-en-constanza\/","url":"https:\/\/potenciaradiofonicadominicana.com\/portal\/raquel-pena-y-kelvin-cruz-entregan-remodelado-multiuso-en-constanza\/","name":"Raquel Pe\u00f1a y Kelvin Cruz entregan remodelado Multiuso en Constanza - PotenciaRadiofonicaDominicana.com","isPartOf":{"@id":"https:\/\/potenciaradiofonicadominicana.com\/portal\/#website"},"primaryImageOfPage":{"@id":"https:\/\/potenciaradiofonicadominicana.com\/portal\/raquel-pena-y-kelvin-cruz-entregan-remodelado-multiuso-en-constanza\/#primaryimage"},"image":{"@id":"https:\/\/potenciaradiofonicadominicana.com\/portal\/raquel-pena-y-kelvin-cruz-entregan-remodelado-multiuso-en-constanza\/#primaryimage"},"thumbnailUrl":"https:\/\/potenciaradiofonicadominicana.com\/portal\/wp-content\/uploads\/2026\/02\/IMG-20260201-WA0039-scaled-1.webp","datePublished":"2026-02-03T01:59:54+00:00","breadcrumb":{"@id":"https:\/\/potenciaradiofonicadominicana.com\/portal\/raquel-pena-y-kelvin-cruz-entregan-remodelado-multiuso-en-constanza\/#breadcrumb"},"inLanguage":"es","potentialAction":[{"@type":"ReadAction","target":["https:\/\/potenciaradiofonicadominicana.com\/portal\/raquel-pena-y-kelvin-cruz-entregan-remodelado-multiuso-en-constanza\/"]}]},{"@type":"ImageObject","inLanguage":"es","@id":"https:\/\/potenciaradiofonicadominicana.com\/portal\/raquel-pena-y-kelvin-cruz-entregan-remodelado-multiuso-en-constanza\/#primaryimage","url":"https:\/\/potenciaradiofonicadominicana.com\/portal\/wp-content\/uploads\/2026\/02\/IMG-20260201-WA0039-scaled-1.webp","contentUrl":"https:\/\/potenciaradiofonicadominicana.com\/portal\/wp-content\/uploads\/2026\/02\/IMG-20260201-WA0039-scaled-1.webp","width":1920,"height":1400},{"@type":"BreadcrumbList","@id":"https:\/\/potenciaradiofonicadominicana.com\/portal\/raquel-pena-y-kelvin-cruz-entregan-remodelado-multiuso-en-constanza\/#breadcrumb","itemListElement":[{"@type":"ListItem","position":1,"name":"Portada","item":"https:\/\/potenciaradiofonicadominicana.com\/portal\/"},{"@type":"ListItem","position":2,"name":"Raquel Pe\u00f1a y Kelvin Cruz entregan remodelado Multiuso en Constanza"}]},{"@type":"WebSite","@id":"https:\/\/potenciaradiofonicadominicana.com\/portal\/#website","url":"https:\/\/potenciaradiofonicadominicana.com\/portal\/","name":"PotenciaRadiofonicaDominicana.com","description":"Peri\u00f3dico Digital","publisher":{"@id":"https:\/\/potenciaradiofonicadominicana.com\/portal\/#organization"},"potentialAction":[{"@type":"SearchAction","target":{"@type":"EntryPoint","urlTemplate":"https:\/\/potenciaradiofonicadominicana.com\/portal\/?s={search_term_string}"},"query-input":{"@type":"PropertyValueSpecification","valueRequired":true,"valueName":"search_term_string"}}],"inLanguage":"es"},{"@type":"Organization","@id":"https:\/\/potenciaradiofonicadominicana.com\/portal\/#organization","name":"PotenciaRadiofonicaDominicana.com","url":"https:\/\/potenciaradiofonicadominicana.com\/portal\/","logo":{"@type":"ImageObject","inLanguage":"es","@id":"https:\/\/potenciaradiofonicadominicana.com\/portal\/#\/schema\/logo\/image\/","url":"https:\/\/potenciaradiofonicadominicana.com\/portal\/wp-content\/uploads\/2022\/01\/descarga.png","contentUrl":"https:\/\/potenciaradiofonicadominicana.com\/portal\/wp-content\/uploads\/2022\/01\/descarga.png","width":300,"height":100,"caption":"PotenciaRadiofonicaDominicana.com"},"image":{"@id":"https:\/\/potenciaradiofonicadominicana.com\/portal\/#\/schema\/logo\/image\/"},"sameAs":["https:\/\/web.facebook.com\/PotenciaRadiofonicaD"]},{"@type":"Person","@id":"https:\/\/potenciaradiofonicadominicana.com\/portal\/#\/schema\/person\/a5cf1fea13877803ee0573ac18b03490","name":"Potencia Radiof\u00f3nica Dominicana","image":{"@type":"ImageObject","inLanguage":"es","@id":"https:\/\/potenciaradiofonicadominicana.com\/portal\/#\/schema\/person\/image\/","url":"https:\/\/secure.gravatar.com\/avatar\/42a55ab9e8ccc656ba34cd791990602a?s=96&d=mm&r=g","contentUrl":"https:\/\/secure.gravatar.com\/avatar\/42a55ab9e8ccc656ba34cd791990602a?s=96&d=mm&r=g","caption":"Potencia Radiof\u00f3nica Dominicana"},"url":"https:\/\/potenciaradiofonicadominicana.com\/portal\/author\/johannyalmanzar\/"}]}},"_links":{"self":[{"href":"https:\/\/potenciaradiofonicadominicana.com\/portal\/wp-json\/wp\/v2\/posts\/210815","targetHints":{"allow":["GET"]}}],"collection":[{"href":"https:\/\/potenciaradiofonicadominicana.com\/portal\/wp-json\/wp\/v2\/posts"}],"about":[{"href":"https:\/\/potenciaradiofonicadominicana.com\/portal\/wp-json\/wp\/v2\/types\/post"}],"author":[{"embeddable":true,"href":"https:\/\/potenciaradiofonicadominicana.com\/portal\/wp-json\/wp\/v2\/users\/2"}],"replies":[{"embeddable":true,"href":"https:\/\/potenciaradiofonicadominicana.com\/portal\/wp-json\/wp\/v2\/comments?post=210815"}],"version-history":[{"count":1,"href":"https:\/\/potenciaradiofonicadominicana.com\/portal\/wp-json\/wp\/v2\/posts\/210815\/revisions"}],"predecessor-version":[{"id":210818,"href":"https:\/\/potenciaradiofonicadominicana.com\/portal\/wp-json\/wp\/v2\/posts\/210815\/revisions\/210818"}],"wp:featuredmedia":[{"embeddable":true,"href":"https:\/\/potenciaradiofonicadominicana.com\/portal\/wp-json\/wp\/v2\/media\/210816"}],"wp:attachment":[{"href":"https:\/\/potenciaradiofonicadominicana.com\/portal\/wp-json\/wp\/v2\/media?parent=210815"}],"wp:term":[{"taxonomy":"category","embeddable":true,"href":"https:\/\/potenciaradiofonicadominicana.com\/portal\/wp-json\/wp\/v2\/categories?post=210815"},{"taxonomy":"post_tag","embeddable":true,"href":"https:\/\/potenciaradiofonicadominicana.com\/portal\/wp-json\/wp\/v2\/tags?post=210815"}],"curies":[{"name":"wp","href":"https:\/\/api.w.org\/{rel}","templated":true}]}}