{"id":210788,"date":"2026-02-02T21:48:53","date_gmt":"2026-02-03T01:48:53","guid":{"rendered":"https:\/\/potenciaradiofonicadominicana.com\/portal\/?p=210788"},"modified":"2026-02-02T21:48:53","modified_gmt":"2026-02-03T01:48:53","slug":"jce-entrega-nueva-cedula-a-miembros-del-salon-de-la-fama-de-cooperstown","status":"publish","type":"post","link":"https:\/\/potenciaradiofonicadominicana.com\/portal\/jce-entrega-nueva-cedula-a-miembros-del-salon-de-la-fama-de-cooperstown\/","title":{"rendered":"JCE entrega nueva c\u00e9dula a miembros del Sal\u00f3n de la Fama de Cooperstown"},"content":{"rendered":"<p><a href=\"https:\/\/potenciaradiofonicadominicana.com\/portal\/wp-content\/uploads\/2026\/02\/WhatsApp-Image-2026-02-02-at-6.35.59-PM.jpeg\"><img loading=\"lazy\" decoding=\"async\" class=\"alignnone size-full wp-image-210789\" src=\"https:\/\/potenciaradiofonicadominicana.com\/portal\/wp-content\/uploads\/2026\/02\/WhatsApp-Image-2026-02-02-at-6.35.59-PM.jpeg\" alt=\"\" width=\"1500\" height=\"1002\" srcset=\"https:\/\/potenciaradiofonicadominicana.com\/portal\/wp-content\/uploads\/2026\/02\/WhatsApp-Image-2026-02-02-at-6.35.59-PM.jpeg 1500w, https:\/\/potenciaradiofonicadominicana.com\/portal\/wp-content\/uploads\/2026\/02\/WhatsApp-Image-2026-02-02-at-6.35.59-PM-300x200.jpeg 300w, https:\/\/potenciaradiofonicadominicana.com\/portal\/wp-content\/uploads\/2026\/02\/WhatsApp-Image-2026-02-02-at-6.35.59-PM-1024x684.jpeg 1024w, https:\/\/potenciaradiofonicadominicana.com\/portal\/wp-content\/uploads\/2026\/02\/WhatsApp-Image-2026-02-02-at-6.35.59-PM-768x513.jpeg 768w\" sizes=\"auto, (max-width: 1500px) 100vw, 1500px\" \/><\/a><\/p>\n<p>La Junta Central Electoral (JCE) continu\u00f3 este lunes con la entrega de la c\u00e9dula de identidad y electoral en el nuevo formato a miembros del Sal\u00f3n de la Fama de Cooperstown, como parte del proceso de entrega a sectores focalizados.<\/p>\n<p>En el marco de la primera etapa de despliegue progresivo, controlado y limitado, la entidad inici\u00f3 con la captura de datos y entrega inmediata de la nueva c\u00e9dula de identidad y electoral a los miembros del Sal\u00f3n de la Fama de Cooperstown Juan Marichal, primer dominicano en ingresar al Sal\u00f3n de la Fama, Pedro Mart\u00ednez, Vladimir Guerrero y David Ortiz.<\/p>\n<figure id=\"attachment_2988865\" class=\"wp-caption alignnone\" aria-describedby=\"caption-attachment-2988865\"><img loading=\"lazy\" decoding=\"async\" class=\"size-medium wp-image-2988865 not-transparent\" src=\"https:\/\/i0.wp.com\/nuevodiario-assets.s3.us-east-2.amazonaws.com\/wp-content\/uploads\/2026\/02\/WhatsApp-Image-2026-02-02-at-6.36.00-PM-4-400x267.jpeg?resize=400%2C267&amp;quality=100&amp;ssl=1\" sizes=\"auto, (max-width: 400px) 100vw, 400px\" srcset=\"https:\/\/nuevodiario-assets.s3.us-east-2.amazonaws.com\/wp-content\/uploads\/2026\/02\/WhatsApp-Image-2026-02-02-at-6.36.00-PM-4.jpeg 400w, https:\/\/nuevodiario-assets.s3.us-east-2.amazonaws.com\/wp-content\/uploads\/2026\/02\/WhatsApp-Image-2026-02-02-at-6.36.00-PM-4.jpeg 800w, https:\/\/nuevodiario-assets.s3.us-east-2.amazonaws.com\/wp-content\/uploads\/2026\/02\/WhatsApp-Image-2026-02-02-at-6.36.00-PM-4.jpeg 768w, https:\/\/nuevodiario-assets.s3.us-east-2.amazonaws.com\/wp-content\/uploads\/2026\/02\/WhatsApp-Image-2026-02-02-at-6.36.00-PM-4.jpeg 1536w, https:\/\/nuevodiario-assets.s3.us-east-2.amazonaws.com\/wp-content\/uploads\/2026\/02\/WhatsApp-Image-2026-02-02-at-6.36.00-PM-4.jpeg 410w, https:\/\/nuevodiario-assets.s3.us-east-2.amazonaws.com\/wp-content\/uploads\/2026\/02\/WhatsApp-Image-2026-02-02-at-6.36.00-PM-4.jpeg 600w, https:\/\/nuevodiario-assets.s3.us-east-2.amazonaws.com\/wp-content\/uploads\/2026\/02\/WhatsApp-Image-2026-02-02-at-6.36.00-PM-4.jpeg 1599w, https:\/\/nuevodiario-assets.s3.us-east-2.amazonaws.com\/wp-content\/uploads\/2026\/02\/WhatsApp-Image-2026-02-02-at-6.36.00-PM-4.jpeg 1280w\" alt=\"\" width=\"400\" height=\"267\" data-recalc-dims=\"1\" data-dominant-color=\"6d635d\" data-has-transparency=\"false\" \/><figcaption id=\"caption-attachment-2988865\" class=\"wp-caption-text\">Vladimir Guerrero junto a miembros del pleno de la Junta Central Electoral.<\/figcaption><\/figure>\n<div data-type=\"_mgwidget\" data-widget-id=\"1744532\" data-uid=\"012fc\" data-src-id=\"${PUBLISHER_ID}\">\n<div id=\"mgw1744532_012fc\"><\/div>\n<\/div>\n<p>En la jornada entrega de la nueva c\u00e9dula de identidad y electoral, participaron el presidente de la JCE, Rom\u00e1n Andr\u00e9s J\u00e1quez Liranzo, la miembro titular y coordinadora de la Mesa de Inclusi\u00f3n Dolores Altagracia Fern\u00e1ndez S\u00e1nchez y la miembro titular Hirayda Marcelle Fern\u00e1ndez Guzm\u00e1n, as\u00ed como el cuerpo directivo de la instituci\u00f3n.<\/p>\n<div class=\"banner-contenido text-center d-none d-md-block\">\n<div id=\"div-gpt-ad-1565023948978-0\" class=\"d-inline-block border mt-1 mb-4\" data-google-query-id=\"CKj_wP2ZvJIDFUv_lAkdq7U4AQ\">\n<div id=\"google_ads_iframe_\/173239197\/Banner_Noticia_5_Nuevo_728x90_0__container__\"><\/div>\n<\/div>\n<\/div>\n<figure id=\"attachment_2988867\" class=\"wp-caption alignnone\" aria-describedby=\"caption-attachment-2988867\"><img loading=\"lazy\" decoding=\"async\" class=\"size-medium wp-image-2988867 not-transparent\" src=\"https:\/\/i0.wp.com\/nuevodiario-assets.s3.us-east-2.amazonaws.com\/wp-content\/uploads\/2026\/02\/WhatsApp-Image-2026-02-02-at-6.35.59-PM-1-285x400.jpeg?resize=285%2C400&amp;quality=100&amp;ssl=1\" sizes=\"auto\" srcset=\"https:\/\/nuevodiario-assets.s3.us-east-2.amazonaws.com\/wp-content\/uploads\/2026\/02\/WhatsApp-Image-2026-02-02-at-6.35.59-PM-1.jpeg 285w, https:\/\/nuevodiario-assets.s3.us-east-2.amazonaws.com\/wp-content\/uploads\/2026\/02\/WhatsApp-Image-2026-02-02-at-6.35.59-PM-1.jpeg 571w, https:\/\/nuevodiario-assets.s3.us-east-2.amazonaws.com\/wp-content\/uploads\/2026\/02\/WhatsApp-Image-2026-02-02-at-6.35.59-PM-1.jpeg 768w, https:\/\/nuevodiario-assets.s3.us-east-2.amazonaws.com\/wp-content\/uploads\/2026\/02\/WhatsApp-Image-2026-02-02-at-6.35.59-PM-1.jpeg 1095w, https:\/\/nuevodiario-assets.s3.us-east-2.amazonaws.com\/wp-content\/uploads\/2026\/02\/WhatsApp-Image-2026-02-02-at-6.35.59-PM-1.jpeg 600w, https:\/\/nuevodiario-assets.s3.us-east-2.amazonaws.com\/wp-content\/uploads\/2026\/02\/WhatsApp-Image-2026-02-02-at-6.35.59-PM-1.jpeg 1141w,https:\/\/i0.wp.com\/nuevodiario-assets.s3.us-east-2.amazonaws.com\/wp-content\/uploads\/2026\/02\/WhatsApp-Image-2026-02-02-at-6.35.59-PM-1-285x400.jpeg?resize=730%2C1025&amp;quality=100&amp;ssl=1&amp;_jb=custom 1920w\" alt=\"\" width=\"285\" height=\"400\" data-recalc-dims=\"1\" data-dominant-color=\"595960\" data-has-transparency=\"false\" \/><figcaption id=\"caption-attachment-2988867\" class=\"wp-caption-text\">David Ortiz muestra su nueva c\u00e9dula.<\/figcaption><\/figure>\n<p>Miembros del Sal\u00f3n de la Fama califican proceso de excelente<\/p>\n<p>Los miembros del Sal\u00f3n de la Fama de Cooperstown Juan Marichal, Pedro Mart\u00ednez, Vladimir Guerrero y David Ortiz, quienes fueron abordados por la prensa, calificaron el proceso de cedulaci\u00f3n como excelente.<\/p>\n<figure id=\"attachment_2988869\" class=\"wp-caption alignnone\" aria-describedby=\"caption-attachment-2988869\"><img loading=\"lazy\" decoding=\"async\" class=\"size-medium wp-image-2988869 not-transparent\" src=\"https:\/\/i0.wp.com\/nuevodiario-assets.s3.us-east-2.amazonaws.com\/wp-content\/uploads\/2026\/02\/WhatsApp-Image-2026-02-02-at-6.36.00-PM-2-400x286.jpeg?resize=400%2C286&amp;quality=100&amp;ssl=1\" sizes=\"auto\" srcset=\"https:\/\/nuevodiario-assets.s3.us-east-2.amazonaws.com\/wp-content\/uploads\/2026\/02\/WhatsApp-Image-2026-02-02-at-6.36.00-PM-2.jpeg 400w, https:\/\/nuevodiario-assets.s3.us-east-2.amazonaws.com\/wp-content\/uploads\/2026\/02\/WhatsApp-Image-2026-02-02-at-6.36.00-PM-2.jpeg 800w, https:\/\/nuevodiario-assets.s3.us-east-2.amazonaws.com\/wp-content\/uploads\/2026\/02\/WhatsApp-Image-2026-02-02-at-6.36.00-PM-2.jpeg 768w, https:\/\/nuevodiario-assets.s3.us-east-2.amazonaws.com\/wp-content\/uploads\/2026\/02\/WhatsApp-Image-2026-02-02-at-6.36.00-PM-2.jpeg 600w, https:\/\/nuevodiario-assets.s3.us-east-2.amazonaws.com\/wp-content\/uploads\/2026\/02\/WhatsApp-Image-2026-02-02-at-6.36.00-PM-2.jpeg 1500w, https:\/\/nuevodiario-assets.s3.us-east-2.amazonaws.com\/wp-content\/uploads\/2026\/02\/WhatsApp-Image-2026-02-02-at-6.36.00-PM-2.jpeg 1280w,https:\/\/i0.wp.com\/nuevodiario-assets.s3.us-east-2.amazonaws.com\/wp-content\/uploads\/2026\/02\/WhatsApp-Image-2026-02-02-at-6.36.00-PM-2-400x286.jpeg?resize=730%2C522&amp;quality=100&amp;ssl=1&amp;_jb=custom 1920w\" alt=\"\" width=\"400\" height=\"286\" data-recalc-dims=\"1\" data-dominant-color=\"7a7068\" data-has-transparency=\"false\" \/><figcaption id=\"caption-attachment-2988869\" class=\"wp-caption-text\">Juan Marichal recibe su nueva c\u00e9dula.<\/figcaption><\/figure>\n<p>\u201cEs un proceso inigualable. Me siento sumamente orgulloso de estar aqu\u00ed recibiendo la c\u00e9dula. Creo que todos los ciudadanos se van a sentir orgullosos de la labor de la JCE, de Rom\u00e1n J\u00e1quez y del Pleno\u201d, destac\u00f3 Juan Marichal, quien agradeci\u00f3 por el servicio y el trato del personal.<\/p>\n<p>Asimismo, Pedro Mart\u00ednez, calific\u00f3 el proceso como excelente y agradeci\u00f3 al Pleno de la JCE por haber asumido este compromiso con la naci\u00f3n con integridad y afianzando la seguridad de la identidad de cada ciudadano.<\/p>\n<figure id=\"attachment_2988870\" class=\"wp-caption alignnone\" aria-describedby=\"caption-attachment-2988870\"><img loading=\"lazy\" decoding=\"async\" class=\"size-medium wp-image-2988870 not-transparent\" src=\"https:\/\/i0.wp.com\/nuevodiario-assets.s3.us-east-2.amazonaws.com\/wp-content\/uploads\/2026\/02\/WhatsApp-Image-2026-02-02-at-6.36.00-PM-400x267.jpeg?resize=400%2C267&amp;quality=100&amp;ssl=1\" sizes=\"auto\" srcset=\"https:\/\/nuevodiario-assets.s3.us-east-2.amazonaws.com\/wp-content\/uploads\/2026\/02\/WhatsApp-Image-2026-02-02-at-6.36.00-PM.jpeg 400w, https:\/\/nuevodiario-assets.s3.us-east-2.amazonaws.com\/wp-content\/uploads\/2026\/02\/WhatsApp-Image-2026-02-02-at-6.36.00-PM.jpeg 800w, https:\/\/nuevodiario-assets.s3.us-east-2.amazonaws.com\/wp-content\/uploads\/2026\/02\/WhatsApp-Image-2026-02-02-at-6.36.00-PM.jpeg 768w, https:\/\/nuevodiario-assets.s3.us-east-2.amazonaws.com\/wp-content\/uploads\/2026\/02\/WhatsApp-Image-2026-02-02-at-6.36.00-PM.jpeg 410w, https:\/\/nuevodiario-assets.s3.us-east-2.amazonaws.com\/wp-content\/uploads\/2026\/02\/WhatsApp-Image-2026-02-02-at-6.36.00-PM.jpeg 600w, https:\/\/nuevodiario-assets.s3.us-east-2.amazonaws.com\/wp-content\/uploads\/2026\/02\/WhatsApp-Image-2026-02-02-at-6.36.00-PM.jpeg 1500w, https:\/\/nuevodiario-assets.s3.us-east-2.amazonaws.com\/wp-content\/uploads\/2026\/02\/WhatsApp-Image-2026-02-02-at-6.36.00-PM.jpeg 1280w,https:\/\/i0.wp.com\/nuevodiario-assets.s3.us-east-2.amazonaws.com\/wp-content\/uploads\/2026\/02\/WhatsApp-Image-2026-02-02-at-6.36.00-PM-400x267.jpeg?resize=730%2C488&amp;quality=100&amp;ssl=1&amp;_jb=custom 1920w\" alt=\"\" width=\"400\" height=\"267\" data-recalc-dims=\"1\" data-dominant-color=\"868892\" data-has-transparency=\"false\" \/><figcaption id=\"caption-attachment-2988870\" class=\"wp-caption-text\">Pedro Mart\u00ednez en el proceso para recibir su nueva c\u00e9dula.<\/figcaption><\/figure>\n<p>En tanto que David Ortiz agradeci\u00f3 la oportunidad y dijo que este proceso le env\u00eda un buen mensaje a la naci\u00f3n: que todo el mundo adquiera su documento de identidad a partir de abril en el mes de su nacimiento.<\/p>\n","protected":false},"excerpt":{"rendered":"<p>La Junta Central Electoral (JCE) continu\u00f3 este lunes con la entrega de la c\u00e9dula de identidad y electoral en el &#8230;<\/p>\n","protected":false},"author":2,"featured_media":210789,"comment_status":"closed","ping_status":"closed","sticky":false,"template":"","format":"standard","meta":{"footnotes":""},"categories":[28],"tags":[],"class_list":["post-210788","post","type-post","status-publish","format-standard","has-post-thumbnail","hentry","category-deportes"],"yoast_head":"<!-- This site is optimized with the Yoast SEO plugin v24.8.1 - https:\/\/yoast.com\/wordpress\/plugins\/seo\/ -->\n<title>JCE entrega nueva c\u00e9dula a miembros del Sal\u00f3n de la Fama de Cooperstown - PotenciaRadiofonicaDominicana.com<\/title>\n<meta name=\"robots\" content=\"index, follow, max-snippet:-1, max-image-preview:large, max-video-preview:-1\" \/>\n<link rel=\"canonical\" href=\"https:\/\/potenciaradiofonicadominicana.com\/portal\/jce-entrega-nueva-cedula-a-miembros-del-salon-de-la-fama-de-cooperstown\/\" \/>\n<meta property=\"og:locale\" content=\"es_ES\" \/>\n<meta property=\"og:type\" content=\"article\" \/>\n<meta property=\"og:title\" content=\"JCE entrega nueva c\u00e9dula a miembros del Sal\u00f3n de la Fama de Cooperstown - PotenciaRadiofonicaDominicana.com\" \/>\n<meta property=\"og:description\" content=\"La Junta Central Electoral (JCE) continu\u00f3 este lunes con la entrega de la c\u00e9dula de identidad y electoral en el ...\" \/>\n<meta property=\"og:url\" content=\"https:\/\/potenciaradiofonicadominicana.com\/portal\/jce-entrega-nueva-cedula-a-miembros-del-salon-de-la-fama-de-cooperstown\/\" \/>\n<meta property=\"og:site_name\" content=\"PotenciaRadiofonicaDominicana.com\" \/>\n<meta property=\"article:publisher\" content=\"https:\/\/web.facebook.com\/PotenciaRadiofonicaD\" \/>\n<meta property=\"article:published_time\" content=\"2026-02-03T01:48:53+00:00\" \/>\n<meta property=\"og:image\" content=\"https:\/\/potenciaradiofonicadominicana.com\/portal\/wp-content\/uploads\/2026\/02\/WhatsApp-Image-2026-02-02-at-6.35.59-PM.jpeg\" \/>\n\t<meta property=\"og:image:width\" content=\"1500\" \/>\n\t<meta property=\"og:image:height\" content=\"1002\" \/>\n\t<meta property=\"og:image:type\" content=\"image\/jpeg\" \/>\n<meta name=\"author\" content=\"Potencia Radiof\u00f3nica Dominicana\" \/>\n<meta name=\"twitter:card\" content=\"summary_large_image\" \/>\n<meta name=\"twitter:label1\" content=\"Escrito por\" \/>\n\t<meta name=\"twitter:data1\" content=\"Potencia Radiof\u00f3nica Dominicana\" \/>\n\t<meta name=\"twitter:label2\" content=\"Tiempo de lectura\" \/>\n\t<meta name=\"twitter:data2\" content=\"3 minutos\" \/>\n<script type=\"application\/ld+json\" class=\"yoast-schema-graph\">{\"@context\":\"https:\/\/schema.org\",\"@graph\":[{\"@type\":\"Article\",\"@id\":\"https:\/\/potenciaradiofonicadominicana.com\/portal\/jce-entrega-nueva-cedula-a-miembros-del-salon-de-la-fama-de-cooperstown\/#article\",\"isPartOf\":{\"@id\":\"https:\/\/potenciaradiofonicadominicana.com\/portal\/jce-entrega-nueva-cedula-a-miembros-del-salon-de-la-fama-de-cooperstown\/\"},\"author\":{\"name\":\"Potencia Radiof\u00f3nica Dominicana\",\"@id\":\"https:\/\/potenciaradiofonicadominicana.com\/portal\/#\/schema\/person\/a5cf1fea13877803ee0573ac18b03490\"},\"headline\":\"JCE entrega nueva c\u00e9dula a miembros del Sal\u00f3n de la Fama de Cooperstown\",\"datePublished\":\"2026-02-03T01:48:53+00:00\",\"mainEntityOfPage\":{\"@id\":\"https:\/\/potenciaradiofonicadominicana.com\/portal\/jce-entrega-nueva-cedula-a-miembros-del-salon-de-la-fama-de-cooperstown\/\"},\"wordCount\":397,\"publisher\":{\"@id\":\"https:\/\/potenciaradiofonicadominicana.com\/portal\/#organization\"},\"image\":{\"@id\":\"https:\/\/potenciaradiofonicadominicana.com\/portal\/jce-entrega-nueva-cedula-a-miembros-del-salon-de-la-fama-de-cooperstown\/#primaryimage\"},\"thumbnailUrl\":\"https:\/\/potenciaradiofonicadominicana.com\/portal\/wp-content\/uploads\/2026\/02\/WhatsApp-Image-2026-02-02-at-6.35.59-PM.jpeg\",\"articleSection\":[\"Deportes\"],\"inLanguage\":\"es\"},{\"@type\":\"WebPage\",\"@id\":\"https:\/\/potenciaradiofonicadominicana.com\/portal\/jce-entrega-nueva-cedula-a-miembros-del-salon-de-la-fama-de-cooperstown\/\",\"url\":\"https:\/\/potenciaradiofonicadominicana.com\/portal\/jce-entrega-nueva-cedula-a-miembros-del-salon-de-la-fama-de-cooperstown\/\",\"name\":\"JCE entrega nueva c\u00e9dula a miembros del Sal\u00f3n de la Fama de Cooperstown - PotenciaRadiofonicaDominicana.com\",\"isPartOf\":{\"@id\":\"https:\/\/potenciaradiofonicadominicana.com\/portal\/#website\"},\"primaryImageOfPage\":{\"@id\":\"https:\/\/potenciaradiofonicadominicana.com\/portal\/jce-entrega-nueva-cedula-a-miembros-del-salon-de-la-fama-de-cooperstown\/#primaryimage\"},\"image\":{\"@id\":\"https:\/\/potenciaradiofonicadominicana.com\/portal\/jce-entrega-nueva-cedula-a-miembros-del-salon-de-la-fama-de-cooperstown\/#primaryimage\"},\"thumbnailUrl\":\"https:\/\/potenciaradiofonicadominicana.com\/portal\/wp-content\/uploads\/2026\/02\/WhatsApp-Image-2026-02-02-at-6.35.59-PM.jpeg\",\"datePublished\":\"2026-02-03T01:48:53+00:00\",\"breadcrumb\":{\"@id\":\"https:\/\/potenciaradiofonicadominicana.com\/portal\/jce-entrega-nueva-cedula-a-miembros-del-salon-de-la-fama-de-cooperstown\/#breadcrumb\"},\"inLanguage\":\"es\",\"potentialAction\":[{\"@type\":\"ReadAction\",\"target\":[\"https:\/\/potenciaradiofonicadominicana.com\/portal\/jce-entrega-nueva-cedula-a-miembros-del-salon-de-la-fama-de-cooperstown\/\"]}]},{\"@type\":\"ImageObject\",\"inLanguage\":\"es\",\"@id\":\"https:\/\/potenciaradiofonicadominicana.com\/portal\/jce-entrega-nueva-cedula-a-miembros-del-salon-de-la-fama-de-cooperstown\/#primaryimage\",\"url\":\"https:\/\/potenciaradiofonicadominicana.com\/portal\/wp-content\/uploads\/2026\/02\/WhatsApp-Image-2026-02-02-at-6.35.59-PM.jpeg\",\"contentUrl\":\"https:\/\/potenciaradiofonicadominicana.com\/portal\/wp-content\/uploads\/2026\/02\/WhatsApp-Image-2026-02-02-at-6.35.59-PM.jpeg\",\"width\":1500,\"height\":1002},{\"@type\":\"BreadcrumbList\",\"@id\":\"https:\/\/potenciaradiofonicadominicana.com\/portal\/jce-entrega-nueva-cedula-a-miembros-del-salon-de-la-fama-de-cooperstown\/#breadcrumb\",\"itemListElement\":[{\"@type\":\"ListItem\",\"position\":1,\"name\":\"Portada\",\"item\":\"https:\/\/potenciaradiofonicadominicana.com\/portal\/\"},{\"@type\":\"ListItem\",\"position\":2,\"name\":\"JCE entrega nueva c\u00e9dula a miembros del Sal\u00f3n de la Fama de Cooperstown\"}]},{\"@type\":\"WebSite\",\"@id\":\"https:\/\/potenciaradiofonicadominicana.com\/portal\/#website\",\"url\":\"https:\/\/potenciaradiofonicadominicana.com\/portal\/\",\"name\":\"PotenciaRadiofonicaDominicana.com\",\"description\":\"Peri\u00f3dico Digital\",\"publisher\":{\"@id\":\"https:\/\/potenciaradiofonicadominicana.com\/portal\/#organization\"},\"potentialAction\":[{\"@type\":\"SearchAction\",\"target\":{\"@type\":\"EntryPoint\",\"urlTemplate\":\"https:\/\/potenciaradiofonicadominicana.com\/portal\/?s={search_term_string}\"},\"query-input\":{\"@type\":\"PropertyValueSpecification\",\"valueRequired\":true,\"valueName\":\"search_term_string\"}}],\"inLanguage\":\"es\"},{\"@type\":\"Organization\",\"@id\":\"https:\/\/potenciaradiofonicadominicana.com\/portal\/#organization\",\"name\":\"PotenciaRadiofonicaDominicana.com\",\"url\":\"https:\/\/potenciaradiofonicadominicana.com\/portal\/\",\"logo\":{\"@type\":\"ImageObject\",\"inLanguage\":\"es\",\"@id\":\"https:\/\/potenciaradiofonicadominicana.com\/portal\/#\/schema\/logo\/image\/\",\"url\":\"https:\/\/potenciaradiofonicadominicana.com\/portal\/wp-content\/uploads\/2022\/01\/descarga.png\",\"contentUrl\":\"https:\/\/potenciaradiofonicadominicana.com\/portal\/wp-content\/uploads\/2022\/01\/descarga.png\",\"width\":300,\"height\":100,\"caption\":\"PotenciaRadiofonicaDominicana.com\"},\"image\":{\"@id\":\"https:\/\/potenciaradiofonicadominicana.com\/portal\/#\/schema\/logo\/image\/\"},\"sameAs\":[\"https:\/\/web.facebook.com\/PotenciaRadiofonicaD\"]},{\"@type\":\"Person\",\"@id\":\"https:\/\/potenciaradiofonicadominicana.com\/portal\/#\/schema\/person\/a5cf1fea13877803ee0573ac18b03490\",\"name\":\"Potencia Radiof\u00f3nica Dominicana\",\"image\":{\"@type\":\"ImageObject\",\"inLanguage\":\"es\",\"@id\":\"https:\/\/potenciaradiofonicadominicana.com\/portal\/#\/schema\/person\/image\/\",\"url\":\"https:\/\/secure.gravatar.com\/avatar\/42a55ab9e8ccc656ba34cd791990602a?s=96&d=mm&r=g\",\"contentUrl\":\"https:\/\/secure.gravatar.com\/avatar\/42a55ab9e8ccc656ba34cd791990602a?s=96&d=mm&r=g\",\"caption\":\"Potencia Radiof\u00f3nica Dominicana\"},\"url\":\"https:\/\/potenciaradiofonicadominicana.com\/portal\/author\/johannyalmanzar\/\"}]}<\/script>\n<!-- \/ Yoast SEO plugin. -->","yoast_head_json":{"title":"JCE entrega nueva c\u00e9dula a miembros del Sal\u00f3n de la Fama de Cooperstown - PotenciaRadiofonicaDominicana.com","robots":{"index":"index","follow":"follow","max-snippet":"max-snippet:-1","max-image-preview":"max-image-preview:large","max-video-preview":"max-video-preview:-1"},"canonical":"https:\/\/potenciaradiofonicadominicana.com\/portal\/jce-entrega-nueva-cedula-a-miembros-del-salon-de-la-fama-de-cooperstown\/","og_locale":"es_ES","og_type":"article","og_title":"JCE entrega nueva c\u00e9dula a miembros del Sal\u00f3n de la Fama de Cooperstown - PotenciaRadiofonicaDominicana.com","og_description":"La Junta Central Electoral (JCE) continu\u00f3 este lunes con la entrega de la c\u00e9dula de identidad y electoral en el ...","og_url":"https:\/\/potenciaradiofonicadominicana.com\/portal\/jce-entrega-nueva-cedula-a-miembros-del-salon-de-la-fama-de-cooperstown\/","og_site_name":"PotenciaRadiofonicaDominicana.com","article_publisher":"https:\/\/web.facebook.com\/PotenciaRadiofonicaD","article_published_time":"2026-02-03T01:48:53+00:00","og_image":[{"width":1500,"height":1002,"url":"https:\/\/potenciaradiofonicadominicana.com\/portal\/wp-content\/uploads\/2026\/02\/WhatsApp-Image-2026-02-02-at-6.35.59-PM.jpeg","type":"image\/jpeg"}],"author":"Potencia Radiof\u00f3nica Dominicana","twitter_card":"summary_large_image","twitter_misc":{"Escrito por":"Potencia Radiof\u00f3nica Dominicana","Tiempo de lectura":"3 minutos"},"schema":{"@context":"https:\/\/schema.org","@graph":[{"@type":"Article","@id":"https:\/\/potenciaradiofonicadominicana.com\/portal\/jce-entrega-nueva-cedula-a-miembros-del-salon-de-la-fama-de-cooperstown\/#article","isPartOf":{"@id":"https:\/\/potenciaradiofonicadominicana.com\/portal\/jce-entrega-nueva-cedula-a-miembros-del-salon-de-la-fama-de-cooperstown\/"},"author":{"name":"Potencia Radiof\u00f3nica Dominicana","@id":"https:\/\/potenciaradiofonicadominicana.com\/portal\/#\/schema\/person\/a5cf1fea13877803ee0573ac18b03490"},"headline":"JCE entrega nueva c\u00e9dula a miembros del Sal\u00f3n de la Fama de Cooperstown","datePublished":"2026-02-03T01:48:53+00:00","mainEntityOfPage":{"@id":"https:\/\/potenciaradiofonicadominicana.com\/portal\/jce-entrega-nueva-cedula-a-miembros-del-salon-de-la-fama-de-cooperstown\/"},"wordCount":397,"publisher":{"@id":"https:\/\/potenciaradiofonicadominicana.com\/portal\/#organization"},"image":{"@id":"https:\/\/potenciaradiofonicadominicana.com\/portal\/jce-entrega-nueva-cedula-a-miembros-del-salon-de-la-fama-de-cooperstown\/#primaryimage"},"thumbnailUrl":"https:\/\/potenciaradiofonicadominicana.com\/portal\/wp-content\/uploads\/2026\/02\/WhatsApp-Image-2026-02-02-at-6.35.59-PM.jpeg","articleSection":["Deportes"],"inLanguage":"es"},{"@type":"WebPage","@id":"https:\/\/potenciaradiofonicadominicana.com\/portal\/jce-entrega-nueva-cedula-a-miembros-del-salon-de-la-fama-de-cooperstown\/","url":"https:\/\/potenciaradiofonicadominicana.com\/portal\/jce-entrega-nueva-cedula-a-miembros-del-salon-de-la-fama-de-cooperstown\/","name":"JCE entrega nueva c\u00e9dula a miembros del Sal\u00f3n de la Fama de Cooperstown - PotenciaRadiofonicaDominicana.com","isPartOf":{"@id":"https:\/\/potenciaradiofonicadominicana.com\/portal\/#website"},"primaryImageOfPage":{"@id":"https:\/\/potenciaradiofonicadominicana.com\/portal\/jce-entrega-nueva-cedula-a-miembros-del-salon-de-la-fama-de-cooperstown\/#primaryimage"},"image":{"@id":"https:\/\/potenciaradiofonicadominicana.com\/portal\/jce-entrega-nueva-cedula-a-miembros-del-salon-de-la-fama-de-cooperstown\/#primaryimage"},"thumbnailUrl":"https:\/\/potenciaradiofonicadominicana.com\/portal\/wp-content\/uploads\/2026\/02\/WhatsApp-Image-2026-02-02-at-6.35.59-PM.jpeg","datePublished":"2026-02-03T01:48:53+00:00","breadcrumb":{"@id":"https:\/\/potenciaradiofonicadominicana.com\/portal\/jce-entrega-nueva-cedula-a-miembros-del-salon-de-la-fama-de-cooperstown\/#breadcrumb"},"inLanguage":"es","potentialAction":[{"@type":"ReadAction","target":["https:\/\/potenciaradiofonicadominicana.com\/portal\/jce-entrega-nueva-cedula-a-miembros-del-salon-de-la-fama-de-cooperstown\/"]}]},{"@type":"ImageObject","inLanguage":"es","@id":"https:\/\/potenciaradiofonicadominicana.com\/portal\/jce-entrega-nueva-cedula-a-miembros-del-salon-de-la-fama-de-cooperstown\/#primaryimage","url":"https:\/\/potenciaradiofonicadominicana.com\/portal\/wp-content\/uploads\/2026\/02\/WhatsApp-Image-2026-02-02-at-6.35.59-PM.jpeg","contentUrl":"https:\/\/potenciaradiofonicadominicana.com\/portal\/wp-content\/uploads\/2026\/02\/WhatsApp-Image-2026-02-02-at-6.35.59-PM.jpeg","width":1500,"height":1002},{"@type":"BreadcrumbList","@id":"https:\/\/potenciaradiofonicadominicana.com\/portal\/jce-entrega-nueva-cedula-a-miembros-del-salon-de-la-fama-de-cooperstown\/#breadcrumb","itemListElement":[{"@type":"ListItem","position":1,"name":"Portada","item":"https:\/\/potenciaradiofonicadominicana.com\/portal\/"},{"@type":"ListItem","position":2,"name":"JCE entrega nueva c\u00e9dula a miembros del Sal\u00f3n de la Fama de Cooperstown"}]},{"@type":"WebSite","@id":"https:\/\/potenciaradiofonicadominicana.com\/portal\/#website","url":"https:\/\/potenciaradiofonicadominicana.com\/portal\/","name":"PotenciaRadiofonicaDominicana.com","description":"Peri\u00f3dico Digital","publisher":{"@id":"https:\/\/potenciaradiofonicadominicana.com\/portal\/#organization"},"potentialAction":[{"@type":"SearchAction","target":{"@type":"EntryPoint","urlTemplate":"https:\/\/potenciaradiofonicadominicana.com\/portal\/?s={search_term_string}"},"query-input":{"@type":"PropertyValueSpecification","valueRequired":true,"valueName":"search_term_string"}}],"inLanguage":"es"},{"@type":"Organization","@id":"https:\/\/potenciaradiofonicadominicana.com\/portal\/#organization","name":"PotenciaRadiofonicaDominicana.com","url":"https:\/\/potenciaradiofonicadominicana.com\/portal\/","logo":{"@type":"ImageObject","inLanguage":"es","@id":"https:\/\/potenciaradiofonicadominicana.com\/portal\/#\/schema\/logo\/image\/","url":"https:\/\/potenciaradiofonicadominicana.com\/portal\/wp-content\/uploads\/2022\/01\/descarga.png","contentUrl":"https:\/\/potenciaradiofonicadominicana.com\/portal\/wp-content\/uploads\/2022\/01\/descarga.png","width":300,"height":100,"caption":"PotenciaRadiofonicaDominicana.com"},"image":{"@id":"https:\/\/potenciaradiofonicadominicana.com\/portal\/#\/schema\/logo\/image\/"},"sameAs":["https:\/\/web.facebook.com\/PotenciaRadiofonicaD"]},{"@type":"Person","@id":"https:\/\/potenciaradiofonicadominicana.com\/portal\/#\/schema\/person\/a5cf1fea13877803ee0573ac18b03490","name":"Potencia Radiof\u00f3nica Dominicana","image":{"@type":"ImageObject","inLanguage":"es","@id":"https:\/\/potenciaradiofonicadominicana.com\/portal\/#\/schema\/person\/image\/","url":"https:\/\/secure.gravatar.com\/avatar\/42a55ab9e8ccc656ba34cd791990602a?s=96&d=mm&r=g","contentUrl":"https:\/\/secure.gravatar.com\/avatar\/42a55ab9e8ccc656ba34cd791990602a?s=96&d=mm&r=g","caption":"Potencia Radiof\u00f3nica Dominicana"},"url":"https:\/\/potenciaradiofonicadominicana.com\/portal\/author\/johannyalmanzar\/"}]}},"_links":{"self":[{"href":"https:\/\/potenciaradiofonicadominicana.com\/portal\/wp-json\/wp\/v2\/posts\/210788","targetHints":{"allow":["GET"]}}],"collection":[{"href":"https:\/\/potenciaradiofonicadominicana.com\/portal\/wp-json\/wp\/v2\/posts"}],"about":[{"href":"https:\/\/potenciaradiofonicadominicana.com\/portal\/wp-json\/wp\/v2\/types\/post"}],"author":[{"embeddable":true,"href":"https:\/\/potenciaradiofonicadominicana.com\/portal\/wp-json\/wp\/v2\/users\/2"}],"replies":[{"embeddable":true,"href":"https:\/\/potenciaradiofonicadominicana.com\/portal\/wp-json\/wp\/v2\/comments?post=210788"}],"version-history":[{"count":1,"href":"https:\/\/potenciaradiofonicadominicana.com\/portal\/wp-json\/wp\/v2\/posts\/210788\/revisions"}],"predecessor-version":[{"id":210790,"href":"https:\/\/potenciaradiofonicadominicana.com\/portal\/wp-json\/wp\/v2\/posts\/210788\/revisions\/210790"}],"wp:featuredmedia":[{"embeddable":true,"href":"https:\/\/potenciaradiofonicadominicana.com\/portal\/wp-json\/wp\/v2\/media\/210789"}],"wp:attachment":[{"href":"https:\/\/potenciaradiofonicadominicana.com\/portal\/wp-json\/wp\/v2\/media?parent=210788"}],"wp:term":[{"taxonomy":"category","embeddable":true,"href":"https:\/\/potenciaradiofonicadominicana.com\/portal\/wp-json\/wp\/v2\/categories?post=210788"},{"taxonomy":"post_tag","embeddable":true,"href":"https:\/\/potenciaradiofonicadominicana.com\/portal\/wp-json\/wp\/v2\/tags?post=210788"}],"curies":[{"name":"wp","href":"https:\/\/api.w.org\/{rel}","templated":true}]}}