{"id":210782,"date":"2026-02-02T21:37:32","date_gmt":"2026-02-03T01:37:32","guid":{"rendered":"https:\/\/potenciaradiofonicadominicana.com\/portal\/?p=210782"},"modified":"2026-02-02T21:37:32","modified_gmt":"2026-02-03T01:37:32","slug":"punta-cana-celebra-3ra-edicion-de-polo-femenino","status":"publish","type":"post","link":"https:\/\/potenciaradiofonicadominicana.com\/portal\/punta-cana-celebra-3ra-edicion-de-polo-femenino\/","title":{"rendered":"Punta Cana celebra 3ra edici\u00f3n de polo femenino"},"content":{"rendered":"<p><a href=\"https:\/\/potenciaradiofonicadominicana.com\/portal\/wp-content\/uploads\/2026\/02\/img-20260201-wa0027-1024x668-1.jpg\"><img loading=\"lazy\" decoding=\"async\" class=\"alignnone size-full wp-image-210783\" src=\"https:\/\/potenciaradiofonicadominicana.com\/portal\/wp-content\/uploads\/2026\/02\/img-20260201-wa0027-1024x668-1.jpg\" alt=\"\" width=\"1024\" height=\"668\" srcset=\"https:\/\/potenciaradiofonicadominicana.com\/portal\/wp-content\/uploads\/2026\/02\/img-20260201-wa0027-1024x668-1.jpg 1024w, https:\/\/potenciaradiofonicadominicana.com\/portal\/wp-content\/uploads\/2026\/02\/img-20260201-wa0027-1024x668-1-300x196.jpg 300w, https:\/\/potenciaradiofonicadominicana.com\/portal\/wp-content\/uploads\/2026\/02\/img-20260201-wa0027-1024x668-1-768x501.jpg 768w\" sizes=\"auto, (max-width: 1024px) 100vw, 1024px\" \/><\/a><\/p>\n<p>Puntacana Resort celebr\u00f3 con \u00e9xito la 3.\u00aa Copa Internacional de Polo Femenino, un evento que consolida a Punta Cana como escenario de experiencias deportivas de alto nivel en el Caribe y refuerza su posicionamiento dentro del turismo especializado.<\/p>\n<p>En la actividad, Juan Tom\u00e1s D\u00edaz, presidente de Save the Children y de United Petroleum, destac\u00f3 que el polo femenino se consolida como un segmento del turismo deportivo en la Rep\u00fablica Dominicana, por su capacidad de atraer atletas internacionales, visitantes especializados y generar una experiencia que trasciende lo estrictamente competitivo.<\/p>\n<p>\u201cEsto es turismo deportivo real; es un segmento que se est\u00e1 desarrollando. Aqu\u00ed no solo se juega polo; se genera movimiento tur\u00edstico, se crea comunidad y se vive una experiencia que va m\u00e1s all\u00e1 de la competencia. Hay personas que no juegan polo, pero vienen por el ambiente y la mentalidad que compartimos, donde primero est\u00e1 la amistad y luego el juego\u201d, expres\u00f3.<\/p>\n<p>D\u00edaz subray\u00f3 adem\u00e1s el impacto directo del evento en el turismo deportivo, al se\u00f1alar que en esta edici\u00f3n participaron 16 jugadores extranjeros y se registr\u00f3 una asistencia estimada de entre 600 y 700 espectadores, lo que evidencia el crecimiento y la proyecci\u00f3n internacional del polo femenino en el destino.<\/p>\n<p>Como parte del programa oficial, se realiz\u00f3 un acto simb\u00f3lico que marc\u00f3 el inicio de una nueva etapa para el Puntacana Polo Club, con la proyecci\u00f3n de construir dos nuevas canchas de polo en un plazo de uno a dos a\u00f1os, como parte de un plan de expansi\u00f3n orientado a fortalecer la pr\u00e1ctica del polo femenino y ampliar la infraestructura deportiva del destino.<\/p>\n<p>En ese mismo marco, Juan Tom\u00e1s D\u00edaz tambi\u00e9n hizo referencia al componente social y formativo que acompa\u00f1a el desarrollo de esta disciplina.<\/p>\n<p>\u201cHoy contamos con cerca de 40 alumnas; muchas de las que hoy juegan aprendieron aqu\u00ed. De eso se trata: de formar, incentivar y motivar a trav\u00e9s del deporte\u201d, expres\u00f3.<\/p>\n<p>El torneo se llev\u00f3 a cabo el s\u00e1bado 31 de enero en las instalaciones del Puntacana Polo Club, reuniendo a atletas nacionales e internacionales, invitados especiales, representantes del sector tur\u00edstico, medios de comunicaci\u00f3n y miembros de la comunidad ecuestre, en un ambiente que combin\u00f3 competencia, tradici\u00f3n y elegancia.<\/p>\n<p>Con m\u00e1s de cinco d\u00e9cadas de trayectoria, Puntacana Resort contin\u00faa posicion\u00e1ndose como referente del turismo de lujo y deportivo en la regi\u00f3n, integrando experiencias que combinan deporte, comunidad y desarrollo sostenible.<\/p>\n<p>La 3.\u00aa Copa Internacional de Polo Femenino reafirma el crecimiento de esta disciplina en la Rep\u00fablica Dominicana y proyecta a Punta Cana como un punto estrat\u00e9gico para el desarrollo del turismo deportivo en el pais.<\/p>\n","protected":false},"excerpt":{"rendered":"<p>Puntacana Resort celebr\u00f3 con \u00e9xito la 3.\u00aa Copa Internacional de Polo Femenino, un evento que consolida a Punta Cana como &#8230;<\/p>\n","protected":false},"author":2,"featured_media":210783,"comment_status":"closed","ping_status":"closed","sticky":false,"template":"","format":"standard","meta":{"footnotes":""},"categories":[28],"tags":[],"class_list":["post-210782","post","type-post","status-publish","format-standard","has-post-thumbnail","hentry","category-deportes"],"yoast_head":"<!-- This site is optimized with the Yoast SEO plugin v24.8.1 - https:\/\/yoast.com\/wordpress\/plugins\/seo\/ -->\n<title>Punta Cana celebra 3ra edici\u00f3n de polo femenino - PotenciaRadiofonicaDominicana.com<\/title>\n<meta name=\"robots\" content=\"index, follow, max-snippet:-1, max-image-preview:large, max-video-preview:-1\" \/>\n<link rel=\"canonical\" href=\"https:\/\/potenciaradiofonicadominicana.com\/portal\/punta-cana-celebra-3ra-edicion-de-polo-femenino\/\" \/>\n<meta property=\"og:locale\" content=\"es_ES\" \/>\n<meta property=\"og:type\" content=\"article\" \/>\n<meta property=\"og:title\" content=\"Punta Cana celebra 3ra edici\u00f3n de polo femenino - PotenciaRadiofonicaDominicana.com\" \/>\n<meta property=\"og:description\" content=\"Puntacana Resort celebr\u00f3 con \u00e9xito la 3.\u00aa Copa Internacional de Polo Femenino, un evento que consolida a Punta Cana como ...\" \/>\n<meta property=\"og:url\" content=\"https:\/\/potenciaradiofonicadominicana.com\/portal\/punta-cana-celebra-3ra-edicion-de-polo-femenino\/\" \/>\n<meta property=\"og:site_name\" content=\"PotenciaRadiofonicaDominicana.com\" \/>\n<meta property=\"article:publisher\" content=\"https:\/\/web.facebook.com\/PotenciaRadiofonicaD\" \/>\n<meta property=\"article:published_time\" content=\"2026-02-03T01:37:32+00:00\" \/>\n<meta property=\"og:image\" content=\"https:\/\/potenciaradiofonicadominicana.com\/portal\/wp-content\/uploads\/2026\/02\/img-20260201-wa0027-1024x668-1.jpg\" \/>\n\t<meta property=\"og:image:width\" content=\"1024\" \/>\n\t<meta property=\"og:image:height\" content=\"668\" \/>\n\t<meta property=\"og:image:type\" content=\"image\/jpeg\" \/>\n<meta name=\"author\" content=\"Potencia Radiof\u00f3nica Dominicana\" \/>\n<meta name=\"twitter:card\" content=\"summary_large_image\" \/>\n<meta name=\"twitter:label1\" content=\"Escrito por\" \/>\n\t<meta name=\"twitter:data1\" content=\"Potencia Radiof\u00f3nica Dominicana\" \/>\n\t<meta name=\"twitter:label2\" content=\"Tiempo de lectura\" \/>\n\t<meta name=\"twitter:data2\" content=\"3 minutos\" \/>\n<script type=\"application\/ld+json\" class=\"yoast-schema-graph\">{\"@context\":\"https:\/\/schema.org\",\"@graph\":[{\"@type\":\"Article\",\"@id\":\"https:\/\/potenciaradiofonicadominicana.com\/portal\/punta-cana-celebra-3ra-edicion-de-polo-femenino\/#article\",\"isPartOf\":{\"@id\":\"https:\/\/potenciaradiofonicadominicana.com\/portal\/punta-cana-celebra-3ra-edicion-de-polo-femenino\/\"},\"author\":{\"name\":\"Potencia Radiof\u00f3nica Dominicana\",\"@id\":\"https:\/\/potenciaradiofonicadominicana.com\/portal\/#\/schema\/person\/a5cf1fea13877803ee0573ac18b03490\"},\"headline\":\"Punta Cana celebra 3ra edici\u00f3n de polo femenino\",\"datePublished\":\"2026-02-03T01:37:32+00:00\",\"mainEntityOfPage\":{\"@id\":\"https:\/\/potenciaradiofonicadominicana.com\/portal\/punta-cana-celebra-3ra-edicion-de-polo-femenino\/\"},\"wordCount\":461,\"publisher\":{\"@id\":\"https:\/\/potenciaradiofonicadominicana.com\/portal\/#organization\"},\"image\":{\"@id\":\"https:\/\/potenciaradiofonicadominicana.com\/portal\/punta-cana-celebra-3ra-edicion-de-polo-femenino\/#primaryimage\"},\"thumbnailUrl\":\"https:\/\/potenciaradiofonicadominicana.com\/portal\/wp-content\/uploads\/2026\/02\/img-20260201-wa0027-1024x668-1.jpg\",\"articleSection\":[\"Deportes\"],\"inLanguage\":\"es\"},{\"@type\":\"WebPage\",\"@id\":\"https:\/\/potenciaradiofonicadominicana.com\/portal\/punta-cana-celebra-3ra-edicion-de-polo-femenino\/\",\"url\":\"https:\/\/potenciaradiofonicadominicana.com\/portal\/punta-cana-celebra-3ra-edicion-de-polo-femenino\/\",\"name\":\"Punta Cana celebra 3ra edici\u00f3n de polo femenino - PotenciaRadiofonicaDominicana.com\",\"isPartOf\":{\"@id\":\"https:\/\/potenciaradiofonicadominicana.com\/portal\/#website\"},\"primaryImageOfPage\":{\"@id\":\"https:\/\/potenciaradiofonicadominicana.com\/portal\/punta-cana-celebra-3ra-edicion-de-polo-femenino\/#primaryimage\"},\"image\":{\"@id\":\"https:\/\/potenciaradiofonicadominicana.com\/portal\/punta-cana-celebra-3ra-edicion-de-polo-femenino\/#primaryimage\"},\"thumbnailUrl\":\"https:\/\/potenciaradiofonicadominicana.com\/portal\/wp-content\/uploads\/2026\/02\/img-20260201-wa0027-1024x668-1.jpg\",\"datePublished\":\"2026-02-03T01:37:32+00:00\",\"breadcrumb\":{\"@id\":\"https:\/\/potenciaradiofonicadominicana.com\/portal\/punta-cana-celebra-3ra-edicion-de-polo-femenino\/#breadcrumb\"},\"inLanguage\":\"es\",\"potentialAction\":[{\"@type\":\"ReadAction\",\"target\":[\"https:\/\/potenciaradiofonicadominicana.com\/portal\/punta-cana-celebra-3ra-edicion-de-polo-femenino\/\"]}]},{\"@type\":\"ImageObject\",\"inLanguage\":\"es\",\"@id\":\"https:\/\/potenciaradiofonicadominicana.com\/portal\/punta-cana-celebra-3ra-edicion-de-polo-femenino\/#primaryimage\",\"url\":\"https:\/\/potenciaradiofonicadominicana.com\/portal\/wp-content\/uploads\/2026\/02\/img-20260201-wa0027-1024x668-1.jpg\",\"contentUrl\":\"https:\/\/potenciaradiofonicadominicana.com\/portal\/wp-content\/uploads\/2026\/02\/img-20260201-wa0027-1024x668-1.jpg\",\"width\":1024,\"height\":668},{\"@type\":\"BreadcrumbList\",\"@id\":\"https:\/\/potenciaradiofonicadominicana.com\/portal\/punta-cana-celebra-3ra-edicion-de-polo-femenino\/#breadcrumb\",\"itemListElement\":[{\"@type\":\"ListItem\",\"position\":1,\"name\":\"Portada\",\"item\":\"https:\/\/potenciaradiofonicadominicana.com\/portal\/\"},{\"@type\":\"ListItem\",\"position\":2,\"name\":\"Punta Cana celebra 3ra edici\u00f3n de polo femenino\"}]},{\"@type\":\"WebSite\",\"@id\":\"https:\/\/potenciaradiofonicadominicana.com\/portal\/#website\",\"url\":\"https:\/\/potenciaradiofonicadominicana.com\/portal\/\",\"name\":\"PotenciaRadiofonicaDominicana.com\",\"description\":\"Peri\u00f3dico Digital\",\"publisher\":{\"@id\":\"https:\/\/potenciaradiofonicadominicana.com\/portal\/#organization\"},\"potentialAction\":[{\"@type\":\"SearchAction\",\"target\":{\"@type\":\"EntryPoint\",\"urlTemplate\":\"https:\/\/potenciaradiofonicadominicana.com\/portal\/?s={search_term_string}\"},\"query-input\":{\"@type\":\"PropertyValueSpecification\",\"valueRequired\":true,\"valueName\":\"search_term_string\"}}],\"inLanguage\":\"es\"},{\"@type\":\"Organization\",\"@id\":\"https:\/\/potenciaradiofonicadominicana.com\/portal\/#organization\",\"name\":\"PotenciaRadiofonicaDominicana.com\",\"url\":\"https:\/\/potenciaradiofonicadominicana.com\/portal\/\",\"logo\":{\"@type\":\"ImageObject\",\"inLanguage\":\"es\",\"@id\":\"https:\/\/potenciaradiofonicadominicana.com\/portal\/#\/schema\/logo\/image\/\",\"url\":\"https:\/\/potenciaradiofonicadominicana.com\/portal\/wp-content\/uploads\/2022\/01\/descarga.png\",\"contentUrl\":\"https:\/\/potenciaradiofonicadominicana.com\/portal\/wp-content\/uploads\/2022\/01\/descarga.png\",\"width\":300,\"height\":100,\"caption\":\"PotenciaRadiofonicaDominicana.com\"},\"image\":{\"@id\":\"https:\/\/potenciaradiofonicadominicana.com\/portal\/#\/schema\/logo\/image\/\"},\"sameAs\":[\"https:\/\/web.facebook.com\/PotenciaRadiofonicaD\"]},{\"@type\":\"Person\",\"@id\":\"https:\/\/potenciaradiofonicadominicana.com\/portal\/#\/schema\/person\/a5cf1fea13877803ee0573ac18b03490\",\"name\":\"Potencia Radiof\u00f3nica Dominicana\",\"image\":{\"@type\":\"ImageObject\",\"inLanguage\":\"es\",\"@id\":\"https:\/\/potenciaradiofonicadominicana.com\/portal\/#\/schema\/person\/image\/\",\"url\":\"https:\/\/secure.gravatar.com\/avatar\/42a55ab9e8ccc656ba34cd791990602a?s=96&d=mm&r=g\",\"contentUrl\":\"https:\/\/secure.gravatar.com\/avatar\/42a55ab9e8ccc656ba34cd791990602a?s=96&d=mm&r=g\",\"caption\":\"Potencia Radiof\u00f3nica Dominicana\"},\"url\":\"https:\/\/potenciaradiofonicadominicana.com\/portal\/author\/johannyalmanzar\/\"}]}<\/script>\n<!-- \/ Yoast SEO plugin. -->","yoast_head_json":{"title":"Punta Cana celebra 3ra edici\u00f3n de polo femenino - PotenciaRadiofonicaDominicana.com","robots":{"index":"index","follow":"follow","max-snippet":"max-snippet:-1","max-image-preview":"max-image-preview:large","max-video-preview":"max-video-preview:-1"},"canonical":"https:\/\/potenciaradiofonicadominicana.com\/portal\/punta-cana-celebra-3ra-edicion-de-polo-femenino\/","og_locale":"es_ES","og_type":"article","og_title":"Punta Cana celebra 3ra edici\u00f3n de polo femenino - PotenciaRadiofonicaDominicana.com","og_description":"Puntacana Resort celebr\u00f3 con \u00e9xito la 3.\u00aa Copa Internacional de Polo Femenino, un evento que consolida a Punta Cana como ...","og_url":"https:\/\/potenciaradiofonicadominicana.com\/portal\/punta-cana-celebra-3ra-edicion-de-polo-femenino\/","og_site_name":"PotenciaRadiofonicaDominicana.com","article_publisher":"https:\/\/web.facebook.com\/PotenciaRadiofonicaD","article_published_time":"2026-02-03T01:37:32+00:00","og_image":[{"width":1024,"height":668,"url":"https:\/\/potenciaradiofonicadominicana.com\/portal\/wp-content\/uploads\/2026\/02\/img-20260201-wa0027-1024x668-1.jpg","type":"image\/jpeg"}],"author":"Potencia Radiof\u00f3nica Dominicana","twitter_card":"summary_large_image","twitter_misc":{"Escrito por":"Potencia Radiof\u00f3nica Dominicana","Tiempo de lectura":"3 minutos"},"schema":{"@context":"https:\/\/schema.org","@graph":[{"@type":"Article","@id":"https:\/\/potenciaradiofonicadominicana.com\/portal\/punta-cana-celebra-3ra-edicion-de-polo-femenino\/#article","isPartOf":{"@id":"https:\/\/potenciaradiofonicadominicana.com\/portal\/punta-cana-celebra-3ra-edicion-de-polo-femenino\/"},"author":{"name":"Potencia Radiof\u00f3nica Dominicana","@id":"https:\/\/potenciaradiofonicadominicana.com\/portal\/#\/schema\/person\/a5cf1fea13877803ee0573ac18b03490"},"headline":"Punta Cana celebra 3ra edici\u00f3n de polo femenino","datePublished":"2026-02-03T01:37:32+00:00","mainEntityOfPage":{"@id":"https:\/\/potenciaradiofonicadominicana.com\/portal\/punta-cana-celebra-3ra-edicion-de-polo-femenino\/"},"wordCount":461,"publisher":{"@id":"https:\/\/potenciaradiofonicadominicana.com\/portal\/#organization"},"image":{"@id":"https:\/\/potenciaradiofonicadominicana.com\/portal\/punta-cana-celebra-3ra-edicion-de-polo-femenino\/#primaryimage"},"thumbnailUrl":"https:\/\/potenciaradiofonicadominicana.com\/portal\/wp-content\/uploads\/2026\/02\/img-20260201-wa0027-1024x668-1.jpg","articleSection":["Deportes"],"inLanguage":"es"},{"@type":"WebPage","@id":"https:\/\/potenciaradiofonicadominicana.com\/portal\/punta-cana-celebra-3ra-edicion-de-polo-femenino\/","url":"https:\/\/potenciaradiofonicadominicana.com\/portal\/punta-cana-celebra-3ra-edicion-de-polo-femenino\/","name":"Punta Cana celebra 3ra edici\u00f3n de polo femenino - PotenciaRadiofonicaDominicana.com","isPartOf":{"@id":"https:\/\/potenciaradiofonicadominicana.com\/portal\/#website"},"primaryImageOfPage":{"@id":"https:\/\/potenciaradiofonicadominicana.com\/portal\/punta-cana-celebra-3ra-edicion-de-polo-femenino\/#primaryimage"},"image":{"@id":"https:\/\/potenciaradiofonicadominicana.com\/portal\/punta-cana-celebra-3ra-edicion-de-polo-femenino\/#primaryimage"},"thumbnailUrl":"https:\/\/potenciaradiofonicadominicana.com\/portal\/wp-content\/uploads\/2026\/02\/img-20260201-wa0027-1024x668-1.jpg","datePublished":"2026-02-03T01:37:32+00:00","breadcrumb":{"@id":"https:\/\/potenciaradiofonicadominicana.com\/portal\/punta-cana-celebra-3ra-edicion-de-polo-femenino\/#breadcrumb"},"inLanguage":"es","potentialAction":[{"@type":"ReadAction","target":["https:\/\/potenciaradiofonicadominicana.com\/portal\/punta-cana-celebra-3ra-edicion-de-polo-femenino\/"]}]},{"@type":"ImageObject","inLanguage":"es","@id":"https:\/\/potenciaradiofonicadominicana.com\/portal\/punta-cana-celebra-3ra-edicion-de-polo-femenino\/#primaryimage","url":"https:\/\/potenciaradiofonicadominicana.com\/portal\/wp-content\/uploads\/2026\/02\/img-20260201-wa0027-1024x668-1.jpg","contentUrl":"https:\/\/potenciaradiofonicadominicana.com\/portal\/wp-content\/uploads\/2026\/02\/img-20260201-wa0027-1024x668-1.jpg","width":1024,"height":668},{"@type":"BreadcrumbList","@id":"https:\/\/potenciaradiofonicadominicana.com\/portal\/punta-cana-celebra-3ra-edicion-de-polo-femenino\/#breadcrumb","itemListElement":[{"@type":"ListItem","position":1,"name":"Portada","item":"https:\/\/potenciaradiofonicadominicana.com\/portal\/"},{"@type":"ListItem","position":2,"name":"Punta Cana celebra 3ra edici\u00f3n de polo femenino"}]},{"@type":"WebSite","@id":"https:\/\/potenciaradiofonicadominicana.com\/portal\/#website","url":"https:\/\/potenciaradiofonicadominicana.com\/portal\/","name":"PotenciaRadiofonicaDominicana.com","description":"Peri\u00f3dico Digital","publisher":{"@id":"https:\/\/potenciaradiofonicadominicana.com\/portal\/#organization"},"potentialAction":[{"@type":"SearchAction","target":{"@type":"EntryPoint","urlTemplate":"https:\/\/potenciaradiofonicadominicana.com\/portal\/?s={search_term_string}"},"query-input":{"@type":"PropertyValueSpecification","valueRequired":true,"valueName":"search_term_string"}}],"inLanguage":"es"},{"@type":"Organization","@id":"https:\/\/potenciaradiofonicadominicana.com\/portal\/#organization","name":"PotenciaRadiofonicaDominicana.com","url":"https:\/\/potenciaradiofonicadominicana.com\/portal\/","logo":{"@type":"ImageObject","inLanguage":"es","@id":"https:\/\/potenciaradiofonicadominicana.com\/portal\/#\/schema\/logo\/image\/","url":"https:\/\/potenciaradiofonicadominicana.com\/portal\/wp-content\/uploads\/2022\/01\/descarga.png","contentUrl":"https:\/\/potenciaradiofonicadominicana.com\/portal\/wp-content\/uploads\/2022\/01\/descarga.png","width":300,"height":100,"caption":"PotenciaRadiofonicaDominicana.com"},"image":{"@id":"https:\/\/potenciaradiofonicadominicana.com\/portal\/#\/schema\/logo\/image\/"},"sameAs":["https:\/\/web.facebook.com\/PotenciaRadiofonicaD"]},{"@type":"Person","@id":"https:\/\/potenciaradiofonicadominicana.com\/portal\/#\/schema\/person\/a5cf1fea13877803ee0573ac18b03490","name":"Potencia Radiof\u00f3nica Dominicana","image":{"@type":"ImageObject","inLanguage":"es","@id":"https:\/\/potenciaradiofonicadominicana.com\/portal\/#\/schema\/person\/image\/","url":"https:\/\/secure.gravatar.com\/avatar\/42a55ab9e8ccc656ba34cd791990602a?s=96&d=mm&r=g","contentUrl":"https:\/\/secure.gravatar.com\/avatar\/42a55ab9e8ccc656ba34cd791990602a?s=96&d=mm&r=g","caption":"Potencia Radiof\u00f3nica Dominicana"},"url":"https:\/\/potenciaradiofonicadominicana.com\/portal\/author\/johannyalmanzar\/"}]}},"_links":{"self":[{"href":"https:\/\/potenciaradiofonicadominicana.com\/portal\/wp-json\/wp\/v2\/posts\/210782","targetHints":{"allow":["GET"]}}],"collection":[{"href":"https:\/\/potenciaradiofonicadominicana.com\/portal\/wp-json\/wp\/v2\/posts"}],"about":[{"href":"https:\/\/potenciaradiofonicadominicana.com\/portal\/wp-json\/wp\/v2\/types\/post"}],"author":[{"embeddable":true,"href":"https:\/\/potenciaradiofonicadominicana.com\/portal\/wp-json\/wp\/v2\/users\/2"}],"replies":[{"embeddable":true,"href":"https:\/\/potenciaradiofonicadominicana.com\/portal\/wp-json\/wp\/v2\/comments?post=210782"}],"version-history":[{"count":1,"href":"https:\/\/potenciaradiofonicadominicana.com\/portal\/wp-json\/wp\/v2\/posts\/210782\/revisions"}],"predecessor-version":[{"id":210784,"href":"https:\/\/potenciaradiofonicadominicana.com\/portal\/wp-json\/wp\/v2\/posts\/210782\/revisions\/210784"}],"wp:featuredmedia":[{"embeddable":true,"href":"https:\/\/potenciaradiofonicadominicana.com\/portal\/wp-json\/wp\/v2\/media\/210783"}],"wp:attachment":[{"href":"https:\/\/potenciaradiofonicadominicana.com\/portal\/wp-json\/wp\/v2\/media?parent=210782"}],"wp:term":[{"taxonomy":"category","embeddable":true,"href":"https:\/\/potenciaradiofonicadominicana.com\/portal\/wp-json\/wp\/v2\/categories?post=210782"},{"taxonomy":"post_tag","embeddable":true,"href":"https:\/\/potenciaradiofonicadominicana.com\/portal\/wp-json\/wp\/v2\/tags?post=210782"}],"curies":[{"name":"wp","href":"https:\/\/api.w.org\/{rel}","templated":true}]}}