{"id":210636,"date":"2026-01-28T22:15:50","date_gmt":"2026-01-29T02:15:50","guid":{"rendered":"https:\/\/potenciaradiofonicadominicana.com\/portal\/?p=210636"},"modified":"2026-01-28T22:15:50","modified_gmt":"2026-01-29T02:15:50","slug":"steven-adams-de-los-rockets-se-pierde-el-resto-de-la-temporada-de-la-nba","status":"publish","type":"post","link":"https:\/\/potenciaradiofonicadominicana.com\/portal\/steven-adams-de-los-rockets-se-pierde-el-resto-de-la-temporada-de-la-nba\/","title":{"rendered":"Steven Adams, de los Rockets, se pierde el resto de la temporada de la NBA"},"content":{"rendered":"<p><a href=\"https:\/\/potenciaradiofonicadominicana.com\/portal\/wp-content\/uploads\/2026\/01\/steven-adams-de-rockets-no-va-mas-en-esta-temporada-de-la-nba-ed29c947-focus-0.08-0.48-896-504.jpg\"><img loading=\"lazy\" decoding=\"async\" class=\"alignnone size-full wp-image-210639\" src=\"https:\/\/potenciaradiofonicadominicana.com\/portal\/wp-content\/uploads\/2026\/01\/steven-adams-de-rockets-no-va-mas-en-esta-temporada-de-la-nba-ed29c947-focus-0.08-0.48-896-504.jpg\" alt=\"\" width=\"896\" height=\"504\" srcset=\"https:\/\/potenciaradiofonicadominicana.com\/portal\/wp-content\/uploads\/2026\/01\/steven-adams-de-rockets-no-va-mas-en-esta-temporada-de-la-nba-ed29c947-focus-0.08-0.48-896-504.jpg 896w, https:\/\/potenciaradiofonicadominicana.com\/portal\/wp-content\/uploads\/2026\/01\/steven-adams-de-rockets-no-va-mas-en-esta-temporada-de-la-nba-ed29c947-focus-0.08-0.48-896-504-300x169.jpg 300w, https:\/\/potenciaradiofonicadominicana.com\/portal\/wp-content\/uploads\/2026\/01\/steven-adams-de-rockets-no-va-mas-en-esta-temporada-de-la-nba-ed29c947-focus-0.08-0.48-896-504-768x432.jpg 768w\" sizes=\"auto, (max-width: 896px) 100vw, 896px\" \/><\/a><\/p>\n<p>El p\u00edvot\u00a0<strong>Steven Adams<\/strong>, de los\u00a0<strong>Rockets<\/strong>, se perder\u00e1 el resto de la temporada de la\u00a0<strong>NBA<\/strong>\u00a0tras someterse a una cirug\u00eda en el tobillo izquierdo, anunci\u00f3 el equipo de Houston el mi\u00e9rcoles.<\/p>\n<p><strong>Adams<\/strong>, de 32 a\u00f1os, seleccionado en el duod\u00e9cimo puesto del draft de 2013 por los Oklahoma City Thunder, se lesion\u00f3 el 18 de enero en la victoria contra los New Orleans Pelicans, al caer mal tras intentar defender a Zion Williamson cerca de la canasta.<\/p>\n<p>\u00abSe espera que\u00a0<strong>Adams<\/strong>\u00a0se recupere por completo, pero se perder\u00e1 lo que resta de la temporada 2025-2026&#8243;, informaron los\u00a0<strong>Rockets<\/strong>\u00a0en un comunicado.<\/p>\n<p><strong>Adams<\/strong>\u00a0disfrutaba de una\u00a0<strong>gran temporada<\/strong>\u00a0tras recuperarse de una\u00a0<strong>lesi\u00f3n de rodilla<\/strong>\u00a0que lo afect\u00f3 durante los\u00a0<strong>tres a\u00f1os anteriores<\/strong>.<\/p>\n<p>Promedi\u00f3\u00a0<strong>5,8 puntos<\/strong>\u00a0y\u00a0<strong>8,6 rebotes<\/strong>\u00a0en 32 partidos esta temporada, contribuyendo a que los\u00a0<strong>Rockets<\/strong> se consoliden como el equipo con m\u00e1s rebotes de la liga, con un promedio de 49 por partido.<\/p>\n<p>Houston ahora contar\u00e1 con\u00a0<strong>Clint Capela<\/strong>\u00a0como suplente del p\u00edvot titular\u00a0<strong>Alperen Sengun<\/strong>. Ya hab\u00eda perdido al base Fred VanVleet por una rotura de ligamento en la rodilla en septiembre.<\/p>\n<p>Los\u00a0<strong>Rockets<\/strong>\u00a0tienen un r\u00e9cord de\u00a0<strong>28 victorias<\/strong>\u00a0y 16 derrotas y est\u00e1n en el cuarto puesto en la Conferencia Oeste, a solo dos partidos de los San Anotino Spurs (segundos), a los que enfrentaban este mi\u00e9rcoles.<\/p>\n","protected":false},"excerpt":{"rendered":"<p>El p\u00edvot\u00a0Steven Adams, de los\u00a0Rockets, se perder\u00e1 el resto de la temporada de la\u00a0NBA\u00a0tras someterse a una cirug\u00eda en el &#8230;<\/p>\n","protected":false},"author":2,"featured_media":210639,"comment_status":"closed","ping_status":"closed","sticky":false,"template":"","format":"standard","meta":{"footnotes":""},"categories":[28],"tags":[],"class_list":["post-210636","post","type-post","status-publish","format-standard","has-post-thumbnail","hentry","category-deportes"],"yoast_head":"<!-- This site is optimized with the Yoast SEO plugin v24.8.1 - https:\/\/yoast.com\/wordpress\/plugins\/seo\/ -->\n<title>Steven Adams, de los Rockets, se pierde el resto de la temporada de la NBA - PotenciaRadiofonicaDominicana.com<\/title>\n<meta name=\"robots\" content=\"index, follow, max-snippet:-1, max-image-preview:large, max-video-preview:-1\" \/>\n<link rel=\"canonical\" href=\"https:\/\/potenciaradiofonicadominicana.com\/portal\/steven-adams-de-los-rockets-se-pierde-el-resto-de-la-temporada-de-la-nba\/\" \/>\n<meta property=\"og:locale\" content=\"es_ES\" \/>\n<meta property=\"og:type\" content=\"article\" \/>\n<meta property=\"og:title\" content=\"Steven Adams, de los Rockets, se pierde el resto de la temporada de la NBA - PotenciaRadiofonicaDominicana.com\" \/>\n<meta property=\"og:description\" content=\"El p\u00edvot\u00a0Steven Adams, de los\u00a0Rockets, se perder\u00e1 el resto de la temporada de la\u00a0NBA\u00a0tras someterse a una cirug\u00eda en el ...\" \/>\n<meta property=\"og:url\" content=\"https:\/\/potenciaradiofonicadominicana.com\/portal\/steven-adams-de-los-rockets-se-pierde-el-resto-de-la-temporada-de-la-nba\/\" \/>\n<meta property=\"og:site_name\" content=\"PotenciaRadiofonicaDominicana.com\" \/>\n<meta property=\"article:publisher\" content=\"https:\/\/web.facebook.com\/PotenciaRadiofonicaD\" \/>\n<meta property=\"article:published_time\" content=\"2026-01-29T02:15:50+00:00\" \/>\n<meta property=\"og:image\" content=\"https:\/\/potenciaradiofonicadominicana.com\/portal\/wp-content\/uploads\/2026\/01\/steven-adams-de-rockets-no-va-mas-en-esta-temporada-de-la-nba-ed29c947-focus-0.08-0.48-896-504.jpg\" \/>\n\t<meta property=\"og:image:width\" content=\"896\" \/>\n\t<meta property=\"og:image:height\" content=\"504\" \/>\n\t<meta property=\"og:image:type\" content=\"image\/jpeg\" \/>\n<meta name=\"author\" content=\"Potencia Radiof\u00f3nica Dominicana\" \/>\n<meta name=\"twitter:card\" content=\"summary_large_image\" \/>\n<meta name=\"twitter:label1\" content=\"Escrito por\" \/>\n\t<meta name=\"twitter:data1\" content=\"Potencia Radiof\u00f3nica Dominicana\" \/>\n\t<meta name=\"twitter:label2\" content=\"Tiempo de lectura\" \/>\n\t<meta name=\"twitter:data2\" content=\"2 minutos\" \/>\n<script type=\"application\/ld+json\" class=\"yoast-schema-graph\">{\"@context\":\"https:\/\/schema.org\",\"@graph\":[{\"@type\":\"Article\",\"@id\":\"https:\/\/potenciaradiofonicadominicana.com\/portal\/steven-adams-de-los-rockets-se-pierde-el-resto-de-la-temporada-de-la-nba\/#article\",\"isPartOf\":{\"@id\":\"https:\/\/potenciaradiofonicadominicana.com\/portal\/steven-adams-de-los-rockets-se-pierde-el-resto-de-la-temporada-de-la-nba\/\"},\"author\":{\"name\":\"Potencia Radiof\u00f3nica Dominicana\",\"@id\":\"https:\/\/potenciaradiofonicadominicana.com\/portal\/#\/schema\/person\/a5cf1fea13877803ee0573ac18b03490\"},\"headline\":\"Steven Adams, de los Rockets, se pierde el resto de la temporada de la NBA\",\"datePublished\":\"2026-01-29T02:15:50+00:00\",\"mainEntityOfPage\":{\"@id\":\"https:\/\/potenciaradiofonicadominicana.com\/portal\/steven-adams-de-los-rockets-se-pierde-el-resto-de-la-temporada-de-la-nba\/\"},\"wordCount\":243,\"publisher\":{\"@id\":\"https:\/\/potenciaradiofonicadominicana.com\/portal\/#organization\"},\"image\":{\"@id\":\"https:\/\/potenciaradiofonicadominicana.com\/portal\/steven-adams-de-los-rockets-se-pierde-el-resto-de-la-temporada-de-la-nba\/#primaryimage\"},\"thumbnailUrl\":\"https:\/\/potenciaradiofonicadominicana.com\/portal\/wp-content\/uploads\/2026\/01\/steven-adams-de-rockets-no-va-mas-en-esta-temporada-de-la-nba-ed29c947-focus-0.08-0.48-896-504.jpg\",\"articleSection\":[\"Deportes\"],\"inLanguage\":\"es\"},{\"@type\":\"WebPage\",\"@id\":\"https:\/\/potenciaradiofonicadominicana.com\/portal\/steven-adams-de-los-rockets-se-pierde-el-resto-de-la-temporada-de-la-nba\/\",\"url\":\"https:\/\/potenciaradiofonicadominicana.com\/portal\/steven-adams-de-los-rockets-se-pierde-el-resto-de-la-temporada-de-la-nba\/\",\"name\":\"Steven Adams, de los Rockets, se pierde el resto de la temporada de la NBA - PotenciaRadiofonicaDominicana.com\",\"isPartOf\":{\"@id\":\"https:\/\/potenciaradiofonicadominicana.com\/portal\/#website\"},\"primaryImageOfPage\":{\"@id\":\"https:\/\/potenciaradiofonicadominicana.com\/portal\/steven-adams-de-los-rockets-se-pierde-el-resto-de-la-temporada-de-la-nba\/#primaryimage\"},\"image\":{\"@id\":\"https:\/\/potenciaradiofonicadominicana.com\/portal\/steven-adams-de-los-rockets-se-pierde-el-resto-de-la-temporada-de-la-nba\/#primaryimage\"},\"thumbnailUrl\":\"https:\/\/potenciaradiofonicadominicana.com\/portal\/wp-content\/uploads\/2026\/01\/steven-adams-de-rockets-no-va-mas-en-esta-temporada-de-la-nba-ed29c947-focus-0.08-0.48-896-504.jpg\",\"datePublished\":\"2026-01-29T02:15:50+00:00\",\"breadcrumb\":{\"@id\":\"https:\/\/potenciaradiofonicadominicana.com\/portal\/steven-adams-de-los-rockets-se-pierde-el-resto-de-la-temporada-de-la-nba\/#breadcrumb\"},\"inLanguage\":\"es\",\"potentialAction\":[{\"@type\":\"ReadAction\",\"target\":[\"https:\/\/potenciaradiofonicadominicana.com\/portal\/steven-adams-de-los-rockets-se-pierde-el-resto-de-la-temporada-de-la-nba\/\"]}]},{\"@type\":\"ImageObject\",\"inLanguage\":\"es\",\"@id\":\"https:\/\/potenciaradiofonicadominicana.com\/portal\/steven-adams-de-los-rockets-se-pierde-el-resto-de-la-temporada-de-la-nba\/#primaryimage\",\"url\":\"https:\/\/potenciaradiofonicadominicana.com\/portal\/wp-content\/uploads\/2026\/01\/steven-adams-de-rockets-no-va-mas-en-esta-temporada-de-la-nba-ed29c947-focus-0.08-0.48-896-504.jpg\",\"contentUrl\":\"https:\/\/potenciaradiofonicadominicana.com\/portal\/wp-content\/uploads\/2026\/01\/steven-adams-de-rockets-no-va-mas-en-esta-temporada-de-la-nba-ed29c947-focus-0.08-0.48-896-504.jpg\",\"width\":896,\"height\":504},{\"@type\":\"BreadcrumbList\",\"@id\":\"https:\/\/potenciaradiofonicadominicana.com\/portal\/steven-adams-de-los-rockets-se-pierde-el-resto-de-la-temporada-de-la-nba\/#breadcrumb\",\"itemListElement\":[{\"@type\":\"ListItem\",\"position\":1,\"name\":\"Portada\",\"item\":\"https:\/\/potenciaradiofonicadominicana.com\/portal\/\"},{\"@type\":\"ListItem\",\"position\":2,\"name\":\"Steven Adams, de los Rockets, se pierde el resto de la temporada de la NBA\"}]},{\"@type\":\"WebSite\",\"@id\":\"https:\/\/potenciaradiofonicadominicana.com\/portal\/#website\",\"url\":\"https:\/\/potenciaradiofonicadominicana.com\/portal\/\",\"name\":\"PotenciaRadiofonicaDominicana.com\",\"description\":\"Peri\u00f3dico Digital\",\"publisher\":{\"@id\":\"https:\/\/potenciaradiofonicadominicana.com\/portal\/#organization\"},\"potentialAction\":[{\"@type\":\"SearchAction\",\"target\":{\"@type\":\"EntryPoint\",\"urlTemplate\":\"https:\/\/potenciaradiofonicadominicana.com\/portal\/?s={search_term_string}\"},\"query-input\":{\"@type\":\"PropertyValueSpecification\",\"valueRequired\":true,\"valueName\":\"search_term_string\"}}],\"inLanguage\":\"es\"},{\"@type\":\"Organization\",\"@id\":\"https:\/\/potenciaradiofonicadominicana.com\/portal\/#organization\",\"name\":\"PotenciaRadiofonicaDominicana.com\",\"url\":\"https:\/\/potenciaradiofonicadominicana.com\/portal\/\",\"logo\":{\"@type\":\"ImageObject\",\"inLanguage\":\"es\",\"@id\":\"https:\/\/potenciaradiofonicadominicana.com\/portal\/#\/schema\/logo\/image\/\",\"url\":\"https:\/\/potenciaradiofonicadominicana.com\/portal\/wp-content\/uploads\/2022\/01\/descarga.png\",\"contentUrl\":\"https:\/\/potenciaradiofonicadominicana.com\/portal\/wp-content\/uploads\/2022\/01\/descarga.png\",\"width\":300,\"height\":100,\"caption\":\"PotenciaRadiofonicaDominicana.com\"},\"image\":{\"@id\":\"https:\/\/potenciaradiofonicadominicana.com\/portal\/#\/schema\/logo\/image\/\"},\"sameAs\":[\"https:\/\/web.facebook.com\/PotenciaRadiofonicaD\"]},{\"@type\":\"Person\",\"@id\":\"https:\/\/potenciaradiofonicadominicana.com\/portal\/#\/schema\/person\/a5cf1fea13877803ee0573ac18b03490\",\"name\":\"Potencia Radiof\u00f3nica Dominicana\",\"image\":{\"@type\":\"ImageObject\",\"inLanguage\":\"es\",\"@id\":\"https:\/\/potenciaradiofonicadominicana.com\/portal\/#\/schema\/person\/image\/\",\"url\":\"https:\/\/secure.gravatar.com\/avatar\/42a55ab9e8ccc656ba34cd791990602a?s=96&d=mm&r=g\",\"contentUrl\":\"https:\/\/secure.gravatar.com\/avatar\/42a55ab9e8ccc656ba34cd791990602a?s=96&d=mm&r=g\",\"caption\":\"Potencia Radiof\u00f3nica Dominicana\"},\"url\":\"https:\/\/potenciaradiofonicadominicana.com\/portal\/author\/johannyalmanzar\/\"}]}<\/script>\n<!-- \/ Yoast SEO plugin. -->","yoast_head_json":{"title":"Steven Adams, de los Rockets, se pierde el resto de la temporada de la NBA - PotenciaRadiofonicaDominicana.com","robots":{"index":"index","follow":"follow","max-snippet":"max-snippet:-1","max-image-preview":"max-image-preview:large","max-video-preview":"max-video-preview:-1"},"canonical":"https:\/\/potenciaradiofonicadominicana.com\/portal\/steven-adams-de-los-rockets-se-pierde-el-resto-de-la-temporada-de-la-nba\/","og_locale":"es_ES","og_type":"article","og_title":"Steven Adams, de los Rockets, se pierde el resto de la temporada de la NBA - PotenciaRadiofonicaDominicana.com","og_description":"El p\u00edvot\u00a0Steven Adams, de los\u00a0Rockets, se perder\u00e1 el resto de la temporada de la\u00a0NBA\u00a0tras someterse a una cirug\u00eda en el ...","og_url":"https:\/\/potenciaradiofonicadominicana.com\/portal\/steven-adams-de-los-rockets-se-pierde-el-resto-de-la-temporada-de-la-nba\/","og_site_name":"PotenciaRadiofonicaDominicana.com","article_publisher":"https:\/\/web.facebook.com\/PotenciaRadiofonicaD","article_published_time":"2026-01-29T02:15:50+00:00","og_image":[{"width":896,"height":504,"url":"https:\/\/potenciaradiofonicadominicana.com\/portal\/wp-content\/uploads\/2026\/01\/steven-adams-de-rockets-no-va-mas-en-esta-temporada-de-la-nba-ed29c947-focus-0.08-0.48-896-504.jpg","type":"image\/jpeg"}],"author":"Potencia Radiof\u00f3nica Dominicana","twitter_card":"summary_large_image","twitter_misc":{"Escrito por":"Potencia Radiof\u00f3nica Dominicana","Tiempo de lectura":"2 minutos"},"schema":{"@context":"https:\/\/schema.org","@graph":[{"@type":"Article","@id":"https:\/\/potenciaradiofonicadominicana.com\/portal\/steven-adams-de-los-rockets-se-pierde-el-resto-de-la-temporada-de-la-nba\/#article","isPartOf":{"@id":"https:\/\/potenciaradiofonicadominicana.com\/portal\/steven-adams-de-los-rockets-se-pierde-el-resto-de-la-temporada-de-la-nba\/"},"author":{"name":"Potencia Radiof\u00f3nica Dominicana","@id":"https:\/\/potenciaradiofonicadominicana.com\/portal\/#\/schema\/person\/a5cf1fea13877803ee0573ac18b03490"},"headline":"Steven Adams, de los Rockets, se pierde el resto de la temporada de la NBA","datePublished":"2026-01-29T02:15:50+00:00","mainEntityOfPage":{"@id":"https:\/\/potenciaradiofonicadominicana.com\/portal\/steven-adams-de-los-rockets-se-pierde-el-resto-de-la-temporada-de-la-nba\/"},"wordCount":243,"publisher":{"@id":"https:\/\/potenciaradiofonicadominicana.com\/portal\/#organization"},"image":{"@id":"https:\/\/potenciaradiofonicadominicana.com\/portal\/steven-adams-de-los-rockets-se-pierde-el-resto-de-la-temporada-de-la-nba\/#primaryimage"},"thumbnailUrl":"https:\/\/potenciaradiofonicadominicana.com\/portal\/wp-content\/uploads\/2026\/01\/steven-adams-de-rockets-no-va-mas-en-esta-temporada-de-la-nba-ed29c947-focus-0.08-0.48-896-504.jpg","articleSection":["Deportes"],"inLanguage":"es"},{"@type":"WebPage","@id":"https:\/\/potenciaradiofonicadominicana.com\/portal\/steven-adams-de-los-rockets-se-pierde-el-resto-de-la-temporada-de-la-nba\/","url":"https:\/\/potenciaradiofonicadominicana.com\/portal\/steven-adams-de-los-rockets-se-pierde-el-resto-de-la-temporada-de-la-nba\/","name":"Steven Adams, de los Rockets, se pierde el resto de la temporada de la NBA - PotenciaRadiofonicaDominicana.com","isPartOf":{"@id":"https:\/\/potenciaradiofonicadominicana.com\/portal\/#website"},"primaryImageOfPage":{"@id":"https:\/\/potenciaradiofonicadominicana.com\/portal\/steven-adams-de-los-rockets-se-pierde-el-resto-de-la-temporada-de-la-nba\/#primaryimage"},"image":{"@id":"https:\/\/potenciaradiofonicadominicana.com\/portal\/steven-adams-de-los-rockets-se-pierde-el-resto-de-la-temporada-de-la-nba\/#primaryimage"},"thumbnailUrl":"https:\/\/potenciaradiofonicadominicana.com\/portal\/wp-content\/uploads\/2026\/01\/steven-adams-de-rockets-no-va-mas-en-esta-temporada-de-la-nba-ed29c947-focus-0.08-0.48-896-504.jpg","datePublished":"2026-01-29T02:15:50+00:00","breadcrumb":{"@id":"https:\/\/potenciaradiofonicadominicana.com\/portal\/steven-adams-de-los-rockets-se-pierde-el-resto-de-la-temporada-de-la-nba\/#breadcrumb"},"inLanguage":"es","potentialAction":[{"@type":"ReadAction","target":["https:\/\/potenciaradiofonicadominicana.com\/portal\/steven-adams-de-los-rockets-se-pierde-el-resto-de-la-temporada-de-la-nba\/"]}]},{"@type":"ImageObject","inLanguage":"es","@id":"https:\/\/potenciaradiofonicadominicana.com\/portal\/steven-adams-de-los-rockets-se-pierde-el-resto-de-la-temporada-de-la-nba\/#primaryimage","url":"https:\/\/potenciaradiofonicadominicana.com\/portal\/wp-content\/uploads\/2026\/01\/steven-adams-de-rockets-no-va-mas-en-esta-temporada-de-la-nba-ed29c947-focus-0.08-0.48-896-504.jpg","contentUrl":"https:\/\/potenciaradiofonicadominicana.com\/portal\/wp-content\/uploads\/2026\/01\/steven-adams-de-rockets-no-va-mas-en-esta-temporada-de-la-nba-ed29c947-focus-0.08-0.48-896-504.jpg","width":896,"height":504},{"@type":"BreadcrumbList","@id":"https:\/\/potenciaradiofonicadominicana.com\/portal\/steven-adams-de-los-rockets-se-pierde-el-resto-de-la-temporada-de-la-nba\/#breadcrumb","itemListElement":[{"@type":"ListItem","position":1,"name":"Portada","item":"https:\/\/potenciaradiofonicadominicana.com\/portal\/"},{"@type":"ListItem","position":2,"name":"Steven Adams, de los Rockets, se pierde el resto de la temporada de la NBA"}]},{"@type":"WebSite","@id":"https:\/\/potenciaradiofonicadominicana.com\/portal\/#website","url":"https:\/\/potenciaradiofonicadominicana.com\/portal\/","name":"PotenciaRadiofonicaDominicana.com","description":"Peri\u00f3dico Digital","publisher":{"@id":"https:\/\/potenciaradiofonicadominicana.com\/portal\/#organization"},"potentialAction":[{"@type":"SearchAction","target":{"@type":"EntryPoint","urlTemplate":"https:\/\/potenciaradiofonicadominicana.com\/portal\/?s={search_term_string}"},"query-input":{"@type":"PropertyValueSpecification","valueRequired":true,"valueName":"search_term_string"}}],"inLanguage":"es"},{"@type":"Organization","@id":"https:\/\/potenciaradiofonicadominicana.com\/portal\/#organization","name":"PotenciaRadiofonicaDominicana.com","url":"https:\/\/potenciaradiofonicadominicana.com\/portal\/","logo":{"@type":"ImageObject","inLanguage":"es","@id":"https:\/\/potenciaradiofonicadominicana.com\/portal\/#\/schema\/logo\/image\/","url":"https:\/\/potenciaradiofonicadominicana.com\/portal\/wp-content\/uploads\/2022\/01\/descarga.png","contentUrl":"https:\/\/potenciaradiofonicadominicana.com\/portal\/wp-content\/uploads\/2022\/01\/descarga.png","width":300,"height":100,"caption":"PotenciaRadiofonicaDominicana.com"},"image":{"@id":"https:\/\/potenciaradiofonicadominicana.com\/portal\/#\/schema\/logo\/image\/"},"sameAs":["https:\/\/web.facebook.com\/PotenciaRadiofonicaD"]},{"@type":"Person","@id":"https:\/\/potenciaradiofonicadominicana.com\/portal\/#\/schema\/person\/a5cf1fea13877803ee0573ac18b03490","name":"Potencia Radiof\u00f3nica Dominicana","image":{"@type":"ImageObject","inLanguage":"es","@id":"https:\/\/potenciaradiofonicadominicana.com\/portal\/#\/schema\/person\/image\/","url":"https:\/\/secure.gravatar.com\/avatar\/42a55ab9e8ccc656ba34cd791990602a?s=96&d=mm&r=g","contentUrl":"https:\/\/secure.gravatar.com\/avatar\/42a55ab9e8ccc656ba34cd791990602a?s=96&d=mm&r=g","caption":"Potencia Radiof\u00f3nica Dominicana"},"url":"https:\/\/potenciaradiofonicadominicana.com\/portal\/author\/johannyalmanzar\/"}]}},"_links":{"self":[{"href":"https:\/\/potenciaradiofonicadominicana.com\/portal\/wp-json\/wp\/v2\/posts\/210636","targetHints":{"allow":["GET"]}}],"collection":[{"href":"https:\/\/potenciaradiofonicadominicana.com\/portal\/wp-json\/wp\/v2\/posts"}],"about":[{"href":"https:\/\/potenciaradiofonicadominicana.com\/portal\/wp-json\/wp\/v2\/types\/post"}],"author":[{"embeddable":true,"href":"https:\/\/potenciaradiofonicadominicana.com\/portal\/wp-json\/wp\/v2\/users\/2"}],"replies":[{"embeddable":true,"href":"https:\/\/potenciaradiofonicadominicana.com\/portal\/wp-json\/wp\/v2\/comments?post=210636"}],"version-history":[{"count":1,"href":"https:\/\/potenciaradiofonicadominicana.com\/portal\/wp-json\/wp\/v2\/posts\/210636\/revisions"}],"predecessor-version":[{"id":210640,"href":"https:\/\/potenciaradiofonicadominicana.com\/portal\/wp-json\/wp\/v2\/posts\/210636\/revisions\/210640"}],"wp:featuredmedia":[{"embeddable":true,"href":"https:\/\/potenciaradiofonicadominicana.com\/portal\/wp-json\/wp\/v2\/media\/210639"}],"wp:attachment":[{"href":"https:\/\/potenciaradiofonicadominicana.com\/portal\/wp-json\/wp\/v2\/media?parent=210636"}],"wp:term":[{"taxonomy":"category","embeddable":true,"href":"https:\/\/potenciaradiofonicadominicana.com\/portal\/wp-json\/wp\/v2\/categories?post=210636"},{"taxonomy":"post_tag","embeddable":true,"href":"https:\/\/potenciaradiofonicadominicana.com\/portal\/wp-json\/wp\/v2\/tags?post=210636"}],"curies":[{"name":"wp","href":"https:\/\/api.w.org\/{rel}","templated":true}]}}