{"id":210619,"date":"2026-01-28T22:08:21","date_gmt":"2026-01-29T02:08:21","guid":{"rendered":"https:\/\/potenciaradiofonicadominicana.com\/portal\/?p=210619"},"modified":"2026-01-28T22:08:21","modified_gmt":"2026-01-29T02:08:21","slug":"un-nino-de-dos-anos-bate-dos-record-guinness-de-billar","status":"publish","type":"post","link":"https:\/\/potenciaradiofonicadominicana.com\/portal\/un-nino-de-dos-anos-bate-dos-record-guinness-de-billar\/","title":{"rendered":"Un ni\u00f1o de dos a\u00f1os bate dos r\u00e9cord Guinness de billar"},"content":{"rendered":"<p><a href=\"https:\/\/potenciaradiofonicadominicana.com\/portal\/wp-content\/uploads\/2026\/01\/nino-billar-91eb13e5-focus-min0.25-min0.18-896-504.jpg\"><img loading=\"lazy\" decoding=\"async\" class=\"alignnone size-full wp-image-210620\" src=\"https:\/\/potenciaradiofonicadominicana.com\/portal\/wp-content\/uploads\/2026\/01\/nino-billar-91eb13e5-focus-min0.25-min0.18-896-504.jpg\" alt=\"\" width=\"896\" height=\"504\" srcset=\"https:\/\/potenciaradiofonicadominicana.com\/portal\/wp-content\/uploads\/2026\/01\/nino-billar-91eb13e5-focus-min0.25-min0.18-896-504.jpg 896w, https:\/\/potenciaradiofonicadominicana.com\/portal\/wp-content\/uploads\/2026\/01\/nino-billar-91eb13e5-focus-min0.25-min0.18-896-504-300x169.jpg 300w, https:\/\/potenciaradiofonicadominicana.com\/portal\/wp-content\/uploads\/2026\/01\/nino-billar-91eb13e5-focus-min0.25-min0.18-896-504-768x432.jpg 768w\" sizes=\"auto, (max-width: 896px) 100vw, 896px\" \/><\/a><\/p>\n<p>Un\u00a0ni\u00f1o de dos a\u00f1os\u00a0de\u00a0M\u00e1nchester\u00a0ha batido\u00a0dos r\u00e9cord Guinness\u00a0de\u00a0billar\u00a0al realizar dos trucos que nadie hab\u00eda realizado antes a tan temprana edad.<\/p>\n<p>Jude Owens\u00a0realiz\u00f3 un primer truco, llamado \u00abpool bank shot\u00bb con dos a\u00f1os y 302 d\u00edas y otro llamado \u00absnooker double pot\u00bb con dos a\u00f1os y 261 d\u00edas, lo que le convierte en la persona de m\u00e1s corta edad en realizar ambos.<\/p>\n<p>Adem\u00e1s, es una de las personas m\u00e1s j\u00f3venes en tener\u00a0dos r\u00e9cord Guinness.<\/p>\n<p>\u00abHabilidad\u00bb natural<\/p>\n<p>Su padre,\u00a0Luke, explic\u00f3 que el ni\u00f1o\u00a0empez\u00f3 a jugar\u00a0al\u00a0billar\u00a0a los dos a\u00f1os y que tiene una \u00abhabilidad\u00bb natural\u00bb para ello. El chaval es aficionado del Manchester United y su \u00eddolo es Bruno Fernandes.<\/p>\n<p>\u00abJude\u00a0ha conseguido mucho en un periodo tan corto de tiempo. Para m\u00ed, que haya conseguido uno, sino\u00a0dos r\u00e9cords mundiales, es un\u00a0momento incre\u00edble, \u00bfc\u00f3mo puedes superar eso\u00bb, dijo su padre.<\/p>\n<p>Craig Glenday, editor del Guinness World Records, asegur\u00f3 que estos r\u00e9cords no entienden de edades y que es muy especial ver a alguien tan joven como\u00a0Jude\u00a0desplegar estas \u00abhabilidad, entusiasmo y determinaci\u00f3n\u00bb.<\/p>\n<p>\u00abNos\u00a0alegra\u00a0mucho darle la\u00a0bienvenida\u00a0a la familia del Guinness World Records\u00bb, agreg\u00f3.<\/p>\n","protected":false},"excerpt":{"rendered":"<p>Un\u00a0ni\u00f1o de dos a\u00f1os\u00a0de\u00a0M\u00e1nchester\u00a0ha batido\u00a0dos r\u00e9cord Guinness\u00a0de\u00a0billar\u00a0al realizar dos trucos que nadie hab\u00eda realizado antes a tan temprana edad. Jude &#8230;<\/p>\n","protected":false},"author":2,"featured_media":210620,"comment_status":"closed","ping_status":"closed","sticky":false,"template":"","format":"standard","meta":{"footnotes":""},"categories":[28],"tags":[],"class_list":["post-210619","post","type-post","status-publish","format-standard","has-post-thumbnail","hentry","category-deportes"],"yoast_head":"<!-- This site is optimized with the Yoast SEO plugin v24.8.1 - https:\/\/yoast.com\/wordpress\/plugins\/seo\/ -->\n<title>Un ni\u00f1o de dos a\u00f1os bate dos r\u00e9cord Guinness de billar - PotenciaRadiofonicaDominicana.com<\/title>\n<meta name=\"robots\" content=\"index, follow, max-snippet:-1, max-image-preview:large, max-video-preview:-1\" \/>\n<link rel=\"canonical\" href=\"https:\/\/potenciaradiofonicadominicana.com\/portal\/un-nino-de-dos-anos-bate-dos-record-guinness-de-billar\/\" \/>\n<meta property=\"og:locale\" content=\"es_ES\" \/>\n<meta property=\"og:type\" content=\"article\" \/>\n<meta property=\"og:title\" content=\"Un ni\u00f1o de dos a\u00f1os bate dos r\u00e9cord Guinness de billar - PotenciaRadiofonicaDominicana.com\" \/>\n<meta property=\"og:description\" content=\"Un\u00a0ni\u00f1o de dos a\u00f1os\u00a0de\u00a0M\u00e1nchester\u00a0ha batido\u00a0dos r\u00e9cord Guinness\u00a0de\u00a0billar\u00a0al realizar dos trucos que nadie hab\u00eda realizado antes a tan temprana edad. Jude ...\" \/>\n<meta property=\"og:url\" content=\"https:\/\/potenciaradiofonicadominicana.com\/portal\/un-nino-de-dos-anos-bate-dos-record-guinness-de-billar\/\" \/>\n<meta property=\"og:site_name\" content=\"PotenciaRadiofonicaDominicana.com\" \/>\n<meta property=\"article:publisher\" content=\"https:\/\/web.facebook.com\/PotenciaRadiofonicaD\" \/>\n<meta property=\"article:published_time\" content=\"2026-01-29T02:08:21+00:00\" \/>\n<meta property=\"og:image\" content=\"https:\/\/potenciaradiofonicadominicana.com\/portal\/wp-content\/uploads\/2026\/01\/nino-billar-91eb13e5-focus-min0.25-min0.18-896-504.jpg\" \/>\n\t<meta property=\"og:image:width\" content=\"896\" \/>\n\t<meta property=\"og:image:height\" content=\"504\" \/>\n\t<meta property=\"og:image:type\" content=\"image\/jpeg\" \/>\n<meta name=\"author\" content=\"Potencia Radiof\u00f3nica Dominicana\" \/>\n<meta name=\"twitter:card\" content=\"summary_large_image\" \/>\n<meta name=\"twitter:label1\" content=\"Escrito por\" \/>\n\t<meta name=\"twitter:data1\" content=\"Potencia Radiof\u00f3nica Dominicana\" \/>\n\t<meta name=\"twitter:label2\" content=\"Tiempo de lectura\" \/>\n\t<meta name=\"twitter:data2\" content=\"2 minutos\" \/>\n<script type=\"application\/ld+json\" class=\"yoast-schema-graph\">{\"@context\":\"https:\/\/schema.org\",\"@graph\":[{\"@type\":\"Article\",\"@id\":\"https:\/\/potenciaradiofonicadominicana.com\/portal\/un-nino-de-dos-anos-bate-dos-record-guinness-de-billar\/#article\",\"isPartOf\":{\"@id\":\"https:\/\/potenciaradiofonicadominicana.com\/portal\/un-nino-de-dos-anos-bate-dos-record-guinness-de-billar\/\"},\"author\":{\"name\":\"Potencia Radiof\u00f3nica Dominicana\",\"@id\":\"https:\/\/potenciaradiofonicadominicana.com\/portal\/#\/schema\/person\/a5cf1fea13877803ee0573ac18b03490\"},\"headline\":\"Un ni\u00f1o de dos a\u00f1os bate dos r\u00e9cord Guinness de billar\",\"datePublished\":\"2026-01-29T02:08:21+00:00\",\"mainEntityOfPage\":{\"@id\":\"https:\/\/potenciaradiofonicadominicana.com\/portal\/un-nino-de-dos-anos-bate-dos-record-guinness-de-billar\/\"},\"wordCount\":233,\"publisher\":{\"@id\":\"https:\/\/potenciaradiofonicadominicana.com\/portal\/#organization\"},\"image\":{\"@id\":\"https:\/\/potenciaradiofonicadominicana.com\/portal\/un-nino-de-dos-anos-bate-dos-record-guinness-de-billar\/#primaryimage\"},\"thumbnailUrl\":\"https:\/\/potenciaradiofonicadominicana.com\/portal\/wp-content\/uploads\/2026\/01\/nino-billar-91eb13e5-focus-min0.25-min0.18-896-504.jpg\",\"articleSection\":[\"Deportes\"],\"inLanguage\":\"es\"},{\"@type\":\"WebPage\",\"@id\":\"https:\/\/potenciaradiofonicadominicana.com\/portal\/un-nino-de-dos-anos-bate-dos-record-guinness-de-billar\/\",\"url\":\"https:\/\/potenciaradiofonicadominicana.com\/portal\/un-nino-de-dos-anos-bate-dos-record-guinness-de-billar\/\",\"name\":\"Un ni\u00f1o de dos a\u00f1os bate dos r\u00e9cord Guinness de billar - PotenciaRadiofonicaDominicana.com\",\"isPartOf\":{\"@id\":\"https:\/\/potenciaradiofonicadominicana.com\/portal\/#website\"},\"primaryImageOfPage\":{\"@id\":\"https:\/\/potenciaradiofonicadominicana.com\/portal\/un-nino-de-dos-anos-bate-dos-record-guinness-de-billar\/#primaryimage\"},\"image\":{\"@id\":\"https:\/\/potenciaradiofonicadominicana.com\/portal\/un-nino-de-dos-anos-bate-dos-record-guinness-de-billar\/#primaryimage\"},\"thumbnailUrl\":\"https:\/\/potenciaradiofonicadominicana.com\/portal\/wp-content\/uploads\/2026\/01\/nino-billar-91eb13e5-focus-min0.25-min0.18-896-504.jpg\",\"datePublished\":\"2026-01-29T02:08:21+00:00\",\"breadcrumb\":{\"@id\":\"https:\/\/potenciaradiofonicadominicana.com\/portal\/un-nino-de-dos-anos-bate-dos-record-guinness-de-billar\/#breadcrumb\"},\"inLanguage\":\"es\",\"potentialAction\":[{\"@type\":\"ReadAction\",\"target\":[\"https:\/\/potenciaradiofonicadominicana.com\/portal\/un-nino-de-dos-anos-bate-dos-record-guinness-de-billar\/\"]}]},{\"@type\":\"ImageObject\",\"inLanguage\":\"es\",\"@id\":\"https:\/\/potenciaradiofonicadominicana.com\/portal\/un-nino-de-dos-anos-bate-dos-record-guinness-de-billar\/#primaryimage\",\"url\":\"https:\/\/potenciaradiofonicadominicana.com\/portal\/wp-content\/uploads\/2026\/01\/nino-billar-91eb13e5-focus-min0.25-min0.18-896-504.jpg\",\"contentUrl\":\"https:\/\/potenciaradiofonicadominicana.com\/portal\/wp-content\/uploads\/2026\/01\/nino-billar-91eb13e5-focus-min0.25-min0.18-896-504.jpg\",\"width\":896,\"height\":504},{\"@type\":\"BreadcrumbList\",\"@id\":\"https:\/\/potenciaradiofonicadominicana.com\/portal\/un-nino-de-dos-anos-bate-dos-record-guinness-de-billar\/#breadcrumb\",\"itemListElement\":[{\"@type\":\"ListItem\",\"position\":1,\"name\":\"Portada\",\"item\":\"https:\/\/potenciaradiofonicadominicana.com\/portal\/\"},{\"@type\":\"ListItem\",\"position\":2,\"name\":\"Un ni\u00f1o de dos a\u00f1os bate dos r\u00e9cord Guinness de billar\"}]},{\"@type\":\"WebSite\",\"@id\":\"https:\/\/potenciaradiofonicadominicana.com\/portal\/#website\",\"url\":\"https:\/\/potenciaradiofonicadominicana.com\/portal\/\",\"name\":\"PotenciaRadiofonicaDominicana.com\",\"description\":\"Peri\u00f3dico Digital\",\"publisher\":{\"@id\":\"https:\/\/potenciaradiofonicadominicana.com\/portal\/#organization\"},\"potentialAction\":[{\"@type\":\"SearchAction\",\"target\":{\"@type\":\"EntryPoint\",\"urlTemplate\":\"https:\/\/potenciaradiofonicadominicana.com\/portal\/?s={search_term_string}\"},\"query-input\":{\"@type\":\"PropertyValueSpecification\",\"valueRequired\":true,\"valueName\":\"search_term_string\"}}],\"inLanguage\":\"es\"},{\"@type\":\"Organization\",\"@id\":\"https:\/\/potenciaradiofonicadominicana.com\/portal\/#organization\",\"name\":\"PotenciaRadiofonicaDominicana.com\",\"url\":\"https:\/\/potenciaradiofonicadominicana.com\/portal\/\",\"logo\":{\"@type\":\"ImageObject\",\"inLanguage\":\"es\",\"@id\":\"https:\/\/potenciaradiofonicadominicana.com\/portal\/#\/schema\/logo\/image\/\",\"url\":\"https:\/\/potenciaradiofonicadominicana.com\/portal\/wp-content\/uploads\/2022\/01\/descarga.png\",\"contentUrl\":\"https:\/\/potenciaradiofonicadominicana.com\/portal\/wp-content\/uploads\/2022\/01\/descarga.png\",\"width\":300,\"height\":100,\"caption\":\"PotenciaRadiofonicaDominicana.com\"},\"image\":{\"@id\":\"https:\/\/potenciaradiofonicadominicana.com\/portal\/#\/schema\/logo\/image\/\"},\"sameAs\":[\"https:\/\/web.facebook.com\/PotenciaRadiofonicaD\"]},{\"@type\":\"Person\",\"@id\":\"https:\/\/potenciaradiofonicadominicana.com\/portal\/#\/schema\/person\/a5cf1fea13877803ee0573ac18b03490\",\"name\":\"Potencia Radiof\u00f3nica Dominicana\",\"image\":{\"@type\":\"ImageObject\",\"inLanguage\":\"es\",\"@id\":\"https:\/\/potenciaradiofonicadominicana.com\/portal\/#\/schema\/person\/image\/\",\"url\":\"https:\/\/secure.gravatar.com\/avatar\/42a55ab9e8ccc656ba34cd791990602a?s=96&d=mm&r=g\",\"contentUrl\":\"https:\/\/secure.gravatar.com\/avatar\/42a55ab9e8ccc656ba34cd791990602a?s=96&d=mm&r=g\",\"caption\":\"Potencia Radiof\u00f3nica Dominicana\"},\"url\":\"https:\/\/potenciaradiofonicadominicana.com\/portal\/author\/johannyalmanzar\/\"}]}<\/script>\n<!-- \/ Yoast SEO plugin. -->","yoast_head_json":{"title":"Un ni\u00f1o de dos a\u00f1os bate dos r\u00e9cord Guinness de billar - PotenciaRadiofonicaDominicana.com","robots":{"index":"index","follow":"follow","max-snippet":"max-snippet:-1","max-image-preview":"max-image-preview:large","max-video-preview":"max-video-preview:-1"},"canonical":"https:\/\/potenciaradiofonicadominicana.com\/portal\/un-nino-de-dos-anos-bate-dos-record-guinness-de-billar\/","og_locale":"es_ES","og_type":"article","og_title":"Un ni\u00f1o de dos a\u00f1os bate dos r\u00e9cord Guinness de billar - PotenciaRadiofonicaDominicana.com","og_description":"Un\u00a0ni\u00f1o de dos a\u00f1os\u00a0de\u00a0M\u00e1nchester\u00a0ha batido\u00a0dos r\u00e9cord Guinness\u00a0de\u00a0billar\u00a0al realizar dos trucos que nadie hab\u00eda realizado antes a tan temprana edad. Jude ...","og_url":"https:\/\/potenciaradiofonicadominicana.com\/portal\/un-nino-de-dos-anos-bate-dos-record-guinness-de-billar\/","og_site_name":"PotenciaRadiofonicaDominicana.com","article_publisher":"https:\/\/web.facebook.com\/PotenciaRadiofonicaD","article_published_time":"2026-01-29T02:08:21+00:00","og_image":[{"width":896,"height":504,"url":"https:\/\/potenciaradiofonicadominicana.com\/portal\/wp-content\/uploads\/2026\/01\/nino-billar-91eb13e5-focus-min0.25-min0.18-896-504.jpg","type":"image\/jpeg"}],"author":"Potencia Radiof\u00f3nica Dominicana","twitter_card":"summary_large_image","twitter_misc":{"Escrito por":"Potencia Radiof\u00f3nica Dominicana","Tiempo de lectura":"2 minutos"},"schema":{"@context":"https:\/\/schema.org","@graph":[{"@type":"Article","@id":"https:\/\/potenciaradiofonicadominicana.com\/portal\/un-nino-de-dos-anos-bate-dos-record-guinness-de-billar\/#article","isPartOf":{"@id":"https:\/\/potenciaradiofonicadominicana.com\/portal\/un-nino-de-dos-anos-bate-dos-record-guinness-de-billar\/"},"author":{"name":"Potencia Radiof\u00f3nica Dominicana","@id":"https:\/\/potenciaradiofonicadominicana.com\/portal\/#\/schema\/person\/a5cf1fea13877803ee0573ac18b03490"},"headline":"Un ni\u00f1o de dos a\u00f1os bate dos r\u00e9cord Guinness de billar","datePublished":"2026-01-29T02:08:21+00:00","mainEntityOfPage":{"@id":"https:\/\/potenciaradiofonicadominicana.com\/portal\/un-nino-de-dos-anos-bate-dos-record-guinness-de-billar\/"},"wordCount":233,"publisher":{"@id":"https:\/\/potenciaradiofonicadominicana.com\/portal\/#organization"},"image":{"@id":"https:\/\/potenciaradiofonicadominicana.com\/portal\/un-nino-de-dos-anos-bate-dos-record-guinness-de-billar\/#primaryimage"},"thumbnailUrl":"https:\/\/potenciaradiofonicadominicana.com\/portal\/wp-content\/uploads\/2026\/01\/nino-billar-91eb13e5-focus-min0.25-min0.18-896-504.jpg","articleSection":["Deportes"],"inLanguage":"es"},{"@type":"WebPage","@id":"https:\/\/potenciaradiofonicadominicana.com\/portal\/un-nino-de-dos-anos-bate-dos-record-guinness-de-billar\/","url":"https:\/\/potenciaradiofonicadominicana.com\/portal\/un-nino-de-dos-anos-bate-dos-record-guinness-de-billar\/","name":"Un ni\u00f1o de dos a\u00f1os bate dos r\u00e9cord Guinness de billar - PotenciaRadiofonicaDominicana.com","isPartOf":{"@id":"https:\/\/potenciaradiofonicadominicana.com\/portal\/#website"},"primaryImageOfPage":{"@id":"https:\/\/potenciaradiofonicadominicana.com\/portal\/un-nino-de-dos-anos-bate-dos-record-guinness-de-billar\/#primaryimage"},"image":{"@id":"https:\/\/potenciaradiofonicadominicana.com\/portal\/un-nino-de-dos-anos-bate-dos-record-guinness-de-billar\/#primaryimage"},"thumbnailUrl":"https:\/\/potenciaradiofonicadominicana.com\/portal\/wp-content\/uploads\/2026\/01\/nino-billar-91eb13e5-focus-min0.25-min0.18-896-504.jpg","datePublished":"2026-01-29T02:08:21+00:00","breadcrumb":{"@id":"https:\/\/potenciaradiofonicadominicana.com\/portal\/un-nino-de-dos-anos-bate-dos-record-guinness-de-billar\/#breadcrumb"},"inLanguage":"es","potentialAction":[{"@type":"ReadAction","target":["https:\/\/potenciaradiofonicadominicana.com\/portal\/un-nino-de-dos-anos-bate-dos-record-guinness-de-billar\/"]}]},{"@type":"ImageObject","inLanguage":"es","@id":"https:\/\/potenciaradiofonicadominicana.com\/portal\/un-nino-de-dos-anos-bate-dos-record-guinness-de-billar\/#primaryimage","url":"https:\/\/potenciaradiofonicadominicana.com\/portal\/wp-content\/uploads\/2026\/01\/nino-billar-91eb13e5-focus-min0.25-min0.18-896-504.jpg","contentUrl":"https:\/\/potenciaradiofonicadominicana.com\/portal\/wp-content\/uploads\/2026\/01\/nino-billar-91eb13e5-focus-min0.25-min0.18-896-504.jpg","width":896,"height":504},{"@type":"BreadcrumbList","@id":"https:\/\/potenciaradiofonicadominicana.com\/portal\/un-nino-de-dos-anos-bate-dos-record-guinness-de-billar\/#breadcrumb","itemListElement":[{"@type":"ListItem","position":1,"name":"Portada","item":"https:\/\/potenciaradiofonicadominicana.com\/portal\/"},{"@type":"ListItem","position":2,"name":"Un ni\u00f1o de dos a\u00f1os bate dos r\u00e9cord Guinness de billar"}]},{"@type":"WebSite","@id":"https:\/\/potenciaradiofonicadominicana.com\/portal\/#website","url":"https:\/\/potenciaradiofonicadominicana.com\/portal\/","name":"PotenciaRadiofonicaDominicana.com","description":"Peri\u00f3dico Digital","publisher":{"@id":"https:\/\/potenciaradiofonicadominicana.com\/portal\/#organization"},"potentialAction":[{"@type":"SearchAction","target":{"@type":"EntryPoint","urlTemplate":"https:\/\/potenciaradiofonicadominicana.com\/portal\/?s={search_term_string}"},"query-input":{"@type":"PropertyValueSpecification","valueRequired":true,"valueName":"search_term_string"}}],"inLanguage":"es"},{"@type":"Organization","@id":"https:\/\/potenciaradiofonicadominicana.com\/portal\/#organization","name":"PotenciaRadiofonicaDominicana.com","url":"https:\/\/potenciaradiofonicadominicana.com\/portal\/","logo":{"@type":"ImageObject","inLanguage":"es","@id":"https:\/\/potenciaradiofonicadominicana.com\/portal\/#\/schema\/logo\/image\/","url":"https:\/\/potenciaradiofonicadominicana.com\/portal\/wp-content\/uploads\/2022\/01\/descarga.png","contentUrl":"https:\/\/potenciaradiofonicadominicana.com\/portal\/wp-content\/uploads\/2022\/01\/descarga.png","width":300,"height":100,"caption":"PotenciaRadiofonicaDominicana.com"},"image":{"@id":"https:\/\/potenciaradiofonicadominicana.com\/portal\/#\/schema\/logo\/image\/"},"sameAs":["https:\/\/web.facebook.com\/PotenciaRadiofonicaD"]},{"@type":"Person","@id":"https:\/\/potenciaradiofonicadominicana.com\/portal\/#\/schema\/person\/a5cf1fea13877803ee0573ac18b03490","name":"Potencia Radiof\u00f3nica Dominicana","image":{"@type":"ImageObject","inLanguage":"es","@id":"https:\/\/potenciaradiofonicadominicana.com\/portal\/#\/schema\/person\/image\/","url":"https:\/\/secure.gravatar.com\/avatar\/42a55ab9e8ccc656ba34cd791990602a?s=96&d=mm&r=g","contentUrl":"https:\/\/secure.gravatar.com\/avatar\/42a55ab9e8ccc656ba34cd791990602a?s=96&d=mm&r=g","caption":"Potencia Radiof\u00f3nica Dominicana"},"url":"https:\/\/potenciaradiofonicadominicana.com\/portal\/author\/johannyalmanzar\/"}]}},"_links":{"self":[{"href":"https:\/\/potenciaradiofonicadominicana.com\/portal\/wp-json\/wp\/v2\/posts\/210619","targetHints":{"allow":["GET"]}}],"collection":[{"href":"https:\/\/potenciaradiofonicadominicana.com\/portal\/wp-json\/wp\/v2\/posts"}],"about":[{"href":"https:\/\/potenciaradiofonicadominicana.com\/portal\/wp-json\/wp\/v2\/types\/post"}],"author":[{"embeddable":true,"href":"https:\/\/potenciaradiofonicadominicana.com\/portal\/wp-json\/wp\/v2\/users\/2"}],"replies":[{"embeddable":true,"href":"https:\/\/potenciaradiofonicadominicana.com\/portal\/wp-json\/wp\/v2\/comments?post=210619"}],"version-history":[{"count":1,"href":"https:\/\/potenciaradiofonicadominicana.com\/portal\/wp-json\/wp\/v2\/posts\/210619\/revisions"}],"predecessor-version":[{"id":210621,"href":"https:\/\/potenciaradiofonicadominicana.com\/portal\/wp-json\/wp\/v2\/posts\/210619\/revisions\/210621"}],"wp:featuredmedia":[{"embeddable":true,"href":"https:\/\/potenciaradiofonicadominicana.com\/portal\/wp-json\/wp\/v2\/media\/210620"}],"wp:attachment":[{"href":"https:\/\/potenciaradiofonicadominicana.com\/portal\/wp-json\/wp\/v2\/media?parent=210619"}],"wp:term":[{"taxonomy":"category","embeddable":true,"href":"https:\/\/potenciaradiofonicadominicana.com\/portal\/wp-json\/wp\/v2\/categories?post=210619"},{"taxonomy":"post_tag","embeddable":true,"href":"https:\/\/potenciaradiofonicadominicana.com\/portal\/wp-json\/wp\/v2\/tags?post=210619"}],"curies":[{"name":"wp","href":"https:\/\/api.w.org\/{rel}","templated":true}]}}